{"id":36550,"date":"2024-04-01T09:02:05","date_gmt":"2024-04-01T09:02:05","guid":{"rendered":"https:\/\/kibrisdakik.com\/index.php\/2024\/04\/01\/ltbnin-her-yil-duzenledigi-corabini-gey-da-gel-down-sendromu-farkindalik-yuruyus-ve-etkinligi-2-nisan-sali-gunu-yapiliyor\/"},"modified":"2024-04-01T09:02:05","modified_gmt":"2024-04-01T09:02:05","slug":"ltbnin-her-yil-duzenledigi-corabini-gey-da-gel-down-sendromu-farkindalik-yuruyus-ve-etkinligi-2-nisan-sali-gunu-yapiliyor","status":"publish","type":"post","link":"https:\/\/kibrisdakik.com\/?p=36550","title":{"rendered":"LTB\u2019nin her y\u0131l d\u00fczenledi\u011fi \u201c\u00c7orab\u0131n\u0131 Gey da Gel\u201d Down Sendromu Fark\u0131ndal\u0131k y\u00fcr\u00fcy\u00fc\u015f ve etkinli\u011fi 2 Nisan Sal\u0131 g\u00fcn\u00fc yap\u0131l\u0131yor"},"content":{"rendered":"<p><img decoding=\"async\" src=\"https:\/\/www.kibristurk.com\/images\/haberler\/2024\/04\/ltbnin-her-yil-duzenledigi-corabini-gey-da-gel-down-sendromu-farkindalik-yuruyus-ve-etkinligi-2-nisan-sali-gunu-yapiliyor-1711961247.webp\" \/><\/p>\n<p><span style=\"font-size:12pt\"><span style=\"font-family:Calibri,sans-serif\">Kortej Eski Pronto \u00c7emberi\u2019nden ba\u015flayacak, etkinlikler Zahra Sokak\u2019ta yer alacak <\/span><\/span><\/p>\n<p><span style=\"font-size:12pt\"><span style=\"font-family:Calibri,sans-serif\">LTB Gen\u00e7lik Meclisi Engelsiz Gen\u00e7lik Masas\u0131 ile Engellemeyen Lefko\u015fa Birimi i\u015f birli\u011finde d\u00fczenlenecek etkinlik i\u00e7in kortej saat 18.00\u2019de eski Pronto \u00c7emberi\u2019nde toplanarak Lefko\u015fa Gezi Treni ve bandonun keyifli m\u00fczikleri e\u015fli\u011finde Zahra Sokak\u2019a y\u00fcr\u00fcyecek. Zahra Sokak\u2019ta kurulacak sahnede \u00d6zel E\u011fitim Okullar\u0131 performanslar\u0131n\u0131 sergilerken LTB Ritm\u2019orkestra ve Gizem Akbil ile Nafiz D\u00f6lek ve Lefko\u015fa Belediye Orkestras\u0131 \u00c7ocuk Korosu da sahne alacak. <\/span><\/span><\/p>\n<p><span style=\"font-size:12pt\"><span style=\"font-family:Calibri,sans-serif\">Hem fark\u0131ndal\u0131k hem de e\u011flenceyi birle\u015ftiren etkinlik<\/span><\/span><\/p>\n<p><span style=\"font-size:12pt\"><span style=\"font-family:Calibri,sans-serif\">\u201c\u00c7orab\u0131n\u0131 Gey da Gel\u201d etkinli\u011fi yine hem farkl\u0131l\u0131klar\u0131n ayr\u0131\u015ft\u0131r\u0131c\u0131 de\u011fil zenginle\u015ftirici ve birle\u015ftirici bir \u00f6zellik oldu\u011fu ve bunlar\u0131n sevgi ile b\u00fcy\u00fct\u00fclen kavramlar oldu\u011fu konusunda fark\u0131ndal\u0131k yaratacak hem de farkl\u0131l\u0131klar\u0131m\u0131za ra\u011fmen hep birlikte sosyalle\u015febilme, dans edip hep birlikte \u015fark\u0131lar s\u00f6yleyip e\u011flenme imkan\u0131 sa\u011flayacak.<\/span><\/span><\/p>\n","protected":false},"excerpt":{"rendered":"<p>Kortej Eski Pronto \u00c7emberi\u2019nden ba\u015flayacak, etkinlikler Zahra Sokak\u2019ta yer alacak LTB Gen\u00e7lik Meclisi Engelsiz Gen\u00e7lik Masas\u0131 ile Engellemeyen Lefko\u015fa Birimi i\u015f birli\u011finde d\u00fczenlenecek etkinlik i\u00e7in kortej saat 18.00\u2019de eski Pronto \u00c7emberi\u2019nde toplanarak Lefko\u015fa Gezi Treni ve bandonun keyifli m\u00fczikleri e\u015fli\u011finde Zahra Sokak\u2019a y\u00fcr\u00fcyecek. Zahra Sokak\u2019ta kurulacak sahnede \u00d6zel E\u011fitim Okullar\u0131 performanslar\u0131n\u0131 sergilerken LTB Ritm\u2019orkestra ve<\/p>\n","protected":false},"author":1,"featured_media":36551,"comment_status":"open","ping_status":"open","sticky":false,"template":"","format":"standard","meta":{"footnotes":""},"categories":[85],"tags":[],"class_list":["post-36550","post","type-post","status-publish","format-standard","has-post-thumbnail","hentry","category-spor"],"yoast_head":"<!-- This site is optimized with the Yoast SEO plugin v27.4 - https:\/\/yoast.com\/product\/yoast-seo-wordpress\/ -->\n<title>LTB\u2019nin her y\u0131l d\u00fczenledi\u011fi \u201c\u00c7orab\u0131n\u0131 Gey da Gel\u201d Down Sendromu Fark\u0131ndal\u0131k y\u00fcr\u00fcy\u00fc\u015f ve etkinli\u011fi 2 Nisan Sal\u0131 g\u00fcn\u00fc yap\u0131l\u0131yor -<\/title>\n<meta name=\"robots\" content=\"index, follow, max-snippet:-1, max-image-preview:large, max-video-preview:-1\" \/>\n<link rel=\"canonical\" href=\"https:\/\/kibrisdakik.com\/?p=36550\" \/>\n<meta property=\"og:locale\" content=\"tr_TR\" \/>\n<meta property=\"og:type\" content=\"article\" \/>\n<meta property=\"og:title\" content=\"LTB\u2019nin her y\u0131l d\u00fczenledi\u011fi \u201c\u00c7orab\u0131n\u0131 Gey da Gel\u201d Down Sendromu Fark\u0131ndal\u0131k y\u00fcr\u00fcy\u00fc\u015f ve etkinli\u011fi 2 Nisan Sal\u0131 g\u00fcn\u00fc yap\u0131l\u0131yor -\" \/>\n<meta property=\"og:description\" content=\"Kortej Eski Pronto \u00c7emberi\u2019nden ba\u015flayacak, etkinlikler Zahra Sokak\u2019ta yer alacak LTB Gen\u00e7lik Meclisi Engelsiz Gen\u00e7lik Masas\u0131 ile Engellemeyen Lefko\u015fa Birimi i\u015f birli\u011finde d\u00fczenlenecek etkinlik i\u00e7in kortej saat 18.00\u2019de eski Pronto \u00c7emberi\u2019nde toplanarak Lefko\u015fa Gezi Treni ve bandonun keyifli m\u00fczikleri e\u015fli\u011finde Zahra Sokak\u2019a y\u00fcr\u00fcyecek. Zahra Sokak\u2019ta kurulacak sahnede \u00d6zel E\u011fitim Okullar\u0131 performanslar\u0131n\u0131 sergilerken LTB Ritm\u2019orkestra ve\" \/>\n<meta property=\"og:url\" content=\"https:\/\/kibrisdakik.com\/?p=36550\" \/>\n<meta property=\"article:published_time\" content=\"2024-04-01T09:02:05+00:00\" \/>\n<meta property=\"og:image\" content=\"https:\/\/kibrisdakik.com\/wp-content\/uploads\/2024\/04\/ltbnin-her-yil-duzenledigi-corabini-gey-da-gel-down-sendromu-farkindalik-yuruyus-ve-etkinligi-2-nisan-sali-gunu-yapiliyor-1711961247.webp.webp\" \/>\n\t<meta property=\"og:image:width\" content=\"710\" \/>\n\t<meta property=\"og:image:height\" content=\"370\" \/>\n\t<meta property=\"og:image:type\" content=\"image\/webp\" \/>\n<meta name=\"author\" content=\"admin\" \/>\n<meta name=\"twitter:card\" content=\"summary_large_image\" \/>\n<meta name=\"twitter:label1\" content=\"Yazan:\" \/>\n\t<meta name=\"twitter:data1\" content=\"admin\" \/>\n\t<meta name=\"twitter:label2\" content=\"Tahmini okuma s\u00fcresi\" \/>\n\t<meta name=\"twitter:data2\" content=\"1 dakika\" \/>\n<script type=\"application\/ld+json\" class=\"yoast-schema-graph\">{\"@context\":\"https:\\\/\\\/schema.org\",\"@graph\":[{\"@type\":\"Article\",\"@id\":\"https:\\\/\\\/kibrisdakik.com\\\/?p=36550#article\",\"isPartOf\":{\"@id\":\"https:\\\/\\\/kibrisdakik.com\\\/?p=36550\"},\"author\":{\"name\":\"admin\",\"@id\":\"https:\\\/\\\/kibrisdakik.com\\\/#\\\/schema\\\/person\\\/9cd9d437bbb44f72b73ba127e06d8e79\"},\"headline\":\"LTB\u2019nin her y\u0131l d\u00fczenledi\u011fi \u201c\u00c7orab\u0131n\u0131 Gey da Gel\u201d Down Sendromu Fark\u0131ndal\u0131k y\u00fcr\u00fcy\u00fc\u015f ve etkinli\u011fi 2 Nisan Sal\u0131 g\u00fcn\u00fc yap\u0131l\u0131yor\",\"datePublished\":\"2024-04-01T09:02:05+00:00\",\"mainEntityOfPage\":{\"@id\":\"https:\\\/\\\/kibrisdakik.com\\\/?p=36550\"},\"wordCount\":205,\"commentCount\":0,\"image\":{\"@id\":\"https:\\\/\\\/kibrisdakik.com\\\/?p=36550#primaryimage\"},\"thumbnailUrl\":\"https:\\\/\\\/kibrisdakik.com\\\/wp-content\\\/uploads\\\/2024\\\/04\\\/ltbnin-her-yil-duzenledigi-corabini-gey-da-gel-down-sendromu-farkindalik-yuruyus-ve-etkinligi-2-nisan-sali-gunu-yapiliyor-1711961247.webp.webp\",\"articleSection\":[\"Spor\"],\"inLanguage\":\"tr\",\"potentialAction\":[{\"@type\":\"CommentAction\",\"name\":\"Comment\",\"target\":[\"https:\\\/\\\/kibrisdakik.com\\\/?p=36550#respond\"]}]},{\"@type\":\"WebPage\",\"@id\":\"https:\\\/\\\/kibrisdakik.com\\\/?p=36550\",\"url\":\"https:\\\/\\\/kibrisdakik.com\\\/?p=36550\",\"name\":\"LTB\u2019nin her y\u0131l d\u00fczenledi\u011fi \u201c\u00c7orab\u0131n\u0131 Gey da Gel\u201d Down Sendromu Fark\u0131ndal\u0131k y\u00fcr\u00fcy\u00fc\u015f ve etkinli\u011fi 2 Nisan Sal\u0131 g\u00fcn\u00fc yap\u0131l\u0131yor -\",\"isPartOf\":{\"@id\":\"https:\\\/\\\/kibrisdakik.com\\\/#website\"},\"primaryImageOfPage\":{\"@id\":\"https:\\\/\\\/kibrisdakik.com\\\/?p=36550#primaryimage\"},\"image\":{\"@id\":\"https:\\\/\\\/kibrisdakik.com\\\/?p=36550#primaryimage\"},\"thumbnailUrl\":\"https:\\\/\\\/kibrisdakik.com\\\/wp-content\\\/uploads\\\/2024\\\/04\\\/ltbnin-her-yil-duzenledigi-corabini-gey-da-gel-down-sendromu-farkindalik-yuruyus-ve-etkinligi-2-nisan-sali-gunu-yapiliyor-1711961247.webp.webp\",\"datePublished\":\"2024-04-01T09:02:05+00:00\",\"author\":{\"@id\":\"https:\\\/\\\/kibrisdakik.com\\\/#\\\/schema\\\/person\\\/9cd9d437bbb44f72b73ba127e06d8e79\"},\"breadcrumb\":{\"@id\":\"https:\\\/\\\/kibrisdakik.com\\\/?p=36550#breadcrumb\"},\"inLanguage\":\"tr\",\"potentialAction\":[{\"@type\":\"ReadAction\",\"target\":[\"https:\\\/\\\/kibrisdakik.com\\\/?p=36550\"]}]},{\"@type\":\"ImageObject\",\"inLanguage\":\"tr\",\"@id\":\"https:\\\/\\\/kibrisdakik.com\\\/?p=36550#primaryimage\",\"url\":\"https:\\\/\\\/kibrisdakik.com\\\/wp-content\\\/uploads\\\/2024\\\/04\\\/ltbnin-her-yil-duzenledigi-corabini-gey-da-gel-down-sendromu-farkindalik-yuruyus-ve-etkinligi-2-nisan-sali-gunu-yapiliyor-1711961247.webp.webp\",\"contentUrl\":\"https:\\\/\\\/kibrisdakik.com\\\/wp-content\\\/uploads\\\/2024\\\/04\\\/ltbnin-her-yil-duzenledigi-corabini-gey-da-gel-down-sendromu-farkindalik-yuruyus-ve-etkinligi-2-nisan-sali-gunu-yapiliyor-1711961247.webp.webp\",\"width\":710,\"height\":370},{\"@type\":\"BreadcrumbList\",\"@id\":\"https:\\\/\\\/kibrisdakik.com\\\/?p=36550#breadcrumb\",\"itemListElement\":[{\"@type\":\"ListItem\",\"position\":1,\"name\":\"Home\",\"item\":\"https:\\\/\\\/kibrisdakik.com\\\/\"},{\"@type\":\"ListItem\",\"position\":2,\"name\":\"LTB\u2019nin her y\u0131l d\u00fczenledi\u011fi \u201c\u00c7orab\u0131n\u0131 Gey da Gel\u201d Down Sendromu Fark\u0131ndal\u0131k y\u00fcr\u00fcy\u00fc\u015f ve etkinli\u011fi 2 Nisan Sal\u0131 g\u00fcn\u00fc yap\u0131l\u0131yor\"}]},{\"@type\":\"WebSite\",\"@id\":\"https:\\\/\\\/kibrisdakik.com\\\/#website\",\"url\":\"https:\\\/\\\/kibrisdakik.com\\\/\",\"name\":\"\",\"description\":\"Tam vaktinde haber\",\"potentialAction\":[{\"@type\":\"SearchAction\",\"target\":{\"@type\":\"EntryPoint\",\"urlTemplate\":\"https:\\\/\\\/kibrisdakik.com\\\/?s={search_term_string}\"},\"query-input\":{\"@type\":\"PropertyValueSpecification\",\"valueRequired\":true,\"valueName\":\"search_term_string\"}}],\"inLanguage\":\"tr\"},{\"@type\":\"Person\",\"@id\":\"https:\\\/\\\/kibrisdakik.com\\\/#\\\/schema\\\/person\\\/9cd9d437bbb44f72b73ba127e06d8e79\",\"name\":\"admin\",\"image\":{\"@type\":\"ImageObject\",\"inLanguage\":\"tr\",\"@id\":\"https:\\\/\\\/secure.gravatar.com\\\/avatar\\\/ccc17943b9d660506c869530f897617f7cb1c21a4bf30023f252596d83e1f007?s=96&d=mm&r=g\",\"url\":\"https:\\\/\\\/secure.gravatar.com\\\/avatar\\\/ccc17943b9d660506c869530f897617f7cb1c21a4bf30023f252596d83e1f007?s=96&d=mm&r=g\",\"contentUrl\":\"https:\\\/\\\/secure.gravatar.com\\\/avatar\\\/ccc17943b9d660506c869530f897617f7cb1c21a4bf30023f252596d83e1f007?s=96&d=mm&r=g\",\"caption\":\"admin\"},\"sameAs\":[\"https:\\\/\\\/kibrisdakik.com\"],\"url\":\"https:\\\/\\\/kibrisdakik.com\\\/?author=1\"}]}<\/script>\n<!-- \/ Yoast SEO plugin. -->","yoast_head_json":{"title":"LTB\u2019nin her y\u0131l d\u00fczenledi\u011fi \u201c\u00c7orab\u0131n\u0131 Gey da Gel\u201d Down Sendromu Fark\u0131ndal\u0131k y\u00fcr\u00fcy\u00fc\u015f ve etkinli\u011fi 2 Nisan Sal\u0131 g\u00fcn\u00fc yap\u0131l\u0131yor -","robots":{"index":"index","follow":"follow","max-snippet":"max-snippet:-1","max-image-preview":"max-image-preview:large","max-video-preview":"max-video-preview:-1"},"canonical":"https:\/\/kibrisdakik.com\/?p=36550","og_locale":"tr_TR","og_type":"article","og_title":"LTB\u2019nin her y\u0131l d\u00fczenledi\u011fi \u201c\u00c7orab\u0131n\u0131 Gey da Gel\u201d Down Sendromu Fark\u0131ndal\u0131k y\u00fcr\u00fcy\u00fc\u015f ve etkinli\u011fi 2 Nisan Sal\u0131 g\u00fcn\u00fc yap\u0131l\u0131yor -","og_description":"Kortej Eski Pronto \u00c7emberi\u2019nden ba\u015flayacak, etkinlikler Zahra Sokak\u2019ta yer alacak LTB Gen\u00e7lik Meclisi Engelsiz Gen\u00e7lik Masas\u0131 ile Engellemeyen Lefko\u015fa Birimi i\u015f birli\u011finde d\u00fczenlenecek etkinlik i\u00e7in kortej saat 18.00\u2019de eski Pronto \u00c7emberi\u2019nde toplanarak Lefko\u015fa Gezi Treni ve bandonun keyifli m\u00fczikleri e\u015fli\u011finde Zahra Sokak\u2019a y\u00fcr\u00fcyecek. Zahra Sokak\u2019ta kurulacak sahnede \u00d6zel E\u011fitim Okullar\u0131 performanslar\u0131n\u0131 sergilerken LTB Ritm\u2019orkestra ve","og_url":"https:\/\/kibrisdakik.com\/?p=36550","article_published_time":"2024-04-01T09:02:05+00:00","og_image":[{"width":710,"height":370,"url":"https:\/\/kibrisdakik.com\/wp-content\/uploads\/2024\/04\/ltbnin-her-yil-duzenledigi-corabini-gey-da-gel-down-sendromu-farkindalik-yuruyus-ve-etkinligi-2-nisan-sali-gunu-yapiliyor-1711961247.webp.webp","type":"image\/webp"}],"author":"admin","twitter_card":"summary_large_image","twitter_misc":{"Yazan:":"admin","Tahmini okuma s\u00fcresi":"1 dakika"},"schema":{"@context":"https:\/\/schema.org","@graph":[{"@type":"Article","@id":"https:\/\/kibrisdakik.com\/?p=36550#article","isPartOf":{"@id":"https:\/\/kibrisdakik.com\/?p=36550"},"author":{"name":"admin","@id":"https:\/\/kibrisdakik.com\/#\/schema\/person\/9cd9d437bbb44f72b73ba127e06d8e79"},"headline":"LTB\u2019nin her y\u0131l d\u00fczenledi\u011fi \u201c\u00c7orab\u0131n\u0131 Gey da Gel\u201d Down Sendromu Fark\u0131ndal\u0131k y\u00fcr\u00fcy\u00fc\u015f ve etkinli\u011fi 2 Nisan Sal\u0131 g\u00fcn\u00fc yap\u0131l\u0131yor","datePublished":"2024-04-01T09:02:05+00:00","mainEntityOfPage":{"@id":"https:\/\/kibrisdakik.com\/?p=36550"},"wordCount":205,"commentCount":0,"image":{"@id":"https:\/\/kibrisdakik.com\/?p=36550#primaryimage"},"thumbnailUrl":"https:\/\/kibrisdakik.com\/wp-content\/uploads\/2024\/04\/ltbnin-her-yil-duzenledigi-corabini-gey-da-gel-down-sendromu-farkindalik-yuruyus-ve-etkinligi-2-nisan-sali-gunu-yapiliyor-1711961247.webp.webp","articleSection":["Spor"],"inLanguage":"tr","potentialAction":[{"@type":"CommentAction","name":"Comment","target":["https:\/\/kibrisdakik.com\/?p=36550#respond"]}]},{"@type":"WebPage","@id":"https:\/\/kibrisdakik.com\/?p=36550","url":"https:\/\/kibrisdakik.com\/?p=36550","name":"LTB\u2019nin her y\u0131l d\u00fczenledi\u011fi \u201c\u00c7orab\u0131n\u0131 Gey da Gel\u201d Down Sendromu Fark\u0131ndal\u0131k y\u00fcr\u00fcy\u00fc\u015f ve etkinli\u011fi 2 Nisan Sal\u0131 g\u00fcn\u00fc yap\u0131l\u0131yor -","isPartOf":{"@id":"https:\/\/kibrisdakik.com\/#website"},"primaryImageOfPage":{"@id":"https:\/\/kibrisdakik.com\/?p=36550#primaryimage"},"image":{"@id":"https:\/\/kibrisdakik.com\/?p=36550#primaryimage"},"thumbnailUrl":"https:\/\/kibrisdakik.com\/wp-content\/uploads\/2024\/04\/ltbnin-her-yil-duzenledigi-corabini-gey-da-gel-down-sendromu-farkindalik-yuruyus-ve-etkinligi-2-nisan-sali-gunu-yapiliyor-1711961247.webp.webp","datePublished":"2024-04-01T09:02:05+00:00","author":{"@id":"https:\/\/kibrisdakik.com\/#\/schema\/person\/9cd9d437bbb44f72b73ba127e06d8e79"},"breadcrumb":{"@id":"https:\/\/kibrisdakik.com\/?p=36550#breadcrumb"},"inLanguage":"tr","potentialAction":[{"@type":"ReadAction","target":["https:\/\/kibrisdakik.com\/?p=36550"]}]},{"@type":"ImageObject","inLanguage":"tr","@id":"https:\/\/kibrisdakik.com\/?p=36550#primaryimage","url":"https:\/\/kibrisdakik.com\/wp-content\/uploads\/2024\/04\/ltbnin-her-yil-duzenledigi-corabini-gey-da-gel-down-sendromu-farkindalik-yuruyus-ve-etkinligi-2-nisan-sali-gunu-yapiliyor-1711961247.webp.webp","contentUrl":"https:\/\/kibrisdakik.com\/wp-content\/uploads\/2024\/04\/ltbnin-her-yil-duzenledigi-corabini-gey-da-gel-down-sendromu-farkindalik-yuruyus-ve-etkinligi-2-nisan-sali-gunu-yapiliyor-1711961247.webp.webp","width":710,"height":370},{"@type":"BreadcrumbList","@id":"https:\/\/kibrisdakik.com\/?p=36550#breadcrumb","itemListElement":[{"@type":"ListItem","position":1,"name":"Home","item":"https:\/\/kibrisdakik.com\/"},{"@type":"ListItem","position":2,"name":"LTB\u2019nin her y\u0131l d\u00fczenledi\u011fi \u201c\u00c7orab\u0131n\u0131 Gey da Gel\u201d Down Sendromu Fark\u0131ndal\u0131k y\u00fcr\u00fcy\u00fc\u015f ve etkinli\u011fi 2 Nisan Sal\u0131 g\u00fcn\u00fc yap\u0131l\u0131yor"}]},{"@type":"WebSite","@id":"https:\/\/kibrisdakik.com\/#website","url":"https:\/\/kibrisdakik.com\/","name":"","description":"Tam vaktinde haber","potentialAction":[{"@type":"SearchAction","target":{"@type":"EntryPoint","urlTemplate":"https:\/\/kibrisdakik.com\/?s={search_term_string}"},"query-input":{"@type":"PropertyValueSpecification","valueRequired":true,"valueName":"search_term_string"}}],"inLanguage":"tr"},{"@type":"Person","@id":"https:\/\/kibrisdakik.com\/#\/schema\/person\/9cd9d437bbb44f72b73ba127e06d8e79","name":"admin","image":{"@type":"ImageObject","inLanguage":"tr","@id":"https:\/\/secure.gravatar.com\/avatar\/ccc17943b9d660506c869530f897617f7cb1c21a4bf30023f252596d83e1f007?s=96&d=mm&r=g","url":"https:\/\/secure.gravatar.com\/avatar\/ccc17943b9d660506c869530f897617f7cb1c21a4bf30023f252596d83e1f007?s=96&d=mm&r=g","contentUrl":"https:\/\/secure.gravatar.com\/avatar\/ccc17943b9d660506c869530f897617f7cb1c21a4bf30023f252596d83e1f007?s=96&d=mm&r=g","caption":"admin"},"sameAs":["https:\/\/kibrisdakik.com"],"url":"https:\/\/kibrisdakik.com\/?author=1"}]}},"_links":{"self":[{"href":"https:\/\/kibrisdakik.com\/index.php?rest_route=\/wp\/v2\/posts\/36550","targetHints":{"allow":["GET"]}}],"collection":[{"href":"https:\/\/kibrisdakik.com\/index.php?rest_route=\/wp\/v2\/posts"}],"about":[{"href":"https:\/\/kibrisdakik.com\/index.php?rest_route=\/wp\/v2\/types\/post"}],"author":[{"embeddable":true,"href":"https:\/\/kibrisdakik.com\/index.php?rest_route=\/wp\/v2\/users\/1"}],"replies":[{"embeddable":true,"href":"https:\/\/kibrisdakik.com\/index.php?rest_route=%2Fwp%2Fv2%2Fcomments&post=36550"}],"version-history":[{"count":0,"href":"https:\/\/kibrisdakik.com\/index.php?rest_route=\/wp\/v2\/posts\/36550\/revisions"}],"wp:featuredmedia":[{"embeddable":true,"href":"https:\/\/kibrisdakik.com\/index.php?rest_route=\/wp\/v2\/media\/36551"}],"wp:attachment":[{"href":"https:\/\/kibrisdakik.com\/index.php?rest_route=%2Fwp%2Fv2%2Fmedia&parent=36550"}],"wp:term":[{"taxonomy":"category","embeddable":true,"href":"https:\/\/kibrisdakik.com\/index.php?rest_route=%2Fwp%2Fv2%2Fcategories&post=36550"},{"taxonomy":"post_tag","embeddable":true,"href":"https:\/\/kibrisdakik.com\/index.php?rest_route=%2Fwp%2Fv2%2Ftags&post=36550"}],"curies":[{"name":"wp","href":"https:\/\/api.w.org\/{rel}","templated":true}]}}