{"id":36558,"date":"2024-04-01T10:52:56","date_gmt":"2024-04-01T10:52:56","guid":{"rendered":"https:\/\/kibrisdakik.com\/index.php\/2024\/04\/01\/adalier-ve-sacara-rutbeleri-takildi\/"},"modified":"2024-04-01T10:52:56","modified_gmt":"2024-04-01T10:52:56","slug":"adalier-ve-sacara-rutbeleri-takildi","status":"publish","type":"post","link":"https:\/\/kibrisdakik.com\/?p=36558","title":{"rendered":"Adal\u0131er ve Sa\u00e7ar\u2019a r\u00fctbeleri tak\u0131ld\u0131"},"content":{"rendered":"<p><\/p>\n<div>\n<div class=\"mariselle-image-container center\">\n                <img loading=\"lazy\" decoding=\"async\" width=\"2560\" height=\"840\" class=\"lazy-image\" alt=\"\" sizes=\"auto, (max-width: 2560px) 100vw, 2560px\" src=\"https:\/\/brtk.net\/wp-content\/uploads\/2024\/04\/01\/oijkjljk-scaled.jpg?ver=245d9f4d7ebb7a4b90779cef7340f070\" srcset=\"https:\/\/brtk.net\/wp-content\/uploads\/2024\/04\/01\/oijkjljk-scaled.jpg?ver=245d9f4d7ebb7a4b90779cef7340f070 2560w, https:\/\/brtk.net\/wp-content\/uploads\/2024\/04\/01\/oijkjljk-300x98.jpg?ver=245d9f4d7ebb7a4b90779cef7340f070 300w, https:\/\/brtk.net\/wp-content\/uploads\/2024\/04\/01\/oijkjljk-1024x336.jpg?ver=245d9f4d7ebb7a4b90779cef7340f070 1024w, https:\/\/brtk.net\/wp-content\/uploads\/2024\/04\/01\/oijkjljk-768x252.jpg?ver=245d9f4d7ebb7a4b90779cef7340f070 768w, https:\/\/brtk.net\/wp-content\/uploads\/2024\/04\/01\/oijkjljk-1536x504.jpg?ver=3e6e71190730c70c9e75d8e3471a4425 1536w, https:\/\/brtk.net\/wp-content\/uploads\/2024\/04\/01\/oijkjljk-2048x672.jpg?ver=3e6e71190730c70c9e75d8e3471a4425 2048w\"\/>                            <\/div>\n<p>1 Nisan 2024 tarihinden itibaren Polis Genel M\u00fcd\u00fcr (PGM) I. Yard\u0131mc\u0131s\u0131 mevkiine atanan Ali ADALIER ile Polis Genel M\u00fcd\u00fcr II. Yard\u0131mc\u0131s\u0131 mevkiine atanan Kaan Resa SA\u00c7AR\u2019a Polis Genel M\u00fcd\u00fcrl\u00fc\u011f\u00fc\u2019nde bug\u00fcn ger\u00e7ekle\u015ftirilen t\u00f6renle r\u00fctbeleri tak\u0131ld\u0131.  <\/p>\n<p>\tT\u00f6rene Polis Genel M\u00fcd\u00fcr\u00fc Kas\u0131m KUN\u0130, emekliye ayr\u0131lan Polis Genel M\u00fcd\u00fcr Yard\u0131mc\u0131lar\u0131 ile \u0130l\u00e7e ve PGM-B\u00f6l\u00fcm M\u00fcd\u00fcrleri kat\u0131ld\u0131.<br \/>Polis Genel M\u00fcd\u00fcr I. Yard\u0131mc\u0131s\u0131 Ali ADALIER ve Polis Genel M\u00fcd\u00fcr II. Yard\u0131mc\u0131s\u0131 Kaan Resa SA\u00c7AR\u2019\u0131n \u00f6zge\u00e7mi\u015flerinin okunmas\u0131n\u0131n ard\u0131ndan r\u00fctbeleri tak\u0131ld\u0131.<\/p>\n<p>\tPolis Genel M\u00fcd\u00fcr\u00fc Kas\u0131m KUN\u0130 yapt\u0131\u011f\u0131 konu\u015fmas\u0131nda; G\u00fcvenlik Kuvvetleri Komutan\u0131 T\u00fcmgeneral Osman AYTA\u00c7 ve Devlet b\u00fcy\u00fcklerinin de onay\u0131 ile PGM I. Yard\u0131mc\u0131s\u0131 mevkiine atanan Ali ADALIER ile PGM II. Yard\u0131mc\u0131s\u0131 mevkiine atanan Kaan Resa SA\u00c7AR\u2019\u0131 tebrik ederek yeni g\u00f6revlerinde ba\u015far\u0131lar diledi. <\/p>\n<p>Bu onurlu ve zorlu g\u00f6revi t\u00fcm birimlerle uyum i\u00e7erisinde \u00e7al\u0131\u015farak lay\u0131k\u0131yla yapacaklar\u0131na dair inanc\u0131n\u0131n tam oldu\u011funu belirten PGM KUN\u0130, emekliye ayr\u0131lan Polis Genel M\u00fcd\u00fcr Yard\u0131mc\u0131lar\u0131 Ahmet BE\u015eERLER ve Zafer ZA\u0130FER\u2019e da emeklilik ya\u015famlar\u0131nda aileleri ile birlikte sa\u011fl\u0131k, huzur ve mutluluk diledi.<\/p>\n<\/p><\/div>\n<p><script async\n                    defer\n                    crossorigin=\"anonymous\"\n                    src=\"https:\/\/connect.facebook.net\/tr_TR\/sdk.js#xfbml=1&#038;version=v3.3\"\n            ><\/script><\/p>\n","protected":false},"excerpt":{"rendered":"<p>1 Nisan 2024 tarihinden itibaren Polis Genel M\u00fcd\u00fcr (PGM) I. Yard\u0131mc\u0131s\u0131 mevkiine atanan Ali ADALIER ile Polis Genel M\u00fcd\u00fcr II. Yard\u0131mc\u0131s\u0131 mevkiine atanan Kaan Resa SA\u00c7AR\u2019a Polis Genel M\u00fcd\u00fcrl\u00fc\u011f\u00fc\u2019nde bug\u00fcn ger\u00e7ekle\u015ftirilen t\u00f6renle r\u00fctbeleri tak\u0131ld\u0131. T\u00f6rene Polis Genel M\u00fcd\u00fcr\u00fc Kas\u0131m KUN\u0130, emekliye ayr\u0131lan Polis Genel M\u00fcd\u00fcr Yard\u0131mc\u0131lar\u0131 ile \u0130l\u00e7e ve PGM-B\u00f6l\u00fcm M\u00fcd\u00fcrleri kat\u0131ld\u0131.Polis Genel M\u00fcd\u00fcr I.<\/p>\n","protected":false},"author":1,"featured_media":36559,"comment_status":"open","ping_status":"open","sticky":false,"template":"","format":"standard","meta":{"footnotes":""},"categories":[1],"tags":[],"class_list":["post-36558","post","type-post","status-publish","format-standard","has-post-thumbnail","hentry","category-gundem"],"yoast_head":"<!-- This site is optimized with the Yoast SEO plugin v27.4 - https:\/\/yoast.com\/product\/yoast-seo-wordpress\/ -->\n<title>Adal\u0131er ve Sa\u00e7ar\u2019a r\u00fctbeleri tak\u0131ld\u0131 -<\/title>\n<meta name=\"robots\" content=\"index, follow, max-snippet:-1, max-image-preview:large, max-video-preview:-1\" \/>\n<link rel=\"canonical\" href=\"https:\/\/kibrisdakik.com\/?p=36558\" \/>\n<meta property=\"og:locale\" content=\"tr_TR\" \/>\n<meta property=\"og:type\" content=\"article\" \/>\n<meta property=\"og:title\" content=\"Adal\u0131er ve Sa\u00e7ar\u2019a r\u00fctbeleri tak\u0131ld\u0131 -\" \/>\n<meta property=\"og:description\" content=\"1 Nisan 2024 tarihinden itibaren Polis Genel M\u00fcd\u00fcr (PGM) I. Yard\u0131mc\u0131s\u0131 mevkiine atanan Ali ADALIER ile Polis Genel M\u00fcd\u00fcr II. Yard\u0131mc\u0131s\u0131 mevkiine atanan Kaan Resa SA\u00c7AR\u2019a Polis Genel M\u00fcd\u00fcrl\u00fc\u011f\u00fc\u2019nde bug\u00fcn ger\u00e7ekle\u015ftirilen t\u00f6renle r\u00fctbeleri tak\u0131ld\u0131. T\u00f6rene Polis Genel M\u00fcd\u00fcr\u00fc Kas\u0131m KUN\u0130, emekliye ayr\u0131lan Polis Genel M\u00fcd\u00fcr Yard\u0131mc\u0131lar\u0131 ile \u0130l\u00e7e ve PGM-B\u00f6l\u00fcm M\u00fcd\u00fcrleri kat\u0131ld\u0131.Polis Genel M\u00fcd\u00fcr I.\" \/>\n<meta property=\"og:url\" content=\"https:\/\/kibrisdakik.com\/?p=36558\" \/>\n<meta property=\"article:published_time\" content=\"2024-04-01T10:52:56+00:00\" \/>\n<meta property=\"og:image\" content=\"https:\/\/kibrisdakik.com\/wp-content\/uploads\/2024\/04\/pqwirpqi-740x379.jpg\" \/>\n\t<meta property=\"og:image:width\" content=\"887\" \/>\n\t<meta property=\"og:image:height\" content=\"379\" \/>\n\t<meta property=\"og:image:type\" content=\"image\/jpeg\" \/>\n<meta name=\"author\" content=\"admin\" \/>\n<meta name=\"twitter:card\" content=\"summary_large_image\" \/>\n<meta name=\"twitter:label1\" content=\"Yazan:\" \/>\n\t<meta name=\"twitter:data1\" content=\"admin\" \/>\n\t<meta name=\"twitter:label2\" content=\"Tahmini okuma s\u00fcresi\" \/>\n\t<meta name=\"twitter:data2\" content=\"1 dakika\" \/>\n<script type=\"application\/ld+json\" class=\"yoast-schema-graph\">{\"@context\":\"https:\\\/\\\/schema.org\",\"@graph\":[{\"@type\":\"Article\",\"@id\":\"https:\\\/\\\/kibrisdakik.com\\\/?p=36558#article\",\"isPartOf\":{\"@id\":\"https:\\\/\\\/kibrisdakik.com\\\/?p=36558\"},\"author\":{\"name\":\"admin\",\"@id\":\"https:\\\/\\\/kibrisdakik.com\\\/#\\\/schema\\\/person\\\/9cd9d437bbb44f72b73ba127e06d8e79\"},\"headline\":\"Adal\u0131er ve Sa\u00e7ar\u2019a r\u00fctbeleri tak\u0131ld\u0131\",\"datePublished\":\"2024-04-01T10:52:56+00:00\",\"mainEntityOfPage\":{\"@id\":\"https:\\\/\\\/kibrisdakik.com\\\/?p=36558\"},\"wordCount\":253,\"commentCount\":0,\"image\":{\"@id\":\"https:\\\/\\\/kibrisdakik.com\\\/?p=36558#primaryimage\"},\"thumbnailUrl\":\"https:\\\/\\\/kibrisdakik.com\\\/wp-content\\\/uploads\\\/2024\\\/04\\\/pqwirpqi-740x379.jpg\",\"articleSection\":[\"G\u00fcndem\"],\"inLanguage\":\"tr\",\"potentialAction\":[{\"@type\":\"CommentAction\",\"name\":\"Comment\",\"target\":[\"https:\\\/\\\/kibrisdakik.com\\\/?p=36558#respond\"]}]},{\"@type\":\"WebPage\",\"@id\":\"https:\\\/\\\/kibrisdakik.com\\\/?p=36558\",\"url\":\"https:\\\/\\\/kibrisdakik.com\\\/?p=36558\",\"name\":\"Adal\u0131er ve Sa\u00e7ar\u2019a r\u00fctbeleri tak\u0131ld\u0131 -\",\"isPartOf\":{\"@id\":\"https:\\\/\\\/kibrisdakik.com\\\/#website\"},\"primaryImageOfPage\":{\"@id\":\"https:\\\/\\\/kibrisdakik.com\\\/?p=36558#primaryimage\"},\"image\":{\"@id\":\"https:\\\/\\\/kibrisdakik.com\\\/?p=36558#primaryimage\"},\"thumbnailUrl\":\"https:\\\/\\\/kibrisdakik.com\\\/wp-content\\\/uploads\\\/2024\\\/04\\\/pqwirpqi-740x379.jpg\",\"datePublished\":\"2024-04-01T10:52:56+00:00\",\"author\":{\"@id\":\"https:\\\/\\\/kibrisdakik.com\\\/#\\\/schema\\\/person\\\/9cd9d437bbb44f72b73ba127e06d8e79\"},\"breadcrumb\":{\"@id\":\"https:\\\/\\\/kibrisdakik.com\\\/?p=36558#breadcrumb\"},\"inLanguage\":\"tr\",\"potentialAction\":[{\"@type\":\"ReadAction\",\"target\":[\"https:\\\/\\\/kibrisdakik.com\\\/?p=36558\"]}]},{\"@type\":\"ImageObject\",\"inLanguage\":\"tr\",\"@id\":\"https:\\\/\\\/kibrisdakik.com\\\/?p=36558#primaryimage\",\"url\":\"https:\\\/\\\/kibrisdakik.com\\\/wp-content\\\/uploads\\\/2024\\\/04\\\/pqwirpqi-740x379.jpg\",\"contentUrl\":\"https:\\\/\\\/kibrisdakik.com\\\/wp-content\\\/uploads\\\/2024\\\/04\\\/pqwirpqi-740x379.jpg\",\"width\":887,\"height\":379},{\"@type\":\"BreadcrumbList\",\"@id\":\"https:\\\/\\\/kibrisdakik.com\\\/?p=36558#breadcrumb\",\"itemListElement\":[{\"@type\":\"ListItem\",\"position\":1,\"name\":\"Home\",\"item\":\"https:\\\/\\\/kibrisdakik.com\\\/\"},{\"@type\":\"ListItem\",\"position\":2,\"name\":\"Adal\u0131er ve Sa\u00e7ar\u2019a r\u00fctbeleri tak\u0131ld\u0131\"}]},{\"@type\":\"WebSite\",\"@id\":\"https:\\\/\\\/kibrisdakik.com\\\/#website\",\"url\":\"https:\\\/\\\/kibrisdakik.com\\\/\",\"name\":\"\",\"description\":\"Tam vaktinde haber\",\"potentialAction\":[{\"@type\":\"SearchAction\",\"target\":{\"@type\":\"EntryPoint\",\"urlTemplate\":\"https:\\\/\\\/kibrisdakik.com\\\/?s={search_term_string}\"},\"query-input\":{\"@type\":\"PropertyValueSpecification\",\"valueRequired\":true,\"valueName\":\"search_term_string\"}}],\"inLanguage\":\"tr\"},{\"@type\":\"Person\",\"@id\":\"https:\\\/\\\/kibrisdakik.com\\\/#\\\/schema\\\/person\\\/9cd9d437bbb44f72b73ba127e06d8e79\",\"name\":\"admin\",\"image\":{\"@type\":\"ImageObject\",\"inLanguage\":\"tr\",\"@id\":\"https:\\\/\\\/secure.gravatar.com\\\/avatar\\\/ccc17943b9d660506c869530f897617f7cb1c21a4bf30023f252596d83e1f007?s=96&d=mm&r=g\",\"url\":\"https:\\\/\\\/secure.gravatar.com\\\/avatar\\\/ccc17943b9d660506c869530f897617f7cb1c21a4bf30023f252596d83e1f007?s=96&d=mm&r=g\",\"contentUrl\":\"https:\\\/\\\/secure.gravatar.com\\\/avatar\\\/ccc17943b9d660506c869530f897617f7cb1c21a4bf30023f252596d83e1f007?s=96&d=mm&r=g\",\"caption\":\"admin\"},\"sameAs\":[\"https:\\\/\\\/kibrisdakik.com\"],\"url\":\"https:\\\/\\\/kibrisdakik.com\\\/?author=1\"}]}<\/script>\n<!-- \/ Yoast SEO plugin. -->","yoast_head_json":{"title":"Adal\u0131er ve Sa\u00e7ar\u2019a r\u00fctbeleri tak\u0131ld\u0131 -","robots":{"index":"index","follow":"follow","max-snippet":"max-snippet:-1","max-image-preview":"max-image-preview:large","max-video-preview":"max-video-preview:-1"},"canonical":"https:\/\/kibrisdakik.com\/?p=36558","og_locale":"tr_TR","og_type":"article","og_title":"Adal\u0131er ve Sa\u00e7ar\u2019a r\u00fctbeleri tak\u0131ld\u0131 -","og_description":"1 Nisan 2024 tarihinden itibaren Polis Genel M\u00fcd\u00fcr (PGM) I. Yard\u0131mc\u0131s\u0131 mevkiine atanan Ali ADALIER ile Polis Genel M\u00fcd\u00fcr II. Yard\u0131mc\u0131s\u0131 mevkiine atanan Kaan Resa SA\u00c7AR\u2019a Polis Genel M\u00fcd\u00fcrl\u00fc\u011f\u00fc\u2019nde bug\u00fcn ger\u00e7ekle\u015ftirilen t\u00f6renle r\u00fctbeleri tak\u0131ld\u0131. T\u00f6rene Polis Genel M\u00fcd\u00fcr\u00fc Kas\u0131m KUN\u0130, emekliye ayr\u0131lan Polis Genel M\u00fcd\u00fcr Yard\u0131mc\u0131lar\u0131 ile \u0130l\u00e7e ve PGM-B\u00f6l\u00fcm M\u00fcd\u00fcrleri kat\u0131ld\u0131.Polis Genel M\u00fcd\u00fcr I.","og_url":"https:\/\/kibrisdakik.com\/?p=36558","article_published_time":"2024-04-01T10:52:56+00:00","og_image":[{"width":887,"height":379,"url":"https:\/\/kibrisdakik.com\/wp-content\/uploads\/2024\/04\/pqwirpqi-740x379.jpg","type":"image\/jpeg"}],"author":"admin","twitter_card":"summary_large_image","twitter_misc":{"Yazan:":"admin","Tahmini okuma s\u00fcresi":"1 dakika"},"schema":{"@context":"https:\/\/schema.org","@graph":[{"@type":"Article","@id":"https:\/\/kibrisdakik.com\/?p=36558#article","isPartOf":{"@id":"https:\/\/kibrisdakik.com\/?p=36558"},"author":{"name":"admin","@id":"https:\/\/kibrisdakik.com\/#\/schema\/person\/9cd9d437bbb44f72b73ba127e06d8e79"},"headline":"Adal\u0131er ve Sa\u00e7ar\u2019a r\u00fctbeleri tak\u0131ld\u0131","datePublished":"2024-04-01T10:52:56+00:00","mainEntityOfPage":{"@id":"https:\/\/kibrisdakik.com\/?p=36558"},"wordCount":253,"commentCount":0,"image":{"@id":"https:\/\/kibrisdakik.com\/?p=36558#primaryimage"},"thumbnailUrl":"https:\/\/kibrisdakik.com\/wp-content\/uploads\/2024\/04\/pqwirpqi-740x379.jpg","articleSection":["G\u00fcndem"],"inLanguage":"tr","potentialAction":[{"@type":"CommentAction","name":"Comment","target":["https:\/\/kibrisdakik.com\/?p=36558#respond"]}]},{"@type":"WebPage","@id":"https:\/\/kibrisdakik.com\/?p=36558","url":"https:\/\/kibrisdakik.com\/?p=36558","name":"Adal\u0131er ve Sa\u00e7ar\u2019a r\u00fctbeleri tak\u0131ld\u0131 -","isPartOf":{"@id":"https:\/\/kibrisdakik.com\/#website"},"primaryImageOfPage":{"@id":"https:\/\/kibrisdakik.com\/?p=36558#primaryimage"},"image":{"@id":"https:\/\/kibrisdakik.com\/?p=36558#primaryimage"},"thumbnailUrl":"https:\/\/kibrisdakik.com\/wp-content\/uploads\/2024\/04\/pqwirpqi-740x379.jpg","datePublished":"2024-04-01T10:52:56+00:00","author":{"@id":"https:\/\/kibrisdakik.com\/#\/schema\/person\/9cd9d437bbb44f72b73ba127e06d8e79"},"breadcrumb":{"@id":"https:\/\/kibrisdakik.com\/?p=36558#breadcrumb"},"inLanguage":"tr","potentialAction":[{"@type":"ReadAction","target":["https:\/\/kibrisdakik.com\/?p=36558"]}]},{"@type":"ImageObject","inLanguage":"tr","@id":"https:\/\/kibrisdakik.com\/?p=36558#primaryimage","url":"https:\/\/kibrisdakik.com\/wp-content\/uploads\/2024\/04\/pqwirpqi-740x379.jpg","contentUrl":"https:\/\/kibrisdakik.com\/wp-content\/uploads\/2024\/04\/pqwirpqi-740x379.jpg","width":887,"height":379},{"@type":"BreadcrumbList","@id":"https:\/\/kibrisdakik.com\/?p=36558#breadcrumb","itemListElement":[{"@type":"ListItem","position":1,"name":"Home","item":"https:\/\/kibrisdakik.com\/"},{"@type":"ListItem","position":2,"name":"Adal\u0131er ve Sa\u00e7ar\u2019a r\u00fctbeleri tak\u0131ld\u0131"}]},{"@type":"WebSite","@id":"https:\/\/kibrisdakik.com\/#website","url":"https:\/\/kibrisdakik.com\/","name":"","description":"Tam vaktinde haber","potentialAction":[{"@type":"SearchAction","target":{"@type":"EntryPoint","urlTemplate":"https:\/\/kibrisdakik.com\/?s={search_term_string}"},"query-input":{"@type":"PropertyValueSpecification","valueRequired":true,"valueName":"search_term_string"}}],"inLanguage":"tr"},{"@type":"Person","@id":"https:\/\/kibrisdakik.com\/#\/schema\/person\/9cd9d437bbb44f72b73ba127e06d8e79","name":"admin","image":{"@type":"ImageObject","inLanguage":"tr","@id":"https:\/\/secure.gravatar.com\/avatar\/ccc17943b9d660506c869530f897617f7cb1c21a4bf30023f252596d83e1f007?s=96&d=mm&r=g","url":"https:\/\/secure.gravatar.com\/avatar\/ccc17943b9d660506c869530f897617f7cb1c21a4bf30023f252596d83e1f007?s=96&d=mm&r=g","contentUrl":"https:\/\/secure.gravatar.com\/avatar\/ccc17943b9d660506c869530f897617f7cb1c21a4bf30023f252596d83e1f007?s=96&d=mm&r=g","caption":"admin"},"sameAs":["https:\/\/kibrisdakik.com"],"url":"https:\/\/kibrisdakik.com\/?author=1"}]}},"_links":{"self":[{"href":"https:\/\/kibrisdakik.com\/index.php?rest_route=\/wp\/v2\/posts\/36558","targetHints":{"allow":["GET"]}}],"collection":[{"href":"https:\/\/kibrisdakik.com\/index.php?rest_route=\/wp\/v2\/posts"}],"about":[{"href":"https:\/\/kibrisdakik.com\/index.php?rest_route=\/wp\/v2\/types\/post"}],"author":[{"embeddable":true,"href":"https:\/\/kibrisdakik.com\/index.php?rest_route=\/wp\/v2\/users\/1"}],"replies":[{"embeddable":true,"href":"https:\/\/kibrisdakik.com\/index.php?rest_route=%2Fwp%2Fv2%2Fcomments&post=36558"}],"version-history":[{"count":0,"href":"https:\/\/kibrisdakik.com\/index.php?rest_route=\/wp\/v2\/posts\/36558\/revisions"}],"wp:featuredmedia":[{"embeddable":true,"href":"https:\/\/kibrisdakik.com\/index.php?rest_route=\/wp\/v2\/media\/36559"}],"wp:attachment":[{"href":"https:\/\/kibrisdakik.com\/index.php?rest_route=%2Fwp%2Fv2%2Fmedia&parent=36558"}],"wp:term":[{"taxonomy":"category","embeddable":true,"href":"https:\/\/kibrisdakik.com\/index.php?rest_route=%2Fwp%2Fv2%2Fcategories&post=36558"},{"taxonomy":"post_tag","embeddable":true,"href":"https:\/\/kibrisdakik.com\/index.php?rest_route=%2Fwp%2Fv2%2Ftags&post=36558"}],"curies":[{"name":"wp","href":"https:\/\/api.w.org\/{rel}","templated":true}]}}