{"id":36601,"date":"2024-04-01T17:01:25","date_gmt":"2024-04-01T17:01:25","guid":{"rendered":"https:\/\/kibrisdakik.com\/index.php\/2024\/04\/01\/isias-davasinda-tahliye-kararina-ofke-buyuyor-belediyedeki-kisiler-nasil-sucsuz-ilan-edilir-anlamak-zor\/"},"modified":"2024-04-01T17:01:25","modified_gmt":"2024-04-01T17:01:25","slug":"isias-davasinda-tahliye-kararina-ofke-buyuyor-belediyedeki-kisiler-nasil-sucsuz-ilan-edilir-anlamak-zor","status":"publish","type":"post","link":"https:\/\/kibrisdakik.com\/?p=36601","title":{"rendered":"\u0130sias Davas\u0131\u2019nda tahliye karar\u0131na \u00f6fke b\u00fcy\u00fcyor ; \u201cBelediyedeki ki\u015filer nas\u0131l su\u00e7suz ilan edilir anlamak zor\u201d"},"content":{"rendered":"<p><\/p>\n<div>\n<div class=\"mariselle-image-container center\">\n                <img loading=\"lazy\" decoding=\"async\" width=\"1891\" height=\"1129\" class=\"lazy-image\" alt=\"\" sizes=\"auto, (max-width: 1891px) 100vw, 1891px\" src=\"https:\/\/brtk.net\/wp-content\/uploads\/2024\/01\/04\/isias-23.jpg?ver=b173b8db7125bcc526214de017135b69\" srcset=\"https:\/\/brtk.net\/wp-content\/uploads\/2024\/01\/04\/isias-23.jpg?ver=b173b8db7125bcc526214de017135b69 1891w, https:\/\/brtk.net\/wp-content\/uploads\/2024\/01\/04\/isias-23-300x179.jpg?ver=a09deeb0a98405143e6259e1e473d9d8 300w, https:\/\/brtk.net\/wp-content\/uploads\/2024\/01\/04\/isias-23-1024x611.jpg?ver=a09deeb0a98405143e6259e1e473d9d8 1024w, https:\/\/brtk.net\/wp-content\/uploads\/2024\/01\/04\/isias-23-768x459.jpg?ver=a09deeb0a98405143e6259e1e473d9d8 768w, https:\/\/brtk.net\/wp-content\/uploads\/2024\/01\/04\/isias-23-1536x917.jpg?ver=5bc14c9b3a8801f3311d5291127faf2b 1536w\"\/>                            <\/div>\n<p>\u015eampiyon Melekleri Ya\u015fatma Derne\u011fi Ba\u015fkan\u0131 Ru\u015fen Y\u00fccesoylu Karakaya ve K\u0131br\u0131s T\u00fcrk Barolar Birli\u011fi Ba\u015fkan\u0131 Hasan Esenda\u011fl\u0131, , <a href=\"https:\/\/brtk.net\/\">BRT<\/a>\u2019ye konu\u015farak son durumu de\u011ferlendirdi.<\/p>\n<div class=\"mariselle-image-container center\">\n                <img loading=\"lazy\" decoding=\"async\" width=\"800\" height=\"450\" class=\"lazy-image\" alt=\"\" sizes=\"auto, (max-width: 800px) 100vw, 800px\" src=\"https:\/\/brtk.net\/wp-content\/uploads\/2024\/01\/04\/rusen-karakaya-22.jpg?ver=14e1f7719725e2a4445b711b3448fbbd\" srcset=\"https:\/\/brtk.net\/wp-content\/uploads\/2024\/01\/04\/rusen-karakaya-22.jpg?ver=14e1f7719725e2a4445b711b3448fbbd 800w, https:\/\/brtk.net\/wp-content\/uploads\/2024\/01\/04\/rusen-karakaya-22-300x169.jpg?ver=14e1f7719725e2a4445b711b3448fbbd 300w, https:\/\/brtk.net\/wp-content\/uploads\/2024\/01\/04\/rusen-karakaya-22-768x432.jpg?ver=14e1f7719725e2a4445b711b3448fbbd 768w\"\/>                            <\/div>\n<p>Karakaya ve Esenda\u011fl\u0131, Gazi \u00dcniversitesi Bilirki\u015fi Raporu\u2019na dayanarak, Efe Bozkurt ve Halil Ba\u011fc\u0131\u2019n\u0131n tahliye edilmesini de\u011ferlendirdi.<\/p>\n<p>Karakaya, \u201cGazi \u00dcniversitesi bilirki\u015fi raporu tam bir hayal k\u0131r\u0131kl\u0131\u011f\u0131 yaratm\u0131\u015ft\u0131r. Yanl\u0131\u015f bir rapor ortaya \u00e7\u0131km\u0131\u015ft\u0131r. Bu binaya nas\u0131l izin verilir? herkes sudan \u00e7\u0131km\u0131\u015f ak ka\u015f\u0131k. Alel acele, 26 Nisan\u2019daki davay\u0131 beklemeden tahliye karar\u0131 anlams\u0131zd\u0131r. \u00c7ok \u00f6fkeli ve \u00fcz\u00fcnt\u00fcl\u00fcy\u00fcz\u201d dedi.<\/p>\n<p>Karakaya, \u201c Hukuk\u00e7ular\u0131m\u0131zla de\u011ferlendirme yap\u0131yoruz. Biz bu su\u00e7u ispatlayaca\u011f\u0131z. Er ya da ge\u00e7 adalet yerini bulacak. Efe Bozkurt, Halil Ba\u011fc\u0131 istedi\u011fi kadar tahliye als\u0131n. Su\u00e7lar\u0131 mahkemede ortaya \u00e7\u0131kacak\u201d diye konu\u015ftu. <\/p>\n<p>Adalet istediklerini belirten Karakaya, \u201c Rapora itiraz edece\u011fiz. Yar\u0131n da detayl\u0131 bas\u0131n a\u00e7\u0131klamas\u0131 yapaca\u011f\u0131z. Herkesin yan\u0131m\u0131zda olmaya devam etmesini istiyoruz. Katillerin tahliye edilmesini kabul etmiyoruz. Bu dava emsal dava olacakt\u0131r.\u201d diye ekledi.<\/p>\n<div class=\"mariselle-image-container center\">\n                <img loading=\"lazy\" decoding=\"async\" width=\"893\" height=\"434\" class=\"lazy-image\" alt=\"\" sizes=\"auto, (max-width: 893px) 100vw, 893px\" src=\"https:\/\/brtk.net\/wp-content\/uploads\/2024\/04\/01\/hasan-esendagli-isias.jpg?ver=c662fd949919cbc6778aa213b1ba05de\" srcset=\"https:\/\/brtk.net\/wp-content\/uploads\/2024\/04\/01\/hasan-esendagli-isias.jpg?ver=c662fd949919cbc6778aa213b1ba05de 893w, https:\/\/brtk.net\/wp-content\/uploads\/2024\/04\/01\/hasan-esendagli-isias-300x146.jpg?ver=c662fd949919cbc6778aa213b1ba05de 300w, https:\/\/brtk.net\/wp-content\/uploads\/2024\/04\/01\/hasan-esendagli-isias-768x373.jpg?ver=c662fd949919cbc6778aa213b1ba05de 768w\"\/>                            <\/div>\n<p>K\u0131br\u0131s T\u00fcrk Barolar Birli\u011fi Ba\u015fkan\u0131 Hasan  Esenda\u011fl\u0131 da \u201cBir su\u00e7suzluk karar\u0131 de\u011fildir. Beraat etmi\u015f de\u011filler. Ancak karardan endi\u015feliyiz. Hukuk\u00e7ular\u0131m\u0131z, Gazi \u00dcniversitesi Bilirki\u015fi raporunun, \u00e7ala kalem haz\u0131rlanm\u0131\u015f, mahkemenin sorular\u0131na cevap vermeyen, \u00f6nemli konularda, hi\u00e7 bir \u015fey s\u00f6ylemedi\u011fini m\u00fctalaa etmi\u015ftir. \u0130tiraz edilecek\u201d dedi.<\/p>\n<p>Tahliye karar\u0131na kar\u015f\u0131 itirazlar\u0131n de\u011ferlendirildi\u011fini ifade eden Esenda\u011fl\u0131, \u201cGitti\u011fimiz yolun, ta\u015fl\u0131 bir yol oldu\u011fu ger\u00e7e\u011fini bizlere bir kez daha g\u00f6stermi\u015ftir. Farkl\u0131 bir co\u011frafyada farkl\u0131 bir m\u00fccadele veriyoruz. Raporun eksikli\u011fi var. Mahkeme ara kararlar verecektir. Yeni bilirki\u015fi raporu istenebilir. Mahkeme de\u011ferlendirmesini yapacakt\u0131r.\u201d \u015feklinde konu\u015ftu . <\/p>\n<p><iframe loading=\"lazy\" title=\"Buras\u0131 \u00d6nemli + 50+1 01.04.2024\" width=\"960\" height=\"540\" src=\"https:\/\/www.youtube.com\/embed\/PZzmqZxeiPA?feature=oembed\" frameborder=\"0\" allow=\"accelerometer; autoplay; clipboard-write; encrypted-media; gyroscope; picture-in-picture; web-share\" referrerpolicy=\"strict-origin-when-cross-origin\" allowfullscreen><\/iframe><\/p>\n<\/p><\/div>\n<p><script async\n                    defer\n                    crossorigin=\"anonymous\"\n                    src=\"https:\/\/connect.facebook.net\/tr_TR\/sdk.js#xfbml=1&#038;version=v3.3\"\n            ><\/script><\/p>\n","protected":false},"excerpt":{"rendered":"<p>\u015eampiyon Melekleri Ya\u015fatma Derne\u011fi Ba\u015fkan\u0131 Ru\u015fen Y\u00fccesoylu Karakaya ve K\u0131br\u0131s T\u00fcrk Barolar Birli\u011fi Ba\u015fkan\u0131 Hasan Esenda\u011fl\u0131, , BRT\u2019ye konu\u015farak son durumu de\u011ferlendirdi. Karakaya ve Esenda\u011fl\u0131, Gazi \u00dcniversitesi Bilirki\u015fi Raporu\u2019na dayanarak, Efe Bozkurt ve Halil Ba\u011fc\u0131\u2019n\u0131n tahliye edilmesini de\u011ferlendirdi. Karakaya, \u201cGazi \u00dcniversitesi bilirki\u015fi raporu tam bir hayal k\u0131r\u0131kl\u0131\u011f\u0131 yaratm\u0131\u015ft\u0131r. Yanl\u0131\u015f bir rapor ortaya \u00e7\u0131km\u0131\u015ft\u0131r. Bu binaya<\/p>\n","protected":false},"author":1,"featured_media":36602,"comment_status":"open","ping_status":"open","sticky":false,"template":"","format":"standard","meta":{"footnotes":""},"categories":[1],"tags":[],"class_list":["post-36601","post","type-post","status-publish","format-standard","has-post-thumbnail","hentry","category-gundem"],"yoast_head":"<!-- This site is optimized with the Yoast SEO plugin v27.4 - https:\/\/yoast.com\/product\/yoast-seo-wordpress\/ -->\n<title>\u0130sias Davas\u0131\u2019nda tahliye karar\u0131na \u00f6fke b\u00fcy\u00fcyor ; \u201cBelediyedeki ki\u015filer nas\u0131l su\u00e7suz ilan edilir anlamak zor\u201d -<\/title>\n<meta name=\"robots\" content=\"index, follow, max-snippet:-1, max-image-preview:large, max-video-preview:-1\" \/>\n<link rel=\"canonical\" href=\"https:\/\/kibrisdakik.com\/?p=36601\" \/>\n<meta property=\"og:locale\" content=\"tr_TR\" \/>\n<meta property=\"og:type\" content=\"article\" \/>\n<meta property=\"og:title\" content=\"\u0130sias Davas\u0131\u2019nda tahliye karar\u0131na \u00f6fke b\u00fcy\u00fcyor ; \u201cBelediyedeki ki\u015filer nas\u0131l su\u00e7suz ilan edilir anlamak zor\u201d -\" \/>\n<meta property=\"og:description\" content=\"\u015eampiyon Melekleri Ya\u015fatma Derne\u011fi Ba\u015fkan\u0131 Ru\u015fen Y\u00fccesoylu Karakaya ve K\u0131br\u0131s T\u00fcrk Barolar Birli\u011fi Ba\u015fkan\u0131 Hasan Esenda\u011fl\u0131, , BRT\u2019ye konu\u015farak son durumu de\u011ferlendirdi. Karakaya ve Esenda\u011fl\u0131, Gazi \u00dcniversitesi Bilirki\u015fi Raporu\u2019na dayanarak, Efe Bozkurt ve Halil Ba\u011fc\u0131\u2019n\u0131n tahliye edilmesini de\u011ferlendirdi. Karakaya, \u201cGazi \u00dcniversitesi bilirki\u015fi raporu tam bir hayal k\u0131r\u0131kl\u0131\u011f\u0131 yaratm\u0131\u015ft\u0131r. Yanl\u0131\u015f bir rapor ortaya \u00e7\u0131km\u0131\u015ft\u0131r. Bu binaya\" \/>\n<meta property=\"og:url\" content=\"https:\/\/kibrisdakik.com\/?p=36601\" \/>\n<meta property=\"article:published_time\" content=\"2024-04-01T17:01:25+00:00\" \/>\n<meta property=\"og:image\" content=\"https:\/\/kibrisdakik.com\/wp-content\/uploads\/2024\/04\/isias-23-740x420.jpg\" \/>\n\t<meta property=\"og:image:width\" content=\"1891\" \/>\n\t<meta property=\"og:image:height\" content=\"1129\" \/>\n\t<meta property=\"og:image:type\" content=\"image\/jpeg\" \/>\n<meta name=\"author\" content=\"admin\" \/>\n<meta name=\"twitter:card\" content=\"summary_large_image\" \/>\n<meta name=\"twitter:label1\" content=\"Yazan:\" \/>\n\t<meta name=\"twitter:data1\" content=\"admin\" \/>\n\t<meta name=\"twitter:label2\" content=\"Tahmini okuma s\u00fcresi\" \/>\n\t<meta name=\"twitter:data2\" content=\"2 dakika\" \/>\n<script type=\"application\/ld+json\" class=\"yoast-schema-graph\">{\"@context\":\"https:\\\/\\\/schema.org\",\"@graph\":[{\"@type\":\"Article\",\"@id\":\"https:\\\/\\\/kibrisdakik.com\\\/?p=36601#article\",\"isPartOf\":{\"@id\":\"https:\\\/\\\/kibrisdakik.com\\\/?p=36601\"},\"author\":{\"name\":\"admin\",\"@id\":\"https:\\\/\\\/kibrisdakik.com\\\/#\\\/schema\\\/person\\\/9cd9d437bbb44f72b73ba127e06d8e79\"},\"headline\":\"\u0130sias Davas\u0131\u2019nda tahliye karar\u0131na \u00f6fke b\u00fcy\u00fcyor ; \u201cBelediyedeki ki\u015filer nas\u0131l su\u00e7suz ilan edilir anlamak zor\u201d\",\"datePublished\":\"2024-04-01T17:01:25+00:00\",\"mainEntityOfPage\":{\"@id\":\"https:\\\/\\\/kibrisdakik.com\\\/?p=36601\"},\"wordCount\":345,\"commentCount\":0,\"image\":{\"@id\":\"https:\\\/\\\/kibrisdakik.com\\\/?p=36601#primaryimage\"},\"thumbnailUrl\":\"https:\\\/\\\/kibrisdakik.com\\\/wp-content\\\/uploads\\\/2024\\\/04\\\/isias-23-740x420.jpg\",\"articleSection\":[\"G\u00fcndem\"],\"inLanguage\":\"tr\",\"potentialAction\":[{\"@type\":\"CommentAction\",\"name\":\"Comment\",\"target\":[\"https:\\\/\\\/kibrisdakik.com\\\/?p=36601#respond\"]}]},{\"@type\":\"WebPage\",\"@id\":\"https:\\\/\\\/kibrisdakik.com\\\/?p=36601\",\"url\":\"https:\\\/\\\/kibrisdakik.com\\\/?p=36601\",\"name\":\"\u0130sias Davas\u0131\u2019nda tahliye karar\u0131na \u00f6fke b\u00fcy\u00fcyor ; \u201cBelediyedeki ki\u015filer nas\u0131l su\u00e7suz ilan edilir anlamak zor\u201d -\",\"isPartOf\":{\"@id\":\"https:\\\/\\\/kibrisdakik.com\\\/#website\"},\"primaryImageOfPage\":{\"@id\":\"https:\\\/\\\/kibrisdakik.com\\\/?p=36601#primaryimage\"},\"image\":{\"@id\":\"https:\\\/\\\/kibrisdakik.com\\\/?p=36601#primaryimage\"},\"thumbnailUrl\":\"https:\\\/\\\/kibrisdakik.com\\\/wp-content\\\/uploads\\\/2024\\\/04\\\/isias-23-740x420.jpg\",\"datePublished\":\"2024-04-01T17:01:25+00:00\",\"author\":{\"@id\":\"https:\\\/\\\/kibrisdakik.com\\\/#\\\/schema\\\/person\\\/9cd9d437bbb44f72b73ba127e06d8e79\"},\"breadcrumb\":{\"@id\":\"https:\\\/\\\/kibrisdakik.com\\\/?p=36601#breadcrumb\"},\"inLanguage\":\"tr\",\"potentialAction\":[{\"@type\":\"ReadAction\",\"target\":[\"https:\\\/\\\/kibrisdakik.com\\\/?p=36601\"]}]},{\"@type\":\"ImageObject\",\"inLanguage\":\"tr\",\"@id\":\"https:\\\/\\\/kibrisdakik.com\\\/?p=36601#primaryimage\",\"url\":\"https:\\\/\\\/kibrisdakik.com\\\/wp-content\\\/uploads\\\/2024\\\/04\\\/isias-23-740x420.jpg\",\"contentUrl\":\"https:\\\/\\\/kibrisdakik.com\\\/wp-content\\\/uploads\\\/2024\\\/04\\\/isias-23-740x420.jpg\",\"width\":1891,\"height\":1129},{\"@type\":\"BreadcrumbList\",\"@id\":\"https:\\\/\\\/kibrisdakik.com\\\/?p=36601#breadcrumb\",\"itemListElement\":[{\"@type\":\"ListItem\",\"position\":1,\"name\":\"Home\",\"item\":\"https:\\\/\\\/kibrisdakik.com\\\/\"},{\"@type\":\"ListItem\",\"position\":2,\"name\":\"\u0130sias Davas\u0131\u2019nda tahliye karar\u0131na \u00f6fke b\u00fcy\u00fcyor ; \u201cBelediyedeki ki\u015filer nas\u0131l su\u00e7suz ilan edilir anlamak zor\u201d\"}]},{\"@type\":\"WebSite\",\"@id\":\"https:\\\/\\\/kibrisdakik.com\\\/#website\",\"url\":\"https:\\\/\\\/kibrisdakik.com\\\/\",\"name\":\"\",\"description\":\"Tam vaktinde haber\",\"potentialAction\":[{\"@type\":\"SearchAction\",\"target\":{\"@type\":\"EntryPoint\",\"urlTemplate\":\"https:\\\/\\\/kibrisdakik.com\\\/?s={search_term_string}\"},\"query-input\":{\"@type\":\"PropertyValueSpecification\",\"valueRequired\":true,\"valueName\":\"search_term_string\"}}],\"inLanguage\":\"tr\"},{\"@type\":\"Person\",\"@id\":\"https:\\\/\\\/kibrisdakik.com\\\/#\\\/schema\\\/person\\\/9cd9d437bbb44f72b73ba127e06d8e79\",\"name\":\"admin\",\"image\":{\"@type\":\"ImageObject\",\"inLanguage\":\"tr\",\"@id\":\"https:\\\/\\\/secure.gravatar.com\\\/avatar\\\/ccc17943b9d660506c869530f897617f7cb1c21a4bf30023f252596d83e1f007?s=96&d=mm&r=g\",\"url\":\"https:\\\/\\\/secure.gravatar.com\\\/avatar\\\/ccc17943b9d660506c869530f897617f7cb1c21a4bf30023f252596d83e1f007?s=96&d=mm&r=g\",\"contentUrl\":\"https:\\\/\\\/secure.gravatar.com\\\/avatar\\\/ccc17943b9d660506c869530f897617f7cb1c21a4bf30023f252596d83e1f007?s=96&d=mm&r=g\",\"caption\":\"admin\"},\"sameAs\":[\"https:\\\/\\\/kibrisdakik.com\"],\"url\":\"https:\\\/\\\/kibrisdakik.com\\\/?author=1\"}]}<\/script>\n<!-- \/ Yoast SEO plugin. -->","yoast_head_json":{"title":"\u0130sias Davas\u0131\u2019nda tahliye karar\u0131na \u00f6fke b\u00fcy\u00fcyor ; \u201cBelediyedeki ki\u015filer nas\u0131l su\u00e7suz ilan edilir anlamak zor\u201d -","robots":{"index":"index","follow":"follow","max-snippet":"max-snippet:-1","max-image-preview":"max-image-preview:large","max-video-preview":"max-video-preview:-1"},"canonical":"https:\/\/kibrisdakik.com\/?p=36601","og_locale":"tr_TR","og_type":"article","og_title":"\u0130sias Davas\u0131\u2019nda tahliye karar\u0131na \u00f6fke b\u00fcy\u00fcyor ; \u201cBelediyedeki ki\u015filer nas\u0131l su\u00e7suz ilan edilir anlamak zor\u201d -","og_description":"\u015eampiyon Melekleri Ya\u015fatma Derne\u011fi Ba\u015fkan\u0131 Ru\u015fen Y\u00fccesoylu Karakaya ve K\u0131br\u0131s T\u00fcrk Barolar Birli\u011fi Ba\u015fkan\u0131 Hasan Esenda\u011fl\u0131, , BRT\u2019ye konu\u015farak son durumu de\u011ferlendirdi. Karakaya ve Esenda\u011fl\u0131, Gazi \u00dcniversitesi Bilirki\u015fi Raporu\u2019na dayanarak, Efe Bozkurt ve Halil Ba\u011fc\u0131\u2019n\u0131n tahliye edilmesini de\u011ferlendirdi. Karakaya, \u201cGazi \u00dcniversitesi bilirki\u015fi raporu tam bir hayal k\u0131r\u0131kl\u0131\u011f\u0131 yaratm\u0131\u015ft\u0131r. Yanl\u0131\u015f bir rapor ortaya \u00e7\u0131km\u0131\u015ft\u0131r. Bu binaya","og_url":"https:\/\/kibrisdakik.com\/?p=36601","article_published_time":"2024-04-01T17:01:25+00:00","og_image":[{"width":1891,"height":1129,"url":"https:\/\/kibrisdakik.com\/wp-content\/uploads\/2024\/04\/isias-23-740x420.jpg","type":"image\/jpeg"}],"author":"admin","twitter_card":"summary_large_image","twitter_misc":{"Yazan:":"admin","Tahmini okuma s\u00fcresi":"2 dakika"},"schema":{"@context":"https:\/\/schema.org","@graph":[{"@type":"Article","@id":"https:\/\/kibrisdakik.com\/?p=36601#article","isPartOf":{"@id":"https:\/\/kibrisdakik.com\/?p=36601"},"author":{"name":"admin","@id":"https:\/\/kibrisdakik.com\/#\/schema\/person\/9cd9d437bbb44f72b73ba127e06d8e79"},"headline":"\u0130sias Davas\u0131\u2019nda tahliye karar\u0131na \u00f6fke b\u00fcy\u00fcyor ; \u201cBelediyedeki ki\u015filer nas\u0131l su\u00e7suz ilan edilir anlamak zor\u201d","datePublished":"2024-04-01T17:01:25+00:00","mainEntityOfPage":{"@id":"https:\/\/kibrisdakik.com\/?p=36601"},"wordCount":345,"commentCount":0,"image":{"@id":"https:\/\/kibrisdakik.com\/?p=36601#primaryimage"},"thumbnailUrl":"https:\/\/kibrisdakik.com\/wp-content\/uploads\/2024\/04\/isias-23-740x420.jpg","articleSection":["G\u00fcndem"],"inLanguage":"tr","potentialAction":[{"@type":"CommentAction","name":"Comment","target":["https:\/\/kibrisdakik.com\/?p=36601#respond"]}]},{"@type":"WebPage","@id":"https:\/\/kibrisdakik.com\/?p=36601","url":"https:\/\/kibrisdakik.com\/?p=36601","name":"\u0130sias Davas\u0131\u2019nda tahliye karar\u0131na \u00f6fke b\u00fcy\u00fcyor ; \u201cBelediyedeki ki\u015filer nas\u0131l su\u00e7suz ilan edilir anlamak zor\u201d -","isPartOf":{"@id":"https:\/\/kibrisdakik.com\/#website"},"primaryImageOfPage":{"@id":"https:\/\/kibrisdakik.com\/?p=36601#primaryimage"},"image":{"@id":"https:\/\/kibrisdakik.com\/?p=36601#primaryimage"},"thumbnailUrl":"https:\/\/kibrisdakik.com\/wp-content\/uploads\/2024\/04\/isias-23-740x420.jpg","datePublished":"2024-04-01T17:01:25+00:00","author":{"@id":"https:\/\/kibrisdakik.com\/#\/schema\/person\/9cd9d437bbb44f72b73ba127e06d8e79"},"breadcrumb":{"@id":"https:\/\/kibrisdakik.com\/?p=36601#breadcrumb"},"inLanguage":"tr","potentialAction":[{"@type":"ReadAction","target":["https:\/\/kibrisdakik.com\/?p=36601"]}]},{"@type":"ImageObject","inLanguage":"tr","@id":"https:\/\/kibrisdakik.com\/?p=36601#primaryimage","url":"https:\/\/kibrisdakik.com\/wp-content\/uploads\/2024\/04\/isias-23-740x420.jpg","contentUrl":"https:\/\/kibrisdakik.com\/wp-content\/uploads\/2024\/04\/isias-23-740x420.jpg","width":1891,"height":1129},{"@type":"BreadcrumbList","@id":"https:\/\/kibrisdakik.com\/?p=36601#breadcrumb","itemListElement":[{"@type":"ListItem","position":1,"name":"Home","item":"https:\/\/kibrisdakik.com\/"},{"@type":"ListItem","position":2,"name":"\u0130sias Davas\u0131\u2019nda tahliye karar\u0131na \u00f6fke b\u00fcy\u00fcyor ; \u201cBelediyedeki ki\u015filer nas\u0131l su\u00e7suz ilan edilir anlamak zor\u201d"}]},{"@type":"WebSite","@id":"https:\/\/kibrisdakik.com\/#website","url":"https:\/\/kibrisdakik.com\/","name":"","description":"Tam vaktinde haber","potentialAction":[{"@type":"SearchAction","target":{"@type":"EntryPoint","urlTemplate":"https:\/\/kibrisdakik.com\/?s={search_term_string}"},"query-input":{"@type":"PropertyValueSpecification","valueRequired":true,"valueName":"search_term_string"}}],"inLanguage":"tr"},{"@type":"Person","@id":"https:\/\/kibrisdakik.com\/#\/schema\/person\/9cd9d437bbb44f72b73ba127e06d8e79","name":"admin","image":{"@type":"ImageObject","inLanguage":"tr","@id":"https:\/\/secure.gravatar.com\/avatar\/ccc17943b9d660506c869530f897617f7cb1c21a4bf30023f252596d83e1f007?s=96&d=mm&r=g","url":"https:\/\/secure.gravatar.com\/avatar\/ccc17943b9d660506c869530f897617f7cb1c21a4bf30023f252596d83e1f007?s=96&d=mm&r=g","contentUrl":"https:\/\/secure.gravatar.com\/avatar\/ccc17943b9d660506c869530f897617f7cb1c21a4bf30023f252596d83e1f007?s=96&d=mm&r=g","caption":"admin"},"sameAs":["https:\/\/kibrisdakik.com"],"url":"https:\/\/kibrisdakik.com\/?author=1"}]}},"_links":{"self":[{"href":"https:\/\/kibrisdakik.com\/index.php?rest_route=\/wp\/v2\/posts\/36601","targetHints":{"allow":["GET"]}}],"collection":[{"href":"https:\/\/kibrisdakik.com\/index.php?rest_route=\/wp\/v2\/posts"}],"about":[{"href":"https:\/\/kibrisdakik.com\/index.php?rest_route=\/wp\/v2\/types\/post"}],"author":[{"embeddable":true,"href":"https:\/\/kibrisdakik.com\/index.php?rest_route=\/wp\/v2\/users\/1"}],"replies":[{"embeddable":true,"href":"https:\/\/kibrisdakik.com\/index.php?rest_route=%2Fwp%2Fv2%2Fcomments&post=36601"}],"version-history":[{"count":0,"href":"https:\/\/kibrisdakik.com\/index.php?rest_route=\/wp\/v2\/posts\/36601\/revisions"}],"wp:featuredmedia":[{"embeddable":true,"href":"https:\/\/kibrisdakik.com\/index.php?rest_route=\/wp\/v2\/media\/36602"}],"wp:attachment":[{"href":"https:\/\/kibrisdakik.com\/index.php?rest_route=%2Fwp%2Fv2%2Fmedia&parent=36601"}],"wp:term":[{"taxonomy":"category","embeddable":true,"href":"https:\/\/kibrisdakik.com\/index.php?rest_route=%2Fwp%2Fv2%2Fcategories&post=36601"},{"taxonomy":"post_tag","embeddable":true,"href":"https:\/\/kibrisdakik.com\/index.php?rest_route=%2Fwp%2Fv2%2Ftags&post=36601"}],"curies":[{"name":"wp","href":"https:\/\/api.w.org\/{rel}","templated":true}]}}