{"id":36603,"date":"2024-04-01T17:09:49","date_gmt":"2024-04-01T17:09:49","guid":{"rendered":"https:\/\/kibrisdakik.com\/index.php\/2024\/04\/01\/muhtarlik-secim-sonuclari-sonrasi-catisma-cikti-olu-ve-yaralilar-var\/"},"modified":"2024-04-01T17:09:49","modified_gmt":"2024-04-01T17:09:49","slug":"muhtarlik-secim-sonuclari-sonrasi-catisma-cikti-olu-ve-yaralilar-var","status":"publish","type":"post","link":"https:\/\/kibrisdakik.com\/?p=36603","title":{"rendered":"Muhtarl\u0131k se\u00e7im sonu\u00e7lar\u0131 sonras\u0131 \u00e7at\u0131\u015fma \u00e7\u0131kt\u0131: \u00d6l\u00fc ve yaral\u0131lar var"},"content":{"rendered":"<p><img decoding=\"async\" src=\"https:\/\/www.kibristurk.com\/images\/haberler\/2024\/04\/muhtarlik-secim-sonuclari-sonrasi-catisma-cikti-olu-ve-yaralilar-var-1711990522.webp\" \/><\/p>\n<p>Mardin&#8217;in Nusaybin il\u00e7esinde sand\u0131ktan \u00e7\u0131kan muhtarl\u0131k se\u00e7im sonu\u00e7lar\u0131 nedeniyle tart\u0131\u015fan gruplar aras\u0131nda kavga \u00e7at\u0131\u015fmaya d\u00f6n\u00fc\u015ft\u00fc.<\/p>\n<p>K\u0131rsal G\u00f6rentepe Mahallesi&#8217;nde se\u00e7im sonras\u0131 \u00e7\u0131kan \u00e7at\u0131\u015fmada 1 ki\u015fi \u00f6ld\u00fc, 3 ki\u015fi yaraland\u0131.<\/p>\n<p>Kavgada, Hilmi A, Murat A, \u0130brahim Y. ve \u015eevket A. yaraland\u0131.<\/p>\n<p>\u0130hbar \u00fczerine olay yerine jandarma ve 112 Acil Sa\u011fl\u0131k ekipleri sevk edildi.<\/p>\n<p>Yaral\u0131lar ambulanslarla kentteki hastanelere kald\u0131r\u0131ld\u0131.<\/p>\n<p>K\u0131z\u0131ltepe Devlet Hastanesine kald\u0131r\u0131lan Hilmi A, m\u00fcdahaleye ra\u011fmen kurtar\u0131lamad\u0131.<\/p>\n","protected":false},"excerpt":{"rendered":"<p>Mardin&#8217;in Nusaybin il\u00e7esinde sand\u0131ktan \u00e7\u0131kan muhtarl\u0131k se\u00e7im sonu\u00e7lar\u0131 nedeniyle tart\u0131\u015fan gruplar aras\u0131nda kavga \u00e7at\u0131\u015fmaya d\u00f6n\u00fc\u015ft\u00fc. K\u0131rsal G\u00f6rentepe Mahallesi&#8217;nde se\u00e7im sonras\u0131 \u00e7\u0131kan \u00e7at\u0131\u015fmada 1 ki\u015fi \u00f6ld\u00fc, 3 ki\u015fi yaraland\u0131. Kavgada, Hilmi A, Murat A, \u0130brahim Y. ve \u015eevket A. yaraland\u0131. \u0130hbar \u00fczerine olay yerine jandarma ve 112 Acil Sa\u011fl\u0131k ekipleri sevk edildi. Yaral\u0131lar ambulanslarla kentteki hastanelere<\/p>\n","protected":false},"author":1,"featured_media":36604,"comment_status":"open","ping_status":"open","sticky":false,"template":"","format":"standard","meta":{"footnotes":""},"categories":[85],"tags":[],"class_list":["post-36603","post","type-post","status-publish","format-standard","has-post-thumbnail","hentry","category-spor"],"yoast_head":"<!-- This site is optimized with the Yoast SEO plugin v27.4 - https:\/\/yoast.com\/product\/yoast-seo-wordpress\/ -->\n<title>Muhtarl\u0131k se\u00e7im sonu\u00e7lar\u0131 sonras\u0131 \u00e7at\u0131\u015fma \u00e7\u0131kt\u0131: \u00d6l\u00fc ve yaral\u0131lar var -<\/title>\n<meta name=\"robots\" content=\"index, follow, max-snippet:-1, max-image-preview:large, max-video-preview:-1\" \/>\n<link rel=\"canonical\" href=\"https:\/\/kibrisdakik.com\/?p=36603\" \/>\n<meta property=\"og:locale\" content=\"tr_TR\" \/>\n<meta property=\"og:type\" content=\"article\" \/>\n<meta property=\"og:title\" content=\"Muhtarl\u0131k se\u00e7im sonu\u00e7lar\u0131 sonras\u0131 \u00e7at\u0131\u015fma \u00e7\u0131kt\u0131: \u00d6l\u00fc ve yaral\u0131lar var -\" \/>\n<meta property=\"og:description\" content=\"Mardin&#8217;in Nusaybin il\u00e7esinde sand\u0131ktan \u00e7\u0131kan muhtarl\u0131k se\u00e7im sonu\u00e7lar\u0131 nedeniyle tart\u0131\u015fan gruplar aras\u0131nda kavga \u00e7at\u0131\u015fmaya d\u00f6n\u00fc\u015ft\u00fc. K\u0131rsal G\u00f6rentepe Mahallesi&#8217;nde se\u00e7im sonras\u0131 \u00e7\u0131kan \u00e7at\u0131\u015fmada 1 ki\u015fi \u00f6ld\u00fc, 3 ki\u015fi yaraland\u0131. Kavgada, Hilmi A, Murat A, \u0130brahim Y. ve \u015eevket A. yaraland\u0131. \u0130hbar \u00fczerine olay yerine jandarma ve 112 Acil Sa\u011fl\u0131k ekipleri sevk edildi. Yaral\u0131lar ambulanslarla kentteki hastanelere\" \/>\n<meta property=\"og:url\" content=\"https:\/\/kibrisdakik.com\/?p=36603\" \/>\n<meta property=\"article:published_time\" content=\"2024-04-01T17:09:49+00:00\" \/>\n<meta property=\"og:image\" content=\"https:\/\/kibrisdakik.com\/wp-content\/uploads\/2024\/04\/muhtarlik-secim-sonuclari-sonrasi-catisma-cikti-olu-ve-yaralilar-var-1711990522.webp.webp\" \/>\n\t<meta property=\"og:image:width\" content=\"710\" \/>\n\t<meta property=\"og:image:height\" content=\"370\" \/>\n\t<meta property=\"og:image:type\" content=\"image\/webp\" \/>\n<meta name=\"author\" content=\"admin\" \/>\n<meta name=\"twitter:card\" content=\"summary_large_image\" \/>\n<meta name=\"twitter:label1\" content=\"Yazan:\" \/>\n\t<meta name=\"twitter:data1\" content=\"admin\" \/>\n<script type=\"application\/ld+json\" class=\"yoast-schema-graph\">{\"@context\":\"https:\\\/\\\/schema.org\",\"@graph\":[{\"@type\":\"Article\",\"@id\":\"https:\\\/\\\/kibrisdakik.com\\\/?p=36603#article\",\"isPartOf\":{\"@id\":\"https:\\\/\\\/kibrisdakik.com\\\/?p=36603\"},\"author\":{\"name\":\"admin\",\"@id\":\"https:\\\/\\\/kibrisdakik.com\\\/#\\\/schema\\\/person\\\/9cd9d437bbb44f72b73ba127e06d8e79\"},\"headline\":\"Muhtarl\u0131k se\u00e7im sonu\u00e7lar\u0131 sonras\u0131 \u00e7at\u0131\u015fma \u00e7\u0131kt\u0131: \u00d6l\u00fc ve yaral\u0131lar var\",\"datePublished\":\"2024-04-01T17:09:49+00:00\",\"mainEntityOfPage\":{\"@id\":\"https:\\\/\\\/kibrisdakik.com\\\/?p=36603\"},\"wordCount\":105,\"commentCount\":0,\"image\":{\"@id\":\"https:\\\/\\\/kibrisdakik.com\\\/?p=36603#primaryimage\"},\"thumbnailUrl\":\"https:\\\/\\\/kibrisdakik.com\\\/wp-content\\\/uploads\\\/2024\\\/04\\\/muhtarlik-secim-sonuclari-sonrasi-catisma-cikti-olu-ve-yaralilar-var-1711990522.webp.webp\",\"articleSection\":[\"Spor\"],\"inLanguage\":\"tr\",\"potentialAction\":[{\"@type\":\"CommentAction\",\"name\":\"Comment\",\"target\":[\"https:\\\/\\\/kibrisdakik.com\\\/?p=36603#respond\"]}]},{\"@type\":\"WebPage\",\"@id\":\"https:\\\/\\\/kibrisdakik.com\\\/?p=36603\",\"url\":\"https:\\\/\\\/kibrisdakik.com\\\/?p=36603\",\"name\":\"Muhtarl\u0131k se\u00e7im sonu\u00e7lar\u0131 sonras\u0131 \u00e7at\u0131\u015fma \u00e7\u0131kt\u0131: \u00d6l\u00fc ve yaral\u0131lar var -\",\"isPartOf\":{\"@id\":\"https:\\\/\\\/kibrisdakik.com\\\/#website\"},\"primaryImageOfPage\":{\"@id\":\"https:\\\/\\\/kibrisdakik.com\\\/?p=36603#primaryimage\"},\"image\":{\"@id\":\"https:\\\/\\\/kibrisdakik.com\\\/?p=36603#primaryimage\"},\"thumbnailUrl\":\"https:\\\/\\\/kibrisdakik.com\\\/wp-content\\\/uploads\\\/2024\\\/04\\\/muhtarlik-secim-sonuclari-sonrasi-catisma-cikti-olu-ve-yaralilar-var-1711990522.webp.webp\",\"datePublished\":\"2024-04-01T17:09:49+00:00\",\"author\":{\"@id\":\"https:\\\/\\\/kibrisdakik.com\\\/#\\\/schema\\\/person\\\/9cd9d437bbb44f72b73ba127e06d8e79\"},\"breadcrumb\":{\"@id\":\"https:\\\/\\\/kibrisdakik.com\\\/?p=36603#breadcrumb\"},\"inLanguage\":\"tr\",\"potentialAction\":[{\"@type\":\"ReadAction\",\"target\":[\"https:\\\/\\\/kibrisdakik.com\\\/?p=36603\"]}]},{\"@type\":\"ImageObject\",\"inLanguage\":\"tr\",\"@id\":\"https:\\\/\\\/kibrisdakik.com\\\/?p=36603#primaryimage\",\"url\":\"https:\\\/\\\/kibrisdakik.com\\\/wp-content\\\/uploads\\\/2024\\\/04\\\/muhtarlik-secim-sonuclari-sonrasi-catisma-cikti-olu-ve-yaralilar-var-1711990522.webp.webp\",\"contentUrl\":\"https:\\\/\\\/kibrisdakik.com\\\/wp-content\\\/uploads\\\/2024\\\/04\\\/muhtarlik-secim-sonuclari-sonrasi-catisma-cikti-olu-ve-yaralilar-var-1711990522.webp.webp\",\"width\":710,\"height\":370},{\"@type\":\"BreadcrumbList\",\"@id\":\"https:\\\/\\\/kibrisdakik.com\\\/?p=36603#breadcrumb\",\"itemListElement\":[{\"@type\":\"ListItem\",\"position\":1,\"name\":\"Home\",\"item\":\"https:\\\/\\\/kibrisdakik.com\\\/\"},{\"@type\":\"ListItem\",\"position\":2,\"name\":\"Muhtarl\u0131k se\u00e7im sonu\u00e7lar\u0131 sonras\u0131 \u00e7at\u0131\u015fma \u00e7\u0131kt\u0131: \u00d6l\u00fc ve yaral\u0131lar var\"}]},{\"@type\":\"WebSite\",\"@id\":\"https:\\\/\\\/kibrisdakik.com\\\/#website\",\"url\":\"https:\\\/\\\/kibrisdakik.com\\\/\",\"name\":\"\",\"description\":\"Tam vaktinde haber\",\"potentialAction\":[{\"@type\":\"SearchAction\",\"target\":{\"@type\":\"EntryPoint\",\"urlTemplate\":\"https:\\\/\\\/kibrisdakik.com\\\/?s={search_term_string}\"},\"query-input\":{\"@type\":\"PropertyValueSpecification\",\"valueRequired\":true,\"valueName\":\"search_term_string\"}}],\"inLanguage\":\"tr\"},{\"@type\":\"Person\",\"@id\":\"https:\\\/\\\/kibrisdakik.com\\\/#\\\/schema\\\/person\\\/9cd9d437bbb44f72b73ba127e06d8e79\",\"name\":\"admin\",\"image\":{\"@type\":\"ImageObject\",\"inLanguage\":\"tr\",\"@id\":\"https:\\\/\\\/secure.gravatar.com\\\/avatar\\\/ccc17943b9d660506c869530f897617f7cb1c21a4bf30023f252596d83e1f007?s=96&d=mm&r=g\",\"url\":\"https:\\\/\\\/secure.gravatar.com\\\/avatar\\\/ccc17943b9d660506c869530f897617f7cb1c21a4bf30023f252596d83e1f007?s=96&d=mm&r=g\",\"contentUrl\":\"https:\\\/\\\/secure.gravatar.com\\\/avatar\\\/ccc17943b9d660506c869530f897617f7cb1c21a4bf30023f252596d83e1f007?s=96&d=mm&r=g\",\"caption\":\"admin\"},\"sameAs\":[\"https:\\\/\\\/kibrisdakik.com\"],\"url\":\"https:\\\/\\\/kibrisdakik.com\\\/?author=1\"}]}<\/script>\n<!-- \/ Yoast SEO plugin. -->","yoast_head_json":{"title":"Muhtarl\u0131k se\u00e7im sonu\u00e7lar\u0131 sonras\u0131 \u00e7at\u0131\u015fma \u00e7\u0131kt\u0131: \u00d6l\u00fc ve yaral\u0131lar var -","robots":{"index":"index","follow":"follow","max-snippet":"max-snippet:-1","max-image-preview":"max-image-preview:large","max-video-preview":"max-video-preview:-1"},"canonical":"https:\/\/kibrisdakik.com\/?p=36603","og_locale":"tr_TR","og_type":"article","og_title":"Muhtarl\u0131k se\u00e7im sonu\u00e7lar\u0131 sonras\u0131 \u00e7at\u0131\u015fma \u00e7\u0131kt\u0131: \u00d6l\u00fc ve yaral\u0131lar var -","og_description":"Mardin&#8217;in Nusaybin il\u00e7esinde sand\u0131ktan \u00e7\u0131kan muhtarl\u0131k se\u00e7im sonu\u00e7lar\u0131 nedeniyle tart\u0131\u015fan gruplar aras\u0131nda kavga \u00e7at\u0131\u015fmaya d\u00f6n\u00fc\u015ft\u00fc. K\u0131rsal G\u00f6rentepe Mahallesi&#8217;nde se\u00e7im sonras\u0131 \u00e7\u0131kan \u00e7at\u0131\u015fmada 1 ki\u015fi \u00f6ld\u00fc, 3 ki\u015fi yaraland\u0131. Kavgada, Hilmi A, Murat A, \u0130brahim Y. ve \u015eevket A. yaraland\u0131. \u0130hbar \u00fczerine olay yerine jandarma ve 112 Acil Sa\u011fl\u0131k ekipleri sevk edildi. Yaral\u0131lar ambulanslarla kentteki hastanelere","og_url":"https:\/\/kibrisdakik.com\/?p=36603","article_published_time":"2024-04-01T17:09:49+00:00","og_image":[{"width":710,"height":370,"url":"https:\/\/kibrisdakik.com\/wp-content\/uploads\/2024\/04\/muhtarlik-secim-sonuclari-sonrasi-catisma-cikti-olu-ve-yaralilar-var-1711990522.webp.webp","type":"image\/webp"}],"author":"admin","twitter_card":"summary_large_image","twitter_misc":{"Yazan:":"admin"},"schema":{"@context":"https:\/\/schema.org","@graph":[{"@type":"Article","@id":"https:\/\/kibrisdakik.com\/?p=36603#article","isPartOf":{"@id":"https:\/\/kibrisdakik.com\/?p=36603"},"author":{"name":"admin","@id":"https:\/\/kibrisdakik.com\/#\/schema\/person\/9cd9d437bbb44f72b73ba127e06d8e79"},"headline":"Muhtarl\u0131k se\u00e7im sonu\u00e7lar\u0131 sonras\u0131 \u00e7at\u0131\u015fma \u00e7\u0131kt\u0131: \u00d6l\u00fc ve yaral\u0131lar var","datePublished":"2024-04-01T17:09:49+00:00","mainEntityOfPage":{"@id":"https:\/\/kibrisdakik.com\/?p=36603"},"wordCount":105,"commentCount":0,"image":{"@id":"https:\/\/kibrisdakik.com\/?p=36603#primaryimage"},"thumbnailUrl":"https:\/\/kibrisdakik.com\/wp-content\/uploads\/2024\/04\/muhtarlik-secim-sonuclari-sonrasi-catisma-cikti-olu-ve-yaralilar-var-1711990522.webp.webp","articleSection":["Spor"],"inLanguage":"tr","potentialAction":[{"@type":"CommentAction","name":"Comment","target":["https:\/\/kibrisdakik.com\/?p=36603#respond"]}]},{"@type":"WebPage","@id":"https:\/\/kibrisdakik.com\/?p=36603","url":"https:\/\/kibrisdakik.com\/?p=36603","name":"Muhtarl\u0131k se\u00e7im sonu\u00e7lar\u0131 sonras\u0131 \u00e7at\u0131\u015fma \u00e7\u0131kt\u0131: \u00d6l\u00fc ve yaral\u0131lar var -","isPartOf":{"@id":"https:\/\/kibrisdakik.com\/#website"},"primaryImageOfPage":{"@id":"https:\/\/kibrisdakik.com\/?p=36603#primaryimage"},"image":{"@id":"https:\/\/kibrisdakik.com\/?p=36603#primaryimage"},"thumbnailUrl":"https:\/\/kibrisdakik.com\/wp-content\/uploads\/2024\/04\/muhtarlik-secim-sonuclari-sonrasi-catisma-cikti-olu-ve-yaralilar-var-1711990522.webp.webp","datePublished":"2024-04-01T17:09:49+00:00","author":{"@id":"https:\/\/kibrisdakik.com\/#\/schema\/person\/9cd9d437bbb44f72b73ba127e06d8e79"},"breadcrumb":{"@id":"https:\/\/kibrisdakik.com\/?p=36603#breadcrumb"},"inLanguage":"tr","potentialAction":[{"@type":"ReadAction","target":["https:\/\/kibrisdakik.com\/?p=36603"]}]},{"@type":"ImageObject","inLanguage":"tr","@id":"https:\/\/kibrisdakik.com\/?p=36603#primaryimage","url":"https:\/\/kibrisdakik.com\/wp-content\/uploads\/2024\/04\/muhtarlik-secim-sonuclari-sonrasi-catisma-cikti-olu-ve-yaralilar-var-1711990522.webp.webp","contentUrl":"https:\/\/kibrisdakik.com\/wp-content\/uploads\/2024\/04\/muhtarlik-secim-sonuclari-sonrasi-catisma-cikti-olu-ve-yaralilar-var-1711990522.webp.webp","width":710,"height":370},{"@type":"BreadcrumbList","@id":"https:\/\/kibrisdakik.com\/?p=36603#breadcrumb","itemListElement":[{"@type":"ListItem","position":1,"name":"Home","item":"https:\/\/kibrisdakik.com\/"},{"@type":"ListItem","position":2,"name":"Muhtarl\u0131k se\u00e7im sonu\u00e7lar\u0131 sonras\u0131 \u00e7at\u0131\u015fma \u00e7\u0131kt\u0131: \u00d6l\u00fc ve yaral\u0131lar var"}]},{"@type":"WebSite","@id":"https:\/\/kibrisdakik.com\/#website","url":"https:\/\/kibrisdakik.com\/","name":"","description":"Tam vaktinde haber","potentialAction":[{"@type":"SearchAction","target":{"@type":"EntryPoint","urlTemplate":"https:\/\/kibrisdakik.com\/?s={search_term_string}"},"query-input":{"@type":"PropertyValueSpecification","valueRequired":true,"valueName":"search_term_string"}}],"inLanguage":"tr"},{"@type":"Person","@id":"https:\/\/kibrisdakik.com\/#\/schema\/person\/9cd9d437bbb44f72b73ba127e06d8e79","name":"admin","image":{"@type":"ImageObject","inLanguage":"tr","@id":"https:\/\/secure.gravatar.com\/avatar\/ccc17943b9d660506c869530f897617f7cb1c21a4bf30023f252596d83e1f007?s=96&d=mm&r=g","url":"https:\/\/secure.gravatar.com\/avatar\/ccc17943b9d660506c869530f897617f7cb1c21a4bf30023f252596d83e1f007?s=96&d=mm&r=g","contentUrl":"https:\/\/secure.gravatar.com\/avatar\/ccc17943b9d660506c869530f897617f7cb1c21a4bf30023f252596d83e1f007?s=96&d=mm&r=g","caption":"admin"},"sameAs":["https:\/\/kibrisdakik.com"],"url":"https:\/\/kibrisdakik.com\/?author=1"}]}},"_links":{"self":[{"href":"https:\/\/kibrisdakik.com\/index.php?rest_route=\/wp\/v2\/posts\/36603","targetHints":{"allow":["GET"]}}],"collection":[{"href":"https:\/\/kibrisdakik.com\/index.php?rest_route=\/wp\/v2\/posts"}],"about":[{"href":"https:\/\/kibrisdakik.com\/index.php?rest_route=\/wp\/v2\/types\/post"}],"author":[{"embeddable":true,"href":"https:\/\/kibrisdakik.com\/index.php?rest_route=\/wp\/v2\/users\/1"}],"replies":[{"embeddable":true,"href":"https:\/\/kibrisdakik.com\/index.php?rest_route=%2Fwp%2Fv2%2Fcomments&post=36603"}],"version-history":[{"count":0,"href":"https:\/\/kibrisdakik.com\/index.php?rest_route=\/wp\/v2\/posts\/36603\/revisions"}],"wp:featuredmedia":[{"embeddable":true,"href":"https:\/\/kibrisdakik.com\/index.php?rest_route=\/wp\/v2\/media\/36604"}],"wp:attachment":[{"href":"https:\/\/kibrisdakik.com\/index.php?rest_route=%2Fwp%2Fv2%2Fmedia&parent=36603"}],"wp:term":[{"taxonomy":"category","embeddable":true,"href":"https:\/\/kibrisdakik.com\/index.php?rest_route=%2Fwp%2Fv2%2Fcategories&post=36603"},{"taxonomy":"post_tag","embeddable":true,"href":"https:\/\/kibrisdakik.com\/index.php?rest_route=%2Fwp%2Fv2%2Ftags&post=36603"}],"curies":[{"name":"wp","href":"https:\/\/api.w.org\/{rel}","templated":true}]}}