{"id":36611,"date":"2024-04-01T18:10:22","date_gmt":"2024-04-01T18:10:22","guid":{"rendered":"https:\/\/kibrisdakik.com\/index.php\/2024\/04\/01\/yunanistanda-mart-ayinda-sicaklik-rekoru-kirildi\/"},"modified":"2024-04-01T18:10:22","modified_gmt":"2024-04-01T18:10:22","slug":"yunanistanda-mart-ayinda-sicaklik-rekoru-kirildi","status":"publish","type":"post","link":"https:\/\/kibrisdakik.com\/?p=36611","title":{"rendered":"Yunanistan&#039;da mart ay\u0131nda s\u0131cakl\u0131k rekoru k\u0131r\u0131ld\u0131"},"content":{"rendered":"<p><img decoding=\"async\" src=\"https:\/\/www.kibristurk.com\/images\/haberler\/2024\/04\/yunanistanda-mart-ayinda-sicaklik-rekoru-kirildi-1711991298.webp\" \/><\/p>\n<p>Yunanistan Meteoroloji Dairesinin verilerine g\u00f6re, 28-31 Mart&#8217;ta s\u0131cakl\u0131klar, \u00fclkenin bir\u00e7ok b\u00f6lgesinde mevsim normallerinin \u00fczerinde seyretti.<\/p>\n<p>Martta bug\u00fcne dek kaydedilen en y\u00fcksek s\u0131cakl\u0131klar g\u00f6z \u00f6n\u00fcne al\u0131nd\u0131\u011f\u0131nda, s\u0131cakl\u0131klar 30 dereceye yakla\u015farak rekor seviyeye ula\u015ft\u0131.<\/p>\n<p>En y\u00fcksek s\u0131cakl\u0131k, 31 Mart&#8217;ta Livadia kentinde 29,8 derece olarak \u00f6l\u00e7\u00fcld\u00fc.<\/p>\n<h3>AFR\u0130KA TOZU DA B\u0130R\u00c7OK B\u00d6LGEDE ETK\u0130L\u0130<\/h3>\n<p>Afrika \u00fczerinden gelen s\u0131cak hava dalgas\u0131n\u0131n beraberinde getirdi\u011fi Afrika tozu da \u00fclkede bir\u00e7ok b\u00f6lgeyi etkisi alt\u0131na ald\u0131.<\/p>\n<p>Uzmanlar\u0131n \u00f6ng\u00f6r\u00fcleri, Afrika \u00fczerinden gelen s\u0131cak havan\u0131n yar\u0131n da rekorlara neden olmas\u0131 ve s\u0131cakl\u0131\u011f\u0131n 30-31 dereceleri bulmas\u0131 y\u00f6n\u00fcnde.<\/p>\n<p>Yunanistan Meteoroloji Dairesinin yay\u0131mlad\u0131\u011f\u0131 analizde, \u00fclkede 2023-2024 k\u0131\u015f\u0131n\u0131n, bug\u00fcne dek kaydedilmi\u015f en y\u00fcksek s\u0131cakl\u0131ktaki k\u0131\u015f oldu\u011fu aktar\u0131lm\u0131\u015ft\u0131.<\/p>\n<p>\u00dclkede Aral\u0131k 2023, Ocak ve \u015eubat 2024 aylar\u0131nda hava s\u0131cakl\u0131\u011f\u0131 mevsim normallerinin \u00fczerinde seyretti\u011fi ve Yunanistan k\u0131\u015f s\u0131cakl\u0131\u011f\u0131n\u0131n 1960&#8217;dan bug\u00fcne 1,8 derece y\u00fckselerek 11 derecenin \u00fczerine \u00e7\u0131kt\u0131\u011f\u0131 vurgulanm\u0131\u015ft\u0131.<\/p>\n<p>Yunanistan&#8217;da uzmanlar, ge\u00e7en hafta, Afrika \u00fczerinden gelen &#8220;\u00e7\u00f6l tozu&#8221;nun, toksik ve sa\u011fl\u0131\u011fa zararl\u0131 oldu\u011fu y\u00f6n\u00fcnde uyar\u0131da bulunmu\u015ftu.<\/p>\n<p>Yunanistan G\u00f6\u011f\u00fcs Hastal\u0131klar\u0131 Birli\u011fince yap\u0131lan a\u00e7\u0131klamada, Afrika \u00fczerinden gelen &#8220;\u00e7\u00f6l tozu&#8221;nun polen, bakteri ve mantarlarla birle\u015ferek ba\u015fta solunum sistemi olmak \u00fczere insan sa\u011fl\u0131\u011f\u0131 i\u00e7in toksik ve zararl\u0131 bir kar\u0131\u015f\u0131m olan k\u00fc\u00e7\u00fck par\u00e7ac\u0131klar i\u00e7erdi\u011fi belirtilmi\u015f, \u00f6zellikle solunum sorunu bulunanlar\u0131n dikkatli olmas\u0131 istenmi\u015fti.<\/p>\n","protected":false},"excerpt":{"rendered":"<p>Yunanistan Meteoroloji Dairesinin verilerine g\u00f6re, 28-31 Mart&#8217;ta s\u0131cakl\u0131klar, \u00fclkenin bir\u00e7ok b\u00f6lgesinde mevsim normallerinin \u00fczerinde seyretti. Martta bug\u00fcne dek kaydedilen en y\u00fcksek s\u0131cakl\u0131klar g\u00f6z \u00f6n\u00fcne al\u0131nd\u0131\u011f\u0131nda, s\u0131cakl\u0131klar 30 dereceye yakla\u015farak rekor seviyeye ula\u015ft\u0131. En y\u00fcksek s\u0131cakl\u0131k, 31 Mart&#8217;ta Livadia kentinde 29,8 derece olarak \u00f6l\u00e7\u00fcld\u00fc. AFR\u0130KA TOZU DA B\u0130R\u00c7OK B\u00d6LGEDE ETK\u0130L\u0130 Afrika \u00fczerinden gelen s\u0131cak hava dalgas\u0131n\u0131n<\/p>\n","protected":false},"author":1,"featured_media":36612,"comment_status":"open","ping_status":"open","sticky":false,"template":"","format":"standard","meta":{"footnotes":""},"categories":[85],"tags":[],"class_list":["post-36611","post","type-post","status-publish","format-standard","has-post-thumbnail","hentry","category-spor"],"yoast_head":"<!-- This site is optimized with the Yoast SEO plugin v27.5 - https:\/\/yoast.com\/product\/yoast-seo-wordpress\/ -->\n<title>Yunanistan&#039;da mart ay\u0131nda s\u0131cakl\u0131k rekoru k\u0131r\u0131ld\u0131 -<\/title>\n<meta name=\"robots\" content=\"index, follow, max-snippet:-1, max-image-preview:large, max-video-preview:-1\" \/>\n<link rel=\"canonical\" href=\"https:\/\/kibrisdakik.com\/?p=36611\" \/>\n<meta property=\"og:locale\" content=\"tr_TR\" \/>\n<meta property=\"og:type\" content=\"article\" \/>\n<meta property=\"og:title\" content=\"Yunanistan&#039;da mart ay\u0131nda s\u0131cakl\u0131k rekoru k\u0131r\u0131ld\u0131 -\" \/>\n<meta property=\"og:description\" content=\"Yunanistan Meteoroloji Dairesinin verilerine g\u00f6re, 28-31 Mart&#8217;ta s\u0131cakl\u0131klar, \u00fclkenin bir\u00e7ok b\u00f6lgesinde mevsim normallerinin \u00fczerinde seyretti. Martta bug\u00fcne dek kaydedilen en y\u00fcksek s\u0131cakl\u0131klar g\u00f6z \u00f6n\u00fcne al\u0131nd\u0131\u011f\u0131nda, s\u0131cakl\u0131klar 30 dereceye yakla\u015farak rekor seviyeye ula\u015ft\u0131. En y\u00fcksek s\u0131cakl\u0131k, 31 Mart&#8217;ta Livadia kentinde 29,8 derece olarak \u00f6l\u00e7\u00fcld\u00fc. AFR\u0130KA TOZU DA B\u0130R\u00c7OK B\u00d6LGEDE ETK\u0130L\u0130 Afrika \u00fczerinden gelen s\u0131cak hava dalgas\u0131n\u0131n\" \/>\n<meta property=\"og:url\" content=\"https:\/\/kibrisdakik.com\/?p=36611\" \/>\n<meta property=\"article:published_time\" content=\"2024-04-01T18:10:22+00:00\" \/>\n<meta property=\"og:image\" content=\"https:\/\/kibrisdakik.com\/wp-content\/uploads\/2024\/04\/yunanistanda-mart-ayinda-sicaklik-rekoru-kirildi-1711991298.webp.webp\" \/>\n\t<meta property=\"og:image:width\" content=\"710\" \/>\n\t<meta property=\"og:image:height\" content=\"370\" \/>\n\t<meta property=\"og:image:type\" content=\"image\/webp\" \/>\n<meta name=\"author\" content=\"admin\" \/>\n<meta name=\"twitter:card\" content=\"summary_large_image\" \/>\n<meta name=\"twitter:label1\" content=\"Yazan:\" \/>\n\t<meta name=\"twitter:data1\" content=\"admin\" \/>\n\t<meta name=\"twitter:label2\" content=\"Tahmini okuma s\u00fcresi\" \/>\n\t<meta name=\"twitter:data2\" content=\"1 dakika\" \/>\n<script type=\"application\/ld+json\" class=\"yoast-schema-graph\">{\"@context\":\"https:\\\/\\\/schema.org\",\"@graph\":[{\"@type\":\"Article\",\"@id\":\"https:\\\/\\\/kibrisdakik.com\\\/?p=36611#article\",\"isPartOf\":{\"@id\":\"https:\\\/\\\/kibrisdakik.com\\\/?p=36611\"},\"author\":{\"name\":\"admin\",\"@id\":\"https:\\\/\\\/kibrisdakik.com\\\/#\\\/schema\\\/person\\\/9cd9d437bbb44f72b73ba127e06d8e79\"},\"headline\":\"Yunanistan&#039;da mart ay\u0131nda s\u0131cakl\u0131k rekoru k\u0131r\u0131ld\u0131\",\"datePublished\":\"2024-04-01T18:10:22+00:00\",\"mainEntityOfPage\":{\"@id\":\"https:\\\/\\\/kibrisdakik.com\\\/?p=36611\"},\"wordCount\":282,\"commentCount\":0,\"image\":{\"@id\":\"https:\\\/\\\/kibrisdakik.com\\\/?p=36611#primaryimage\"},\"thumbnailUrl\":\"https:\\\/\\\/kibrisdakik.com\\\/wp-content\\\/uploads\\\/2024\\\/04\\\/yunanistanda-mart-ayinda-sicaklik-rekoru-kirildi-1711991298.webp.webp\",\"articleSection\":[\"Spor\"],\"inLanguage\":\"tr\",\"potentialAction\":[{\"@type\":\"CommentAction\",\"name\":\"Comment\",\"target\":[\"https:\\\/\\\/kibrisdakik.com\\\/?p=36611#respond\"]}]},{\"@type\":\"WebPage\",\"@id\":\"https:\\\/\\\/kibrisdakik.com\\\/?p=36611\",\"url\":\"https:\\\/\\\/kibrisdakik.com\\\/?p=36611\",\"name\":\"Yunanistan&#039;da mart ay\u0131nda s\u0131cakl\u0131k rekoru k\u0131r\u0131ld\u0131 -\",\"isPartOf\":{\"@id\":\"https:\\\/\\\/kibrisdakik.com\\\/#website\"},\"primaryImageOfPage\":{\"@id\":\"https:\\\/\\\/kibrisdakik.com\\\/?p=36611#primaryimage\"},\"image\":{\"@id\":\"https:\\\/\\\/kibrisdakik.com\\\/?p=36611#primaryimage\"},\"thumbnailUrl\":\"https:\\\/\\\/kibrisdakik.com\\\/wp-content\\\/uploads\\\/2024\\\/04\\\/yunanistanda-mart-ayinda-sicaklik-rekoru-kirildi-1711991298.webp.webp\",\"datePublished\":\"2024-04-01T18:10:22+00:00\",\"author\":{\"@id\":\"https:\\\/\\\/kibrisdakik.com\\\/#\\\/schema\\\/person\\\/9cd9d437bbb44f72b73ba127e06d8e79\"},\"breadcrumb\":{\"@id\":\"https:\\\/\\\/kibrisdakik.com\\\/?p=36611#breadcrumb\"},\"inLanguage\":\"tr\",\"potentialAction\":[{\"@type\":\"ReadAction\",\"target\":[\"https:\\\/\\\/kibrisdakik.com\\\/?p=36611\"]}]},{\"@type\":\"ImageObject\",\"inLanguage\":\"tr\",\"@id\":\"https:\\\/\\\/kibrisdakik.com\\\/?p=36611#primaryimage\",\"url\":\"https:\\\/\\\/kibrisdakik.com\\\/wp-content\\\/uploads\\\/2024\\\/04\\\/yunanistanda-mart-ayinda-sicaklik-rekoru-kirildi-1711991298.webp.webp\",\"contentUrl\":\"https:\\\/\\\/kibrisdakik.com\\\/wp-content\\\/uploads\\\/2024\\\/04\\\/yunanistanda-mart-ayinda-sicaklik-rekoru-kirildi-1711991298.webp.webp\",\"width\":710,\"height\":370},{\"@type\":\"BreadcrumbList\",\"@id\":\"https:\\\/\\\/kibrisdakik.com\\\/?p=36611#breadcrumb\",\"itemListElement\":[{\"@type\":\"ListItem\",\"position\":1,\"name\":\"Home\",\"item\":\"https:\\\/\\\/kibrisdakik.com\\\/\"},{\"@type\":\"ListItem\",\"position\":2,\"name\":\"Yunanistan&#039;da mart ay\u0131nda s\u0131cakl\u0131k rekoru k\u0131r\u0131ld\u0131\"}]},{\"@type\":\"WebSite\",\"@id\":\"https:\\\/\\\/kibrisdakik.com\\\/#website\",\"url\":\"https:\\\/\\\/kibrisdakik.com\\\/\",\"name\":\"\",\"description\":\"Tam vaktinde haber\",\"potentialAction\":[{\"@type\":\"SearchAction\",\"target\":{\"@type\":\"EntryPoint\",\"urlTemplate\":\"https:\\\/\\\/kibrisdakik.com\\\/?s={search_term_string}\"},\"query-input\":{\"@type\":\"PropertyValueSpecification\",\"valueRequired\":true,\"valueName\":\"search_term_string\"}}],\"inLanguage\":\"tr\"},{\"@type\":\"Person\",\"@id\":\"https:\\\/\\\/kibrisdakik.com\\\/#\\\/schema\\\/person\\\/9cd9d437bbb44f72b73ba127e06d8e79\",\"name\":\"admin\",\"image\":{\"@type\":\"ImageObject\",\"inLanguage\":\"tr\",\"@id\":\"https:\\\/\\\/secure.gravatar.com\\\/avatar\\\/ccc17943b9d660506c869530f897617f7cb1c21a4bf30023f252596d83e1f007?s=96&d=mm&r=g\",\"url\":\"https:\\\/\\\/secure.gravatar.com\\\/avatar\\\/ccc17943b9d660506c869530f897617f7cb1c21a4bf30023f252596d83e1f007?s=96&d=mm&r=g\",\"contentUrl\":\"https:\\\/\\\/secure.gravatar.com\\\/avatar\\\/ccc17943b9d660506c869530f897617f7cb1c21a4bf30023f252596d83e1f007?s=96&d=mm&r=g\",\"caption\":\"admin\"},\"sameAs\":[\"https:\\\/\\\/kibrisdakik.com\"],\"url\":\"https:\\\/\\\/kibrisdakik.com\\\/?author=1\"}]}<\/script>\n<!-- \/ Yoast SEO plugin. -->","yoast_head_json":{"title":"Yunanistan&#039;da mart ay\u0131nda s\u0131cakl\u0131k rekoru k\u0131r\u0131ld\u0131 -","robots":{"index":"index","follow":"follow","max-snippet":"max-snippet:-1","max-image-preview":"max-image-preview:large","max-video-preview":"max-video-preview:-1"},"canonical":"https:\/\/kibrisdakik.com\/?p=36611","og_locale":"tr_TR","og_type":"article","og_title":"Yunanistan&#039;da mart ay\u0131nda s\u0131cakl\u0131k rekoru k\u0131r\u0131ld\u0131 -","og_description":"Yunanistan Meteoroloji Dairesinin verilerine g\u00f6re, 28-31 Mart&#8217;ta s\u0131cakl\u0131klar, \u00fclkenin bir\u00e7ok b\u00f6lgesinde mevsim normallerinin \u00fczerinde seyretti. Martta bug\u00fcne dek kaydedilen en y\u00fcksek s\u0131cakl\u0131klar g\u00f6z \u00f6n\u00fcne al\u0131nd\u0131\u011f\u0131nda, s\u0131cakl\u0131klar 30 dereceye yakla\u015farak rekor seviyeye ula\u015ft\u0131. En y\u00fcksek s\u0131cakl\u0131k, 31 Mart&#8217;ta Livadia kentinde 29,8 derece olarak \u00f6l\u00e7\u00fcld\u00fc. AFR\u0130KA TOZU DA B\u0130R\u00c7OK B\u00d6LGEDE ETK\u0130L\u0130 Afrika \u00fczerinden gelen s\u0131cak hava dalgas\u0131n\u0131n","og_url":"https:\/\/kibrisdakik.com\/?p=36611","article_published_time":"2024-04-01T18:10:22+00:00","og_image":[{"width":710,"height":370,"url":"https:\/\/kibrisdakik.com\/wp-content\/uploads\/2024\/04\/yunanistanda-mart-ayinda-sicaklik-rekoru-kirildi-1711991298.webp.webp","type":"image\/webp"}],"author":"admin","twitter_card":"summary_large_image","twitter_misc":{"Yazan:":"admin","Tahmini okuma s\u00fcresi":"1 dakika"},"schema":{"@context":"https:\/\/schema.org","@graph":[{"@type":"Article","@id":"https:\/\/kibrisdakik.com\/?p=36611#article","isPartOf":{"@id":"https:\/\/kibrisdakik.com\/?p=36611"},"author":{"name":"admin","@id":"https:\/\/kibrisdakik.com\/#\/schema\/person\/9cd9d437bbb44f72b73ba127e06d8e79"},"headline":"Yunanistan&#039;da mart ay\u0131nda s\u0131cakl\u0131k rekoru k\u0131r\u0131ld\u0131","datePublished":"2024-04-01T18:10:22+00:00","mainEntityOfPage":{"@id":"https:\/\/kibrisdakik.com\/?p=36611"},"wordCount":282,"commentCount":0,"image":{"@id":"https:\/\/kibrisdakik.com\/?p=36611#primaryimage"},"thumbnailUrl":"https:\/\/kibrisdakik.com\/wp-content\/uploads\/2024\/04\/yunanistanda-mart-ayinda-sicaklik-rekoru-kirildi-1711991298.webp.webp","articleSection":["Spor"],"inLanguage":"tr","potentialAction":[{"@type":"CommentAction","name":"Comment","target":["https:\/\/kibrisdakik.com\/?p=36611#respond"]}]},{"@type":"WebPage","@id":"https:\/\/kibrisdakik.com\/?p=36611","url":"https:\/\/kibrisdakik.com\/?p=36611","name":"Yunanistan&#039;da mart ay\u0131nda s\u0131cakl\u0131k rekoru k\u0131r\u0131ld\u0131 -","isPartOf":{"@id":"https:\/\/kibrisdakik.com\/#website"},"primaryImageOfPage":{"@id":"https:\/\/kibrisdakik.com\/?p=36611#primaryimage"},"image":{"@id":"https:\/\/kibrisdakik.com\/?p=36611#primaryimage"},"thumbnailUrl":"https:\/\/kibrisdakik.com\/wp-content\/uploads\/2024\/04\/yunanistanda-mart-ayinda-sicaklik-rekoru-kirildi-1711991298.webp.webp","datePublished":"2024-04-01T18:10:22+00:00","author":{"@id":"https:\/\/kibrisdakik.com\/#\/schema\/person\/9cd9d437bbb44f72b73ba127e06d8e79"},"breadcrumb":{"@id":"https:\/\/kibrisdakik.com\/?p=36611#breadcrumb"},"inLanguage":"tr","potentialAction":[{"@type":"ReadAction","target":["https:\/\/kibrisdakik.com\/?p=36611"]}]},{"@type":"ImageObject","inLanguage":"tr","@id":"https:\/\/kibrisdakik.com\/?p=36611#primaryimage","url":"https:\/\/kibrisdakik.com\/wp-content\/uploads\/2024\/04\/yunanistanda-mart-ayinda-sicaklik-rekoru-kirildi-1711991298.webp.webp","contentUrl":"https:\/\/kibrisdakik.com\/wp-content\/uploads\/2024\/04\/yunanistanda-mart-ayinda-sicaklik-rekoru-kirildi-1711991298.webp.webp","width":710,"height":370},{"@type":"BreadcrumbList","@id":"https:\/\/kibrisdakik.com\/?p=36611#breadcrumb","itemListElement":[{"@type":"ListItem","position":1,"name":"Home","item":"https:\/\/kibrisdakik.com\/"},{"@type":"ListItem","position":2,"name":"Yunanistan&#039;da mart ay\u0131nda s\u0131cakl\u0131k rekoru k\u0131r\u0131ld\u0131"}]},{"@type":"WebSite","@id":"https:\/\/kibrisdakik.com\/#website","url":"https:\/\/kibrisdakik.com\/","name":"","description":"Tam vaktinde haber","potentialAction":[{"@type":"SearchAction","target":{"@type":"EntryPoint","urlTemplate":"https:\/\/kibrisdakik.com\/?s={search_term_string}"},"query-input":{"@type":"PropertyValueSpecification","valueRequired":true,"valueName":"search_term_string"}}],"inLanguage":"tr"},{"@type":"Person","@id":"https:\/\/kibrisdakik.com\/#\/schema\/person\/9cd9d437bbb44f72b73ba127e06d8e79","name":"admin","image":{"@type":"ImageObject","inLanguage":"tr","@id":"https:\/\/secure.gravatar.com\/avatar\/ccc17943b9d660506c869530f897617f7cb1c21a4bf30023f252596d83e1f007?s=96&d=mm&r=g","url":"https:\/\/secure.gravatar.com\/avatar\/ccc17943b9d660506c869530f897617f7cb1c21a4bf30023f252596d83e1f007?s=96&d=mm&r=g","contentUrl":"https:\/\/secure.gravatar.com\/avatar\/ccc17943b9d660506c869530f897617f7cb1c21a4bf30023f252596d83e1f007?s=96&d=mm&r=g","caption":"admin"},"sameAs":["https:\/\/kibrisdakik.com"],"url":"https:\/\/kibrisdakik.com\/?author=1"}]}},"_links":{"self":[{"href":"https:\/\/kibrisdakik.com\/index.php?rest_route=\/wp\/v2\/posts\/36611","targetHints":{"allow":["GET"]}}],"collection":[{"href":"https:\/\/kibrisdakik.com\/index.php?rest_route=\/wp\/v2\/posts"}],"about":[{"href":"https:\/\/kibrisdakik.com\/index.php?rest_route=\/wp\/v2\/types\/post"}],"author":[{"embeddable":true,"href":"https:\/\/kibrisdakik.com\/index.php?rest_route=\/wp\/v2\/users\/1"}],"replies":[{"embeddable":true,"href":"https:\/\/kibrisdakik.com\/index.php?rest_route=%2Fwp%2Fv2%2Fcomments&post=36611"}],"version-history":[{"count":0,"href":"https:\/\/kibrisdakik.com\/index.php?rest_route=\/wp\/v2\/posts\/36611\/revisions"}],"wp:featuredmedia":[{"embeddable":true,"href":"https:\/\/kibrisdakik.com\/index.php?rest_route=\/wp\/v2\/media\/36612"}],"wp:attachment":[{"href":"https:\/\/kibrisdakik.com\/index.php?rest_route=%2Fwp%2Fv2%2Fmedia&parent=36611"}],"wp:term":[{"taxonomy":"category","embeddable":true,"href":"https:\/\/kibrisdakik.com\/index.php?rest_route=%2Fwp%2Fv2%2Fcategories&post=36611"},{"taxonomy":"post_tag","embeddable":true,"href":"https:\/\/kibrisdakik.com\/index.php?rest_route=%2Fwp%2Fv2%2Ftags&post=36611"}],"curies":[{"name":"wp","href":"https:\/\/api.w.org\/{rel}","templated":true}]}}