{"id":36656,"date":"2024-04-02T02:20:56","date_gmt":"2024-04-02T02:20:56","guid":{"rendered":"https:\/\/kibrisdakik.com\/index.php\/2024\/04\/02\/itfaiye-gecen-hafta-6-yangina-ve-26-olaya-mudahale-etti-2\/"},"modified":"2024-04-02T02:20:56","modified_gmt":"2024-04-02T02:20:56","slug":"itfaiye-gecen-hafta-6-yangina-ve-26-olaya-mudahale-etti-2","status":"publish","type":"post","link":"https:\/\/kibrisdakik.com\/?p=36656","title":{"rendered":"\u0130tfaiye ge\u00e7en hafta 6 yang\u0131na ve 26 olaya m\u00fcdahale etti"},"content":{"rendered":"<p><img decoding=\"async\" src=\"https:\/\/www.kibristurk.com\/images\/haberler\/2024\/04\/itfaiye-gecen-hafta-6-yangina-ve-26-olaya-mudahale-etti-1711976857.webp\" \/><\/p>\n<p style=\"text-align:left\"><span style=\"font-size:16px\"><span style=\"font-family:Merriweather,serif !important\"><span style=\"color:#000000\"><span style=\"background-color:#ffffff\">M\u00fcd\u00fcrl\u00fckten yap\u0131lan a\u00e7\u0131klamada, yang\u0131nlar sonucu toplam zarar miktar\u0131n\u0131n 66 bin TL oldu\u011fu kaydedildi.<\/span><\/span><\/span><\/span><\/p>\n<p style=\"text-align:left\"><span style=\"font-size:16px\"><span style=\"font-family:Merriweather,serif !important\"><span style=\"color:#000000\"><span style=\"background-color:#ffffff\">Lefko\u015fa\u2019da 2, Gazima\u011fusa\u2019da 2, Girne ve Gemikona\u011f\u0131\u2019nda birer yang\u0131n \u00e7\u0131kt\u0131\u011f\u0131 belirtilen a\u00e7\u0131klamada, yang\u0131nlar\u0131n muhtemel sebepleri; elektrik kaynakl\u0131 k\u0131sa devre, gaz ka\u00e7a\u011f\u0131, s\u00f6nd\u00fcr\u00fclmeden at\u0131lan sigara izmaritleri, ara\u00e7 i\u00e7erisinde bulunan \u00e7akma\u011f\u0131n \u0131s\u0131n\u0131p patlamas\u0131 ve ki\u015fi veya ki\u015filer taraf\u0131ndan yakma olarak s\u0131raland\u0131.<\/span><\/span><\/span><\/span><\/p>\n<p style=\"text-align:left\"><span style=\"font-size:16px\"><span style=\"font-family:Merriweather,serif !important\"><span style=\"color:#000000\"><span style=\"background-color:#ffffff\">G\u00fczelyurt\u2019ta 10, Lefko\u015fa\u2019da 9, Gazima\u011fusa\u2019da 3, \u0130skele\u2019de 2, Girne ve Ye\u015filk\u00f6y\u2019de birer hususi servis olay\u0131 meydana geldi\u011fi ifade edilen a\u00e7\u0131klamada, olaylar; su tahliyesi, yang\u0131n e\u011fitimi verilmesi, arac\u0131n motor b\u00f6l\u00fcm\u00fcnde ve su kuyusunda mahsur kalan kedilerin kurtar\u0131lmas\u0131, yang\u0131na kar\u015f\u0131 tedbir al\u0131nmas\u0131, trafik kazas\u0131nda ara\u00e7 i\u00e7erisinde s\u0131k\u0131\u015farak mahsur kalan \u015fah\u0131slar\u0131n kurtar\u0131lmas\u0131 ve hayat\u0131n\u0131 kaybeden \u015fah\u0131slar\u0131n adli soru\u015fturma ama\u00e7l\u0131 hastaneye sevkinin sa\u011flanmas\u0131 olarak belirtildi.<\/span><\/span><\/span><\/span><\/p>\n","protected":false},"excerpt":{"rendered":"<p>M\u00fcd\u00fcrl\u00fckten yap\u0131lan a\u00e7\u0131klamada, yang\u0131nlar sonucu toplam zarar miktar\u0131n\u0131n 66 bin TL oldu\u011fu kaydedildi. Lefko\u015fa\u2019da 2, Gazima\u011fusa\u2019da 2, Girne ve Gemikona\u011f\u0131\u2019nda birer yang\u0131n \u00e7\u0131kt\u0131\u011f\u0131 belirtilen a\u00e7\u0131klamada, yang\u0131nlar\u0131n muhtemel sebepleri; elektrik kaynakl\u0131 k\u0131sa devre, gaz ka\u00e7a\u011f\u0131, s\u00f6nd\u00fcr\u00fclmeden at\u0131lan sigara izmaritleri, ara\u00e7 i\u00e7erisinde bulunan \u00e7akma\u011f\u0131n \u0131s\u0131n\u0131p patlamas\u0131 ve ki\u015fi veya ki\u015filer taraf\u0131ndan yakma olarak s\u0131raland\u0131. G\u00fczelyurt\u2019ta 10, Lefko\u015fa\u2019da<\/p>\n","protected":false},"author":1,"featured_media":36657,"comment_status":"open","ping_status":"open","sticky":false,"template":"","format":"standard","meta":{"footnotes":""},"categories":[85],"tags":[],"class_list":["post-36656","post","type-post","status-publish","format-standard","has-post-thumbnail","hentry","category-spor"],"yoast_head":"<!-- This site is optimized with the Yoast SEO plugin v27.4 - https:\/\/yoast.com\/product\/yoast-seo-wordpress\/ -->\n<title>\u0130tfaiye ge\u00e7en hafta 6 yang\u0131na ve 26 olaya m\u00fcdahale etti -<\/title>\n<meta name=\"robots\" content=\"index, follow, max-snippet:-1, max-image-preview:large, max-video-preview:-1\" \/>\n<link rel=\"canonical\" href=\"https:\/\/kibrisdakik.com\/?p=36656\" \/>\n<meta property=\"og:locale\" content=\"tr_TR\" \/>\n<meta property=\"og:type\" content=\"article\" \/>\n<meta property=\"og:title\" content=\"\u0130tfaiye ge\u00e7en hafta 6 yang\u0131na ve 26 olaya m\u00fcdahale etti -\" \/>\n<meta property=\"og:description\" content=\"M\u00fcd\u00fcrl\u00fckten yap\u0131lan a\u00e7\u0131klamada, yang\u0131nlar sonucu toplam zarar miktar\u0131n\u0131n 66 bin TL oldu\u011fu kaydedildi. Lefko\u015fa\u2019da 2, Gazima\u011fusa\u2019da 2, Girne ve Gemikona\u011f\u0131\u2019nda birer yang\u0131n \u00e7\u0131kt\u0131\u011f\u0131 belirtilen a\u00e7\u0131klamada, yang\u0131nlar\u0131n muhtemel sebepleri; elektrik kaynakl\u0131 k\u0131sa devre, gaz ka\u00e7a\u011f\u0131, s\u00f6nd\u00fcr\u00fclmeden at\u0131lan sigara izmaritleri, ara\u00e7 i\u00e7erisinde bulunan \u00e7akma\u011f\u0131n \u0131s\u0131n\u0131p patlamas\u0131 ve ki\u015fi veya ki\u015filer taraf\u0131ndan yakma olarak s\u0131raland\u0131. G\u00fczelyurt\u2019ta 10, Lefko\u015fa\u2019da\" \/>\n<meta property=\"og:url\" content=\"https:\/\/kibrisdakik.com\/?p=36656\" \/>\n<meta property=\"article:published_time\" content=\"2024-04-02T02:20:56+00:00\" \/>\n<meta property=\"og:image\" content=\"https:\/\/kibrisdakik.com\/wp-content\/uploads\/2024\/04\/itfaiye-gecen-hafta-6-yangina-ve-26-olaya-mudahale-etti-1711976857.webp.webp\" \/>\n\t<meta property=\"og:image:width\" content=\"710\" \/>\n\t<meta property=\"og:image:height\" content=\"370\" \/>\n\t<meta property=\"og:image:type\" content=\"image\/webp\" \/>\n<meta name=\"author\" content=\"admin\" \/>\n<meta name=\"twitter:card\" content=\"summary_large_image\" \/>\n<meta name=\"twitter:label1\" content=\"Yazan:\" \/>\n\t<meta name=\"twitter:data1\" content=\"admin\" \/>\n\t<meta name=\"twitter:label2\" content=\"Tahmini okuma s\u00fcresi\" \/>\n\t<meta name=\"twitter:data2\" content=\"1 dakika\" \/>\n<script type=\"application\/ld+json\" class=\"yoast-schema-graph\">{\"@context\":\"https:\\\/\\\/schema.org\",\"@graph\":[{\"@type\":\"Article\",\"@id\":\"https:\\\/\\\/kibrisdakik.com\\\/?p=36656#article\",\"isPartOf\":{\"@id\":\"https:\\\/\\\/kibrisdakik.com\\\/?p=36656\"},\"author\":{\"name\":\"admin\",\"@id\":\"https:\\\/\\\/kibrisdakik.com\\\/#\\\/schema\\\/person\\\/9cd9d437bbb44f72b73ba127e06d8e79\"},\"headline\":\"\u0130tfaiye ge\u00e7en hafta 6 yang\u0131na ve 26 olaya m\u00fcdahale etti\",\"datePublished\":\"2024-04-02T02:20:56+00:00\",\"mainEntityOfPage\":{\"@id\":\"https:\\\/\\\/kibrisdakik.com\\\/?p=36656\"},\"wordCount\":183,\"commentCount\":0,\"image\":{\"@id\":\"https:\\\/\\\/kibrisdakik.com\\\/?p=36656#primaryimage\"},\"thumbnailUrl\":\"https:\\\/\\\/kibrisdakik.com\\\/wp-content\\\/uploads\\\/2024\\\/04\\\/itfaiye-gecen-hafta-6-yangina-ve-26-olaya-mudahale-etti-1711976857.webp.webp\",\"articleSection\":[\"Spor\"],\"inLanguage\":\"tr\",\"potentialAction\":[{\"@type\":\"CommentAction\",\"name\":\"Comment\",\"target\":[\"https:\\\/\\\/kibrisdakik.com\\\/?p=36656#respond\"]}]},{\"@type\":\"WebPage\",\"@id\":\"https:\\\/\\\/kibrisdakik.com\\\/?p=36656\",\"url\":\"https:\\\/\\\/kibrisdakik.com\\\/?p=36656\",\"name\":\"\u0130tfaiye ge\u00e7en hafta 6 yang\u0131na ve 26 olaya m\u00fcdahale etti -\",\"isPartOf\":{\"@id\":\"https:\\\/\\\/kibrisdakik.com\\\/#website\"},\"primaryImageOfPage\":{\"@id\":\"https:\\\/\\\/kibrisdakik.com\\\/?p=36656#primaryimage\"},\"image\":{\"@id\":\"https:\\\/\\\/kibrisdakik.com\\\/?p=36656#primaryimage\"},\"thumbnailUrl\":\"https:\\\/\\\/kibrisdakik.com\\\/wp-content\\\/uploads\\\/2024\\\/04\\\/itfaiye-gecen-hafta-6-yangina-ve-26-olaya-mudahale-etti-1711976857.webp.webp\",\"datePublished\":\"2024-04-02T02:20:56+00:00\",\"author\":{\"@id\":\"https:\\\/\\\/kibrisdakik.com\\\/#\\\/schema\\\/person\\\/9cd9d437bbb44f72b73ba127e06d8e79\"},\"breadcrumb\":{\"@id\":\"https:\\\/\\\/kibrisdakik.com\\\/?p=36656#breadcrumb\"},\"inLanguage\":\"tr\",\"potentialAction\":[{\"@type\":\"ReadAction\",\"target\":[\"https:\\\/\\\/kibrisdakik.com\\\/?p=36656\"]}]},{\"@type\":\"ImageObject\",\"inLanguage\":\"tr\",\"@id\":\"https:\\\/\\\/kibrisdakik.com\\\/?p=36656#primaryimage\",\"url\":\"https:\\\/\\\/kibrisdakik.com\\\/wp-content\\\/uploads\\\/2024\\\/04\\\/itfaiye-gecen-hafta-6-yangina-ve-26-olaya-mudahale-etti-1711976857.webp.webp\",\"contentUrl\":\"https:\\\/\\\/kibrisdakik.com\\\/wp-content\\\/uploads\\\/2024\\\/04\\\/itfaiye-gecen-hafta-6-yangina-ve-26-olaya-mudahale-etti-1711976857.webp.webp\",\"width\":710,\"height\":370},{\"@type\":\"BreadcrumbList\",\"@id\":\"https:\\\/\\\/kibrisdakik.com\\\/?p=36656#breadcrumb\",\"itemListElement\":[{\"@type\":\"ListItem\",\"position\":1,\"name\":\"Home\",\"item\":\"https:\\\/\\\/kibrisdakik.com\\\/\"},{\"@type\":\"ListItem\",\"position\":2,\"name\":\"\u0130tfaiye ge\u00e7en hafta 6 yang\u0131na ve 26 olaya m\u00fcdahale etti\"}]},{\"@type\":\"WebSite\",\"@id\":\"https:\\\/\\\/kibrisdakik.com\\\/#website\",\"url\":\"https:\\\/\\\/kibrisdakik.com\\\/\",\"name\":\"\",\"description\":\"Tam vaktinde haber\",\"potentialAction\":[{\"@type\":\"SearchAction\",\"target\":{\"@type\":\"EntryPoint\",\"urlTemplate\":\"https:\\\/\\\/kibrisdakik.com\\\/?s={search_term_string}\"},\"query-input\":{\"@type\":\"PropertyValueSpecification\",\"valueRequired\":true,\"valueName\":\"search_term_string\"}}],\"inLanguage\":\"tr\"},{\"@type\":\"Person\",\"@id\":\"https:\\\/\\\/kibrisdakik.com\\\/#\\\/schema\\\/person\\\/9cd9d437bbb44f72b73ba127e06d8e79\",\"name\":\"admin\",\"image\":{\"@type\":\"ImageObject\",\"inLanguage\":\"tr\",\"@id\":\"https:\\\/\\\/secure.gravatar.com\\\/avatar\\\/ccc17943b9d660506c869530f897617f7cb1c21a4bf30023f252596d83e1f007?s=96&d=mm&r=g\",\"url\":\"https:\\\/\\\/secure.gravatar.com\\\/avatar\\\/ccc17943b9d660506c869530f897617f7cb1c21a4bf30023f252596d83e1f007?s=96&d=mm&r=g\",\"contentUrl\":\"https:\\\/\\\/secure.gravatar.com\\\/avatar\\\/ccc17943b9d660506c869530f897617f7cb1c21a4bf30023f252596d83e1f007?s=96&d=mm&r=g\",\"caption\":\"admin\"},\"sameAs\":[\"https:\\\/\\\/kibrisdakik.com\"],\"url\":\"https:\\\/\\\/kibrisdakik.com\\\/?author=1\"}]}<\/script>\n<!-- \/ Yoast SEO plugin. -->","yoast_head_json":{"title":"\u0130tfaiye ge\u00e7en hafta 6 yang\u0131na ve 26 olaya m\u00fcdahale etti -","robots":{"index":"index","follow":"follow","max-snippet":"max-snippet:-1","max-image-preview":"max-image-preview:large","max-video-preview":"max-video-preview:-1"},"canonical":"https:\/\/kibrisdakik.com\/?p=36656","og_locale":"tr_TR","og_type":"article","og_title":"\u0130tfaiye ge\u00e7en hafta 6 yang\u0131na ve 26 olaya m\u00fcdahale etti -","og_description":"M\u00fcd\u00fcrl\u00fckten yap\u0131lan a\u00e7\u0131klamada, yang\u0131nlar sonucu toplam zarar miktar\u0131n\u0131n 66 bin TL oldu\u011fu kaydedildi. Lefko\u015fa\u2019da 2, Gazima\u011fusa\u2019da 2, Girne ve Gemikona\u011f\u0131\u2019nda birer yang\u0131n \u00e7\u0131kt\u0131\u011f\u0131 belirtilen a\u00e7\u0131klamada, yang\u0131nlar\u0131n muhtemel sebepleri; elektrik kaynakl\u0131 k\u0131sa devre, gaz ka\u00e7a\u011f\u0131, s\u00f6nd\u00fcr\u00fclmeden at\u0131lan sigara izmaritleri, ara\u00e7 i\u00e7erisinde bulunan \u00e7akma\u011f\u0131n \u0131s\u0131n\u0131p patlamas\u0131 ve ki\u015fi veya ki\u015filer taraf\u0131ndan yakma olarak s\u0131raland\u0131. G\u00fczelyurt\u2019ta 10, Lefko\u015fa\u2019da","og_url":"https:\/\/kibrisdakik.com\/?p=36656","article_published_time":"2024-04-02T02:20:56+00:00","og_image":[{"width":710,"height":370,"url":"https:\/\/kibrisdakik.com\/wp-content\/uploads\/2024\/04\/itfaiye-gecen-hafta-6-yangina-ve-26-olaya-mudahale-etti-1711976857.webp.webp","type":"image\/webp"}],"author":"admin","twitter_card":"summary_large_image","twitter_misc":{"Yazan:":"admin","Tahmini okuma s\u00fcresi":"1 dakika"},"schema":{"@context":"https:\/\/schema.org","@graph":[{"@type":"Article","@id":"https:\/\/kibrisdakik.com\/?p=36656#article","isPartOf":{"@id":"https:\/\/kibrisdakik.com\/?p=36656"},"author":{"name":"admin","@id":"https:\/\/kibrisdakik.com\/#\/schema\/person\/9cd9d437bbb44f72b73ba127e06d8e79"},"headline":"\u0130tfaiye ge\u00e7en hafta 6 yang\u0131na ve 26 olaya m\u00fcdahale etti","datePublished":"2024-04-02T02:20:56+00:00","mainEntityOfPage":{"@id":"https:\/\/kibrisdakik.com\/?p=36656"},"wordCount":183,"commentCount":0,"image":{"@id":"https:\/\/kibrisdakik.com\/?p=36656#primaryimage"},"thumbnailUrl":"https:\/\/kibrisdakik.com\/wp-content\/uploads\/2024\/04\/itfaiye-gecen-hafta-6-yangina-ve-26-olaya-mudahale-etti-1711976857.webp.webp","articleSection":["Spor"],"inLanguage":"tr","potentialAction":[{"@type":"CommentAction","name":"Comment","target":["https:\/\/kibrisdakik.com\/?p=36656#respond"]}]},{"@type":"WebPage","@id":"https:\/\/kibrisdakik.com\/?p=36656","url":"https:\/\/kibrisdakik.com\/?p=36656","name":"\u0130tfaiye ge\u00e7en hafta 6 yang\u0131na ve 26 olaya m\u00fcdahale etti -","isPartOf":{"@id":"https:\/\/kibrisdakik.com\/#website"},"primaryImageOfPage":{"@id":"https:\/\/kibrisdakik.com\/?p=36656#primaryimage"},"image":{"@id":"https:\/\/kibrisdakik.com\/?p=36656#primaryimage"},"thumbnailUrl":"https:\/\/kibrisdakik.com\/wp-content\/uploads\/2024\/04\/itfaiye-gecen-hafta-6-yangina-ve-26-olaya-mudahale-etti-1711976857.webp.webp","datePublished":"2024-04-02T02:20:56+00:00","author":{"@id":"https:\/\/kibrisdakik.com\/#\/schema\/person\/9cd9d437bbb44f72b73ba127e06d8e79"},"breadcrumb":{"@id":"https:\/\/kibrisdakik.com\/?p=36656#breadcrumb"},"inLanguage":"tr","potentialAction":[{"@type":"ReadAction","target":["https:\/\/kibrisdakik.com\/?p=36656"]}]},{"@type":"ImageObject","inLanguage":"tr","@id":"https:\/\/kibrisdakik.com\/?p=36656#primaryimage","url":"https:\/\/kibrisdakik.com\/wp-content\/uploads\/2024\/04\/itfaiye-gecen-hafta-6-yangina-ve-26-olaya-mudahale-etti-1711976857.webp.webp","contentUrl":"https:\/\/kibrisdakik.com\/wp-content\/uploads\/2024\/04\/itfaiye-gecen-hafta-6-yangina-ve-26-olaya-mudahale-etti-1711976857.webp.webp","width":710,"height":370},{"@type":"BreadcrumbList","@id":"https:\/\/kibrisdakik.com\/?p=36656#breadcrumb","itemListElement":[{"@type":"ListItem","position":1,"name":"Home","item":"https:\/\/kibrisdakik.com\/"},{"@type":"ListItem","position":2,"name":"\u0130tfaiye ge\u00e7en hafta 6 yang\u0131na ve 26 olaya m\u00fcdahale etti"}]},{"@type":"WebSite","@id":"https:\/\/kibrisdakik.com\/#website","url":"https:\/\/kibrisdakik.com\/","name":"","description":"Tam vaktinde haber","potentialAction":[{"@type":"SearchAction","target":{"@type":"EntryPoint","urlTemplate":"https:\/\/kibrisdakik.com\/?s={search_term_string}"},"query-input":{"@type":"PropertyValueSpecification","valueRequired":true,"valueName":"search_term_string"}}],"inLanguage":"tr"},{"@type":"Person","@id":"https:\/\/kibrisdakik.com\/#\/schema\/person\/9cd9d437bbb44f72b73ba127e06d8e79","name":"admin","image":{"@type":"ImageObject","inLanguage":"tr","@id":"https:\/\/secure.gravatar.com\/avatar\/ccc17943b9d660506c869530f897617f7cb1c21a4bf30023f252596d83e1f007?s=96&d=mm&r=g","url":"https:\/\/secure.gravatar.com\/avatar\/ccc17943b9d660506c869530f897617f7cb1c21a4bf30023f252596d83e1f007?s=96&d=mm&r=g","contentUrl":"https:\/\/secure.gravatar.com\/avatar\/ccc17943b9d660506c869530f897617f7cb1c21a4bf30023f252596d83e1f007?s=96&d=mm&r=g","caption":"admin"},"sameAs":["https:\/\/kibrisdakik.com"],"url":"https:\/\/kibrisdakik.com\/?author=1"}]}},"_links":{"self":[{"href":"https:\/\/kibrisdakik.com\/index.php?rest_route=\/wp\/v2\/posts\/36656","targetHints":{"allow":["GET"]}}],"collection":[{"href":"https:\/\/kibrisdakik.com\/index.php?rest_route=\/wp\/v2\/posts"}],"about":[{"href":"https:\/\/kibrisdakik.com\/index.php?rest_route=\/wp\/v2\/types\/post"}],"author":[{"embeddable":true,"href":"https:\/\/kibrisdakik.com\/index.php?rest_route=\/wp\/v2\/users\/1"}],"replies":[{"embeddable":true,"href":"https:\/\/kibrisdakik.com\/index.php?rest_route=%2Fwp%2Fv2%2Fcomments&post=36656"}],"version-history":[{"count":0,"href":"https:\/\/kibrisdakik.com\/index.php?rest_route=\/wp\/v2\/posts\/36656\/revisions"}],"wp:featuredmedia":[{"embeddable":true,"href":"https:\/\/kibrisdakik.com\/index.php?rest_route=\/wp\/v2\/media\/36657"}],"wp:attachment":[{"href":"https:\/\/kibrisdakik.com\/index.php?rest_route=%2Fwp%2Fv2%2Fmedia&parent=36656"}],"wp:term":[{"taxonomy":"category","embeddable":true,"href":"https:\/\/kibrisdakik.com\/index.php?rest_route=%2Fwp%2Fv2%2Fcategories&post=36656"},{"taxonomy":"post_tag","embeddable":true,"href":"https:\/\/kibrisdakik.com\/index.php?rest_route=%2Fwp%2Fv2%2Ftags&post=36656"}],"curies":[{"name":"wp","href":"https:\/\/api.w.org\/{rel}","templated":true}]}}