{"id":36678,"date":"2024-04-02T07:17:49","date_gmt":"2024-04-02T07:17:49","guid":{"rendered":"https:\/\/kibrisdakik.com\/index.php\/2024\/04\/02\/ktamsin-meclisteki-grevi-5inci-gununde-suruyor\/"},"modified":"2024-04-02T07:17:49","modified_gmt":"2024-04-02T07:17:49","slug":"ktamsin-meclisteki-grevi-5inci-gununde-suruyor","status":"publish","type":"post","link":"https:\/\/kibrisdakik.com\/?p=36678","title":{"rendered":"KTAMS\u2019\u0131n Meclisteki grevi 5\u2019inci g\u00fcn\u00fcnde s\u00fcr\u00fcyor"},"content":{"rendered":"<p><\/p>\n<div>\n<div class=\"mariselle-image-container center\">\n                <img loading=\"lazy\" decoding=\"async\" width=\"2048\" height=\"863\" class=\"lazy-image\" alt=\"\" sizes=\"auto, (max-width: 2048px) 100vw, 2048px\" src=\"https:\/\/brtk.net\/wp-content\/uploads\/2024\/04\/02\/asdq23.jpg?ver=4d1df29a309aac74f5a19fb3ed047506\" srcset=\"https:\/\/brtk.net\/wp-content\/uploads\/2024\/04\/02\/asdq23.jpg?ver=4d1df29a309aac74f5a19fb3ed047506 2048w, https:\/\/brtk.net\/wp-content\/uploads\/2024\/04\/02\/asdq23-300x126.jpg?ver=4d1df29a309aac74f5a19fb3ed047506 300w, https:\/\/brtk.net\/wp-content\/uploads\/2024\/04\/02\/asdq23-1024x432.jpg?ver=732a903352beb0b16e500c2f318cbda5 1024w, https:\/\/brtk.net\/wp-content\/uploads\/2024\/04\/02\/asdq23-768x324.jpg?ver=732a903352beb0b16e500c2f318cbda5 768w, https:\/\/brtk.net\/wp-content\/uploads\/2024\/04\/02\/asdq23-1536x647.jpg?ver=732a903352beb0b16e500c2f318cbda5 1536w\"\/>                            <\/div>\n<p>K\u0131br\u0131s T\u00fcrk Amme Memurlar\u0131 Sendikas\u0131\u2019n\u0131n (KTAMS), Cumhuriyet Meclisinde g\u00f6rev yapan stenograflar\u0131n sorunlar\u0131na \u00e7\u00f6z\u00fcm bulunmas\u0131 talebiyle ba\u015flatt\u0131\u011f\u0131 grev be\u015finci g\u00fcn\u00fcnde s\u00fcr\u00fcyor.<\/p>\n<p>KTAMS Ba\u015fkan\u0131 G\u00fcven Bengihan, \u201ctaleplerine Meclis Ba\u015fkan\u0131 ve Genel Sekreteri\u2019nin duyars\u0131z tutumu s\u00fcrd\u00fc\u011f\u00fc i\u00e7in\u201d devam eden grevin bug\u00fcn be\u015finci g\u00fcn\u00fcnde oldu\u011funu kaydetti.<\/p>\n<p>KTAMS Ba\u015fkan\u0131 Bengihan, grevle ilgili Meclis \u00f6n\u00fcnde yapt\u0131\u011f\u0131 bas\u0131n a\u00e7\u0131klamas\u0131nda, \u201c\u00e7al\u0131\u015fanlar aras\u0131nda yap\u0131lan taviz ve ayr\u0131cal\u0131klar sonucunda \u00e7al\u0131\u015fanlar\u0131n stres ya\u015fad\u0131\u011f\u0131n\u0131, \u00e7al\u0131\u015fma bar\u0131\u015f\u0131n\u0131n bozuldu\u011funu, yasa yap\u0131c\u0131 olan Meclisin t\u00fcm dairelerin yasas\u0131n\u0131 yapt\u0131\u011f\u0131n\u0131 ancak kendinin yasalara uymad\u0131\u011f\u0131n\u0131\u201d ileri s\u00fcrm\u00fc\u015ft\u00fc.<\/p>\n<\/p><\/div>\n<p><script async\n                    defer\n                    crossorigin=\"anonymous\"\n                    src=\"https:\/\/connect.facebook.net\/tr_TR\/sdk.js#xfbml=1&#038;version=v3.3\"\n            ><\/script><\/p>\n","protected":false},"excerpt":{"rendered":"<p>K\u0131br\u0131s T\u00fcrk Amme Memurlar\u0131 Sendikas\u0131\u2019n\u0131n (KTAMS), Cumhuriyet Meclisinde g\u00f6rev yapan stenograflar\u0131n sorunlar\u0131na \u00e7\u00f6z\u00fcm bulunmas\u0131 talebiyle ba\u015flatt\u0131\u011f\u0131 grev be\u015finci g\u00fcn\u00fcnde s\u00fcr\u00fcyor. KTAMS Ba\u015fkan\u0131 G\u00fcven Bengihan, \u201ctaleplerine Meclis Ba\u015fkan\u0131 ve Genel Sekreteri\u2019nin duyars\u0131z tutumu s\u00fcrd\u00fc\u011f\u00fc i\u00e7in\u201d devam eden grevin bug\u00fcn be\u015finci g\u00fcn\u00fcnde oldu\u011funu kaydetti. KTAMS Ba\u015fkan\u0131 Bengihan, grevle ilgili Meclis \u00f6n\u00fcnde yapt\u0131\u011f\u0131 bas\u0131n a\u00e7\u0131klamas\u0131nda, \u201c\u00e7al\u0131\u015fanlar aras\u0131nda yap\u0131lan<\/p>\n","protected":false},"author":1,"featured_media":36679,"comment_status":"open","ping_status":"open","sticky":false,"template":"","format":"standard","meta":{"footnotes":""},"categories":[1],"tags":[],"class_list":["post-36678","post","type-post","status-publish","format-standard","has-post-thumbnail","hentry","category-gundem"],"yoast_head":"<!-- This site is optimized with the Yoast SEO plugin v27.5 - https:\/\/yoast.com\/product\/yoast-seo-wordpress\/ -->\n<title>KTAMS\u2019\u0131n Meclisteki grevi 5\u2019inci g\u00fcn\u00fcnde s\u00fcr\u00fcyor -<\/title>\n<meta name=\"robots\" content=\"index, follow, max-snippet:-1, max-image-preview:large, max-video-preview:-1\" \/>\n<link rel=\"canonical\" href=\"https:\/\/kibrisdakik.com\/?p=36678\" \/>\n<meta property=\"og:locale\" content=\"tr_TR\" \/>\n<meta property=\"og:type\" content=\"article\" \/>\n<meta property=\"og:title\" content=\"KTAMS\u2019\u0131n Meclisteki grevi 5\u2019inci g\u00fcn\u00fcnde s\u00fcr\u00fcyor -\" \/>\n<meta property=\"og:description\" content=\"K\u0131br\u0131s T\u00fcrk Amme Memurlar\u0131 Sendikas\u0131\u2019n\u0131n (KTAMS), Cumhuriyet Meclisinde g\u00f6rev yapan stenograflar\u0131n sorunlar\u0131na \u00e7\u00f6z\u00fcm bulunmas\u0131 talebiyle ba\u015flatt\u0131\u011f\u0131 grev be\u015finci g\u00fcn\u00fcnde s\u00fcr\u00fcyor. KTAMS Ba\u015fkan\u0131 G\u00fcven Bengihan, \u201ctaleplerine Meclis Ba\u015fkan\u0131 ve Genel Sekreteri\u2019nin duyars\u0131z tutumu s\u00fcrd\u00fc\u011f\u00fc i\u00e7in\u201d devam eden grevin bug\u00fcn be\u015finci g\u00fcn\u00fcnde oldu\u011funu kaydetti. KTAMS Ba\u015fkan\u0131 Bengihan, grevle ilgili Meclis \u00f6n\u00fcnde yapt\u0131\u011f\u0131 bas\u0131n a\u00e7\u0131klamas\u0131nda, \u201c\u00e7al\u0131\u015fanlar aras\u0131nda yap\u0131lan\" \/>\n<meta property=\"og:url\" content=\"https:\/\/kibrisdakik.com\/?p=36678\" \/>\n<meta property=\"article:published_time\" content=\"2024-04-02T07:17:49+00:00\" \/>\n<meta property=\"og:image\" content=\"https:\/\/kibrisdakik.com\/wp-content\/uploads\/2024\/04\/asdq23-740x420.jpg\" \/>\n\t<meta property=\"og:image:width\" content=\"2048\" \/>\n\t<meta property=\"og:image:height\" content=\"863\" \/>\n\t<meta property=\"og:image:type\" content=\"image\/jpeg\" \/>\n<meta name=\"author\" content=\"admin\" \/>\n<meta name=\"twitter:card\" content=\"summary_large_image\" \/>\n<meta name=\"twitter:label1\" content=\"Yazan:\" \/>\n\t<meta name=\"twitter:data1\" content=\"admin\" \/>\n\t<meta name=\"twitter:label2\" content=\"Tahmini okuma s\u00fcresi\" \/>\n\t<meta name=\"twitter:data2\" content=\"1 dakika\" \/>\n<script type=\"application\/ld+json\" class=\"yoast-schema-graph\">{\"@context\":\"https:\\\/\\\/schema.org\",\"@graph\":[{\"@type\":\"Article\",\"@id\":\"https:\\\/\\\/kibrisdakik.com\\\/?p=36678#article\",\"isPartOf\":{\"@id\":\"https:\\\/\\\/kibrisdakik.com\\\/?p=36678\"},\"author\":{\"name\":\"admin\",\"@id\":\"https:\\\/\\\/kibrisdakik.com\\\/#\\\/schema\\\/person\\\/9cd9d437bbb44f72b73ba127e06d8e79\"},\"headline\":\"KTAMS\u2019\u0131n Meclisteki grevi 5\u2019inci g\u00fcn\u00fcnde s\u00fcr\u00fcyor\",\"datePublished\":\"2024-04-02T07:17:49+00:00\",\"mainEntityOfPage\":{\"@id\":\"https:\\\/\\\/kibrisdakik.com\\\/?p=36678\"},\"wordCount\":142,\"commentCount\":0,\"image\":{\"@id\":\"https:\\\/\\\/kibrisdakik.com\\\/?p=36678#primaryimage\"},\"thumbnailUrl\":\"https:\\\/\\\/kibrisdakik.com\\\/wp-content\\\/uploads\\\/2024\\\/04\\\/asdq23-740x420.jpg\",\"articleSection\":[\"G\u00fcndem\"],\"inLanguage\":\"tr\",\"potentialAction\":[{\"@type\":\"CommentAction\",\"name\":\"Comment\",\"target\":[\"https:\\\/\\\/kibrisdakik.com\\\/?p=36678#respond\"]}]},{\"@type\":\"WebPage\",\"@id\":\"https:\\\/\\\/kibrisdakik.com\\\/?p=36678\",\"url\":\"https:\\\/\\\/kibrisdakik.com\\\/?p=36678\",\"name\":\"KTAMS\u2019\u0131n Meclisteki grevi 5\u2019inci g\u00fcn\u00fcnde s\u00fcr\u00fcyor -\",\"isPartOf\":{\"@id\":\"https:\\\/\\\/kibrisdakik.com\\\/#website\"},\"primaryImageOfPage\":{\"@id\":\"https:\\\/\\\/kibrisdakik.com\\\/?p=36678#primaryimage\"},\"image\":{\"@id\":\"https:\\\/\\\/kibrisdakik.com\\\/?p=36678#primaryimage\"},\"thumbnailUrl\":\"https:\\\/\\\/kibrisdakik.com\\\/wp-content\\\/uploads\\\/2024\\\/04\\\/asdq23-740x420.jpg\",\"datePublished\":\"2024-04-02T07:17:49+00:00\",\"author\":{\"@id\":\"https:\\\/\\\/kibrisdakik.com\\\/#\\\/schema\\\/person\\\/9cd9d437bbb44f72b73ba127e06d8e79\"},\"breadcrumb\":{\"@id\":\"https:\\\/\\\/kibrisdakik.com\\\/?p=36678#breadcrumb\"},\"inLanguage\":\"tr\",\"potentialAction\":[{\"@type\":\"ReadAction\",\"target\":[\"https:\\\/\\\/kibrisdakik.com\\\/?p=36678\"]}]},{\"@type\":\"ImageObject\",\"inLanguage\":\"tr\",\"@id\":\"https:\\\/\\\/kibrisdakik.com\\\/?p=36678#primaryimage\",\"url\":\"https:\\\/\\\/kibrisdakik.com\\\/wp-content\\\/uploads\\\/2024\\\/04\\\/asdq23-740x420.jpg\",\"contentUrl\":\"https:\\\/\\\/kibrisdakik.com\\\/wp-content\\\/uploads\\\/2024\\\/04\\\/asdq23-740x420.jpg\",\"width\":2048,\"height\":863},{\"@type\":\"BreadcrumbList\",\"@id\":\"https:\\\/\\\/kibrisdakik.com\\\/?p=36678#breadcrumb\",\"itemListElement\":[{\"@type\":\"ListItem\",\"position\":1,\"name\":\"Home\",\"item\":\"https:\\\/\\\/kibrisdakik.com\\\/\"},{\"@type\":\"ListItem\",\"position\":2,\"name\":\"KTAMS\u2019\u0131n Meclisteki grevi 5\u2019inci g\u00fcn\u00fcnde s\u00fcr\u00fcyor\"}]},{\"@type\":\"WebSite\",\"@id\":\"https:\\\/\\\/kibrisdakik.com\\\/#website\",\"url\":\"https:\\\/\\\/kibrisdakik.com\\\/\",\"name\":\"\",\"description\":\"Tam vaktinde haber\",\"potentialAction\":[{\"@type\":\"SearchAction\",\"target\":{\"@type\":\"EntryPoint\",\"urlTemplate\":\"https:\\\/\\\/kibrisdakik.com\\\/?s={search_term_string}\"},\"query-input\":{\"@type\":\"PropertyValueSpecification\",\"valueRequired\":true,\"valueName\":\"search_term_string\"}}],\"inLanguage\":\"tr\"},{\"@type\":\"Person\",\"@id\":\"https:\\\/\\\/kibrisdakik.com\\\/#\\\/schema\\\/person\\\/9cd9d437bbb44f72b73ba127e06d8e79\",\"name\":\"admin\",\"image\":{\"@type\":\"ImageObject\",\"inLanguage\":\"tr\",\"@id\":\"https:\\\/\\\/secure.gravatar.com\\\/avatar\\\/ccc17943b9d660506c869530f897617f7cb1c21a4bf30023f252596d83e1f007?s=96&d=mm&r=g\",\"url\":\"https:\\\/\\\/secure.gravatar.com\\\/avatar\\\/ccc17943b9d660506c869530f897617f7cb1c21a4bf30023f252596d83e1f007?s=96&d=mm&r=g\",\"contentUrl\":\"https:\\\/\\\/secure.gravatar.com\\\/avatar\\\/ccc17943b9d660506c869530f897617f7cb1c21a4bf30023f252596d83e1f007?s=96&d=mm&r=g\",\"caption\":\"admin\"},\"sameAs\":[\"https:\\\/\\\/kibrisdakik.com\"],\"url\":\"https:\\\/\\\/kibrisdakik.com\\\/?author=1\"}]}<\/script>\n<!-- \/ Yoast SEO plugin. -->","yoast_head_json":{"title":"KTAMS\u2019\u0131n Meclisteki grevi 5\u2019inci g\u00fcn\u00fcnde s\u00fcr\u00fcyor -","robots":{"index":"index","follow":"follow","max-snippet":"max-snippet:-1","max-image-preview":"max-image-preview:large","max-video-preview":"max-video-preview:-1"},"canonical":"https:\/\/kibrisdakik.com\/?p=36678","og_locale":"tr_TR","og_type":"article","og_title":"KTAMS\u2019\u0131n Meclisteki grevi 5\u2019inci g\u00fcn\u00fcnde s\u00fcr\u00fcyor -","og_description":"K\u0131br\u0131s T\u00fcrk Amme Memurlar\u0131 Sendikas\u0131\u2019n\u0131n (KTAMS), Cumhuriyet Meclisinde g\u00f6rev yapan stenograflar\u0131n sorunlar\u0131na \u00e7\u00f6z\u00fcm bulunmas\u0131 talebiyle ba\u015flatt\u0131\u011f\u0131 grev be\u015finci g\u00fcn\u00fcnde s\u00fcr\u00fcyor. KTAMS Ba\u015fkan\u0131 G\u00fcven Bengihan, \u201ctaleplerine Meclis Ba\u015fkan\u0131 ve Genel Sekreteri\u2019nin duyars\u0131z tutumu s\u00fcrd\u00fc\u011f\u00fc i\u00e7in\u201d devam eden grevin bug\u00fcn be\u015finci g\u00fcn\u00fcnde oldu\u011funu kaydetti. KTAMS Ba\u015fkan\u0131 Bengihan, grevle ilgili Meclis \u00f6n\u00fcnde yapt\u0131\u011f\u0131 bas\u0131n a\u00e7\u0131klamas\u0131nda, \u201c\u00e7al\u0131\u015fanlar aras\u0131nda yap\u0131lan","og_url":"https:\/\/kibrisdakik.com\/?p=36678","article_published_time":"2024-04-02T07:17:49+00:00","og_image":[{"width":2048,"height":863,"url":"https:\/\/kibrisdakik.com\/wp-content\/uploads\/2024\/04\/asdq23-740x420.jpg","type":"image\/jpeg"}],"author":"admin","twitter_card":"summary_large_image","twitter_misc":{"Yazan:":"admin","Tahmini okuma s\u00fcresi":"1 dakika"},"schema":{"@context":"https:\/\/schema.org","@graph":[{"@type":"Article","@id":"https:\/\/kibrisdakik.com\/?p=36678#article","isPartOf":{"@id":"https:\/\/kibrisdakik.com\/?p=36678"},"author":{"name":"admin","@id":"https:\/\/kibrisdakik.com\/#\/schema\/person\/9cd9d437bbb44f72b73ba127e06d8e79"},"headline":"KTAMS\u2019\u0131n Meclisteki grevi 5\u2019inci g\u00fcn\u00fcnde s\u00fcr\u00fcyor","datePublished":"2024-04-02T07:17:49+00:00","mainEntityOfPage":{"@id":"https:\/\/kibrisdakik.com\/?p=36678"},"wordCount":142,"commentCount":0,"image":{"@id":"https:\/\/kibrisdakik.com\/?p=36678#primaryimage"},"thumbnailUrl":"https:\/\/kibrisdakik.com\/wp-content\/uploads\/2024\/04\/asdq23-740x420.jpg","articleSection":["G\u00fcndem"],"inLanguage":"tr","potentialAction":[{"@type":"CommentAction","name":"Comment","target":["https:\/\/kibrisdakik.com\/?p=36678#respond"]}]},{"@type":"WebPage","@id":"https:\/\/kibrisdakik.com\/?p=36678","url":"https:\/\/kibrisdakik.com\/?p=36678","name":"KTAMS\u2019\u0131n Meclisteki grevi 5\u2019inci g\u00fcn\u00fcnde s\u00fcr\u00fcyor -","isPartOf":{"@id":"https:\/\/kibrisdakik.com\/#website"},"primaryImageOfPage":{"@id":"https:\/\/kibrisdakik.com\/?p=36678#primaryimage"},"image":{"@id":"https:\/\/kibrisdakik.com\/?p=36678#primaryimage"},"thumbnailUrl":"https:\/\/kibrisdakik.com\/wp-content\/uploads\/2024\/04\/asdq23-740x420.jpg","datePublished":"2024-04-02T07:17:49+00:00","author":{"@id":"https:\/\/kibrisdakik.com\/#\/schema\/person\/9cd9d437bbb44f72b73ba127e06d8e79"},"breadcrumb":{"@id":"https:\/\/kibrisdakik.com\/?p=36678#breadcrumb"},"inLanguage":"tr","potentialAction":[{"@type":"ReadAction","target":["https:\/\/kibrisdakik.com\/?p=36678"]}]},{"@type":"ImageObject","inLanguage":"tr","@id":"https:\/\/kibrisdakik.com\/?p=36678#primaryimage","url":"https:\/\/kibrisdakik.com\/wp-content\/uploads\/2024\/04\/asdq23-740x420.jpg","contentUrl":"https:\/\/kibrisdakik.com\/wp-content\/uploads\/2024\/04\/asdq23-740x420.jpg","width":2048,"height":863},{"@type":"BreadcrumbList","@id":"https:\/\/kibrisdakik.com\/?p=36678#breadcrumb","itemListElement":[{"@type":"ListItem","position":1,"name":"Home","item":"https:\/\/kibrisdakik.com\/"},{"@type":"ListItem","position":2,"name":"KTAMS\u2019\u0131n Meclisteki grevi 5\u2019inci g\u00fcn\u00fcnde s\u00fcr\u00fcyor"}]},{"@type":"WebSite","@id":"https:\/\/kibrisdakik.com\/#website","url":"https:\/\/kibrisdakik.com\/","name":"","description":"Tam vaktinde haber","potentialAction":[{"@type":"SearchAction","target":{"@type":"EntryPoint","urlTemplate":"https:\/\/kibrisdakik.com\/?s={search_term_string}"},"query-input":{"@type":"PropertyValueSpecification","valueRequired":true,"valueName":"search_term_string"}}],"inLanguage":"tr"},{"@type":"Person","@id":"https:\/\/kibrisdakik.com\/#\/schema\/person\/9cd9d437bbb44f72b73ba127e06d8e79","name":"admin","image":{"@type":"ImageObject","inLanguage":"tr","@id":"https:\/\/secure.gravatar.com\/avatar\/ccc17943b9d660506c869530f897617f7cb1c21a4bf30023f252596d83e1f007?s=96&d=mm&r=g","url":"https:\/\/secure.gravatar.com\/avatar\/ccc17943b9d660506c869530f897617f7cb1c21a4bf30023f252596d83e1f007?s=96&d=mm&r=g","contentUrl":"https:\/\/secure.gravatar.com\/avatar\/ccc17943b9d660506c869530f897617f7cb1c21a4bf30023f252596d83e1f007?s=96&d=mm&r=g","caption":"admin"},"sameAs":["https:\/\/kibrisdakik.com"],"url":"https:\/\/kibrisdakik.com\/?author=1"}]}},"_links":{"self":[{"href":"https:\/\/kibrisdakik.com\/index.php?rest_route=\/wp\/v2\/posts\/36678","targetHints":{"allow":["GET"]}}],"collection":[{"href":"https:\/\/kibrisdakik.com\/index.php?rest_route=\/wp\/v2\/posts"}],"about":[{"href":"https:\/\/kibrisdakik.com\/index.php?rest_route=\/wp\/v2\/types\/post"}],"author":[{"embeddable":true,"href":"https:\/\/kibrisdakik.com\/index.php?rest_route=\/wp\/v2\/users\/1"}],"replies":[{"embeddable":true,"href":"https:\/\/kibrisdakik.com\/index.php?rest_route=%2Fwp%2Fv2%2Fcomments&post=36678"}],"version-history":[{"count":0,"href":"https:\/\/kibrisdakik.com\/index.php?rest_route=\/wp\/v2\/posts\/36678\/revisions"}],"wp:featuredmedia":[{"embeddable":true,"href":"https:\/\/kibrisdakik.com\/index.php?rest_route=\/wp\/v2\/media\/36679"}],"wp:attachment":[{"href":"https:\/\/kibrisdakik.com\/index.php?rest_route=%2Fwp%2Fv2%2Fmedia&parent=36678"}],"wp:term":[{"taxonomy":"category","embeddable":true,"href":"https:\/\/kibrisdakik.com\/index.php?rest_route=%2Fwp%2Fv2%2Fcategories&post=36678"},{"taxonomy":"post_tag","embeddable":true,"href":"https:\/\/kibrisdakik.com\/index.php?rest_route=%2Fwp%2Fv2%2Ftags&post=36678"}],"curies":[{"name":"wp","href":"https:\/\/api.w.org\/{rel}","templated":true}]}}