{"id":36708,"date":"2024-04-02T10:04:00","date_gmt":"2024-04-02T10:04:00","guid":{"rendered":"https:\/\/kibrisdakik.com\/index.php\/2024\/04\/02\/gecitkale-civarindaki-bazi-koylere-yarin-elektrik-verilemeyecek\/"},"modified":"2024-04-02T10:04:00","modified_gmt":"2024-04-02T10:04:00","slug":"gecitkale-civarindaki-bazi-koylere-yarin-elektrik-verilemeyecek","status":"publish","type":"post","link":"https:\/\/kibrisdakik.com\/?p=36708","title":{"rendered":"Ge\u00e7itkale civar\u0131ndaki baz\u0131 k\u00f6ylere yar\u0131n elektrik verilemeyecek"},"content":{"rendered":"<p><img decoding=\"async\" src=\"https:\/\/www.kibristurk.com\/images\/haberler\/2024\/04\/gecitkale-civarindaki-bazi-koylere-yarin-elektrik-verilemeyecek-1712052329.webp\" \/><\/p>\n<p style=\"text-align:left\"><span style=\"font-size:16px\"><span style=\"font-family:Merriweather,serif !important\"><span style=\"color:#000000\"><span style=\"background-color:#ffffff\">&nbsp;Ge\u00e7itkale Trafo Merkezi\u2019nde yap\u0131lacak bak\u0131m-onar\u0131m \u00e7al\u0131\u015fmas\u0131 nedeniyle yar\u0131n baz\u0131 k\u00f6ylere yakla\u015f\u0131k 5 saat elektrik verilemeyecek.<\/span><\/span><\/span><\/span><\/p>\n<p style=\"text-align:left\"><span style=\"font-size:16px\"><span style=\"font-family:Merriweather,serif !important\"><span style=\"color:#000000\"><span style=\"background-color:#ffffff\">K\u0131b-Tek\u2019ten yap\u0131lan a\u00e7\u0131klamaya g\u00f6re, 09.00 ile 14.00 saatleri aras\u0131nda elektrik kesintisi olacak k\u00f6y ve b\u00f6lgeler \u015f\u00f6yle:<\/span><\/span><\/span><\/span><\/p>\n<p style=\"text-align:left\"><span style=\"font-size:16px\"><span style=\"font-family:Merriweather,serif !important\"><span style=\"color:#000000\"><span style=\"background-color:#ffffff\">\u201cNergisli k\u00f6y\u00fc, Nergisli su motorlar\u0131, Vadili k\u00f6y\u00fc, Vadili Sanayi Sitesi, Pa\u015fak\u00f6y A\u011f\u0131llar ve su motorlar\u0131 ve askeri birlik, Ge\u00e7itkale Havaalan\u0131, Vadili Gen\u00e7 Petrol B\u00f6lgesi ve su motorlar\u0131, Akdo\u011fan k\u00f6y\u00fc, Akdo\u011fan askeri tesisler, Aket Tesisleri, su kuyular\u0131, Ark\u0131n Otel, Noyanlar sitesi 19 ve 21 b\u00f6lgeleri.\u201d<\/span><\/span><\/span><\/span><\/p>\n","protected":false},"excerpt":{"rendered":"<p>&nbsp;Ge\u00e7itkale Trafo Merkezi\u2019nde yap\u0131lacak bak\u0131m-onar\u0131m \u00e7al\u0131\u015fmas\u0131 nedeniyle yar\u0131n baz\u0131 k\u00f6ylere yakla\u015f\u0131k 5 saat elektrik verilemeyecek. K\u0131b-Tek\u2019ten yap\u0131lan a\u00e7\u0131klamaya g\u00f6re, 09.00 ile 14.00 saatleri aras\u0131nda elektrik kesintisi olacak k\u00f6y ve b\u00f6lgeler \u015f\u00f6yle: \u201cNergisli k\u00f6y\u00fc, Nergisli su motorlar\u0131, Vadili k\u00f6y\u00fc, Vadili Sanayi Sitesi, Pa\u015fak\u00f6y A\u011f\u0131llar ve su motorlar\u0131 ve askeri birlik, Ge\u00e7itkale Havaalan\u0131, Vadili Gen\u00e7 Petrol B\u00f6lgesi<\/p>\n","protected":false},"author":1,"featured_media":36709,"comment_status":"open","ping_status":"open","sticky":false,"template":"","format":"standard","meta":{"footnotes":""},"categories":[1],"tags":[],"class_list":["post-36708","post","type-post","status-publish","format-standard","has-post-thumbnail","hentry","category-gundem"],"yoast_head":"<!-- This site is optimized with the Yoast SEO plugin v27.5 - https:\/\/yoast.com\/product\/yoast-seo-wordpress\/ -->\n<title>Ge\u00e7itkale civar\u0131ndaki baz\u0131 k\u00f6ylere yar\u0131n elektrik verilemeyecek -<\/title>\n<meta name=\"robots\" content=\"index, follow, max-snippet:-1, max-image-preview:large, max-video-preview:-1\" \/>\n<link rel=\"canonical\" href=\"https:\/\/kibrisdakik.com\/?p=36708\" \/>\n<meta property=\"og:locale\" content=\"tr_TR\" \/>\n<meta property=\"og:type\" content=\"article\" \/>\n<meta property=\"og:title\" content=\"Ge\u00e7itkale civar\u0131ndaki baz\u0131 k\u00f6ylere yar\u0131n elektrik verilemeyecek -\" \/>\n<meta property=\"og:description\" content=\"&nbsp;Ge\u00e7itkale Trafo Merkezi\u2019nde yap\u0131lacak bak\u0131m-onar\u0131m \u00e7al\u0131\u015fmas\u0131 nedeniyle yar\u0131n baz\u0131 k\u00f6ylere yakla\u015f\u0131k 5 saat elektrik verilemeyecek. K\u0131b-Tek\u2019ten yap\u0131lan a\u00e7\u0131klamaya g\u00f6re, 09.00 ile 14.00 saatleri aras\u0131nda elektrik kesintisi olacak k\u00f6y ve b\u00f6lgeler \u015f\u00f6yle: \u201cNergisli k\u00f6y\u00fc, Nergisli su motorlar\u0131, Vadili k\u00f6y\u00fc, Vadili Sanayi Sitesi, Pa\u015fak\u00f6y A\u011f\u0131llar ve su motorlar\u0131 ve askeri birlik, Ge\u00e7itkale Havaalan\u0131, Vadili Gen\u00e7 Petrol B\u00f6lgesi\" \/>\n<meta property=\"og:url\" content=\"https:\/\/kibrisdakik.com\/?p=36708\" \/>\n<meta property=\"article:published_time\" content=\"2024-04-02T10:04:00+00:00\" \/>\n<meta property=\"og:image\" content=\"https:\/\/kibrisdakik.com\/wp-content\/uploads\/2024\/04\/gecitkale-civarindaki-bazi-koylere-yarin-elektrik-verilemeyecek-1712052329.webp.webp\" \/>\n\t<meta property=\"og:image:width\" content=\"710\" \/>\n\t<meta property=\"og:image:height\" content=\"370\" \/>\n\t<meta property=\"og:image:type\" content=\"image\/webp\" \/>\n<meta name=\"author\" content=\"admin\" \/>\n<meta name=\"twitter:card\" content=\"summary_large_image\" \/>\n<meta name=\"twitter:label1\" content=\"Yazan:\" \/>\n\t<meta name=\"twitter:data1\" content=\"admin\" \/>\n\t<meta name=\"twitter:label2\" content=\"Tahmini okuma s\u00fcresi\" \/>\n\t<meta name=\"twitter:data2\" content=\"1 dakika\" \/>\n<script type=\"application\/ld+json\" class=\"yoast-schema-graph\">{\"@context\":\"https:\\\/\\\/schema.org\",\"@graph\":[{\"@type\":\"Article\",\"@id\":\"https:\\\/\\\/kibrisdakik.com\\\/?p=36708#article\",\"isPartOf\":{\"@id\":\"https:\\\/\\\/kibrisdakik.com\\\/?p=36708\"},\"author\":{\"name\":\"admin\",\"@id\":\"https:\\\/\\\/kibrisdakik.com\\\/#\\\/schema\\\/person\\\/9cd9d437bbb44f72b73ba127e06d8e79\"},\"headline\":\"Ge\u00e7itkale civar\u0131ndaki baz\u0131 k\u00f6ylere yar\u0131n elektrik verilemeyecek\",\"datePublished\":\"2024-04-02T10:04:00+00:00\",\"mainEntityOfPage\":{\"@id\":\"https:\\\/\\\/kibrisdakik.com\\\/?p=36708\"},\"wordCount\":111,\"commentCount\":0,\"image\":{\"@id\":\"https:\\\/\\\/kibrisdakik.com\\\/?p=36708#primaryimage\"},\"thumbnailUrl\":\"https:\\\/\\\/kibrisdakik.com\\\/wp-content\\\/uploads\\\/2024\\\/04\\\/gecitkale-civarindaki-bazi-koylere-yarin-elektrik-verilemeyecek-1712052329.webp.webp\",\"articleSection\":[\"G\u00fcndem\"],\"inLanguage\":\"tr\",\"potentialAction\":[{\"@type\":\"CommentAction\",\"name\":\"Comment\",\"target\":[\"https:\\\/\\\/kibrisdakik.com\\\/?p=36708#respond\"]}]},{\"@type\":\"WebPage\",\"@id\":\"https:\\\/\\\/kibrisdakik.com\\\/?p=36708\",\"url\":\"https:\\\/\\\/kibrisdakik.com\\\/?p=36708\",\"name\":\"Ge\u00e7itkale civar\u0131ndaki baz\u0131 k\u00f6ylere yar\u0131n elektrik verilemeyecek -\",\"isPartOf\":{\"@id\":\"https:\\\/\\\/kibrisdakik.com\\\/#website\"},\"primaryImageOfPage\":{\"@id\":\"https:\\\/\\\/kibrisdakik.com\\\/?p=36708#primaryimage\"},\"image\":{\"@id\":\"https:\\\/\\\/kibrisdakik.com\\\/?p=36708#primaryimage\"},\"thumbnailUrl\":\"https:\\\/\\\/kibrisdakik.com\\\/wp-content\\\/uploads\\\/2024\\\/04\\\/gecitkale-civarindaki-bazi-koylere-yarin-elektrik-verilemeyecek-1712052329.webp.webp\",\"datePublished\":\"2024-04-02T10:04:00+00:00\",\"author\":{\"@id\":\"https:\\\/\\\/kibrisdakik.com\\\/#\\\/schema\\\/person\\\/9cd9d437bbb44f72b73ba127e06d8e79\"},\"breadcrumb\":{\"@id\":\"https:\\\/\\\/kibrisdakik.com\\\/?p=36708#breadcrumb\"},\"inLanguage\":\"tr\",\"potentialAction\":[{\"@type\":\"ReadAction\",\"target\":[\"https:\\\/\\\/kibrisdakik.com\\\/?p=36708\"]}]},{\"@type\":\"ImageObject\",\"inLanguage\":\"tr\",\"@id\":\"https:\\\/\\\/kibrisdakik.com\\\/?p=36708#primaryimage\",\"url\":\"https:\\\/\\\/kibrisdakik.com\\\/wp-content\\\/uploads\\\/2024\\\/04\\\/gecitkale-civarindaki-bazi-koylere-yarin-elektrik-verilemeyecek-1712052329.webp.webp\",\"contentUrl\":\"https:\\\/\\\/kibrisdakik.com\\\/wp-content\\\/uploads\\\/2024\\\/04\\\/gecitkale-civarindaki-bazi-koylere-yarin-elektrik-verilemeyecek-1712052329.webp.webp\",\"width\":710,\"height\":370},{\"@type\":\"BreadcrumbList\",\"@id\":\"https:\\\/\\\/kibrisdakik.com\\\/?p=36708#breadcrumb\",\"itemListElement\":[{\"@type\":\"ListItem\",\"position\":1,\"name\":\"Home\",\"item\":\"https:\\\/\\\/kibrisdakik.com\\\/\"},{\"@type\":\"ListItem\",\"position\":2,\"name\":\"Ge\u00e7itkale civar\u0131ndaki baz\u0131 k\u00f6ylere yar\u0131n elektrik verilemeyecek\"}]},{\"@type\":\"WebSite\",\"@id\":\"https:\\\/\\\/kibrisdakik.com\\\/#website\",\"url\":\"https:\\\/\\\/kibrisdakik.com\\\/\",\"name\":\"\",\"description\":\"Tam vaktinde haber\",\"potentialAction\":[{\"@type\":\"SearchAction\",\"target\":{\"@type\":\"EntryPoint\",\"urlTemplate\":\"https:\\\/\\\/kibrisdakik.com\\\/?s={search_term_string}\"},\"query-input\":{\"@type\":\"PropertyValueSpecification\",\"valueRequired\":true,\"valueName\":\"search_term_string\"}}],\"inLanguage\":\"tr\"},{\"@type\":\"Person\",\"@id\":\"https:\\\/\\\/kibrisdakik.com\\\/#\\\/schema\\\/person\\\/9cd9d437bbb44f72b73ba127e06d8e79\",\"name\":\"admin\",\"image\":{\"@type\":\"ImageObject\",\"inLanguage\":\"tr\",\"@id\":\"https:\\\/\\\/secure.gravatar.com\\\/avatar\\\/ccc17943b9d660506c869530f897617f7cb1c21a4bf30023f252596d83e1f007?s=96&d=mm&r=g\",\"url\":\"https:\\\/\\\/secure.gravatar.com\\\/avatar\\\/ccc17943b9d660506c869530f897617f7cb1c21a4bf30023f252596d83e1f007?s=96&d=mm&r=g\",\"contentUrl\":\"https:\\\/\\\/secure.gravatar.com\\\/avatar\\\/ccc17943b9d660506c869530f897617f7cb1c21a4bf30023f252596d83e1f007?s=96&d=mm&r=g\",\"caption\":\"admin\"},\"sameAs\":[\"https:\\\/\\\/kibrisdakik.com\"],\"url\":\"https:\\\/\\\/kibrisdakik.com\\\/?author=1\"}]}<\/script>\n<!-- \/ Yoast SEO plugin. -->","yoast_head_json":{"title":"Ge\u00e7itkale civar\u0131ndaki baz\u0131 k\u00f6ylere yar\u0131n elektrik verilemeyecek -","robots":{"index":"index","follow":"follow","max-snippet":"max-snippet:-1","max-image-preview":"max-image-preview:large","max-video-preview":"max-video-preview:-1"},"canonical":"https:\/\/kibrisdakik.com\/?p=36708","og_locale":"tr_TR","og_type":"article","og_title":"Ge\u00e7itkale civar\u0131ndaki baz\u0131 k\u00f6ylere yar\u0131n elektrik verilemeyecek -","og_description":"&nbsp;Ge\u00e7itkale Trafo Merkezi\u2019nde yap\u0131lacak bak\u0131m-onar\u0131m \u00e7al\u0131\u015fmas\u0131 nedeniyle yar\u0131n baz\u0131 k\u00f6ylere yakla\u015f\u0131k 5 saat elektrik verilemeyecek. K\u0131b-Tek\u2019ten yap\u0131lan a\u00e7\u0131klamaya g\u00f6re, 09.00 ile 14.00 saatleri aras\u0131nda elektrik kesintisi olacak k\u00f6y ve b\u00f6lgeler \u015f\u00f6yle: \u201cNergisli k\u00f6y\u00fc, Nergisli su motorlar\u0131, Vadili k\u00f6y\u00fc, Vadili Sanayi Sitesi, Pa\u015fak\u00f6y A\u011f\u0131llar ve su motorlar\u0131 ve askeri birlik, Ge\u00e7itkale Havaalan\u0131, Vadili Gen\u00e7 Petrol B\u00f6lgesi","og_url":"https:\/\/kibrisdakik.com\/?p=36708","article_published_time":"2024-04-02T10:04:00+00:00","og_image":[{"width":710,"height":370,"url":"https:\/\/kibrisdakik.com\/wp-content\/uploads\/2024\/04\/gecitkale-civarindaki-bazi-koylere-yarin-elektrik-verilemeyecek-1712052329.webp.webp","type":"image\/webp"}],"author":"admin","twitter_card":"summary_large_image","twitter_misc":{"Yazan:":"admin","Tahmini okuma s\u00fcresi":"1 dakika"},"schema":{"@context":"https:\/\/schema.org","@graph":[{"@type":"Article","@id":"https:\/\/kibrisdakik.com\/?p=36708#article","isPartOf":{"@id":"https:\/\/kibrisdakik.com\/?p=36708"},"author":{"name":"admin","@id":"https:\/\/kibrisdakik.com\/#\/schema\/person\/9cd9d437bbb44f72b73ba127e06d8e79"},"headline":"Ge\u00e7itkale civar\u0131ndaki baz\u0131 k\u00f6ylere yar\u0131n elektrik verilemeyecek","datePublished":"2024-04-02T10:04:00+00:00","mainEntityOfPage":{"@id":"https:\/\/kibrisdakik.com\/?p=36708"},"wordCount":111,"commentCount":0,"image":{"@id":"https:\/\/kibrisdakik.com\/?p=36708#primaryimage"},"thumbnailUrl":"https:\/\/kibrisdakik.com\/wp-content\/uploads\/2024\/04\/gecitkale-civarindaki-bazi-koylere-yarin-elektrik-verilemeyecek-1712052329.webp.webp","articleSection":["G\u00fcndem"],"inLanguage":"tr","potentialAction":[{"@type":"CommentAction","name":"Comment","target":["https:\/\/kibrisdakik.com\/?p=36708#respond"]}]},{"@type":"WebPage","@id":"https:\/\/kibrisdakik.com\/?p=36708","url":"https:\/\/kibrisdakik.com\/?p=36708","name":"Ge\u00e7itkale civar\u0131ndaki baz\u0131 k\u00f6ylere yar\u0131n elektrik verilemeyecek -","isPartOf":{"@id":"https:\/\/kibrisdakik.com\/#website"},"primaryImageOfPage":{"@id":"https:\/\/kibrisdakik.com\/?p=36708#primaryimage"},"image":{"@id":"https:\/\/kibrisdakik.com\/?p=36708#primaryimage"},"thumbnailUrl":"https:\/\/kibrisdakik.com\/wp-content\/uploads\/2024\/04\/gecitkale-civarindaki-bazi-koylere-yarin-elektrik-verilemeyecek-1712052329.webp.webp","datePublished":"2024-04-02T10:04:00+00:00","author":{"@id":"https:\/\/kibrisdakik.com\/#\/schema\/person\/9cd9d437bbb44f72b73ba127e06d8e79"},"breadcrumb":{"@id":"https:\/\/kibrisdakik.com\/?p=36708#breadcrumb"},"inLanguage":"tr","potentialAction":[{"@type":"ReadAction","target":["https:\/\/kibrisdakik.com\/?p=36708"]}]},{"@type":"ImageObject","inLanguage":"tr","@id":"https:\/\/kibrisdakik.com\/?p=36708#primaryimage","url":"https:\/\/kibrisdakik.com\/wp-content\/uploads\/2024\/04\/gecitkale-civarindaki-bazi-koylere-yarin-elektrik-verilemeyecek-1712052329.webp.webp","contentUrl":"https:\/\/kibrisdakik.com\/wp-content\/uploads\/2024\/04\/gecitkale-civarindaki-bazi-koylere-yarin-elektrik-verilemeyecek-1712052329.webp.webp","width":710,"height":370},{"@type":"BreadcrumbList","@id":"https:\/\/kibrisdakik.com\/?p=36708#breadcrumb","itemListElement":[{"@type":"ListItem","position":1,"name":"Home","item":"https:\/\/kibrisdakik.com\/"},{"@type":"ListItem","position":2,"name":"Ge\u00e7itkale civar\u0131ndaki baz\u0131 k\u00f6ylere yar\u0131n elektrik verilemeyecek"}]},{"@type":"WebSite","@id":"https:\/\/kibrisdakik.com\/#website","url":"https:\/\/kibrisdakik.com\/","name":"","description":"Tam vaktinde haber","potentialAction":[{"@type":"SearchAction","target":{"@type":"EntryPoint","urlTemplate":"https:\/\/kibrisdakik.com\/?s={search_term_string}"},"query-input":{"@type":"PropertyValueSpecification","valueRequired":true,"valueName":"search_term_string"}}],"inLanguage":"tr"},{"@type":"Person","@id":"https:\/\/kibrisdakik.com\/#\/schema\/person\/9cd9d437bbb44f72b73ba127e06d8e79","name":"admin","image":{"@type":"ImageObject","inLanguage":"tr","@id":"https:\/\/secure.gravatar.com\/avatar\/ccc17943b9d660506c869530f897617f7cb1c21a4bf30023f252596d83e1f007?s=96&d=mm&r=g","url":"https:\/\/secure.gravatar.com\/avatar\/ccc17943b9d660506c869530f897617f7cb1c21a4bf30023f252596d83e1f007?s=96&d=mm&r=g","contentUrl":"https:\/\/secure.gravatar.com\/avatar\/ccc17943b9d660506c869530f897617f7cb1c21a4bf30023f252596d83e1f007?s=96&d=mm&r=g","caption":"admin"},"sameAs":["https:\/\/kibrisdakik.com"],"url":"https:\/\/kibrisdakik.com\/?author=1"}]}},"_links":{"self":[{"href":"https:\/\/kibrisdakik.com\/index.php?rest_route=\/wp\/v2\/posts\/36708","targetHints":{"allow":["GET"]}}],"collection":[{"href":"https:\/\/kibrisdakik.com\/index.php?rest_route=\/wp\/v2\/posts"}],"about":[{"href":"https:\/\/kibrisdakik.com\/index.php?rest_route=\/wp\/v2\/types\/post"}],"author":[{"embeddable":true,"href":"https:\/\/kibrisdakik.com\/index.php?rest_route=\/wp\/v2\/users\/1"}],"replies":[{"embeddable":true,"href":"https:\/\/kibrisdakik.com\/index.php?rest_route=%2Fwp%2Fv2%2Fcomments&post=36708"}],"version-history":[{"count":0,"href":"https:\/\/kibrisdakik.com\/index.php?rest_route=\/wp\/v2\/posts\/36708\/revisions"}],"wp:featuredmedia":[{"embeddable":true,"href":"https:\/\/kibrisdakik.com\/index.php?rest_route=\/wp\/v2\/media\/36709"}],"wp:attachment":[{"href":"https:\/\/kibrisdakik.com\/index.php?rest_route=%2Fwp%2Fv2%2Fmedia&parent=36708"}],"wp:term":[{"taxonomy":"category","embeddable":true,"href":"https:\/\/kibrisdakik.com\/index.php?rest_route=%2Fwp%2Fv2%2Fcategories&post=36708"},{"taxonomy":"post_tag","embeddable":true,"href":"https:\/\/kibrisdakik.com\/index.php?rest_route=%2Fwp%2Fv2%2Ftags&post=36708"}],"curies":[{"name":"wp","href":"https:\/\/api.w.org\/{rel}","templated":true}]}}