{"id":36718,"date":"2024-04-02T12:23:11","date_gmt":"2024-04-02T12:23:11","guid":{"rendered":"https:\/\/kibrisdakik.com\/index.php\/2024\/04\/02\/tak-muduru-gurdallidan-basin-senin-iddialarina-yanit-biat-etmeyenlerin-terfi-alamadigi-iddiasi-terfi-alanlara-buyuk-bir-hakaret\/"},"modified":"2024-04-02T12:23:11","modified_gmt":"2024-04-02T12:23:11","slug":"tak-muduru-gurdallidan-basin-senin-iddialarina-yanit-biat-etmeyenlerin-terfi-alamadigi-iddiasi-terfi-alanlara-buyuk-bir-hakaret","status":"publish","type":"post","link":"https:\/\/kibrisdakik.com\/?p=36718","title":{"rendered":"TAK M\u00fcd\u00fcr\u00fc G\u00fcrdall\u0131\u2019dan Bas\u0131n-Sen\u2019in iddialar\u0131na yan\u0131t\u2026 \u201c\u2019Biat etmeyenlerin terfi alamad\u0131\u011f\u0131\u2019 iddias\u0131, terfi alanlara b\u00fcy\u00fck bir hakaret\u201d"},"content":{"rendered":"<p><\/p>\n<div>\n<div class=\"mariselle-image-container center\">\n                <img loading=\"lazy\" decoding=\"async\" width=\"1220\" height=\"881\" class=\"lazy-image\" alt=\"\" sizes=\"auto, (max-width: 1220px) 100vw, 1220px\" src=\"https:\/\/brtk.net\/wp-content\/uploads\/2024\/04\/02\/tak-binasi.jpg?ver=5b1a4c270a8130195aaf53e85e46822d\" srcset=\"https:\/\/brtk.net\/wp-content\/uploads\/2024\/04\/02\/tak-binasi.jpg?ver=5b1a4c270a8130195aaf53e85e46822d 1220w, https:\/\/brtk.net\/wp-content\/uploads\/2024\/04\/02\/tak-binasi-300x217.jpg?ver=1aed510632d92ccdc0bd14f66e69b3b2 300w, https:\/\/brtk.net\/wp-content\/uploads\/2024\/04\/02\/tak-binasi-1024x739.jpg?ver=1aed510632d92ccdc0bd14f66e69b3b2 1024w, https:\/\/brtk.net\/wp-content\/uploads\/2024\/04\/02\/tak-binasi-768x555.jpg?ver=1aed510632d92ccdc0bd14f66e69b3b2 768w\"\/>                            <\/div>\n<p>TAK M\u00fcd\u00fcr\u00fc Fehmi G\u00fcrdall\u0131, Bas\u0131n-Sen taraf\u0131ndan y\u00f6neltilen \u201cterfi s\u0131navlar\u0131n\u0131n adil yap\u0131lmad\u0131\u011f\u0131\u201d y\u00f6n\u00fcndeki ele\u015ftirilere yan\u0131t verdi.<\/p>\n<p>TAK Y\u00f6netim Kurulu\u2019nun \u201c2 cumhurba\u015fkanl\u0131\u011f\u0131 temsilcisi, 2 h\u00fck\u00fcmet temsilcisi, 1 muhalefet temsilcisi, 1 K\u0131br\u0131s T\u00fcrk Gazeteciler Birli\u011fi temsilcisi, 1 yetkili sendika KTAMS\u2019\u0131n temsilcisi, TAK M\u00fcd\u00fcr\u00fc ve <a href=\"https:\/\/brtk.net\/\">BRT<\/a> M\u00fcd\u00fcr\u00fc\u201dnden olu\u015ftu\u011funu hat\u0131rlatan G\u00fcrdall\u0131, ajans\u0131n farkl\u0131 kesimleri bulu\u015fturan, \u00f6rnek al\u0131nmas\u0131 gereken bir y\u00f6netim kurulu yap\u0131s\u0131na sahip oldu\u011funu vurgulad\u0131.<\/p>\n<p>TAK Yasas\u0131na g\u00f6re Y\u00f6netim Kurulu\u2019nun s\u0131nav yapma hakk\u0131 bulundu\u011funu belirten G\u00fcrdall\u0131, buna ra\u011fmen, Y\u00f6netim Kurulu\u2019nun son iki terfi ve m\u00fcnhal s\u00fcrecinde oldu\u011fu gibi, herhangi bir \u015faibeye yer vermemek ad\u0131na yaz\u0131l\u0131 s\u0131nav\u0131 yine Kamu Hizmeti Komisyonu\u2019nun yapmas\u0131 y\u00f6n\u00fcnde karar ald\u0131\u011f\u0131n\u0131 belirtti.<\/p>\n<div class=\"mariselle-image-container center\">\n                <img loading=\"lazy\" decoding=\"async\" width=\"2560\" height=\"1700\" class=\"lazy-image\" alt=\"\" sizes=\"auto, (max-width: 2560px) 100vw, 2560px\" src=\"https:\/\/brtk.net\/wp-content\/uploads\/2023\/07\/11\/tak-muduru-fehmi-gurdalli-scaled.jpg?ver=48bdcd39d686b9129602cf435faba5b2\" srcset=\"https:\/\/brtk.net\/wp-content\/uploads\/2023\/07\/11\/tak-muduru-fehmi-gurdalli-scaled.jpg?ver=48bdcd39d686b9129602cf435faba5b2 2560w, https:\/\/brtk.net\/wp-content\/uploads\/2023\/07\/11\/tak-muduru-fehmi-gurdalli-300x199.jpg?ver=48bdcd39d686b9129602cf435faba5b2 300w, https:\/\/brtk.net\/wp-content\/uploads\/2023\/07\/11\/tak-muduru-fehmi-gurdalli-1024x680.jpg?ver=9f4cb80fc76cba6b97b778478fde55df 1024w, https:\/\/brtk.net\/wp-content\/uploads\/2023\/07\/11\/tak-muduru-fehmi-gurdalli-768x510.jpg?ver=ffa137108f35494e2def75ec5f439b94 768w, https:\/\/brtk.net\/wp-content\/uploads\/2023\/07\/11\/tak-muduru-fehmi-gurdalli-1536x1020.jpg?ver=babfeb239b340ad939ad8b89168a06ab 1536w, https:\/\/brtk.net\/wp-content\/uploads\/2023\/07\/11\/tak-muduru-fehmi-gurdalli-2048x1360.jpg?ver=6dfb63a548bb6f3e3d40517f8a16a3a5 2048w\"\/>                            <\/div>\n<p>G\u00fcrdall\u0131, yaz\u0131l\u0131 s\u0131nav sonu\u00e7lar\u0131n\u0131n a\u00e7\u0131klanmas\u0131n\u0131n ve itiraz s\u00fcresinin dolmas\u0131n\u0131n ard\u0131ndan Y\u00f6netim Kurulu\u2019nun yasan\u0131n ve s\u0131nav t\u00fcz\u00fc\u011f\u00fcn\u00fcn \u00f6ng\u00f6rd\u00fc\u011f\u00fc \u015fekilde s\u00f6zl\u00fc s\u0131nav\u0131 ger\u00e7ekle\u015ftirdi\u011fini kaydetti.  G\u00fcrdall\u0131, s\u0131nav t\u00fcz\u00fc\u011f\u00fcne g\u00f6re yaz\u0131l\u0131 s\u0131nav\u0131n a\u011f\u0131rl\u0131\u011f\u0131n\u0131n y\u00fczde 60, s\u00f6zl\u00fc s\u0131nav\u0131n ise y\u00fczde 40 oldu\u011funu ifade ederek, t\u00fcm Y\u00f6netim Kurulu \u00fcyelerinin her adayla ilgili ayr\u0131 ayr\u0131 oylama yapt\u0131\u011f\u0131n\u0131 ve ortalama al\u0131narak sonucun bu \u015fekilde belirlendi\u011fini belirtti.<\/p>\n<p>Performans de\u011ferlendirme konusunda da bilgilendirme yapan G\u00fcrdall\u0131, bu konudaki de\u011ferlendirmenin ajansta personelle birebir muhatap olan ve personeli en iyi tan\u0131yan t\u00fcm amir ve edit\u00f6rlerin g\u00f6r\u00fc\u015fleri al\u0131narak yap\u0131ld\u0131\u011f\u0131n\u0131 vurgulad\u0131. G\u00fcrdall\u0131, personelin durumunu en sa\u011fl\u0131kl\u0131 \u015fekilde ortaya koyacak bu uygulaman\u0131n ele\u015ftirilmesine anlam veremedi\u011fini belirtti.<\/p>\n<p>Bas\u0131n-Sen\u2019in a\u00e7\u0131klamas\u0131nda hem kendisi, Y\u00f6netim Kurulu, amirler, terfi alan di\u011fer \u00e7al\u0131\u015fanlar, hem de D\u0131\u015fi\u015fleri Bakan\u0131 Tahsin Ertu\u011frulo\u011flu ile ilgili haddini a\u015fan, hakarete varan, bir sivil toplum \u00f6rg\u00fct\u00fcne yak\u0131\u015fmayacak d\u00fczeysiz ifadeler kullan\u0131ld\u0131\u011f\u0131n\u0131, as\u0131ls\u0131z iddialarda bulunuldu\u011funu s\u00f6yleyen G\u00fcrdall\u0131, hi\u00e7bir siyaset\u00e7inin terfi s\u00fcrecine m\u00fcdahalesi olmad\u0131\u011f\u0131n\u0131 vurgulad\u0131.<\/p>\n<p>\u201cBiat etmeyenlerin terfi alamad\u0131\u011f\u0131\u201d iddias\u0131n\u0131n terfi alanlara b\u00fcy\u00fck bir hakaret oldu\u011funu ifade eden G\u00fcrdall\u0131, farkl\u0131 kadrolarla ilgili mevcut 12 y\u00fckselme yeri i\u00e7in toplam 18 personelin ba\u015fvuruda bulundu\u011funu, 2 personelin yaz\u0131l\u0131 s\u0131navda elendi\u011fini ve s\u0131navlar sonucunda aralar\u0131nda 4 Bas\u0131n-Sen \u00fcyesinin de bulundu\u011fu 12 ki\u015finin terfi ald\u0131\u011f\u0131n\u0131 bildirdi. <\/p>\n<p>T\u00fcm s\u00fcrecin Y\u00f6netim Kurulu taraf\u0131ndan b\u00fcy\u00fck bir \u015feffafl\u0131kla y\u00fcr\u00fct\u00fcld\u00fc\u011f\u00fcn\u00fc, verilemeyecek hi\u00e7bir hesab\u0131n olmad\u0131\u011f\u0131n\u0131 kaydeden G\u00fcrdall\u0131, s\u0131nav s\u00fcrecine tek bir ki\u015fi d\u0131\u015f\u0131nda itiraz yap\u0131lmad\u0131\u011f\u0131na da dikkat \u00e7ekti. G\u00fcrdall\u0131, y\u00fckselme yerindeki kadrodan fazla ba\u015fvuru oldu\u011funda baz\u0131 adaylar\u0131n elenmesinin do\u011fal oldu\u011funu, bunun ba\u015fka yerlere \u00e7ekilmemesi gerekti\u011fini vurgulad\u0131.<\/p>\n<\/p><\/div>\n<p><script async\n                    defer\n                    crossorigin=\"anonymous\"\n                    src=\"https:\/\/connect.facebook.net\/tr_TR\/sdk.js#xfbml=1&#038;version=v3.3\"\n            ><\/script><\/p>\n","protected":false},"excerpt":{"rendered":"<p>TAK M\u00fcd\u00fcr\u00fc Fehmi G\u00fcrdall\u0131, Bas\u0131n-Sen taraf\u0131ndan y\u00f6neltilen \u201cterfi s\u0131navlar\u0131n\u0131n adil yap\u0131lmad\u0131\u011f\u0131\u201d y\u00f6n\u00fcndeki ele\u015ftirilere yan\u0131t verdi. TAK Y\u00f6netim Kurulu\u2019nun \u201c2 cumhurba\u015fkanl\u0131\u011f\u0131 temsilcisi, 2 h\u00fck\u00fcmet temsilcisi, 1 muhalefet temsilcisi, 1 K\u0131br\u0131s T\u00fcrk Gazeteciler Birli\u011fi temsilcisi, 1 yetkili sendika KTAMS\u2019\u0131n temsilcisi, TAK M\u00fcd\u00fcr\u00fc ve BRT M\u00fcd\u00fcr\u00fc\u201dnden olu\u015ftu\u011funu hat\u0131rlatan G\u00fcrdall\u0131, ajans\u0131n farkl\u0131 kesimleri bulu\u015fturan, \u00f6rnek al\u0131nmas\u0131 gereken bir y\u00f6netim<\/p>\n","protected":false},"author":1,"featured_media":36719,"comment_status":"open","ping_status":"open","sticky":false,"template":"","format":"standard","meta":{"footnotes":""},"categories":[1],"tags":[],"class_list":["post-36718","post","type-post","status-publish","format-standard","has-post-thumbnail","hentry","category-gundem"],"yoast_head":"<!-- This site is optimized with the Yoast SEO plugin v27.4 - https:\/\/yoast.com\/product\/yoast-seo-wordpress\/ -->\n<title>TAK M\u00fcd\u00fcr\u00fc G\u00fcrdall\u0131\u2019dan Bas\u0131n-Sen\u2019in iddialar\u0131na yan\u0131t\u2026 \u201c\u2019Biat etmeyenlerin terfi alamad\u0131\u011f\u0131\u2019 iddias\u0131, terfi alanlara b\u00fcy\u00fck bir hakaret\u201d -<\/title>\n<meta name=\"robots\" content=\"index, follow, max-snippet:-1, max-image-preview:large, max-video-preview:-1\" \/>\n<link rel=\"canonical\" href=\"https:\/\/kibrisdakik.com\/?p=36718\" \/>\n<meta property=\"og:locale\" content=\"tr_TR\" \/>\n<meta property=\"og:type\" content=\"article\" \/>\n<meta property=\"og:title\" content=\"TAK M\u00fcd\u00fcr\u00fc G\u00fcrdall\u0131\u2019dan Bas\u0131n-Sen\u2019in iddialar\u0131na yan\u0131t\u2026 \u201c\u2019Biat etmeyenlerin terfi alamad\u0131\u011f\u0131\u2019 iddias\u0131, terfi alanlara b\u00fcy\u00fck bir hakaret\u201d -\" \/>\n<meta property=\"og:description\" content=\"TAK M\u00fcd\u00fcr\u00fc Fehmi G\u00fcrdall\u0131, Bas\u0131n-Sen taraf\u0131ndan y\u00f6neltilen \u201cterfi s\u0131navlar\u0131n\u0131n adil yap\u0131lmad\u0131\u011f\u0131\u201d y\u00f6n\u00fcndeki ele\u015ftirilere yan\u0131t verdi. TAK Y\u00f6netim Kurulu\u2019nun \u201c2 cumhurba\u015fkanl\u0131\u011f\u0131 temsilcisi, 2 h\u00fck\u00fcmet temsilcisi, 1 muhalefet temsilcisi, 1 K\u0131br\u0131s T\u00fcrk Gazeteciler Birli\u011fi temsilcisi, 1 yetkili sendika KTAMS\u2019\u0131n temsilcisi, TAK M\u00fcd\u00fcr\u00fc ve BRT M\u00fcd\u00fcr\u00fc\u201dnden olu\u015ftu\u011funu hat\u0131rlatan G\u00fcrdall\u0131, ajans\u0131n farkl\u0131 kesimleri bulu\u015fturan, \u00f6rnek al\u0131nmas\u0131 gereken bir y\u00f6netim\" \/>\n<meta property=\"og:url\" content=\"https:\/\/kibrisdakik.com\/?p=36718\" \/>\n<meta property=\"article:published_time\" content=\"2024-04-02T12:23:11+00:00\" \/>\n<meta property=\"og:image\" content=\"https:\/\/kibrisdakik.com\/wp-content\/uploads\/2024\/04\/tak-muduru-fehmi-gurdalli-scaled-740x420.jpg\" \/>\n\t<meta property=\"og:image:width\" content=\"2560\" \/>\n\t<meta property=\"og:image:height\" content=\"1700\" \/>\n\t<meta property=\"og:image:type\" content=\"image\/jpeg\" \/>\n<meta name=\"author\" content=\"admin\" \/>\n<meta name=\"twitter:card\" content=\"summary_large_image\" \/>\n<meta name=\"twitter:label1\" content=\"Yazan:\" \/>\n\t<meta name=\"twitter:data1\" content=\"admin\" \/>\n\t<meta name=\"twitter:label2\" content=\"Tahmini okuma s\u00fcresi\" \/>\n\t<meta name=\"twitter:data2\" content=\"3 dakika\" \/>\n<script type=\"application\/ld+json\" class=\"yoast-schema-graph\">{\"@context\":\"https:\\\/\\\/schema.org\",\"@graph\":[{\"@type\":\"Article\",\"@id\":\"https:\\\/\\\/kibrisdakik.com\\\/?p=36718#article\",\"isPartOf\":{\"@id\":\"https:\\\/\\\/kibrisdakik.com\\\/?p=36718\"},\"author\":{\"name\":\"admin\",\"@id\":\"https:\\\/\\\/kibrisdakik.com\\\/#\\\/schema\\\/person\\\/9cd9d437bbb44f72b73ba127e06d8e79\"},\"headline\":\"TAK M\u00fcd\u00fcr\u00fc G\u00fcrdall\u0131\u2019dan Bas\u0131n-Sen\u2019in iddialar\u0131na yan\u0131t\u2026 \u201c\u2019Biat etmeyenlerin terfi alamad\u0131\u011f\u0131\u2019 iddias\u0131, terfi alanlara b\u00fcy\u00fck bir hakaret\u201d\",\"datePublished\":\"2024-04-02T12:23:11+00:00\",\"mainEntityOfPage\":{\"@id\":\"https:\\\/\\\/kibrisdakik.com\\\/?p=36718\"},\"wordCount\":549,\"commentCount\":0,\"image\":{\"@id\":\"https:\\\/\\\/kibrisdakik.com\\\/?p=36718#primaryimage\"},\"thumbnailUrl\":\"https:\\\/\\\/kibrisdakik.com\\\/wp-content\\\/uploads\\\/2024\\\/04\\\/tak-muduru-fehmi-gurdalli-scaled-740x420.jpg\",\"articleSection\":[\"G\u00fcndem\"],\"inLanguage\":\"tr\",\"potentialAction\":[{\"@type\":\"CommentAction\",\"name\":\"Comment\",\"target\":[\"https:\\\/\\\/kibrisdakik.com\\\/?p=36718#respond\"]}]},{\"@type\":\"WebPage\",\"@id\":\"https:\\\/\\\/kibrisdakik.com\\\/?p=36718\",\"url\":\"https:\\\/\\\/kibrisdakik.com\\\/?p=36718\",\"name\":\"TAK M\u00fcd\u00fcr\u00fc G\u00fcrdall\u0131\u2019dan Bas\u0131n-Sen\u2019in iddialar\u0131na yan\u0131t\u2026 \u201c\u2019Biat etmeyenlerin terfi alamad\u0131\u011f\u0131\u2019 iddias\u0131, terfi alanlara b\u00fcy\u00fck bir hakaret\u201d -\",\"isPartOf\":{\"@id\":\"https:\\\/\\\/kibrisdakik.com\\\/#website\"},\"primaryImageOfPage\":{\"@id\":\"https:\\\/\\\/kibrisdakik.com\\\/?p=36718#primaryimage\"},\"image\":{\"@id\":\"https:\\\/\\\/kibrisdakik.com\\\/?p=36718#primaryimage\"},\"thumbnailUrl\":\"https:\\\/\\\/kibrisdakik.com\\\/wp-content\\\/uploads\\\/2024\\\/04\\\/tak-muduru-fehmi-gurdalli-scaled-740x420.jpg\",\"datePublished\":\"2024-04-02T12:23:11+00:00\",\"author\":{\"@id\":\"https:\\\/\\\/kibrisdakik.com\\\/#\\\/schema\\\/person\\\/9cd9d437bbb44f72b73ba127e06d8e79\"},\"breadcrumb\":{\"@id\":\"https:\\\/\\\/kibrisdakik.com\\\/?p=36718#breadcrumb\"},\"inLanguage\":\"tr\",\"potentialAction\":[{\"@type\":\"ReadAction\",\"target\":[\"https:\\\/\\\/kibrisdakik.com\\\/?p=36718\"]}]},{\"@type\":\"ImageObject\",\"inLanguage\":\"tr\",\"@id\":\"https:\\\/\\\/kibrisdakik.com\\\/?p=36718#primaryimage\",\"url\":\"https:\\\/\\\/kibrisdakik.com\\\/wp-content\\\/uploads\\\/2024\\\/04\\\/tak-muduru-fehmi-gurdalli-scaled-740x420.jpg\",\"contentUrl\":\"https:\\\/\\\/kibrisdakik.com\\\/wp-content\\\/uploads\\\/2024\\\/04\\\/tak-muduru-fehmi-gurdalli-scaled-740x420.jpg\",\"width\":2560,\"height\":1700},{\"@type\":\"BreadcrumbList\",\"@id\":\"https:\\\/\\\/kibrisdakik.com\\\/?p=36718#breadcrumb\",\"itemListElement\":[{\"@type\":\"ListItem\",\"position\":1,\"name\":\"Home\",\"item\":\"https:\\\/\\\/kibrisdakik.com\\\/\"},{\"@type\":\"ListItem\",\"position\":2,\"name\":\"TAK M\u00fcd\u00fcr\u00fc G\u00fcrdall\u0131\u2019dan Bas\u0131n-Sen\u2019in iddialar\u0131na yan\u0131t\u2026 \u201c\u2019Biat etmeyenlerin terfi alamad\u0131\u011f\u0131\u2019 iddias\u0131, terfi alanlara b\u00fcy\u00fck bir hakaret\u201d\"}]},{\"@type\":\"WebSite\",\"@id\":\"https:\\\/\\\/kibrisdakik.com\\\/#website\",\"url\":\"https:\\\/\\\/kibrisdakik.com\\\/\",\"name\":\"\",\"description\":\"Tam vaktinde haber\",\"potentialAction\":[{\"@type\":\"SearchAction\",\"target\":{\"@type\":\"EntryPoint\",\"urlTemplate\":\"https:\\\/\\\/kibrisdakik.com\\\/?s={search_term_string}\"},\"query-input\":{\"@type\":\"PropertyValueSpecification\",\"valueRequired\":true,\"valueName\":\"search_term_string\"}}],\"inLanguage\":\"tr\"},{\"@type\":\"Person\",\"@id\":\"https:\\\/\\\/kibrisdakik.com\\\/#\\\/schema\\\/person\\\/9cd9d437bbb44f72b73ba127e06d8e79\",\"name\":\"admin\",\"image\":{\"@type\":\"ImageObject\",\"inLanguage\":\"tr\",\"@id\":\"https:\\\/\\\/secure.gravatar.com\\\/avatar\\\/ccc17943b9d660506c869530f897617f7cb1c21a4bf30023f252596d83e1f007?s=96&d=mm&r=g\",\"url\":\"https:\\\/\\\/secure.gravatar.com\\\/avatar\\\/ccc17943b9d660506c869530f897617f7cb1c21a4bf30023f252596d83e1f007?s=96&d=mm&r=g\",\"contentUrl\":\"https:\\\/\\\/secure.gravatar.com\\\/avatar\\\/ccc17943b9d660506c869530f897617f7cb1c21a4bf30023f252596d83e1f007?s=96&d=mm&r=g\",\"caption\":\"admin\"},\"sameAs\":[\"https:\\\/\\\/kibrisdakik.com\"],\"url\":\"https:\\\/\\\/kibrisdakik.com\\\/?author=1\"}]}<\/script>\n<!-- \/ Yoast SEO plugin. -->","yoast_head_json":{"title":"TAK M\u00fcd\u00fcr\u00fc G\u00fcrdall\u0131\u2019dan Bas\u0131n-Sen\u2019in iddialar\u0131na yan\u0131t\u2026 \u201c\u2019Biat etmeyenlerin terfi alamad\u0131\u011f\u0131\u2019 iddias\u0131, terfi alanlara b\u00fcy\u00fck bir hakaret\u201d -","robots":{"index":"index","follow":"follow","max-snippet":"max-snippet:-1","max-image-preview":"max-image-preview:large","max-video-preview":"max-video-preview:-1"},"canonical":"https:\/\/kibrisdakik.com\/?p=36718","og_locale":"tr_TR","og_type":"article","og_title":"TAK M\u00fcd\u00fcr\u00fc G\u00fcrdall\u0131\u2019dan Bas\u0131n-Sen\u2019in iddialar\u0131na yan\u0131t\u2026 \u201c\u2019Biat etmeyenlerin terfi alamad\u0131\u011f\u0131\u2019 iddias\u0131, terfi alanlara b\u00fcy\u00fck bir hakaret\u201d -","og_description":"TAK M\u00fcd\u00fcr\u00fc Fehmi G\u00fcrdall\u0131, Bas\u0131n-Sen taraf\u0131ndan y\u00f6neltilen \u201cterfi s\u0131navlar\u0131n\u0131n adil yap\u0131lmad\u0131\u011f\u0131\u201d y\u00f6n\u00fcndeki ele\u015ftirilere yan\u0131t verdi. TAK Y\u00f6netim Kurulu\u2019nun \u201c2 cumhurba\u015fkanl\u0131\u011f\u0131 temsilcisi, 2 h\u00fck\u00fcmet temsilcisi, 1 muhalefet temsilcisi, 1 K\u0131br\u0131s T\u00fcrk Gazeteciler Birli\u011fi temsilcisi, 1 yetkili sendika KTAMS\u2019\u0131n temsilcisi, TAK M\u00fcd\u00fcr\u00fc ve BRT M\u00fcd\u00fcr\u00fc\u201dnden olu\u015ftu\u011funu hat\u0131rlatan G\u00fcrdall\u0131, ajans\u0131n farkl\u0131 kesimleri bulu\u015fturan, \u00f6rnek al\u0131nmas\u0131 gereken bir y\u00f6netim","og_url":"https:\/\/kibrisdakik.com\/?p=36718","article_published_time":"2024-04-02T12:23:11+00:00","og_image":[{"width":2560,"height":1700,"url":"https:\/\/kibrisdakik.com\/wp-content\/uploads\/2024\/04\/tak-muduru-fehmi-gurdalli-scaled-740x420.jpg","type":"image\/jpeg"}],"author":"admin","twitter_card":"summary_large_image","twitter_misc":{"Yazan:":"admin","Tahmini okuma s\u00fcresi":"3 dakika"},"schema":{"@context":"https:\/\/schema.org","@graph":[{"@type":"Article","@id":"https:\/\/kibrisdakik.com\/?p=36718#article","isPartOf":{"@id":"https:\/\/kibrisdakik.com\/?p=36718"},"author":{"name":"admin","@id":"https:\/\/kibrisdakik.com\/#\/schema\/person\/9cd9d437bbb44f72b73ba127e06d8e79"},"headline":"TAK M\u00fcd\u00fcr\u00fc G\u00fcrdall\u0131\u2019dan Bas\u0131n-Sen\u2019in iddialar\u0131na yan\u0131t\u2026 \u201c\u2019Biat etmeyenlerin terfi alamad\u0131\u011f\u0131\u2019 iddias\u0131, terfi alanlara b\u00fcy\u00fck bir hakaret\u201d","datePublished":"2024-04-02T12:23:11+00:00","mainEntityOfPage":{"@id":"https:\/\/kibrisdakik.com\/?p=36718"},"wordCount":549,"commentCount":0,"image":{"@id":"https:\/\/kibrisdakik.com\/?p=36718#primaryimage"},"thumbnailUrl":"https:\/\/kibrisdakik.com\/wp-content\/uploads\/2024\/04\/tak-muduru-fehmi-gurdalli-scaled-740x420.jpg","articleSection":["G\u00fcndem"],"inLanguage":"tr","potentialAction":[{"@type":"CommentAction","name":"Comment","target":["https:\/\/kibrisdakik.com\/?p=36718#respond"]}]},{"@type":"WebPage","@id":"https:\/\/kibrisdakik.com\/?p=36718","url":"https:\/\/kibrisdakik.com\/?p=36718","name":"TAK M\u00fcd\u00fcr\u00fc G\u00fcrdall\u0131\u2019dan Bas\u0131n-Sen\u2019in iddialar\u0131na yan\u0131t\u2026 \u201c\u2019Biat etmeyenlerin terfi alamad\u0131\u011f\u0131\u2019 iddias\u0131, terfi alanlara b\u00fcy\u00fck bir hakaret\u201d -","isPartOf":{"@id":"https:\/\/kibrisdakik.com\/#website"},"primaryImageOfPage":{"@id":"https:\/\/kibrisdakik.com\/?p=36718#primaryimage"},"image":{"@id":"https:\/\/kibrisdakik.com\/?p=36718#primaryimage"},"thumbnailUrl":"https:\/\/kibrisdakik.com\/wp-content\/uploads\/2024\/04\/tak-muduru-fehmi-gurdalli-scaled-740x420.jpg","datePublished":"2024-04-02T12:23:11+00:00","author":{"@id":"https:\/\/kibrisdakik.com\/#\/schema\/person\/9cd9d437bbb44f72b73ba127e06d8e79"},"breadcrumb":{"@id":"https:\/\/kibrisdakik.com\/?p=36718#breadcrumb"},"inLanguage":"tr","potentialAction":[{"@type":"ReadAction","target":["https:\/\/kibrisdakik.com\/?p=36718"]}]},{"@type":"ImageObject","inLanguage":"tr","@id":"https:\/\/kibrisdakik.com\/?p=36718#primaryimage","url":"https:\/\/kibrisdakik.com\/wp-content\/uploads\/2024\/04\/tak-muduru-fehmi-gurdalli-scaled-740x420.jpg","contentUrl":"https:\/\/kibrisdakik.com\/wp-content\/uploads\/2024\/04\/tak-muduru-fehmi-gurdalli-scaled-740x420.jpg","width":2560,"height":1700},{"@type":"BreadcrumbList","@id":"https:\/\/kibrisdakik.com\/?p=36718#breadcrumb","itemListElement":[{"@type":"ListItem","position":1,"name":"Home","item":"https:\/\/kibrisdakik.com\/"},{"@type":"ListItem","position":2,"name":"TAK M\u00fcd\u00fcr\u00fc G\u00fcrdall\u0131\u2019dan Bas\u0131n-Sen\u2019in iddialar\u0131na yan\u0131t\u2026 \u201c\u2019Biat etmeyenlerin terfi alamad\u0131\u011f\u0131\u2019 iddias\u0131, terfi alanlara b\u00fcy\u00fck bir hakaret\u201d"}]},{"@type":"WebSite","@id":"https:\/\/kibrisdakik.com\/#website","url":"https:\/\/kibrisdakik.com\/","name":"","description":"Tam vaktinde haber","potentialAction":[{"@type":"SearchAction","target":{"@type":"EntryPoint","urlTemplate":"https:\/\/kibrisdakik.com\/?s={search_term_string}"},"query-input":{"@type":"PropertyValueSpecification","valueRequired":true,"valueName":"search_term_string"}}],"inLanguage":"tr"},{"@type":"Person","@id":"https:\/\/kibrisdakik.com\/#\/schema\/person\/9cd9d437bbb44f72b73ba127e06d8e79","name":"admin","image":{"@type":"ImageObject","inLanguage":"tr","@id":"https:\/\/secure.gravatar.com\/avatar\/ccc17943b9d660506c869530f897617f7cb1c21a4bf30023f252596d83e1f007?s=96&d=mm&r=g","url":"https:\/\/secure.gravatar.com\/avatar\/ccc17943b9d660506c869530f897617f7cb1c21a4bf30023f252596d83e1f007?s=96&d=mm&r=g","contentUrl":"https:\/\/secure.gravatar.com\/avatar\/ccc17943b9d660506c869530f897617f7cb1c21a4bf30023f252596d83e1f007?s=96&d=mm&r=g","caption":"admin"},"sameAs":["https:\/\/kibrisdakik.com"],"url":"https:\/\/kibrisdakik.com\/?author=1"}]}},"_links":{"self":[{"href":"https:\/\/kibrisdakik.com\/index.php?rest_route=\/wp\/v2\/posts\/36718","targetHints":{"allow":["GET"]}}],"collection":[{"href":"https:\/\/kibrisdakik.com\/index.php?rest_route=\/wp\/v2\/posts"}],"about":[{"href":"https:\/\/kibrisdakik.com\/index.php?rest_route=\/wp\/v2\/types\/post"}],"author":[{"embeddable":true,"href":"https:\/\/kibrisdakik.com\/index.php?rest_route=\/wp\/v2\/users\/1"}],"replies":[{"embeddable":true,"href":"https:\/\/kibrisdakik.com\/index.php?rest_route=%2Fwp%2Fv2%2Fcomments&post=36718"}],"version-history":[{"count":0,"href":"https:\/\/kibrisdakik.com\/index.php?rest_route=\/wp\/v2\/posts\/36718\/revisions"}],"wp:featuredmedia":[{"embeddable":true,"href":"https:\/\/kibrisdakik.com\/index.php?rest_route=\/wp\/v2\/media\/36719"}],"wp:attachment":[{"href":"https:\/\/kibrisdakik.com\/index.php?rest_route=%2Fwp%2Fv2%2Fmedia&parent=36718"}],"wp:term":[{"taxonomy":"category","embeddable":true,"href":"https:\/\/kibrisdakik.com\/index.php?rest_route=%2Fwp%2Fv2%2Fcategories&post=36718"},{"taxonomy":"post_tag","embeddable":true,"href":"https:\/\/kibrisdakik.com\/index.php?rest_route=%2Fwp%2Fv2%2Ftags&post=36718"}],"curies":[{"name":"wp","href":"https:\/\/api.w.org\/{rel}","templated":true}]}}