{"id":36852,"date":"2024-04-03T09:46:48","date_gmt":"2024-04-03T09:46:48","guid":{"rendered":"https:\/\/kibrisdakik.com\/index.php\/2024\/04\/03\/cumhurbaskani-tataranavatan-turkiye-ile-surdurulen-siyasetten-geri-donus-olmayacagini-bm-genel-sekreterine-iletecegiz\/"},"modified":"2024-04-03T09:46:48","modified_gmt":"2024-04-03T09:46:48","slug":"cumhurbaskani-tataranavatan-turkiye-ile-surdurulen-siyasetten-geri-donus-olmayacagini-bm-genel-sekreterine-iletecegiz","status":"publish","type":"post","link":"https:\/\/kibrisdakik.com\/?p=36852","title":{"rendered":"Cumhurba\u015fkan\u0131 Tatar:Anavatan T\u00fcrkiye ile s\u00fcrd\u00fcr\u00fclen siyasetten geri d\u00f6n\u00fc\u015f olmayaca\u011f\u0131n\u0131 BM Genel Sekreteri\u2019ne iletece\u011fiz"},"content":{"rendered":"<p><\/p>\n<div>\n<div class=\"mariselle-image-container center\">\n                <img loading=\"lazy\" decoding=\"async\" width=\"1221\" height=\"610\" class=\"lazy-image\" alt=\"\" sizes=\"auto, (max-width: 1221px) 100vw, 1221px\" src=\"https:\/\/brtk.net\/wp-content\/uploads\/2024\/04\/03\/qrupqourpq.jpg?ver=7bd0d427384ef0eaac72341bbc384535\" srcset=\"https:\/\/brtk.net\/wp-content\/uploads\/2024\/04\/03\/qrupqourpq.jpg?ver=7bd0d427384ef0eaac72341bbc384535 1221w, https:\/\/brtk.net\/wp-content\/uploads\/2024\/04\/03\/qrupqourpq-300x150.jpg?ver=7bd0d427384ef0eaac72341bbc384535 300w, https:\/\/brtk.net\/wp-content\/uploads\/2024\/04\/03\/qrupqourpq-1024x512.jpg?ver=7bd0d427384ef0eaac72341bbc384535 1024w, https:\/\/brtk.net\/wp-content\/uploads\/2024\/04\/03\/qrupqourpq-768x384.jpg?ver=7bd0d427384ef0eaac72341bbc384535 768w, https:\/\/brtk.net\/wp-content\/uploads\/2024\/04\/03\/qrupqourpq-720x360.jpg?ver=a9e111f9985ac9401abe02928d509d75 720w\"\/>                            <\/div>\n<p>Cumhurba\u015fkan\u0131 <a href=\"https:\/\/brtk.net\/\" target=\"_blank\" rel=\"noopener\">Ersin <\/a><a href=\"https:\/\/brtk.net\/\"\/><a href=\"https:\/\/brtk.net\/\"\/><a href=\"https:\/\/brtk.net\/\"\/><a href=\"https:\/\/brtk.net\/\">Tatar<\/a>,5 Nisan\u2019da Birle\u015fmi\u015f Milletler Genel Sekreteri Antonio Guterres ile New York\u2019ta g\u00f6r\u00fc\u015fmek \u00fczere adadan ayr\u0131ld\u0131. <\/p>\n<p>Adadan ayr\u0131lmadan \u00f6nce Ercan Havaliman\u0131nda bas\u0131n a\u00e7\u0131klamas\u0131 yapan Cumhurba\u015fkan\u0131 <a href=\"https:\/\/brtk.net\/\"\/><a href=\"https:\/\/brtk.net\/\"\/><a href=\"https:\/\/brtk.net\/\"\/><a href=\"https:\/\/brtk.net\/\">Tatar<\/a>, \u00fc\u00e7 y\u0131ldan beridir Anavatan T\u00fcrkiye ile y\u00fcr\u00fct\u00fclen s\u00fcrd\u00fcr\u00fclen siyasetten geri d\u00f6n\u00fc\u015f olmayaca\u011f\u0131n\u0131 BM Genel Sekreteri\u2019ne ileteceklerini s\u00f6yledi. <\/p>\n<p><a href=\"https:\/\/brtk.net\/\"\/><a href=\"https:\/\/brtk.net\/\"\/><a href=\"https:\/\/brtk.net\/\"\/><a href=\"https:\/\/brtk.net\/\">Tatar<\/a>, \u015fu ana kadar iki taraf aras\u0131nda ortak bir zemin olmad\u0131\u011f\u0131n\u0131n a\u00e7\u0131k ve net oldu\u011funu s\u00f6yledi. <\/p>\n<p>K\u0131br\u0131s T\u00fcrk halk\u0131na uygulanan izolasyonlar ve ambargolar\u0131 BM Genel Sekreteri\u2019ne anlatacaklar\u0131n\u0131 kaydeden Cumhurba\u015fkan\u0131 <a href=\"https:\/\/brtk.net\/\"\/><a href=\"https:\/\/brtk.net\/\"\/><a href=\"https:\/\/brtk.net\/\"\/><a href=\"https:\/\/brtk.net\/\">Tatar<\/a>, 60 y\u0131ld\u0131r K\u0131br\u0131s meselesinin halen daha \u00e7\u00f6z\u00fclmedi\u011fini kaydetti.<\/p>\n<p>Cumhurba\u015fkan\u0131 <a href=\"https:\/\/brtk.net\/\"\/><a href=\"https:\/\/brtk.net\/\"\/><a href=\"https:\/\/brtk.net\/\"\/><a href=\"https:\/\/brtk.net\/\">Tatar<\/a>, Guterres ile g\u00f6r\u00fc\u015fmesi \u00f6ncesinde d\u00fcn de Meclis\u2019te temsil edilen partilerin ba\u015fkanlar\u0131yla bir araya gelmi\u015fti. <\/p>\n<p><iframe loading=\"lazy\" title=\"Cumhurba\u015fkan\u0131 Tatar  Ercan Havaliman\u0131&#039;nda bas\u0131n a\u00e7\u0131klamas\u0131 yapt\u0131\" width=\"960\" height=\"540\" src=\"https:\/\/www.youtube.com\/embed\/6wzTCg5jkKA?feature=oembed\" frameborder=\"0\" allow=\"accelerometer; autoplay; clipboard-write; encrypted-media; gyroscope; picture-in-picture; web-share\" referrerpolicy=\"strict-origin-when-cross-origin\" allowfullscreen><\/iframe><\/p>\n<\/p><\/div>\n<p><script async\n                    defer\n                    crossorigin=\"anonymous\"\n                    src=\"https:\/\/connect.facebook.net\/tr_TR\/sdk.js#xfbml=1&#038;version=v3.3\"\n            ><\/script><\/p>\n","protected":false},"excerpt":{"rendered":"<p>Cumhurba\u015fkan\u0131 Ersin Tatar,5 Nisan\u2019da Birle\u015fmi\u015f Milletler Genel Sekreteri Antonio Guterres ile New York\u2019ta g\u00f6r\u00fc\u015fmek \u00fczere adadan ayr\u0131ld\u0131. Adadan ayr\u0131lmadan \u00f6nce Ercan Havaliman\u0131nda bas\u0131n a\u00e7\u0131klamas\u0131 yapan Cumhurba\u015fkan\u0131 Tatar, \u00fc\u00e7 y\u0131ldan beridir Anavatan T\u00fcrkiye ile y\u00fcr\u00fct\u00fclen s\u00fcrd\u00fcr\u00fclen siyasetten geri d\u00f6n\u00fc\u015f olmayaca\u011f\u0131n\u0131 BM Genel Sekreteri\u2019ne ileteceklerini s\u00f6yledi. Tatar, \u015fu ana kadar iki taraf aras\u0131nda ortak bir zemin olmad\u0131\u011f\u0131n\u0131n<\/p>\n","protected":false},"author":1,"featured_media":36853,"comment_status":"open","ping_status":"open","sticky":false,"template":"","format":"standard","meta":{"footnotes":""},"categories":[1],"tags":[],"class_list":["post-36852","post","type-post","status-publish","format-standard","has-post-thumbnail","hentry","category-gundem"],"yoast_head":"<!-- This site is optimized with the Yoast SEO plugin v27.5 - https:\/\/yoast.com\/product\/yoast-seo-wordpress\/ -->\n<title>Cumhurba\u015fkan\u0131 Tatar:Anavatan T\u00fcrkiye ile s\u00fcrd\u00fcr\u00fclen siyasetten geri d\u00f6n\u00fc\u015f olmayaca\u011f\u0131n\u0131 BM Genel Sekreteri\u2019ne iletece\u011fiz -<\/title>\n<meta name=\"robots\" content=\"index, follow, max-snippet:-1, max-image-preview:large, max-video-preview:-1\" \/>\n<link rel=\"canonical\" href=\"https:\/\/kibrisdakik.com\/?p=36852\" \/>\n<meta property=\"og:locale\" content=\"tr_TR\" \/>\n<meta property=\"og:type\" content=\"article\" \/>\n<meta property=\"og:title\" content=\"Cumhurba\u015fkan\u0131 Tatar:Anavatan T\u00fcrkiye ile s\u00fcrd\u00fcr\u00fclen siyasetten geri d\u00f6n\u00fc\u015f olmayaca\u011f\u0131n\u0131 BM Genel Sekreteri\u2019ne iletece\u011fiz -\" \/>\n<meta property=\"og:description\" content=\"Cumhurba\u015fkan\u0131 Ersin Tatar,5 Nisan\u2019da Birle\u015fmi\u015f Milletler Genel Sekreteri Antonio Guterres ile New York\u2019ta g\u00f6r\u00fc\u015fmek \u00fczere adadan ayr\u0131ld\u0131. Adadan ayr\u0131lmadan \u00f6nce Ercan Havaliman\u0131nda bas\u0131n a\u00e7\u0131klamas\u0131 yapan Cumhurba\u015fkan\u0131 Tatar, \u00fc\u00e7 y\u0131ldan beridir Anavatan T\u00fcrkiye ile y\u00fcr\u00fct\u00fclen s\u00fcrd\u00fcr\u00fclen siyasetten geri d\u00f6n\u00fc\u015f olmayaca\u011f\u0131n\u0131 BM Genel Sekreteri\u2019ne ileteceklerini s\u00f6yledi. Tatar, \u015fu ana kadar iki taraf aras\u0131nda ortak bir zemin olmad\u0131\u011f\u0131n\u0131n\" \/>\n<meta property=\"og:url\" content=\"https:\/\/kibrisdakik.com\/?p=36852\" \/>\n<meta property=\"article:published_time\" content=\"2024-04-03T09:46:48+00:00\" \/>\n<meta property=\"og:image\" content=\"https:\/\/kibrisdakik.com\/wp-content\/uploads\/2024\/04\/afiopaifpa-740x420.jpg\" \/>\n\t<meta property=\"og:image:width\" content=\"1443\" \/>\n\t<meta property=\"og:image:height\" content=\"561\" \/>\n\t<meta property=\"og:image:type\" content=\"image\/jpeg\" \/>\n<meta name=\"author\" content=\"admin\" \/>\n<meta name=\"twitter:card\" content=\"summary_large_image\" \/>\n<meta name=\"twitter:label1\" content=\"Yazan:\" \/>\n\t<meta name=\"twitter:data1\" content=\"admin\" \/>\n\t<meta name=\"twitter:label2\" content=\"Tahmini okuma s\u00fcresi\" \/>\n\t<meta name=\"twitter:data2\" content=\"1 dakika\" \/>\n<script type=\"application\/ld+json\" class=\"yoast-schema-graph\">{\"@context\":\"https:\\\/\\\/schema.org\",\"@graph\":[{\"@type\":\"Article\",\"@id\":\"https:\\\/\\\/kibrisdakik.com\\\/?p=36852#article\",\"isPartOf\":{\"@id\":\"https:\\\/\\\/kibrisdakik.com\\\/?p=36852\"},\"author\":{\"name\":\"admin\",\"@id\":\"https:\\\/\\\/kibrisdakik.com\\\/#\\\/schema\\\/person\\\/9cd9d437bbb44f72b73ba127e06d8e79\"},\"headline\":\"Cumhurba\u015fkan\u0131 Tatar:Anavatan T\u00fcrkiye ile s\u00fcrd\u00fcr\u00fclen siyasetten geri d\u00f6n\u00fc\u015f olmayaca\u011f\u0131n\u0131 BM Genel Sekreteri\u2019ne iletece\u011fiz\",\"datePublished\":\"2024-04-03T09:46:48+00:00\",\"mainEntityOfPage\":{\"@id\":\"https:\\\/\\\/kibrisdakik.com\\\/?p=36852\"},\"wordCount\":180,\"commentCount\":0,\"image\":{\"@id\":\"https:\\\/\\\/kibrisdakik.com\\\/?p=36852#primaryimage\"},\"thumbnailUrl\":\"https:\\\/\\\/kibrisdakik.com\\\/wp-content\\\/uploads\\\/2024\\\/04\\\/afiopaifpa-740x420.jpg\",\"articleSection\":[\"G\u00fcndem\"],\"inLanguage\":\"tr\",\"potentialAction\":[{\"@type\":\"CommentAction\",\"name\":\"Comment\",\"target\":[\"https:\\\/\\\/kibrisdakik.com\\\/?p=36852#respond\"]}]},{\"@type\":\"WebPage\",\"@id\":\"https:\\\/\\\/kibrisdakik.com\\\/?p=36852\",\"url\":\"https:\\\/\\\/kibrisdakik.com\\\/?p=36852\",\"name\":\"Cumhurba\u015fkan\u0131 Tatar:Anavatan T\u00fcrkiye ile s\u00fcrd\u00fcr\u00fclen siyasetten geri d\u00f6n\u00fc\u015f olmayaca\u011f\u0131n\u0131 BM Genel Sekreteri\u2019ne iletece\u011fiz -\",\"isPartOf\":{\"@id\":\"https:\\\/\\\/kibrisdakik.com\\\/#website\"},\"primaryImageOfPage\":{\"@id\":\"https:\\\/\\\/kibrisdakik.com\\\/?p=36852#primaryimage\"},\"image\":{\"@id\":\"https:\\\/\\\/kibrisdakik.com\\\/?p=36852#primaryimage\"},\"thumbnailUrl\":\"https:\\\/\\\/kibrisdakik.com\\\/wp-content\\\/uploads\\\/2024\\\/04\\\/afiopaifpa-740x420.jpg\",\"datePublished\":\"2024-04-03T09:46:48+00:00\",\"author\":{\"@id\":\"https:\\\/\\\/kibrisdakik.com\\\/#\\\/schema\\\/person\\\/9cd9d437bbb44f72b73ba127e06d8e79\"},\"breadcrumb\":{\"@id\":\"https:\\\/\\\/kibrisdakik.com\\\/?p=36852#breadcrumb\"},\"inLanguage\":\"tr\",\"potentialAction\":[{\"@type\":\"ReadAction\",\"target\":[\"https:\\\/\\\/kibrisdakik.com\\\/?p=36852\"]}]},{\"@type\":\"ImageObject\",\"inLanguage\":\"tr\",\"@id\":\"https:\\\/\\\/kibrisdakik.com\\\/?p=36852#primaryimage\",\"url\":\"https:\\\/\\\/kibrisdakik.com\\\/wp-content\\\/uploads\\\/2024\\\/04\\\/afiopaifpa-740x420.jpg\",\"contentUrl\":\"https:\\\/\\\/kibrisdakik.com\\\/wp-content\\\/uploads\\\/2024\\\/04\\\/afiopaifpa-740x420.jpg\",\"width\":1443,\"height\":561},{\"@type\":\"BreadcrumbList\",\"@id\":\"https:\\\/\\\/kibrisdakik.com\\\/?p=36852#breadcrumb\",\"itemListElement\":[{\"@type\":\"ListItem\",\"position\":1,\"name\":\"Home\",\"item\":\"https:\\\/\\\/kibrisdakik.com\\\/\"},{\"@type\":\"ListItem\",\"position\":2,\"name\":\"Cumhurba\u015fkan\u0131 Tatar:Anavatan T\u00fcrkiye ile s\u00fcrd\u00fcr\u00fclen siyasetten geri d\u00f6n\u00fc\u015f olmayaca\u011f\u0131n\u0131 BM Genel Sekreteri\u2019ne iletece\u011fiz\"}]},{\"@type\":\"WebSite\",\"@id\":\"https:\\\/\\\/kibrisdakik.com\\\/#website\",\"url\":\"https:\\\/\\\/kibrisdakik.com\\\/\",\"name\":\"\",\"description\":\"Tam vaktinde haber\",\"potentialAction\":[{\"@type\":\"SearchAction\",\"target\":{\"@type\":\"EntryPoint\",\"urlTemplate\":\"https:\\\/\\\/kibrisdakik.com\\\/?s={search_term_string}\"},\"query-input\":{\"@type\":\"PropertyValueSpecification\",\"valueRequired\":true,\"valueName\":\"search_term_string\"}}],\"inLanguage\":\"tr\"},{\"@type\":\"Person\",\"@id\":\"https:\\\/\\\/kibrisdakik.com\\\/#\\\/schema\\\/person\\\/9cd9d437bbb44f72b73ba127e06d8e79\",\"name\":\"admin\",\"image\":{\"@type\":\"ImageObject\",\"inLanguage\":\"tr\",\"@id\":\"https:\\\/\\\/secure.gravatar.com\\\/avatar\\\/ccc17943b9d660506c869530f897617f7cb1c21a4bf30023f252596d83e1f007?s=96&d=mm&r=g\",\"url\":\"https:\\\/\\\/secure.gravatar.com\\\/avatar\\\/ccc17943b9d660506c869530f897617f7cb1c21a4bf30023f252596d83e1f007?s=96&d=mm&r=g\",\"contentUrl\":\"https:\\\/\\\/secure.gravatar.com\\\/avatar\\\/ccc17943b9d660506c869530f897617f7cb1c21a4bf30023f252596d83e1f007?s=96&d=mm&r=g\",\"caption\":\"admin\"},\"sameAs\":[\"https:\\\/\\\/kibrisdakik.com\"],\"url\":\"https:\\\/\\\/kibrisdakik.com\\\/?author=1\"}]}<\/script>\n<!-- \/ Yoast SEO plugin. -->","yoast_head_json":{"title":"Cumhurba\u015fkan\u0131 Tatar:Anavatan T\u00fcrkiye ile s\u00fcrd\u00fcr\u00fclen siyasetten geri d\u00f6n\u00fc\u015f olmayaca\u011f\u0131n\u0131 BM Genel Sekreteri\u2019ne iletece\u011fiz -","robots":{"index":"index","follow":"follow","max-snippet":"max-snippet:-1","max-image-preview":"max-image-preview:large","max-video-preview":"max-video-preview:-1"},"canonical":"https:\/\/kibrisdakik.com\/?p=36852","og_locale":"tr_TR","og_type":"article","og_title":"Cumhurba\u015fkan\u0131 Tatar:Anavatan T\u00fcrkiye ile s\u00fcrd\u00fcr\u00fclen siyasetten geri d\u00f6n\u00fc\u015f olmayaca\u011f\u0131n\u0131 BM Genel Sekreteri\u2019ne iletece\u011fiz -","og_description":"Cumhurba\u015fkan\u0131 Ersin Tatar,5 Nisan\u2019da Birle\u015fmi\u015f Milletler Genel Sekreteri Antonio Guterres ile New York\u2019ta g\u00f6r\u00fc\u015fmek \u00fczere adadan ayr\u0131ld\u0131. Adadan ayr\u0131lmadan \u00f6nce Ercan Havaliman\u0131nda bas\u0131n a\u00e7\u0131klamas\u0131 yapan Cumhurba\u015fkan\u0131 Tatar, \u00fc\u00e7 y\u0131ldan beridir Anavatan T\u00fcrkiye ile y\u00fcr\u00fct\u00fclen s\u00fcrd\u00fcr\u00fclen siyasetten geri d\u00f6n\u00fc\u015f olmayaca\u011f\u0131n\u0131 BM Genel Sekreteri\u2019ne ileteceklerini s\u00f6yledi. Tatar, \u015fu ana kadar iki taraf aras\u0131nda ortak bir zemin olmad\u0131\u011f\u0131n\u0131n","og_url":"https:\/\/kibrisdakik.com\/?p=36852","article_published_time":"2024-04-03T09:46:48+00:00","og_image":[{"width":1443,"height":561,"url":"https:\/\/kibrisdakik.com\/wp-content\/uploads\/2024\/04\/afiopaifpa-740x420.jpg","type":"image\/jpeg"}],"author":"admin","twitter_card":"summary_large_image","twitter_misc":{"Yazan:":"admin","Tahmini okuma s\u00fcresi":"1 dakika"},"schema":{"@context":"https:\/\/schema.org","@graph":[{"@type":"Article","@id":"https:\/\/kibrisdakik.com\/?p=36852#article","isPartOf":{"@id":"https:\/\/kibrisdakik.com\/?p=36852"},"author":{"name":"admin","@id":"https:\/\/kibrisdakik.com\/#\/schema\/person\/9cd9d437bbb44f72b73ba127e06d8e79"},"headline":"Cumhurba\u015fkan\u0131 Tatar:Anavatan T\u00fcrkiye ile s\u00fcrd\u00fcr\u00fclen siyasetten geri d\u00f6n\u00fc\u015f olmayaca\u011f\u0131n\u0131 BM Genel Sekreteri\u2019ne iletece\u011fiz","datePublished":"2024-04-03T09:46:48+00:00","mainEntityOfPage":{"@id":"https:\/\/kibrisdakik.com\/?p=36852"},"wordCount":180,"commentCount":0,"image":{"@id":"https:\/\/kibrisdakik.com\/?p=36852#primaryimage"},"thumbnailUrl":"https:\/\/kibrisdakik.com\/wp-content\/uploads\/2024\/04\/afiopaifpa-740x420.jpg","articleSection":["G\u00fcndem"],"inLanguage":"tr","potentialAction":[{"@type":"CommentAction","name":"Comment","target":["https:\/\/kibrisdakik.com\/?p=36852#respond"]}]},{"@type":"WebPage","@id":"https:\/\/kibrisdakik.com\/?p=36852","url":"https:\/\/kibrisdakik.com\/?p=36852","name":"Cumhurba\u015fkan\u0131 Tatar:Anavatan T\u00fcrkiye ile s\u00fcrd\u00fcr\u00fclen siyasetten geri d\u00f6n\u00fc\u015f olmayaca\u011f\u0131n\u0131 BM Genel Sekreteri\u2019ne iletece\u011fiz -","isPartOf":{"@id":"https:\/\/kibrisdakik.com\/#website"},"primaryImageOfPage":{"@id":"https:\/\/kibrisdakik.com\/?p=36852#primaryimage"},"image":{"@id":"https:\/\/kibrisdakik.com\/?p=36852#primaryimage"},"thumbnailUrl":"https:\/\/kibrisdakik.com\/wp-content\/uploads\/2024\/04\/afiopaifpa-740x420.jpg","datePublished":"2024-04-03T09:46:48+00:00","author":{"@id":"https:\/\/kibrisdakik.com\/#\/schema\/person\/9cd9d437bbb44f72b73ba127e06d8e79"},"breadcrumb":{"@id":"https:\/\/kibrisdakik.com\/?p=36852#breadcrumb"},"inLanguage":"tr","potentialAction":[{"@type":"ReadAction","target":["https:\/\/kibrisdakik.com\/?p=36852"]}]},{"@type":"ImageObject","inLanguage":"tr","@id":"https:\/\/kibrisdakik.com\/?p=36852#primaryimage","url":"https:\/\/kibrisdakik.com\/wp-content\/uploads\/2024\/04\/afiopaifpa-740x420.jpg","contentUrl":"https:\/\/kibrisdakik.com\/wp-content\/uploads\/2024\/04\/afiopaifpa-740x420.jpg","width":1443,"height":561},{"@type":"BreadcrumbList","@id":"https:\/\/kibrisdakik.com\/?p=36852#breadcrumb","itemListElement":[{"@type":"ListItem","position":1,"name":"Home","item":"https:\/\/kibrisdakik.com\/"},{"@type":"ListItem","position":2,"name":"Cumhurba\u015fkan\u0131 Tatar:Anavatan T\u00fcrkiye ile s\u00fcrd\u00fcr\u00fclen siyasetten geri d\u00f6n\u00fc\u015f olmayaca\u011f\u0131n\u0131 BM Genel Sekreteri\u2019ne iletece\u011fiz"}]},{"@type":"WebSite","@id":"https:\/\/kibrisdakik.com\/#website","url":"https:\/\/kibrisdakik.com\/","name":"","description":"Tam vaktinde haber","potentialAction":[{"@type":"SearchAction","target":{"@type":"EntryPoint","urlTemplate":"https:\/\/kibrisdakik.com\/?s={search_term_string}"},"query-input":{"@type":"PropertyValueSpecification","valueRequired":true,"valueName":"search_term_string"}}],"inLanguage":"tr"},{"@type":"Person","@id":"https:\/\/kibrisdakik.com\/#\/schema\/person\/9cd9d437bbb44f72b73ba127e06d8e79","name":"admin","image":{"@type":"ImageObject","inLanguage":"tr","@id":"https:\/\/secure.gravatar.com\/avatar\/ccc17943b9d660506c869530f897617f7cb1c21a4bf30023f252596d83e1f007?s=96&d=mm&r=g","url":"https:\/\/secure.gravatar.com\/avatar\/ccc17943b9d660506c869530f897617f7cb1c21a4bf30023f252596d83e1f007?s=96&d=mm&r=g","contentUrl":"https:\/\/secure.gravatar.com\/avatar\/ccc17943b9d660506c869530f897617f7cb1c21a4bf30023f252596d83e1f007?s=96&d=mm&r=g","caption":"admin"},"sameAs":["https:\/\/kibrisdakik.com"],"url":"https:\/\/kibrisdakik.com\/?author=1"}]}},"_links":{"self":[{"href":"https:\/\/kibrisdakik.com\/index.php?rest_route=\/wp\/v2\/posts\/36852","targetHints":{"allow":["GET"]}}],"collection":[{"href":"https:\/\/kibrisdakik.com\/index.php?rest_route=\/wp\/v2\/posts"}],"about":[{"href":"https:\/\/kibrisdakik.com\/index.php?rest_route=\/wp\/v2\/types\/post"}],"author":[{"embeddable":true,"href":"https:\/\/kibrisdakik.com\/index.php?rest_route=\/wp\/v2\/users\/1"}],"replies":[{"embeddable":true,"href":"https:\/\/kibrisdakik.com\/index.php?rest_route=%2Fwp%2Fv2%2Fcomments&post=36852"}],"version-history":[{"count":0,"href":"https:\/\/kibrisdakik.com\/index.php?rest_route=\/wp\/v2\/posts\/36852\/revisions"}],"wp:featuredmedia":[{"embeddable":true,"href":"https:\/\/kibrisdakik.com\/index.php?rest_route=\/wp\/v2\/media\/36853"}],"wp:attachment":[{"href":"https:\/\/kibrisdakik.com\/index.php?rest_route=%2Fwp%2Fv2%2Fmedia&parent=36852"}],"wp:term":[{"taxonomy":"category","embeddable":true,"href":"https:\/\/kibrisdakik.com\/index.php?rest_route=%2Fwp%2Fv2%2Fcategories&post=36852"},{"taxonomy":"post_tag","embeddable":true,"href":"https:\/\/kibrisdakik.com\/index.php?rest_route=%2Fwp%2Fv2%2Ftags&post=36852"}],"curies":[{"name":"wp","href":"https:\/\/api.w.org\/{rel}","templated":true}]}}