{"id":36890,"date":"2024-04-03T15:00:54","date_gmt":"2024-04-03T15:00:54","guid":{"rendered":"https:\/\/kibrisdakik.com\/index.php\/2024\/04\/03\/idari-kamu-ve-saglik-isleri-komitesi-toplandi-2\/"},"modified":"2024-04-03T15:00:54","modified_gmt":"2024-04-03T15:00:54","slug":"idari-kamu-ve-saglik-isleri-komitesi-toplandi-2","status":"publish","type":"post","link":"https:\/\/kibrisdakik.com\/?p=36890","title":{"rendered":"\u0130dari, Kamu ve Sa\u011fl\u0131k \u0130\u015fleri Komitesi topland\u0131"},"content":{"rendered":"<p><img decoding=\"async\" src=\"https:\/\/www.kibristurk.com\/images\/haberler\/2024\/04\/idari-kamu-ve-saglik-isleri-komitesi-toplandi-1712155605.webp\" \/><\/p>\n<p style=\"text-align:left\"><span style=\"font-size:16px\"><span style=\"font-family:Merriweather,serif !important\"><span style=\"color:#000000\"><span style=\"background-color:#ffffff\">Meclisten verilen bilgiye g\u00f6re, \u0130dari, Kamu ve Sa\u011fl\u0131k \u0130\u015fleri Komitesi, g\u00fcndeminde bulunan \u201c\u00d6\u011fretmenler (De\u011fi\u015fiklik) Yasa Tasar\u0131s\u0131\u201d, \u201c\u00d6\u011fretmenler (De\u011fi\u015fiklik) Yasa Tasar\u0131s\u0131\u201d ve \u201cYatakl\u0131 Tedavi Kurumlar\u0131 Dairesi (Kurulu\u015f, G\u00f6rev ve \u00c7al\u0131\u015fma Esaslar\u0131) (De\u011fi\u015fiklik) Yasa Tasar\u0131s\u0131\u201dn\u0131 ele ald\u0131.<\/span><\/span><\/span><\/span><\/p>\n<p style=\"text-align:left\"><span style=\"font-size:16px\"><span style=\"font-family:Merriweather,serif !important\"><span style=\"color:#000000\"><span style=\"background-color:#ffffff\">\u0130dari, Kamu ve Sa\u011fl\u0131k \u0130\u015fleri Komitesi ilk olarak g\u00fcndeminde bulunan \u201c\u00d6\u011fretmenler (De\u011fi\u015fiklik) Yasa Tasar\u0131s\u0131\u201d ve \u201c\u00d6\u011fretmenler (De\u011fi\u015fiklik) Yasa Tasar\u0131s\u0131\u201dn\u0131 birle\u015ftirilmi\u015f \u015fekliyle oybirli\u011fi ile onaylayarak, Genel Kurulun g\u00fcndemine sevk etti.<\/span><\/span><\/span><\/span><\/p>\n<p style=\"text-align:left\"><span style=\"font-size:16px\"><span style=\"font-family:Merriweather,serif !important\"><span style=\"color:#000000\"><span style=\"background-color:#ffffff\">\u0130dari, Kamu ve Sa\u011fl\u0131k \u0130\u015fleri Komitesi daha sonra, \u201cYatakl\u0131 Tedavi Kurumlar\u0131 Dairesi (Kurulu\u015f, G\u00f6rev ve \u00c7al\u0131\u015fma Esaslar\u0131) (De\u011fi\u015fiklik) Yasa Tasar\u0131s\u0131\u201dn\u0131 ele alarak, madde madde g\u00f6r\u00fc\u015f\u00fclmesini tamamlad\u0131. Komite, bahse konu Yasa Tasar\u0131s\u0131\u2019n\u0131n ivedili\u011fi olmad\u0131\u011f\u0131ndan \u00fc\u00e7\u00fcnc\u00fc okunu\u015funu bir sonraki toplant\u0131s\u0131nda&nbsp; ger\u00e7ekle\u015ftirecek.<\/span><\/span><\/span><\/span><\/p>\n<p style=\"text-align:left\"><span style=\"font-size:16px\"><span style=\"font-family:Merriweather,serif !important\"><span style=\"color:#000000\"><span style=\"background-color:#ffffff\">\u0130dari, Kamu ve Sa\u011fl\u0131k \u0130\u015fleri Komitesi toplant\u0131s\u0131na, Komite Ba\u015fkan Vekili CTP Milletvekili Filiz Besim, Komite \u00fcyeleri; CTP Milletvekili Devrim Bar\u00e7\u0131n, UBP Milletvekili Ziya \u00d6zt\u00fcrkler , UBP Milletvekili Ahmet Sava\u015fan&#8217;\u0131n yan\u0131 s\u0131ra, CTP Milletvekili Erkut \u015eahali ve CTP Milletvekili Salahi \u015eahiner kat\u0131ld\u0131.<\/span><\/span><\/span><\/span><\/p>\n<p style=\"text-align:left\">&nbsp;<\/p>\n<p style=\"text-align:left\">&nbsp;<\/p>\n<p style=\"text-align:left\">&nbsp;<\/p>\n","protected":false},"excerpt":{"rendered":"<p>Meclisten verilen bilgiye g\u00f6re, \u0130dari, Kamu ve Sa\u011fl\u0131k \u0130\u015fleri Komitesi, g\u00fcndeminde bulunan \u201c\u00d6\u011fretmenler (De\u011fi\u015fiklik) Yasa Tasar\u0131s\u0131\u201d, \u201c\u00d6\u011fretmenler (De\u011fi\u015fiklik) Yasa Tasar\u0131s\u0131\u201d ve \u201cYatakl\u0131 Tedavi Kurumlar\u0131 Dairesi (Kurulu\u015f, G\u00f6rev ve \u00c7al\u0131\u015fma Esaslar\u0131) (De\u011fi\u015fiklik) Yasa Tasar\u0131s\u0131\u201dn\u0131 ele ald\u0131. \u0130dari, Kamu ve Sa\u011fl\u0131k \u0130\u015fleri Komitesi ilk olarak g\u00fcndeminde bulunan \u201c\u00d6\u011fretmenler (De\u011fi\u015fiklik) Yasa Tasar\u0131s\u0131\u201d ve \u201c\u00d6\u011fretmenler (De\u011fi\u015fiklik) Yasa Tasar\u0131s\u0131\u201dn\u0131 birle\u015ftirilmi\u015f<\/p>\n","protected":false},"author":1,"featured_media":36891,"comment_status":"open","ping_status":"open","sticky":false,"template":"","format":"standard","meta":{"footnotes":""},"categories":[85],"tags":[],"class_list":["post-36890","post","type-post","status-publish","format-standard","has-post-thumbnail","hentry","category-spor"],"yoast_head":"<!-- This site is optimized with the Yoast SEO plugin v27.5 - https:\/\/yoast.com\/product\/yoast-seo-wordpress\/ -->\n<title>\u0130dari, Kamu ve Sa\u011fl\u0131k \u0130\u015fleri Komitesi topland\u0131 -<\/title>\n<meta name=\"robots\" content=\"index, follow, max-snippet:-1, max-image-preview:large, max-video-preview:-1\" \/>\n<link rel=\"canonical\" href=\"https:\/\/kibrisdakik.com\/?p=36890\" \/>\n<meta property=\"og:locale\" content=\"tr_TR\" \/>\n<meta property=\"og:type\" content=\"article\" \/>\n<meta property=\"og:title\" content=\"\u0130dari, Kamu ve Sa\u011fl\u0131k \u0130\u015fleri Komitesi topland\u0131 -\" \/>\n<meta property=\"og:description\" content=\"Meclisten verilen bilgiye g\u00f6re, \u0130dari, Kamu ve Sa\u011fl\u0131k \u0130\u015fleri Komitesi, g\u00fcndeminde bulunan \u201c\u00d6\u011fretmenler (De\u011fi\u015fiklik) Yasa Tasar\u0131s\u0131\u201d, \u201c\u00d6\u011fretmenler (De\u011fi\u015fiklik) Yasa Tasar\u0131s\u0131\u201d ve \u201cYatakl\u0131 Tedavi Kurumlar\u0131 Dairesi (Kurulu\u015f, G\u00f6rev ve \u00c7al\u0131\u015fma Esaslar\u0131) (De\u011fi\u015fiklik) Yasa Tasar\u0131s\u0131\u201dn\u0131 ele ald\u0131. \u0130dari, Kamu ve Sa\u011fl\u0131k \u0130\u015fleri Komitesi ilk olarak g\u00fcndeminde bulunan \u201c\u00d6\u011fretmenler (De\u011fi\u015fiklik) Yasa Tasar\u0131s\u0131\u201d ve \u201c\u00d6\u011fretmenler (De\u011fi\u015fiklik) Yasa Tasar\u0131s\u0131\u201dn\u0131 birle\u015ftirilmi\u015f\" \/>\n<meta property=\"og:url\" content=\"https:\/\/kibrisdakik.com\/?p=36890\" \/>\n<meta property=\"article:published_time\" content=\"2024-04-03T15:00:54+00:00\" \/>\n<meta property=\"og:image\" content=\"https:\/\/kibrisdakik.com\/wp-content\/uploads\/2024\/04\/idari-kamu-ve-saglik-isleri-komitesi-toplandi-1712155605.webp.webp\" \/>\n\t<meta property=\"og:image:width\" content=\"710\" \/>\n\t<meta property=\"og:image:height\" content=\"370\" \/>\n\t<meta property=\"og:image:type\" content=\"image\/webp\" \/>\n<meta name=\"author\" content=\"admin\" \/>\n<meta name=\"twitter:card\" content=\"summary_large_image\" \/>\n<meta name=\"twitter:label1\" content=\"Yazan:\" \/>\n\t<meta name=\"twitter:data1\" content=\"admin\" \/>\n\t<meta name=\"twitter:label2\" content=\"Tahmini okuma s\u00fcresi\" \/>\n\t<meta name=\"twitter:data2\" content=\"1 dakika\" \/>\n<script type=\"application\/ld+json\" class=\"yoast-schema-graph\">{\"@context\":\"https:\\\/\\\/schema.org\",\"@graph\":[{\"@type\":\"Article\",\"@id\":\"https:\\\/\\\/kibrisdakik.com\\\/?p=36890#article\",\"isPartOf\":{\"@id\":\"https:\\\/\\\/kibrisdakik.com\\\/?p=36890\"},\"author\":{\"name\":\"admin\",\"@id\":\"https:\\\/\\\/kibrisdakik.com\\\/#\\\/schema\\\/person\\\/9cd9d437bbb44f72b73ba127e06d8e79\"},\"headline\":\"\u0130dari, Kamu ve Sa\u011fl\u0131k \u0130\u015fleri Komitesi topland\u0131\",\"datePublished\":\"2024-04-03T15:00:54+00:00\",\"mainEntityOfPage\":{\"@id\":\"https:\\\/\\\/kibrisdakik.com\\\/?p=36890\"},\"wordCount\":216,\"commentCount\":0,\"image\":{\"@id\":\"https:\\\/\\\/kibrisdakik.com\\\/?p=36890#primaryimage\"},\"thumbnailUrl\":\"https:\\\/\\\/kibrisdakik.com\\\/wp-content\\\/uploads\\\/2024\\\/04\\\/idari-kamu-ve-saglik-isleri-komitesi-toplandi-1712155605.webp.webp\",\"articleSection\":[\"Spor\"],\"inLanguage\":\"tr\",\"potentialAction\":[{\"@type\":\"CommentAction\",\"name\":\"Comment\",\"target\":[\"https:\\\/\\\/kibrisdakik.com\\\/?p=36890#respond\"]}]},{\"@type\":\"WebPage\",\"@id\":\"https:\\\/\\\/kibrisdakik.com\\\/?p=36890\",\"url\":\"https:\\\/\\\/kibrisdakik.com\\\/?p=36890\",\"name\":\"\u0130dari, Kamu ve Sa\u011fl\u0131k \u0130\u015fleri Komitesi topland\u0131 -\",\"isPartOf\":{\"@id\":\"https:\\\/\\\/kibrisdakik.com\\\/#website\"},\"primaryImageOfPage\":{\"@id\":\"https:\\\/\\\/kibrisdakik.com\\\/?p=36890#primaryimage\"},\"image\":{\"@id\":\"https:\\\/\\\/kibrisdakik.com\\\/?p=36890#primaryimage\"},\"thumbnailUrl\":\"https:\\\/\\\/kibrisdakik.com\\\/wp-content\\\/uploads\\\/2024\\\/04\\\/idari-kamu-ve-saglik-isleri-komitesi-toplandi-1712155605.webp.webp\",\"datePublished\":\"2024-04-03T15:00:54+00:00\",\"author\":{\"@id\":\"https:\\\/\\\/kibrisdakik.com\\\/#\\\/schema\\\/person\\\/9cd9d437bbb44f72b73ba127e06d8e79\"},\"breadcrumb\":{\"@id\":\"https:\\\/\\\/kibrisdakik.com\\\/?p=36890#breadcrumb\"},\"inLanguage\":\"tr\",\"potentialAction\":[{\"@type\":\"ReadAction\",\"target\":[\"https:\\\/\\\/kibrisdakik.com\\\/?p=36890\"]}]},{\"@type\":\"ImageObject\",\"inLanguage\":\"tr\",\"@id\":\"https:\\\/\\\/kibrisdakik.com\\\/?p=36890#primaryimage\",\"url\":\"https:\\\/\\\/kibrisdakik.com\\\/wp-content\\\/uploads\\\/2024\\\/04\\\/idari-kamu-ve-saglik-isleri-komitesi-toplandi-1712155605.webp.webp\",\"contentUrl\":\"https:\\\/\\\/kibrisdakik.com\\\/wp-content\\\/uploads\\\/2024\\\/04\\\/idari-kamu-ve-saglik-isleri-komitesi-toplandi-1712155605.webp.webp\",\"width\":710,\"height\":370},{\"@type\":\"BreadcrumbList\",\"@id\":\"https:\\\/\\\/kibrisdakik.com\\\/?p=36890#breadcrumb\",\"itemListElement\":[{\"@type\":\"ListItem\",\"position\":1,\"name\":\"Home\",\"item\":\"https:\\\/\\\/kibrisdakik.com\\\/\"},{\"@type\":\"ListItem\",\"position\":2,\"name\":\"\u0130dari, Kamu ve Sa\u011fl\u0131k \u0130\u015fleri Komitesi topland\u0131\"}]},{\"@type\":\"WebSite\",\"@id\":\"https:\\\/\\\/kibrisdakik.com\\\/#website\",\"url\":\"https:\\\/\\\/kibrisdakik.com\\\/\",\"name\":\"\",\"description\":\"Tam vaktinde haber\",\"potentialAction\":[{\"@type\":\"SearchAction\",\"target\":{\"@type\":\"EntryPoint\",\"urlTemplate\":\"https:\\\/\\\/kibrisdakik.com\\\/?s={search_term_string}\"},\"query-input\":{\"@type\":\"PropertyValueSpecification\",\"valueRequired\":true,\"valueName\":\"search_term_string\"}}],\"inLanguage\":\"tr\"},{\"@type\":\"Person\",\"@id\":\"https:\\\/\\\/kibrisdakik.com\\\/#\\\/schema\\\/person\\\/9cd9d437bbb44f72b73ba127e06d8e79\",\"name\":\"admin\",\"image\":{\"@type\":\"ImageObject\",\"inLanguage\":\"tr\",\"@id\":\"https:\\\/\\\/secure.gravatar.com\\\/avatar\\\/ccc17943b9d660506c869530f897617f7cb1c21a4bf30023f252596d83e1f007?s=96&d=mm&r=g\",\"url\":\"https:\\\/\\\/secure.gravatar.com\\\/avatar\\\/ccc17943b9d660506c869530f897617f7cb1c21a4bf30023f252596d83e1f007?s=96&d=mm&r=g\",\"contentUrl\":\"https:\\\/\\\/secure.gravatar.com\\\/avatar\\\/ccc17943b9d660506c869530f897617f7cb1c21a4bf30023f252596d83e1f007?s=96&d=mm&r=g\",\"caption\":\"admin\"},\"sameAs\":[\"https:\\\/\\\/kibrisdakik.com\"],\"url\":\"https:\\\/\\\/kibrisdakik.com\\\/?author=1\"}]}<\/script>\n<!-- \/ Yoast SEO plugin. -->","yoast_head_json":{"title":"\u0130dari, Kamu ve Sa\u011fl\u0131k \u0130\u015fleri Komitesi topland\u0131 -","robots":{"index":"index","follow":"follow","max-snippet":"max-snippet:-1","max-image-preview":"max-image-preview:large","max-video-preview":"max-video-preview:-1"},"canonical":"https:\/\/kibrisdakik.com\/?p=36890","og_locale":"tr_TR","og_type":"article","og_title":"\u0130dari, Kamu ve Sa\u011fl\u0131k \u0130\u015fleri Komitesi topland\u0131 -","og_description":"Meclisten verilen bilgiye g\u00f6re, \u0130dari, Kamu ve Sa\u011fl\u0131k \u0130\u015fleri Komitesi, g\u00fcndeminde bulunan \u201c\u00d6\u011fretmenler (De\u011fi\u015fiklik) Yasa Tasar\u0131s\u0131\u201d, \u201c\u00d6\u011fretmenler (De\u011fi\u015fiklik) Yasa Tasar\u0131s\u0131\u201d ve \u201cYatakl\u0131 Tedavi Kurumlar\u0131 Dairesi (Kurulu\u015f, G\u00f6rev ve \u00c7al\u0131\u015fma Esaslar\u0131) (De\u011fi\u015fiklik) Yasa Tasar\u0131s\u0131\u201dn\u0131 ele ald\u0131. \u0130dari, Kamu ve Sa\u011fl\u0131k \u0130\u015fleri Komitesi ilk olarak g\u00fcndeminde bulunan \u201c\u00d6\u011fretmenler (De\u011fi\u015fiklik) Yasa Tasar\u0131s\u0131\u201d ve \u201c\u00d6\u011fretmenler (De\u011fi\u015fiklik) Yasa Tasar\u0131s\u0131\u201dn\u0131 birle\u015ftirilmi\u015f","og_url":"https:\/\/kibrisdakik.com\/?p=36890","article_published_time":"2024-04-03T15:00:54+00:00","og_image":[{"width":710,"height":370,"url":"https:\/\/kibrisdakik.com\/wp-content\/uploads\/2024\/04\/idari-kamu-ve-saglik-isleri-komitesi-toplandi-1712155605.webp.webp","type":"image\/webp"}],"author":"admin","twitter_card":"summary_large_image","twitter_misc":{"Yazan:":"admin","Tahmini okuma s\u00fcresi":"1 dakika"},"schema":{"@context":"https:\/\/schema.org","@graph":[{"@type":"Article","@id":"https:\/\/kibrisdakik.com\/?p=36890#article","isPartOf":{"@id":"https:\/\/kibrisdakik.com\/?p=36890"},"author":{"name":"admin","@id":"https:\/\/kibrisdakik.com\/#\/schema\/person\/9cd9d437bbb44f72b73ba127e06d8e79"},"headline":"\u0130dari, Kamu ve Sa\u011fl\u0131k \u0130\u015fleri Komitesi topland\u0131","datePublished":"2024-04-03T15:00:54+00:00","mainEntityOfPage":{"@id":"https:\/\/kibrisdakik.com\/?p=36890"},"wordCount":216,"commentCount":0,"image":{"@id":"https:\/\/kibrisdakik.com\/?p=36890#primaryimage"},"thumbnailUrl":"https:\/\/kibrisdakik.com\/wp-content\/uploads\/2024\/04\/idari-kamu-ve-saglik-isleri-komitesi-toplandi-1712155605.webp.webp","articleSection":["Spor"],"inLanguage":"tr","potentialAction":[{"@type":"CommentAction","name":"Comment","target":["https:\/\/kibrisdakik.com\/?p=36890#respond"]}]},{"@type":"WebPage","@id":"https:\/\/kibrisdakik.com\/?p=36890","url":"https:\/\/kibrisdakik.com\/?p=36890","name":"\u0130dari, Kamu ve Sa\u011fl\u0131k \u0130\u015fleri Komitesi topland\u0131 -","isPartOf":{"@id":"https:\/\/kibrisdakik.com\/#website"},"primaryImageOfPage":{"@id":"https:\/\/kibrisdakik.com\/?p=36890#primaryimage"},"image":{"@id":"https:\/\/kibrisdakik.com\/?p=36890#primaryimage"},"thumbnailUrl":"https:\/\/kibrisdakik.com\/wp-content\/uploads\/2024\/04\/idari-kamu-ve-saglik-isleri-komitesi-toplandi-1712155605.webp.webp","datePublished":"2024-04-03T15:00:54+00:00","author":{"@id":"https:\/\/kibrisdakik.com\/#\/schema\/person\/9cd9d437bbb44f72b73ba127e06d8e79"},"breadcrumb":{"@id":"https:\/\/kibrisdakik.com\/?p=36890#breadcrumb"},"inLanguage":"tr","potentialAction":[{"@type":"ReadAction","target":["https:\/\/kibrisdakik.com\/?p=36890"]}]},{"@type":"ImageObject","inLanguage":"tr","@id":"https:\/\/kibrisdakik.com\/?p=36890#primaryimage","url":"https:\/\/kibrisdakik.com\/wp-content\/uploads\/2024\/04\/idari-kamu-ve-saglik-isleri-komitesi-toplandi-1712155605.webp.webp","contentUrl":"https:\/\/kibrisdakik.com\/wp-content\/uploads\/2024\/04\/idari-kamu-ve-saglik-isleri-komitesi-toplandi-1712155605.webp.webp","width":710,"height":370},{"@type":"BreadcrumbList","@id":"https:\/\/kibrisdakik.com\/?p=36890#breadcrumb","itemListElement":[{"@type":"ListItem","position":1,"name":"Home","item":"https:\/\/kibrisdakik.com\/"},{"@type":"ListItem","position":2,"name":"\u0130dari, Kamu ve Sa\u011fl\u0131k \u0130\u015fleri Komitesi topland\u0131"}]},{"@type":"WebSite","@id":"https:\/\/kibrisdakik.com\/#website","url":"https:\/\/kibrisdakik.com\/","name":"","description":"Tam vaktinde haber","potentialAction":[{"@type":"SearchAction","target":{"@type":"EntryPoint","urlTemplate":"https:\/\/kibrisdakik.com\/?s={search_term_string}"},"query-input":{"@type":"PropertyValueSpecification","valueRequired":true,"valueName":"search_term_string"}}],"inLanguage":"tr"},{"@type":"Person","@id":"https:\/\/kibrisdakik.com\/#\/schema\/person\/9cd9d437bbb44f72b73ba127e06d8e79","name":"admin","image":{"@type":"ImageObject","inLanguage":"tr","@id":"https:\/\/secure.gravatar.com\/avatar\/ccc17943b9d660506c869530f897617f7cb1c21a4bf30023f252596d83e1f007?s=96&d=mm&r=g","url":"https:\/\/secure.gravatar.com\/avatar\/ccc17943b9d660506c869530f897617f7cb1c21a4bf30023f252596d83e1f007?s=96&d=mm&r=g","contentUrl":"https:\/\/secure.gravatar.com\/avatar\/ccc17943b9d660506c869530f897617f7cb1c21a4bf30023f252596d83e1f007?s=96&d=mm&r=g","caption":"admin"},"sameAs":["https:\/\/kibrisdakik.com"],"url":"https:\/\/kibrisdakik.com\/?author=1"}]}},"_links":{"self":[{"href":"https:\/\/kibrisdakik.com\/index.php?rest_route=\/wp\/v2\/posts\/36890","targetHints":{"allow":["GET"]}}],"collection":[{"href":"https:\/\/kibrisdakik.com\/index.php?rest_route=\/wp\/v2\/posts"}],"about":[{"href":"https:\/\/kibrisdakik.com\/index.php?rest_route=\/wp\/v2\/types\/post"}],"author":[{"embeddable":true,"href":"https:\/\/kibrisdakik.com\/index.php?rest_route=\/wp\/v2\/users\/1"}],"replies":[{"embeddable":true,"href":"https:\/\/kibrisdakik.com\/index.php?rest_route=%2Fwp%2Fv2%2Fcomments&post=36890"}],"version-history":[{"count":0,"href":"https:\/\/kibrisdakik.com\/index.php?rest_route=\/wp\/v2\/posts\/36890\/revisions"}],"wp:featuredmedia":[{"embeddable":true,"href":"https:\/\/kibrisdakik.com\/index.php?rest_route=\/wp\/v2\/media\/36891"}],"wp:attachment":[{"href":"https:\/\/kibrisdakik.com\/index.php?rest_route=%2Fwp%2Fv2%2Fmedia&parent=36890"}],"wp:term":[{"taxonomy":"category","embeddable":true,"href":"https:\/\/kibrisdakik.com\/index.php?rest_route=%2Fwp%2Fv2%2Fcategories&post=36890"},{"taxonomy":"post_tag","embeddable":true,"href":"https:\/\/kibrisdakik.com\/index.php?rest_route=%2Fwp%2Fv2%2Ftags&post=36890"}],"curies":[{"name":"wp","href":"https:\/\/api.w.org\/{rel}","templated":true}]}}