{"id":36908,"date":"2024-04-03T17:10:55","date_gmt":"2024-04-03T17:10:55","guid":{"rendered":"https:\/\/kibrisdakik.com\/index.php\/2024\/04\/03\/meclis-arastirma-komiteleri-hakkinda-bilgilendirme-toplanti\/"},"modified":"2024-04-03T17:10:55","modified_gmt":"2024-04-03T17:10:55","slug":"meclis-arastirma-komiteleri-hakkinda-bilgilendirme-toplanti","status":"publish","type":"post","link":"https:\/\/kibrisdakik.com\/?p=36908","title":{"rendered":"Meclis ara\u015ft\u0131rma komiteleri hakk\u0131nda bilgilendirme toplant\u0131"},"content":{"rendered":"<p><img decoding=\"async\" src=\"https:\/\/www.kibristurk.com\/images\/haberler\/2024\/04\/meclis-arastirma-komiteleri-hakkinda-bilgilendirme-toplanti-1712160964.webp\" \/><\/p>\n<p style=\"text-align:left\"><span style=\"font-size:16px\"><span style=\"background-color:#ffffff\"><span style=\"font-family:Merriweather,serif !important\"><span style=\"color:#000000\">Cumhuriyet Meclisi Zalihe \u00c7avu\u015fo\u011flu Salonu\u2019nda d\u00fczenlenen bas\u0131n toplant\u0131s\u0131nda, CTP Genel Ba\u015fkan\u0131 Erh\u00fcrman, yan\u0131 s\u0131ra \u201cistatistik kurumu verileri\u201d ve \u201cy\u00fcksek\u00f6\u011fretime\u201d ili\u015fkin meclis ara\u015ft\u0131rma komitelerinde ba\u015fkan vekilleri olarak g\u00f6rev alan&nbsp;<a href=\"https:\/\/www.kibrispostasi.com\/keyword\/148\" style=\"color:#007bff;text-decoration:none\" target=\"_blank\" rel=\"noopener\">CTP<\/a>&nbsp;Milletvekilleri&nbsp;<a href=\"https:\/\/www.kibrispostasi.com\/keyword\/127\" style=\"color:#007bff;text-decoration:none\" target=\"_blank\" rel=\"noopener\">Devrim Bar\u00e7\u0131n<\/a>&nbsp;ve S\u0131la Usar \u0130ncirli de a\u00e7\u0131klamalarda bulunarak komitelerde ula\u015f\u0131lan verilere dair baz\u0131 bilgiler payla\u015ft\u0131.<\/span><\/span><\/span><\/span><\/p>\n<p style=\"text-align:left\"><span style=\"font-size:16px\"><span style=\"font-family:Merriweather,serif !important\"><span style=\"color:#000000\"><span style=\"background-color:#ffffff\">Bas\u0131n toplant\u0131s\u0131nda ilk s\u00f6z\u00fc alan CTP Genel Ba\u015fkan\u0131 Erh\u00fcrman, k\u0131sa bir s\u00fcre \u00f6nce, CTP\u2019nin \u0130statistik Kurumu verilerinin ger\u00e7e\u011fi yans\u0131t\u0131p yans\u0131tmad\u0131\u011f\u0131n\u0131n ara\u015ft\u0131r\u0131lmas\u0131na ili\u015fkin ve y\u00fcksek\u00f6\u011fretim kurumlar\u0131n\u0131n faaliyetlerinin denetlenmesine ili\u015fkin meclis ara\u015ft\u0131rma komitelerinin kurulmas\u0131 \u00f6nerisinde bulundu\u011funu ve her iki \u00f6nerinin de Mecliste oy birli\u011fi ile kabul edilerek komitelerin \u00e7al\u0131\u015fmalar\u0131na ba\u015flad\u0131\u011f\u0131n\u0131 s\u00f6yledi.<\/span><\/span><\/span><\/span><\/p>\n<p style=\"text-align:left\"><span style=\"font-size:16px\"><span style=\"font-family:Merriweather,serif !important\"><span style=\"color:#000000\"><span style=\"background-color:#ffffff\">Erh\u00fcrman, \u0130statistik Kurumu verileri ile ilgili komitenin Kurumu ziyaret edip veriler ald\u0131ktan sonra ilgili taraflar\u0131n kat\u0131l\u0131m\u0131yla toplant\u0131lar, y\u00fcksek\u00f6\u011fretim kurumlar\u0131n\u0131n denetlenmesiyle ilgili komitenin ise alt\u0131 toplant\u0131 yapt\u0131\u011f\u0131n\u0131 belirtti. Erh\u00fcrman, \u00f6nemli bilgiler ortaya konuldu\u011funu, verilerin \u00f6nemli bir k\u0131sm\u0131na ula\u015f\u0131ld\u0131\u011f\u0131n\u0131 ancak hala ula\u015f\u0131lamayan baz\u0131 veriler oldu\u011funu aktararak, her iki konunun da g\u00fcncelli\u011fini dikkate alarak \u015fu ana kadar komitelere ula\u015fan verileri \u201cbir ara rapor\u201d \u015feklinde kamuoyu ile payla\u015fmay\u0131 istediklerini s\u00f6yledi.<\/span><\/span><\/span><\/span><\/p>\n<p style=\"text-align:left\"><span style=\"font-size:16px\"><span style=\"font-family:Merriweather,serif !important\"><span style=\"color:#000000\"><span style=\"background-color:#ffffff\">Erh\u00fcrman\u2019\u0131n ard\u0131ndan ilk olarak \u0130statistik Kurumu Verilerinin Ger\u00e7e\u011fi Yans\u0131t\u0131p Yans\u0131tmad\u0131\u011f\u0131n\u0131n Ara\u015ft\u0131r\u0131lmas\u0131na \u0130li\u015fkin Meclis Ara\u015ft\u0131rma Komitesi Ba\u015fkan Vekili,&nbsp;CTP milletvekili Devrim Bar\u00e7\u0131n ve ard\u0131ndan da \u201c\u00dclkemizdeki Y\u00fcksek\u00f6\u011fretim Kurumlar\u0131n\u0131n Faaliyetlerinin \u0130dari ve Mali Denetim Sisteminin ve Y\u00d6DAK\u2019\u0131n Ara\u015ft\u0131r\u0131lmas\u0131na \u0130li\u015fkin Meclis Ara\u015ft\u0131rma Komitesi Komite Ba\u015fkan Vekili, CTP Milletvekili S\u0131la Usar \u0130ncirli s\u00f6z ald\u0131.<\/span><\/span><\/span><\/span><\/p>\n<p style=\"text-align:left\"><span style=\"font-size:16px\"><span style=\"font-family:Merriweather,serif !important\"><span style=\"color:#000000\"><span style=\"background-color:#ffffff\">\u0130ki vekilin komiteler hakk\u0131nda bilgi vermesinin ard\u0131ndan Erh\u00fcrman, CTP olarak bu iki komitede bundan sonraki \u00e7al\u0131\u015fmalar\u0131 nereye ta\u015f\u0131may\u0131 hedefledikleri konusunda partisinin g\u00f6r\u00fc\u015flerini ortaya koydu.<\/span><\/span><\/span><\/span><\/p>\n<p style=\"text-align:justify\"><span style=\"font-size:16px\"><span style=\"font-family:Merriweather,serif !important\"><span style=\"color:#000000\"><span style=\"background-color:#ffffff\">&#8211; Bar\u00e7\u0131n:&nbsp; \u201c14 ay boyunca y\u00fczlerce \u00fcr\u00fcn\u00fcn fiyatlar\u0131 hi\u00e7 de\u011fi\u015fmemi\u015f\u201d<\/span><\/span><\/span><\/span><\/p>\n<p style=\"text-align:left\"><span style=\"font-size:16px\"><span style=\"font-family:Merriweather,serif !important\"><span style=\"color:#000000\"><span style=\"background-color:#ffffff\"><strong>&nbsp;<\/strong><\/span><\/span><\/span><\/span><\/p>\n<p style=\"text-align:left\"><span style=\"font-size:16px\"><span style=\"font-family:Merriweather,serif !important\"><span style=\"color:#000000\"><span style=\"background-color:#ffffff\">\u0130statistik Kurumu verileriyle ilgili kurulan ara\u015ft\u0131rma komitesindeki \u00e7al\u0131\u015fmalarla ilgili bilgiler payla\u015fan Devrim Bar\u00e7\u0131n, 2023 y\u0131l\u0131n\u0131n ikinci alt\u0131 ayl\u0131k Hayat Pahal\u0131l\u0131\u011f\u0131n\u0131n (HP) y\u00fczde 50.31 olarak a\u00e7\u0131kland\u0131\u011f\u0131n\u0131, ard\u0131ndan da Ocak 2024\u2019te \u201c\u00e7ok ciddi bir pahal\u0131l\u0131k\u201d ya\u015fand\u0131\u011f\u0131n\u0131, bunu t\u00fcm kesimlerinin dile getirmeye ba\u015flad\u0131\u011f\u0131n\u0131 s\u00f6yledi.&nbsp;<\/span><\/span><\/span><\/span><\/p>\n<p style=\"text-align:left\"><span style=\"font-size:16px\"><span style=\"font-family:Merriweather,serif !important\"><span style=\"color:#000000\"><span style=\"background-color:#ffffff\">Bar\u00e7\u0131n, Ocak 2024\u2019te daha fazla pahal\u0131l\u0131k hissedilmesine ra\u011fmen Aral\u0131k 2023 HP\u2019sinin y\u00fczde 5.44, Ocak 2024 HP\u2019sinin ise y\u00fczde 3,84 olarak a\u00e7\u0131klad\u0131\u011f\u0131na i\u015faret ederek, Ocak 2024\u2019te HP\u2019nin&nbsp;Aral\u0131k ay\u0131ndakinin&nbsp;y\u00fczde 30 alt\u0131nda a\u00e7\u0131kland\u0131\u011f\u0131n\u0131 ve bunun da Kurumun verilerine ili\u015fkin toplumda bir g\u00fcvensizlik yaratt\u0131\u011f\u0131n\u0131 savundu.<\/span><\/span><\/span><\/span><\/p>\n<p style=\"text-align:left\"><span style=\"font-size:16px\"><span style=\"font-family:Merriweather,serif !important\"><span style=\"color:#000000\"><span style=\"background-color:#ffffff\">Bar\u00e7\u0131n, bunun \u00fczerine CTP olarak kurumun bu verileri nas\u0131l oraya \u00e7\u0131kard\u0131\u011f\u0131n\u0131n ara\u015ft\u0131r\u0131lmas\u0131 i\u00e7in bir ara\u015ft\u0131rma komitesi kurulmas\u0131n\u0131 \u00f6nerdiklerini ve bunun kabul edilerek komitenin \u00e7al\u0131\u015fmalar\u0131na ba\u015flad\u0131\u011f\u0131n\u0131 aktard\u0131.<\/span><\/span><\/span><\/span><\/p>\n<p style=\"text-align:left\"><span style=\"font-size:16px\"><span style=\"font-family:Merriweather,serif !important\"><span style=\"color:#000000\"><span style=\"background-color:#ffffff\">Komitenin ilk toplant\u0131s\u0131n\u0131 26 \u015eubat\u2019ta yapt\u0131\u011f\u0131n\u0131, ikinci toplant\u0131s\u0131n\u0131 da 5 Mart\u2019ta \u0130statistik Kurumu yetkililerinden bilgi talebinde bulunmak \u00fczere yap\u0131ld\u0131\u011f\u0131n\u0131 anlatan Bar\u00e7\u0131n, \u201c\u015eubat ay\u0131 HP\u2019si de o g\u00fcn y\u00fczde 4,59 olarak a\u00e7\u0131kland\u0131. \u015eubat Ay\u0131 HP\u2019sinin Ocak ay\u0131 HP\u2019sinin \u00fczerinde \u00e7\u0131kmas\u0131 ara\u015ft\u0131rma komitesinin \u00f6nemini bir kez daha ortaya koymu\u015ftur\u201d dedi.<\/span><\/span><\/span><\/span><\/p>\n<p style=\"text-align:left\"><span style=\"font-size:16px\"><span style=\"font-family:Merriweather,serif !important\"><span style=\"color:#000000\"><span style=\"background-color:#ffffff\">Bar\u00e7\u0131n, Komitenin Ocak 2023-\u015eubat 2024 tarihleri aras\u0131nda enflasyon hesaplamalar\u0131nda kullan\u0131lan t\u00fcm verileri \u0130statistik Kurumundan talep etti\u011fini, kurumun da nereden fiyat ald\u0131\u011f\u0131n\u0131 ancak kurum b\u00fcnyesinde kendileri ile payla\u015fabilece\u011fini ifade ederek be\u015f il\u00e7eden sadece madde \u00e7e\u015fitlerinin fiyatlar\u0131n\u0131 kendileri ile payla\u015ft\u0131\u011f\u0131n\u0131 kaydetti.<\/span><\/span><\/span><\/span><\/p>\n<p style=\"text-align:left\"><span style=\"font-size:16px\"><span style=\"font-family:Merriweather,serif !important\"><span style=\"color:#000000\"><span style=\"background-color:#ffffff\">Bar\u00e7\u0131n, Komite ile payla\u015f\u0131lan fiyat dosyalar\u0131n\u0131 incelendiklerinde ilk etapta 14 ay boyunca \u201cfiyatlar\u0131 de\u011fi\u015fmeyen onlarca, y\u00fczlerce \u00fcr\u00fcn\u201d oldu\u011funu g\u00f6zlemlediklerini ifade ederek, bunun \u00fczerine CTP komite \u00fcyeleri olarak \u0130statistik Kurumu\u2019na giderek bu veriler \u00fczerinde ayr\u0131nt\u0131l\u0131 bir \u00e7al\u0131\u015fma yapt\u0131klar\u0131n\u0131 aktard\u0131.<\/span><\/span><\/span><\/span><\/p>\n<p style=\"text-align:left\"><span style=\"font-size:16px\"><span style=\"font-family:Merriweather,serif !important\"><span style=\"color:#000000\"><span style=\"background-color:#ffffff\">Bar\u00e7\u0131n, yapt\u0131klar\u0131 \u00e7al\u0131\u015fmalarda \u00e7ok net baz\u0131 tespitlerde bulunduklar\u0131n\u0131 ve bunlar\u0131n da \u0130statistik Kurumu y\u00f6neticileri taraf\u0131ndan kabul edildi\u011fini belirterek, bu tespitlerine ili\u015fkin baz\u0131 bilgiler payla\u015ft\u0131.<\/span><\/span><\/span><\/span><\/p>\n<p style=\"text-align:left\"><span style=\"font-size:16px\"><span style=\"font-family:Merriweather,serif !important\"><span style=\"color:#000000\"><span style=\"background-color:#ffffff\">Ocak 2023-\u015eubat 2024 tarihleri aras\u0131nda y\u00fczlerce \u00fcr\u00fcn\u00fcn fiyat\u0131n\u0131n hem derleme defterine hem de sisteme 14 ay, 13 ay ve 12 ay boyunca ayn\u0131 fiyattan girildi\u011fini aktaran Bar\u00e7\u0131n,&nbsp; y\u00fczlerce \u00fcr\u00fcn\u00fcn fiyat\u0131nda Aral\u0131k 2023-Ocak 2024 d\u00f6neminde de\u011fi\u015fiklik olmazken, \u015eubat 2024\u2019te \u201c\u00e7ok ciddi fiyat de\u011fi\u015fimleri\u201d oldu\u011funu belirtti.<\/span><\/span><\/span><\/span><\/p>\n<p style=\"text-align:left\"><span style=\"font-size:16px\"><span style=\"font-family:Merriweather,serif !important\"><span style=\"color:#000000\"><span style=\"background-color:#ffffff\">Bar\u00e7\u0131n, bunun yan\u0131nda, \u00f6zellikle bir il\u00e7ede fiyat derleme defterlerinde Ocak 2024\u2019teki fiyat de\u011fi\u015fimlerinin bilgisayar ortam\u0131na i\u015flenmedi\u011fini ve Ocak 2024\u2019teki fiyat art\u0131\u015flar\u0131n\u0131n a\u00e7\u0131klanan Ocak 2024\u2019teki enflasyon oran\u0131nda dikkate al\u0131nmad\u0131\u011f\u0131n\u0131n Kurum y\u00f6neticileri taraf\u0131ndan da kabul edildi\u011fini savundu.<\/span><\/span><\/span><\/span><\/p>\n<p style=\"text-align:left\"><span style=\"font-size:16px\"><span style=\"font-family:Merriweather,serif !important\"><span style=\"color:#000000\"><span style=\"background-color:#ffffff\">Bar\u00e7\u0131n, kira fiyatlar\u0131n\u0131n HP hesaplamas\u0131nda a\u011f\u0131rl\u0131\u011f\u0131n\u0131n en y\u00fcksek (y\u00fczde 4.83) olanlardan biri oldu\u011funa i\u015faret ederek, bir il\u00e7ede be\u015f yerden kira fiyat\u0131 al\u0131nmas\u0131 gerekirken, bir yerden fiyat al\u0131nd\u0131\u011f\u0131, d\u00f6rt yerden al\u0131nmad\u0131\u011f\u0131 ve bir yerden al\u0131nan fiyattaki de\u011fi\u015fime g\u00f6re di\u011ferlerinin fiyatlar\u0131n\u0131n da hesapland\u0131\u011f\u0131n\u0131n kurum y\u00f6neticileri taraf\u0131ndan da kabul edildi\u011fini ileri s\u00fcrd\u00fc.<\/span><\/span><\/span><\/span><\/p>\n<p style=\"text-align:left\"><span style=\"font-size:16px\"><span style=\"font-family:Merriweather,serif !important\"><span style=\"color:#000000\"><span style=\"background-color:#ffffff\">Beyaz e\u015fyadan da \u00f6rnek veren Bar\u00e7\u0131n, mevzuata g\u00f6re \u00fc\u00e7 farkl\u0131 yerden TV fiyat\u0131 al\u0131nd\u0131\u011f\u0131n\u0131, ancak bir yerden al\u0131nan fiyat\u0131n, Haziran 2023-\u015eubat 2024, yani 9 ayl\u0131k s\u00fcre boyunca 8.600 TL sabit girildi\u011fi CTP vekilleri olarak s\u00f6z konusu bu yerde yapt\u0131klar\u0131 incelemede bu fiyat\u0131n 9 ay boyunca sabit kalmad\u0131\u011f\u0131n\u0131 tespit ettiklerini aktard\u0131.<\/span><\/span><\/span><\/span><\/p>\n<p style=\"text-align:justify\"><span style=\"font-size:16px\"><span style=\"font-family:Merriweather,serif !important\"><span style=\"color:#000000\"><span style=\"background-color:#ffffff\">-\u201c308 \u00fcr\u00fcn\u00fcn fiyatlar\u0131n\u0131n 1 y\u0131l boyunca hi\u00e7 de\u011fi\u015fmedi\u011fini beyan ettiler\u201d<\/span><\/span><\/span><\/span><\/p>\n<p style=\"text-align:left\"><span style=\"font-size:16px\"><span style=\"font-family:Merriweather,serif !important\"><span style=\"color:#000000\"><span style=\"background-color:#ffffff\">Bar\u00e7\u0131n, \u0130statistik Kurumu\u2019nda yapt\u0131klar\u0131 bu incelemeler ve sorgulamalar sonras\u0131 Kurum ile 22 Mart\u2019ta Meclis\u2019te tutanak alt\u0131nda bir toplant\u0131 yapt\u0131klar\u0131n\u0131 ve bu toplant\u0131da Kurum Ba\u015fkan\u0131 ve Ba\u015fkan Yard\u0131mc\u0131s\u0131n\u0131n, bir y\u0131l boyunca, 308 \u00fcr\u00fcn\u00fcn fiyat\u0131n\u0131n hi\u00e7 de\u011fi\u015fmedi\u011fini, bu \u00fcr\u00fcnlere y\u00f6nelik inceleme yapt\u0131klar\u0131n\u0131, 97 \u00fcr\u00fcnde kendilerinin hatas\u0131 oldu\u011funu, art\u0131\u015fl\u0131 girilmesi gerekirken, art\u0131\u015fs\u0131z girdi\u011fini tespit ettiklerini beyan ettiklerini savundu.<\/span><\/span><\/span><\/span><\/p>\n<p style=\"text-align:left\"><span style=\"font-size:16px\"><span style=\"font-family:Merriweather,serif !important\"><span style=\"color:#000000\"><span style=\"background-color:#ffffff\">Enflasyon hesaplamalar\u0131nda 829 madde \u00e7e\u015fidi bulundu\u011funa i\u015faret eden Bar\u00e7\u0131n, \u201c\u0130statistik Kurumu\u2019nun komitede bize hata oldu\u011funu beyan etti\u011fi 97 fiyat giri\u015finin madde \u00e7e\u015fidi olarak kar\u015f\u0131l\u0131\u011f\u0131 75\u2019tir. Yani Kurum 2024 y\u0131l\u0131nda enflasyon hesaplamas\u0131nda dikkate al\u0131nan 829 madde \u00e7e\u015fidinin 75\u2019inin, yani y\u00fczde 9.15\u2019nin hatal\u0131 oldu\u011funu kabul etmi\u015ftir.\u201d ifadelerini kulland\u0131.<\/span><\/span><\/span><\/span><\/p>\n<p style=\"text-align:left\"><span style=\"font-size:16px\"><span style=\"font-family:Merriweather,serif !important\"><span style=\"color:#000000\"><span style=\"background-color:#ffffff\">\u0130statistik Kurumunun bu \u201chatal\u0131\u201d veri giri\u015fi olan madde \u00e7e\u015fitlerinin neler oldu\u011funu komite ile payla\u015ft\u0131\u011f\u0131n\u0131 aktaran Bar\u00e7\u0131n, ancak bunun d\u0131\u015f\u0131nda CTP vekillerinin kendilerinin de bu s\u00fcre i\u00e7erisinde \u201chatal\u0131\u201d veri olarak tespit ettikleri bir\u00e7ok madde \u00e7e\u015fidi oldu\u011funu belirtti ve bu \u00fcr\u00fcnlere baz\u0131 \u00f6rnekler verdi.<\/span><\/span><\/span><\/span><\/p>\n<p style=\"text-align:left\"><span style=\"font-size:16px\"><span style=\"font-family:Merriweather,serif !important\"><span style=\"color:#000000\"><span style=\"background-color:#ffffff\">Bunlar aras\u0131nda devlet hastane yatak \u00fccretlerini de \u00f6rnek g\u00f6steren Bar\u00e7\u0131n, \u201cBu \u00fccret, 14 ayd\u0131r (Ocak 2023-\u015eubat 2024) 75 TL olarak siteme giriliyor ama Aral\u0131k 2023\u2019te bu \u00fccret Bakanlar Kurulunda yay\u0131nlanan t\u00fcz\u00fckle 382 TL oldu ama bu yans\u0131mad\u0131. Ve bu art\u0131\u015f\u0131n hesaplanmamas\u0131 HP\u2019de y\u00fczde 0.17\u2019lik bir d\u00fc\u015f\u00fc\u015fe neden olmu\u015ftur\u201d ifadelerini kulland\u0131.<\/span><\/span><\/span><\/span><\/p>\n<p style=\"text-align:left\"><span style=\"font-size:16px\"><span style=\"font-family:Merriweather,serif !important\"><span style=\"color:#000000\"><span style=\"background-color:#ffffff\">\u201c829 madde \u00e7e\u015fidinin y\u00fczde 9.15\u2019inin yani 75 maddenin hatal\u0131 girildi\u011finin kabul edildi\u011fi bir noktada tek bir \u00e7\u00f6z\u00fcm vard\u0131r. Ocak-\u015eubat 2024 aylar\u0131 i\u00e7in HP ba\u015ftan hesaplanmas\u0131 gerekiyor\u201d diyen Bar\u00e7\u0131n, do\u011fru HP\u2019nin a\u00e7\u0131klanmas\u0131n\u0131n sa\u011flanmas\u0131 gerekti\u011fini, bu yap\u0131lmad\u0131\u011f\u0131 s\u00fcrece Kuruma olan g\u00fcvenin yeniden in\u015fa edilmesinin m\u00fcmk\u00fcn olmayaca\u011f\u0131 g\u00f6r\u00fc\u015f\u00fcn\u00fc payla\u015ft\u0131.<\/span><\/span><\/span><\/span><\/p>\n<p style=\"text-align:left\"><span style=\"font-size:16px\"><span style=\"font-family:Merriweather,serif !important\"><span style=\"color:#000000\"><span style=\"background-color:#ffffff\">&nbsp; -S\u0131la Usar \u0130ncirli<\/span><\/span><\/span><\/span><\/p>\n<p style=\"text-align:left\"><span style=\"font-size:16px\"><span style=\"font-family:Merriweather,serif !important\"><span style=\"color:#000000\"><span style=\"background-color:#ffffff\">Y\u00fcksek\u00f6\u011fretim Kurumlar\u0131n\u0131n Faaliyetlerinin \u0130dari ve Mali Denetim Sistemi ve Y\u00d6DAK\u2019\u0131n Ara\u015ft\u0131r\u0131lmas\u0131na \u0130li\u015fkin Meclis Ara\u015ft\u0131rma Komitesi Ba\u015fkan Vekili S\u0131la Usar \u0130ncirli de bas\u0131n toplant\u0131s\u0131nda komite toplant\u0131lar\u0131nda ula\u015f\u0131lan olgular hakk\u0131nda bilgi verdi.<\/span><\/span><\/span><\/span><\/p>\n<p style=\"text-align:left\"><span style=\"font-size:16px\"><span style=\"font-family:Merriweather,serif !important\"><span style=\"color:#000000\"><span style=\"background-color:#ffffff\">Usar, CTP\u2019nin y\u0131llard\u0131r y\u00fcksek\u00f6\u011fretimdeki sorunlar\u0131 g\u00fcndeme getirdi\u011fini ancak \u015fubat ay\u0131n\u0131n ikinci yar\u0131s\u0131ndan sonra y\u00fcksek\u00f6\u011fretimde \u201csahte diploma\u201d iddialar\u0131n\u0131n ortaya \u00e7\u0131kt\u0131\u011f\u0131n\u0131 ve bu olay\u0131n hemen ard\u0131ndan komitenin kurulmas\u0131 i\u00e7in ad\u0131m att\u0131klar\u0131n\u0131n s\u00f6yledi.<\/span><\/span><\/span><\/span><\/p>\n<p style=\"text-align:left\"><span style=\"font-size:16px\"><span style=\"font-family:Merriweather,serif !important\"><span style=\"color:#000000\"><span style=\"background-color:#ffffff\">\u0130ncirli, komitenin ge\u00e7ersiz diplomalar\u0131n belirlenmesi, iptalleri, y\u00fcksek\u00f6\u011frenim kurumlar\u0131n\u0131n \u201cinsan ka\u00e7ak\u00e7\u0131l\u0131\u011f\u0131 ve ticareti\u201d ile ilgili ili\u015fkili olup olmad\u0131\u011f\u0131n\u0131n ara\u015ft\u0131r\u0131lmas\u0131 ve muhacerette bu konudaki i\u015flerin nas\u0131l y\u00fcr\u00fcd\u00fc\u011f\u00fc konular\u0131n\u0131n anla\u015f\u0131lmas\u0131 i\u00e7in \u00e7al\u0131\u015ft\u0131\u011f\u0131n\u0131 aktararak, bug\u00fcne kadar komitenin alt\u0131 toplant\u0131 yapt\u0131\u011f\u0131n\u0131 s\u00f6yledi. \u0130ncirli, komite toplant\u0131lar\u0131na Y\u00d6DAK, Polis Genel M\u00fcd\u00fcrl\u00fc\u011f\u00fc, Muhaceret Dairesi yetkilileri, Y\u00fcksek\u00f6\u011frenim ve D\u0131\u015f \u0130li\u015fkiler Dairesi yetkilileri, baz\u0131 \u00fcniversite rekt\u00f6rleri ve m\u00fctevelli heyetleri, ayr\u0131ca E\u011fitim Bakanl\u0131\u011f\u0131\u2019na ba\u011fl\u0131 daire yetkililerinin kat\u0131ld\u0131\u011f\u0131n\u0131 belirtti.<\/span><\/span><\/span><\/span><\/p>\n<p style=\"text-align:left\"><span style=\"font-size:16px\"><span style=\"font-family:Merriweather,serif !important\"><span style=\"color:#000000\"><span style=\"background-color:#ffffff\">&nbsp;<\/span><\/span><\/span><\/span><\/p>\n<p style=\"text-align:left\"><span style=\"font-size:16px\"><span style=\"font-family:Merriweather,serif !important\"><span style=\"color:#000000\"><span style=\"background-color:#ffffff\">Komitede yap\u0131lan ara\u015ft\u0131rmalar sonucunda baz\u0131 olgulara ula\u015ft\u0131klar\u0131n\u0131 belirten \u0130ncirli, \u201cBaz\u0131 bilgileri bulup \u00e7\u0131kartmak ve do\u011frulu\u011funu teyit etmek \u00e7ok kolay olmad\u0131. Ciddi bir emek kondu. Daha bildiklerimizin yan\u0131nda, bilmediklerimiz de var. Bunlar\u0131n pe\u015fine d\u00fc\u015fece\u011fiz. Bu komitelerin s\u00fcreleri \u00fc\u00e7 ayd\u0131r. Ama bu konular aciliyet ta\u015f\u0131yan konular. Bu nedenle biz, \u00fc\u00e7 ay\u0131n sonunda \u00e7\u0131kacak raporun a\u00e7\u0131klanmas\u0131n\u0131 beklemek yerine, bu bas\u0131n toplant\u0131s\u0131 yapmak istedik\u201d ifadelerini kulland\u0131.<\/span><\/span><\/span><\/span><\/p>\n<p style=\"text-align:left\"><span style=\"font-size:16px\"><span style=\"font-family:Merriweather,serif !important\"><span style=\"color:#000000\"><span style=\"background-color:#ffffff\">Y\u00fcksek\u00f6\u011fretim Yasas\u0131 uyar\u0131nca Y\u00d6DAK\u2019\u0131n planlama ve koordinasyon ve kalite g\u00fcvencesi ile ilgili g\u00f6rev yetki ve sorumluluklar\u0131 bulundu\u011funa i\u015faret eden \u0130ncirli, komitede tespit ettikleri ilk olgunun, Y\u00d6DAK\u2019\u0131n \u201cyetersizli\u011fi\u201d oldu\u011funu belirterek \u015funlar\u0131 kaydetti:<\/span><\/span><\/span><\/span><\/p>\n<p style=\"text-align:left\"><span style=\"font-size:16px\"><span style=\"font-family:Merriweather,serif !important\"><span style=\"color:#000000\"><span style=\"background-color:#ffffff\">\u201c\u0130lk olgu, Y\u00d6DAK\u2019\u0131n bu g\u00f6rev ve yetkiler konusunda \u00e7ok yetersiz kalmas\u0131 oldu. Bunun uzun s\u00fcredir bu \u015fekilde devam etti\u011fi hakikati ortaya \u00e7\u0131kt\u0131. \u00dcniversite say\u0131s\u0131n\u0131n artt\u0131\u011f\u0131, \u00f6\u011frenci say\u0131s\u0131n\u0131n, hacminin \u00e7ok b\u00fcy\u00fcd\u00fc\u011f\u00fcn\u00fc hep s\u00f6yl\u00fcyorduk. Ama bunu denetleyecek, planlayacak olan kurumun paralel \u015fekilde b\u00fcy\u00fcmedi\u011fi ger\u00e7e\u011fi de \u00e7ok \u00f6nceden yap\u0131lan bir tespitti. En \u00e7arp\u0131c\u0131 oldu Y\u00d6DAK\u2019\u0131n bu g\u00f6revlerini uzun s\u00fcredir yerine getirmedi\u011fi oldu\u011fu ger\u00e7e\u011fiydi.\u201d<\/span><\/span><\/span><\/span><\/p>\n<p style=\"text-align:left\"><span style=\"font-size:16px\"><span style=\"font-family:Merriweather,serif !important\"><span style=\"color:#000000\"><span style=\"background-color:#ffffff\">Komitede kar\u015f\u0131lar\u0131na \u00e7\u0131kan bir di\u011fer konunun ise Milli E\u011fitim Bakanl\u0131\u011f\u0131 ile Y\u00d6DAK aras\u0131nda ya\u015fanan \u201cileti\u015fim kopuklu\u011fu\u201d oldu\u011funa i\u015faret eden \u0130ncirli, \u201cBurada, birbiri ile ileti\u015fim kuramayan iki kurumdan s\u00f6z ediyoruz. Birbirilerinden haberleri bile yok\u201d dedi.<\/span><\/span><\/span><\/span><\/p>\n<p style=\"text-align:left\"><span style=\"font-size:16px\"><span style=\"font-family:Merriweather,serif !important\"><span style=\"color:#000000\"><span style=\"background-color:#ffffff\">-\u201cNerede oldu\u011fu bilinmeyen kursiyerler var\u201d<\/span><\/span><\/span><\/span><\/p>\n<p style=\"text-align:left\"><span style=\"font-size:16px\"><span style=\"font-family:Merriweather,serif !important\"><span style=\"color:#000000\"><span style=\"background-color:#ffffff\">Bu ileti\u015fim kopuklu\u011funa \u00f6rnek g\u00f6steren S\u0131la Usar \u0130ncirli, \u201cY\u00d6B\u0130S diye bir sistem var, Y\u00d6DAK bu sisteme dahil olmas\u0131 gerekti\u011finin bile fark\u0131nda de\u011fil. Bu sistemleri kullanmam\u0131\u015flar. Bizim y\u00fcksek\u00f6\u011frenimle ilgili EKAS isimli bir sistemimiz daha var. Bunar bilgi kay\u0131tlar\u0131n\u0131n yap\u0131ld\u0131\u011f\u0131 yerler. Bunlarla ilgili \u00e7al\u0131\u015fmalar\u0131n geni\u015fletilmesi gerekti\u011fine dair bir d\u00fc\u015f\u00fcnceye giderken Y\u00d6K\u2019\u00fcn \u00fclkeye bir ziyareti oldu. Burada Y\u00d6K, Y\u00d6DAK\u2019a kendi sistemi i\u00e7erisinde bir alan a\u00e7m\u0131\u015ft\u0131r. Y\u00d6K\u2019\u00fcn teknik destek vermesi \u00f6nemi bir \u015fey ama bizim kendi veri tabanlar\u0131m\u0131z\u0131n g\u00fc\u00e7lendirilmesi ve kurumlar aras\u0131ndaki ileti\u015fimin artt\u0131r\u0131lmas\u0131 gereklili\u011fi bizim taraf\u0131m\u0131zdan payla\u015f\u0131lan bir g\u00f6r\u00fc\u015f\u201d dedi.<\/span><\/span><\/span><\/span><\/p>\n<p style=\"text-align:left\"><span style=\"font-size:16px\"><span style=\"font-family:Merriweather,serif !important\"><span style=\"color:#000000\"><span style=\"background-color:#ffffff\">Bir di\u011fer olgunun, \u00fclkedeki y\u00fcksek\u00f6\u011frenim kurumu say\u0131s\u0131 ile \u00f6\u011frenci say\u0131s\u0131 oldu\u011funa i\u015faret eden \u0130ncirli, kurum say\u0131s\u0131n\u0131n 23 oldu\u011funu, 22\u2019sinin aktif \u00f6\u011frencisi oldu\u011funu, 1\u2019inin ise \u00f6\u011frencisi olmamas\u0131na kar\u015f\u0131n faaliyette oldu\u011funa s\u00f6yledi.<\/span><\/span><\/span><\/span><\/p>\n<p style=\"text-align:left\"><span style=\"font-size:16px\"><span style=\"font-family:Merriweather,serif !important\"><span style=\"color:#000000\"><span style=\"background-color:#ffffff\">\u00d6\u011frenci say\u0131s\u0131 konusunda komite \u00e7al\u0131\u015fmalar\u0131nda \u201cnet sonuca\u201d varman\u0131n m\u00fcmk\u00fcn olmad\u0131\u011f\u0131n\u0131 belirten \u0130ncirli, \u00f6\u011frenci say\u0131s\u0131n\u0131n pe\u015finden \u00e7ok fazla ko\u015ftuklar\u0131n\u0131 ancak net rakamlara ula\u015famad\u0131klar\u0131n\u0131 s\u00f6yledi ve \u015funlar\u0131 kaydetti:<\/span><\/span><\/span><\/span><\/p>\n<p style=\"text-align:left\"><span style=\"font-size:16px\"><span style=\"font-family:Merriweather,serif !important\"><span style=\"color:#000000\"><span style=\"background-color:#ffffff\">\u201c80 bin ila 110 bin aras\u0131 \u00f6\u011frenci var. Bu \u00f6\u011frenciler; KKTC, TC ve uluslararas\u0131 \u00f6\u011frencilerden olu\u015fuyor. 84 bini aktif. Ancak Muhaceret Dairesi\u2019ne g\u00f6re, TC ve uluslararas\u0131 \u00f6\u011frenci say\u0131s\u0131 61 bin 534 aktif, 3 bin 874\u2019\u00fc de pasif \u015feklinde. Bu rakamlarla ortaya, 75 bin ila 84 bin aras\u0131 \u00f6\u011frenci rakam\u0131 \u00e7\u0131k\u0131yor. Yine Muhacerete g\u00f6re nerede oldu\u011fu bilinmeyen \u00f6\u011frenci say\u0131s\u0131 4 bine yak\u0131n. Toplant\u0131lar\u0131n baz\u0131lar\u0131nda bu rakam\u0131n 10 bine kadar geni\u015fledi\u011fini g\u00f6rd\u00fck.\u201d<\/span><\/span><\/span><\/span><\/p>\n<p style=\"text-align:left\"><span style=\"font-size:16px\"><span style=\"font-family:Merriweather,serif !important\"><span style=\"color:#000000\"><span style=\"background-color:#ffffff\">\u201c\u00d6\u011frencilerin, \u00fcniversiteler aras\u0131nda kontrols\u00fcz ve kriter olmadan yatay ge\u00e7i\u015f yapmas\u0131n\u0131n da bir ba\u015fka olgu ve sorun oldu\u011funu\u201d belirten \u0130ncirli, \u201cBu \u00fclkede \u00f6\u011frencileri, kurumlar\u0131n birinden di\u011ferine kritersiz \u015fekilde yatay ge\u00e7i\u015f yap\u0131yor. Bu neden \u00f6nemli? \u00c7\u00fcnk\u00fc takip etmesi zorlan\u0131yor\u201d dedi.<\/span><\/span><\/span><\/span><\/p>\n<p style=\"text-align:left\"><span style=\"font-size:16px\"><span style=\"font-family:Merriweather,serif !important\"><span style=\"color:#000000\"><span style=\"background-color:#ffffff\">Son olarak \u201ce\u011fitim kurumlar\u0131\u201d konusundaki bulgular\u0131 payla\u015fan \u0130ncirli, \u201cY\u00fcksek\u00f6\u011frenimden daha da karanl\u0131k g\u00f6r\u00fcnmekteler. 39 e\u011fitim kurumu var. E\u011fitim Bakanl\u0131\u011f\u0131 bu kurumlara hem izin vermekte, hem de kontenjanlar\u0131n\u0131 belirlemekte. 12 bin kontenjan olu\u015fturulmu\u015ftur. Muhaceretten ald\u0131\u011f\u0131m\u0131z bilgilere g\u00f6re aktif \u00f6\u011frenci say\u0131s\u0131 4 bin 691\u2019dir. Pasif \u00f6\u011frenci say\u0131s\u0131 ise 5 bin 520. Yani yar\u0131s\u0131 pasif \u00f6\u011frencidir ve nerede olduklar\u0131 bilinmiyor. Bunlar y\u00fcksek\u00f6\u011frenim de\u011fil, kurstur. Nerede oldu\u011fu bilinmeyen kursiyerler var.\u201d ifadelerini kulland\u0131.<\/span><\/span><\/span><\/span><\/p>\n<p style=\"text-align:justify\"><span style=\"font-size:16px\"><span style=\"font-family:Merriweather,serif !important\"><span style=\"color:#000000\"><span style=\"background-color:#ffffff\">&nbsp;<\/span><\/span><\/span><\/span><\/p>\n<p style=\"text-align:justify\"><span style=\"font-size:16px\"><span style=\"font-family:Merriweather,serif !important\"><span style=\"color:#000000\"><span style=\"background-color:#ffffff\">-Erh\u00fcrman: \u201cBu \u00fclkenin en b\u00fcy\u00fck sorunu, veri sorunudur\u201d<\/span><\/span><\/span><\/span><\/p>\n<p style=\"text-align:justify\"><span style=\"font-size:16px\"><span style=\"font-family:Merriweather,serif !important\"><span style=\"color:#000000\"><span style=\"background-color:#ffffff\">&nbsp;<\/span><\/span><\/span><\/span><\/p>\n<p style=\"text-align:justify\"><span style=\"font-size:16px\"><span style=\"font-family:Merriweather,serif !important\"><span style=\"color:#000000\"><span style=\"background-color:#ffffff\">\u0130ki vekilin komitelerde ula\u015f\u0131lan verilere ili\u015fkin payla\u015f\u0131mlar\u0131n\u0131n ar\u0131ndan s\u00f6z alan CTP Genel Ba\u015fkan\u0131 Tufan Erh\u00fcrman, \u0130statistik Kurumunun d\u00f6rtl\u00fc h\u00fck\u00fcmet d\u00f6neminde kuruldu\u011funu an\u0131msatarak, CTP a\u00e7\u0131s\u0131ndan \u201cson derece \u00f6nemli\u201d bir kurum oldu\u011funu, kurumu \u201cdaha ileri ta\u015f\u0131ma\u201d vizyonlar\u0131 oldu\u011funu s\u00f6yledi.<\/span><\/span><\/span><\/span><\/p>\n<p style=\"text-align:justify\"><span style=\"font-size:16px\"><span style=\"font-family:Merriweather,serif !important\"><span style=\"color:#000000\"><span style=\"background-color:#ffffff\">&nbsp;<\/span><\/span><\/span><\/span><\/p>\n<p style=\"text-align:justify\"><span style=\"font-size:16px\"><span style=\"font-family:Merriweather,serif !important\"><span style=\"color:#000000\"><span style=\"background-color:#ffffff\">\u0130statistik Kurumunu ve orada \u00e7al\u0131\u015fanlar\u0131 itibars\u0131zla\u015ft\u0131rma niyetinde olmad\u0131klar\u0131n\u0131 vurgulayan Erh\u00fcrman, \u00fclkenin en b\u00fcy\u00fck sorunlar\u0131ndan birinin veri sorunu oldu\u011fu ve bu nedenle \u0130statistik Kurumunu \u00f6nemsediklerini s\u00f6yledi.<\/span><\/span><\/span><\/span><\/p>\n<p style=\"text-align:justify\"><span style=\"font-size:16px\"><span style=\"font-family:Merriweather,serif !important\"><span style=\"color:#000000\"><span style=\"background-color:#ffffff\">&nbsp;<\/span><\/span><\/span><\/span><\/p>\n<p style=\"text-align:justify\"><span style=\"font-size:16px\"><span style=\"font-family:Merriweather,serif !important\"><span style=\"color:#000000\"><span style=\"background-color:#ffffff\">\u00dclkede ka\u00e7 tane pasif \u00f6\u011frenci oldu\u011fu konusunda bile rakamlar\u0131n \u201cmuhtelif\u201d oldu\u011funa i\u015faret eden Erh\u00fcrman, \u201cElimizde do\u011fru d\u00fcr\u00fcst veri yok. Bu verisizlik n\u00fcfusla ilgili tart\u0131\u015fmalardan ba\u015fl\u0131yor. Biz g\u00f6reve geldi\u011fimiz anda, be\u015f y\u0131ll\u0131k sosyal, k\u00fclt\u00fcrel, ekonomik kalk\u0131nma plan\u0131n\u0131n haz\u0131rl\u0131klar\u0131na ba\u015flayaca\u011f\u0131z. Bunun da birinci \u015fart\u0131 n\u00fcfusu bilmektir\u201d ifadelerini kulland\u0131.<\/span><\/span><\/span><\/span><\/p>\n<p style=\"text-align:justify\"><span style=\"font-size:16px\"><span style=\"font-family:Merriweather,serif !important\"><span style=\"color:#000000\"><span style=\"background-color:#ffffff\">&nbsp;<\/span><\/span><\/span><\/span><\/p>\n<p style=\"text-align:left\"><span style=\"font-size:16px\"><span style=\"font-family:Merriweather,serif !important\"><span style=\"color:#000000\"><span style=\"background-color:#ffffff\">-\u201cBizim derdimiz bu \u00fclkede do\u011fru verilere ula\u015f\u0131lmas\u0131 ve do\u011fru veriler \u00fczerinden karar ve politika \u00fcretilebilmesidir\u201d<\/span><\/span><\/span><\/span><\/p>\n<p style=\"text-align:left\"><span style=\"font-size:16px\"><span style=\"font-family:Merriweather,serif !important\"><span style=\"color:#000000\"><span style=\"background-color:#ffffff\">\u0130statistik Kurumunun komitede kendisinin 97 noktada \u201chata yap\u0131ld\u0131\u011f\u0131n\u0131\u201d s\u00f6yledi\u011fini belirten Erh\u00fcrman, aylarca fiyat\u0131 hi\u00e7 de\u011fi\u015fmeyen \u00fcr\u00fcnlerde fiyatlar\u0131n girildi\u011finin s\u00f6ylendi\u011fini ifade etti.&nbsp; Erh\u00fcrman, \u201cBizim derdimiz bu \u00fclkede do\u011fru verilere ula\u015f\u0131lmas\u0131 ve do\u011fru veriler \u00fczerinden karar ve politika \u00fcretilebilmesidir\u201d dedi.<\/span><\/span><\/span><\/span><\/p>\n<p style=\"text-align:left\"><span style=\"font-size:16px\"><span style=\"font-family:Merriweather,serif !important\"><span style=\"color:#000000\"><span style=\"background-color:#ffffff\">Martta ve \u015fubatta daha y\u00fcksek hayat pahal\u0131l\u0131\u011f\u0131 \u00e7\u0131kmas\u0131 sebebinin, aylarca verilmeyen rakamlar\u0131n bir ayda verilmesi oldu\u011funa i\u015faret eden Erh\u00fcrman, \u201cHer ay y\u00fckselen bir \u015fey hi\u00e7 y\u00fckselmiyormu\u015f gibi giriliyor, sonra bir ay y\u00fckseli\u015fi giriliyor, o ay ger\u00e7ekte olandan da y\u00fcksek \u00e7\u0131k\u0131yor. \u015eubat ve mart aylar\u0131nda ger\u00e7ek hayat pahal\u0131l\u0131\u011f\u0131n\u0131 bilmiyoruz\u201d dedi.<\/span><\/span><\/span><\/span><\/p>\n<p style=\"text-align:left\"><span style=\"font-size:16px\"><span style=\"font-family:Merriweather,serif !important\"><span style=\"color:#000000\"><span style=\"background-color:#ffffff\">\u0130statistik Kurumu \u00e7al\u0131\u015fanlar\u0131n\u0131n alanlar\u0131nda yetkin, \u00e7al\u0131\u015fkan ve \u00fcretken insanlar oldu\u011funu ifade eden Tufan Erh\u00fcrman, \u201cOnlar\u0131n itibar\u0131 ile ilgili bir sorunumuz kesinlikle yoktur. \u0130statistik Kurumunun itibar\u0131n\u0131 zedelemek de\u011fil itibarl\u0131 hale getirmek, itibar\u0131n\u0131n tart\u0131\u015f\u0131lmaz olmas\u0131n\u0131 sa\u011flamakt\u0131r derdimiz\u201d \u015feklinde konu\u015ftu.<\/span><\/span><\/span><\/span><\/p>\n<p style=\"text-align:left\"><span style=\"font-size:16px\"><span style=\"font-family:Merriweather,serif !important\"><span style=\"color:#000000\"><span style=\"background-color:#ffffff\">\u201cMart ay\u0131nda g\u00f6rece\u011fimiz hayat pahal\u0131l\u0131\u011f\u0131, ger\u00e7ek hayat pahal\u0131l\u0131\u011f\u0131 olmayacakt\u0131r\u201d diyen Erh\u00fcrman, \u201ckomitenin olu\u015fmas\u0131yla, \u015fimdiden belli sonu\u00e7lar \u00e7\u0131kmaya ba\u015flad\u0131\u011f\u0131n\u0131 ve ger\u00e7ekli\u011fin kendi a\u00e7\u0131lar\u0131ndan \u00f6nemli oldu\u011funu\u201d vurgulad\u0131.<\/span><\/span><\/span><\/span><\/p>\n<p style=\"text-align:justify\"><span style=\"font-size:16px\"><span style=\"font-family:Merriweather,serif !important\"><span style=\"color:#000000\"><span style=\"background-color:#ffffff\">-\u201c23 \u00fcniversite bu \u00fclkenin \u00f6l\u00e7e\u011finde denetlenebilir de\u011fildir\u201d<\/span><\/span><\/span><\/span><\/p>\n<p style=\"text-align:justify\"><span style=\"font-size:16px\"><span style=\"font-family:Merriweather,serif !important\"><span style=\"color:#000000\"><span style=\"background-color:#ffffff\">&nbsp;<\/span><\/span><\/span><\/span><\/p>\n<p style=\"text-align:left\"><span style=\"font-size:16px\"><span style=\"font-family:Merriweather,serif !important\"><span style=\"color:#000000\"><span style=\"background-color:#ffffff\">Y\u00fcksek\u00f6\u011fretim konusuna da de\u011finen Erh\u00fcrman, KKTC\u2019nin co\u011frafya olarak da, n\u00fcfus olarak da \u00f6l\u00e7e\u011finin belli oldu\u011funu belirterek, \u201c36 tane \u00fcniversite \u00f6n a\u00e7ma izni verirsen, denetleyemezsin\u201d dedi. \u00dclkede 23 \u00fcniversitenin faal g\u00f6r\u00fcnd\u00fc\u011f\u00fcn\u00fc ve bu \u00fcniversitelerde 80 bin ile 110 bin aras\u0131nda \u00f6\u011frenci oldu\u011funu ifade eden Erh\u00fcrman, 80 bin ile 110 bin aras\u0131ndaki rakam aral\u0131\u011f\u0131n\u0131n y\u00fcksek oldu\u011fu s\u00f6yledi.<\/span><\/span><\/span><\/span><\/p>\n<p style=\"text-align:left\"><span style=\"font-size:16px\"><span style=\"font-family:Merriweather,serif !important\"><span style=\"color:#000000\"><span style=\"background-color:#ffffff\">\u00dcniversitelerde 5 bine yak\u0131n akademik kadro, 1.700 program oldu\u011funa i\u015faret eden Erh\u00fcrman, Y\u00d6DAK\u2019ta ise yedi \u00fcye oldu\u011funa dikkat \u00e7ekti ve bu yedi \u00fcye ile denetimin \u201cger\u00e7ek\u00e7i\u201d olmad\u0131\u011f\u0131n\u0131 belirtti. Erh\u00fcrman, \u201cBir bakan d\u00f6neminde 16 \u00fcniversite \u00f6n a\u00e7ma izni veriliyor. 23 \u00fcniversite bu \u00fclkenin \u00f6l\u00e7e\u011finde denetlenebilir de\u011fildir\u201d diye ekledi.<\/span><\/span><\/span><\/span><\/p>\n<p style=\"text-align:left\"><span style=\"font-size:16px\"><span style=\"font-family:Merriweather,serif !important\"><span style=\"color:#000000\"><span style=\"background-color:#ffffff\">E\u011fitim kurumlar\u0131ndaki art\u0131\u015fla ilgili olarak Erh\u00fcrman, \u201ct\u00fcz\u00fck de\u011fi\u015fikli\u011fiyle, \u2018e\u011fitim kurumlar\u0131na kay\u0131t yapt\u0131ranlara ikamet izni verilecek\u2019 denildikten sonra bu say\u0131da bir patlama ya\u015fand\u0131\u011f\u0131n\u0131\u201d s\u00f6yledi. Erh\u00fcrman, Muhaceretten al\u0131nan rakamlar\u0131 da payla\u015farak, \u201cBu kurumlarda 5 bin 520 pasif \u00f6\u011frencinin oldu\u011funu, aktiften fazla ve nerede oldu\u011funu bilinmeyen \u00f6\u011frenci oldu\u011funa dikkat \u00e7ekti. Erh\u00fcrman, komitenin kurulmas\u0131yla Muhaceret t\u00fcz\u00fc\u011f\u00fcnde de\u011fi\u015fiklik yap\u0131larak, \u201cikamet izni alma hakk\u0131n\u0131n\u201d kald\u0131r\u0131ld\u0131\u011f\u0131n\u0131 belirtti.<\/span><\/span><\/span><\/span><\/p>\n<p style=\"text-align:left\"><span style=\"font-size:16px\"><span style=\"font-family:Merriweather,serif !important\"><span style=\"color:#000000\"><span style=\"background-color:#ffffff\">Cezai soru\u015fturman\u0131n tamamlanmas\u0131n\u0131 beklemeden \u201cge\u00e7ersiz diplomalar\u0131\u201d tespit edecek sistemin bir an \u00f6nce olu\u015fturulmas\u0131 \u00e7a\u011fr\u0131s\u0131nda bulunan Erh\u00fcrman, \u201cBizim bu alan\u0131 temizlememiz laz\u0131m. Hukuka ayk\u0131r\u0131 i\u015f yapm\u0131\u015f olman\u0131n bir sorumlulu\u011fu var. Peki, bu alanlar\u0131 bu hale getirmi\u015f olman\u0131n bir sorumlulu\u011fu yok mu? Bunun siyasi sorumlulu\u011fu vard\u0131r. Siz hesaps\u0131z-kitaps\u0131z bu \u00fclkenin \u00f6l\u00e7e\u011fini a\u015facak, denetlenemeyece\u011fini bilerek e\u011fitim kurumu ve \u00fcniversite a\u00e7ma izni verdiniz. Bu alanlarda bu batakl\u0131\u011f\u0131 olu\u015fturdunuz. Bunun \u00e7ok a\u011f\u0131r siyasi sorumlulu\u011fu var. Siyasi sorumlulu\u011fun gere\u011fi de \u00e7ekip gitmektir\u201d ifadelerini kulland\u0131.<\/span><\/span><\/span><\/span><\/p>\n","protected":false},"excerpt":{"rendered":"<p>Cumhuriyet Meclisi Zalihe \u00c7avu\u015fo\u011flu Salonu\u2019nda d\u00fczenlenen bas\u0131n toplant\u0131s\u0131nda, CTP Genel Ba\u015fkan\u0131 Erh\u00fcrman, yan\u0131 s\u0131ra \u201cistatistik kurumu verileri\u201d ve \u201cy\u00fcksek\u00f6\u011fretime\u201d ili\u015fkin meclis ara\u015ft\u0131rma komitelerinde ba\u015fkan vekilleri olarak g\u00f6rev alan&nbsp;CTP&nbsp;Milletvekilleri&nbsp;Devrim Bar\u00e7\u0131n&nbsp;ve S\u0131la Usar \u0130ncirli de a\u00e7\u0131klamalarda bulunarak komitelerde ula\u015f\u0131lan verilere dair baz\u0131 bilgiler payla\u015ft\u0131. Bas\u0131n toplant\u0131s\u0131nda ilk s\u00f6z\u00fc alan CTP Genel Ba\u015fkan\u0131 Erh\u00fcrman, k\u0131sa bir s\u00fcre \u00f6nce,<\/p>\n","protected":false},"author":1,"featured_media":36909,"comment_status":"open","ping_status":"open","sticky":false,"template":"","format":"standard","meta":{"footnotes":""},"categories":[79],"tags":[],"class_list":["post-36908","post","type-post","status-publish","format-standard","has-post-thumbnail","hentry","category-ekonomi"],"yoast_head":"<!-- This site is optimized with the Yoast SEO plugin v27.5 - https:\/\/yoast.com\/product\/yoast-seo-wordpress\/ -->\n<title>Meclis ara\u015ft\u0131rma komiteleri hakk\u0131nda bilgilendirme toplant\u0131 -<\/title>\n<meta name=\"robots\" content=\"index, follow, max-snippet:-1, max-image-preview:large, max-video-preview:-1\" \/>\n<link rel=\"canonical\" href=\"https:\/\/kibrisdakik.com\/?p=36908\" \/>\n<meta property=\"og:locale\" content=\"tr_TR\" \/>\n<meta property=\"og:type\" content=\"article\" \/>\n<meta property=\"og:title\" content=\"Meclis ara\u015ft\u0131rma komiteleri hakk\u0131nda bilgilendirme toplant\u0131 -\" \/>\n<meta property=\"og:description\" content=\"Cumhuriyet Meclisi Zalihe \u00c7avu\u015fo\u011flu Salonu\u2019nda d\u00fczenlenen bas\u0131n toplant\u0131s\u0131nda, CTP Genel Ba\u015fkan\u0131 Erh\u00fcrman, yan\u0131 s\u0131ra \u201cistatistik kurumu verileri\u201d ve \u201cy\u00fcksek\u00f6\u011fretime\u201d ili\u015fkin meclis ara\u015ft\u0131rma komitelerinde ba\u015fkan vekilleri olarak g\u00f6rev alan&nbsp;CTP&nbsp;Milletvekilleri&nbsp;Devrim Bar\u00e7\u0131n&nbsp;ve S\u0131la Usar \u0130ncirli de a\u00e7\u0131klamalarda bulunarak komitelerde ula\u015f\u0131lan verilere dair baz\u0131 bilgiler payla\u015ft\u0131. Bas\u0131n toplant\u0131s\u0131nda ilk s\u00f6z\u00fc alan CTP Genel Ba\u015fkan\u0131 Erh\u00fcrman, k\u0131sa bir s\u00fcre \u00f6nce,\" \/>\n<meta property=\"og:url\" content=\"https:\/\/kibrisdakik.com\/?p=36908\" \/>\n<meta property=\"article:published_time\" content=\"2024-04-03T17:10:55+00:00\" \/>\n<meta property=\"og:image\" content=\"https:\/\/kibrisdakik.com\/wp-content\/uploads\/2024\/04\/meclis-arastirma-komiteleri-hakkinda-bilgilendirme-toplanti-1712160964.webp.webp\" \/>\n\t<meta property=\"og:image:width\" content=\"710\" \/>\n\t<meta property=\"og:image:height\" content=\"370\" \/>\n\t<meta property=\"og:image:type\" content=\"image\/webp\" \/>\n<meta name=\"author\" content=\"admin\" \/>\n<meta name=\"twitter:card\" content=\"summary_large_image\" \/>\n<meta name=\"twitter:label1\" content=\"Yazan:\" \/>\n\t<meta name=\"twitter:data1\" content=\"admin\" \/>\n\t<meta name=\"twitter:label2\" content=\"Tahmini okuma s\u00fcresi\" \/>\n\t<meta name=\"twitter:data2\" content=\"15 dakika\" \/>\n<script type=\"application\/ld+json\" class=\"yoast-schema-graph\">{\"@context\":\"https:\\\/\\\/schema.org\",\"@graph\":[{\"@type\":\"Article\",\"@id\":\"https:\\\/\\\/kibrisdakik.com\\\/?p=36908#article\",\"isPartOf\":{\"@id\":\"https:\\\/\\\/kibrisdakik.com\\\/?p=36908\"},\"author\":{\"name\":\"admin\",\"@id\":\"https:\\\/\\\/kibrisdakik.com\\\/#\\\/schema\\\/person\\\/9cd9d437bbb44f72b73ba127e06d8e79\"},\"headline\":\"Meclis ara\u015ft\u0131rma komiteleri hakk\u0131nda bilgilendirme toplant\u0131\",\"datePublished\":\"2024-04-03T17:10:55+00:00\",\"mainEntityOfPage\":{\"@id\":\"https:\\\/\\\/kibrisdakik.com\\\/?p=36908\"},\"wordCount\":3049,\"commentCount\":0,\"image\":{\"@id\":\"https:\\\/\\\/kibrisdakik.com\\\/?p=36908#primaryimage\"},\"thumbnailUrl\":\"https:\\\/\\\/kibrisdakik.com\\\/wp-content\\\/uploads\\\/2024\\\/04\\\/meclis-arastirma-komiteleri-hakkinda-bilgilendirme-toplanti-1712160964.webp.webp\",\"articleSection\":[\"Ekonomi\"],\"inLanguage\":\"tr\",\"potentialAction\":[{\"@type\":\"CommentAction\",\"name\":\"Comment\",\"target\":[\"https:\\\/\\\/kibrisdakik.com\\\/?p=36908#respond\"]}]},{\"@type\":\"WebPage\",\"@id\":\"https:\\\/\\\/kibrisdakik.com\\\/?p=36908\",\"url\":\"https:\\\/\\\/kibrisdakik.com\\\/?p=36908\",\"name\":\"Meclis ara\u015ft\u0131rma komiteleri hakk\u0131nda bilgilendirme toplant\u0131 -\",\"isPartOf\":{\"@id\":\"https:\\\/\\\/kibrisdakik.com\\\/#website\"},\"primaryImageOfPage\":{\"@id\":\"https:\\\/\\\/kibrisdakik.com\\\/?p=36908#primaryimage\"},\"image\":{\"@id\":\"https:\\\/\\\/kibrisdakik.com\\\/?p=36908#primaryimage\"},\"thumbnailUrl\":\"https:\\\/\\\/kibrisdakik.com\\\/wp-content\\\/uploads\\\/2024\\\/04\\\/meclis-arastirma-komiteleri-hakkinda-bilgilendirme-toplanti-1712160964.webp.webp\",\"datePublished\":\"2024-04-03T17:10:55+00:00\",\"author\":{\"@id\":\"https:\\\/\\\/kibrisdakik.com\\\/#\\\/schema\\\/person\\\/9cd9d437bbb44f72b73ba127e06d8e79\"},\"breadcrumb\":{\"@id\":\"https:\\\/\\\/kibrisdakik.com\\\/?p=36908#breadcrumb\"},\"inLanguage\":\"tr\",\"potentialAction\":[{\"@type\":\"ReadAction\",\"target\":[\"https:\\\/\\\/kibrisdakik.com\\\/?p=36908\"]}]},{\"@type\":\"ImageObject\",\"inLanguage\":\"tr\",\"@id\":\"https:\\\/\\\/kibrisdakik.com\\\/?p=36908#primaryimage\",\"url\":\"https:\\\/\\\/kibrisdakik.com\\\/wp-content\\\/uploads\\\/2024\\\/04\\\/meclis-arastirma-komiteleri-hakkinda-bilgilendirme-toplanti-1712160964.webp.webp\",\"contentUrl\":\"https:\\\/\\\/kibrisdakik.com\\\/wp-content\\\/uploads\\\/2024\\\/04\\\/meclis-arastirma-komiteleri-hakkinda-bilgilendirme-toplanti-1712160964.webp.webp\",\"width\":710,\"height\":370},{\"@type\":\"BreadcrumbList\",\"@id\":\"https:\\\/\\\/kibrisdakik.com\\\/?p=36908#breadcrumb\",\"itemListElement\":[{\"@type\":\"ListItem\",\"position\":1,\"name\":\"Home\",\"item\":\"https:\\\/\\\/kibrisdakik.com\\\/\"},{\"@type\":\"ListItem\",\"position\":2,\"name\":\"Meclis ara\u015ft\u0131rma komiteleri hakk\u0131nda bilgilendirme toplant\u0131\"}]},{\"@type\":\"WebSite\",\"@id\":\"https:\\\/\\\/kibrisdakik.com\\\/#website\",\"url\":\"https:\\\/\\\/kibrisdakik.com\\\/\",\"name\":\"\",\"description\":\"Tam vaktinde haber\",\"potentialAction\":[{\"@type\":\"SearchAction\",\"target\":{\"@type\":\"EntryPoint\",\"urlTemplate\":\"https:\\\/\\\/kibrisdakik.com\\\/?s={search_term_string}\"},\"query-input\":{\"@type\":\"PropertyValueSpecification\",\"valueRequired\":true,\"valueName\":\"search_term_string\"}}],\"inLanguage\":\"tr\"},{\"@type\":\"Person\",\"@id\":\"https:\\\/\\\/kibrisdakik.com\\\/#\\\/schema\\\/person\\\/9cd9d437bbb44f72b73ba127e06d8e79\",\"name\":\"admin\",\"image\":{\"@type\":\"ImageObject\",\"inLanguage\":\"tr\",\"@id\":\"https:\\\/\\\/secure.gravatar.com\\\/avatar\\\/ccc17943b9d660506c869530f897617f7cb1c21a4bf30023f252596d83e1f007?s=96&d=mm&r=g\",\"url\":\"https:\\\/\\\/secure.gravatar.com\\\/avatar\\\/ccc17943b9d660506c869530f897617f7cb1c21a4bf30023f252596d83e1f007?s=96&d=mm&r=g\",\"contentUrl\":\"https:\\\/\\\/secure.gravatar.com\\\/avatar\\\/ccc17943b9d660506c869530f897617f7cb1c21a4bf30023f252596d83e1f007?s=96&d=mm&r=g\",\"caption\":\"admin\"},\"sameAs\":[\"https:\\\/\\\/kibrisdakik.com\"],\"url\":\"https:\\\/\\\/kibrisdakik.com\\\/?author=1\"}]}<\/script>\n<!-- \/ Yoast SEO plugin. -->","yoast_head_json":{"title":"Meclis ara\u015ft\u0131rma komiteleri hakk\u0131nda bilgilendirme toplant\u0131 -","robots":{"index":"index","follow":"follow","max-snippet":"max-snippet:-1","max-image-preview":"max-image-preview:large","max-video-preview":"max-video-preview:-1"},"canonical":"https:\/\/kibrisdakik.com\/?p=36908","og_locale":"tr_TR","og_type":"article","og_title":"Meclis ara\u015ft\u0131rma komiteleri hakk\u0131nda bilgilendirme toplant\u0131 -","og_description":"Cumhuriyet Meclisi Zalihe \u00c7avu\u015fo\u011flu Salonu\u2019nda d\u00fczenlenen bas\u0131n toplant\u0131s\u0131nda, CTP Genel Ba\u015fkan\u0131 Erh\u00fcrman, yan\u0131 s\u0131ra \u201cistatistik kurumu verileri\u201d ve \u201cy\u00fcksek\u00f6\u011fretime\u201d ili\u015fkin meclis ara\u015ft\u0131rma komitelerinde ba\u015fkan vekilleri olarak g\u00f6rev alan&nbsp;CTP&nbsp;Milletvekilleri&nbsp;Devrim Bar\u00e7\u0131n&nbsp;ve S\u0131la Usar \u0130ncirli de a\u00e7\u0131klamalarda bulunarak komitelerde ula\u015f\u0131lan verilere dair baz\u0131 bilgiler payla\u015ft\u0131. Bas\u0131n toplant\u0131s\u0131nda ilk s\u00f6z\u00fc alan CTP Genel Ba\u015fkan\u0131 Erh\u00fcrman, k\u0131sa bir s\u00fcre \u00f6nce,","og_url":"https:\/\/kibrisdakik.com\/?p=36908","article_published_time":"2024-04-03T17:10:55+00:00","og_image":[{"width":710,"height":370,"url":"https:\/\/kibrisdakik.com\/wp-content\/uploads\/2024\/04\/meclis-arastirma-komiteleri-hakkinda-bilgilendirme-toplanti-1712160964.webp.webp","type":"image\/webp"}],"author":"admin","twitter_card":"summary_large_image","twitter_misc":{"Yazan:":"admin","Tahmini okuma s\u00fcresi":"15 dakika"},"schema":{"@context":"https:\/\/schema.org","@graph":[{"@type":"Article","@id":"https:\/\/kibrisdakik.com\/?p=36908#article","isPartOf":{"@id":"https:\/\/kibrisdakik.com\/?p=36908"},"author":{"name":"admin","@id":"https:\/\/kibrisdakik.com\/#\/schema\/person\/9cd9d437bbb44f72b73ba127e06d8e79"},"headline":"Meclis ara\u015ft\u0131rma komiteleri hakk\u0131nda bilgilendirme toplant\u0131","datePublished":"2024-04-03T17:10:55+00:00","mainEntityOfPage":{"@id":"https:\/\/kibrisdakik.com\/?p=36908"},"wordCount":3049,"commentCount":0,"image":{"@id":"https:\/\/kibrisdakik.com\/?p=36908#primaryimage"},"thumbnailUrl":"https:\/\/kibrisdakik.com\/wp-content\/uploads\/2024\/04\/meclis-arastirma-komiteleri-hakkinda-bilgilendirme-toplanti-1712160964.webp.webp","articleSection":["Ekonomi"],"inLanguage":"tr","potentialAction":[{"@type":"CommentAction","name":"Comment","target":["https:\/\/kibrisdakik.com\/?p=36908#respond"]}]},{"@type":"WebPage","@id":"https:\/\/kibrisdakik.com\/?p=36908","url":"https:\/\/kibrisdakik.com\/?p=36908","name":"Meclis ara\u015ft\u0131rma komiteleri hakk\u0131nda bilgilendirme toplant\u0131 -","isPartOf":{"@id":"https:\/\/kibrisdakik.com\/#website"},"primaryImageOfPage":{"@id":"https:\/\/kibrisdakik.com\/?p=36908#primaryimage"},"image":{"@id":"https:\/\/kibrisdakik.com\/?p=36908#primaryimage"},"thumbnailUrl":"https:\/\/kibrisdakik.com\/wp-content\/uploads\/2024\/04\/meclis-arastirma-komiteleri-hakkinda-bilgilendirme-toplanti-1712160964.webp.webp","datePublished":"2024-04-03T17:10:55+00:00","author":{"@id":"https:\/\/kibrisdakik.com\/#\/schema\/person\/9cd9d437bbb44f72b73ba127e06d8e79"},"breadcrumb":{"@id":"https:\/\/kibrisdakik.com\/?p=36908#breadcrumb"},"inLanguage":"tr","potentialAction":[{"@type":"ReadAction","target":["https:\/\/kibrisdakik.com\/?p=36908"]}]},{"@type":"ImageObject","inLanguage":"tr","@id":"https:\/\/kibrisdakik.com\/?p=36908#primaryimage","url":"https:\/\/kibrisdakik.com\/wp-content\/uploads\/2024\/04\/meclis-arastirma-komiteleri-hakkinda-bilgilendirme-toplanti-1712160964.webp.webp","contentUrl":"https:\/\/kibrisdakik.com\/wp-content\/uploads\/2024\/04\/meclis-arastirma-komiteleri-hakkinda-bilgilendirme-toplanti-1712160964.webp.webp","width":710,"height":370},{"@type":"BreadcrumbList","@id":"https:\/\/kibrisdakik.com\/?p=36908#breadcrumb","itemListElement":[{"@type":"ListItem","position":1,"name":"Home","item":"https:\/\/kibrisdakik.com\/"},{"@type":"ListItem","position":2,"name":"Meclis ara\u015ft\u0131rma komiteleri hakk\u0131nda bilgilendirme toplant\u0131"}]},{"@type":"WebSite","@id":"https:\/\/kibrisdakik.com\/#website","url":"https:\/\/kibrisdakik.com\/","name":"","description":"Tam vaktinde haber","potentialAction":[{"@type":"SearchAction","target":{"@type":"EntryPoint","urlTemplate":"https:\/\/kibrisdakik.com\/?s={search_term_string}"},"query-input":{"@type":"PropertyValueSpecification","valueRequired":true,"valueName":"search_term_string"}}],"inLanguage":"tr"},{"@type":"Person","@id":"https:\/\/kibrisdakik.com\/#\/schema\/person\/9cd9d437bbb44f72b73ba127e06d8e79","name":"admin","image":{"@type":"ImageObject","inLanguage":"tr","@id":"https:\/\/secure.gravatar.com\/avatar\/ccc17943b9d660506c869530f897617f7cb1c21a4bf30023f252596d83e1f007?s=96&d=mm&r=g","url":"https:\/\/secure.gravatar.com\/avatar\/ccc17943b9d660506c869530f897617f7cb1c21a4bf30023f252596d83e1f007?s=96&d=mm&r=g","contentUrl":"https:\/\/secure.gravatar.com\/avatar\/ccc17943b9d660506c869530f897617f7cb1c21a4bf30023f252596d83e1f007?s=96&d=mm&r=g","caption":"admin"},"sameAs":["https:\/\/kibrisdakik.com"],"url":"https:\/\/kibrisdakik.com\/?author=1"}]}},"_links":{"self":[{"href":"https:\/\/kibrisdakik.com\/index.php?rest_route=\/wp\/v2\/posts\/36908","targetHints":{"allow":["GET"]}}],"collection":[{"href":"https:\/\/kibrisdakik.com\/index.php?rest_route=\/wp\/v2\/posts"}],"about":[{"href":"https:\/\/kibrisdakik.com\/index.php?rest_route=\/wp\/v2\/types\/post"}],"author":[{"embeddable":true,"href":"https:\/\/kibrisdakik.com\/index.php?rest_route=\/wp\/v2\/users\/1"}],"replies":[{"embeddable":true,"href":"https:\/\/kibrisdakik.com\/index.php?rest_route=%2Fwp%2Fv2%2Fcomments&post=36908"}],"version-history":[{"count":0,"href":"https:\/\/kibrisdakik.com\/index.php?rest_route=\/wp\/v2\/posts\/36908\/revisions"}],"wp:featuredmedia":[{"embeddable":true,"href":"https:\/\/kibrisdakik.com\/index.php?rest_route=\/wp\/v2\/media\/36909"}],"wp:attachment":[{"href":"https:\/\/kibrisdakik.com\/index.php?rest_route=%2Fwp%2Fv2%2Fmedia&parent=36908"}],"wp:term":[{"taxonomy":"category","embeddable":true,"href":"https:\/\/kibrisdakik.com\/index.php?rest_route=%2Fwp%2Fv2%2Fcategories&post=36908"},{"taxonomy":"post_tag","embeddable":true,"href":"https:\/\/kibrisdakik.com\/index.php?rest_route=%2Fwp%2Fv2%2Ftags&post=36908"}],"curies":[{"name":"wp","href":"https:\/\/api.w.org\/{rel}","templated":true}]}}