{"id":36980,"date":"2024-04-04T05:15:01","date_gmt":"2024-04-04T05:15:01","guid":{"rendered":"https:\/\/kibrisdakik.com\/index.php\/2024\/04\/04\/dorter-magusa-maratonu-nedeniyle-pazar-gunu-bazi-yollar-trafige-kapali-olacak-2\/"},"modified":"2024-04-04T05:15:01","modified_gmt":"2024-04-04T05:15:01","slug":"dorter-magusa-maratonu-nedeniyle-pazar-gunu-bazi-yollar-trafige-kapali-olacak-2","status":"publish","type":"post","link":"https:\/\/kibrisdakik.com\/?p=36980","title":{"rendered":"D\u00f6rter Ma\u011fusa Maratonu nedeniyle pazar g\u00fcn\u00fc baz\u0131 yollar trafi\u011fe kapal\u0131 olacak"},"content":{"rendered":"<p><img decoding=\"async\" src=\"https:\/\/www.kibristurk.com\/images\/haberler\/2024\/04\/dorter-magusa-maratonu-nedeniyle-pazar-gunu-bazi-yollar-trafige-kapali-olacak-1712139604.webp\" \/><\/p>\n<p style=\"text-align:left\"><span style=\"font-size:16px\"><span style=\"font-family:Merriweather,serif !important\"><span style=\"color:#000000\"><span style=\"background-color:#ffffff\">\u201cMa\u011fusa sokaklar\u0131nda adalet i\u00e7in tek y\u00fcrek oluyoruz\u201d slogan\u0131yla ger\u00e7ekle\u015ftirilecek olan maratonda, yar\u0131\u015f s\u00fcresince belirtilen yol g\u00fczergah\u0131n\u0131 kullanacak olan s\u00fcr\u00fcc\u00fclerin kendileri ile sporcular\u0131n can ve mal g\u00fcvenli\u011fi&nbsp; a\u00e7\u0131s\u0131ndan yava\u015f ve dikkatli seyretmeleri, trafik i\u015faret ve i\u015faret\u00e7ilerine uymalar\u0131 istendi.<\/span><\/span><\/span><\/span><\/p>\n<p style=\"text-align:left\"><span style=\"font-size:16px\"><span style=\"font-family:Merriweather,serif !important\"><span style=\"color:#000000\"><span style=\"background-color:#ffffff\">Gazima\u011fusa Belediyesinden verilen bilgiye g\u00f6re, 6 Nisan Cumartesi saat 14.00\u2019te \u0130smet \u0130n\u00f6n\u00fc Bulvar\u0131\u2019nda yap\u0131lacak&nbsp; Ma\u011fusa Spor Festivali\u2019nin ard\u0131ndan, 7 Nisan Pazar g\u00fcn\u00fc maraton ko\u015fular\u0131 ba\u015flayacak.&nbsp;<\/span><\/span><\/span><\/span><\/p>\n<p style=\"text-align:left\"><span style=\"font-size:16px\"><span style=\"font-family:Merriweather,serif !important\"><span style=\"color:#000000\"><span style=\"background-color:#ffffff\">06.45\u2019te ba\u015flayacak olan 42 kilometrelik&nbsp; maratona \u0130smet \u0130n\u00f6n\u00fc Bulvar\u0131\u2019ndan start verilecek. Bu kapsamda, \u0130smet \u0130n\u00f6n\u00fc Bulvar\u0131, An\u0131t \u00e7emberi, Fevzi \u00c7akmak Bulvar\u0131, Polatpa\u015fa Bulvar\u0131, Havva \u015eent\u00fcrk Yolu, Kemal Server Caddesi, Nadir Sokak, Canbulat Sokak, Cengiz Topel Caddesi, Erdo\u011fan Acar Caddesi, Serbest Liman Yolu Sokak, E\u015fref Bitlis Caddesi, Onur Sokak, Yayla Sokak, Ba\u015fbu\u011f Sokak, Zorbalar Sokak, Manolya Sokak, \u0130smet \u0130n\u00f6n\u00fc Bulvar\u0131, DA\u00dc i\u00e7i, Salamis Yolu Do\u011fu \u015eeridi, St. Barnabas Yolu, \u00d6t\u00fcken kav\u015fa\u011f\u0131 do\u011fu \u015feridi trafik ak\u0131\u015f\u0131na kapal\u0131 olacak.<\/span><\/span><\/span><\/span><\/p>\n<p style=\"text-align:left\"><span style=\"font-size:16px\"><span style=\"font-family:Merriweather,serif !important\"><span style=\"color:#000000\"><span style=\"background-color:#ffffff\">07.10\u2019da ba\u015flayacak 10 kilometrelik maraton ko\u015fusu&nbsp; \u0130smet \u0130n\u00f6n\u00fc Bulvar\u0131\u2019ndan ba\u015flayarak \u0130smet \u0130n\u00f6n\u00fc Bulvar\u0131, An\u0131t \u00e7emberi, Fevzi \u00c7akmak Bulvar\u0131, Havva \u015eent\u00fcrk Yolu, Kemal Server Caddesi, Nadir Sokak, Canbulat Sokak, Cengiz Topel Caddesi, Erdo\u011fan Acar Caddesi, Serbest Liman Yolu Sokak, E\u015fref Bitlis Caddesi, Onur Sokak, Yayla Sokak, Ba\u015fbu\u011f Sokak, Zorbalar Sokak, Manolya Sokak, \u0130smet \u0130n\u00f6n\u00fc Bulvar\u0131, DA\u00dc \u00e7emberi ve \u0130smet \u0130n\u00f6n\u00fc Cortado g\u00fczergah\u0131 boyunca ilerleyecek.<\/span><\/span><\/span><\/span><\/p>\n<p style=\"text-align:left\"><span style=\"font-size:16px\"><span style=\"font-family:Merriweather,serif !important\"><span style=\"color:#000000\"><span style=\"background-color:#ffffff\">07.20\u2019de ba\u015flayacak 6 kilometrelik maraton ko\u015fusunda da; \u0130smet \u0130n\u00f6n\u00fc Bulvar\u0131\u2019ndan start verilerek, An\u0131t \u00e7emberi, Canbulat Sokak, Cengiz Topel Caddesi, Erdo\u011fan Acar Caddesi, Serbest Liman Yolu Sokak, E\u015fref Bitlis Caddesi, Onur Sokak, Yayla Sokak, Ba\u015fbu\u011f Sokak, Zorbalar Sokak, Manolya Sokak\u2019tan \u0130smet \u0130n\u00f6n\u00fc Bulvar\u0131\u2019na \u00e7\u0131k\u0131\u015f g\u00fczergah\u0131 kullan\u0131larak biti\u015f noktas\u0131na var\u0131lacak.<\/span><\/span><\/span><\/span><\/p>\n<p style=\"text-align:left\"><span style=\"font-size:16px\"><span style=\"font-family:Merriweather,serif !important\"><span style=\"color:#000000\"><span style=\"background-color:#ffffff\">Maraton ko\u015fular\u0131 s\u00fcresince, ula\u015f\u0131m alternatif yollardan sa\u011flanacak.<\/span><\/span><\/span><\/span><\/p>\n","protected":false},"excerpt":{"rendered":"<p>\u201cMa\u011fusa sokaklar\u0131nda adalet i\u00e7in tek y\u00fcrek oluyoruz\u201d slogan\u0131yla ger\u00e7ekle\u015ftirilecek olan maratonda, yar\u0131\u015f s\u00fcresince belirtilen yol g\u00fczergah\u0131n\u0131 kullanacak olan s\u00fcr\u00fcc\u00fclerin kendileri ile sporcular\u0131n can ve mal g\u00fcvenli\u011fi&nbsp; a\u00e7\u0131s\u0131ndan yava\u015f ve dikkatli seyretmeleri, trafik i\u015faret ve i\u015faret\u00e7ilerine uymalar\u0131 istendi. Gazima\u011fusa Belediyesinden verilen bilgiye g\u00f6re, 6 Nisan Cumartesi saat 14.00\u2019te \u0130smet \u0130n\u00f6n\u00fc Bulvar\u0131\u2019nda yap\u0131lacak&nbsp; Ma\u011fusa Spor Festivali\u2019nin ard\u0131ndan,<\/p>\n","protected":false},"author":1,"featured_media":36981,"comment_status":"open","ping_status":"open","sticky":false,"template":"","format":"standard","meta":{"footnotes":""},"categories":[85],"tags":[],"class_list":["post-36980","post","type-post","status-publish","format-standard","has-post-thumbnail","hentry","category-spor"],"yoast_head":"<!-- This site is optimized with the Yoast SEO plugin v27.5 - https:\/\/yoast.com\/product\/yoast-seo-wordpress\/ -->\n<title>D\u00f6rter Ma\u011fusa Maratonu nedeniyle pazar g\u00fcn\u00fc baz\u0131 yollar trafi\u011fe kapal\u0131 olacak -<\/title>\n<meta name=\"robots\" content=\"index, follow, max-snippet:-1, max-image-preview:large, max-video-preview:-1\" \/>\n<link rel=\"canonical\" href=\"https:\/\/kibrisdakik.com\/?p=36980\" \/>\n<meta property=\"og:locale\" content=\"tr_TR\" \/>\n<meta property=\"og:type\" content=\"article\" \/>\n<meta property=\"og:title\" content=\"D\u00f6rter Ma\u011fusa Maratonu nedeniyle pazar g\u00fcn\u00fc baz\u0131 yollar trafi\u011fe kapal\u0131 olacak -\" \/>\n<meta property=\"og:description\" content=\"\u201cMa\u011fusa sokaklar\u0131nda adalet i\u00e7in tek y\u00fcrek oluyoruz\u201d slogan\u0131yla ger\u00e7ekle\u015ftirilecek olan maratonda, yar\u0131\u015f s\u00fcresince belirtilen yol g\u00fczergah\u0131n\u0131 kullanacak olan s\u00fcr\u00fcc\u00fclerin kendileri ile sporcular\u0131n can ve mal g\u00fcvenli\u011fi&nbsp; a\u00e7\u0131s\u0131ndan yava\u015f ve dikkatli seyretmeleri, trafik i\u015faret ve i\u015faret\u00e7ilerine uymalar\u0131 istendi. Gazima\u011fusa Belediyesinden verilen bilgiye g\u00f6re, 6 Nisan Cumartesi saat 14.00\u2019te \u0130smet \u0130n\u00f6n\u00fc Bulvar\u0131\u2019nda yap\u0131lacak&nbsp; Ma\u011fusa Spor Festivali\u2019nin ard\u0131ndan,\" \/>\n<meta property=\"og:url\" content=\"https:\/\/kibrisdakik.com\/?p=36980\" \/>\n<meta property=\"article:published_time\" content=\"2024-04-04T05:15:01+00:00\" \/>\n<meta property=\"og:image\" content=\"https:\/\/kibrisdakik.com\/wp-content\/uploads\/2024\/04\/dorter-magusa-maratonu-nedeniyle-pazar-gunu-bazi-yollar-trafige-kapali-olacak-1712139604.webp.webp\" \/>\n\t<meta property=\"og:image:width\" content=\"710\" \/>\n\t<meta property=\"og:image:height\" content=\"370\" \/>\n\t<meta property=\"og:image:type\" content=\"image\/webp\" \/>\n<meta name=\"author\" content=\"admin\" \/>\n<meta name=\"twitter:card\" content=\"summary_large_image\" \/>\n<meta name=\"twitter:label1\" content=\"Yazan:\" \/>\n\t<meta name=\"twitter:data1\" content=\"admin\" \/>\n\t<meta name=\"twitter:label2\" content=\"Tahmini okuma s\u00fcresi\" \/>\n\t<meta name=\"twitter:data2\" content=\"2 dakika\" \/>\n<script type=\"application\/ld+json\" class=\"yoast-schema-graph\">{\"@context\":\"https:\\\/\\\/schema.org\",\"@graph\":[{\"@type\":\"Article\",\"@id\":\"https:\\\/\\\/kibrisdakik.com\\\/?p=36980#article\",\"isPartOf\":{\"@id\":\"https:\\\/\\\/kibrisdakik.com\\\/?p=36980\"},\"author\":{\"name\":\"admin\",\"@id\":\"https:\\\/\\\/kibrisdakik.com\\\/#\\\/schema\\\/person\\\/9cd9d437bbb44f72b73ba127e06d8e79\"},\"headline\":\"D\u00f6rter Ma\u011fusa Maratonu nedeniyle pazar g\u00fcn\u00fc baz\u0131 yollar trafi\u011fe kapal\u0131 olacak\",\"datePublished\":\"2024-04-04T05:15:01+00:00\",\"mainEntityOfPage\":{\"@id\":\"https:\\\/\\\/kibrisdakik.com\\\/?p=36980\"},\"wordCount\":353,\"commentCount\":0,\"image\":{\"@id\":\"https:\\\/\\\/kibrisdakik.com\\\/?p=36980#primaryimage\"},\"thumbnailUrl\":\"https:\\\/\\\/kibrisdakik.com\\\/wp-content\\\/uploads\\\/2024\\\/04\\\/dorter-magusa-maratonu-nedeniyle-pazar-gunu-bazi-yollar-trafige-kapali-olacak-1712139604.webp.webp\",\"articleSection\":[\"Spor\"],\"inLanguage\":\"tr\",\"potentialAction\":[{\"@type\":\"CommentAction\",\"name\":\"Comment\",\"target\":[\"https:\\\/\\\/kibrisdakik.com\\\/?p=36980#respond\"]}]},{\"@type\":\"WebPage\",\"@id\":\"https:\\\/\\\/kibrisdakik.com\\\/?p=36980\",\"url\":\"https:\\\/\\\/kibrisdakik.com\\\/?p=36980\",\"name\":\"D\u00f6rter Ma\u011fusa Maratonu nedeniyle pazar g\u00fcn\u00fc baz\u0131 yollar trafi\u011fe kapal\u0131 olacak -\",\"isPartOf\":{\"@id\":\"https:\\\/\\\/kibrisdakik.com\\\/#website\"},\"primaryImageOfPage\":{\"@id\":\"https:\\\/\\\/kibrisdakik.com\\\/?p=36980#primaryimage\"},\"image\":{\"@id\":\"https:\\\/\\\/kibrisdakik.com\\\/?p=36980#primaryimage\"},\"thumbnailUrl\":\"https:\\\/\\\/kibrisdakik.com\\\/wp-content\\\/uploads\\\/2024\\\/04\\\/dorter-magusa-maratonu-nedeniyle-pazar-gunu-bazi-yollar-trafige-kapali-olacak-1712139604.webp.webp\",\"datePublished\":\"2024-04-04T05:15:01+00:00\",\"author\":{\"@id\":\"https:\\\/\\\/kibrisdakik.com\\\/#\\\/schema\\\/person\\\/9cd9d437bbb44f72b73ba127e06d8e79\"},\"breadcrumb\":{\"@id\":\"https:\\\/\\\/kibrisdakik.com\\\/?p=36980#breadcrumb\"},\"inLanguage\":\"tr\",\"potentialAction\":[{\"@type\":\"ReadAction\",\"target\":[\"https:\\\/\\\/kibrisdakik.com\\\/?p=36980\"]}]},{\"@type\":\"ImageObject\",\"inLanguage\":\"tr\",\"@id\":\"https:\\\/\\\/kibrisdakik.com\\\/?p=36980#primaryimage\",\"url\":\"https:\\\/\\\/kibrisdakik.com\\\/wp-content\\\/uploads\\\/2024\\\/04\\\/dorter-magusa-maratonu-nedeniyle-pazar-gunu-bazi-yollar-trafige-kapali-olacak-1712139604.webp.webp\",\"contentUrl\":\"https:\\\/\\\/kibrisdakik.com\\\/wp-content\\\/uploads\\\/2024\\\/04\\\/dorter-magusa-maratonu-nedeniyle-pazar-gunu-bazi-yollar-trafige-kapali-olacak-1712139604.webp.webp\",\"width\":710,\"height\":370},{\"@type\":\"BreadcrumbList\",\"@id\":\"https:\\\/\\\/kibrisdakik.com\\\/?p=36980#breadcrumb\",\"itemListElement\":[{\"@type\":\"ListItem\",\"position\":1,\"name\":\"Home\",\"item\":\"https:\\\/\\\/kibrisdakik.com\\\/\"},{\"@type\":\"ListItem\",\"position\":2,\"name\":\"D\u00f6rter Ma\u011fusa Maratonu nedeniyle pazar g\u00fcn\u00fc baz\u0131 yollar trafi\u011fe kapal\u0131 olacak\"}]},{\"@type\":\"WebSite\",\"@id\":\"https:\\\/\\\/kibrisdakik.com\\\/#website\",\"url\":\"https:\\\/\\\/kibrisdakik.com\\\/\",\"name\":\"\",\"description\":\"Tam vaktinde haber\",\"potentialAction\":[{\"@type\":\"SearchAction\",\"target\":{\"@type\":\"EntryPoint\",\"urlTemplate\":\"https:\\\/\\\/kibrisdakik.com\\\/?s={search_term_string}\"},\"query-input\":{\"@type\":\"PropertyValueSpecification\",\"valueRequired\":true,\"valueName\":\"search_term_string\"}}],\"inLanguage\":\"tr\"},{\"@type\":\"Person\",\"@id\":\"https:\\\/\\\/kibrisdakik.com\\\/#\\\/schema\\\/person\\\/9cd9d437bbb44f72b73ba127e06d8e79\",\"name\":\"admin\",\"image\":{\"@type\":\"ImageObject\",\"inLanguage\":\"tr\",\"@id\":\"https:\\\/\\\/secure.gravatar.com\\\/avatar\\\/ccc17943b9d660506c869530f897617f7cb1c21a4bf30023f252596d83e1f007?s=96&d=mm&r=g\",\"url\":\"https:\\\/\\\/secure.gravatar.com\\\/avatar\\\/ccc17943b9d660506c869530f897617f7cb1c21a4bf30023f252596d83e1f007?s=96&d=mm&r=g\",\"contentUrl\":\"https:\\\/\\\/secure.gravatar.com\\\/avatar\\\/ccc17943b9d660506c869530f897617f7cb1c21a4bf30023f252596d83e1f007?s=96&d=mm&r=g\",\"caption\":\"admin\"},\"sameAs\":[\"https:\\\/\\\/kibrisdakik.com\"],\"url\":\"https:\\\/\\\/kibrisdakik.com\\\/?author=1\"}]}<\/script>\n<!-- \/ Yoast SEO plugin. -->","yoast_head_json":{"title":"D\u00f6rter Ma\u011fusa Maratonu nedeniyle pazar g\u00fcn\u00fc baz\u0131 yollar trafi\u011fe kapal\u0131 olacak -","robots":{"index":"index","follow":"follow","max-snippet":"max-snippet:-1","max-image-preview":"max-image-preview:large","max-video-preview":"max-video-preview:-1"},"canonical":"https:\/\/kibrisdakik.com\/?p=36980","og_locale":"tr_TR","og_type":"article","og_title":"D\u00f6rter Ma\u011fusa Maratonu nedeniyle pazar g\u00fcn\u00fc baz\u0131 yollar trafi\u011fe kapal\u0131 olacak -","og_description":"\u201cMa\u011fusa sokaklar\u0131nda adalet i\u00e7in tek y\u00fcrek oluyoruz\u201d slogan\u0131yla ger\u00e7ekle\u015ftirilecek olan maratonda, yar\u0131\u015f s\u00fcresince belirtilen yol g\u00fczergah\u0131n\u0131 kullanacak olan s\u00fcr\u00fcc\u00fclerin kendileri ile sporcular\u0131n can ve mal g\u00fcvenli\u011fi&nbsp; a\u00e7\u0131s\u0131ndan yava\u015f ve dikkatli seyretmeleri, trafik i\u015faret ve i\u015faret\u00e7ilerine uymalar\u0131 istendi. Gazima\u011fusa Belediyesinden verilen bilgiye g\u00f6re, 6 Nisan Cumartesi saat 14.00\u2019te \u0130smet \u0130n\u00f6n\u00fc Bulvar\u0131\u2019nda yap\u0131lacak&nbsp; Ma\u011fusa Spor Festivali\u2019nin ard\u0131ndan,","og_url":"https:\/\/kibrisdakik.com\/?p=36980","article_published_time":"2024-04-04T05:15:01+00:00","og_image":[{"width":710,"height":370,"url":"https:\/\/kibrisdakik.com\/wp-content\/uploads\/2024\/04\/dorter-magusa-maratonu-nedeniyle-pazar-gunu-bazi-yollar-trafige-kapali-olacak-1712139604.webp.webp","type":"image\/webp"}],"author":"admin","twitter_card":"summary_large_image","twitter_misc":{"Yazan:":"admin","Tahmini okuma s\u00fcresi":"2 dakika"},"schema":{"@context":"https:\/\/schema.org","@graph":[{"@type":"Article","@id":"https:\/\/kibrisdakik.com\/?p=36980#article","isPartOf":{"@id":"https:\/\/kibrisdakik.com\/?p=36980"},"author":{"name":"admin","@id":"https:\/\/kibrisdakik.com\/#\/schema\/person\/9cd9d437bbb44f72b73ba127e06d8e79"},"headline":"D\u00f6rter Ma\u011fusa Maratonu nedeniyle pazar g\u00fcn\u00fc baz\u0131 yollar trafi\u011fe kapal\u0131 olacak","datePublished":"2024-04-04T05:15:01+00:00","mainEntityOfPage":{"@id":"https:\/\/kibrisdakik.com\/?p=36980"},"wordCount":353,"commentCount":0,"image":{"@id":"https:\/\/kibrisdakik.com\/?p=36980#primaryimage"},"thumbnailUrl":"https:\/\/kibrisdakik.com\/wp-content\/uploads\/2024\/04\/dorter-magusa-maratonu-nedeniyle-pazar-gunu-bazi-yollar-trafige-kapali-olacak-1712139604.webp.webp","articleSection":["Spor"],"inLanguage":"tr","potentialAction":[{"@type":"CommentAction","name":"Comment","target":["https:\/\/kibrisdakik.com\/?p=36980#respond"]}]},{"@type":"WebPage","@id":"https:\/\/kibrisdakik.com\/?p=36980","url":"https:\/\/kibrisdakik.com\/?p=36980","name":"D\u00f6rter Ma\u011fusa Maratonu nedeniyle pazar g\u00fcn\u00fc baz\u0131 yollar trafi\u011fe kapal\u0131 olacak -","isPartOf":{"@id":"https:\/\/kibrisdakik.com\/#website"},"primaryImageOfPage":{"@id":"https:\/\/kibrisdakik.com\/?p=36980#primaryimage"},"image":{"@id":"https:\/\/kibrisdakik.com\/?p=36980#primaryimage"},"thumbnailUrl":"https:\/\/kibrisdakik.com\/wp-content\/uploads\/2024\/04\/dorter-magusa-maratonu-nedeniyle-pazar-gunu-bazi-yollar-trafige-kapali-olacak-1712139604.webp.webp","datePublished":"2024-04-04T05:15:01+00:00","author":{"@id":"https:\/\/kibrisdakik.com\/#\/schema\/person\/9cd9d437bbb44f72b73ba127e06d8e79"},"breadcrumb":{"@id":"https:\/\/kibrisdakik.com\/?p=36980#breadcrumb"},"inLanguage":"tr","potentialAction":[{"@type":"ReadAction","target":["https:\/\/kibrisdakik.com\/?p=36980"]}]},{"@type":"ImageObject","inLanguage":"tr","@id":"https:\/\/kibrisdakik.com\/?p=36980#primaryimage","url":"https:\/\/kibrisdakik.com\/wp-content\/uploads\/2024\/04\/dorter-magusa-maratonu-nedeniyle-pazar-gunu-bazi-yollar-trafige-kapali-olacak-1712139604.webp.webp","contentUrl":"https:\/\/kibrisdakik.com\/wp-content\/uploads\/2024\/04\/dorter-magusa-maratonu-nedeniyle-pazar-gunu-bazi-yollar-trafige-kapali-olacak-1712139604.webp.webp","width":710,"height":370},{"@type":"BreadcrumbList","@id":"https:\/\/kibrisdakik.com\/?p=36980#breadcrumb","itemListElement":[{"@type":"ListItem","position":1,"name":"Home","item":"https:\/\/kibrisdakik.com\/"},{"@type":"ListItem","position":2,"name":"D\u00f6rter Ma\u011fusa Maratonu nedeniyle pazar g\u00fcn\u00fc baz\u0131 yollar trafi\u011fe kapal\u0131 olacak"}]},{"@type":"WebSite","@id":"https:\/\/kibrisdakik.com\/#website","url":"https:\/\/kibrisdakik.com\/","name":"","description":"Tam vaktinde haber","potentialAction":[{"@type":"SearchAction","target":{"@type":"EntryPoint","urlTemplate":"https:\/\/kibrisdakik.com\/?s={search_term_string}"},"query-input":{"@type":"PropertyValueSpecification","valueRequired":true,"valueName":"search_term_string"}}],"inLanguage":"tr"},{"@type":"Person","@id":"https:\/\/kibrisdakik.com\/#\/schema\/person\/9cd9d437bbb44f72b73ba127e06d8e79","name":"admin","image":{"@type":"ImageObject","inLanguage":"tr","@id":"https:\/\/secure.gravatar.com\/avatar\/ccc17943b9d660506c869530f897617f7cb1c21a4bf30023f252596d83e1f007?s=96&d=mm&r=g","url":"https:\/\/secure.gravatar.com\/avatar\/ccc17943b9d660506c869530f897617f7cb1c21a4bf30023f252596d83e1f007?s=96&d=mm&r=g","contentUrl":"https:\/\/secure.gravatar.com\/avatar\/ccc17943b9d660506c869530f897617f7cb1c21a4bf30023f252596d83e1f007?s=96&d=mm&r=g","caption":"admin"},"sameAs":["https:\/\/kibrisdakik.com"],"url":"https:\/\/kibrisdakik.com\/?author=1"}]}},"_links":{"self":[{"href":"https:\/\/kibrisdakik.com\/index.php?rest_route=\/wp\/v2\/posts\/36980","targetHints":{"allow":["GET"]}}],"collection":[{"href":"https:\/\/kibrisdakik.com\/index.php?rest_route=\/wp\/v2\/posts"}],"about":[{"href":"https:\/\/kibrisdakik.com\/index.php?rest_route=\/wp\/v2\/types\/post"}],"author":[{"embeddable":true,"href":"https:\/\/kibrisdakik.com\/index.php?rest_route=\/wp\/v2\/users\/1"}],"replies":[{"embeddable":true,"href":"https:\/\/kibrisdakik.com\/index.php?rest_route=%2Fwp%2Fv2%2Fcomments&post=36980"}],"version-history":[{"count":0,"href":"https:\/\/kibrisdakik.com\/index.php?rest_route=\/wp\/v2\/posts\/36980\/revisions"}],"wp:featuredmedia":[{"embeddable":true,"href":"https:\/\/kibrisdakik.com\/index.php?rest_route=\/wp\/v2\/media\/36981"}],"wp:attachment":[{"href":"https:\/\/kibrisdakik.com\/index.php?rest_route=%2Fwp%2Fv2%2Fmedia&parent=36980"}],"wp:term":[{"taxonomy":"category","embeddable":true,"href":"https:\/\/kibrisdakik.com\/index.php?rest_route=%2Fwp%2Fv2%2Fcategories&post=36980"},{"taxonomy":"post_tag","embeddable":true,"href":"https:\/\/kibrisdakik.com\/index.php?rest_route=%2Fwp%2Fv2%2Ftags&post=36980"}],"curies":[{"name":"wp","href":"https:\/\/api.w.org\/{rel}","templated":true}]}}