{"id":37022,"date":"2024-04-04T12:11:00","date_gmt":"2024-04-04T12:11:00","guid":{"rendered":"https:\/\/kibrisdakik.com\/index.php\/2024\/04\/04\/ctp-kurucu-genel-baskani-ahmet-mithat-berberoglu-22nci-olum-yil-donumunde-anildi\/"},"modified":"2024-04-04T12:11:00","modified_gmt":"2024-04-04T12:11:00","slug":"ctp-kurucu-genel-baskani-ahmet-mithat-berberoglu-22nci-olum-yil-donumunde-anildi","status":"publish","type":"post","link":"https:\/\/kibrisdakik.com\/?p=37022","title":{"rendered":"CTP Kurucu Genel Ba\u015fkan\u0131 Ahmet Mithat Berbero\u011flu, 22\u2019nci \u00f6l\u00fcm y\u0131l d\u00f6n\u00fcm\u00fcnde an\u0131ld\u0131"},"content":{"rendered":"<p><img decoding=\"async\" src=\"https:\/\/www.kibristurk.com\/images\/haberler\/2024\/04\/ctp-kurucu-genel-baskani-ahmet-mithat-berberoglu-22nci-olum-yil-donumunde-anildi-1712232806.webp\" \/><\/p>\n<p style=\"text-align:left\"><span style=\"font-size:16px\"><span style=\"font-family:Merriweather,serif !important\"><span style=\"color:#000000\"><span style=\"background-color:#ffffff\">CTP Bas\u0131n B\u00fcrosundan verilen bilgiye g\u00f6re, anma t\u00f6renine CTP Genel Ba\u015fkan\u0131 Tufan Erh\u00fcrman, CTP Girne \u0130l\u00e7e Ba\u015fkan\u0131 ve Milletvekili Ongun Talat, milletvekilleri Erkut \u015eahali, Ceyhun Birinci, Sami \u00d6zuslu, Girne Belediye Ba\u015fkan\u0131 Murat \u015eenkul ve Ahmet Mithat Berbero\u011flu\u2019nun ailesi kat\u0131ld\u0131.<\/span><\/span><\/span><\/span><\/p>\n<p style=\"text-align:left\">&nbsp;<\/p>\n<p style=\"text-align:left\"><span style=\"font-size:16px\"><span style=\"font-family:Merriweather,serif !important\"><span style=\"color:#000000\"><span style=\"background-color:#ffffff\">Anma s\u0131ras\u0131nda konu\u015fan CTP Genel Ba\u015fkan\u0131 Tufan Erh\u00fcrman, Ahmet Mithat Berbero\u011flu ve arkada\u015flar\u0131n\u0131 and\u0131 ve \u201cD\u00fc\u015f\u00fcnceleri bunca y\u0131ld\u0131r partimize y\u00f6n vermeye devam ediyor\u201d ifadelerini kulland\u0131.<\/span><\/span><\/span><\/span><\/p>\n<p style=\"text-align:left\"><span style=\"font-size:16px\"><span style=\"font-family:Merriweather,serif !important\"><span style=\"color:#000000\"><span style=\"background-color:#ffffff\">CTP Girne \u0130l\u00e7e Ba\u015fkan\u0131 ve Milletvekili Ongun Talat ise yapt\u0131\u011f\u0131 konu\u015fmada, Ahmet Mithat Berbero\u011flu\u2019nun &#8220;m\u00fccadelenin ve cesaretin sembol\u00fc&#8221; oldu\u011funa dikkat \u00e7ekti.<\/span><\/span><\/span><\/span><\/p>\n<p style=\"text-align:left\">&nbsp;<\/p>\n<p style=\"text-align:left\"><span style=\"font-size:16px\"><span style=\"font-family:Merriweather,serif !important\"><span style=\"color:#000000\"><span style=\"background-color:#ffffff\">Erh\u00fcrman: \u201cHi\u00e7bir zaman unutmayaca\u011f\u0131z\u201d<\/span><\/span><\/span><\/span><\/p>\n<p style=\"text-align:left\">&nbsp;<\/p>\n<p style=\"text-align:left\"><span style=\"font-size:16px\"><span style=\"font-family:Merriweather,serif !important\"><span style=\"color:#000000\"><span style=\"background-color:#ffffff\">Anma t\u00f6reninde konu\u015fan CTP Genel Ba\u015fkan\u0131 Tufan Erh\u00fcrman, Ahmet Mithat Berbero\u011flu\u2019nun CTP i\u00e7in \u00e7ok \u00f6zel bir isim oldu\u011funa vurgu yapt\u0131. Berbero\u011flu\u2019nun, CTP\u2019nin birinci genel ba\u015fkan\u0131 ve kurucu genel ba\u015fkan\u0131 oldu\u011funu an\u0131msatan Erh\u00fcrman, Berbero\u011flu\u2019nun, arkada\u015flar\u0131yla birlikte, \u00e7ok zor ko\u015fullarda bir partinin \u00f6rg\u00fctlenmesi \u00e7abas\u0131 i\u00e7erisine girdi\u011fine dikkat \u00e7ekti. Berbero\u011flu\u2019nun \u00e7ok a\u011f\u0131r bedeller \u00f6dedi\u011finin alt\u0131n\u0131 \u00e7izen Erh\u00fcrman, \u201cOnun d\u00fc\u015f\u00fcnceleri bunca y\u0131ld\u0131r partimize y\u00f6n vermeye devam ediyor\u201d dedi.<\/span><\/span><\/span><\/span><\/p>\n<p style=\"text-align:left\"><span style=\"font-size:16px\"><span style=\"font-family:Merriweather,serif !important\"><span style=\"color:#000000\"><span style=\"background-color:#ffffff\">\u201cBug\u00fcn biz 1970\u2019te kurulan bir partiye, kurumsal haf\u0131zaya, m\u00fccadele gelene\u011fine sahipsek, elbette bunda Ahmet Mithat Berbero\u011flu\u2019nun ve arkada\u015flar\u0131n\u0131n katk\u0131s\u0131 \u00e7ok b\u00fcy\u00fckt\u00fcr\u201d diye konu\u015fan Erh\u00fcrman, anmalar\u0131n da art\u0131k \u00e7ok geni\u015f alanlara yay\u0131lmas\u0131 gerekti\u011fini belirtti.<\/span><\/span><\/span><\/span><\/p>\n<p style=\"text-align:left\"><span style=\"font-size:16px\"><span style=\"font-family:Merriweather,serif !important\"><span style=\"color:#000000\"><span style=\"background-color:#ffffff\">Tufan Erh\u00fcrman, \u201cBerbero\u011flu\u2019nu hi\u00e7bir zaman unutmayaca\u011f\u0131z. Sevgi, sayg\u0131 ve \u00f6zlemle an\u0131s\u0131 \u00f6n\u00fcnde e\u011filiyorum\u201d diye ekledi.<\/span><\/span><\/span><\/span><\/p>\n<p style=\"text-align:left\">&nbsp;<\/p>\n<p style=\"text-align:left\"><span style=\"font-size:16px\"><span style=\"font-family:Merriweather,serif !important\"><span style=\"color:#000000\"><span style=\"background-color:#ffffff\">-Talat: \u201cM\u00fccadelenin ve cesaretin sembol\u00fcyd\u00fc\u201d<\/span><\/span><\/span><\/span><\/p>\n<p style=\"text-align:left\"><span style=\"font-size:16px\"><span style=\"font-family:Merriweather,serif !important\"><span style=\"color:#000000\"><span style=\"background-color:#ffffff\">Anma s\u0131ras\u0131nda konu\u015fma yapan CTP Girne \u0130l\u00e7e Ba\u015fkan\u0131 ve milletvekili Ongun Talat, Ahmet Mithat Berbero\u011flu\u2019nu hi\u00e7 tan\u0131ma f\u0131rsat\u0131 bulamad\u0131\u011f\u0131n\u0131 s\u00f6yledi. Partide b\u00fcy\u00fcklerinden, Berbero\u011flu\u2019nu \u00e7ok dinlediklerini kaydeden Talat, \u201cBizim i\u00e7in kendisi, her \u015feyden \u00f6nce cesaretin sembol\u00fc oldu\u201d diye konu\u015ftu.<\/span><\/span><\/span><\/span><\/p>\n<p style=\"text-align:left\">&nbsp;<\/p>\n<p style=\"text-align:left\"><span style=\"font-size:16px\"><span style=\"font-family:Merriweather,serif !important\"><span style=\"color:#000000\"><span style=\"background-color:#ffffff\">Ongun Talat, \u201cBey fa\u015fizmi g\u00fcnlerinde, \u00f6rg\u00fctlenmenin \u00e7ok zor oldu\u011fu, demokrasi tan\u0131m\u0131n\u0131n olmad\u0131\u011f\u0131 g\u00fcnlerde, bu partiyi kurdu ve memleketin ayd\u0131nl\u0131k y\u00fcz\u00fcn\u00fcn temsilcisi oldu\u201d ifadelerini kulland\u0131. Ahmet Mithat Berbero\u011flu\u2019nun di\u011fer bir \u00f6zelli\u011finin de gen\u00e7lerin \u00f6n\u00fcn\u00fc a\u00e7mas\u0131 oldu\u011funa dikkat \u00e7eken Talat, \u201cBu son derece \u00f6\u011fretici bir \u00f6zelliktir. M\u00fccadelenin ve cesaretin sembol\u00fc olarak an\u0131s\u0131n\u0131n \u00f6n\u00fcnde sayg\u0131yla e\u011filiyorum\u201d diye konu\u015ftu.<\/span><\/span><\/span><\/span><\/p>\n","protected":false},"excerpt":{"rendered":"<p>CTP Bas\u0131n B\u00fcrosundan verilen bilgiye g\u00f6re, anma t\u00f6renine CTP Genel Ba\u015fkan\u0131 Tufan Erh\u00fcrman, CTP Girne \u0130l\u00e7e Ba\u015fkan\u0131 ve Milletvekili Ongun Talat, milletvekilleri Erkut \u015eahali, Ceyhun Birinci, Sami \u00d6zuslu, Girne Belediye Ba\u015fkan\u0131 Murat \u015eenkul ve Ahmet Mithat Berbero\u011flu\u2019nun ailesi kat\u0131ld\u0131. &nbsp; Anma s\u0131ras\u0131nda konu\u015fan CTP Genel Ba\u015fkan\u0131 Tufan Erh\u00fcrman, Ahmet Mithat Berbero\u011flu ve arkada\u015flar\u0131n\u0131 and\u0131 ve<\/p>\n","protected":false},"author":1,"featured_media":37023,"comment_status":"open","ping_status":"open","sticky":false,"template":"","format":"standard","meta":{"footnotes":""},"categories":[1],"tags":[],"class_list":["post-37022","post","type-post","status-publish","format-standard","has-post-thumbnail","hentry","category-gundem"],"yoast_head":"<!-- This site is optimized with the Yoast SEO plugin v27.4 - https:\/\/yoast.com\/product\/yoast-seo-wordpress\/ -->\n<title>CTP Kurucu Genel Ba\u015fkan\u0131 Ahmet Mithat Berbero\u011flu, 22\u2019nci \u00f6l\u00fcm y\u0131l d\u00f6n\u00fcm\u00fcnde an\u0131ld\u0131 -<\/title>\n<meta name=\"robots\" content=\"index, follow, max-snippet:-1, max-image-preview:large, max-video-preview:-1\" \/>\n<link rel=\"canonical\" href=\"https:\/\/kibrisdakik.com\/?p=37022\" \/>\n<meta property=\"og:locale\" content=\"tr_TR\" \/>\n<meta property=\"og:type\" content=\"article\" \/>\n<meta property=\"og:title\" content=\"CTP Kurucu Genel Ba\u015fkan\u0131 Ahmet Mithat Berbero\u011flu, 22\u2019nci \u00f6l\u00fcm y\u0131l d\u00f6n\u00fcm\u00fcnde an\u0131ld\u0131 -\" \/>\n<meta property=\"og:description\" content=\"CTP Bas\u0131n B\u00fcrosundan verilen bilgiye g\u00f6re, anma t\u00f6renine CTP Genel Ba\u015fkan\u0131 Tufan Erh\u00fcrman, CTP Girne \u0130l\u00e7e Ba\u015fkan\u0131 ve Milletvekili Ongun Talat, milletvekilleri Erkut \u015eahali, Ceyhun Birinci, Sami \u00d6zuslu, Girne Belediye Ba\u015fkan\u0131 Murat \u015eenkul ve Ahmet Mithat Berbero\u011flu\u2019nun ailesi kat\u0131ld\u0131. &nbsp; Anma s\u0131ras\u0131nda konu\u015fan CTP Genel Ba\u015fkan\u0131 Tufan Erh\u00fcrman, Ahmet Mithat Berbero\u011flu ve arkada\u015flar\u0131n\u0131 and\u0131 ve\" \/>\n<meta property=\"og:url\" content=\"https:\/\/kibrisdakik.com\/?p=37022\" \/>\n<meta property=\"article:published_time\" content=\"2024-04-04T12:11:00+00:00\" \/>\n<meta property=\"og:image\" content=\"https:\/\/kibrisdakik.com\/wp-content\/uploads\/2024\/04\/ctp-kurucu-genel-baskani-ahmet-mithat-berberoglu-22nci-olum-yil-donumunde-anildi-1712232806.webp.webp\" \/>\n\t<meta property=\"og:image:width\" content=\"710\" \/>\n\t<meta property=\"og:image:height\" content=\"370\" \/>\n\t<meta property=\"og:image:type\" content=\"image\/webp\" \/>\n<meta name=\"author\" content=\"admin\" \/>\n<meta name=\"twitter:card\" content=\"summary_large_image\" \/>\n<meta name=\"twitter:label1\" content=\"Yazan:\" \/>\n\t<meta name=\"twitter:data1\" content=\"admin\" \/>\n\t<meta name=\"twitter:label2\" content=\"Tahmini okuma s\u00fcresi\" \/>\n\t<meta name=\"twitter:data2\" content=\"2 dakika\" \/>\n<script type=\"application\/ld+json\" class=\"yoast-schema-graph\">{\"@context\":\"https:\\\/\\\/schema.org\",\"@graph\":[{\"@type\":\"Article\",\"@id\":\"https:\\\/\\\/kibrisdakik.com\\\/?p=37022#article\",\"isPartOf\":{\"@id\":\"https:\\\/\\\/kibrisdakik.com\\\/?p=37022\"},\"author\":{\"name\":\"admin\",\"@id\":\"https:\\\/\\\/kibrisdakik.com\\\/#\\\/schema\\\/person\\\/9cd9d437bbb44f72b73ba127e06d8e79\"},\"headline\":\"CTP Kurucu Genel Ba\u015fkan\u0131 Ahmet Mithat Berbero\u011flu, 22\u2019nci \u00f6l\u00fcm y\u0131l d\u00f6n\u00fcm\u00fcnde an\u0131ld\u0131\",\"datePublished\":\"2024-04-04T12:11:00+00:00\",\"mainEntityOfPage\":{\"@id\":\"https:\\\/\\\/kibrisdakik.com\\\/?p=37022\"},\"wordCount\":467,\"commentCount\":0,\"image\":{\"@id\":\"https:\\\/\\\/kibrisdakik.com\\\/?p=37022#primaryimage\"},\"thumbnailUrl\":\"https:\\\/\\\/kibrisdakik.com\\\/wp-content\\\/uploads\\\/2024\\\/04\\\/ctp-kurucu-genel-baskani-ahmet-mithat-berberoglu-22nci-olum-yil-donumunde-anildi-1712232806.webp.webp\",\"articleSection\":[\"G\u00fcndem\"],\"inLanguage\":\"tr\",\"potentialAction\":[{\"@type\":\"CommentAction\",\"name\":\"Comment\",\"target\":[\"https:\\\/\\\/kibrisdakik.com\\\/?p=37022#respond\"]}]},{\"@type\":\"WebPage\",\"@id\":\"https:\\\/\\\/kibrisdakik.com\\\/?p=37022\",\"url\":\"https:\\\/\\\/kibrisdakik.com\\\/?p=37022\",\"name\":\"CTP Kurucu Genel Ba\u015fkan\u0131 Ahmet Mithat Berbero\u011flu, 22\u2019nci \u00f6l\u00fcm y\u0131l d\u00f6n\u00fcm\u00fcnde an\u0131ld\u0131 -\",\"isPartOf\":{\"@id\":\"https:\\\/\\\/kibrisdakik.com\\\/#website\"},\"primaryImageOfPage\":{\"@id\":\"https:\\\/\\\/kibrisdakik.com\\\/?p=37022#primaryimage\"},\"image\":{\"@id\":\"https:\\\/\\\/kibrisdakik.com\\\/?p=37022#primaryimage\"},\"thumbnailUrl\":\"https:\\\/\\\/kibrisdakik.com\\\/wp-content\\\/uploads\\\/2024\\\/04\\\/ctp-kurucu-genel-baskani-ahmet-mithat-berberoglu-22nci-olum-yil-donumunde-anildi-1712232806.webp.webp\",\"datePublished\":\"2024-04-04T12:11:00+00:00\",\"author\":{\"@id\":\"https:\\\/\\\/kibrisdakik.com\\\/#\\\/schema\\\/person\\\/9cd9d437bbb44f72b73ba127e06d8e79\"},\"breadcrumb\":{\"@id\":\"https:\\\/\\\/kibrisdakik.com\\\/?p=37022#breadcrumb\"},\"inLanguage\":\"tr\",\"potentialAction\":[{\"@type\":\"ReadAction\",\"target\":[\"https:\\\/\\\/kibrisdakik.com\\\/?p=37022\"]}]},{\"@type\":\"ImageObject\",\"inLanguage\":\"tr\",\"@id\":\"https:\\\/\\\/kibrisdakik.com\\\/?p=37022#primaryimage\",\"url\":\"https:\\\/\\\/kibrisdakik.com\\\/wp-content\\\/uploads\\\/2024\\\/04\\\/ctp-kurucu-genel-baskani-ahmet-mithat-berberoglu-22nci-olum-yil-donumunde-anildi-1712232806.webp.webp\",\"contentUrl\":\"https:\\\/\\\/kibrisdakik.com\\\/wp-content\\\/uploads\\\/2024\\\/04\\\/ctp-kurucu-genel-baskani-ahmet-mithat-berberoglu-22nci-olum-yil-donumunde-anildi-1712232806.webp.webp\",\"width\":710,\"height\":370},{\"@type\":\"BreadcrumbList\",\"@id\":\"https:\\\/\\\/kibrisdakik.com\\\/?p=37022#breadcrumb\",\"itemListElement\":[{\"@type\":\"ListItem\",\"position\":1,\"name\":\"Home\",\"item\":\"https:\\\/\\\/kibrisdakik.com\\\/\"},{\"@type\":\"ListItem\",\"position\":2,\"name\":\"CTP Kurucu Genel Ba\u015fkan\u0131 Ahmet Mithat Berbero\u011flu, 22\u2019nci \u00f6l\u00fcm y\u0131l d\u00f6n\u00fcm\u00fcnde an\u0131ld\u0131\"}]},{\"@type\":\"WebSite\",\"@id\":\"https:\\\/\\\/kibrisdakik.com\\\/#website\",\"url\":\"https:\\\/\\\/kibrisdakik.com\\\/\",\"name\":\"\",\"description\":\"Tam vaktinde haber\",\"potentialAction\":[{\"@type\":\"SearchAction\",\"target\":{\"@type\":\"EntryPoint\",\"urlTemplate\":\"https:\\\/\\\/kibrisdakik.com\\\/?s={search_term_string}\"},\"query-input\":{\"@type\":\"PropertyValueSpecification\",\"valueRequired\":true,\"valueName\":\"search_term_string\"}}],\"inLanguage\":\"tr\"},{\"@type\":\"Person\",\"@id\":\"https:\\\/\\\/kibrisdakik.com\\\/#\\\/schema\\\/person\\\/9cd9d437bbb44f72b73ba127e06d8e79\",\"name\":\"admin\",\"image\":{\"@type\":\"ImageObject\",\"inLanguage\":\"tr\",\"@id\":\"https:\\\/\\\/secure.gravatar.com\\\/avatar\\\/ccc17943b9d660506c869530f897617f7cb1c21a4bf30023f252596d83e1f007?s=96&d=mm&r=g\",\"url\":\"https:\\\/\\\/secure.gravatar.com\\\/avatar\\\/ccc17943b9d660506c869530f897617f7cb1c21a4bf30023f252596d83e1f007?s=96&d=mm&r=g\",\"contentUrl\":\"https:\\\/\\\/secure.gravatar.com\\\/avatar\\\/ccc17943b9d660506c869530f897617f7cb1c21a4bf30023f252596d83e1f007?s=96&d=mm&r=g\",\"caption\":\"admin\"},\"sameAs\":[\"https:\\\/\\\/kibrisdakik.com\"],\"url\":\"https:\\\/\\\/kibrisdakik.com\\\/?author=1\"}]}<\/script>\n<!-- \/ Yoast SEO plugin. -->","yoast_head_json":{"title":"CTP Kurucu Genel Ba\u015fkan\u0131 Ahmet Mithat Berbero\u011flu, 22\u2019nci \u00f6l\u00fcm y\u0131l d\u00f6n\u00fcm\u00fcnde an\u0131ld\u0131 -","robots":{"index":"index","follow":"follow","max-snippet":"max-snippet:-1","max-image-preview":"max-image-preview:large","max-video-preview":"max-video-preview:-1"},"canonical":"https:\/\/kibrisdakik.com\/?p=37022","og_locale":"tr_TR","og_type":"article","og_title":"CTP Kurucu Genel Ba\u015fkan\u0131 Ahmet Mithat Berbero\u011flu, 22\u2019nci \u00f6l\u00fcm y\u0131l d\u00f6n\u00fcm\u00fcnde an\u0131ld\u0131 -","og_description":"CTP Bas\u0131n B\u00fcrosundan verilen bilgiye g\u00f6re, anma t\u00f6renine CTP Genel Ba\u015fkan\u0131 Tufan Erh\u00fcrman, CTP Girne \u0130l\u00e7e Ba\u015fkan\u0131 ve Milletvekili Ongun Talat, milletvekilleri Erkut \u015eahali, Ceyhun Birinci, Sami \u00d6zuslu, Girne Belediye Ba\u015fkan\u0131 Murat \u015eenkul ve Ahmet Mithat Berbero\u011flu\u2019nun ailesi kat\u0131ld\u0131. &nbsp; Anma s\u0131ras\u0131nda konu\u015fan CTP Genel Ba\u015fkan\u0131 Tufan Erh\u00fcrman, Ahmet Mithat Berbero\u011flu ve arkada\u015flar\u0131n\u0131 and\u0131 ve","og_url":"https:\/\/kibrisdakik.com\/?p=37022","article_published_time":"2024-04-04T12:11:00+00:00","og_image":[{"width":710,"height":370,"url":"https:\/\/kibrisdakik.com\/wp-content\/uploads\/2024\/04\/ctp-kurucu-genel-baskani-ahmet-mithat-berberoglu-22nci-olum-yil-donumunde-anildi-1712232806.webp.webp","type":"image\/webp"}],"author":"admin","twitter_card":"summary_large_image","twitter_misc":{"Yazan:":"admin","Tahmini okuma s\u00fcresi":"2 dakika"},"schema":{"@context":"https:\/\/schema.org","@graph":[{"@type":"Article","@id":"https:\/\/kibrisdakik.com\/?p=37022#article","isPartOf":{"@id":"https:\/\/kibrisdakik.com\/?p=37022"},"author":{"name":"admin","@id":"https:\/\/kibrisdakik.com\/#\/schema\/person\/9cd9d437bbb44f72b73ba127e06d8e79"},"headline":"CTP Kurucu Genel Ba\u015fkan\u0131 Ahmet Mithat Berbero\u011flu, 22\u2019nci \u00f6l\u00fcm y\u0131l d\u00f6n\u00fcm\u00fcnde an\u0131ld\u0131","datePublished":"2024-04-04T12:11:00+00:00","mainEntityOfPage":{"@id":"https:\/\/kibrisdakik.com\/?p=37022"},"wordCount":467,"commentCount":0,"image":{"@id":"https:\/\/kibrisdakik.com\/?p=37022#primaryimage"},"thumbnailUrl":"https:\/\/kibrisdakik.com\/wp-content\/uploads\/2024\/04\/ctp-kurucu-genel-baskani-ahmet-mithat-berberoglu-22nci-olum-yil-donumunde-anildi-1712232806.webp.webp","articleSection":["G\u00fcndem"],"inLanguage":"tr","potentialAction":[{"@type":"CommentAction","name":"Comment","target":["https:\/\/kibrisdakik.com\/?p=37022#respond"]}]},{"@type":"WebPage","@id":"https:\/\/kibrisdakik.com\/?p=37022","url":"https:\/\/kibrisdakik.com\/?p=37022","name":"CTP Kurucu Genel Ba\u015fkan\u0131 Ahmet Mithat Berbero\u011flu, 22\u2019nci \u00f6l\u00fcm y\u0131l d\u00f6n\u00fcm\u00fcnde an\u0131ld\u0131 -","isPartOf":{"@id":"https:\/\/kibrisdakik.com\/#website"},"primaryImageOfPage":{"@id":"https:\/\/kibrisdakik.com\/?p=37022#primaryimage"},"image":{"@id":"https:\/\/kibrisdakik.com\/?p=37022#primaryimage"},"thumbnailUrl":"https:\/\/kibrisdakik.com\/wp-content\/uploads\/2024\/04\/ctp-kurucu-genel-baskani-ahmet-mithat-berberoglu-22nci-olum-yil-donumunde-anildi-1712232806.webp.webp","datePublished":"2024-04-04T12:11:00+00:00","author":{"@id":"https:\/\/kibrisdakik.com\/#\/schema\/person\/9cd9d437bbb44f72b73ba127e06d8e79"},"breadcrumb":{"@id":"https:\/\/kibrisdakik.com\/?p=37022#breadcrumb"},"inLanguage":"tr","potentialAction":[{"@type":"ReadAction","target":["https:\/\/kibrisdakik.com\/?p=37022"]}]},{"@type":"ImageObject","inLanguage":"tr","@id":"https:\/\/kibrisdakik.com\/?p=37022#primaryimage","url":"https:\/\/kibrisdakik.com\/wp-content\/uploads\/2024\/04\/ctp-kurucu-genel-baskani-ahmet-mithat-berberoglu-22nci-olum-yil-donumunde-anildi-1712232806.webp.webp","contentUrl":"https:\/\/kibrisdakik.com\/wp-content\/uploads\/2024\/04\/ctp-kurucu-genel-baskani-ahmet-mithat-berberoglu-22nci-olum-yil-donumunde-anildi-1712232806.webp.webp","width":710,"height":370},{"@type":"BreadcrumbList","@id":"https:\/\/kibrisdakik.com\/?p=37022#breadcrumb","itemListElement":[{"@type":"ListItem","position":1,"name":"Home","item":"https:\/\/kibrisdakik.com\/"},{"@type":"ListItem","position":2,"name":"CTP Kurucu Genel Ba\u015fkan\u0131 Ahmet Mithat Berbero\u011flu, 22\u2019nci \u00f6l\u00fcm y\u0131l d\u00f6n\u00fcm\u00fcnde an\u0131ld\u0131"}]},{"@type":"WebSite","@id":"https:\/\/kibrisdakik.com\/#website","url":"https:\/\/kibrisdakik.com\/","name":"","description":"Tam vaktinde haber","potentialAction":[{"@type":"SearchAction","target":{"@type":"EntryPoint","urlTemplate":"https:\/\/kibrisdakik.com\/?s={search_term_string}"},"query-input":{"@type":"PropertyValueSpecification","valueRequired":true,"valueName":"search_term_string"}}],"inLanguage":"tr"},{"@type":"Person","@id":"https:\/\/kibrisdakik.com\/#\/schema\/person\/9cd9d437bbb44f72b73ba127e06d8e79","name":"admin","image":{"@type":"ImageObject","inLanguage":"tr","@id":"https:\/\/secure.gravatar.com\/avatar\/ccc17943b9d660506c869530f897617f7cb1c21a4bf30023f252596d83e1f007?s=96&d=mm&r=g","url":"https:\/\/secure.gravatar.com\/avatar\/ccc17943b9d660506c869530f897617f7cb1c21a4bf30023f252596d83e1f007?s=96&d=mm&r=g","contentUrl":"https:\/\/secure.gravatar.com\/avatar\/ccc17943b9d660506c869530f897617f7cb1c21a4bf30023f252596d83e1f007?s=96&d=mm&r=g","caption":"admin"},"sameAs":["https:\/\/kibrisdakik.com"],"url":"https:\/\/kibrisdakik.com\/?author=1"}]}},"_links":{"self":[{"href":"https:\/\/kibrisdakik.com\/index.php?rest_route=\/wp\/v2\/posts\/37022","targetHints":{"allow":["GET"]}}],"collection":[{"href":"https:\/\/kibrisdakik.com\/index.php?rest_route=\/wp\/v2\/posts"}],"about":[{"href":"https:\/\/kibrisdakik.com\/index.php?rest_route=\/wp\/v2\/types\/post"}],"author":[{"embeddable":true,"href":"https:\/\/kibrisdakik.com\/index.php?rest_route=\/wp\/v2\/users\/1"}],"replies":[{"embeddable":true,"href":"https:\/\/kibrisdakik.com\/index.php?rest_route=%2Fwp%2Fv2%2Fcomments&post=37022"}],"version-history":[{"count":0,"href":"https:\/\/kibrisdakik.com\/index.php?rest_route=\/wp\/v2\/posts\/37022\/revisions"}],"wp:featuredmedia":[{"embeddable":true,"href":"https:\/\/kibrisdakik.com\/index.php?rest_route=\/wp\/v2\/media\/37023"}],"wp:attachment":[{"href":"https:\/\/kibrisdakik.com\/index.php?rest_route=%2Fwp%2Fv2%2Fmedia&parent=37022"}],"wp:term":[{"taxonomy":"category","embeddable":true,"href":"https:\/\/kibrisdakik.com\/index.php?rest_route=%2Fwp%2Fv2%2Fcategories&post=37022"},{"taxonomy":"post_tag","embeddable":true,"href":"https:\/\/kibrisdakik.com\/index.php?rest_route=%2Fwp%2Fv2%2Ftags&post=37022"}],"curies":[{"name":"wp","href":"https:\/\/api.w.org\/{rel}","templated":true}]}}