{"id":37035,"date":"2024-04-04T14:20:25","date_gmt":"2024-04-04T14:20:25","guid":{"rendered":"https:\/\/kibrisdakik.com\/index.php\/2024\/04\/04\/ariklibizi-bolmek-isteyenlere-karsi-zaroglu-ile-onemli-bir-adim-attik\/"},"modified":"2024-04-04T14:20:25","modified_gmt":"2024-04-04T14:20:25","slug":"ariklibizi-bolmek-isteyenlere-karsi-zaroglu-ile-onemli-bir-adim-attik","status":"publish","type":"post","link":"https:\/\/kibrisdakik.com\/?p=37035","title":{"rendered":"Ar\u0131kl\u0131:Bizi b\u00f6lmek isteyenlere kar\u015f\u0131 Zaro\u011flu ile \u00f6nemli bir ad\u0131m att\u0131k"},"content":{"rendered":"<p><\/p>\n<div>\n<div class=\"mariselle-image-container center\">\n                <img loading=\"lazy\" decoding=\"async\" width=\"768\" height=\"377\" class=\"lazy-image\" alt=\"\" sizes=\"auto, (max-width: 768px) 100vw, 768px\" src=\"https:\/\/brtk.net\/wp-content\/uploads\/2024\/04\/04\/qwouwqo7.jpg?ver=c43cbc49ee2cd0866669fc82b42162a4\" srcset=\"https:\/\/brtk.net\/wp-content\/uploads\/2024\/04\/04\/qwouwqo7.jpg?ver=c43cbc49ee2cd0866669fc82b42162a4 768w, https:\/\/brtk.net\/wp-content\/uploads\/2024\/04\/04\/qwouwqo7-300x147.jpg?ver=c43cbc49ee2cd0866669fc82b42162a4 300w\"\/>                            <\/div>\n<p>Yeniden Do\u011fu\u015f Partisi Genel Ba\u015fkan\u0131, Bay\u0131nd\u0131rl\u0131k ve Ula\u015ft\u0131rma Bakan\u0131 Erhan Ar\u0131kl\u0131 <a href=\"https:\/\/brtk.net\/\">BRT<\/a>\u2019de Levent Kutay\u2019\u0131n sorular\u0131n\u0131 yan\u0131tlad\u0131\u2026<br \/>Trafik kazalar\u0131n\u0131 dikkate alarak cezalar\u0131 art\u0131rmak istediklerini belirten Ar\u0131kl\u0131, b\u00fcy\u00fck ceza i\u00e7eren tasar\u0131ya Pazartesi G\u00fcn\u00fc ivedilik almay\u0131 hedeflediklerini s\u00f6yledi\u2026 <\/p>\n<p>Ar\u0131kl\u0131, \u201cTrafik magandalar\u0131na dur diyecek ad\u0131mlar\u0131 atmaya devam edece\u011fiz\u201d dedi.<\/p>\n<p>Milletin Partisi ile birle\u015fme s\u00fcrecini de\u011ferlendiren Ar\u0131kl\u0131, \u201cBunu burada ilk kez a\u00e7\u0131kl\u0131yorum. Bizi b\u00f6lmeye, YDP\u2019yi b\u00f6l\u00fcp, \u00fcyelerimizi ba\u015fka yerlere savurmaya \u00e7al\u0131\u015fanlara kar\u015f\u0131 \u00e7ok \u00f6nemli bir ad\u0131m att\u0131k. Bertan karde\u015fimle ki\u015fisel kavgam\u0131z\u0131 geride b\u0131rakt\u0131k. B\u00fcy\u00fck bir birle\u015fmeye gitmek i\u00e7in kollar\u0131 s\u0131vad\u0131k. Eskiden yapt\u0131klar\u0131 gibi, Yeni Do\u011fu\u015f Partisi gibi bizleri b\u00f6lemeyecekler. Bu kez izin vermedik\u201d dedi.<\/p>\n<p>Milletin Partisi \u00fcyelerinin YDP Kurultay\u0131\u2019nda oy kullanmayacaklar\u0131n\u0131 belirten Ar\u0131kl\u0131, \u201cBirle\u015fme sonras\u0131 Bertan Zaro\u011flu parti i\u00e7inde \u00f6nemli g\u00f6revler \u00fcstlenecek. YDP \u00e7at\u0131s\u0131 alt\u0131nda bir birle\u015fme olacak. Bu birle\u015fme g\u00fc\u00e7lerin birle\u015fmesidir. Kurultay ile alakas\u0131 yok. Bizi kurultaydaki zaferimizi g\u00f6lgelemek istemiyoruz\u201d diye konu\u015ftu.    <\/p>\n<p>2024\u2019te erken se\u00e7im beklentisi olup olmad\u0131\u011f\u0131 sorusuna da Ar\u0131kl\u0131, <a href=\"https:\/\/brtk.net\/\">CTP<\/a>\u2019nin erken se\u00e7im onusunda samimi olmad\u0131\u011f\u0131n\u0131 s\u00f6yledi.<br \/>Ar\u0131kl\u0131, \u201c <a href=\"https:\/\/brtk.net\/\">CTP<\/a> bu konuda samimi olsa, Kudret \u00d6zersay gibi sine-i millete d\u00f6nerler ve kararl\u0131l\u0131\u011f\u0131 \u00f6yle g\u00f6sterirlerdi. Her\u015feyi mecliste tekrar tekrar konu\u015facaklar ve muhalefet yapacaklar. Halk bunu yemiyor art\u0131k. Etkili muhalefet  istiyorlarsa buyurun Meclis\u2019ten \u00e7ekilin. Ortada fol yok yumurta yokken biz erken se\u00e7im istiyoruz diyorlar. Sizin istemenizle olmaz\u201d dedi. <\/p>\n<p><iframe loading=\"lazy\" title=\"Buras\u0131 \u00d6nemli 50+1   04.04.2024\" width=\"960\" height=\"540\" src=\"https:\/\/www.youtube.com\/embed\/PSALu4U4snA?feature=oembed\" frameborder=\"0\" allow=\"accelerometer; autoplay; clipboard-write; encrypted-media; gyroscope; picture-in-picture; web-share\" referrerpolicy=\"strict-origin-when-cross-origin\" allowfullscreen><\/iframe><\/p>\n<\/p><\/div>\n<p><script async\n                    defer\n                    crossorigin=\"anonymous\"\n                    src=\"https:\/\/connect.facebook.net\/tr_TR\/sdk.js#xfbml=1&#038;version=v3.3\"\n            ><\/script><\/p>\n","protected":false},"excerpt":{"rendered":"<p>Yeniden Do\u011fu\u015f Partisi Genel Ba\u015fkan\u0131, Bay\u0131nd\u0131rl\u0131k ve Ula\u015ft\u0131rma Bakan\u0131 Erhan Ar\u0131kl\u0131 BRT\u2019de Levent Kutay\u2019\u0131n sorular\u0131n\u0131 yan\u0131tlad\u0131\u2026Trafik kazalar\u0131n\u0131 dikkate alarak cezalar\u0131 art\u0131rmak istediklerini belirten Ar\u0131kl\u0131, b\u00fcy\u00fck ceza i\u00e7eren tasar\u0131ya Pazartesi G\u00fcn\u00fc ivedilik almay\u0131 hedeflediklerini s\u00f6yledi\u2026 Ar\u0131kl\u0131, \u201cTrafik magandalar\u0131na dur diyecek ad\u0131mlar\u0131 atmaya devam edece\u011fiz\u201d dedi. Milletin Partisi ile birle\u015fme s\u00fcrecini de\u011ferlendiren Ar\u0131kl\u0131, \u201cBunu burada ilk kez<\/p>\n","protected":false},"author":1,"featured_media":37036,"comment_status":"open","ping_status":"open","sticky":false,"template":"","format":"standard","meta":{"footnotes":""},"categories":[1],"tags":[],"class_list":["post-37035","post","type-post","status-publish","format-standard","has-post-thumbnail","hentry","category-gundem"],"yoast_head":"<!-- This site is optimized with the Yoast SEO plugin v27.5 - https:\/\/yoast.com\/product\/yoast-seo-wordpress\/ -->\n<title>Ar\u0131kl\u0131:Bizi b\u00f6lmek isteyenlere kar\u015f\u0131 Zaro\u011flu ile \u00f6nemli bir ad\u0131m att\u0131k -<\/title>\n<meta name=\"robots\" content=\"index, follow, max-snippet:-1, max-image-preview:large, max-video-preview:-1\" \/>\n<link rel=\"canonical\" href=\"https:\/\/kibrisdakik.com\/?p=37035\" \/>\n<meta property=\"og:locale\" content=\"tr_TR\" \/>\n<meta property=\"og:type\" content=\"article\" \/>\n<meta property=\"og:title\" content=\"Ar\u0131kl\u0131:Bizi b\u00f6lmek isteyenlere kar\u015f\u0131 Zaro\u011flu ile \u00f6nemli bir ad\u0131m att\u0131k -\" \/>\n<meta property=\"og:description\" content=\"Yeniden Do\u011fu\u015f Partisi Genel Ba\u015fkan\u0131, Bay\u0131nd\u0131rl\u0131k ve Ula\u015ft\u0131rma Bakan\u0131 Erhan Ar\u0131kl\u0131 BRT\u2019de Levent Kutay\u2019\u0131n sorular\u0131n\u0131 yan\u0131tlad\u0131\u2026Trafik kazalar\u0131n\u0131 dikkate alarak cezalar\u0131 art\u0131rmak istediklerini belirten Ar\u0131kl\u0131, b\u00fcy\u00fck ceza i\u00e7eren tasar\u0131ya Pazartesi G\u00fcn\u00fc ivedilik almay\u0131 hedeflediklerini s\u00f6yledi\u2026 Ar\u0131kl\u0131, \u201cTrafik magandalar\u0131na dur diyecek ad\u0131mlar\u0131 atmaya devam edece\u011fiz\u201d dedi. Milletin Partisi ile birle\u015fme s\u00fcrecini de\u011ferlendiren Ar\u0131kl\u0131, \u201cBunu burada ilk kez\" \/>\n<meta property=\"og:url\" content=\"https:\/\/kibrisdakik.com\/?p=37035\" \/>\n<meta property=\"article:published_time\" content=\"2024-04-04T14:20:25+00:00\" \/>\n<meta property=\"og:image\" content=\"https:\/\/kibrisdakik.com\/wp-content\/uploads\/2024\/04\/qwouwqo7-740x377.jpg\" \/>\n\t<meta property=\"og:image:width\" content=\"768\" \/>\n\t<meta property=\"og:image:height\" content=\"377\" \/>\n\t<meta property=\"og:image:type\" content=\"image\/jpeg\" \/>\n<meta name=\"author\" content=\"admin\" \/>\n<meta name=\"twitter:card\" content=\"summary_large_image\" \/>\n<meta name=\"twitter:label1\" content=\"Yazan:\" \/>\n\t<meta name=\"twitter:data1\" content=\"admin\" \/>\n\t<meta name=\"twitter:label2\" content=\"Tahmini okuma s\u00fcresi\" \/>\n\t<meta name=\"twitter:data2\" content=\"1 dakika\" \/>\n<script type=\"application\/ld+json\" class=\"yoast-schema-graph\">{\"@context\":\"https:\\\/\\\/schema.org\",\"@graph\":[{\"@type\":\"Article\",\"@id\":\"https:\\\/\\\/kibrisdakik.com\\\/?p=37035#article\",\"isPartOf\":{\"@id\":\"https:\\\/\\\/kibrisdakik.com\\\/?p=37035\"},\"author\":{\"name\":\"admin\",\"@id\":\"https:\\\/\\\/kibrisdakik.com\\\/#\\\/schema\\\/person\\\/9cd9d437bbb44f72b73ba127e06d8e79\"},\"headline\":\"Ar\u0131kl\u0131:Bizi b\u00f6lmek isteyenlere kar\u015f\u0131 Zaro\u011flu ile \u00f6nemli bir ad\u0131m att\u0131k\",\"datePublished\":\"2024-04-04T14:20:25+00:00\",\"mainEntityOfPage\":{\"@id\":\"https:\\\/\\\/kibrisdakik.com\\\/?p=37035\"},\"wordCount\":312,\"commentCount\":0,\"image\":{\"@id\":\"https:\\\/\\\/kibrisdakik.com\\\/?p=37035#primaryimage\"},\"thumbnailUrl\":\"https:\\\/\\\/kibrisdakik.com\\\/wp-content\\\/uploads\\\/2024\\\/04\\\/qwouwqo7-740x377.jpg\",\"articleSection\":[\"G\u00fcndem\"],\"inLanguage\":\"tr\",\"potentialAction\":[{\"@type\":\"CommentAction\",\"name\":\"Comment\",\"target\":[\"https:\\\/\\\/kibrisdakik.com\\\/?p=37035#respond\"]}]},{\"@type\":\"WebPage\",\"@id\":\"https:\\\/\\\/kibrisdakik.com\\\/?p=37035\",\"url\":\"https:\\\/\\\/kibrisdakik.com\\\/?p=37035\",\"name\":\"Ar\u0131kl\u0131:Bizi b\u00f6lmek isteyenlere kar\u015f\u0131 Zaro\u011flu ile \u00f6nemli bir ad\u0131m att\u0131k -\",\"isPartOf\":{\"@id\":\"https:\\\/\\\/kibrisdakik.com\\\/#website\"},\"primaryImageOfPage\":{\"@id\":\"https:\\\/\\\/kibrisdakik.com\\\/?p=37035#primaryimage\"},\"image\":{\"@id\":\"https:\\\/\\\/kibrisdakik.com\\\/?p=37035#primaryimage\"},\"thumbnailUrl\":\"https:\\\/\\\/kibrisdakik.com\\\/wp-content\\\/uploads\\\/2024\\\/04\\\/qwouwqo7-740x377.jpg\",\"datePublished\":\"2024-04-04T14:20:25+00:00\",\"author\":{\"@id\":\"https:\\\/\\\/kibrisdakik.com\\\/#\\\/schema\\\/person\\\/9cd9d437bbb44f72b73ba127e06d8e79\"},\"breadcrumb\":{\"@id\":\"https:\\\/\\\/kibrisdakik.com\\\/?p=37035#breadcrumb\"},\"inLanguage\":\"tr\",\"potentialAction\":[{\"@type\":\"ReadAction\",\"target\":[\"https:\\\/\\\/kibrisdakik.com\\\/?p=37035\"]}]},{\"@type\":\"ImageObject\",\"inLanguage\":\"tr\",\"@id\":\"https:\\\/\\\/kibrisdakik.com\\\/?p=37035#primaryimage\",\"url\":\"https:\\\/\\\/kibrisdakik.com\\\/wp-content\\\/uploads\\\/2024\\\/04\\\/qwouwqo7-740x377.jpg\",\"contentUrl\":\"https:\\\/\\\/kibrisdakik.com\\\/wp-content\\\/uploads\\\/2024\\\/04\\\/qwouwqo7-740x377.jpg\",\"width\":768,\"height\":377},{\"@type\":\"BreadcrumbList\",\"@id\":\"https:\\\/\\\/kibrisdakik.com\\\/?p=37035#breadcrumb\",\"itemListElement\":[{\"@type\":\"ListItem\",\"position\":1,\"name\":\"Home\",\"item\":\"https:\\\/\\\/kibrisdakik.com\\\/\"},{\"@type\":\"ListItem\",\"position\":2,\"name\":\"Ar\u0131kl\u0131:Bizi b\u00f6lmek isteyenlere kar\u015f\u0131 Zaro\u011flu ile \u00f6nemli bir ad\u0131m att\u0131k\"}]},{\"@type\":\"WebSite\",\"@id\":\"https:\\\/\\\/kibrisdakik.com\\\/#website\",\"url\":\"https:\\\/\\\/kibrisdakik.com\\\/\",\"name\":\"\",\"description\":\"Tam vaktinde haber\",\"potentialAction\":[{\"@type\":\"SearchAction\",\"target\":{\"@type\":\"EntryPoint\",\"urlTemplate\":\"https:\\\/\\\/kibrisdakik.com\\\/?s={search_term_string}\"},\"query-input\":{\"@type\":\"PropertyValueSpecification\",\"valueRequired\":true,\"valueName\":\"search_term_string\"}}],\"inLanguage\":\"tr\"},{\"@type\":\"Person\",\"@id\":\"https:\\\/\\\/kibrisdakik.com\\\/#\\\/schema\\\/person\\\/9cd9d437bbb44f72b73ba127e06d8e79\",\"name\":\"admin\",\"image\":{\"@type\":\"ImageObject\",\"inLanguage\":\"tr\",\"@id\":\"https:\\\/\\\/secure.gravatar.com\\\/avatar\\\/ccc17943b9d660506c869530f897617f7cb1c21a4bf30023f252596d83e1f007?s=96&d=mm&r=g\",\"url\":\"https:\\\/\\\/secure.gravatar.com\\\/avatar\\\/ccc17943b9d660506c869530f897617f7cb1c21a4bf30023f252596d83e1f007?s=96&d=mm&r=g\",\"contentUrl\":\"https:\\\/\\\/secure.gravatar.com\\\/avatar\\\/ccc17943b9d660506c869530f897617f7cb1c21a4bf30023f252596d83e1f007?s=96&d=mm&r=g\",\"caption\":\"admin\"},\"sameAs\":[\"https:\\\/\\\/kibrisdakik.com\"],\"url\":\"https:\\\/\\\/kibrisdakik.com\\\/?author=1\"}]}<\/script>\n<!-- \/ Yoast SEO plugin. -->","yoast_head_json":{"title":"Ar\u0131kl\u0131:Bizi b\u00f6lmek isteyenlere kar\u015f\u0131 Zaro\u011flu ile \u00f6nemli bir ad\u0131m att\u0131k -","robots":{"index":"index","follow":"follow","max-snippet":"max-snippet:-1","max-image-preview":"max-image-preview:large","max-video-preview":"max-video-preview:-1"},"canonical":"https:\/\/kibrisdakik.com\/?p=37035","og_locale":"tr_TR","og_type":"article","og_title":"Ar\u0131kl\u0131:Bizi b\u00f6lmek isteyenlere kar\u015f\u0131 Zaro\u011flu ile \u00f6nemli bir ad\u0131m att\u0131k -","og_description":"Yeniden Do\u011fu\u015f Partisi Genel Ba\u015fkan\u0131, Bay\u0131nd\u0131rl\u0131k ve Ula\u015ft\u0131rma Bakan\u0131 Erhan Ar\u0131kl\u0131 BRT\u2019de Levent Kutay\u2019\u0131n sorular\u0131n\u0131 yan\u0131tlad\u0131\u2026Trafik kazalar\u0131n\u0131 dikkate alarak cezalar\u0131 art\u0131rmak istediklerini belirten Ar\u0131kl\u0131, b\u00fcy\u00fck ceza i\u00e7eren tasar\u0131ya Pazartesi G\u00fcn\u00fc ivedilik almay\u0131 hedeflediklerini s\u00f6yledi\u2026 Ar\u0131kl\u0131, \u201cTrafik magandalar\u0131na dur diyecek ad\u0131mlar\u0131 atmaya devam edece\u011fiz\u201d dedi. Milletin Partisi ile birle\u015fme s\u00fcrecini de\u011ferlendiren Ar\u0131kl\u0131, \u201cBunu burada ilk kez","og_url":"https:\/\/kibrisdakik.com\/?p=37035","article_published_time":"2024-04-04T14:20:25+00:00","og_image":[{"width":768,"height":377,"url":"https:\/\/kibrisdakik.com\/wp-content\/uploads\/2024\/04\/qwouwqo7-740x377.jpg","type":"image\/jpeg"}],"author":"admin","twitter_card":"summary_large_image","twitter_misc":{"Yazan:":"admin","Tahmini okuma s\u00fcresi":"1 dakika"},"schema":{"@context":"https:\/\/schema.org","@graph":[{"@type":"Article","@id":"https:\/\/kibrisdakik.com\/?p=37035#article","isPartOf":{"@id":"https:\/\/kibrisdakik.com\/?p=37035"},"author":{"name":"admin","@id":"https:\/\/kibrisdakik.com\/#\/schema\/person\/9cd9d437bbb44f72b73ba127e06d8e79"},"headline":"Ar\u0131kl\u0131:Bizi b\u00f6lmek isteyenlere kar\u015f\u0131 Zaro\u011flu ile \u00f6nemli bir ad\u0131m att\u0131k","datePublished":"2024-04-04T14:20:25+00:00","mainEntityOfPage":{"@id":"https:\/\/kibrisdakik.com\/?p=37035"},"wordCount":312,"commentCount":0,"image":{"@id":"https:\/\/kibrisdakik.com\/?p=37035#primaryimage"},"thumbnailUrl":"https:\/\/kibrisdakik.com\/wp-content\/uploads\/2024\/04\/qwouwqo7-740x377.jpg","articleSection":["G\u00fcndem"],"inLanguage":"tr","potentialAction":[{"@type":"CommentAction","name":"Comment","target":["https:\/\/kibrisdakik.com\/?p=37035#respond"]}]},{"@type":"WebPage","@id":"https:\/\/kibrisdakik.com\/?p=37035","url":"https:\/\/kibrisdakik.com\/?p=37035","name":"Ar\u0131kl\u0131:Bizi b\u00f6lmek isteyenlere kar\u015f\u0131 Zaro\u011flu ile \u00f6nemli bir ad\u0131m att\u0131k -","isPartOf":{"@id":"https:\/\/kibrisdakik.com\/#website"},"primaryImageOfPage":{"@id":"https:\/\/kibrisdakik.com\/?p=37035#primaryimage"},"image":{"@id":"https:\/\/kibrisdakik.com\/?p=37035#primaryimage"},"thumbnailUrl":"https:\/\/kibrisdakik.com\/wp-content\/uploads\/2024\/04\/qwouwqo7-740x377.jpg","datePublished":"2024-04-04T14:20:25+00:00","author":{"@id":"https:\/\/kibrisdakik.com\/#\/schema\/person\/9cd9d437bbb44f72b73ba127e06d8e79"},"breadcrumb":{"@id":"https:\/\/kibrisdakik.com\/?p=37035#breadcrumb"},"inLanguage":"tr","potentialAction":[{"@type":"ReadAction","target":["https:\/\/kibrisdakik.com\/?p=37035"]}]},{"@type":"ImageObject","inLanguage":"tr","@id":"https:\/\/kibrisdakik.com\/?p=37035#primaryimage","url":"https:\/\/kibrisdakik.com\/wp-content\/uploads\/2024\/04\/qwouwqo7-740x377.jpg","contentUrl":"https:\/\/kibrisdakik.com\/wp-content\/uploads\/2024\/04\/qwouwqo7-740x377.jpg","width":768,"height":377},{"@type":"BreadcrumbList","@id":"https:\/\/kibrisdakik.com\/?p=37035#breadcrumb","itemListElement":[{"@type":"ListItem","position":1,"name":"Home","item":"https:\/\/kibrisdakik.com\/"},{"@type":"ListItem","position":2,"name":"Ar\u0131kl\u0131:Bizi b\u00f6lmek isteyenlere kar\u015f\u0131 Zaro\u011flu ile \u00f6nemli bir ad\u0131m att\u0131k"}]},{"@type":"WebSite","@id":"https:\/\/kibrisdakik.com\/#website","url":"https:\/\/kibrisdakik.com\/","name":"","description":"Tam vaktinde haber","potentialAction":[{"@type":"SearchAction","target":{"@type":"EntryPoint","urlTemplate":"https:\/\/kibrisdakik.com\/?s={search_term_string}"},"query-input":{"@type":"PropertyValueSpecification","valueRequired":true,"valueName":"search_term_string"}}],"inLanguage":"tr"},{"@type":"Person","@id":"https:\/\/kibrisdakik.com\/#\/schema\/person\/9cd9d437bbb44f72b73ba127e06d8e79","name":"admin","image":{"@type":"ImageObject","inLanguage":"tr","@id":"https:\/\/secure.gravatar.com\/avatar\/ccc17943b9d660506c869530f897617f7cb1c21a4bf30023f252596d83e1f007?s=96&d=mm&r=g","url":"https:\/\/secure.gravatar.com\/avatar\/ccc17943b9d660506c869530f897617f7cb1c21a4bf30023f252596d83e1f007?s=96&d=mm&r=g","contentUrl":"https:\/\/secure.gravatar.com\/avatar\/ccc17943b9d660506c869530f897617f7cb1c21a4bf30023f252596d83e1f007?s=96&d=mm&r=g","caption":"admin"},"sameAs":["https:\/\/kibrisdakik.com"],"url":"https:\/\/kibrisdakik.com\/?author=1"}]}},"_links":{"self":[{"href":"https:\/\/kibrisdakik.com\/index.php?rest_route=\/wp\/v2\/posts\/37035","targetHints":{"allow":["GET"]}}],"collection":[{"href":"https:\/\/kibrisdakik.com\/index.php?rest_route=\/wp\/v2\/posts"}],"about":[{"href":"https:\/\/kibrisdakik.com\/index.php?rest_route=\/wp\/v2\/types\/post"}],"author":[{"embeddable":true,"href":"https:\/\/kibrisdakik.com\/index.php?rest_route=\/wp\/v2\/users\/1"}],"replies":[{"embeddable":true,"href":"https:\/\/kibrisdakik.com\/index.php?rest_route=%2Fwp%2Fv2%2Fcomments&post=37035"}],"version-history":[{"count":0,"href":"https:\/\/kibrisdakik.com\/index.php?rest_route=\/wp\/v2\/posts\/37035\/revisions"}],"wp:featuredmedia":[{"embeddable":true,"href":"https:\/\/kibrisdakik.com\/index.php?rest_route=\/wp\/v2\/media\/37036"}],"wp:attachment":[{"href":"https:\/\/kibrisdakik.com\/index.php?rest_route=%2Fwp%2Fv2%2Fmedia&parent=37035"}],"wp:term":[{"taxonomy":"category","embeddable":true,"href":"https:\/\/kibrisdakik.com\/index.php?rest_route=%2Fwp%2Fv2%2Fcategories&post=37035"},{"taxonomy":"post_tag","embeddable":true,"href":"https:\/\/kibrisdakik.com\/index.php?rest_route=%2Fwp%2Fv2%2Ftags&post=37035"}],"curies":[{"name":"wp","href":"https:\/\/api.w.org\/{rel}","templated":true}]}}