{"id":37047,"date":"2024-04-04T15:35:56","date_gmt":"2024-04-04T15:35:56","guid":{"rendered":"https:\/\/kibrisdakik.com\/index.php\/2024\/04\/04\/cumhurbaskani-tatar-the-telegrapha-konustu\/"},"modified":"2024-04-04T15:35:56","modified_gmt":"2024-04-04T15:35:56","slug":"cumhurbaskani-tatar-the-telegrapha-konustu","status":"publish","type":"post","link":"https:\/\/kibrisdakik.com\/?p=37047","title":{"rendered":"Cumhurba\u015fkan\u0131 Tatar The Telegraph\u2019a konu\u015ftu"},"content":{"rendered":"<p><img decoding=\"async\" src=\"https:\/\/www.kibristurk.com\/images\/haberler\/2024\/04\/cumhurbaskani-tatar-the-telegrapha-konustu-1712243877.webp\" \/><\/p>\n<p style=\"text-align:left\"><span style=\"font-size:16px\"><span style=\"font-family:Merriweather,serif !important\"><span style=\"color:#000000\"><span style=\"background-color:#ffffff\">Cumhurba\u015fkan\u0131 Tatar, ABD\u2019de Birle\u015fmi\u015f Milletler (BM) Genel Sekreteri Antonio Guterres ile yapaca\u011f\u0131 g\u00f6r\u00fc\u015fme \u00f6ncesinde, Cumhurba\u015fkanl\u0131\u011f\u0131nda The Telegraph gazetesinden Nick Squires\u2019in sorular\u0131n\u0131 yan\u0131tlad\u0131.<\/span><\/span><\/span><\/span><\/p>\n<p style=\"text-align:left\"><span style=\"font-size:16px\"><span style=\"font-family:Merriweather,serif !important\"><span style=\"color:#000000\"><span style=\"background-color:#ffffff\">T\u00fcrkiye\u2019nin tek devletli bir \u00e7\u00f6z\u00fcm\u00fc kabul etmeyece\u011fini vurgulayan Cumhurba\u015fkan\u0131 Tatar, iki devletli \u00e7\u00f6z\u00fcm\u00fcn, tek se\u00e7enek oldu\u011funu kaydetti.<\/span><\/span><\/span><\/span><\/p>\n<p style=\"text-align:left\"><span style=\"font-size:16px\"><span style=\"font-family:Merriweather,serif !important\"><span style=\"color:#000000\"><span style=\"background-color:#ffffff\">Bir hatan\u0131n ya da bir yanl\u0131\u015f anlaman\u0131n, \u00f6rne\u011fim ye\u015fil hatta bir T\u00fcrk askerinin vurulmas\u0131n\u0131n \u201cbomba\u201d etkisi yaratabilece\u011fini s\u00f6yleyen Cumhurba\u015fkan\u0131 Tatar, \u201cherkes sakin ve mant\u0131kl\u0131 olmal\u0131. K\u0131br\u0131s T\u00fcrk\u00fc yaln\u0131z de\u011fil, sadece 40 mil uzakl\u0131kta, arkam\u0131zda 85 milyon T\u00fcrk var\u201d dedi.<\/span><\/span><\/span><\/span><\/p>\n<p style=\"text-align:left\"><span style=\"font-size:16px\"><span style=\"font-family:Merriweather,serif !important\"><span style=\"color:#000000\"><span style=\"background-color:#ffffff\">Tatar, \u201cHerkesin korktu\u011fu k\u00fc\u00e7\u00fck bir k\u0131v\u0131lc\u0131m. Gazze\u2019de yalananlara bak\u0131n, Ondan \u00d6nce Ukrayna\u2019da, daha \u00f6ncesinde Bosna\u2019da ya\u015fananlara bak\u0131n\u201d diye konu\u015ftu.<\/span><\/span><\/span><\/span><\/p>\n<p style=\"text-align:left\"><span style=\"font-size:16px\"><span style=\"font-family:Merriweather,serif !important\"><span style=\"color:#000000\"><span style=\"background-color:#ffffff\">Adan\u0131n yeniden birle\u015fmesi y\u00f6n\u00fcndeki s\u00fcrecin geride kald\u0131\u011f\u0131n\u0131 aktaran Cumhurba\u015fkan\u0131 s\u00f6zlerini \u015f\u00f6yle s\u00fcrd\u00fcrd\u00fc:<\/span><\/span><\/span><\/span><\/p>\n<p style=\"text-align:left\"><span style=\"font-size:16px\"><span style=\"font-family:Merriweather,serif !important\"><span style=\"color:#000000\"><span style=\"background-color:#ffffff\">\u201cBunlar geride kald\u0131.&nbsp; T\u00fcm f\u0131rsatlar t\u00fcketilmi\u015ftir. &nbsp;Bir aday\u0131 bu kadar y\u0131l sonra nas\u0131l birle\u015ftireceksiniz? K\u0131br\u0131s\u2019\u0131 birle\u015ftiremezsiniz. Ger\u00e7eklerle y\u00fczle\u015fmeli ve kabul etmelisiniz.&nbsp; Tek se\u00e7enek, KKTC\u2019nin ba\u011f\u0131ms\u0131z bir devlet olarak kabul edildi\u011fi, iki devletli \u00e7\u00f6z\u00fcmd\u00fcr.&nbsp; 19754\u2019ten beri adada iki devlet var. \u0130ki b\u00f6lge, iki egemen g\u00fc\u00e7 K\u0131br\u0131s\u2019ta yanyana ya\u015famaktad\u0131r.\u201d<\/span><\/span><\/span><\/span><\/p>\n<p style=\"text-align:left\"><span style=\"font-size:16px\"><span style=\"font-family:Merriweather,serif !important\"><span style=\"color:#000000\"><span style=\"background-color:#ffffff\">Tan\u0131nman\u0131n zaman alabilece\u011fini belirten ancak KKTC\u2019nin giderek zemin kazand\u0131\u011f\u0131n\u0131 anlatan Cumhurba\u015fkan\u0131 Tatar, Azerbaycan, Pakistan ve Banglade\u015f\u2019in KKTC\u2019yi yak\u0131n bir zamanda ba\u011f\u0131ms\u0131z bir devlet olarak tan\u0131yabilece\u011fini de bildirdi.<\/span><\/span><\/span><\/span><\/p>\n<p style=\"text-align:left\"><span style=\"font-size:16px\"><span style=\"font-family:Merriweather,serif !important\"><span style=\"color:#000000\"><span style=\"background-color:#ffffff\">\u201cBiz \u00e7at\u0131\u015fma istemiyoruz, Rumlar da istememeli\u201d diyen Tatar, \u201cBa\u015fta \u0130ngiltere\u2019den olmak \u00fczere G\u00fcney\u2019e 5 milyon turist geliyor. Bir bomba patlasa bir turist bile gelmez. \u0130flas bayra\u011f\u0131n\u0131 \u00e7ekerler\u201d ifadelerini kulland\u0131.<\/span><\/span><\/span><\/span><\/p>\n<p style=\"text-align:left\"><span style=\"font-size:16px\"><span style=\"font-family:Merriweather,serif !important\"><span style=\"color:#000000\"><span style=\"background-color:#ffffff\">Cumhurba\u015fkan\u0131 Tatar\u2019\u0131n a\u00e7\u0131klamalar\u0131n\u0131n yan\u0131s\u0131ra makalede g\u00f6r\u00fc\u015flerine yer verilen James Ker-Lindsay adl\u0131 akademisyen, federasyonun hala tek se\u00e7enek olarak g\u00f6r\u00fcld\u00fc\u011f\u00fcn\u00fc ve KKTC\u2019nin d\u00fcnya taraf\u0131ndan ba\u011f\u0131ms\u0131z bir devlet olarak tan\u0131nmas\u0131n\u0131n m\u00fcmk\u00fcn g\u00f6r\u00fcnmedi\u011fini kaydederken, adada ya\u015fayan 15 bin \u0130ngilizin bir\u00e7o\u011funun T\u00fcrk taraf\u0131n\u0131n tezini destekledi\u011fine de dikkat \u00e7ekildi.<\/span><\/span><\/span><\/span><\/p>\n<p style=\"text-align:left\"><span style=\"font-size:16px\"><span style=\"font-family:Merriweather,serif !important\"><span style=\"color:#000000\"><span style=\"background-color:#ffffff\">Sekiz y\u0131l \u00f6nce KKTC\u2019ye yerle\u015fen Peter Wilkins, \u201cK\u0131br\u0131sl\u0131 T\u00fcrkler elinden geleni yapt\u0131. &nbsp;\u0130ki devletli modelin adada \u00e7\u00f6z\u00fcm i\u00e7in tek se\u00e7enek oldu\u011funu d\u00fc\u015f\u00fcn\u00fcyorum\u201d derken, 16 y\u0131ld\u0131r Kuzey K\u0131br\u0131s\u2019ta bulunan Mike Diplock, \u201cBu kadar uzun zamandan sonra federasyon i\u015flemez. \u00d6l\u00fc bir at\u0131 ko\u015fmas\u0131 i\u00e7in k\u0131rba\u00e7layamazs\u0131n\u201d ifadelerini kulland\u0131.<\/span><\/span><\/span><\/span><\/p>\n","protected":false},"excerpt":{"rendered":"<p>Cumhurba\u015fkan\u0131 Tatar, ABD\u2019de Birle\u015fmi\u015f Milletler (BM) Genel Sekreteri Antonio Guterres ile yapaca\u011f\u0131 g\u00f6r\u00fc\u015fme \u00f6ncesinde, Cumhurba\u015fkanl\u0131\u011f\u0131nda The Telegraph gazetesinden Nick Squires\u2019in sorular\u0131n\u0131 yan\u0131tlad\u0131. T\u00fcrkiye\u2019nin tek devletli bir \u00e7\u00f6z\u00fcm\u00fc kabul etmeyece\u011fini vurgulayan Cumhurba\u015fkan\u0131 Tatar, iki devletli \u00e7\u00f6z\u00fcm\u00fcn, tek se\u00e7enek oldu\u011funu kaydetti. Bir hatan\u0131n ya da bir yanl\u0131\u015f anlaman\u0131n, \u00f6rne\u011fim ye\u015fil hatta bir T\u00fcrk askerinin vurulmas\u0131n\u0131n \u201cbomba\u201d etkisi<\/p>\n","protected":false},"author":1,"featured_media":37048,"comment_status":"open","ping_status":"open","sticky":false,"template":"","format":"standard","meta":{"footnotes":""},"categories":[79],"tags":[],"class_list":["post-37047","post","type-post","status-publish","format-standard","has-post-thumbnail","hentry","category-ekonomi"],"yoast_head":"<!-- This site is optimized with the Yoast SEO plugin v27.4 - https:\/\/yoast.com\/product\/yoast-seo-wordpress\/ -->\n<title>Cumhurba\u015fkan\u0131 Tatar The Telegraph\u2019a konu\u015ftu -<\/title>\n<meta name=\"robots\" content=\"index, follow, max-snippet:-1, max-image-preview:large, max-video-preview:-1\" \/>\n<link rel=\"canonical\" href=\"https:\/\/kibrisdakik.com\/?p=37047\" \/>\n<meta property=\"og:locale\" content=\"tr_TR\" \/>\n<meta property=\"og:type\" content=\"article\" \/>\n<meta property=\"og:title\" content=\"Cumhurba\u015fkan\u0131 Tatar The Telegraph\u2019a konu\u015ftu -\" \/>\n<meta property=\"og:description\" content=\"Cumhurba\u015fkan\u0131 Tatar, ABD\u2019de Birle\u015fmi\u015f Milletler (BM) Genel Sekreteri Antonio Guterres ile yapaca\u011f\u0131 g\u00f6r\u00fc\u015fme \u00f6ncesinde, Cumhurba\u015fkanl\u0131\u011f\u0131nda The Telegraph gazetesinden Nick Squires\u2019in sorular\u0131n\u0131 yan\u0131tlad\u0131. T\u00fcrkiye\u2019nin tek devletli bir \u00e7\u00f6z\u00fcm\u00fc kabul etmeyece\u011fini vurgulayan Cumhurba\u015fkan\u0131 Tatar, iki devletli \u00e7\u00f6z\u00fcm\u00fcn, tek se\u00e7enek oldu\u011funu kaydetti. Bir hatan\u0131n ya da bir yanl\u0131\u015f anlaman\u0131n, \u00f6rne\u011fim ye\u015fil hatta bir T\u00fcrk askerinin vurulmas\u0131n\u0131n \u201cbomba\u201d etkisi\" \/>\n<meta property=\"og:url\" content=\"https:\/\/kibrisdakik.com\/?p=37047\" \/>\n<meta property=\"article:published_time\" content=\"2024-04-04T15:35:56+00:00\" \/>\n<meta property=\"og:image\" content=\"https:\/\/kibrisdakik.com\/wp-content\/uploads\/2024\/04\/cumhurbaskani-tatar-the-telegrapha-konustu-1712243877.webp.webp\" \/>\n\t<meta property=\"og:image:width\" content=\"710\" \/>\n\t<meta property=\"og:image:height\" content=\"370\" \/>\n\t<meta property=\"og:image:type\" content=\"image\/webp\" \/>\n<meta name=\"author\" content=\"admin\" \/>\n<meta name=\"twitter:card\" content=\"summary_large_image\" \/>\n<meta name=\"twitter:label1\" content=\"Yazan:\" \/>\n\t<meta name=\"twitter:data1\" content=\"admin\" \/>\n\t<meta name=\"twitter:label2\" content=\"Tahmini okuma s\u00fcresi\" \/>\n\t<meta name=\"twitter:data2\" content=\"2 dakika\" \/>\n<script type=\"application\/ld+json\" class=\"yoast-schema-graph\">{\"@context\":\"https:\\\/\\\/schema.org\",\"@graph\":[{\"@type\":\"Article\",\"@id\":\"https:\\\/\\\/kibrisdakik.com\\\/?p=37047#article\",\"isPartOf\":{\"@id\":\"https:\\\/\\\/kibrisdakik.com\\\/?p=37047\"},\"author\":{\"name\":\"admin\",\"@id\":\"https:\\\/\\\/kibrisdakik.com\\\/#\\\/schema\\\/person\\\/9cd9d437bbb44f72b73ba127e06d8e79\"},\"headline\":\"Cumhurba\u015fkan\u0131 Tatar The Telegraph\u2019a konu\u015ftu\",\"datePublished\":\"2024-04-04T15:35:56+00:00\",\"mainEntityOfPage\":{\"@id\":\"https:\\\/\\\/kibrisdakik.com\\\/?p=37047\"},\"wordCount\":469,\"commentCount\":0,\"image\":{\"@id\":\"https:\\\/\\\/kibrisdakik.com\\\/?p=37047#primaryimage\"},\"thumbnailUrl\":\"https:\\\/\\\/kibrisdakik.com\\\/wp-content\\\/uploads\\\/2024\\\/04\\\/cumhurbaskani-tatar-the-telegrapha-konustu-1712243877.webp.webp\",\"articleSection\":[\"Ekonomi\"],\"inLanguage\":\"tr\",\"potentialAction\":[{\"@type\":\"CommentAction\",\"name\":\"Comment\",\"target\":[\"https:\\\/\\\/kibrisdakik.com\\\/?p=37047#respond\"]}]},{\"@type\":\"WebPage\",\"@id\":\"https:\\\/\\\/kibrisdakik.com\\\/?p=37047\",\"url\":\"https:\\\/\\\/kibrisdakik.com\\\/?p=37047\",\"name\":\"Cumhurba\u015fkan\u0131 Tatar The Telegraph\u2019a konu\u015ftu -\",\"isPartOf\":{\"@id\":\"https:\\\/\\\/kibrisdakik.com\\\/#website\"},\"primaryImageOfPage\":{\"@id\":\"https:\\\/\\\/kibrisdakik.com\\\/?p=37047#primaryimage\"},\"image\":{\"@id\":\"https:\\\/\\\/kibrisdakik.com\\\/?p=37047#primaryimage\"},\"thumbnailUrl\":\"https:\\\/\\\/kibrisdakik.com\\\/wp-content\\\/uploads\\\/2024\\\/04\\\/cumhurbaskani-tatar-the-telegrapha-konustu-1712243877.webp.webp\",\"datePublished\":\"2024-04-04T15:35:56+00:00\",\"author\":{\"@id\":\"https:\\\/\\\/kibrisdakik.com\\\/#\\\/schema\\\/person\\\/9cd9d437bbb44f72b73ba127e06d8e79\"},\"breadcrumb\":{\"@id\":\"https:\\\/\\\/kibrisdakik.com\\\/?p=37047#breadcrumb\"},\"inLanguage\":\"tr\",\"potentialAction\":[{\"@type\":\"ReadAction\",\"target\":[\"https:\\\/\\\/kibrisdakik.com\\\/?p=37047\"]}]},{\"@type\":\"ImageObject\",\"inLanguage\":\"tr\",\"@id\":\"https:\\\/\\\/kibrisdakik.com\\\/?p=37047#primaryimage\",\"url\":\"https:\\\/\\\/kibrisdakik.com\\\/wp-content\\\/uploads\\\/2024\\\/04\\\/cumhurbaskani-tatar-the-telegrapha-konustu-1712243877.webp.webp\",\"contentUrl\":\"https:\\\/\\\/kibrisdakik.com\\\/wp-content\\\/uploads\\\/2024\\\/04\\\/cumhurbaskani-tatar-the-telegrapha-konustu-1712243877.webp.webp\",\"width\":710,\"height\":370},{\"@type\":\"BreadcrumbList\",\"@id\":\"https:\\\/\\\/kibrisdakik.com\\\/?p=37047#breadcrumb\",\"itemListElement\":[{\"@type\":\"ListItem\",\"position\":1,\"name\":\"Home\",\"item\":\"https:\\\/\\\/kibrisdakik.com\\\/\"},{\"@type\":\"ListItem\",\"position\":2,\"name\":\"Cumhurba\u015fkan\u0131 Tatar The Telegraph\u2019a konu\u015ftu\"}]},{\"@type\":\"WebSite\",\"@id\":\"https:\\\/\\\/kibrisdakik.com\\\/#website\",\"url\":\"https:\\\/\\\/kibrisdakik.com\\\/\",\"name\":\"\",\"description\":\"Tam vaktinde haber\",\"potentialAction\":[{\"@type\":\"SearchAction\",\"target\":{\"@type\":\"EntryPoint\",\"urlTemplate\":\"https:\\\/\\\/kibrisdakik.com\\\/?s={search_term_string}\"},\"query-input\":{\"@type\":\"PropertyValueSpecification\",\"valueRequired\":true,\"valueName\":\"search_term_string\"}}],\"inLanguage\":\"tr\"},{\"@type\":\"Person\",\"@id\":\"https:\\\/\\\/kibrisdakik.com\\\/#\\\/schema\\\/person\\\/9cd9d437bbb44f72b73ba127e06d8e79\",\"name\":\"admin\",\"image\":{\"@type\":\"ImageObject\",\"inLanguage\":\"tr\",\"@id\":\"https:\\\/\\\/secure.gravatar.com\\\/avatar\\\/ccc17943b9d660506c869530f897617f7cb1c21a4bf30023f252596d83e1f007?s=96&d=mm&r=g\",\"url\":\"https:\\\/\\\/secure.gravatar.com\\\/avatar\\\/ccc17943b9d660506c869530f897617f7cb1c21a4bf30023f252596d83e1f007?s=96&d=mm&r=g\",\"contentUrl\":\"https:\\\/\\\/secure.gravatar.com\\\/avatar\\\/ccc17943b9d660506c869530f897617f7cb1c21a4bf30023f252596d83e1f007?s=96&d=mm&r=g\",\"caption\":\"admin\"},\"sameAs\":[\"https:\\\/\\\/kibrisdakik.com\"],\"url\":\"https:\\\/\\\/kibrisdakik.com\\\/?author=1\"}]}<\/script>\n<!-- \/ Yoast SEO plugin. -->","yoast_head_json":{"title":"Cumhurba\u015fkan\u0131 Tatar The Telegraph\u2019a konu\u015ftu -","robots":{"index":"index","follow":"follow","max-snippet":"max-snippet:-1","max-image-preview":"max-image-preview:large","max-video-preview":"max-video-preview:-1"},"canonical":"https:\/\/kibrisdakik.com\/?p=37047","og_locale":"tr_TR","og_type":"article","og_title":"Cumhurba\u015fkan\u0131 Tatar The Telegraph\u2019a konu\u015ftu -","og_description":"Cumhurba\u015fkan\u0131 Tatar, ABD\u2019de Birle\u015fmi\u015f Milletler (BM) Genel Sekreteri Antonio Guterres ile yapaca\u011f\u0131 g\u00f6r\u00fc\u015fme \u00f6ncesinde, Cumhurba\u015fkanl\u0131\u011f\u0131nda The Telegraph gazetesinden Nick Squires\u2019in sorular\u0131n\u0131 yan\u0131tlad\u0131. T\u00fcrkiye\u2019nin tek devletli bir \u00e7\u00f6z\u00fcm\u00fc kabul etmeyece\u011fini vurgulayan Cumhurba\u015fkan\u0131 Tatar, iki devletli \u00e7\u00f6z\u00fcm\u00fcn, tek se\u00e7enek oldu\u011funu kaydetti. Bir hatan\u0131n ya da bir yanl\u0131\u015f anlaman\u0131n, \u00f6rne\u011fim ye\u015fil hatta bir T\u00fcrk askerinin vurulmas\u0131n\u0131n \u201cbomba\u201d etkisi","og_url":"https:\/\/kibrisdakik.com\/?p=37047","article_published_time":"2024-04-04T15:35:56+00:00","og_image":[{"width":710,"height":370,"url":"https:\/\/kibrisdakik.com\/wp-content\/uploads\/2024\/04\/cumhurbaskani-tatar-the-telegrapha-konustu-1712243877.webp.webp","type":"image\/webp"}],"author":"admin","twitter_card":"summary_large_image","twitter_misc":{"Yazan:":"admin","Tahmini okuma s\u00fcresi":"2 dakika"},"schema":{"@context":"https:\/\/schema.org","@graph":[{"@type":"Article","@id":"https:\/\/kibrisdakik.com\/?p=37047#article","isPartOf":{"@id":"https:\/\/kibrisdakik.com\/?p=37047"},"author":{"name":"admin","@id":"https:\/\/kibrisdakik.com\/#\/schema\/person\/9cd9d437bbb44f72b73ba127e06d8e79"},"headline":"Cumhurba\u015fkan\u0131 Tatar The Telegraph\u2019a konu\u015ftu","datePublished":"2024-04-04T15:35:56+00:00","mainEntityOfPage":{"@id":"https:\/\/kibrisdakik.com\/?p=37047"},"wordCount":469,"commentCount":0,"image":{"@id":"https:\/\/kibrisdakik.com\/?p=37047#primaryimage"},"thumbnailUrl":"https:\/\/kibrisdakik.com\/wp-content\/uploads\/2024\/04\/cumhurbaskani-tatar-the-telegrapha-konustu-1712243877.webp.webp","articleSection":["Ekonomi"],"inLanguage":"tr","potentialAction":[{"@type":"CommentAction","name":"Comment","target":["https:\/\/kibrisdakik.com\/?p=37047#respond"]}]},{"@type":"WebPage","@id":"https:\/\/kibrisdakik.com\/?p=37047","url":"https:\/\/kibrisdakik.com\/?p=37047","name":"Cumhurba\u015fkan\u0131 Tatar The Telegraph\u2019a konu\u015ftu -","isPartOf":{"@id":"https:\/\/kibrisdakik.com\/#website"},"primaryImageOfPage":{"@id":"https:\/\/kibrisdakik.com\/?p=37047#primaryimage"},"image":{"@id":"https:\/\/kibrisdakik.com\/?p=37047#primaryimage"},"thumbnailUrl":"https:\/\/kibrisdakik.com\/wp-content\/uploads\/2024\/04\/cumhurbaskani-tatar-the-telegrapha-konustu-1712243877.webp.webp","datePublished":"2024-04-04T15:35:56+00:00","author":{"@id":"https:\/\/kibrisdakik.com\/#\/schema\/person\/9cd9d437bbb44f72b73ba127e06d8e79"},"breadcrumb":{"@id":"https:\/\/kibrisdakik.com\/?p=37047#breadcrumb"},"inLanguage":"tr","potentialAction":[{"@type":"ReadAction","target":["https:\/\/kibrisdakik.com\/?p=37047"]}]},{"@type":"ImageObject","inLanguage":"tr","@id":"https:\/\/kibrisdakik.com\/?p=37047#primaryimage","url":"https:\/\/kibrisdakik.com\/wp-content\/uploads\/2024\/04\/cumhurbaskani-tatar-the-telegrapha-konustu-1712243877.webp.webp","contentUrl":"https:\/\/kibrisdakik.com\/wp-content\/uploads\/2024\/04\/cumhurbaskani-tatar-the-telegrapha-konustu-1712243877.webp.webp","width":710,"height":370},{"@type":"BreadcrumbList","@id":"https:\/\/kibrisdakik.com\/?p=37047#breadcrumb","itemListElement":[{"@type":"ListItem","position":1,"name":"Home","item":"https:\/\/kibrisdakik.com\/"},{"@type":"ListItem","position":2,"name":"Cumhurba\u015fkan\u0131 Tatar The Telegraph\u2019a konu\u015ftu"}]},{"@type":"WebSite","@id":"https:\/\/kibrisdakik.com\/#website","url":"https:\/\/kibrisdakik.com\/","name":"","description":"Tam vaktinde haber","potentialAction":[{"@type":"SearchAction","target":{"@type":"EntryPoint","urlTemplate":"https:\/\/kibrisdakik.com\/?s={search_term_string}"},"query-input":{"@type":"PropertyValueSpecification","valueRequired":true,"valueName":"search_term_string"}}],"inLanguage":"tr"},{"@type":"Person","@id":"https:\/\/kibrisdakik.com\/#\/schema\/person\/9cd9d437bbb44f72b73ba127e06d8e79","name":"admin","image":{"@type":"ImageObject","inLanguage":"tr","@id":"https:\/\/secure.gravatar.com\/avatar\/ccc17943b9d660506c869530f897617f7cb1c21a4bf30023f252596d83e1f007?s=96&d=mm&r=g","url":"https:\/\/secure.gravatar.com\/avatar\/ccc17943b9d660506c869530f897617f7cb1c21a4bf30023f252596d83e1f007?s=96&d=mm&r=g","contentUrl":"https:\/\/secure.gravatar.com\/avatar\/ccc17943b9d660506c869530f897617f7cb1c21a4bf30023f252596d83e1f007?s=96&d=mm&r=g","caption":"admin"},"sameAs":["https:\/\/kibrisdakik.com"],"url":"https:\/\/kibrisdakik.com\/?author=1"}]}},"_links":{"self":[{"href":"https:\/\/kibrisdakik.com\/index.php?rest_route=\/wp\/v2\/posts\/37047","targetHints":{"allow":["GET"]}}],"collection":[{"href":"https:\/\/kibrisdakik.com\/index.php?rest_route=\/wp\/v2\/posts"}],"about":[{"href":"https:\/\/kibrisdakik.com\/index.php?rest_route=\/wp\/v2\/types\/post"}],"author":[{"embeddable":true,"href":"https:\/\/kibrisdakik.com\/index.php?rest_route=\/wp\/v2\/users\/1"}],"replies":[{"embeddable":true,"href":"https:\/\/kibrisdakik.com\/index.php?rest_route=%2Fwp%2Fv2%2Fcomments&post=37047"}],"version-history":[{"count":0,"href":"https:\/\/kibrisdakik.com\/index.php?rest_route=\/wp\/v2\/posts\/37047\/revisions"}],"wp:featuredmedia":[{"embeddable":true,"href":"https:\/\/kibrisdakik.com\/index.php?rest_route=\/wp\/v2\/media\/37048"}],"wp:attachment":[{"href":"https:\/\/kibrisdakik.com\/index.php?rest_route=%2Fwp%2Fv2%2Fmedia&parent=37047"}],"wp:term":[{"taxonomy":"category","embeddable":true,"href":"https:\/\/kibrisdakik.com\/index.php?rest_route=%2Fwp%2Fv2%2Fcategories&post=37047"},{"taxonomy":"post_tag","embeddable":true,"href":"https:\/\/kibrisdakik.com\/index.php?rest_route=%2Fwp%2Fv2%2Ftags&post=37047"}],"curies":[{"name":"wp","href":"https:\/\/api.w.org\/{rel}","templated":true}]}}