{"id":37117,"date":"2024-04-05T02:57:13","date_gmt":"2024-04-05T02:57:13","guid":{"rendered":"https:\/\/kibrisdakik.com\/index.php\/2024\/04\/05\/guzelyurtta-aracin-carptigi-yaya-yaralandi\/"},"modified":"2024-04-05T02:57:13","modified_gmt":"2024-04-05T02:57:13","slug":"guzelyurtta-aracin-carptigi-yaya-yaralandi","status":"publish","type":"post","link":"https:\/\/kibrisdakik.com\/?p=37117","title":{"rendered":"G\u00fczelyurt\u2019ta arac\u0131n \u00e7arpt\u0131\u011f\u0131 yaya yaraland\u0131"},"content":{"rendered":"<p><\/p>\n<div>\n<div class=\"mariselle-image-container center\">\n                <img loading=\"lazy\" decoding=\"async\" width=\"300\" height=\"168\" class=\"lazy-image\" alt=\"\" src=\"https:\/\/brtk.net\/wp-content\/uploads\/2023\/01\/20\/trafik-kazasi-gece.jpg?ver=2842bbe5b74cc4a054e795050c4121fc\"\/>                            <\/div>\n<p>G\u00fczelyurt\u2019ta arac\u0131n \u00e7arpt\u0131\u011f\u0131 yaya 20 ya\u015f\u0131ndaki Kemal Esenda\u011fl\u0131 yaraland\u0131.<\/p>\n<p>Polis Bas\u0131n Subayl\u0131\u011f\u0131\u2019n\u0131n verdi\u011fi bilgiye g\u00f6re kaza bug\u00fcn 18.00 s\u0131ralar\u0131nda <\/p>\n<p>G\u00fczelyurt\u2019ta Dr. Faz\u0131l K\u00fc\u00e7\u00fck Bulvar\u0131\u2019nda meydana geldi.<\/p>\n<p>Y\u00f6netimindeki MR 594 plakal\u0131 salon ara\u00e7la bat\u0131 istikametine giden Nuri T\u00fcrk (E-28), Simit D\u00fcnyas\u0131 \u00f6n\u00fcndeki yaya ge\u00e7idine geldi\u011finde dikkatsizli\u011fi sonucu o s\u0131rada yaya ge\u00e7idi \u00fczerinde kuzeyden g\u00fcneye do\u011fru yaya olarak ge\u00e7meye \u00e7al\u0131\u015fan Kemal Esenda\u011fl\u0131\u2019ya (E-20) \u00e7arpt\u0131.<\/p>\n<p>Kazada sonucu yaralanan yaya Kemal Esenda\u011fl\u0131, kald\u0131r\u0131ld\u0131\u011f\u0131 Cengiz Topel Devlet Hastanesine yap\u0131lan m\u00fcdahalenin ard\u0131ndan m\u00fc\u015fahede alt\u0131na al\u0131nd\u0131 .<\/p>\n<p>Polisin kazayla ilgili soru\u015fturmas\u0131 s\u00fcr\u00fcyor.<\/p>\n<\/p><\/div>\n<p><script async\n                    defer\n                    crossorigin=\"anonymous\"\n                    src=\"https:\/\/connect.facebook.net\/tr_TR\/sdk.js#xfbml=1&#038;version=v3.3\"\n            ><\/script><\/p>\n","protected":false},"excerpt":{"rendered":"<p>G\u00fczelyurt\u2019ta arac\u0131n \u00e7arpt\u0131\u011f\u0131 yaya 20 ya\u015f\u0131ndaki Kemal Esenda\u011fl\u0131 yaraland\u0131. Polis Bas\u0131n Subayl\u0131\u011f\u0131\u2019n\u0131n verdi\u011fi bilgiye g\u00f6re kaza bug\u00fcn 18.00 s\u0131ralar\u0131nda G\u00fczelyurt\u2019ta Dr. Faz\u0131l K\u00fc\u00e7\u00fck Bulvar\u0131\u2019nda meydana geldi. Y\u00f6netimindeki MR 594 plakal\u0131 salon ara\u00e7la bat\u0131 istikametine giden Nuri T\u00fcrk (E-28), Simit D\u00fcnyas\u0131 \u00f6n\u00fcndeki yaya ge\u00e7idine geldi\u011finde dikkatsizli\u011fi sonucu o s\u0131rada yaya ge\u00e7idi \u00fczerinde kuzeyden g\u00fcneye do\u011fru yaya<\/p>\n","protected":false},"author":1,"featured_media":3150,"comment_status":"open","ping_status":"open","sticky":false,"template":"","format":"standard","meta":{"footnotes":""},"categories":[1],"tags":[],"class_list":["post-37117","post","type-post","status-publish","format-standard","has-post-thumbnail","hentry","category-gundem"],"yoast_head":"<!-- This site is optimized with the Yoast SEO plugin v27.5 - https:\/\/yoast.com\/product\/yoast-seo-wordpress\/ -->\n<title>G\u00fczelyurt\u2019ta arac\u0131n \u00e7arpt\u0131\u011f\u0131 yaya yaraland\u0131 -<\/title>\n<meta name=\"robots\" content=\"index, follow, max-snippet:-1, max-image-preview:large, max-video-preview:-1\" \/>\n<link rel=\"canonical\" href=\"https:\/\/kibrisdakik.com\/?p=37117\" \/>\n<meta property=\"og:locale\" content=\"tr_TR\" \/>\n<meta property=\"og:type\" content=\"article\" \/>\n<meta property=\"og:title\" content=\"G\u00fczelyurt\u2019ta arac\u0131n \u00e7arpt\u0131\u011f\u0131 yaya yaraland\u0131 -\" \/>\n<meta property=\"og:description\" content=\"G\u00fczelyurt\u2019ta arac\u0131n \u00e7arpt\u0131\u011f\u0131 yaya 20 ya\u015f\u0131ndaki Kemal Esenda\u011fl\u0131 yaraland\u0131. Polis Bas\u0131n Subayl\u0131\u011f\u0131\u2019n\u0131n verdi\u011fi bilgiye g\u00f6re kaza bug\u00fcn 18.00 s\u0131ralar\u0131nda G\u00fczelyurt\u2019ta Dr. Faz\u0131l K\u00fc\u00e7\u00fck Bulvar\u0131\u2019nda meydana geldi. Y\u00f6netimindeki MR 594 plakal\u0131 salon ara\u00e7la bat\u0131 istikametine giden Nuri T\u00fcrk (E-28), Simit D\u00fcnyas\u0131 \u00f6n\u00fcndeki yaya ge\u00e7idine geldi\u011finde dikkatsizli\u011fi sonucu o s\u0131rada yaya ge\u00e7idi \u00fczerinde kuzeyden g\u00fcneye do\u011fru yaya\" \/>\n<meta property=\"og:url\" content=\"https:\/\/kibrisdakik.com\/?p=37117\" \/>\n<meta property=\"article:published_time\" content=\"2024-04-05T02:57:13+00:00\" \/>\n<meta property=\"og:image\" content=\"https:\/\/kibrisdakik.com\/wp-content\/uploads\/2023\/03\/trafik-kazasi-gece.jpg\" \/>\n\t<meta property=\"og:image:width\" content=\"300\" \/>\n\t<meta property=\"og:image:height\" content=\"168\" \/>\n\t<meta property=\"og:image:type\" content=\"image\/jpeg\" \/>\n<meta name=\"author\" content=\"admin\" \/>\n<meta name=\"twitter:card\" content=\"summary_large_image\" \/>\n<meta name=\"twitter:label1\" content=\"Yazan:\" \/>\n\t<meta name=\"twitter:data1\" content=\"admin\" \/>\n\t<meta name=\"twitter:label2\" content=\"Tahmini okuma s\u00fcresi\" \/>\n\t<meta name=\"twitter:data2\" content=\"1 dakika\" \/>\n<script type=\"application\/ld+json\" class=\"yoast-schema-graph\">{\"@context\":\"https:\\\/\\\/schema.org\",\"@graph\":[{\"@type\":\"Article\",\"@id\":\"https:\\\/\\\/kibrisdakik.com\\\/?p=37117#article\",\"isPartOf\":{\"@id\":\"https:\\\/\\\/kibrisdakik.com\\\/?p=37117\"},\"author\":{\"name\":\"admin\",\"@id\":\"https:\\\/\\\/kibrisdakik.com\\\/#\\\/schema\\\/person\\\/9cd9d437bbb44f72b73ba127e06d8e79\"},\"headline\":\"G\u00fczelyurt\u2019ta arac\u0131n \u00e7arpt\u0131\u011f\u0131 yaya yaraland\u0131\",\"datePublished\":\"2024-04-05T02:57:13+00:00\",\"mainEntityOfPage\":{\"@id\":\"https:\\\/\\\/kibrisdakik.com\\\/?p=37117\"},\"wordCount\":135,\"commentCount\":0,\"image\":{\"@id\":\"https:\\\/\\\/kibrisdakik.com\\\/?p=37117#primaryimage\"},\"thumbnailUrl\":\"https:\\\/\\\/kibrisdakik.com\\\/wp-content\\\/uploads\\\/2023\\\/03\\\/trafik-kazasi-gece.jpg\",\"articleSection\":[\"G\u00fcndem\"],\"inLanguage\":\"tr\",\"potentialAction\":[{\"@type\":\"CommentAction\",\"name\":\"Comment\",\"target\":[\"https:\\\/\\\/kibrisdakik.com\\\/?p=37117#respond\"]}]},{\"@type\":\"WebPage\",\"@id\":\"https:\\\/\\\/kibrisdakik.com\\\/?p=37117\",\"url\":\"https:\\\/\\\/kibrisdakik.com\\\/?p=37117\",\"name\":\"G\u00fczelyurt\u2019ta arac\u0131n \u00e7arpt\u0131\u011f\u0131 yaya yaraland\u0131 -\",\"isPartOf\":{\"@id\":\"https:\\\/\\\/kibrisdakik.com\\\/#website\"},\"primaryImageOfPage\":{\"@id\":\"https:\\\/\\\/kibrisdakik.com\\\/?p=37117#primaryimage\"},\"image\":{\"@id\":\"https:\\\/\\\/kibrisdakik.com\\\/?p=37117#primaryimage\"},\"thumbnailUrl\":\"https:\\\/\\\/kibrisdakik.com\\\/wp-content\\\/uploads\\\/2023\\\/03\\\/trafik-kazasi-gece.jpg\",\"datePublished\":\"2024-04-05T02:57:13+00:00\",\"author\":{\"@id\":\"https:\\\/\\\/kibrisdakik.com\\\/#\\\/schema\\\/person\\\/9cd9d437bbb44f72b73ba127e06d8e79\"},\"breadcrumb\":{\"@id\":\"https:\\\/\\\/kibrisdakik.com\\\/?p=37117#breadcrumb\"},\"inLanguage\":\"tr\",\"potentialAction\":[{\"@type\":\"ReadAction\",\"target\":[\"https:\\\/\\\/kibrisdakik.com\\\/?p=37117\"]}]},{\"@type\":\"ImageObject\",\"inLanguage\":\"tr\",\"@id\":\"https:\\\/\\\/kibrisdakik.com\\\/?p=37117#primaryimage\",\"url\":\"https:\\\/\\\/kibrisdakik.com\\\/wp-content\\\/uploads\\\/2023\\\/03\\\/trafik-kazasi-gece.jpg\",\"contentUrl\":\"https:\\\/\\\/kibrisdakik.com\\\/wp-content\\\/uploads\\\/2023\\\/03\\\/trafik-kazasi-gece.jpg\",\"width\":300,\"height\":168},{\"@type\":\"BreadcrumbList\",\"@id\":\"https:\\\/\\\/kibrisdakik.com\\\/?p=37117#breadcrumb\",\"itemListElement\":[{\"@type\":\"ListItem\",\"position\":1,\"name\":\"Home\",\"item\":\"https:\\\/\\\/kibrisdakik.com\\\/\"},{\"@type\":\"ListItem\",\"position\":2,\"name\":\"G\u00fczelyurt\u2019ta arac\u0131n \u00e7arpt\u0131\u011f\u0131 yaya yaraland\u0131\"}]},{\"@type\":\"WebSite\",\"@id\":\"https:\\\/\\\/kibrisdakik.com\\\/#website\",\"url\":\"https:\\\/\\\/kibrisdakik.com\\\/\",\"name\":\"\",\"description\":\"Tam vaktinde haber\",\"potentialAction\":[{\"@type\":\"SearchAction\",\"target\":{\"@type\":\"EntryPoint\",\"urlTemplate\":\"https:\\\/\\\/kibrisdakik.com\\\/?s={search_term_string}\"},\"query-input\":{\"@type\":\"PropertyValueSpecification\",\"valueRequired\":true,\"valueName\":\"search_term_string\"}}],\"inLanguage\":\"tr\"},{\"@type\":\"Person\",\"@id\":\"https:\\\/\\\/kibrisdakik.com\\\/#\\\/schema\\\/person\\\/9cd9d437bbb44f72b73ba127e06d8e79\",\"name\":\"admin\",\"image\":{\"@type\":\"ImageObject\",\"inLanguage\":\"tr\",\"@id\":\"https:\\\/\\\/secure.gravatar.com\\\/avatar\\\/ccc17943b9d660506c869530f897617f7cb1c21a4bf30023f252596d83e1f007?s=96&d=mm&r=g\",\"url\":\"https:\\\/\\\/secure.gravatar.com\\\/avatar\\\/ccc17943b9d660506c869530f897617f7cb1c21a4bf30023f252596d83e1f007?s=96&d=mm&r=g\",\"contentUrl\":\"https:\\\/\\\/secure.gravatar.com\\\/avatar\\\/ccc17943b9d660506c869530f897617f7cb1c21a4bf30023f252596d83e1f007?s=96&d=mm&r=g\",\"caption\":\"admin\"},\"sameAs\":[\"https:\\\/\\\/kibrisdakik.com\"],\"url\":\"https:\\\/\\\/kibrisdakik.com\\\/?author=1\"}]}<\/script>\n<!-- \/ Yoast SEO plugin. -->","yoast_head_json":{"title":"G\u00fczelyurt\u2019ta arac\u0131n \u00e7arpt\u0131\u011f\u0131 yaya yaraland\u0131 -","robots":{"index":"index","follow":"follow","max-snippet":"max-snippet:-1","max-image-preview":"max-image-preview:large","max-video-preview":"max-video-preview:-1"},"canonical":"https:\/\/kibrisdakik.com\/?p=37117","og_locale":"tr_TR","og_type":"article","og_title":"G\u00fczelyurt\u2019ta arac\u0131n \u00e7arpt\u0131\u011f\u0131 yaya yaraland\u0131 -","og_description":"G\u00fczelyurt\u2019ta arac\u0131n \u00e7arpt\u0131\u011f\u0131 yaya 20 ya\u015f\u0131ndaki Kemal Esenda\u011fl\u0131 yaraland\u0131. Polis Bas\u0131n Subayl\u0131\u011f\u0131\u2019n\u0131n verdi\u011fi bilgiye g\u00f6re kaza bug\u00fcn 18.00 s\u0131ralar\u0131nda G\u00fczelyurt\u2019ta Dr. Faz\u0131l K\u00fc\u00e7\u00fck Bulvar\u0131\u2019nda meydana geldi. Y\u00f6netimindeki MR 594 plakal\u0131 salon ara\u00e7la bat\u0131 istikametine giden Nuri T\u00fcrk (E-28), Simit D\u00fcnyas\u0131 \u00f6n\u00fcndeki yaya ge\u00e7idine geldi\u011finde dikkatsizli\u011fi sonucu o s\u0131rada yaya ge\u00e7idi \u00fczerinde kuzeyden g\u00fcneye do\u011fru yaya","og_url":"https:\/\/kibrisdakik.com\/?p=37117","article_published_time":"2024-04-05T02:57:13+00:00","og_image":[{"width":300,"height":168,"url":"https:\/\/kibrisdakik.com\/wp-content\/uploads\/2023\/03\/trafik-kazasi-gece.jpg","type":"image\/jpeg"}],"author":"admin","twitter_card":"summary_large_image","twitter_misc":{"Yazan:":"admin","Tahmini okuma s\u00fcresi":"1 dakika"},"schema":{"@context":"https:\/\/schema.org","@graph":[{"@type":"Article","@id":"https:\/\/kibrisdakik.com\/?p=37117#article","isPartOf":{"@id":"https:\/\/kibrisdakik.com\/?p=37117"},"author":{"name":"admin","@id":"https:\/\/kibrisdakik.com\/#\/schema\/person\/9cd9d437bbb44f72b73ba127e06d8e79"},"headline":"G\u00fczelyurt\u2019ta arac\u0131n \u00e7arpt\u0131\u011f\u0131 yaya yaraland\u0131","datePublished":"2024-04-05T02:57:13+00:00","mainEntityOfPage":{"@id":"https:\/\/kibrisdakik.com\/?p=37117"},"wordCount":135,"commentCount":0,"image":{"@id":"https:\/\/kibrisdakik.com\/?p=37117#primaryimage"},"thumbnailUrl":"https:\/\/kibrisdakik.com\/wp-content\/uploads\/2023\/03\/trafik-kazasi-gece.jpg","articleSection":["G\u00fcndem"],"inLanguage":"tr","potentialAction":[{"@type":"CommentAction","name":"Comment","target":["https:\/\/kibrisdakik.com\/?p=37117#respond"]}]},{"@type":"WebPage","@id":"https:\/\/kibrisdakik.com\/?p=37117","url":"https:\/\/kibrisdakik.com\/?p=37117","name":"G\u00fczelyurt\u2019ta arac\u0131n \u00e7arpt\u0131\u011f\u0131 yaya yaraland\u0131 -","isPartOf":{"@id":"https:\/\/kibrisdakik.com\/#website"},"primaryImageOfPage":{"@id":"https:\/\/kibrisdakik.com\/?p=37117#primaryimage"},"image":{"@id":"https:\/\/kibrisdakik.com\/?p=37117#primaryimage"},"thumbnailUrl":"https:\/\/kibrisdakik.com\/wp-content\/uploads\/2023\/03\/trafik-kazasi-gece.jpg","datePublished":"2024-04-05T02:57:13+00:00","author":{"@id":"https:\/\/kibrisdakik.com\/#\/schema\/person\/9cd9d437bbb44f72b73ba127e06d8e79"},"breadcrumb":{"@id":"https:\/\/kibrisdakik.com\/?p=37117#breadcrumb"},"inLanguage":"tr","potentialAction":[{"@type":"ReadAction","target":["https:\/\/kibrisdakik.com\/?p=37117"]}]},{"@type":"ImageObject","inLanguage":"tr","@id":"https:\/\/kibrisdakik.com\/?p=37117#primaryimage","url":"https:\/\/kibrisdakik.com\/wp-content\/uploads\/2023\/03\/trafik-kazasi-gece.jpg","contentUrl":"https:\/\/kibrisdakik.com\/wp-content\/uploads\/2023\/03\/trafik-kazasi-gece.jpg","width":300,"height":168},{"@type":"BreadcrumbList","@id":"https:\/\/kibrisdakik.com\/?p=37117#breadcrumb","itemListElement":[{"@type":"ListItem","position":1,"name":"Home","item":"https:\/\/kibrisdakik.com\/"},{"@type":"ListItem","position":2,"name":"G\u00fczelyurt\u2019ta arac\u0131n \u00e7arpt\u0131\u011f\u0131 yaya yaraland\u0131"}]},{"@type":"WebSite","@id":"https:\/\/kibrisdakik.com\/#website","url":"https:\/\/kibrisdakik.com\/","name":"","description":"Tam vaktinde haber","potentialAction":[{"@type":"SearchAction","target":{"@type":"EntryPoint","urlTemplate":"https:\/\/kibrisdakik.com\/?s={search_term_string}"},"query-input":{"@type":"PropertyValueSpecification","valueRequired":true,"valueName":"search_term_string"}}],"inLanguage":"tr"},{"@type":"Person","@id":"https:\/\/kibrisdakik.com\/#\/schema\/person\/9cd9d437bbb44f72b73ba127e06d8e79","name":"admin","image":{"@type":"ImageObject","inLanguage":"tr","@id":"https:\/\/secure.gravatar.com\/avatar\/ccc17943b9d660506c869530f897617f7cb1c21a4bf30023f252596d83e1f007?s=96&d=mm&r=g","url":"https:\/\/secure.gravatar.com\/avatar\/ccc17943b9d660506c869530f897617f7cb1c21a4bf30023f252596d83e1f007?s=96&d=mm&r=g","contentUrl":"https:\/\/secure.gravatar.com\/avatar\/ccc17943b9d660506c869530f897617f7cb1c21a4bf30023f252596d83e1f007?s=96&d=mm&r=g","caption":"admin"},"sameAs":["https:\/\/kibrisdakik.com"],"url":"https:\/\/kibrisdakik.com\/?author=1"}]}},"_links":{"self":[{"href":"https:\/\/kibrisdakik.com\/index.php?rest_route=\/wp\/v2\/posts\/37117","targetHints":{"allow":["GET"]}}],"collection":[{"href":"https:\/\/kibrisdakik.com\/index.php?rest_route=\/wp\/v2\/posts"}],"about":[{"href":"https:\/\/kibrisdakik.com\/index.php?rest_route=\/wp\/v2\/types\/post"}],"author":[{"embeddable":true,"href":"https:\/\/kibrisdakik.com\/index.php?rest_route=\/wp\/v2\/users\/1"}],"replies":[{"embeddable":true,"href":"https:\/\/kibrisdakik.com\/index.php?rest_route=%2Fwp%2Fv2%2Fcomments&post=37117"}],"version-history":[{"count":0,"href":"https:\/\/kibrisdakik.com\/index.php?rest_route=\/wp\/v2\/posts\/37117\/revisions"}],"wp:featuredmedia":[{"embeddable":true,"href":"https:\/\/kibrisdakik.com\/index.php?rest_route=\/wp\/v2\/media\/3150"}],"wp:attachment":[{"href":"https:\/\/kibrisdakik.com\/index.php?rest_route=%2Fwp%2Fv2%2Fmedia&parent=37117"}],"wp:term":[{"taxonomy":"category","embeddable":true,"href":"https:\/\/kibrisdakik.com\/index.php?rest_route=%2Fwp%2Fv2%2Fcategories&post=37117"},{"taxonomy":"post_tag","embeddable":true,"href":"https:\/\/kibrisdakik.com\/index.php?rest_route=%2Fwp%2Fv2%2Ftags&post=37117"}],"curies":[{"name":"wp","href":"https:\/\/api.w.org\/{rel}","templated":true}]}}