{"id":37153,"date":"2024-04-05T09:42:22","date_gmt":"2024-04-05T09:42:22","guid":{"rendered":"https:\/\/kibrisdakik.com\/index.php\/2024\/04\/05\/basbakan-yardimciligi-ile-telsim-arasinda-isbirligi-protokolu-imzalandi\/"},"modified":"2024-04-05T09:42:22","modified_gmt":"2024-04-05T09:42:22","slug":"basbakan-yardimciligi-ile-telsim-arasinda-isbirligi-protokolu-imzalandi","status":"publish","type":"post","link":"https:\/\/kibrisdakik.com\/?p=37153","title":{"rendered":"Ba\u015fbakan Yard\u0131mc\u0131l\u0131\u011f\u0131 ile Telsim aras\u0131nda i\u015fbirli\u011fi protokol\u00fc imzaland\u0131"},"content":{"rendered":"<p><\/p>\n<div>\n<div class=\"mariselle-image-container center\">\n                <img loading=\"lazy\" decoding=\"async\" width=\"1615\" height=\"689\" class=\"lazy-image\" alt=\"\" sizes=\"auto, (max-width: 1615px) 100vw, 1615px\" src=\"https:\/\/brtk.net\/wp-content\/uploads\/2024\/04\/05\/protokol.jpg?ver=1769ed2c67730caf22fb0c4c3d28c291\" srcset=\"https:\/\/brtk.net\/wp-content\/uploads\/2024\/04\/05\/protokol.jpg?ver=1769ed2c67730caf22fb0c4c3d28c291 1615w, https:\/\/brtk.net\/wp-content\/uploads\/2024\/04\/05\/protokol-300x128.jpg?ver=965d9fd8d6b75940487e8aebb3081226 300w, https:\/\/brtk.net\/wp-content\/uploads\/2024\/04\/05\/protokol-1024x437.jpg?ver=d06e68409cad782602e5424bfc46576b 1024w, https:\/\/brtk.net\/wp-content\/uploads\/2024\/04\/05\/protokol-768x328.jpg?ver=d06e68409cad782602e5424bfc46576b 768w, https:\/\/brtk.net\/wp-content\/uploads\/2024\/04\/05\/protokol-1536x655.jpg?ver=d06e68409cad782602e5424bfc46576b 1536w\"\/>                            <\/div>\n<p>Ba\u015fbakan Yard\u0131mc\u0131l\u0131\u011f\u0131, Turizm, K\u00fclt\u00fcr, Gen\u00e7lik ve \u00c7evre Bakanl\u0131\u011f\u0131\u2019na ba\u011fl\u0131 Devlet Opera ve Bale Koordinasyon Merkezi (<a href=\"https:\/\/brtk.net\/\"\/><a href=\"https:\/\/brtk.net\/\"\/><a href=\"https:\/\/brtk.net\/\">KKTC<\/a>DOB) ile Vodafone Mobile Operations Ltd. (Telsim) aras\u0131nda  <a href=\"https:\/\/brtk.net\/\"\/><a href=\"https:\/\/brtk.net\/\"\/><a href=\"https:\/\/brtk.net\/\">KKTC<\/a>DOB etkinlikleri hakk\u0131nda i\u015fbirli\u011fi protokol\u00fc imzaland\u0131.<\/p>\n<p>Bakanl\u0131kta ger\u00e7ekle\u015fen imza t\u00f6renine Ba\u015fbakan Yard\u0131mc\u0131s\u0131, Turizm, K\u00fclt\u00fcr, Gen\u00e7lik ve \u00c7evre Bakan\u0131 Fikri Atao\u011flu ile Telsim Genel M\u00fcd\u00fcr\u00fc Sefer T\u00fcz ve Telsim Genel M\u00fcd\u00fcr Yard\u0131mc\u0131s\u0131 Fevzi Tanp\u0131nar protokole imza koyarken, Telsim Kurumsal \u0130leti\u015fim M\u00fcd\u00fcr\u00fc Nil Zorlu Atai ile <a href=\"https:\/\/brtk.net\/\"\/><a href=\"https:\/\/brtk.net\/\"\/><a href=\"https:\/\/brtk.net\/\">KKTC<\/a>DOB Genel Sorumlusu ve Genel Sanat Y\u00f6netmeni Tu\u011frul Enver T\u00f6re haz\u0131r bulundular.<\/p>\n<p>Devlet Opera ve Bale Koordinasyon Merkezi\u2019nin yapaca\u011f\u0131 etkinliklerin duyurulmas\u0131 ve etkinlik tan\u0131t\u0131mlar\u0131n\u0131n daha geni\u015f kitlelere ula\u015ft\u0131r\u0131lmas\u0131 ile ilgili imzalanan protokolde, sanat\u0131n \u00f6nemi bir kez daha vurgulanm\u0131\u015f oldu. <\/p>\n<p>Ba\u015fbakan Yard\u0131mc\u0131s\u0131, Turizm, K\u00fclt\u00fcr, Gen\u00e7lik ve \u00c7evre Bakan\u0131 Fikri Atao\u011flu ve Telsim Genel M\u00fcd\u00fcr\u00fc Sefer T\u00fcz, Kuzey K\u0131br\u0131s T\u00fcrk Cumhuriyeti k\u00fclt\u00fcr ve sanat ya\u015fam\u0131na b\u00fcy\u00fck katk\u0131 sa\u011flayan <a href=\"https:\/\/brtk.net\/\"\/><a href=\"https:\/\/brtk.net\/\"\/><a href=\"https:\/\/brtk.net\/\">KKTC<\/a>DOB\u2019un etkinliklerinde yap\u0131lacak olan i\u015f birli\u011fi protokol\u00fcne imza koymaktan duyduklar\u0131 memnuniyeti dile getirerek, kar\u015f\u0131l\u0131kl\u0131 olarak bu protokol\u00fcn hay\u0131rl\u0131 ve u\u011furlu olmas\u0131 temennisinde bulundular.<\/p>\n<\/p><\/div>\n<p><script async\n                    defer\n                    crossorigin=\"anonymous\"\n                    src=\"https:\/\/connect.facebook.net\/tr_TR\/sdk.js#xfbml=1&#038;version=v3.3\"\n            ><\/script><\/p>\n","protected":false},"excerpt":{"rendered":"<p>Ba\u015fbakan Yard\u0131mc\u0131l\u0131\u011f\u0131, Turizm, K\u00fclt\u00fcr, Gen\u00e7lik ve \u00c7evre Bakanl\u0131\u011f\u0131\u2019na ba\u011fl\u0131 Devlet Opera ve Bale Koordinasyon Merkezi (KKTCDOB) ile Vodafone Mobile Operations Ltd. (Telsim) aras\u0131nda KKTCDOB etkinlikleri hakk\u0131nda i\u015fbirli\u011fi protokol\u00fc imzaland\u0131. Bakanl\u0131kta ger\u00e7ekle\u015fen imza t\u00f6renine Ba\u015fbakan Yard\u0131mc\u0131s\u0131, Turizm, K\u00fclt\u00fcr, Gen\u00e7lik ve \u00c7evre Bakan\u0131 Fikri Atao\u011flu ile Telsim Genel M\u00fcd\u00fcr\u00fc Sefer T\u00fcz ve Telsim Genel M\u00fcd\u00fcr Yard\u0131mc\u0131s\u0131 Fevzi<\/p>\n","protected":false},"author":1,"featured_media":37154,"comment_status":"open","ping_status":"open","sticky":false,"template":"","format":"standard","meta":{"footnotes":""},"categories":[1],"tags":[],"class_list":["post-37153","post","type-post","status-publish","format-standard","has-post-thumbnail","hentry","category-gundem"],"yoast_head":"<!-- This site is optimized with the Yoast SEO plugin v27.4 - https:\/\/yoast.com\/product\/yoast-seo-wordpress\/ -->\n<title>Ba\u015fbakan Yard\u0131mc\u0131l\u0131\u011f\u0131 ile Telsim aras\u0131nda i\u015fbirli\u011fi protokol\u00fc imzaland\u0131 -<\/title>\n<meta name=\"robots\" content=\"index, follow, max-snippet:-1, max-image-preview:large, max-video-preview:-1\" \/>\n<link rel=\"canonical\" href=\"https:\/\/kibrisdakik.com\/?p=37153\" \/>\n<meta property=\"og:locale\" content=\"tr_TR\" \/>\n<meta property=\"og:type\" content=\"article\" \/>\n<meta property=\"og:title\" content=\"Ba\u015fbakan Yard\u0131mc\u0131l\u0131\u011f\u0131 ile Telsim aras\u0131nda i\u015fbirli\u011fi protokol\u00fc imzaland\u0131 -\" \/>\n<meta property=\"og:description\" content=\"Ba\u015fbakan Yard\u0131mc\u0131l\u0131\u011f\u0131, Turizm, K\u00fclt\u00fcr, Gen\u00e7lik ve \u00c7evre Bakanl\u0131\u011f\u0131\u2019na ba\u011fl\u0131 Devlet Opera ve Bale Koordinasyon Merkezi (KKTCDOB) ile Vodafone Mobile Operations Ltd. (Telsim) aras\u0131nda KKTCDOB etkinlikleri hakk\u0131nda i\u015fbirli\u011fi protokol\u00fc imzaland\u0131. Bakanl\u0131kta ger\u00e7ekle\u015fen imza t\u00f6renine Ba\u015fbakan Yard\u0131mc\u0131s\u0131, Turizm, K\u00fclt\u00fcr, Gen\u00e7lik ve \u00c7evre Bakan\u0131 Fikri Atao\u011flu ile Telsim Genel M\u00fcd\u00fcr\u00fc Sefer T\u00fcz ve Telsim Genel M\u00fcd\u00fcr Yard\u0131mc\u0131s\u0131 Fevzi\" \/>\n<meta property=\"og:url\" content=\"https:\/\/kibrisdakik.com\/?p=37153\" \/>\n<meta property=\"article:published_time\" content=\"2024-04-05T09:42:22+00:00\" \/>\n<meta property=\"og:image\" content=\"https:\/\/kibrisdakik.com\/wp-content\/uploads\/2024\/04\/protokol-740x420.jpg\" \/>\n\t<meta property=\"og:image:width\" content=\"1615\" \/>\n\t<meta property=\"og:image:height\" content=\"689\" \/>\n\t<meta property=\"og:image:type\" content=\"image\/jpeg\" \/>\n<meta name=\"author\" content=\"admin\" \/>\n<meta name=\"twitter:card\" content=\"summary_large_image\" \/>\n<meta name=\"twitter:label1\" content=\"Yazan:\" \/>\n\t<meta name=\"twitter:data1\" content=\"admin\" \/>\n\t<meta name=\"twitter:label2\" content=\"Tahmini okuma s\u00fcresi\" \/>\n\t<meta name=\"twitter:data2\" content=\"1 dakika\" \/>\n<script type=\"application\/ld+json\" class=\"yoast-schema-graph\">{\"@context\":\"https:\\\/\\\/schema.org\",\"@graph\":[{\"@type\":\"Article\",\"@id\":\"https:\\\/\\\/kibrisdakik.com\\\/?p=37153#article\",\"isPartOf\":{\"@id\":\"https:\\\/\\\/kibrisdakik.com\\\/?p=37153\"},\"author\":{\"name\":\"admin\",\"@id\":\"https:\\\/\\\/kibrisdakik.com\\\/#\\\/schema\\\/person\\\/9cd9d437bbb44f72b73ba127e06d8e79\"},\"headline\":\"Ba\u015fbakan Yard\u0131mc\u0131l\u0131\u011f\u0131 ile Telsim aras\u0131nda i\u015fbirli\u011fi protokol\u00fc imzaland\u0131\",\"datePublished\":\"2024-04-05T09:42:22+00:00\",\"mainEntityOfPage\":{\"@id\":\"https:\\\/\\\/kibrisdakik.com\\\/?p=37153\"},\"wordCount\":246,\"commentCount\":0,\"image\":{\"@id\":\"https:\\\/\\\/kibrisdakik.com\\\/?p=37153#primaryimage\"},\"thumbnailUrl\":\"https:\\\/\\\/kibrisdakik.com\\\/wp-content\\\/uploads\\\/2024\\\/04\\\/protokol-740x420.jpg\",\"articleSection\":[\"G\u00fcndem\"],\"inLanguage\":\"tr\",\"potentialAction\":[{\"@type\":\"CommentAction\",\"name\":\"Comment\",\"target\":[\"https:\\\/\\\/kibrisdakik.com\\\/?p=37153#respond\"]}]},{\"@type\":\"WebPage\",\"@id\":\"https:\\\/\\\/kibrisdakik.com\\\/?p=37153\",\"url\":\"https:\\\/\\\/kibrisdakik.com\\\/?p=37153\",\"name\":\"Ba\u015fbakan Yard\u0131mc\u0131l\u0131\u011f\u0131 ile Telsim aras\u0131nda i\u015fbirli\u011fi protokol\u00fc imzaland\u0131 -\",\"isPartOf\":{\"@id\":\"https:\\\/\\\/kibrisdakik.com\\\/#website\"},\"primaryImageOfPage\":{\"@id\":\"https:\\\/\\\/kibrisdakik.com\\\/?p=37153#primaryimage\"},\"image\":{\"@id\":\"https:\\\/\\\/kibrisdakik.com\\\/?p=37153#primaryimage\"},\"thumbnailUrl\":\"https:\\\/\\\/kibrisdakik.com\\\/wp-content\\\/uploads\\\/2024\\\/04\\\/protokol-740x420.jpg\",\"datePublished\":\"2024-04-05T09:42:22+00:00\",\"author\":{\"@id\":\"https:\\\/\\\/kibrisdakik.com\\\/#\\\/schema\\\/person\\\/9cd9d437bbb44f72b73ba127e06d8e79\"},\"breadcrumb\":{\"@id\":\"https:\\\/\\\/kibrisdakik.com\\\/?p=37153#breadcrumb\"},\"inLanguage\":\"tr\",\"potentialAction\":[{\"@type\":\"ReadAction\",\"target\":[\"https:\\\/\\\/kibrisdakik.com\\\/?p=37153\"]}]},{\"@type\":\"ImageObject\",\"inLanguage\":\"tr\",\"@id\":\"https:\\\/\\\/kibrisdakik.com\\\/?p=37153#primaryimage\",\"url\":\"https:\\\/\\\/kibrisdakik.com\\\/wp-content\\\/uploads\\\/2024\\\/04\\\/protokol-740x420.jpg\",\"contentUrl\":\"https:\\\/\\\/kibrisdakik.com\\\/wp-content\\\/uploads\\\/2024\\\/04\\\/protokol-740x420.jpg\",\"width\":1615,\"height\":689},{\"@type\":\"BreadcrumbList\",\"@id\":\"https:\\\/\\\/kibrisdakik.com\\\/?p=37153#breadcrumb\",\"itemListElement\":[{\"@type\":\"ListItem\",\"position\":1,\"name\":\"Home\",\"item\":\"https:\\\/\\\/kibrisdakik.com\\\/\"},{\"@type\":\"ListItem\",\"position\":2,\"name\":\"Ba\u015fbakan Yard\u0131mc\u0131l\u0131\u011f\u0131 ile Telsim aras\u0131nda i\u015fbirli\u011fi protokol\u00fc imzaland\u0131\"}]},{\"@type\":\"WebSite\",\"@id\":\"https:\\\/\\\/kibrisdakik.com\\\/#website\",\"url\":\"https:\\\/\\\/kibrisdakik.com\\\/\",\"name\":\"\",\"description\":\"Tam vaktinde haber\",\"potentialAction\":[{\"@type\":\"SearchAction\",\"target\":{\"@type\":\"EntryPoint\",\"urlTemplate\":\"https:\\\/\\\/kibrisdakik.com\\\/?s={search_term_string}\"},\"query-input\":{\"@type\":\"PropertyValueSpecification\",\"valueRequired\":true,\"valueName\":\"search_term_string\"}}],\"inLanguage\":\"tr\"},{\"@type\":\"Person\",\"@id\":\"https:\\\/\\\/kibrisdakik.com\\\/#\\\/schema\\\/person\\\/9cd9d437bbb44f72b73ba127e06d8e79\",\"name\":\"admin\",\"image\":{\"@type\":\"ImageObject\",\"inLanguage\":\"tr\",\"@id\":\"https:\\\/\\\/secure.gravatar.com\\\/avatar\\\/ccc17943b9d660506c869530f897617f7cb1c21a4bf30023f252596d83e1f007?s=96&d=mm&r=g\",\"url\":\"https:\\\/\\\/secure.gravatar.com\\\/avatar\\\/ccc17943b9d660506c869530f897617f7cb1c21a4bf30023f252596d83e1f007?s=96&d=mm&r=g\",\"contentUrl\":\"https:\\\/\\\/secure.gravatar.com\\\/avatar\\\/ccc17943b9d660506c869530f897617f7cb1c21a4bf30023f252596d83e1f007?s=96&d=mm&r=g\",\"caption\":\"admin\"},\"sameAs\":[\"https:\\\/\\\/kibrisdakik.com\"],\"url\":\"https:\\\/\\\/kibrisdakik.com\\\/?author=1\"}]}<\/script>\n<!-- \/ Yoast SEO plugin. -->","yoast_head_json":{"title":"Ba\u015fbakan Yard\u0131mc\u0131l\u0131\u011f\u0131 ile Telsim aras\u0131nda i\u015fbirli\u011fi protokol\u00fc imzaland\u0131 -","robots":{"index":"index","follow":"follow","max-snippet":"max-snippet:-1","max-image-preview":"max-image-preview:large","max-video-preview":"max-video-preview:-1"},"canonical":"https:\/\/kibrisdakik.com\/?p=37153","og_locale":"tr_TR","og_type":"article","og_title":"Ba\u015fbakan Yard\u0131mc\u0131l\u0131\u011f\u0131 ile Telsim aras\u0131nda i\u015fbirli\u011fi protokol\u00fc imzaland\u0131 -","og_description":"Ba\u015fbakan Yard\u0131mc\u0131l\u0131\u011f\u0131, Turizm, K\u00fclt\u00fcr, Gen\u00e7lik ve \u00c7evre Bakanl\u0131\u011f\u0131\u2019na ba\u011fl\u0131 Devlet Opera ve Bale Koordinasyon Merkezi (KKTCDOB) ile Vodafone Mobile Operations Ltd. (Telsim) aras\u0131nda KKTCDOB etkinlikleri hakk\u0131nda i\u015fbirli\u011fi protokol\u00fc imzaland\u0131. Bakanl\u0131kta ger\u00e7ekle\u015fen imza t\u00f6renine Ba\u015fbakan Yard\u0131mc\u0131s\u0131, Turizm, K\u00fclt\u00fcr, Gen\u00e7lik ve \u00c7evre Bakan\u0131 Fikri Atao\u011flu ile Telsim Genel M\u00fcd\u00fcr\u00fc Sefer T\u00fcz ve Telsim Genel M\u00fcd\u00fcr Yard\u0131mc\u0131s\u0131 Fevzi","og_url":"https:\/\/kibrisdakik.com\/?p=37153","article_published_time":"2024-04-05T09:42:22+00:00","og_image":[{"width":1615,"height":689,"url":"https:\/\/kibrisdakik.com\/wp-content\/uploads\/2024\/04\/protokol-740x420.jpg","type":"image\/jpeg"}],"author":"admin","twitter_card":"summary_large_image","twitter_misc":{"Yazan:":"admin","Tahmini okuma s\u00fcresi":"1 dakika"},"schema":{"@context":"https:\/\/schema.org","@graph":[{"@type":"Article","@id":"https:\/\/kibrisdakik.com\/?p=37153#article","isPartOf":{"@id":"https:\/\/kibrisdakik.com\/?p=37153"},"author":{"name":"admin","@id":"https:\/\/kibrisdakik.com\/#\/schema\/person\/9cd9d437bbb44f72b73ba127e06d8e79"},"headline":"Ba\u015fbakan Yard\u0131mc\u0131l\u0131\u011f\u0131 ile Telsim aras\u0131nda i\u015fbirli\u011fi protokol\u00fc imzaland\u0131","datePublished":"2024-04-05T09:42:22+00:00","mainEntityOfPage":{"@id":"https:\/\/kibrisdakik.com\/?p=37153"},"wordCount":246,"commentCount":0,"image":{"@id":"https:\/\/kibrisdakik.com\/?p=37153#primaryimage"},"thumbnailUrl":"https:\/\/kibrisdakik.com\/wp-content\/uploads\/2024\/04\/protokol-740x420.jpg","articleSection":["G\u00fcndem"],"inLanguage":"tr","potentialAction":[{"@type":"CommentAction","name":"Comment","target":["https:\/\/kibrisdakik.com\/?p=37153#respond"]}]},{"@type":"WebPage","@id":"https:\/\/kibrisdakik.com\/?p=37153","url":"https:\/\/kibrisdakik.com\/?p=37153","name":"Ba\u015fbakan Yard\u0131mc\u0131l\u0131\u011f\u0131 ile Telsim aras\u0131nda i\u015fbirli\u011fi protokol\u00fc imzaland\u0131 -","isPartOf":{"@id":"https:\/\/kibrisdakik.com\/#website"},"primaryImageOfPage":{"@id":"https:\/\/kibrisdakik.com\/?p=37153#primaryimage"},"image":{"@id":"https:\/\/kibrisdakik.com\/?p=37153#primaryimage"},"thumbnailUrl":"https:\/\/kibrisdakik.com\/wp-content\/uploads\/2024\/04\/protokol-740x420.jpg","datePublished":"2024-04-05T09:42:22+00:00","author":{"@id":"https:\/\/kibrisdakik.com\/#\/schema\/person\/9cd9d437bbb44f72b73ba127e06d8e79"},"breadcrumb":{"@id":"https:\/\/kibrisdakik.com\/?p=37153#breadcrumb"},"inLanguage":"tr","potentialAction":[{"@type":"ReadAction","target":["https:\/\/kibrisdakik.com\/?p=37153"]}]},{"@type":"ImageObject","inLanguage":"tr","@id":"https:\/\/kibrisdakik.com\/?p=37153#primaryimage","url":"https:\/\/kibrisdakik.com\/wp-content\/uploads\/2024\/04\/protokol-740x420.jpg","contentUrl":"https:\/\/kibrisdakik.com\/wp-content\/uploads\/2024\/04\/protokol-740x420.jpg","width":1615,"height":689},{"@type":"BreadcrumbList","@id":"https:\/\/kibrisdakik.com\/?p=37153#breadcrumb","itemListElement":[{"@type":"ListItem","position":1,"name":"Home","item":"https:\/\/kibrisdakik.com\/"},{"@type":"ListItem","position":2,"name":"Ba\u015fbakan Yard\u0131mc\u0131l\u0131\u011f\u0131 ile Telsim aras\u0131nda i\u015fbirli\u011fi protokol\u00fc imzaland\u0131"}]},{"@type":"WebSite","@id":"https:\/\/kibrisdakik.com\/#website","url":"https:\/\/kibrisdakik.com\/","name":"","description":"Tam vaktinde haber","potentialAction":[{"@type":"SearchAction","target":{"@type":"EntryPoint","urlTemplate":"https:\/\/kibrisdakik.com\/?s={search_term_string}"},"query-input":{"@type":"PropertyValueSpecification","valueRequired":true,"valueName":"search_term_string"}}],"inLanguage":"tr"},{"@type":"Person","@id":"https:\/\/kibrisdakik.com\/#\/schema\/person\/9cd9d437bbb44f72b73ba127e06d8e79","name":"admin","image":{"@type":"ImageObject","inLanguage":"tr","@id":"https:\/\/secure.gravatar.com\/avatar\/ccc17943b9d660506c869530f897617f7cb1c21a4bf30023f252596d83e1f007?s=96&d=mm&r=g","url":"https:\/\/secure.gravatar.com\/avatar\/ccc17943b9d660506c869530f897617f7cb1c21a4bf30023f252596d83e1f007?s=96&d=mm&r=g","contentUrl":"https:\/\/secure.gravatar.com\/avatar\/ccc17943b9d660506c869530f897617f7cb1c21a4bf30023f252596d83e1f007?s=96&d=mm&r=g","caption":"admin"},"sameAs":["https:\/\/kibrisdakik.com"],"url":"https:\/\/kibrisdakik.com\/?author=1"}]}},"_links":{"self":[{"href":"https:\/\/kibrisdakik.com\/index.php?rest_route=\/wp\/v2\/posts\/37153","targetHints":{"allow":["GET"]}}],"collection":[{"href":"https:\/\/kibrisdakik.com\/index.php?rest_route=\/wp\/v2\/posts"}],"about":[{"href":"https:\/\/kibrisdakik.com\/index.php?rest_route=\/wp\/v2\/types\/post"}],"author":[{"embeddable":true,"href":"https:\/\/kibrisdakik.com\/index.php?rest_route=\/wp\/v2\/users\/1"}],"replies":[{"embeddable":true,"href":"https:\/\/kibrisdakik.com\/index.php?rest_route=%2Fwp%2Fv2%2Fcomments&post=37153"}],"version-history":[{"count":0,"href":"https:\/\/kibrisdakik.com\/index.php?rest_route=\/wp\/v2\/posts\/37153\/revisions"}],"wp:featuredmedia":[{"embeddable":true,"href":"https:\/\/kibrisdakik.com\/index.php?rest_route=\/wp\/v2\/media\/37154"}],"wp:attachment":[{"href":"https:\/\/kibrisdakik.com\/index.php?rest_route=%2Fwp%2Fv2%2Fmedia&parent=37153"}],"wp:term":[{"taxonomy":"category","embeddable":true,"href":"https:\/\/kibrisdakik.com\/index.php?rest_route=%2Fwp%2Fv2%2Fcategories&post=37153"},{"taxonomy":"post_tag","embeddable":true,"href":"https:\/\/kibrisdakik.com\/index.php?rest_route=%2Fwp%2Fv2%2Ftags&post=37153"}],"curies":[{"name":"wp","href":"https:\/\/api.w.org\/{rel}","templated":true}]}}