{"id":37155,"date":"2024-04-05T09:44:01","date_gmt":"2024-04-05T09:44:01","guid":{"rendered":"https:\/\/kibrisdakik.com\/index.php\/2024\/04\/05\/artik-kibrista-oyunun-kurallarini-degistirmek-lazim\/"},"modified":"2024-04-05T09:44:01","modified_gmt":"2024-04-05T09:44:01","slug":"artik-kibrista-oyunun-kurallarini-degistirmek-lazim","status":"publish","type":"post","link":"https:\/\/kibrisdakik.com\/?p=37155","title":{"rendered":"&quot;Art\u0131k K\u0131br\u0131s&#039;ta oyunun kurallar\u0131n\u0131 de\u011fi\u015ftirmek laz\u0131m&quot;"},"content":{"rendered":"<p><img decoding=\"async\" src=\"https:\/\/www.kibristurk.com\/images\/haberler\/2024\/04\/artik-kibrista-oyunun-kurallarini-degistirmek-lazim-1712309473.webp\" \/><\/p>\n<p style=\"text-align:left\"><span style=\"font-size:16px\"><span style=\"background-color:#ffffff\"><span style=\"font-family:Merriweather,serif !important\"><span style=\"color:#000000\">Birle\u015fmi\u015f Milletler (BM) Genel Sekreteri Antonio Guterres&#8217;in davetiyle ABD&#8217;ye gelen&nbsp; Cumhurba\u015fkan\u0131 Tatar, ba\u015fkent Washington&#8217;da AA&#8217;n\u0131n sorular\u0131n\u0131 yan\u0131tlad\u0131.<\/span><\/span><\/span><\/span><\/p>\n<p style=\"text-align:left\"><span style=\"font-size:16px\"><span style=\"background-color:#ffffff\"><span style=\"font-family:Merriweather,serif !important\"><span style=\"color:#000000\">\u201cK\u0131br\u0131s&#8217;ta iki ayr\u0131 halk, iki ayr\u0131 otorite oldu\u011funun herkes taraf\u0131ndan kabul edildi\u011fini\u201d ifade eden Tatar, Ada&#8217;da ger\u00e7ek\u00e7i, adil ve s\u00fcrd\u00fcr\u00fclebilir bir anla\u015fma sa\u011flanmas\u0131 i\u00e7in \u00fclkesine uygulanan ambargolar\u0131n bir an \u00f6nce kalkmas\u0131 gerekti\u011fini belirterek &#8220;Art\u0131k K\u0131br\u0131s&#8217;ta oyunun kurallar\u0131n\u0131 de\u011fi\u015ftirmek laz\u0131m.&#8221; ifadesini kulland\u0131.<\/span><\/span><\/span><\/span><\/p>\n<p style=\"text-align:left\"><span style=\"font-size:16px\"><span style=\"background-color:#ffffff\"><span style=\"font-family:Merriweather,serif !important\"><span style=\"color:#000000\">Tatar, &#8220;Egemen e\u015fitli\u011fimiz ve e\u015fit ulusal stat\u00fcm\u00fcz teyit edilmeden tekrar m\u00fczakere s\u00fcrecine ba\u015flamam\u0131z hi\u00e7 ger\u00e7ek\u00e7i de\u011fildir.&#8221; diyerek Ada&#8217;da bir \u00e7\u00f6z\u00fcme ula\u015fmak i\u00e7in taraflara e\u015fit yakla\u015f\u0131m sergilenmesi gerekti\u011finin alt\u0131n\u0131 \u00e7izdi.<\/span><\/span><\/span><\/span><\/p>\n<p style=\"text-align:left\"><span style=\"font-size:16px\"><span style=\"background-color:#ffffff\"><span style=\"font-family:Merriweather,serif !important\"><span style=\"color:#000000\">Tatar, BM Genel Sekreteri ile yapaca\u011f\u0131 g\u00f6r\u00fc\u015fmede bu konuyu dile getirece\u011fini aktard\u0131.<\/span><\/span><\/span><\/span><\/p>\n<p style=\"text-align:left\"><span style=\"font-size:16px\"><span style=\"background-color:#ffffff\"><span style=\"font-family:Merriweather,serif !important\"><span style=\"color:#000000\">Rum taraf\u0131n\u0131n ziyaretle ilgili spek\u00fclasyonlar yapt\u0131\u011f\u0131n\u0131 s\u00f6yleyen Tatar, &#8220;G\u00fcya Say\u0131n Genel Sekreter&#8217;in, yine G\u00fcney K\u0131br\u0131s Rum Y\u00f6netimi&#8217;nin (GKRY) talebi \u00fczerine, federal temelli bir \u00e7\u00f6z\u00fcm i\u00e7in bizlere bask\u0131 yapaca\u011f\u0131 \u015feklinde alg\u0131 yaratmaya \u00e7al\u0131\u015f\u0131yorlar. Biz bunu tamamen reddettik.&#8221; dedi.<\/span><\/span><\/span><\/span><\/p>\n<p style=\"text-align:left\"><span style=\"font-size:16px\"><span style=\"background-color:#ffffff\"><span style=\"font-family:Merriweather,serif !important\"><span style=\"color:#000000\">Tatar, bir m\u00fczakere s\u00fcreci ba\u015flayacaksa bunun ancak egemen e\u015fitliklerinin teyidi ko\u015fulunda olabilece\u011fini g\u00f6r\u00fc\u015fmede yeniden aktaraca\u011f\u0131n\u0131 kaydetti.<\/span><\/span><\/span><\/span><\/p>\n<p style=\"text-align:left\"><span style=\"font-size:16px\"><span style=\"background-color:#ffffff\"><span style=\"font-family:Merriweather,serif !important\"><span style=\"color:#000000\">&#8211; &#8220;Ambargo, izolasyon ve birtak\u0131m k\u0131s\u0131tlamalar\u0131n art\u0131k kalkmas\u0131 gerekiyor&#8221;<\/span><\/span><\/span><\/span><\/p>\n<p style=\"text-align:left\"><span style=\"font-size:16px\"><span style=\"background-color:#ffffff\"><span style=\"font-family:Merriweather,serif !important\"><span style=\"color:#000000\">K\u0131br\u0131s T\u00fcrk halk\u0131n\u0131n, 60 y\u0131ld\u0131r ambargo ve izolasyon alt\u0131nda, ekonomik kalk\u0131nma ve geli\u015fmesinin engellendi\u011fini belirten Tatar, bunlar\u0131n kald\u0131r\u0131lmas\u0131 gerekti\u011fini de g\u00f6r\u00fc\u015fme s\u0131ras\u0131nda bir kez daha dile getirece\u011fini s\u00f6yledi.<\/span><\/span><\/span><\/span><\/p>\n<p style=\"text-align:left\"><span style=\"font-size:16px\"><span style=\"background-color:#ffffff\"><span style=\"font-family:Merriweather,serif !important\"><span style=\"color:#000000\">&#8220;Direkt ticaret yok, direkt u\u00e7u\u015f yok, bizim muhataplar\u0131m\u0131zla g\u00f6r\u00fc\u015fme imkan\u0131m\u0131z yok, spor faaliyetlerinde gen\u00e7lerimizin di\u011fer \u00fclke gen\u00e7leri ile spor yapmalar\u0131 i\u00e7in imkan ve f\u0131rsat yok. Futbol dahi oynayam\u0131yoruz.&#8221; diyen Tatar, bu durumun T\u00fcrk ve Rum kesimi aras\u0131nda e\u015fitli\u011fi bozan \u00f6nemli etmenlerden biri oldu\u011funu vurgulad\u0131.<\/span><\/span><\/span><\/span><\/p>\n<p style=\"text-align:left\"><span style=\"font-size:16px\"><span style=\"background-color:#ffffff\"><span style=\"font-family:Merriweather,serif !important\"><span style=\"color:#000000\">BM&#8217;nin T\u00fcrk taraf\u0131na Annan Plan\u0131&#8217;n\u0131 desteklemesi halinde ambargolar\u0131n hafifletilmesi s\u00f6z\u00fc verdi\u011fini hat\u0131rlatan Tatar, &#8220;O zaman\u0131n (BM) Genel Sekreteri Kofi Annan, BM G\u00fcvenlik Konseyi&#8217;ne (BMGK) bir yaz\u0131 yazarak, K\u0131br\u0131sl\u0131 T\u00fcrklerin s\u00f6z\u00fcn\u00fc tuttu\u011funu ve ambargolar\u0131n hafifletilmesi i\u00e7in ad\u0131mlar at\u0131lmas\u0131 gerekti\u011fini belirtti.&#8221; diye konu\u015ftu.<\/span><\/span><\/span><\/span><\/p>\n<p style=\"text-align:left\"><span style=\"font-size:16px\"><span style=\"background-color:#ffffff\"><span style=\"font-family:Merriweather,serif !important\"><span style=\"color:#000000\">Tatar, BMGK&#8217;nin b\u00f6yle bir karar alamad\u0131\u011f\u0131 i\u00e7in 2004&#8217;ten bu yana, 20 y\u0131ld\u0131r ambargo ve izolasyonlar\u0131n ac\u0131mas\u0131zca uyguland\u0131\u011f\u0131n\u0131 dile getirdi.<\/span><\/span><\/span><\/span><\/p>\n<p style=\"text-align:left\"><span style=\"font-size:16px\"><span style=\"background-color:#ffffff\"><span style=\"font-family:Merriweather,serif !important\"><span style=\"color:#000000\">Bunun gibi ambargolara maruz kalmayan ve Avrupa Birli\u011fi&#8217;ne dahil edilen GKRY&#8217;nin T\u00fcrk taraf\u0131yla e\u015fit ko\u015fullarda masaya oturmak gibi bir motivasyonu olmad\u0131\u011f\u0131n\u0131 vurgulayan Tatar, b\u00fct\u00fcn bunlar\u0131n d\u00fczeltilmesini talep edece\u011fini kaydetti.<\/span><\/span><\/span><\/span><\/p>\n<p style=\"text-align:left\"><span style=\"font-size:16px\"><span style=\"background-color:#ffffff\"><span style=\"font-family:Merriweather,serif !important\"><span style=\"color:#000000\">\u00d6zellikle BMGK \u00fcyesi \u00fclkelerin&nbsp;KKTC&#8217;nin talepleri konusunda etkili olabilece\u011fini belirten Tatar, New York&#8217;un taleplerini uluslararas\u0131 camiaya ula\u015ft\u0131rmak i\u00e7in \u00f6nemli bir f\u0131rsat olu\u015fturdu\u011funu ifade etti.<\/span><\/span><\/span><\/span><\/p>\n<p style=\"text-align:left\"><span style=\"font-size:16px\"><span style=\"background-color:#ffffff\"><span style=\"font-family:Merriweather,serif !important\"><span style=\"color:#000000\">T\u00fcrkiye Cumhurba\u015fkan\u0131 Recep Tayyip Erdo\u011fan&#8217;\u0131n,&nbsp;KKTC&#8217;nin tan\u0131nmas\u0131 y\u00f6n\u00fcnde BMGK k\u00fcrs\u00fcs\u00fcnden yapt\u0131\u011f\u0131 \u00e7a\u011fr\u0131lar\u0131 da hat\u0131rlatan Tatar, bu t\u00fcrden diplomatik ortamlarda konu\u015fma haklar\u0131 olmamas\u0131na ra\u011fmen, T\u00fcrkiye&#8217;nin onlar ad\u0131na d\u00fcnyaya seslendi\u011fini ve bunun K\u0131br\u0131s T\u00fcrkleri ad\u0131na \u00e7ok \u00f6nemli bir destek oldu\u011funu vurgulad\u0131.<\/span><\/span><\/span><\/span><\/p>\n<p style=\"text-align:left\"><span style=\"font-size:16px\"><span style=\"background-color:#ffffff\"><span style=\"font-family:Merriweather,serif !important\"><span style=\"color:#000000\">&#8211; T\u00fcrk-Yunan ve T\u00fcrkiye-ABD ili\u015fkilerinde ya\u015fanan olumlu geli\u015fmelerin K\u0131br\u0131s sorununa etkisi<\/span><\/span><\/span><\/span><\/p>\n<p style=\"text-align:left\"><span style=\"font-size:16px\"><span style=\"background-color:#ffffff\"><span style=\"font-family:Merriweather,serif !important\"><span style=\"color:#000000\">Cumhurba\u015fkan\u0131 Erdo\u011fan&#8217;\u0131n tarihi Atina ziyaretinin iki \u00fclke aras\u0131nda yap\u0131c\u0131 ili\u015fkilerin yeniden ba\u015flamas\u0131 a\u00e7\u0131s\u0131ndan bir d\u00f6n\u00fcm noktas\u0131 olmas\u0131na ili\u015fkin &#8220;T\u00fcrkiye&#8217;nin hem ABD hem de kom\u015fusu Yunanistan ile geli\u015fen ili\u015fkilerinin K\u0131br\u0131s sorununa yans\u0131malar\u0131 olur mu?&#8221; sorusunu yan\u0131tlayan Tatar, genelde bir yak\u0131nla\u015fma ba\u015flad\u0131\u011f\u0131nda &#8220;K\u0131br\u0131s T\u00fcrk&#8217;\u00fc arzu etmedi\u011fi bir anla\u015fmaya zorlan\u0131r.&#8221; anlay\u0131\u015f\u0131 oldu\u011funu belirterek &#8220;Ben bunu kabul etmiyorum.&#8221; dedi.<\/span><\/span><\/span><\/span><\/p>\n<p style=\"text-align:left\"><span style=\"font-size:16px\"><span style=\"background-color:#ffffff\"><span style=\"font-family:Merriweather,serif !important\"><span style=\"color:#000000\">Bu yak\u0131nla\u015fman\u0131n, tam tersine, belki de Yunan taraf\u0131n\u0131n da GKRY&#8217;ye bask\u0131 yapmas\u0131n\u0131n \u00f6n\u00fcn\u00fc a\u00e7abilece\u011fini dile getiren&nbsp; Cumhurba\u015fkan\u0131, &#8220;B\u00fct\u00fcn bu yak\u0131nla\u015fmalar belki adaletin yerine getirilmesi i\u00e7in belki Do\u011fu Akdeniz&#8217;de ger\u00e7ek anlamda T\u00fcrk-Yunan dengesinin daha sa\u011fl\u0131kl\u0131 s\u00fcrd\u00fcr\u00fclebilmesi i\u00e7in adaletin yerini bulabilmesi i\u00e7in K\u0131br\u0131s T\u00fcrk halk\u0131n\u0131n, mazlum halk\u0131n hakk\u0131n\u0131, hukukunu almas\u0131 i\u00e7in belki bir ortama vesile olabilir.&#8221; diyerek, ili\u015fkilerin geli\u015fmesine olumlu bakt\u0131\u011f\u0131n\u0131 aktard\u0131.<\/span><\/span><\/span><\/span><\/p>\n<p style=\"text-align:left\"><span style=\"font-size:16px\"><span style=\"background-color:#ffffff\"><span style=\"font-family:Merriweather,serif !important\"><span style=\"color:#000000\">&#8211; &#8220;T\u00fcrkiye Cumhuriyeti&#8217;nin garant\u00f6rl\u00fc\u011f\u00fc ve T\u00fcrk askerinin varl\u0131\u011f\u0131 K\u0131br\u0131s&#8217;ta bar\u0131\u015f\u0131n yegane teminat\u0131&#8221;<\/span><\/span><\/span><\/span><\/p>\n<p style=\"text-align:left\"><span style=\"font-size:16px\"><span style=\"background-color:#ffffff\"><span style=\"font-family:Merriweather,serif !important\"><span style=\"color:#000000\">Tatar, T\u00fcrkiye&#8217;nin deste\u011finin Ada&#8217;daki T\u00fcrk varl\u0131\u011f\u0131 i\u00e7in ta\u015f\u0131d\u0131\u011f\u0131 \u00f6nemi vurgulad\u0131.<\/span><\/span><\/span><\/span><\/p>\n<p style=\"text-align:left\"><span style=\"font-size:16px\"><span style=\"background-color:#ffffff\"><span style=\"font-family:Merriweather,serif !important\"><span style=\"color:#000000\">Son 50 y\u0131ld\u0131r G\u00fcney K\u0131br\u0131s&#8217;ta b\u00fcy\u00fck bir silahlanma oldu\u011funu kaydeden Tatar, radikal unsurlar\u0131n, kilisenin de tetiklemesiyle EOKA \u00f6rg\u00fct\u00fcn\u00fcn Ada&#8217;y\u0131 hala Yunanistan&#8217;a ba\u011flama hayallerini savundu\u011funu hat\u0131rlatan Tatar &#8220;Mutlak suretle T\u00fcrkiye Cumhuriyeti&#8217;nin garant\u00f6rl\u00fc\u011f\u00fc, T\u00fcrk askerinin oradaki cayd\u0131r\u0131c\u0131 g\u00fc\u00e7 olarak varl\u0131\u011f\u0131, K\u0131br\u0131s&#8217;ta bar\u0131\u015f\u0131n yegane teminat\u0131d\u0131r.&#8221; ifadesini kulland\u0131.<\/span><\/span><\/span><\/span><\/p>\n<p style=\"text-align:left\"><span style=\"font-size:16px\"><span style=\"background-color:#ffffff\"><span style=\"font-family:Merriweather,serif !important\"><span style=\"color:#000000\">Bel\u00e7ika&#8217;da mart ay\u0131nda toplanan Avrupa Devlet ve H\u00fck\u00fcmet Ba\u015fkanlar\u0131 Konseyi Zirvesi&#8217;nde BM Genel Sekreteri Guterres, GKRY Lideri Nikos Hristodulidis ile g\u00f6r\u00fc\u015ft\u00fc.&nbsp;KKTC&nbsp;y\u00f6netimi bu durumun Ada&#8217;da iki taraf aras\u0131ndaki e\u015fitlik ilkesine ayk\u0131r\u0131 oldu\u011fu ele\u015ftirisinde bulununca Guterres,&nbsp;KKTC&nbsp;Cumhurba\u015fkan\u0131 Ersin Tatar&#8217;\u0131 BM&#8217;nin New York&#8217;ta bulunan genel merkezine davet etmi\u015fti.<\/span><\/span><\/span><\/span><\/p>\n","protected":false},"excerpt":{"rendered":"<p>Birle\u015fmi\u015f Milletler (BM) Genel Sekreteri Antonio Guterres&#8217;in davetiyle ABD&#8217;ye gelen&nbsp; Cumhurba\u015fkan\u0131 Tatar, ba\u015fkent Washington&#8217;da AA&#8217;n\u0131n sorular\u0131n\u0131 yan\u0131tlad\u0131. \u201cK\u0131br\u0131s&#8217;ta iki ayr\u0131 halk, iki ayr\u0131 otorite oldu\u011funun herkes taraf\u0131ndan kabul edildi\u011fini\u201d ifade eden Tatar, Ada&#8217;da ger\u00e7ek\u00e7i, adil ve s\u00fcrd\u00fcr\u00fclebilir bir anla\u015fma sa\u011flanmas\u0131 i\u00e7in \u00fclkesine uygulanan ambargolar\u0131n bir an \u00f6nce kalkmas\u0131 gerekti\u011fini belirterek &#8220;Art\u0131k K\u0131br\u0131s&#8217;ta oyunun kurallar\u0131n\u0131 de\u011fi\u015ftirmek<\/p>\n","protected":false},"author":1,"featured_media":37156,"comment_status":"open","ping_status":"open","sticky":false,"template":"","format":"standard","meta":{"footnotes":""},"categories":[85],"tags":[],"class_list":["post-37155","post","type-post","status-publish","format-standard","has-post-thumbnail","hentry","category-spor"],"yoast_head":"<!-- This site is optimized with the Yoast SEO plugin v27.4 - https:\/\/yoast.com\/product\/yoast-seo-wordpress\/ -->\n<title>&quot;Art\u0131k K\u0131br\u0131s&#039;ta oyunun kurallar\u0131n\u0131 de\u011fi\u015ftirmek laz\u0131m&quot; -<\/title>\n<meta name=\"robots\" content=\"index, follow, max-snippet:-1, max-image-preview:large, max-video-preview:-1\" \/>\n<link rel=\"canonical\" href=\"https:\/\/kibrisdakik.com\/?p=37155\" \/>\n<meta property=\"og:locale\" content=\"tr_TR\" \/>\n<meta property=\"og:type\" content=\"article\" \/>\n<meta property=\"og:title\" content=\"&quot;Art\u0131k K\u0131br\u0131s&#039;ta oyunun kurallar\u0131n\u0131 de\u011fi\u015ftirmek laz\u0131m&quot; -\" \/>\n<meta property=\"og:description\" content=\"Birle\u015fmi\u015f Milletler (BM) Genel Sekreteri Antonio Guterres&#8217;in davetiyle ABD&#8217;ye gelen&nbsp; Cumhurba\u015fkan\u0131 Tatar, ba\u015fkent Washington&#8217;da AA&#8217;n\u0131n sorular\u0131n\u0131 yan\u0131tlad\u0131. \u201cK\u0131br\u0131s&#8217;ta iki ayr\u0131 halk, iki ayr\u0131 otorite oldu\u011funun herkes taraf\u0131ndan kabul edildi\u011fini\u201d ifade eden Tatar, Ada&#8217;da ger\u00e7ek\u00e7i, adil ve s\u00fcrd\u00fcr\u00fclebilir bir anla\u015fma sa\u011flanmas\u0131 i\u00e7in \u00fclkesine uygulanan ambargolar\u0131n bir an \u00f6nce kalkmas\u0131 gerekti\u011fini belirterek &#8220;Art\u0131k K\u0131br\u0131s&#8217;ta oyunun kurallar\u0131n\u0131 de\u011fi\u015ftirmek\" \/>\n<meta property=\"og:url\" content=\"https:\/\/kibrisdakik.com\/?p=37155\" \/>\n<meta property=\"article:published_time\" content=\"2024-04-05T09:44:01+00:00\" \/>\n<meta property=\"og:image\" content=\"https:\/\/kibrisdakik.com\/wp-content\/uploads\/2024\/04\/artik-kibrista-oyunun-kurallarini-degistirmek-lazim-1712309473.webp.webp\" \/>\n\t<meta property=\"og:image:width\" content=\"710\" \/>\n\t<meta property=\"og:image:height\" content=\"370\" \/>\n\t<meta property=\"og:image:type\" content=\"image\/webp\" \/>\n<meta name=\"author\" content=\"admin\" \/>\n<meta name=\"twitter:card\" content=\"summary_large_image\" \/>\n<meta name=\"twitter:label1\" content=\"Yazan:\" \/>\n\t<meta name=\"twitter:data1\" content=\"admin\" \/>\n\t<meta name=\"twitter:label2\" content=\"Tahmini okuma s\u00fcresi\" \/>\n\t<meta name=\"twitter:data2\" content=\"5 dakika\" \/>\n<script type=\"application\/ld+json\" class=\"yoast-schema-graph\">{\"@context\":\"https:\\\/\\\/schema.org\",\"@graph\":[{\"@type\":\"Article\",\"@id\":\"https:\\\/\\\/kibrisdakik.com\\\/?p=37155#article\",\"isPartOf\":{\"@id\":\"https:\\\/\\\/kibrisdakik.com\\\/?p=37155\"},\"author\":{\"name\":\"admin\",\"@id\":\"https:\\\/\\\/kibrisdakik.com\\\/#\\\/schema\\\/person\\\/9cd9d437bbb44f72b73ba127e06d8e79\"},\"headline\":\"&quot;Art\u0131k K\u0131br\u0131s&#039;ta oyunun kurallar\u0131n\u0131 de\u011fi\u015ftirmek laz\u0131m&quot;\",\"datePublished\":\"2024-04-05T09:44:01+00:00\",\"mainEntityOfPage\":{\"@id\":\"https:\\\/\\\/kibrisdakik.com\\\/?p=37155\"},\"wordCount\":963,\"commentCount\":0,\"image\":{\"@id\":\"https:\\\/\\\/kibrisdakik.com\\\/?p=37155#primaryimage\"},\"thumbnailUrl\":\"https:\\\/\\\/kibrisdakik.com\\\/wp-content\\\/uploads\\\/2024\\\/04\\\/artik-kibrista-oyunun-kurallarini-degistirmek-lazim-1712309473.webp.webp\",\"articleSection\":[\"Spor\"],\"inLanguage\":\"tr\",\"potentialAction\":[{\"@type\":\"CommentAction\",\"name\":\"Comment\",\"target\":[\"https:\\\/\\\/kibrisdakik.com\\\/?p=37155#respond\"]}]},{\"@type\":\"WebPage\",\"@id\":\"https:\\\/\\\/kibrisdakik.com\\\/?p=37155\",\"url\":\"https:\\\/\\\/kibrisdakik.com\\\/?p=37155\",\"name\":\"&quot;Art\u0131k K\u0131br\u0131s&#039;ta oyunun kurallar\u0131n\u0131 de\u011fi\u015ftirmek laz\u0131m&quot; -\",\"isPartOf\":{\"@id\":\"https:\\\/\\\/kibrisdakik.com\\\/#website\"},\"primaryImageOfPage\":{\"@id\":\"https:\\\/\\\/kibrisdakik.com\\\/?p=37155#primaryimage\"},\"image\":{\"@id\":\"https:\\\/\\\/kibrisdakik.com\\\/?p=37155#primaryimage\"},\"thumbnailUrl\":\"https:\\\/\\\/kibrisdakik.com\\\/wp-content\\\/uploads\\\/2024\\\/04\\\/artik-kibrista-oyunun-kurallarini-degistirmek-lazim-1712309473.webp.webp\",\"datePublished\":\"2024-04-05T09:44:01+00:00\",\"author\":{\"@id\":\"https:\\\/\\\/kibrisdakik.com\\\/#\\\/schema\\\/person\\\/9cd9d437bbb44f72b73ba127e06d8e79\"},\"breadcrumb\":{\"@id\":\"https:\\\/\\\/kibrisdakik.com\\\/?p=37155#breadcrumb\"},\"inLanguage\":\"tr\",\"potentialAction\":[{\"@type\":\"ReadAction\",\"target\":[\"https:\\\/\\\/kibrisdakik.com\\\/?p=37155\"]}]},{\"@type\":\"ImageObject\",\"inLanguage\":\"tr\",\"@id\":\"https:\\\/\\\/kibrisdakik.com\\\/?p=37155#primaryimage\",\"url\":\"https:\\\/\\\/kibrisdakik.com\\\/wp-content\\\/uploads\\\/2024\\\/04\\\/artik-kibrista-oyunun-kurallarini-degistirmek-lazim-1712309473.webp.webp\",\"contentUrl\":\"https:\\\/\\\/kibrisdakik.com\\\/wp-content\\\/uploads\\\/2024\\\/04\\\/artik-kibrista-oyunun-kurallarini-degistirmek-lazim-1712309473.webp.webp\",\"width\":710,\"height\":370},{\"@type\":\"BreadcrumbList\",\"@id\":\"https:\\\/\\\/kibrisdakik.com\\\/?p=37155#breadcrumb\",\"itemListElement\":[{\"@type\":\"ListItem\",\"position\":1,\"name\":\"Home\",\"item\":\"https:\\\/\\\/kibrisdakik.com\\\/\"},{\"@type\":\"ListItem\",\"position\":2,\"name\":\"&quot;Art\u0131k K\u0131br\u0131s&#039;ta oyunun kurallar\u0131n\u0131 de\u011fi\u015ftirmek laz\u0131m&quot;\"}]},{\"@type\":\"WebSite\",\"@id\":\"https:\\\/\\\/kibrisdakik.com\\\/#website\",\"url\":\"https:\\\/\\\/kibrisdakik.com\\\/\",\"name\":\"\",\"description\":\"Tam vaktinde haber\",\"potentialAction\":[{\"@type\":\"SearchAction\",\"target\":{\"@type\":\"EntryPoint\",\"urlTemplate\":\"https:\\\/\\\/kibrisdakik.com\\\/?s={search_term_string}\"},\"query-input\":{\"@type\":\"PropertyValueSpecification\",\"valueRequired\":true,\"valueName\":\"search_term_string\"}}],\"inLanguage\":\"tr\"},{\"@type\":\"Person\",\"@id\":\"https:\\\/\\\/kibrisdakik.com\\\/#\\\/schema\\\/person\\\/9cd9d437bbb44f72b73ba127e06d8e79\",\"name\":\"admin\",\"image\":{\"@type\":\"ImageObject\",\"inLanguage\":\"tr\",\"@id\":\"https:\\\/\\\/secure.gravatar.com\\\/avatar\\\/ccc17943b9d660506c869530f897617f7cb1c21a4bf30023f252596d83e1f007?s=96&d=mm&r=g\",\"url\":\"https:\\\/\\\/secure.gravatar.com\\\/avatar\\\/ccc17943b9d660506c869530f897617f7cb1c21a4bf30023f252596d83e1f007?s=96&d=mm&r=g\",\"contentUrl\":\"https:\\\/\\\/secure.gravatar.com\\\/avatar\\\/ccc17943b9d660506c869530f897617f7cb1c21a4bf30023f252596d83e1f007?s=96&d=mm&r=g\",\"caption\":\"admin\"},\"sameAs\":[\"https:\\\/\\\/kibrisdakik.com\"],\"url\":\"https:\\\/\\\/kibrisdakik.com\\\/?author=1\"}]}<\/script>\n<!-- \/ Yoast SEO plugin. -->","yoast_head_json":{"title":"&quot;Art\u0131k K\u0131br\u0131s&#039;ta oyunun kurallar\u0131n\u0131 de\u011fi\u015ftirmek laz\u0131m&quot; -","robots":{"index":"index","follow":"follow","max-snippet":"max-snippet:-1","max-image-preview":"max-image-preview:large","max-video-preview":"max-video-preview:-1"},"canonical":"https:\/\/kibrisdakik.com\/?p=37155","og_locale":"tr_TR","og_type":"article","og_title":"&quot;Art\u0131k K\u0131br\u0131s&#039;ta oyunun kurallar\u0131n\u0131 de\u011fi\u015ftirmek laz\u0131m&quot; -","og_description":"Birle\u015fmi\u015f Milletler (BM) Genel Sekreteri Antonio Guterres&#8217;in davetiyle ABD&#8217;ye gelen&nbsp; Cumhurba\u015fkan\u0131 Tatar, ba\u015fkent Washington&#8217;da AA&#8217;n\u0131n sorular\u0131n\u0131 yan\u0131tlad\u0131. \u201cK\u0131br\u0131s&#8217;ta iki ayr\u0131 halk, iki ayr\u0131 otorite oldu\u011funun herkes taraf\u0131ndan kabul edildi\u011fini\u201d ifade eden Tatar, Ada&#8217;da ger\u00e7ek\u00e7i, adil ve s\u00fcrd\u00fcr\u00fclebilir bir anla\u015fma sa\u011flanmas\u0131 i\u00e7in \u00fclkesine uygulanan ambargolar\u0131n bir an \u00f6nce kalkmas\u0131 gerekti\u011fini belirterek &#8220;Art\u0131k K\u0131br\u0131s&#8217;ta oyunun kurallar\u0131n\u0131 de\u011fi\u015ftirmek","og_url":"https:\/\/kibrisdakik.com\/?p=37155","article_published_time":"2024-04-05T09:44:01+00:00","og_image":[{"width":710,"height":370,"url":"https:\/\/kibrisdakik.com\/wp-content\/uploads\/2024\/04\/artik-kibrista-oyunun-kurallarini-degistirmek-lazim-1712309473.webp.webp","type":"image\/webp"}],"author":"admin","twitter_card":"summary_large_image","twitter_misc":{"Yazan:":"admin","Tahmini okuma s\u00fcresi":"5 dakika"},"schema":{"@context":"https:\/\/schema.org","@graph":[{"@type":"Article","@id":"https:\/\/kibrisdakik.com\/?p=37155#article","isPartOf":{"@id":"https:\/\/kibrisdakik.com\/?p=37155"},"author":{"name":"admin","@id":"https:\/\/kibrisdakik.com\/#\/schema\/person\/9cd9d437bbb44f72b73ba127e06d8e79"},"headline":"&quot;Art\u0131k K\u0131br\u0131s&#039;ta oyunun kurallar\u0131n\u0131 de\u011fi\u015ftirmek laz\u0131m&quot;","datePublished":"2024-04-05T09:44:01+00:00","mainEntityOfPage":{"@id":"https:\/\/kibrisdakik.com\/?p=37155"},"wordCount":963,"commentCount":0,"image":{"@id":"https:\/\/kibrisdakik.com\/?p=37155#primaryimage"},"thumbnailUrl":"https:\/\/kibrisdakik.com\/wp-content\/uploads\/2024\/04\/artik-kibrista-oyunun-kurallarini-degistirmek-lazim-1712309473.webp.webp","articleSection":["Spor"],"inLanguage":"tr","potentialAction":[{"@type":"CommentAction","name":"Comment","target":["https:\/\/kibrisdakik.com\/?p=37155#respond"]}]},{"@type":"WebPage","@id":"https:\/\/kibrisdakik.com\/?p=37155","url":"https:\/\/kibrisdakik.com\/?p=37155","name":"&quot;Art\u0131k K\u0131br\u0131s&#039;ta oyunun kurallar\u0131n\u0131 de\u011fi\u015ftirmek laz\u0131m&quot; -","isPartOf":{"@id":"https:\/\/kibrisdakik.com\/#website"},"primaryImageOfPage":{"@id":"https:\/\/kibrisdakik.com\/?p=37155#primaryimage"},"image":{"@id":"https:\/\/kibrisdakik.com\/?p=37155#primaryimage"},"thumbnailUrl":"https:\/\/kibrisdakik.com\/wp-content\/uploads\/2024\/04\/artik-kibrista-oyunun-kurallarini-degistirmek-lazim-1712309473.webp.webp","datePublished":"2024-04-05T09:44:01+00:00","author":{"@id":"https:\/\/kibrisdakik.com\/#\/schema\/person\/9cd9d437bbb44f72b73ba127e06d8e79"},"breadcrumb":{"@id":"https:\/\/kibrisdakik.com\/?p=37155#breadcrumb"},"inLanguage":"tr","potentialAction":[{"@type":"ReadAction","target":["https:\/\/kibrisdakik.com\/?p=37155"]}]},{"@type":"ImageObject","inLanguage":"tr","@id":"https:\/\/kibrisdakik.com\/?p=37155#primaryimage","url":"https:\/\/kibrisdakik.com\/wp-content\/uploads\/2024\/04\/artik-kibrista-oyunun-kurallarini-degistirmek-lazim-1712309473.webp.webp","contentUrl":"https:\/\/kibrisdakik.com\/wp-content\/uploads\/2024\/04\/artik-kibrista-oyunun-kurallarini-degistirmek-lazim-1712309473.webp.webp","width":710,"height":370},{"@type":"BreadcrumbList","@id":"https:\/\/kibrisdakik.com\/?p=37155#breadcrumb","itemListElement":[{"@type":"ListItem","position":1,"name":"Home","item":"https:\/\/kibrisdakik.com\/"},{"@type":"ListItem","position":2,"name":"&quot;Art\u0131k K\u0131br\u0131s&#039;ta oyunun kurallar\u0131n\u0131 de\u011fi\u015ftirmek laz\u0131m&quot;"}]},{"@type":"WebSite","@id":"https:\/\/kibrisdakik.com\/#website","url":"https:\/\/kibrisdakik.com\/","name":"","description":"Tam vaktinde haber","potentialAction":[{"@type":"SearchAction","target":{"@type":"EntryPoint","urlTemplate":"https:\/\/kibrisdakik.com\/?s={search_term_string}"},"query-input":{"@type":"PropertyValueSpecification","valueRequired":true,"valueName":"search_term_string"}}],"inLanguage":"tr"},{"@type":"Person","@id":"https:\/\/kibrisdakik.com\/#\/schema\/person\/9cd9d437bbb44f72b73ba127e06d8e79","name":"admin","image":{"@type":"ImageObject","inLanguage":"tr","@id":"https:\/\/secure.gravatar.com\/avatar\/ccc17943b9d660506c869530f897617f7cb1c21a4bf30023f252596d83e1f007?s=96&d=mm&r=g","url":"https:\/\/secure.gravatar.com\/avatar\/ccc17943b9d660506c869530f897617f7cb1c21a4bf30023f252596d83e1f007?s=96&d=mm&r=g","contentUrl":"https:\/\/secure.gravatar.com\/avatar\/ccc17943b9d660506c869530f897617f7cb1c21a4bf30023f252596d83e1f007?s=96&d=mm&r=g","caption":"admin"},"sameAs":["https:\/\/kibrisdakik.com"],"url":"https:\/\/kibrisdakik.com\/?author=1"}]}},"_links":{"self":[{"href":"https:\/\/kibrisdakik.com\/index.php?rest_route=\/wp\/v2\/posts\/37155","targetHints":{"allow":["GET"]}}],"collection":[{"href":"https:\/\/kibrisdakik.com\/index.php?rest_route=\/wp\/v2\/posts"}],"about":[{"href":"https:\/\/kibrisdakik.com\/index.php?rest_route=\/wp\/v2\/types\/post"}],"author":[{"embeddable":true,"href":"https:\/\/kibrisdakik.com\/index.php?rest_route=\/wp\/v2\/users\/1"}],"replies":[{"embeddable":true,"href":"https:\/\/kibrisdakik.com\/index.php?rest_route=%2Fwp%2Fv2%2Fcomments&post=37155"}],"version-history":[{"count":0,"href":"https:\/\/kibrisdakik.com\/index.php?rest_route=\/wp\/v2\/posts\/37155\/revisions"}],"wp:featuredmedia":[{"embeddable":true,"href":"https:\/\/kibrisdakik.com\/index.php?rest_route=\/wp\/v2\/media\/37156"}],"wp:attachment":[{"href":"https:\/\/kibrisdakik.com\/index.php?rest_route=%2Fwp%2Fv2%2Fmedia&parent=37155"}],"wp:term":[{"taxonomy":"category","embeddable":true,"href":"https:\/\/kibrisdakik.com\/index.php?rest_route=%2Fwp%2Fv2%2Fcategories&post=37155"},{"taxonomy":"post_tag","embeddable":true,"href":"https:\/\/kibrisdakik.com\/index.php?rest_route=%2Fwp%2Fv2%2Ftags&post=37155"}],"curies":[{"name":"wp","href":"https:\/\/api.w.org\/{rel}","templated":true}]}}