{"id":3719,"date":"2023-03-21T17:11:10","date_gmt":"2023-03-21T17:11:10","guid":{"rendered":"https:\/\/kibrisdakik.com\/index.php\/2023\/03\/21\/selvili-tepe-birkan-uzun-selvili-tepesi-olarak-yeniden-isimlendiriliyor\/"},"modified":"2023-03-21T17:11:10","modified_gmt":"2023-03-21T17:11:10","slug":"selvili-tepe-birkan-uzun-selvili-tepesi-olarak-yeniden-isimlendiriliyor","status":"publish","type":"post","link":"https:\/\/kibrisdakik.com\/?p=3719","title":{"rendered":"Selvili Tepe \u201cBirkan Uzun Selvili Tepesi\u201d olarak yeniden isimlendiriliyor"},"content":{"rendered":"<p><\/p>\n<div>\n<div class=\"mariselle-image-container none\">\n                <img width=\"850\" height=\"478\" class=\"lazy-image\" alt=\"\" decoding=\"async\" loading=\"lazy\" sizes=\"auto, (max-width: 850px) 100vw, 850px\" src=\"https:\/\/brtk.net\/wp-content\/uploads\/2023\/03\/21\/birkan-uzun.jpg?ver=19527df2d6cbaff368bef55358561f8a\" srcset=\"https:\/\/brtk.net\/wp-content\/uploads\/2023\/03\/21\/birkan-uzun.jpg?ver=19527df2d6cbaff368bef55358561f8a 850w, https:\/\/brtk.net\/wp-content\/uploads\/2023\/03\/21\/birkan-uzun-300x169.jpg?ver=19527df2d6cbaff368bef55358561f8a 300w, https:\/\/brtk.net\/wp-content\/uploads\/2023\/03\/21\/birkan-uzun-768x432.jpg?ver=19527df2d6cbaff368bef55358561f8a 768w\"\/>                            <\/div>\n<p>Bakanlar Kurulu, Birkan Uzun\u2019un ad\u0131n\u0131n ya\u015fat\u0131lmas\u0131 amac\u0131yla Kuzey K\u0131br\u0131s T\u00fcrk Cumhuriyeti\u2019nin en y\u00fcksek noktas\u0131 olan Selvili Tepe\u2019nin, \u201cBirkan Uzun Selvili Tepesi\u201d olarak yeniden isimlendirilmesi karar\u0131 \u00fcretti.<\/p>\n<p>Bakanlar Kurulu\u2019nda al\u0131nanan kararnamede, \u201c16 Aral\u0131k 2021 tarihinde Antartika\u2019n\u0131n en y\u00fcksek noktas\u0131 olan Vinson Da\u011f\u0131\u2019n\u0131n zirvesine ula\u015farak <a href=\"https:\/\/brtk.net\/\">KKTC<\/a> bayra\u011f\u0131n\u0131 dalgaland\u0131ran ancak 1 Ocak 2022 tarihinde ABD\u2019de ge\u00e7irdi\u011fi talihsiz kaza sonucu hayat\u0131n\u0131 kaybeden Birkan Uzun\u2019un ad\u0131n\u0131n ya\u015fat\u0131lmas\u0131 amac\u0131yla Kuzey K\u0131br\u0131s T\u00fcrk Cumhuriyeti\u2019nin en y\u00fcksek noktas\u0131 olan Selvili Tepe\u2019nin \u2018Birkan Uzun Selvili Tepesi\u2019 olarak yeniden isimlendirilmesine karar vermi\u015ftir\u201d ifadelerine yer verildi.<\/p>\n<p>Bu kararla yar\u0131n saat 15.00\u2019de Selvili Tepe\u2019de Ba\u015fbakan \u00dcnal \u00dcstel ile Bay\u0131nd\u0131rl\u0131k ve Ula\u015ft\u0131rma Bakan\u0131 Erhan Ar\u0131kl\u0131 yan\u0131s\u0131ra Birkan Uzun\u2019un ailesinin de kat\u0131laca\u011f\u0131 t\u00f6renle, \u201cBirkan Uzun Selvili Tepe\u201d levhalar\u0131n\u0131n gerekli yerlere Karayollar\u0131 Dairesi personelleri taraf\u0131ndan montesi ger\u00e7ekle\u015ftirilecek.<\/p>\n<\/p><\/div>\n<p><script async\n                    defer\n                    crossorigin=\"anonymous\"\n                    src=\"https:\/\/connect.facebook.net\/tr_TR\/sdk.js#xfbml=1&#038;version=v3.3\"\n            ><\/script><\/p>\n","protected":false},"excerpt":{"rendered":"<p>Bakanlar Kurulu, Birkan Uzun\u2019un ad\u0131n\u0131n ya\u015fat\u0131lmas\u0131 amac\u0131yla Kuzey K\u0131br\u0131s T\u00fcrk Cumhuriyeti\u2019nin en y\u00fcksek noktas\u0131 olan Selvili Tepe\u2019nin, \u201cBirkan Uzun Selvili Tepesi\u201d olarak yeniden isimlendirilmesi karar\u0131 \u00fcretti. Bakanlar Kurulu\u2019nda al\u0131nanan kararnamede, \u201c16 Aral\u0131k 2021 tarihinde Antartika\u2019n\u0131n en y\u00fcksek noktas\u0131 olan Vinson Da\u011f\u0131\u2019n\u0131n zirvesine ula\u015farak KKTC bayra\u011f\u0131n\u0131 dalgaland\u0131ran ancak 1 Ocak 2022 tarihinde ABD\u2019de ge\u00e7irdi\u011fi talihsiz kaza<\/p>\n","protected":false},"author":1,"featured_media":3720,"comment_status":"open","ping_status":"open","sticky":false,"template":"","format":"standard","meta":{"footnotes":""},"categories":[1],"tags":[],"class_list":["post-3719","post","type-post","status-publish","format-standard","has-post-thumbnail","hentry","category-gundem"],"yoast_head":"<!-- This site is optimized with the Yoast SEO plugin v27.5 - https:\/\/yoast.com\/product\/yoast-seo-wordpress\/ -->\n<title>Selvili Tepe \u201cBirkan Uzun Selvili Tepesi\u201d olarak yeniden isimlendiriliyor -<\/title>\n<meta name=\"robots\" content=\"index, follow, max-snippet:-1, max-image-preview:large, max-video-preview:-1\" \/>\n<link rel=\"canonical\" href=\"https:\/\/kibrisdakik.com\/?p=3719\" \/>\n<meta property=\"og:locale\" content=\"tr_TR\" \/>\n<meta property=\"og:type\" content=\"article\" \/>\n<meta property=\"og:title\" content=\"Selvili Tepe \u201cBirkan Uzun Selvili Tepesi\u201d olarak yeniden isimlendiriliyor -\" \/>\n<meta property=\"og:description\" content=\"Bakanlar Kurulu, Birkan Uzun\u2019un ad\u0131n\u0131n ya\u015fat\u0131lmas\u0131 amac\u0131yla Kuzey K\u0131br\u0131s T\u00fcrk Cumhuriyeti\u2019nin en y\u00fcksek noktas\u0131 olan Selvili Tepe\u2019nin, \u201cBirkan Uzun Selvili Tepesi\u201d olarak yeniden isimlendirilmesi karar\u0131 \u00fcretti. Bakanlar Kurulu\u2019nda al\u0131nanan kararnamede, \u201c16 Aral\u0131k 2021 tarihinde Antartika\u2019n\u0131n en y\u00fcksek noktas\u0131 olan Vinson Da\u011f\u0131\u2019n\u0131n zirvesine ula\u015farak KKTC bayra\u011f\u0131n\u0131 dalgaland\u0131ran ancak 1 Ocak 2022 tarihinde ABD\u2019de ge\u00e7irdi\u011fi talihsiz kaza\" \/>\n<meta property=\"og:url\" content=\"https:\/\/kibrisdakik.com\/?p=3719\" \/>\n<meta property=\"article:published_time\" content=\"2023-03-21T17:11:10+00:00\" \/>\n<meta property=\"og:image\" content=\"https:\/\/kibrisdakik.com\/wp-content\/uploads\/2023\/03\/birkan-uzun-740x420.jpg\" \/>\n\t<meta property=\"og:image:width\" content=\"850\" \/>\n\t<meta property=\"og:image:height\" content=\"478\" \/>\n\t<meta property=\"og:image:type\" content=\"image\/jpeg\" \/>\n<meta name=\"author\" content=\"admin\" \/>\n<meta name=\"twitter:card\" content=\"summary_large_image\" \/>\n<meta name=\"twitter:label1\" content=\"Yazan:\" \/>\n\t<meta name=\"twitter:data1\" content=\"admin\" \/>\n\t<meta name=\"twitter:label2\" content=\"Tahmini okuma s\u00fcresi\" \/>\n\t<meta name=\"twitter:data2\" content=\"1 dakika\" \/>\n<script type=\"application\/ld+json\" class=\"yoast-schema-graph\">{\"@context\":\"https:\\\/\\\/schema.org\",\"@graph\":[{\"@type\":\"Article\",\"@id\":\"https:\\\/\\\/kibrisdakik.com\\\/?p=3719#article\",\"isPartOf\":{\"@id\":\"https:\\\/\\\/kibrisdakik.com\\\/?p=3719\"},\"author\":{\"name\":\"admin\",\"@id\":\"https:\\\/\\\/kibrisdakik.com\\\/#\\\/schema\\\/person\\\/9cd9d437bbb44f72b73ba127e06d8e79\"},\"headline\":\"Selvili Tepe \u201cBirkan Uzun Selvili Tepesi\u201d olarak yeniden isimlendiriliyor\",\"datePublished\":\"2023-03-21T17:11:10+00:00\",\"mainEntityOfPage\":{\"@id\":\"https:\\\/\\\/kibrisdakik.com\\\/?p=3719\"},\"wordCount\":186,\"commentCount\":0,\"image\":{\"@id\":\"https:\\\/\\\/kibrisdakik.com\\\/?p=3719#primaryimage\"},\"thumbnailUrl\":\"https:\\\/\\\/kibrisdakik.com\\\/wp-content\\\/uploads\\\/2023\\\/03\\\/birkan-uzun-740x420.jpg\",\"articleSection\":[\"G\u00fcndem\"],\"inLanguage\":\"tr\",\"potentialAction\":[{\"@type\":\"CommentAction\",\"name\":\"Comment\",\"target\":[\"https:\\\/\\\/kibrisdakik.com\\\/?p=3719#respond\"]}]},{\"@type\":\"WebPage\",\"@id\":\"https:\\\/\\\/kibrisdakik.com\\\/?p=3719\",\"url\":\"https:\\\/\\\/kibrisdakik.com\\\/?p=3719\",\"name\":\"Selvili Tepe \u201cBirkan Uzun Selvili Tepesi\u201d olarak yeniden isimlendiriliyor -\",\"isPartOf\":{\"@id\":\"https:\\\/\\\/kibrisdakik.com\\\/#website\"},\"primaryImageOfPage\":{\"@id\":\"https:\\\/\\\/kibrisdakik.com\\\/?p=3719#primaryimage\"},\"image\":{\"@id\":\"https:\\\/\\\/kibrisdakik.com\\\/?p=3719#primaryimage\"},\"thumbnailUrl\":\"https:\\\/\\\/kibrisdakik.com\\\/wp-content\\\/uploads\\\/2023\\\/03\\\/birkan-uzun-740x420.jpg\",\"datePublished\":\"2023-03-21T17:11:10+00:00\",\"author\":{\"@id\":\"https:\\\/\\\/kibrisdakik.com\\\/#\\\/schema\\\/person\\\/9cd9d437bbb44f72b73ba127e06d8e79\"},\"breadcrumb\":{\"@id\":\"https:\\\/\\\/kibrisdakik.com\\\/?p=3719#breadcrumb\"},\"inLanguage\":\"tr\",\"potentialAction\":[{\"@type\":\"ReadAction\",\"target\":[\"https:\\\/\\\/kibrisdakik.com\\\/?p=3719\"]}]},{\"@type\":\"ImageObject\",\"inLanguage\":\"tr\",\"@id\":\"https:\\\/\\\/kibrisdakik.com\\\/?p=3719#primaryimage\",\"url\":\"https:\\\/\\\/kibrisdakik.com\\\/wp-content\\\/uploads\\\/2023\\\/03\\\/birkan-uzun-740x420.jpg\",\"contentUrl\":\"https:\\\/\\\/kibrisdakik.com\\\/wp-content\\\/uploads\\\/2023\\\/03\\\/birkan-uzun-740x420.jpg\",\"width\":850,\"height\":478},{\"@type\":\"BreadcrumbList\",\"@id\":\"https:\\\/\\\/kibrisdakik.com\\\/?p=3719#breadcrumb\",\"itemListElement\":[{\"@type\":\"ListItem\",\"position\":1,\"name\":\"Home\",\"item\":\"https:\\\/\\\/kibrisdakik.com\\\/\"},{\"@type\":\"ListItem\",\"position\":2,\"name\":\"Selvili Tepe \u201cBirkan Uzun Selvili Tepesi\u201d olarak yeniden isimlendiriliyor\"}]},{\"@type\":\"WebSite\",\"@id\":\"https:\\\/\\\/kibrisdakik.com\\\/#website\",\"url\":\"https:\\\/\\\/kibrisdakik.com\\\/\",\"name\":\"\",\"description\":\"Tam vaktinde haber\",\"potentialAction\":[{\"@type\":\"SearchAction\",\"target\":{\"@type\":\"EntryPoint\",\"urlTemplate\":\"https:\\\/\\\/kibrisdakik.com\\\/?s={search_term_string}\"},\"query-input\":{\"@type\":\"PropertyValueSpecification\",\"valueRequired\":true,\"valueName\":\"search_term_string\"}}],\"inLanguage\":\"tr\"},{\"@type\":\"Person\",\"@id\":\"https:\\\/\\\/kibrisdakik.com\\\/#\\\/schema\\\/person\\\/9cd9d437bbb44f72b73ba127e06d8e79\",\"name\":\"admin\",\"image\":{\"@type\":\"ImageObject\",\"inLanguage\":\"tr\",\"@id\":\"https:\\\/\\\/secure.gravatar.com\\\/avatar\\\/ccc17943b9d660506c869530f897617f7cb1c21a4bf30023f252596d83e1f007?s=96&d=mm&r=g\",\"url\":\"https:\\\/\\\/secure.gravatar.com\\\/avatar\\\/ccc17943b9d660506c869530f897617f7cb1c21a4bf30023f252596d83e1f007?s=96&d=mm&r=g\",\"contentUrl\":\"https:\\\/\\\/secure.gravatar.com\\\/avatar\\\/ccc17943b9d660506c869530f897617f7cb1c21a4bf30023f252596d83e1f007?s=96&d=mm&r=g\",\"caption\":\"admin\"},\"sameAs\":[\"https:\\\/\\\/kibrisdakik.com\"],\"url\":\"https:\\\/\\\/kibrisdakik.com\\\/?author=1\"}]}<\/script>\n<!-- \/ Yoast SEO plugin. -->","yoast_head_json":{"title":"Selvili Tepe \u201cBirkan Uzun Selvili Tepesi\u201d olarak yeniden isimlendiriliyor -","robots":{"index":"index","follow":"follow","max-snippet":"max-snippet:-1","max-image-preview":"max-image-preview:large","max-video-preview":"max-video-preview:-1"},"canonical":"https:\/\/kibrisdakik.com\/?p=3719","og_locale":"tr_TR","og_type":"article","og_title":"Selvili Tepe \u201cBirkan Uzun Selvili Tepesi\u201d olarak yeniden isimlendiriliyor -","og_description":"Bakanlar Kurulu, Birkan Uzun\u2019un ad\u0131n\u0131n ya\u015fat\u0131lmas\u0131 amac\u0131yla Kuzey K\u0131br\u0131s T\u00fcrk Cumhuriyeti\u2019nin en y\u00fcksek noktas\u0131 olan Selvili Tepe\u2019nin, \u201cBirkan Uzun Selvili Tepesi\u201d olarak yeniden isimlendirilmesi karar\u0131 \u00fcretti. Bakanlar Kurulu\u2019nda al\u0131nanan kararnamede, \u201c16 Aral\u0131k 2021 tarihinde Antartika\u2019n\u0131n en y\u00fcksek noktas\u0131 olan Vinson Da\u011f\u0131\u2019n\u0131n zirvesine ula\u015farak KKTC bayra\u011f\u0131n\u0131 dalgaland\u0131ran ancak 1 Ocak 2022 tarihinde ABD\u2019de ge\u00e7irdi\u011fi talihsiz kaza","og_url":"https:\/\/kibrisdakik.com\/?p=3719","article_published_time":"2023-03-21T17:11:10+00:00","og_image":[{"width":850,"height":478,"url":"https:\/\/kibrisdakik.com\/wp-content\/uploads\/2023\/03\/birkan-uzun-740x420.jpg","type":"image\/jpeg"}],"author":"admin","twitter_card":"summary_large_image","twitter_misc":{"Yazan:":"admin","Tahmini okuma s\u00fcresi":"1 dakika"},"schema":{"@context":"https:\/\/schema.org","@graph":[{"@type":"Article","@id":"https:\/\/kibrisdakik.com\/?p=3719#article","isPartOf":{"@id":"https:\/\/kibrisdakik.com\/?p=3719"},"author":{"name":"admin","@id":"https:\/\/kibrisdakik.com\/#\/schema\/person\/9cd9d437bbb44f72b73ba127e06d8e79"},"headline":"Selvili Tepe \u201cBirkan Uzun Selvili Tepesi\u201d olarak yeniden isimlendiriliyor","datePublished":"2023-03-21T17:11:10+00:00","mainEntityOfPage":{"@id":"https:\/\/kibrisdakik.com\/?p=3719"},"wordCount":186,"commentCount":0,"image":{"@id":"https:\/\/kibrisdakik.com\/?p=3719#primaryimage"},"thumbnailUrl":"https:\/\/kibrisdakik.com\/wp-content\/uploads\/2023\/03\/birkan-uzun-740x420.jpg","articleSection":["G\u00fcndem"],"inLanguage":"tr","potentialAction":[{"@type":"CommentAction","name":"Comment","target":["https:\/\/kibrisdakik.com\/?p=3719#respond"]}]},{"@type":"WebPage","@id":"https:\/\/kibrisdakik.com\/?p=3719","url":"https:\/\/kibrisdakik.com\/?p=3719","name":"Selvili Tepe \u201cBirkan Uzun Selvili Tepesi\u201d olarak yeniden isimlendiriliyor -","isPartOf":{"@id":"https:\/\/kibrisdakik.com\/#website"},"primaryImageOfPage":{"@id":"https:\/\/kibrisdakik.com\/?p=3719#primaryimage"},"image":{"@id":"https:\/\/kibrisdakik.com\/?p=3719#primaryimage"},"thumbnailUrl":"https:\/\/kibrisdakik.com\/wp-content\/uploads\/2023\/03\/birkan-uzun-740x420.jpg","datePublished":"2023-03-21T17:11:10+00:00","author":{"@id":"https:\/\/kibrisdakik.com\/#\/schema\/person\/9cd9d437bbb44f72b73ba127e06d8e79"},"breadcrumb":{"@id":"https:\/\/kibrisdakik.com\/?p=3719#breadcrumb"},"inLanguage":"tr","potentialAction":[{"@type":"ReadAction","target":["https:\/\/kibrisdakik.com\/?p=3719"]}]},{"@type":"ImageObject","inLanguage":"tr","@id":"https:\/\/kibrisdakik.com\/?p=3719#primaryimage","url":"https:\/\/kibrisdakik.com\/wp-content\/uploads\/2023\/03\/birkan-uzun-740x420.jpg","contentUrl":"https:\/\/kibrisdakik.com\/wp-content\/uploads\/2023\/03\/birkan-uzun-740x420.jpg","width":850,"height":478},{"@type":"BreadcrumbList","@id":"https:\/\/kibrisdakik.com\/?p=3719#breadcrumb","itemListElement":[{"@type":"ListItem","position":1,"name":"Home","item":"https:\/\/kibrisdakik.com\/"},{"@type":"ListItem","position":2,"name":"Selvili Tepe \u201cBirkan Uzun Selvili Tepesi\u201d olarak yeniden isimlendiriliyor"}]},{"@type":"WebSite","@id":"https:\/\/kibrisdakik.com\/#website","url":"https:\/\/kibrisdakik.com\/","name":"","description":"Tam vaktinde haber","potentialAction":[{"@type":"SearchAction","target":{"@type":"EntryPoint","urlTemplate":"https:\/\/kibrisdakik.com\/?s={search_term_string}"},"query-input":{"@type":"PropertyValueSpecification","valueRequired":true,"valueName":"search_term_string"}}],"inLanguage":"tr"},{"@type":"Person","@id":"https:\/\/kibrisdakik.com\/#\/schema\/person\/9cd9d437bbb44f72b73ba127e06d8e79","name":"admin","image":{"@type":"ImageObject","inLanguage":"tr","@id":"https:\/\/secure.gravatar.com\/avatar\/ccc17943b9d660506c869530f897617f7cb1c21a4bf30023f252596d83e1f007?s=96&d=mm&r=g","url":"https:\/\/secure.gravatar.com\/avatar\/ccc17943b9d660506c869530f897617f7cb1c21a4bf30023f252596d83e1f007?s=96&d=mm&r=g","contentUrl":"https:\/\/secure.gravatar.com\/avatar\/ccc17943b9d660506c869530f897617f7cb1c21a4bf30023f252596d83e1f007?s=96&d=mm&r=g","caption":"admin"},"sameAs":["https:\/\/kibrisdakik.com"],"url":"https:\/\/kibrisdakik.com\/?author=1"}]}},"_links":{"self":[{"href":"https:\/\/kibrisdakik.com\/index.php?rest_route=\/wp\/v2\/posts\/3719","targetHints":{"allow":["GET"]}}],"collection":[{"href":"https:\/\/kibrisdakik.com\/index.php?rest_route=\/wp\/v2\/posts"}],"about":[{"href":"https:\/\/kibrisdakik.com\/index.php?rest_route=\/wp\/v2\/types\/post"}],"author":[{"embeddable":true,"href":"https:\/\/kibrisdakik.com\/index.php?rest_route=\/wp\/v2\/users\/1"}],"replies":[{"embeddable":true,"href":"https:\/\/kibrisdakik.com\/index.php?rest_route=%2Fwp%2Fv2%2Fcomments&post=3719"}],"version-history":[{"count":0,"href":"https:\/\/kibrisdakik.com\/index.php?rest_route=\/wp\/v2\/posts\/3719\/revisions"}],"wp:featuredmedia":[{"embeddable":true,"href":"https:\/\/kibrisdakik.com\/index.php?rest_route=\/wp\/v2\/media\/3720"}],"wp:attachment":[{"href":"https:\/\/kibrisdakik.com\/index.php?rest_route=%2Fwp%2Fv2%2Fmedia&parent=3719"}],"wp:term":[{"taxonomy":"category","embeddable":true,"href":"https:\/\/kibrisdakik.com\/index.php?rest_route=%2Fwp%2Fv2%2Fcategories&post=3719"},{"taxonomy":"post_tag","embeddable":true,"href":"https:\/\/kibrisdakik.com\/index.php?rest_route=%2Fwp%2Fv2%2Ftags&post=3719"}],"curies":[{"name":"wp","href":"https:\/\/api.w.org\/{rel}","templated":true}]}}