{"id":37210,"date":"2024-04-05T17:51:55","date_gmt":"2024-04-05T17:51:55","guid":{"rendered":"https:\/\/kibrisdakik.com\/index.php\/2024\/04\/05\/guzelyurtta-iftar-programitc-cumhurbaskani-yardimcisi-yilmaz-ve-basbakan-ustel-iftar-programina-katildi\/"},"modified":"2024-04-05T17:51:55","modified_gmt":"2024-04-05T17:51:55","slug":"guzelyurtta-iftar-programitc-cumhurbaskani-yardimcisi-yilmaz-ve-basbakan-ustel-iftar-programina-katildi","status":"publish","type":"post","link":"https:\/\/kibrisdakik.com\/?p=37210","title":{"rendered":"G\u00fczelyurt\u2019ta iftar program\u0131\u2026TC Cumhurba\u015fkan\u0131 Yard\u0131mc\u0131s\u0131 Y\u0131lmaz ve Ba\u015fbakan \u00dcstel iftar program\u0131na kat\u0131ld\u0131"},"content":{"rendered":"<p><\/p>\n<div>\n<div class=\"mariselle-image-container center\">\n                <img loading=\"lazy\" decoding=\"async\" width=\"910\" height=\"430\" class=\"lazy-image\" alt=\"\" sizes=\"auto, (max-width: 910px) 100vw, 910px\" src=\"https:\/\/brtk.net\/wp-content\/uploads\/2024\/04\/05\/yilmazzz.jpg?ver=0b1021498b28b623c1e9a7cab5e0f585\" srcset=\"https:\/\/brtk.net\/wp-content\/uploads\/2024\/04\/05\/yilmazzz.jpg?ver=0b1021498b28b623c1e9a7cab5e0f585 910w, https:\/\/brtk.net\/wp-content\/uploads\/2024\/04\/05\/yilmazzz-300x142.jpg?ver=0d709cd71f508aa77c9b6717394958c1 300w, https:\/\/brtk.net\/wp-content\/uploads\/2024\/04\/05\/yilmazzz-768x363.jpg?ver=0d709cd71f508aa77c9b6717394958c1 768w\"\/>                            <\/div>\n<p>T\u00fcrkiye Cumhurba\u015fkan\u0131 Yard\u0131mc\u0131s\u0131 Cevdet Y\u0131lmaz, \u00fclkemize g\u00fcn\u00fcbirlik ziyaret ger\u00e7ekle\u015ftirdi.<\/p>\n<p>Aya\u011f\u0131n\u0131n tozuyla geldi\u011fi Ercan Havaliman\u0131\u2019nda a\u00e7\u0131klamalarda bulunan \u00dcstel, G\u00fczelyurt\u2019ta d\u00fczenlenen ve Ba\u015fbakan \u00dcnal \u00dcstel\u2019in de kat\u0131larak konu\u015fma yapt\u0131\u011f\u0131 iftar program\u0131nda yeni projelerle ilgili bilgiler verdi.<\/p>\n<p>\u0130ftarda konu\u015fan Ba\u015fbakan \u00dcnal \u00dcstel G\u00fczelurt\u2019un sorunlar\u0131n\u0131 tarihe g\u00f6meceklerini vurgulad\u0131.<\/p>\n<p>T\u00fcrkiye Cumhurba\u015fkan\u0131 Yard\u0131mc\u0131s\u0131 Cevdet Y\u0131lmaz da T\u00fcrkiye ile <a href=\"https:\/\/brtk.net\/\"\/><a href=\"https:\/\/brtk.net\/\"\/><a href=\"https:\/\/brtk.net\/\"\/><a href=\"https:\/\/brtk.net\/\"\/><a href=\"https:\/\/brtk.net\/\"\/><a href=\"https:\/\/brtk.net\/\"\/><a href=\"https:\/\/brtk.net\/\"\/><a href=\"https:\/\/brtk.net\/\"\/><a href=\"https:\/\/brtk.net\/\"\/><a href=\"https:\/\/brtk.net\/\"\/><a href=\"https:\/\/brtk.net\/\"\/><a href=\"https:\/\/brtk.net\/\"\/><a href=\"https:\/\/brtk.net\/\"\/><a href=\"https:\/\/brtk.net\/\"\/><a href=\"https:\/\/brtk.net\/\"\/><a href=\"https:\/\/brtk.net\/\"\/><a href=\"https:\/\/brtk.net\/\"\/><a href=\"https:\/\/brtk.net\/\"\/><a href=\"https:\/\/brtk.net\/\">KKTC<\/a> aras\u0131ndaki ticaretin daha rahat y\u00fcr\u00fct\u00fclebilmesi ad\u0131na \u00e7al\u0131\u015fmalar\u0131n devam etti\u011fini belirtti.<\/p>\n<p>Y\u0131lmaz, yeni mali i\u015fbirli\u011fi parotkopl\u00fcn\u00fc haz\u0131rlamaya ba\u015flad\u0131klar\u0131n\u0131, ama\u00e7lar\u0131n\u0131n <a href=\"https:\/\/brtk.net\/\"\/><a href=\"https:\/\/brtk.net\/\"\/><a href=\"https:\/\/brtk.net\/\"\/><a href=\"https:\/\/brtk.net\/\"\/><a href=\"https:\/\/brtk.net\/\"\/><a href=\"https:\/\/brtk.net\/\"\/><a href=\"https:\/\/brtk.net\/\"\/><a href=\"https:\/\/brtk.net\/\"\/><a href=\"https:\/\/brtk.net\/\"\/><a href=\"https:\/\/brtk.net\/\"\/><a href=\"https:\/\/brtk.net\/\"\/><a href=\"https:\/\/brtk.net\/\"\/><a href=\"https:\/\/brtk.net\/\"\/><a href=\"https:\/\/brtk.net\/\"\/><a href=\"https:\/\/brtk.net\/\"\/><a href=\"https:\/\/brtk.net\/\"\/><a href=\"https:\/\/brtk.net\/\"\/><a href=\"https:\/\/brtk.net\/\"\/><a href=\"https:\/\/brtk.net\/\">KKTC<\/a>\u2019 de her bir vatanda\u015fa dokunmak ve rafah\u0131n\u0131 artt\u0131rmak oldu\u011funu da vurgulad\u0131.<\/p>\n<p>T\u00fcrkiye Cumhurba\u015fkan\u0131 Yard\u0131mc\u0131s\u0131 Cevdet Y\u0131lmaz, Ba\u015fbakan \u00dcnal \u00dcstel ile birlikte G\u00fczelyurt Atat\u00fcrk Park\u0131\u2019nda vatanda\u015flarla bulu\u015farak burada d\u00fczenlenen iftar program\u0131na kat\u0131ld\u0131.<\/p>\n<p>\u0130ftar program\u0131nda konu\u015fan G\u00fczelyurt Belediye Ba\u015fkan\u0131 Mahmut \u00d6z\u00e7\u0131nar G\u00fczelyurt\u2019un anavatan T\u00fcrkiye\u2019nin b\u00f6lgeye yapt\u0131\u011f\u0131 yat\u0131r\u0131mlarla geli\u015fimine devam etti\u011fine dikkati \u00e7ekti.<\/p>\n<div class=\"mariselle-image-container center\">\n                <img loading=\"lazy\" decoding=\"async\" width=\"910\" height=\"430\" class=\"lazy-image\" alt=\"\" sizes=\"auto, (max-width: 910px) 100vw, 910px\" src=\"https:\/\/brtk.net\/wp-content\/uploads\/2024\/04\/05\/ozcinarrrr.jpg?ver=6a1cf110f62bb6efa628c7aee45014dc\" srcset=\"https:\/\/brtk.net\/wp-content\/uploads\/2024\/04\/05\/ozcinarrrr.jpg?ver=6a1cf110f62bb6efa628c7aee45014dc 910w, https:\/\/brtk.net\/wp-content\/uploads\/2024\/04\/05\/ozcinarrrr-300x142.jpg?ver=6a1cf110f62bb6efa628c7aee45014dc 300w, https:\/\/brtk.net\/wp-content\/uploads\/2024\/04\/05\/ozcinarrrr-768x363.jpg?ver=eff7bdfa4ed4ff84b9e7f4ef3aa0a8ec 768w\"\/>                            <\/div>\n<p>\nKalk\u0131nma ve Ekonomik \u0130\u015fbirli\u011fi Ofisi arac\u0131l\u0131\u011f\u0131 ile b\u00f6lgeye \u00e7e\u015fitli yat\u0131r\u0131mlar yap\u0131ld\u0131\u011f\u0131n\u0131 anlatan \u00d6z\u00e7\u0131nar, kentin ihtiyac\u0131 olan t\u00fcm konularda yat\u0131r\u0131m yap\u0131lmaya devam edilece\u011fine inan\u00e7 belirtti.<\/p>\n<p>G\u00fczelyurt\u2019ta yap\u0131m\u0131na ba\u015flanan hastanenin bir an \u00f6nce hayat bulmas\u0131n\u0131n en \u00f6nde gelen konulardan oldu\u011funu da s\u00f6yleyen \u00d6z\u00e7\u0131nar, h\u00fck\u00fcmetin yapt\u0131\u011f\u0131 yat\u0131r\u0131mlar ve konut projeleri ile gen\u00e7leri b\u00f6lgeye ba\u011flama arzusunda olduklar\u0131n\u0131 belirtti.<\/p>\n<p>Ba\u015fbakan \u00dcnal \u00dcstel de G\u00fczelyurt\u2019ta yapt\u0131\u011f\u0131 konu\u015fmada, kandil gecesinde T\u00fcrkiye Cumhurba\u015fkan\u0131 Yard\u0131mc\u0131s\u0131 Cevdet Y\u0131lmaz\u2019\u0131n <a href=\"https:\/\/brtk.net\/\"\/><a href=\"https:\/\/brtk.net\/\"\/><a href=\"https:\/\/brtk.net\/\"\/><a href=\"https:\/\/brtk.net\/\"\/><a href=\"https:\/\/brtk.net\/\"\/><a href=\"https:\/\/brtk.net\/\"\/><a href=\"https:\/\/brtk.net\/\"\/><a href=\"https:\/\/brtk.net\/\"\/><a href=\"https:\/\/brtk.net\/\"\/><a href=\"https:\/\/brtk.net\/\"\/><a href=\"https:\/\/brtk.net\/\"\/><a href=\"https:\/\/brtk.net\/\"\/><a href=\"https:\/\/brtk.net\/\"\/><a href=\"https:\/\/brtk.net\/\"\/><a href=\"https:\/\/brtk.net\/\"\/><a href=\"https:\/\/brtk.net\/\"\/><a href=\"https:\/\/brtk.net\/\"\/><a href=\"https:\/\/brtk.net\/\"\/><a href=\"https:\/\/brtk.net\/\">KKTC<\/a>\u2019de oldu\u011funu ve iftar program\u0131na kat\u0131ld\u0131\u011f\u0131n\u0131 s\u00f6yledi.<\/p>\n<div class=\"mariselle-image-container center\">\n                <img loading=\"lazy\" decoding=\"async\" width=\"910\" height=\"430\" class=\"lazy-image\" alt=\"\" sizes=\"auto, (max-width: 910px) 100vw, 910px\" src=\"https:\/\/brtk.net\/wp-content\/uploads\/2024\/04\/05\/ustelllll.jpg?ver=25bdc34f539bfbbbd8d8b0f0e8c6a2f6\" srcset=\"https:\/\/brtk.net\/wp-content\/uploads\/2024\/04\/05\/ustelllll.jpg?ver=25bdc34f539bfbbbd8d8b0f0e8c6a2f6 910w, https:\/\/brtk.net\/wp-content\/uploads\/2024\/04\/05\/ustelllll-300x142.jpg?ver=0366a28639a7823a0861c7823fc7a62b 300w, https:\/\/brtk.net\/wp-content\/uploads\/2024\/04\/05\/ustelllll-768x363.jpg?ver=0366a28639a7823a0861c7823fc7a62b 768w\"\/>                            <\/div>\n<p>Y\u0131lmaz\u2019\u0131n her geli\u015finde <a href=\"https:\/\/brtk.net\/\"\/><a href=\"https:\/\/brtk.net\/\"\/><a href=\"https:\/\/brtk.net\/\"\/><a href=\"https:\/\/brtk.net\/\"\/><a href=\"https:\/\/brtk.net\/\"\/><a href=\"https:\/\/brtk.net\/\"\/><a href=\"https:\/\/brtk.net\/\"\/><a href=\"https:\/\/brtk.net\/\"\/><a href=\"https:\/\/brtk.net\/\"\/><a href=\"https:\/\/brtk.net\/\"\/><a href=\"https:\/\/brtk.net\/\"\/><a href=\"https:\/\/brtk.net\/\"\/><a href=\"https:\/\/brtk.net\/\"\/><a href=\"https:\/\/brtk.net\/\"\/><a href=\"https:\/\/brtk.net\/\"\/><a href=\"https:\/\/brtk.net\/\"\/><a href=\"https:\/\/brtk.net\/\"\/><a href=\"https:\/\/brtk.net\/\"\/><a href=\"https:\/\/brtk.net\/\">KKTC<\/a> halk\u0131na m\u00fcjde getirdi\u011fini dile getiren Ba\u015fbakan \u00dcstel, halk\u0131n daha refah ya\u015famas\u0131 ad\u0131na projeler ger\u00e7ekle\u015ftirdiklerini belirtti.<\/p>\n<p>T\u00fcrkiye Cumhurba\u015fkan\u0131 Recep Tayyip Erdo\u011fan\u2019\u0131n deste\u011fi ile <a href=\"https:\/\/brtk.net\/\"\/><a href=\"https:\/\/brtk.net\/\"\/><a href=\"https:\/\/brtk.net\/\"\/><a href=\"https:\/\/brtk.net\/\"\/><a href=\"https:\/\/brtk.net\/\"\/><a href=\"https:\/\/brtk.net\/\"\/><a href=\"https:\/\/brtk.net\/\"\/><a href=\"https:\/\/brtk.net\/\"\/><a href=\"https:\/\/brtk.net\/\"\/><a href=\"https:\/\/brtk.net\/\"\/><a href=\"https:\/\/brtk.net\/\"\/><a href=\"https:\/\/brtk.net\/\"\/><a href=\"https:\/\/brtk.net\/\"\/><a href=\"https:\/\/brtk.net\/\"\/><a href=\"https:\/\/brtk.net\/\"\/><a href=\"https:\/\/brtk.net\/\"\/><a href=\"https:\/\/brtk.net\/\"\/><a href=\"https:\/\/brtk.net\/\"\/><a href=\"https:\/\/brtk.net\/\">KKTC<\/a>\u2019de asr\u0131n projesini ger\u00e7ekle\u015ftirdiklerini ifade eden Ba\u015fbakan, Anadolu\u2019dan gelen suyun, Ge\u00e7itk\u00f6y baraj\u0131na d\u00fc\u015ferek, \u00f6nce evlere verildi\u011fini s\u00f6yledi. \u00dcstel suyu yava\u015f yava\u015f G\u00fczelyurt ovalar\u0131 ile bulu\u015fturacaklar\u0131n\u0131 s\u00f6yledi.<\/p>\n<p>\u00dcstel, \u201cbirinci, ikinci ve \u00fc\u00e7\u00fcnc\u00fc etap i\u00e7in 23 milyona yak\u0131n b\u00fct\u00e7e ayr\u0131ld\u0131. Ger\u00e7ekle\u015ftikten sonra su almayan hi\u00e7bir narenciye bah\u00e7esi kalmayacak. Sonras\u0131nda kablo ile enerji gelecek. Cevdet Y\u0131lmaz ile bu protokol\u00fc yapt\u0131k fizibilite \u00e7al\u0131\u015fmalar\u0131 yap\u0131l\u0131yor. yak\u0131n zamanda bitecek ve kablo \u00e7al\u0131\u015fmas\u0131 ba\u015flayacak. G\u00fczelyurtun uzun zamand\u0131r g\u00fcndeminde olan g\u00fczelyurt hastanesi at\u0131l vaziyette duruyor ve y\u0131lmaz\u0131n sayesinde bu hastanenin ihalesi yap\u0131l\u0131yor ve yak\u0131n zamanda hizmete a\u00e7\u0131lacak\u201d dedi.<br \/>Ba\u015fbakan \u00dcnal \u00dcstel, G\u00fczelyurt\u2019taki sorunlar\u0131 tarihe g\u00f6meceklerini vurgulad\u0131.<\/p>\n<p>\u00dcstel, \u201c1974\u2019ten sonra narenciye b\u00f6lgesinde yeterince so\u011fuk hava deposu yoktu. Deponun ilk etab\u0131n\u0131n 15 bin tonunu yap\u0131p 4 sene i\u00e7inde 40 bin tona tamamlayaca\u011f\u0131z. Biz h\u00fck\u00fcmet olarak TC ile yapt\u0131\u011f\u0131m\u0131z her t\u00fcrl\u00fc i\u015fbirli\u011fi i\u00e7inde bu s\u0131k\u0131nt\u0131lar\u0131 \u00e7\u00f6zece\u011fiz, \u00fclkenin rahat etmesi i\u00e7in alt yap\u0131lar\u0131, ihtiya\u00e7 duyulan projeleri anavatan ile yapaca\u011f\u0131z\u201d dedi.<\/p>\n<p>\u00dcstel, T\u00fcrkiye Cumhuriyeti Cumhurba\u015fkan\u0131 Recep Tayyip Erdo\u011fan\u2019\u0131n 78. BM Genel Kurulu\u2019nda yapm\u0131\u015f oldu\u011fu \u201c<a href=\"https:\/\/brtk.net\/\"\/><a href=\"https:\/\/brtk.net\/\"\/><a href=\"https:\/\/brtk.net\/\"\/><a href=\"https:\/\/brtk.net\/\"\/><a href=\"https:\/\/brtk.net\/\"\/><a href=\"https:\/\/brtk.net\/\"\/><a href=\"https:\/\/brtk.net\/\"\/><a href=\"https:\/\/brtk.net\/\"\/><a href=\"https:\/\/brtk.net\/\"\/><a href=\"https:\/\/brtk.net\/\"\/><a href=\"https:\/\/brtk.net\/\"\/><a href=\"https:\/\/brtk.net\/\"\/><a href=\"https:\/\/brtk.net\/\"\/><a href=\"https:\/\/brtk.net\/\"\/><a href=\"https:\/\/brtk.net\/\"\/><a href=\"https:\/\/brtk.net\/\"\/><a href=\"https:\/\/brtk.net\/\"\/><a href=\"https:\/\/brtk.net\/\"\/><a href=\"https:\/\/brtk.net\/\">KKTC<\/a>\u2019yi tan\u0131y\u0131n\u201d \u00e7a\u011fr\u0131s\u0131n\u0131 hat\u0131rlatarak, \u00e7a\u011fr\u0131n\u0131n ard\u0131ndan, <a href=\"https:\/\/brtk.net\/\"\/><a href=\"https:\/\/brtk.net\/\"\/><a href=\"https:\/\/brtk.net\/\"\/><a href=\"https:\/\/brtk.net\/\"\/><a href=\"https:\/\/brtk.net\/\"\/><a href=\"https:\/\/brtk.net\/\"\/><a href=\"https:\/\/brtk.net\/\"\/><a href=\"https:\/\/brtk.net\/\"\/><a href=\"https:\/\/brtk.net\/\"\/><a href=\"https:\/\/brtk.net\/\"\/><a href=\"https:\/\/brtk.net\/\"\/><a href=\"https:\/\/brtk.net\/\"\/><a href=\"https:\/\/brtk.net\/\"\/><a href=\"https:\/\/brtk.net\/\"\/><a href=\"https:\/\/brtk.net\/\"\/><a href=\"https:\/\/brtk.net\/\"\/><a href=\"https:\/\/brtk.net\/\"\/><a href=\"https:\/\/brtk.net\/\"\/><a href=\"https:\/\/brtk.net\/\">KKTC<\/a>\u2019nin T\u00fcrk Devletleri Te\u015fkilat\u0131\u2019na g\u00f6zlemci \u00fcye oldu\u011funu an\u0131msatt\u0131.<br \/>\u00dcstel, \u201cT\u00fcrk devletlerine ziyaretlere ba\u015flad\u0131k. \u0130lk ziyareti Cumhurba\u015fkan\u0131 <a href=\"https:\/\/brtk.net\/\" target=\"_blank\" rel=\"noopener\">Ersin Tatar<\/a> ile Azerbaycan\u2019a yapt\u0131k. Hem ekonomiye katk\u0131 yapacak hem de k\u00fclt\u00fcrleri birle\u015ftirecek insanlarla biraraya geldik. Azerbaycan\u2019\u0131n milli meclisi bizim dostlar parlamenter grubunu onaylad\u0131. Bir millet \u00fc\u00e7 devlet olarak devam ediyoruz. T\u00fcrkiye Cumhurba\u015fkan\u0131 Erdo\u011fan\u2019a ve T\u00fcrkiye Cumhurba\u015fkan\u0131 Yard\u0131mc\u0131s\u0131 Cevdet Y\u0131lmaz\u2019a ve Azerbaycan Cumhurba\u015fkan\u0131 \u0130lham Aliyev\u2019e \u015fahs\u0131m ve halk\u0131m ad\u0131na te\u015fekk\u00fcr eder hay\u0131rl\u0131 ramazanlar diliyorum\u201d dedi.<\/p>\n<p>T\u00fcrkiye Cumhurba\u015fkan\u0131 Yard\u0131mc\u0131s\u0131 Cevdet Y\u0131lmaz da T\u00fcrk hak\u0131n\u0131n en g\u00fczel dileklerini ve T\u00fcrkiye Cumnhurba\u015fkan\u0131 Recep Tayyip Erdo\u011fan\u2019\u0131n selamlar\u0131n\u0131 ileterek ba\u015flad\u0131\u011f\u0131 konu\u015fmas\u0131nda, m\u00fcbarek Ramazan Bayram\u0131\u2019n\u0131n sa\u011fl\u0131kl\u0131 ve huzur i\u00e7inde ge\u00e7mesini diledi.<\/p>\n<div class=\"mariselle-image-container center\">\n                <img loading=\"lazy\" decoding=\"async\" width=\"910\" height=\"430\" class=\"lazy-image\" alt=\"\" sizes=\"auto, (max-width: 910px) 100vw, 910px\" src=\"https:\/\/brtk.net\/wp-content\/uploads\/2024\/04\/05\/yilmazzz.jpg?ver=0b1021498b28b623c1e9a7cab5e0f585\" srcset=\"https:\/\/brtk.net\/wp-content\/uploads\/2024\/04\/05\/yilmazzz.jpg?ver=0b1021498b28b623c1e9a7cab5e0f585 910w, https:\/\/brtk.net\/wp-content\/uploads\/2024\/04\/05\/yilmazzz-300x142.jpg?ver=0d709cd71f508aa77c9b6717394958c1 300w, https:\/\/brtk.net\/wp-content\/uploads\/2024\/04\/05\/yilmazzz-768x363.jpg?ver=0d709cd71f508aa77c9b6717394958c1 768w\"\/>                            <\/div>\n<p>T\u00fcrkiye\u2019de yerel se\u00e7imlerin tamamlad\u0131\u011f\u0131n\u0131 ve halk\u0131n yerel y\u00f6neticiklerini se\u00e7ti\u011fini s\u00f6yleyen Y\u0131lmaz, \u00e7\u0131kan sonu\u00e7lardan kendi paylar\u0131na dersler de \u00e7\u0131karacaklar\u0131n\u0131 belirtti.<\/p>\n<p>Y\u0131lmaz, T\u00fcrkiye olarak \u00f6ncelikle ekonomideki istikrarlar\u0131n\u0131 g\u00fc\u00e7lendireceklerini s\u00f6yleyerek, T\u00fcrkiye\u2019deki olumlu geli\u015fmelerin <a href=\"https:\/\/brtk.net\/\"\/><a href=\"https:\/\/brtk.net\/\"\/><a href=\"https:\/\/brtk.net\/\"\/><a href=\"https:\/\/brtk.net\/\"\/><a href=\"https:\/\/brtk.net\/\"\/><a href=\"https:\/\/brtk.net\/\"\/><a href=\"https:\/\/brtk.net\/\"\/><a href=\"https:\/\/brtk.net\/\"\/><a href=\"https:\/\/brtk.net\/\"\/><a href=\"https:\/\/brtk.net\/\"\/><a href=\"https:\/\/brtk.net\/\"\/><a href=\"https:\/\/brtk.net\/\"\/><a href=\"https:\/\/brtk.net\/\"\/><a href=\"https:\/\/brtk.net\/\"\/><a href=\"https:\/\/brtk.net\/\"\/><a href=\"https:\/\/brtk.net\/\"\/><a href=\"https:\/\/brtk.net\/\"\/><a href=\"https:\/\/brtk.net\/\"\/><a href=\"https:\/\/brtk.net\/\">KKTC<\/a>\u2019ye de olumlu yans\u0131yaca\u011f\u0131n\u0131 kaydetti.<\/p>\n<p>Y\u0131lmaz, <a href=\"https:\/\/brtk.net\/\"\/><a href=\"https:\/\/brtk.net\/\"\/><a href=\"https:\/\/brtk.net\/\"\/><a href=\"https:\/\/brtk.net\/\"\/><a href=\"https:\/\/brtk.net\/\"\/><a href=\"https:\/\/brtk.net\/\"\/><a href=\"https:\/\/brtk.net\/\"\/><a href=\"https:\/\/brtk.net\/\"\/><a href=\"https:\/\/brtk.net\/\"\/><a href=\"https:\/\/brtk.net\/\"\/><a href=\"https:\/\/brtk.net\/\"\/><a href=\"https:\/\/brtk.net\/\"\/><a href=\"https:\/\/brtk.net\/\"\/><a href=\"https:\/\/brtk.net\/\"\/><a href=\"https:\/\/brtk.net\/\"\/><a href=\"https:\/\/brtk.net\/\"\/><a href=\"https:\/\/brtk.net\/\"\/><a href=\"https:\/\/brtk.net\/\"\/><a href=\"https:\/\/brtk.net\/\">KKTC<\/a>\u2019nin geli\u015fmesi kalk\u0131nmas\u0131 ve \u00fcretmesi i\u00e7in mesai harcamaya devam edeceklerini s\u00f6yledi.<\/p>\n<p>Y\u0131lmaz, \u201c<a href=\"https:\/\/brtk.net\/\"\/><a href=\"https:\/\/brtk.net\/\"\/><a href=\"https:\/\/brtk.net\/\"\/><a href=\"https:\/\/brtk.net\/\"\/><a href=\"https:\/\/brtk.net\/\"\/><a href=\"https:\/\/brtk.net\/\"\/><a href=\"https:\/\/brtk.net\/\"\/><a href=\"https:\/\/brtk.net\/\"\/><a href=\"https:\/\/brtk.net\/\"\/><a href=\"https:\/\/brtk.net\/\"\/><a href=\"https:\/\/brtk.net\/\"\/><a href=\"https:\/\/brtk.net\/\"\/><a href=\"https:\/\/brtk.net\/\"\/><a href=\"https:\/\/brtk.net\/\"\/><a href=\"https:\/\/brtk.net\/\"\/><a href=\"https:\/\/brtk.net\/\"\/><a href=\"https:\/\/brtk.net\/\"\/><a href=\"https:\/\/brtk.net\/\"\/><a href=\"https:\/\/brtk.net\/\">KKTC<\/a>\u2019de ya\u015fayan t\u00fcm vatanda\u015flara nas\u0131l daha fazla dokunabilirz nas\u0131l daha fazla destek olabiliriz. Temel yakla\u015f\u0131m\u0131m\u0131z budur. E\u011fitim alan\u0131nda yuryalar\u0131n yap\u0131m\u0131, sa\u011fl\u0131k alan\u0131ndaki ihtiya\u00e7lar\u0131n giderilmesi i\u00e7in \u00e7al\u0131\u015fmalar ba\u015flad\u0131. G\u00fczelyuryt hastanesinin erken zamanda tamamlanmas\u0131n\u0131 sa\u011flayaca\u011f\u0131z. Cumhurba\u015fkanl\u0131\u011f\u0131 ve Cumhuriyet Meclsi yeni binalar\u0131n\u0131n da yap\u0131m\u0131 t\u00fcm h\u0131z\u0131yla devam ediyor. Bu y\u0131l bitecek bu proje <a href=\"https:\/\/brtk.net\/\"\/><a href=\"https:\/\/brtk.net\/\"\/><a href=\"https:\/\/brtk.net\/\"\/><a href=\"https:\/\/brtk.net\/\"\/><a href=\"https:\/\/brtk.net\/\"\/><a href=\"https:\/\/brtk.net\/\"\/><a href=\"https:\/\/brtk.net\/\"\/><a href=\"https:\/\/brtk.net\/\"\/><a href=\"https:\/\/brtk.net\/\"\/><a href=\"https:\/\/brtk.net\/\"\/><a href=\"https:\/\/brtk.net\/\"\/><a href=\"https:\/\/brtk.net\/\"\/><a href=\"https:\/\/brtk.net\/\"\/><a href=\"https:\/\/brtk.net\/\"\/><a href=\"https:\/\/brtk.net\/\"\/><a href=\"https:\/\/brtk.net\/\"\/><a href=\"https:\/\/brtk.net\/\"\/><a href=\"https:\/\/brtk.net\/\"\/><a href=\"https:\/\/brtk.net\/\">KKTC<\/a> nin tarihi bir eseri olacak\u201d dedi.<\/p>\n<p>Tar\u0131m alan\u0131nda da \u00e7ift\u00e7ilerin tazminine y\u00f6nelik \u00e7al\u0131\u015fmalar\u0131n devam etti\u011fini kaydeden Y\u0131lmaz, K\u00fc\u00e7\u00fck ba\u015f hayvan sekt\u00f6r\u00fcnde ya\u015fanmas\u0131 beklenen d\u00fc\u015f\u00fc\u015f\u00fcn \u00f6n\u00fcne ge\u00e7ebilmek i\u00e7in \u00e7al\u0131\u015fmalar\u0131n ba\u015flat\u0131ld\u0131\u011f\u0131n\u0131 s\u00f6yledi.<\/p>\n<p>Y\u0131lmaz, \u201c3 bin 500 ton arpa <a href=\"https:\/\/brtk.net\/\"\/><a href=\"https:\/\/brtk.net\/\"\/><a href=\"https:\/\/brtk.net\/\"\/><a href=\"https:\/\/brtk.net\/\"\/><a href=\"https:\/\/brtk.net\/\"\/><a href=\"https:\/\/brtk.net\/\"\/><a href=\"https:\/\/brtk.net\/\"\/><a href=\"https:\/\/brtk.net\/\"\/><a href=\"https:\/\/brtk.net\/\"\/><a href=\"https:\/\/brtk.net\/\"\/><a href=\"https:\/\/brtk.net\/\"\/><a href=\"https:\/\/brtk.net\/\"\/><a href=\"https:\/\/brtk.net\/\"\/><a href=\"https:\/\/brtk.net\/\"\/><a href=\"https:\/\/brtk.net\/\"\/><a href=\"https:\/\/brtk.net\/\"\/><a href=\"https:\/\/brtk.net\/\"\/><a href=\"https:\/\/brtk.net\/\"\/><a href=\"https:\/\/brtk.net\/\">KKTC<\/a>\u2019ye geldi \u00fcreticilere da\u011f\u0131t\u0131lacak. 245 sera \u00fcreticisine \u00f6demeleri yap\u0131ld\u0131. Son d\u00f6nemde narenciyede de baz\u0131 sorunlar var. Bu t\u00fcm d\u00fcnyada ya\u015fanan bir sorun. \u00d6zellikle dal\u0131nda \u00fcr\u00fcn kalan \u00fcreticilerin desteklenmesi i\u00e7im h\u00fck\u00fcmetin \u00e7al\u0131\u015fmalar\u0131na katk\u0131 koyaca\u011f\u0131z. Her ya\u015fanan sorundan bir sonu\u00e7 \u00e7\u0131karmal\u0131y\u0131z ve bu da <a href=\"https:\/\/brtk.net\/\"\/><a href=\"https:\/\/brtk.net\/\"\/><a href=\"https:\/\/brtk.net\/\"\/><a href=\"https:\/\/brtk.net\/\"\/><a href=\"https:\/\/brtk.net\/\"\/><a href=\"https:\/\/brtk.net\/\"\/><a href=\"https:\/\/brtk.net\/\"\/><a href=\"https:\/\/brtk.net\/\"\/><a href=\"https:\/\/brtk.net\/\"\/><a href=\"https:\/\/brtk.net\/\"\/><a href=\"https:\/\/brtk.net\/\"\/><a href=\"https:\/\/brtk.net\/\"\/><a href=\"https:\/\/brtk.net\/\"\/><a href=\"https:\/\/brtk.net\/\"\/><a href=\"https:\/\/brtk.net\/\"\/><a href=\"https:\/\/brtk.net\/\"\/><a href=\"https:\/\/brtk.net\/\"\/><a href=\"https:\/\/brtk.net\/\"\/><a href=\"https:\/\/brtk.net\/\">KKTC<\/a>\u2019deki so\u011fuk hava deposu olmamas\u0131d\u0131r. Dolay\u0131s\u0131 ile programda olmamas\u0131na ra\u011fmen bu konuda bir karar ald\u0131k ve g\u00f6r\u00fc\u015fmeler yapt\u0131k. Yap\u0131lanh \u00e7al\u0131\u015fmalar \u0131\u015f\u0131\u011f\u0131nda ilk etapta 15 bin ton orta vadede de 40 bin tonu hedefleyecek bir \u00e7al\u0131\u015fmay\u0131 ba\u015flat\u0131yoruz\u201d dedi. <\/p>\n<p>TC-<a href=\"https:\/\/brtk.net\/\"\/><a href=\"https:\/\/brtk.net\/\"\/><a href=\"https:\/\/brtk.net\/\"\/><a href=\"https:\/\/brtk.net\/\"\/><a href=\"https:\/\/brtk.net\/\"\/><a href=\"https:\/\/brtk.net\/\"\/><a href=\"https:\/\/brtk.net\/\"\/><a href=\"https:\/\/brtk.net\/\"\/><a href=\"https:\/\/brtk.net\/\"\/><a href=\"https:\/\/brtk.net\/\"\/><a href=\"https:\/\/brtk.net\/\"\/><a href=\"https:\/\/brtk.net\/\"\/><a href=\"https:\/\/brtk.net\/\"\/><a href=\"https:\/\/brtk.net\/\"\/><a href=\"https:\/\/brtk.net\/\"\/><a href=\"https:\/\/brtk.net\/\"\/><a href=\"https:\/\/brtk.net\/\"\/><a href=\"https:\/\/brtk.net\/\"\/><a href=\"https:\/\/brtk.net\/\">KKTC<\/a> aras\u0131ndaki ticaretin daha rahat y\u00fcr\u00fct\u00fclebilmesi ad\u0131na \u00e7al\u0131\u015fmalar\u0131n da devam etti\u011fini kaydeden Y\u0131lmaz, yeni mali i\u015fbirli\u011fi parotkopl\u00fcn\u00fc haz\u0131rlamaya ba\u015flad\u0131klar\u0131n\u0131, ama\u00e7lar\u0131n\u0131n <a href=\"https:\/\/brtk.net\/\"\/><a href=\"https:\/\/brtk.net\/\"\/><a href=\"https:\/\/brtk.net\/\"\/><a href=\"https:\/\/brtk.net\/\"\/><a href=\"https:\/\/brtk.net\/\"\/><a href=\"https:\/\/brtk.net\/\"\/><a href=\"https:\/\/brtk.net\/\"\/><a href=\"https:\/\/brtk.net\/\"\/><a href=\"https:\/\/brtk.net\/\"\/><a href=\"https:\/\/brtk.net\/\"\/><a href=\"https:\/\/brtk.net\/\"\/><a href=\"https:\/\/brtk.net\/\"\/><a href=\"https:\/\/brtk.net\/\"\/><a href=\"https:\/\/brtk.net\/\"\/><a href=\"https:\/\/brtk.net\/\"\/><a href=\"https:\/\/brtk.net\/\"\/><a href=\"https:\/\/brtk.net\/\"\/><a href=\"https:\/\/brtk.net\/\"\/><a href=\"https:\/\/brtk.net\/\">KKTC<\/a>\u2019 de her bir vatanda\u015fa dokunmak ve rafah\u0131n\u0131 artt\u0131rmak moldu\u011funu kaydetti. <\/p>\n<p>Cevdet Y\u0131lmaz, \u00f6n\u00fcm\u00fczdeki d\u00f6nemde de belediyelerle birlikte \u00e7al\u0131\u015fmaya devam edceklerini, T\u00fcrkiye y\u00fczy\u0131l\u0131n\u0131n <a href=\"https:\/\/brtk.net\/\"\/><a href=\"https:\/\/brtk.net\/\"\/><a href=\"https:\/\/brtk.net\/\"\/><a href=\"https:\/\/brtk.net\/\"\/><a href=\"https:\/\/brtk.net\/\"\/><a href=\"https:\/\/brtk.net\/\"\/><a href=\"https:\/\/brtk.net\/\"\/><a href=\"https:\/\/brtk.net\/\"\/><a href=\"https:\/\/brtk.net\/\"\/><a href=\"https:\/\/brtk.net\/\"\/><a href=\"https:\/\/brtk.net\/\"\/><a href=\"https:\/\/brtk.net\/\"\/><a href=\"https:\/\/brtk.net\/\"\/><a href=\"https:\/\/brtk.net\/\"\/><a href=\"https:\/\/brtk.net\/\"\/><a href=\"https:\/\/brtk.net\/\"\/><a href=\"https:\/\/brtk.net\/\"\/><a href=\"https:\/\/brtk.net\/\"\/><a href=\"https:\/\/brtk.net\/\">KKTC<\/a>\u2019nin de y\u00fczy\u0131l\u0131 olaca\u011f\u0131n\u0131 s\u00f6yledi.<\/p>\n<p>Konu\u015fmas\u0131nda K\u0131br\u0131s konusuna da de\u011finen Y\u0131lmaz, egemen e\u015fitli\u011fi, e\u015fit stat\u00fcy\u00fc savunduklar\u0131n\u0131 ve savunmaya devam edceklerini vurgulayarak, \u201cBir m\u00fczakere s\u00fcreci olacaksa e\u015fit iki devletin m\u00fczakeresi olacak. <a href=\"https:\/\/brtk.net\/\"\/><a href=\"https:\/\/brtk.net\/\"\/><a href=\"https:\/\/brtk.net\/\"\/><a href=\"https:\/\/brtk.net\/\"\/><a href=\"https:\/\/brtk.net\/\"\/><a href=\"https:\/\/brtk.net\/\"\/><a href=\"https:\/\/brtk.net\/\"\/><a href=\"https:\/\/brtk.net\/\"\/><a href=\"https:\/\/brtk.net\/\"\/><a href=\"https:\/\/brtk.net\/\"\/><a href=\"https:\/\/brtk.net\/\"\/><a href=\"https:\/\/brtk.net\/\"\/><a href=\"https:\/\/brtk.net\/\"\/><a href=\"https:\/\/brtk.net\/\"\/><a href=\"https:\/\/brtk.net\/\"\/><a href=\"https:\/\/brtk.net\/\"\/><a href=\"https:\/\/brtk.net\/\"\/><a href=\"https:\/\/brtk.net\/\"\/><a href=\"https:\/\/brtk.net\/\">KKTC<\/a>\u2019nin uluslarasa\u0131 ili\u015fkilerinin geli\u015fmesine de \u00f6nem veriyoruz\u201d dedi. <\/p>\n<p>Azerbaycan Milli Meclsi\u2019nin <a href=\"https:\/\/brtk.net\/\"\/><a href=\"https:\/\/brtk.net\/\"\/><a href=\"https:\/\/brtk.net\/\"\/><a href=\"https:\/\/brtk.net\/\"\/><a href=\"https:\/\/brtk.net\/\"\/><a href=\"https:\/\/brtk.net\/\"\/><a href=\"https:\/\/brtk.net\/\"\/><a href=\"https:\/\/brtk.net\/\"\/><a href=\"https:\/\/brtk.net\/\"\/><a href=\"https:\/\/brtk.net\/\"\/><a href=\"https:\/\/brtk.net\/\"\/><a href=\"https:\/\/brtk.net\/\"\/><a href=\"https:\/\/brtk.net\/\"\/><a href=\"https:\/\/brtk.net\/\"\/><a href=\"https:\/\/brtk.net\/\"\/><a href=\"https:\/\/brtk.net\/\"\/><a href=\"https:\/\/brtk.net\/\"\/><a href=\"https:\/\/brtk.net\/\"\/><a href=\"https:\/\/brtk.net\/\">KKTC<\/a> ile parlemantolararas\u0131 dostluk gurbu kurmay\u0131 kabul etti\u011fini de hat\u0131rlatan Cevdet Y\u0131lmaz \u201c3 devlet tek millet diyoruz\u201d dedi.  <\/p>\n<p><a href=\"https:\/\/brtk.net\/\"\/><a href=\"https:\/\/brtk.net\/\"\/><a href=\"https:\/\/brtk.net\/\"\/><a href=\"https:\/\/brtk.net\/\"\/><a href=\"https:\/\/brtk.net\/\"\/><a href=\"https:\/\/brtk.net\/\"\/><a href=\"https:\/\/brtk.net\/\"\/><a href=\"https:\/\/brtk.net\/\"\/><a href=\"https:\/\/brtk.net\/\"\/><a href=\"https:\/\/brtk.net\/\"\/><a href=\"https:\/\/brtk.net\/\"\/><a href=\"https:\/\/brtk.net\/\"\/><a href=\"https:\/\/brtk.net\/\"\/><a href=\"https:\/\/brtk.net\/\"\/><a href=\"https:\/\/brtk.net\/\"\/><a href=\"https:\/\/brtk.net\/\"\/><a href=\"https:\/\/brtk.net\/\"\/><a href=\"https:\/\/brtk.net\/\"\/><a href=\"https:\/\/brtk.net\/\">KKTC<\/a>\u2019ye uygulanan haks\u0131z ambargolar\u0131n ortadan kalkaca\u011f\u0131na inan\u00e7 belirten Y\u0131lmaz, \u201cOnlar bir kap\u0131 kapar biz 10 yeni kap\u0131 a\u00e7ar\u0131z. <a href=\"https:\/\/brtk.net\/\"\/><a href=\"https:\/\/brtk.net\/\"\/><a href=\"https:\/\/brtk.net\/\"\/><a href=\"https:\/\/brtk.net\/\"\/><a href=\"https:\/\/brtk.net\/\"\/><a href=\"https:\/\/brtk.net\/\"\/><a href=\"https:\/\/brtk.net\/\"\/><a href=\"https:\/\/brtk.net\/\"\/><a href=\"https:\/\/brtk.net\/\"\/><a href=\"https:\/\/brtk.net\/\"\/><a href=\"https:\/\/brtk.net\/\"\/><a href=\"https:\/\/brtk.net\/\"\/><a href=\"https:\/\/brtk.net\/\"\/><a href=\"https:\/\/brtk.net\/\"\/><a href=\"https:\/\/brtk.net\/\"\/><a href=\"https:\/\/brtk.net\/\"\/><a href=\"https:\/\/brtk.net\/\"\/><a href=\"https:\/\/brtk.net\/\"\/><a href=\"https:\/\/brtk.net\/\">KKTC<\/a>\u2019nin bir huzur adas\u0131 olmas\u0131nda \u00e7al\u0131\u015fmalar\u0131m\u0131z s\u00fcrecek\u201d \u015feklinde konu\u015ftu.<\/p>\n<\/p><\/div>\n<p><script async\n                    defer\n                    crossorigin=\"anonymous\"\n                    src=\"https:\/\/connect.facebook.net\/tr_TR\/sdk.js#xfbml=1&#038;version=v3.3\"\n            ><\/script><\/p>\n","protected":false},"excerpt":{"rendered":"<p>T\u00fcrkiye Cumhurba\u015fkan\u0131 Yard\u0131mc\u0131s\u0131 Cevdet Y\u0131lmaz, \u00fclkemize g\u00fcn\u00fcbirlik ziyaret ger\u00e7ekle\u015ftirdi. Aya\u011f\u0131n\u0131n tozuyla geldi\u011fi Ercan Havaliman\u0131\u2019nda a\u00e7\u0131klamalarda bulunan \u00dcstel, G\u00fczelyurt\u2019ta d\u00fczenlenen ve Ba\u015fbakan \u00dcnal \u00dcstel\u2019in de kat\u0131larak konu\u015fma yapt\u0131\u011f\u0131 iftar program\u0131nda yeni projelerle ilgili bilgiler verdi. \u0130ftarda konu\u015fan Ba\u015fbakan \u00dcnal \u00dcstel G\u00fczelurt\u2019un sorunlar\u0131n\u0131 tarihe g\u00f6meceklerini vurgulad\u0131. T\u00fcrkiye Cumhurba\u015fkan\u0131 Yard\u0131mc\u0131s\u0131 Cevdet Y\u0131lmaz da T\u00fcrkiye ile KKTC aras\u0131ndaki ticaretin<\/p>\n","protected":false},"author":1,"featured_media":37211,"comment_status":"open","ping_status":"open","sticky":false,"template":"","format":"standard","meta":{"footnotes":""},"categories":[1],"tags":[],"class_list":["post-37210","post","type-post","status-publish","format-standard","has-post-thumbnail","hentry","category-gundem"],"yoast_head":"<!-- This site is optimized with the Yoast SEO plugin v27.4 - https:\/\/yoast.com\/product\/yoast-seo-wordpress\/ -->\n<title>G\u00fczelyurt\u2019ta iftar program\u0131\u2026TC Cumhurba\u015fkan\u0131 Yard\u0131mc\u0131s\u0131 Y\u0131lmaz ve Ba\u015fbakan \u00dcstel iftar program\u0131na kat\u0131ld\u0131 -<\/title>\n<meta name=\"robots\" content=\"index, follow, max-snippet:-1, max-image-preview:large, max-video-preview:-1\" \/>\n<link rel=\"canonical\" href=\"https:\/\/kibrisdakik.com\/?p=37210\" \/>\n<meta property=\"og:locale\" content=\"tr_TR\" \/>\n<meta property=\"og:type\" content=\"article\" \/>\n<meta property=\"og:title\" content=\"G\u00fczelyurt\u2019ta iftar program\u0131\u2026TC Cumhurba\u015fkan\u0131 Yard\u0131mc\u0131s\u0131 Y\u0131lmaz ve Ba\u015fbakan \u00dcstel iftar program\u0131na kat\u0131ld\u0131 -\" \/>\n<meta property=\"og:description\" content=\"T\u00fcrkiye Cumhurba\u015fkan\u0131 Yard\u0131mc\u0131s\u0131 Cevdet Y\u0131lmaz, \u00fclkemize g\u00fcn\u00fcbirlik ziyaret ger\u00e7ekle\u015ftirdi. Aya\u011f\u0131n\u0131n tozuyla geldi\u011fi Ercan Havaliman\u0131\u2019nda a\u00e7\u0131klamalarda bulunan \u00dcstel, G\u00fczelyurt\u2019ta d\u00fczenlenen ve Ba\u015fbakan \u00dcnal \u00dcstel\u2019in de kat\u0131larak konu\u015fma yapt\u0131\u011f\u0131 iftar program\u0131nda yeni projelerle ilgili bilgiler verdi. \u0130ftarda konu\u015fan Ba\u015fbakan \u00dcnal \u00dcstel G\u00fczelurt\u2019un sorunlar\u0131n\u0131 tarihe g\u00f6meceklerini vurgulad\u0131. T\u00fcrkiye Cumhurba\u015fkan\u0131 Yard\u0131mc\u0131s\u0131 Cevdet Y\u0131lmaz da T\u00fcrkiye ile KKTC aras\u0131ndaki ticaretin\" \/>\n<meta property=\"og:url\" content=\"https:\/\/kibrisdakik.com\/?p=37210\" \/>\n<meta property=\"article:published_time\" content=\"2024-04-05T17:51:55+00:00\" \/>\n<meta property=\"og:image\" content=\"https:\/\/kibrisdakik.com\/wp-content\/uploads\/2024\/04\/guzelyurt-iftar-bulusmasi-740x420.jpeg\" \/>\n\t<meta property=\"og:image:width\" content=\"1600\" \/>\n\t<meta property=\"og:image:height\" content=\"747\" \/>\n\t<meta property=\"og:image:type\" content=\"image\/jpeg\" \/>\n<meta name=\"author\" content=\"admin\" \/>\n<meta name=\"twitter:card\" content=\"summary_large_image\" \/>\n<meta name=\"twitter:label1\" content=\"Yazan:\" \/>\n\t<meta name=\"twitter:data1\" content=\"admin\" \/>\n\t<meta name=\"twitter:label2\" content=\"Tahmini okuma s\u00fcresi\" \/>\n\t<meta name=\"twitter:data2\" content=\"7 dakika\" \/>\n<script type=\"application\/ld+json\" class=\"yoast-schema-graph\">{\"@context\":\"https:\\\/\\\/schema.org\",\"@graph\":[{\"@type\":\"Article\",\"@id\":\"https:\\\/\\\/kibrisdakik.com\\\/?p=37210#article\",\"isPartOf\":{\"@id\":\"https:\\\/\\\/kibrisdakik.com\\\/?p=37210\"},\"author\":{\"name\":\"admin\",\"@id\":\"https:\\\/\\\/kibrisdakik.com\\\/#\\\/schema\\\/person\\\/9cd9d437bbb44f72b73ba127e06d8e79\"},\"headline\":\"G\u00fczelyurt\u2019ta iftar program\u0131\u2026TC Cumhurba\u015fkan\u0131 Yard\u0131mc\u0131s\u0131 Y\u0131lmaz ve Ba\u015fbakan \u00dcstel iftar program\u0131na kat\u0131ld\u0131\",\"datePublished\":\"2024-04-05T17:51:55+00:00\",\"mainEntityOfPage\":{\"@id\":\"https:\\\/\\\/kibrisdakik.com\\\/?p=37210\"},\"wordCount\":1338,\"commentCount\":0,\"image\":{\"@id\":\"https:\\\/\\\/kibrisdakik.com\\\/?p=37210#primaryimage\"},\"thumbnailUrl\":\"https:\\\/\\\/kibrisdakik.com\\\/wp-content\\\/uploads\\\/2024\\\/04\\\/guzelyurt-iftar-bulusmasi-740x420.jpeg\",\"articleSection\":[\"G\u00fcndem\"],\"inLanguage\":\"tr\",\"potentialAction\":[{\"@type\":\"CommentAction\",\"name\":\"Comment\",\"target\":[\"https:\\\/\\\/kibrisdakik.com\\\/?p=37210#respond\"]}]},{\"@type\":\"WebPage\",\"@id\":\"https:\\\/\\\/kibrisdakik.com\\\/?p=37210\",\"url\":\"https:\\\/\\\/kibrisdakik.com\\\/?p=37210\",\"name\":\"G\u00fczelyurt\u2019ta iftar program\u0131\u2026TC Cumhurba\u015fkan\u0131 Yard\u0131mc\u0131s\u0131 Y\u0131lmaz ve Ba\u015fbakan \u00dcstel iftar program\u0131na kat\u0131ld\u0131 -\",\"isPartOf\":{\"@id\":\"https:\\\/\\\/kibrisdakik.com\\\/#website\"},\"primaryImageOfPage\":{\"@id\":\"https:\\\/\\\/kibrisdakik.com\\\/?p=37210#primaryimage\"},\"image\":{\"@id\":\"https:\\\/\\\/kibrisdakik.com\\\/?p=37210#primaryimage\"},\"thumbnailUrl\":\"https:\\\/\\\/kibrisdakik.com\\\/wp-content\\\/uploads\\\/2024\\\/04\\\/guzelyurt-iftar-bulusmasi-740x420.jpeg\",\"datePublished\":\"2024-04-05T17:51:55+00:00\",\"author\":{\"@id\":\"https:\\\/\\\/kibrisdakik.com\\\/#\\\/schema\\\/person\\\/9cd9d437bbb44f72b73ba127e06d8e79\"},\"breadcrumb\":{\"@id\":\"https:\\\/\\\/kibrisdakik.com\\\/?p=37210#breadcrumb\"},\"inLanguage\":\"tr\",\"potentialAction\":[{\"@type\":\"ReadAction\",\"target\":[\"https:\\\/\\\/kibrisdakik.com\\\/?p=37210\"]}]},{\"@type\":\"ImageObject\",\"inLanguage\":\"tr\",\"@id\":\"https:\\\/\\\/kibrisdakik.com\\\/?p=37210#primaryimage\",\"url\":\"https:\\\/\\\/kibrisdakik.com\\\/wp-content\\\/uploads\\\/2024\\\/04\\\/guzelyurt-iftar-bulusmasi-740x420.jpeg\",\"contentUrl\":\"https:\\\/\\\/kibrisdakik.com\\\/wp-content\\\/uploads\\\/2024\\\/04\\\/guzelyurt-iftar-bulusmasi-740x420.jpeg\",\"width\":1600,\"height\":747},{\"@type\":\"BreadcrumbList\",\"@id\":\"https:\\\/\\\/kibrisdakik.com\\\/?p=37210#breadcrumb\",\"itemListElement\":[{\"@type\":\"ListItem\",\"position\":1,\"name\":\"Home\",\"item\":\"https:\\\/\\\/kibrisdakik.com\\\/\"},{\"@type\":\"ListItem\",\"position\":2,\"name\":\"G\u00fczelyurt\u2019ta iftar program\u0131\u2026TC Cumhurba\u015fkan\u0131 Yard\u0131mc\u0131s\u0131 Y\u0131lmaz ve Ba\u015fbakan \u00dcstel iftar program\u0131na kat\u0131ld\u0131\"}]},{\"@type\":\"WebSite\",\"@id\":\"https:\\\/\\\/kibrisdakik.com\\\/#website\",\"url\":\"https:\\\/\\\/kibrisdakik.com\\\/\",\"name\":\"\",\"description\":\"Tam vaktinde haber\",\"potentialAction\":[{\"@type\":\"SearchAction\",\"target\":{\"@type\":\"EntryPoint\",\"urlTemplate\":\"https:\\\/\\\/kibrisdakik.com\\\/?s={search_term_string}\"},\"query-input\":{\"@type\":\"PropertyValueSpecification\",\"valueRequired\":true,\"valueName\":\"search_term_string\"}}],\"inLanguage\":\"tr\"},{\"@type\":\"Person\",\"@id\":\"https:\\\/\\\/kibrisdakik.com\\\/#\\\/schema\\\/person\\\/9cd9d437bbb44f72b73ba127e06d8e79\",\"name\":\"admin\",\"image\":{\"@type\":\"ImageObject\",\"inLanguage\":\"tr\",\"@id\":\"https:\\\/\\\/secure.gravatar.com\\\/avatar\\\/ccc17943b9d660506c869530f897617f7cb1c21a4bf30023f252596d83e1f007?s=96&d=mm&r=g\",\"url\":\"https:\\\/\\\/secure.gravatar.com\\\/avatar\\\/ccc17943b9d660506c869530f897617f7cb1c21a4bf30023f252596d83e1f007?s=96&d=mm&r=g\",\"contentUrl\":\"https:\\\/\\\/secure.gravatar.com\\\/avatar\\\/ccc17943b9d660506c869530f897617f7cb1c21a4bf30023f252596d83e1f007?s=96&d=mm&r=g\",\"caption\":\"admin\"},\"sameAs\":[\"https:\\\/\\\/kibrisdakik.com\"],\"url\":\"https:\\\/\\\/kibrisdakik.com\\\/?author=1\"}]}<\/script>\n<!-- \/ Yoast SEO plugin. -->","yoast_head_json":{"title":"G\u00fczelyurt\u2019ta iftar program\u0131\u2026TC Cumhurba\u015fkan\u0131 Yard\u0131mc\u0131s\u0131 Y\u0131lmaz ve Ba\u015fbakan \u00dcstel iftar program\u0131na kat\u0131ld\u0131 -","robots":{"index":"index","follow":"follow","max-snippet":"max-snippet:-1","max-image-preview":"max-image-preview:large","max-video-preview":"max-video-preview:-1"},"canonical":"https:\/\/kibrisdakik.com\/?p=37210","og_locale":"tr_TR","og_type":"article","og_title":"G\u00fczelyurt\u2019ta iftar program\u0131\u2026TC Cumhurba\u015fkan\u0131 Yard\u0131mc\u0131s\u0131 Y\u0131lmaz ve Ba\u015fbakan \u00dcstel iftar program\u0131na kat\u0131ld\u0131 -","og_description":"T\u00fcrkiye Cumhurba\u015fkan\u0131 Yard\u0131mc\u0131s\u0131 Cevdet Y\u0131lmaz, \u00fclkemize g\u00fcn\u00fcbirlik ziyaret ger\u00e7ekle\u015ftirdi. Aya\u011f\u0131n\u0131n tozuyla geldi\u011fi Ercan Havaliman\u0131\u2019nda a\u00e7\u0131klamalarda bulunan \u00dcstel, G\u00fczelyurt\u2019ta d\u00fczenlenen ve Ba\u015fbakan \u00dcnal \u00dcstel\u2019in de kat\u0131larak konu\u015fma yapt\u0131\u011f\u0131 iftar program\u0131nda yeni projelerle ilgili bilgiler verdi. \u0130ftarda konu\u015fan Ba\u015fbakan \u00dcnal \u00dcstel G\u00fczelurt\u2019un sorunlar\u0131n\u0131 tarihe g\u00f6meceklerini vurgulad\u0131. T\u00fcrkiye Cumhurba\u015fkan\u0131 Yard\u0131mc\u0131s\u0131 Cevdet Y\u0131lmaz da T\u00fcrkiye ile KKTC aras\u0131ndaki ticaretin","og_url":"https:\/\/kibrisdakik.com\/?p=37210","article_published_time":"2024-04-05T17:51:55+00:00","og_image":[{"width":1600,"height":747,"url":"https:\/\/kibrisdakik.com\/wp-content\/uploads\/2024\/04\/guzelyurt-iftar-bulusmasi-740x420.jpeg","type":"image\/jpeg"}],"author":"admin","twitter_card":"summary_large_image","twitter_misc":{"Yazan:":"admin","Tahmini okuma s\u00fcresi":"7 dakika"},"schema":{"@context":"https:\/\/schema.org","@graph":[{"@type":"Article","@id":"https:\/\/kibrisdakik.com\/?p=37210#article","isPartOf":{"@id":"https:\/\/kibrisdakik.com\/?p=37210"},"author":{"name":"admin","@id":"https:\/\/kibrisdakik.com\/#\/schema\/person\/9cd9d437bbb44f72b73ba127e06d8e79"},"headline":"G\u00fczelyurt\u2019ta iftar program\u0131\u2026TC Cumhurba\u015fkan\u0131 Yard\u0131mc\u0131s\u0131 Y\u0131lmaz ve Ba\u015fbakan \u00dcstel iftar program\u0131na kat\u0131ld\u0131","datePublished":"2024-04-05T17:51:55+00:00","mainEntityOfPage":{"@id":"https:\/\/kibrisdakik.com\/?p=37210"},"wordCount":1338,"commentCount":0,"image":{"@id":"https:\/\/kibrisdakik.com\/?p=37210#primaryimage"},"thumbnailUrl":"https:\/\/kibrisdakik.com\/wp-content\/uploads\/2024\/04\/guzelyurt-iftar-bulusmasi-740x420.jpeg","articleSection":["G\u00fcndem"],"inLanguage":"tr","potentialAction":[{"@type":"CommentAction","name":"Comment","target":["https:\/\/kibrisdakik.com\/?p=37210#respond"]}]},{"@type":"WebPage","@id":"https:\/\/kibrisdakik.com\/?p=37210","url":"https:\/\/kibrisdakik.com\/?p=37210","name":"G\u00fczelyurt\u2019ta iftar program\u0131\u2026TC Cumhurba\u015fkan\u0131 Yard\u0131mc\u0131s\u0131 Y\u0131lmaz ve Ba\u015fbakan \u00dcstel iftar program\u0131na kat\u0131ld\u0131 -","isPartOf":{"@id":"https:\/\/kibrisdakik.com\/#website"},"primaryImageOfPage":{"@id":"https:\/\/kibrisdakik.com\/?p=37210#primaryimage"},"image":{"@id":"https:\/\/kibrisdakik.com\/?p=37210#primaryimage"},"thumbnailUrl":"https:\/\/kibrisdakik.com\/wp-content\/uploads\/2024\/04\/guzelyurt-iftar-bulusmasi-740x420.jpeg","datePublished":"2024-04-05T17:51:55+00:00","author":{"@id":"https:\/\/kibrisdakik.com\/#\/schema\/person\/9cd9d437bbb44f72b73ba127e06d8e79"},"breadcrumb":{"@id":"https:\/\/kibrisdakik.com\/?p=37210#breadcrumb"},"inLanguage":"tr","potentialAction":[{"@type":"ReadAction","target":["https:\/\/kibrisdakik.com\/?p=37210"]}]},{"@type":"ImageObject","inLanguage":"tr","@id":"https:\/\/kibrisdakik.com\/?p=37210#primaryimage","url":"https:\/\/kibrisdakik.com\/wp-content\/uploads\/2024\/04\/guzelyurt-iftar-bulusmasi-740x420.jpeg","contentUrl":"https:\/\/kibrisdakik.com\/wp-content\/uploads\/2024\/04\/guzelyurt-iftar-bulusmasi-740x420.jpeg","width":1600,"height":747},{"@type":"BreadcrumbList","@id":"https:\/\/kibrisdakik.com\/?p=37210#breadcrumb","itemListElement":[{"@type":"ListItem","position":1,"name":"Home","item":"https:\/\/kibrisdakik.com\/"},{"@type":"ListItem","position":2,"name":"G\u00fczelyurt\u2019ta iftar program\u0131\u2026TC Cumhurba\u015fkan\u0131 Yard\u0131mc\u0131s\u0131 Y\u0131lmaz ve Ba\u015fbakan \u00dcstel iftar program\u0131na kat\u0131ld\u0131"}]},{"@type":"WebSite","@id":"https:\/\/kibrisdakik.com\/#website","url":"https:\/\/kibrisdakik.com\/","name":"","description":"Tam vaktinde haber","potentialAction":[{"@type":"SearchAction","target":{"@type":"EntryPoint","urlTemplate":"https:\/\/kibrisdakik.com\/?s={search_term_string}"},"query-input":{"@type":"PropertyValueSpecification","valueRequired":true,"valueName":"search_term_string"}}],"inLanguage":"tr"},{"@type":"Person","@id":"https:\/\/kibrisdakik.com\/#\/schema\/person\/9cd9d437bbb44f72b73ba127e06d8e79","name":"admin","image":{"@type":"ImageObject","inLanguage":"tr","@id":"https:\/\/secure.gravatar.com\/avatar\/ccc17943b9d660506c869530f897617f7cb1c21a4bf30023f252596d83e1f007?s=96&d=mm&r=g","url":"https:\/\/secure.gravatar.com\/avatar\/ccc17943b9d660506c869530f897617f7cb1c21a4bf30023f252596d83e1f007?s=96&d=mm&r=g","contentUrl":"https:\/\/secure.gravatar.com\/avatar\/ccc17943b9d660506c869530f897617f7cb1c21a4bf30023f252596d83e1f007?s=96&d=mm&r=g","caption":"admin"},"sameAs":["https:\/\/kibrisdakik.com"],"url":"https:\/\/kibrisdakik.com\/?author=1"}]}},"_links":{"self":[{"href":"https:\/\/kibrisdakik.com\/index.php?rest_route=\/wp\/v2\/posts\/37210","targetHints":{"allow":["GET"]}}],"collection":[{"href":"https:\/\/kibrisdakik.com\/index.php?rest_route=\/wp\/v2\/posts"}],"about":[{"href":"https:\/\/kibrisdakik.com\/index.php?rest_route=\/wp\/v2\/types\/post"}],"author":[{"embeddable":true,"href":"https:\/\/kibrisdakik.com\/index.php?rest_route=\/wp\/v2\/users\/1"}],"replies":[{"embeddable":true,"href":"https:\/\/kibrisdakik.com\/index.php?rest_route=%2Fwp%2Fv2%2Fcomments&post=37210"}],"version-history":[{"count":0,"href":"https:\/\/kibrisdakik.com\/index.php?rest_route=\/wp\/v2\/posts\/37210\/revisions"}],"wp:featuredmedia":[{"embeddable":true,"href":"https:\/\/kibrisdakik.com\/index.php?rest_route=\/wp\/v2\/media\/37211"}],"wp:attachment":[{"href":"https:\/\/kibrisdakik.com\/index.php?rest_route=%2Fwp%2Fv2%2Fmedia&parent=37210"}],"wp:term":[{"taxonomy":"category","embeddable":true,"href":"https:\/\/kibrisdakik.com\/index.php?rest_route=%2Fwp%2Fv2%2Fcategories&post=37210"},{"taxonomy":"post_tag","embeddable":true,"href":"https:\/\/kibrisdakik.com\/index.php?rest_route=%2Fwp%2Fv2%2Ftags&post=37210"}],"curies":[{"name":"wp","href":"https:\/\/api.w.org\/{rel}","templated":true}]}}