{"id":37244,"date":"2024-04-05T22:56:48","date_gmt":"2024-04-05T22:56:48","guid":{"rendered":"https:\/\/kibrisdakik.com\/index.php\/2024\/04\/05\/cumhurbaskani-tatar-washingtonda-temaslarda-bulundu-2\/"},"modified":"2024-04-05T22:56:48","modified_gmt":"2024-04-05T22:56:48","slug":"cumhurbaskani-tatar-washingtonda-temaslarda-bulundu-2","status":"publish","type":"post","link":"https:\/\/kibrisdakik.com\/?p=37244","title":{"rendered":"Cumhurba\u015fkan\u0131 Tatar Washington\u2019da temaslarda bulundu"},"content":{"rendered":"<p><\/p>\n<div>\n<div class=\"mariselle-image-container center\">\n                <img loading=\"lazy\" decoding=\"async\" width=\"1600\" height=\"1066\" class=\"lazy-image\" alt=\"\" sizes=\"auto, (max-width: 1600px) 100vw, 1600px\" src=\"https:\/\/brtk.net\/wp-content\/uploads\/2024\/04\/05\/tatar-washington-temas-1-.jpg?ver=cf90bd9e71d9972a332e59f691782930\" srcset=\"https:\/\/brtk.net\/wp-content\/uploads\/2024\/04\/05\/tatar-washington-temas-1-.jpg?ver=cf90bd9e71d9972a332e59f691782930 1600w, https:\/\/brtk.net\/wp-content\/uploads\/2024\/04\/05\/tatar-washington-temas-1--300x200.jpg?ver=87766ee6553773899db83aefb5f6dfa7 300w, https:\/\/brtk.net\/wp-content\/uploads\/2024\/04\/05\/tatar-washington-temas-1--1024x682.jpg?ver=0f79927b32f7227720941825f39f8b0a 1024w, https:\/\/brtk.net\/wp-content\/uploads\/2024\/04\/05\/tatar-washington-temas-1--768x512.jpg?ver=0f79927b32f7227720941825f39f8b0a 768w, https:\/\/brtk.net\/wp-content\/uploads\/2024\/04\/05\/tatar-washington-temas-1--1536x1023.jpg?ver=cbd4e0ed5312b503fb279e36839012bf 1536w\"\/>                            <\/div>\n<p>Washington\u2019da temaslarda bulunan Cumhurba\u015fkan\u0131 <a href=\"https:\/\/brtk.net\/\" target=\"_blank\" rel=\"noopener\">Ersin <\/a><a href=\"https:\/\/brtk.net\/\"\/><a href=\"https:\/\/brtk.net\/\"\/><a href=\"https:\/\/brtk.net\/\"\/><a href=\"https:\/\/brtk.net\/\"\/><a href=\"https:\/\/brtk.net\/\"\/><a href=\"https:\/\/brtk.net\/\">Tatar<\/a>, egemen e\u015fit ve e\u015fit uluslararas\u0131 stat\u00fc siyasetinden taviz vermeyeceklerini, resmi m\u00fczakerelerin ba\u015flamas\u0131 i\u00e7in bu \u00f6n \u015fart\u0131n \u00e7ok \u00f6nemli oldu\u011funu kaydetti.<\/p>\n<p>Cumhurba\u015fkanl\u0131\u011f\u0131ndan verilen bilgiye g\u00f6re, <a href=\"https:\/\/brtk.net\/\"\/><a href=\"https:\/\/brtk.net\/\"\/><a href=\"https:\/\/brtk.net\/\"\/><a href=\"https:\/\/brtk.net\/\"\/><a href=\"https:\/\/brtk.net\/\"\/><a href=\"https:\/\/brtk.net\/\">Tatar<\/a>, ABD\u2019li yetkililer ve sivil toplum \u00f6rg\u00fct\u00fc temsilcilerine, egemen e\u015fitlik ve e\u015fit uluslararas\u0131 stat\u00fc konusundaki g\u00f6r\u00fc\u015flerini aktard\u0131.<\/p>\n<p>T\u00fcrk bas\u0131n mensuplar\u0131yla bir araya gelen ve g\u00fcndemi de\u011ferlendiren <a href=\"https:\/\/brtk.net\/\"\/><a href=\"https:\/\/brtk.net\/\"\/><a href=\"https:\/\/brtk.net\/\"\/><a href=\"https:\/\/brtk.net\/\"\/><a href=\"https:\/\/brtk.net\/\"\/><a href=\"https:\/\/brtk.net\/\">Tatar<\/a>, b\u00f6lgedeki durumu ve K\u0131br\u0131s\u2019ta egemen e\u015fitlik ve e\u015fit uluslararas\u0131 stat\u00fcyle ilgili \u00f6ne \u00e7\u0131kan konular\u0131 ABD\u2019deki muhataplar\u0131na iletti\u011fini, \u00f6zellikle ABD D\u0131\u015fi\u015fleri Bakanl\u0131\u011f\u0131 yetkilileriyle g\u00f6r\u00fc\u015fmesinin verimli ge\u00e7ti\u011fini belirtti.<\/p>\n<p>ABD\u2019li yetkililerin <a href=\"https:\/\/brtk.net\/\">KKTC<\/a>\u2018nin son d\u00f6nemde g\u00fcndeme ta\u015f\u0131d\u0131\u011f\u0131 g\u00fc\u00e7l\u00fc mesajlar\u0131 yak\u0131ndan takip etti\u011fini ifade eden <a href=\"https:\/\/brtk.net\/\"\/><a href=\"https:\/\/brtk.net\/\"\/><a href=\"https:\/\/brtk.net\/\"\/><a href=\"https:\/\/brtk.net\/\"\/><a href=\"https:\/\/brtk.net\/\"\/><a href=\"https:\/\/brtk.net\/\">Tatar<\/a>, <a href=\"https:\/\/brtk.net\/\">KKTC<\/a>\u2018ye y\u00f6nelik ambargo ve yapt\u0131r\u0131mlar\u0131n kald\u0131r\u0131lmas\u0131 gerekti\u011fini vurgulad\u0131klar\u0131n\u0131 kaydetti.<\/p>\n<p>\u201cEgemen e\u015fit ve e\u015fit uluslararas\u0131 stat\u00fc\u201d siyasetinden taviz vermeyeceklerinin alt\u0131n\u0131 \u00e7izen Cumhurba\u015fkan\u0131 <a href=\"https:\/\/brtk.net\/\"\/><a href=\"https:\/\/brtk.net\/\"\/><a href=\"https:\/\/brtk.net\/\"\/><a href=\"https:\/\/brtk.net\/\"\/><a href=\"https:\/\/brtk.net\/\"\/><a href=\"https:\/\/brtk.net\/\">Tatar<\/a>, resmi m\u00fczakerelerin ba\u015flamas\u0131 i\u00e7in bu \u00f6n \u015fart\u0131n \u00e7ok \u00f6nemli oldu\u011funu dile getirdi.<\/p>\n<p>Cumhurba\u015fkan\u0131 <a href=\"https:\/\/brtk.net\/\"\/><a href=\"https:\/\/brtk.net\/\"\/><a href=\"https:\/\/brtk.net\/\"\/><a href=\"https:\/\/brtk.net\/\"\/><a href=\"https:\/\/brtk.net\/\"\/><a href=\"https:\/\/brtk.net\/\">Tatar<\/a>, Hudson Enstit\u00fcs\u00fc\u2019nde ABD\u2019li uzmanlarla yapt\u0131\u011f\u0131 g\u00f6r\u00fc\u015fmenin de faydal\u0131 ge\u00e7ti\u011fini, uzmanlar\u0131n K\u0131br\u0131s\u2019taki geli\u015fmeleri yak\u0131ndan izlediklerini s\u00f6yledi.<\/p>\n<p>ABD medyas\u0131na da a\u00e7\u0131klamalar yapan Cumhurba\u015fkan\u0131 <a href=\"https:\/\/brtk.net\/\"\/><a href=\"https:\/\/brtk.net\/\"\/><a href=\"https:\/\/brtk.net\/\"\/><a href=\"https:\/\/brtk.net\/\"\/><a href=\"https:\/\/brtk.net\/\"\/><a href=\"https:\/\/brtk.net\/\">Tatar<\/a>, Washington\u2019daki K\u0131br\u0131sl\u0131 T\u00fcrk ve T\u00fcrk toplumunun temsilcileriyle bir araya geldi.<\/p>\n<\/p><\/div>\n<p><script async\n                    defer\n                    crossorigin=\"anonymous\"\n                    src=\"https:\/\/connect.facebook.net\/tr_TR\/sdk.js#xfbml=1&#038;version=v3.3\"\n            ><\/script><\/p>\n","protected":false},"excerpt":{"rendered":"<p>Washington\u2019da temaslarda bulunan Cumhurba\u015fkan\u0131 Ersin Tatar, egemen e\u015fit ve e\u015fit uluslararas\u0131 stat\u00fc siyasetinden taviz vermeyeceklerini, resmi m\u00fczakerelerin ba\u015flamas\u0131 i\u00e7in bu \u00f6n \u015fart\u0131n \u00e7ok \u00f6nemli oldu\u011funu kaydetti. Cumhurba\u015fkanl\u0131\u011f\u0131ndan verilen bilgiye g\u00f6re, Tatar, ABD\u2019li yetkililer ve sivil toplum \u00f6rg\u00fct\u00fc temsilcilerine, egemen e\u015fitlik ve e\u015fit uluslararas\u0131 stat\u00fc konusundaki g\u00f6r\u00fc\u015flerini aktard\u0131. T\u00fcrk bas\u0131n mensuplar\u0131yla bir araya gelen ve g\u00fcndemi<\/p>\n","protected":false},"author":1,"featured_media":37245,"comment_status":"open","ping_status":"open","sticky":false,"template":"","format":"standard","meta":{"footnotes":""},"categories":[1],"tags":[],"class_list":["post-37244","post","type-post","status-publish","format-standard","has-post-thumbnail","hentry","category-gundem"],"yoast_head":"<!-- This site is optimized with the Yoast SEO plugin v27.5 - https:\/\/yoast.com\/product\/yoast-seo-wordpress\/ -->\n<title>Cumhurba\u015fkan\u0131 Tatar Washington\u2019da temaslarda bulundu -<\/title>\n<meta name=\"robots\" content=\"index, follow, max-snippet:-1, max-image-preview:large, max-video-preview:-1\" \/>\n<link rel=\"canonical\" href=\"https:\/\/kibrisdakik.com\/?p=37244\" \/>\n<meta property=\"og:locale\" content=\"tr_TR\" \/>\n<meta property=\"og:type\" content=\"article\" \/>\n<meta property=\"og:title\" content=\"Cumhurba\u015fkan\u0131 Tatar Washington\u2019da temaslarda bulundu -\" \/>\n<meta property=\"og:description\" content=\"Washington\u2019da temaslarda bulunan Cumhurba\u015fkan\u0131 Ersin Tatar, egemen e\u015fit ve e\u015fit uluslararas\u0131 stat\u00fc siyasetinden taviz vermeyeceklerini, resmi m\u00fczakerelerin ba\u015flamas\u0131 i\u00e7in bu \u00f6n \u015fart\u0131n \u00e7ok \u00f6nemli oldu\u011funu kaydetti. Cumhurba\u015fkanl\u0131\u011f\u0131ndan verilen bilgiye g\u00f6re, Tatar, ABD\u2019li yetkililer ve sivil toplum \u00f6rg\u00fct\u00fc temsilcilerine, egemen e\u015fitlik ve e\u015fit uluslararas\u0131 stat\u00fc konusundaki g\u00f6r\u00fc\u015flerini aktard\u0131. T\u00fcrk bas\u0131n mensuplar\u0131yla bir araya gelen ve g\u00fcndemi\" \/>\n<meta property=\"og:url\" content=\"https:\/\/kibrisdakik.com\/?p=37244\" \/>\n<meta property=\"article:published_time\" content=\"2024-04-05T22:56:48+00:00\" \/>\n<meta property=\"og:image\" content=\"https:\/\/kibrisdakik.com\/wp-content\/uploads\/2024\/04\/tatar-washington-temas-2--740x420.jpg\" \/>\n\t<meta property=\"og:image:width\" content=\"1600\" \/>\n\t<meta property=\"og:image:height\" content=\"1066\" \/>\n\t<meta property=\"og:image:type\" content=\"image\/jpeg\" \/>\n<meta name=\"author\" content=\"admin\" \/>\n<meta name=\"twitter:card\" content=\"summary_large_image\" \/>\n<meta name=\"twitter:label1\" content=\"Yazan:\" \/>\n\t<meta name=\"twitter:data1\" content=\"admin\" \/>\n\t<meta name=\"twitter:label2\" content=\"Tahmini okuma s\u00fcresi\" \/>\n\t<meta name=\"twitter:data2\" content=\"1 dakika\" \/>\n<script type=\"application\/ld+json\" class=\"yoast-schema-graph\">{\"@context\":\"https:\\\/\\\/schema.org\",\"@graph\":[{\"@type\":\"Article\",\"@id\":\"https:\\\/\\\/kibrisdakik.com\\\/?p=37244#article\",\"isPartOf\":{\"@id\":\"https:\\\/\\\/kibrisdakik.com\\\/?p=37244\"},\"author\":{\"name\":\"admin\",\"@id\":\"https:\\\/\\\/kibrisdakik.com\\\/#\\\/schema\\\/person\\\/9cd9d437bbb44f72b73ba127e06d8e79\"},\"headline\":\"Cumhurba\u015fkan\u0131 Tatar Washington\u2019da temaslarda bulundu\",\"datePublished\":\"2024-04-05T22:56:48+00:00\",\"mainEntityOfPage\":{\"@id\":\"https:\\\/\\\/kibrisdakik.com\\\/?p=37244\"},\"wordCount\":262,\"commentCount\":0,\"image\":{\"@id\":\"https:\\\/\\\/kibrisdakik.com\\\/?p=37244#primaryimage\"},\"thumbnailUrl\":\"https:\\\/\\\/kibrisdakik.com\\\/wp-content\\\/uploads\\\/2024\\\/04\\\/tatar-washington-temas-2--740x420.jpg\",\"articleSection\":[\"G\u00fcndem\"],\"inLanguage\":\"tr\",\"potentialAction\":[{\"@type\":\"CommentAction\",\"name\":\"Comment\",\"target\":[\"https:\\\/\\\/kibrisdakik.com\\\/?p=37244#respond\"]}]},{\"@type\":\"WebPage\",\"@id\":\"https:\\\/\\\/kibrisdakik.com\\\/?p=37244\",\"url\":\"https:\\\/\\\/kibrisdakik.com\\\/?p=37244\",\"name\":\"Cumhurba\u015fkan\u0131 Tatar Washington\u2019da temaslarda bulundu -\",\"isPartOf\":{\"@id\":\"https:\\\/\\\/kibrisdakik.com\\\/#website\"},\"primaryImageOfPage\":{\"@id\":\"https:\\\/\\\/kibrisdakik.com\\\/?p=37244#primaryimage\"},\"image\":{\"@id\":\"https:\\\/\\\/kibrisdakik.com\\\/?p=37244#primaryimage\"},\"thumbnailUrl\":\"https:\\\/\\\/kibrisdakik.com\\\/wp-content\\\/uploads\\\/2024\\\/04\\\/tatar-washington-temas-2--740x420.jpg\",\"datePublished\":\"2024-04-05T22:56:48+00:00\",\"author\":{\"@id\":\"https:\\\/\\\/kibrisdakik.com\\\/#\\\/schema\\\/person\\\/9cd9d437bbb44f72b73ba127e06d8e79\"},\"breadcrumb\":{\"@id\":\"https:\\\/\\\/kibrisdakik.com\\\/?p=37244#breadcrumb\"},\"inLanguage\":\"tr\",\"potentialAction\":[{\"@type\":\"ReadAction\",\"target\":[\"https:\\\/\\\/kibrisdakik.com\\\/?p=37244\"]}]},{\"@type\":\"ImageObject\",\"inLanguage\":\"tr\",\"@id\":\"https:\\\/\\\/kibrisdakik.com\\\/?p=37244#primaryimage\",\"url\":\"https:\\\/\\\/kibrisdakik.com\\\/wp-content\\\/uploads\\\/2024\\\/04\\\/tatar-washington-temas-2--740x420.jpg\",\"contentUrl\":\"https:\\\/\\\/kibrisdakik.com\\\/wp-content\\\/uploads\\\/2024\\\/04\\\/tatar-washington-temas-2--740x420.jpg\",\"width\":1600,\"height\":1066},{\"@type\":\"BreadcrumbList\",\"@id\":\"https:\\\/\\\/kibrisdakik.com\\\/?p=37244#breadcrumb\",\"itemListElement\":[{\"@type\":\"ListItem\",\"position\":1,\"name\":\"Home\",\"item\":\"https:\\\/\\\/kibrisdakik.com\\\/\"},{\"@type\":\"ListItem\",\"position\":2,\"name\":\"Cumhurba\u015fkan\u0131 Tatar Washington\u2019da temaslarda bulundu\"}]},{\"@type\":\"WebSite\",\"@id\":\"https:\\\/\\\/kibrisdakik.com\\\/#website\",\"url\":\"https:\\\/\\\/kibrisdakik.com\\\/\",\"name\":\"\",\"description\":\"Tam vaktinde haber\",\"potentialAction\":[{\"@type\":\"SearchAction\",\"target\":{\"@type\":\"EntryPoint\",\"urlTemplate\":\"https:\\\/\\\/kibrisdakik.com\\\/?s={search_term_string}\"},\"query-input\":{\"@type\":\"PropertyValueSpecification\",\"valueRequired\":true,\"valueName\":\"search_term_string\"}}],\"inLanguage\":\"tr\"},{\"@type\":\"Person\",\"@id\":\"https:\\\/\\\/kibrisdakik.com\\\/#\\\/schema\\\/person\\\/9cd9d437bbb44f72b73ba127e06d8e79\",\"name\":\"admin\",\"image\":{\"@type\":\"ImageObject\",\"inLanguage\":\"tr\",\"@id\":\"https:\\\/\\\/secure.gravatar.com\\\/avatar\\\/ccc17943b9d660506c869530f897617f7cb1c21a4bf30023f252596d83e1f007?s=96&d=mm&r=g\",\"url\":\"https:\\\/\\\/secure.gravatar.com\\\/avatar\\\/ccc17943b9d660506c869530f897617f7cb1c21a4bf30023f252596d83e1f007?s=96&d=mm&r=g\",\"contentUrl\":\"https:\\\/\\\/secure.gravatar.com\\\/avatar\\\/ccc17943b9d660506c869530f897617f7cb1c21a4bf30023f252596d83e1f007?s=96&d=mm&r=g\",\"caption\":\"admin\"},\"sameAs\":[\"https:\\\/\\\/kibrisdakik.com\"],\"url\":\"https:\\\/\\\/kibrisdakik.com\\\/?author=1\"}]}<\/script>\n<!-- \/ Yoast SEO plugin. -->","yoast_head_json":{"title":"Cumhurba\u015fkan\u0131 Tatar Washington\u2019da temaslarda bulundu -","robots":{"index":"index","follow":"follow","max-snippet":"max-snippet:-1","max-image-preview":"max-image-preview:large","max-video-preview":"max-video-preview:-1"},"canonical":"https:\/\/kibrisdakik.com\/?p=37244","og_locale":"tr_TR","og_type":"article","og_title":"Cumhurba\u015fkan\u0131 Tatar Washington\u2019da temaslarda bulundu -","og_description":"Washington\u2019da temaslarda bulunan Cumhurba\u015fkan\u0131 Ersin Tatar, egemen e\u015fit ve e\u015fit uluslararas\u0131 stat\u00fc siyasetinden taviz vermeyeceklerini, resmi m\u00fczakerelerin ba\u015flamas\u0131 i\u00e7in bu \u00f6n \u015fart\u0131n \u00e7ok \u00f6nemli oldu\u011funu kaydetti. Cumhurba\u015fkanl\u0131\u011f\u0131ndan verilen bilgiye g\u00f6re, Tatar, ABD\u2019li yetkililer ve sivil toplum \u00f6rg\u00fct\u00fc temsilcilerine, egemen e\u015fitlik ve e\u015fit uluslararas\u0131 stat\u00fc konusundaki g\u00f6r\u00fc\u015flerini aktard\u0131. T\u00fcrk bas\u0131n mensuplar\u0131yla bir araya gelen ve g\u00fcndemi","og_url":"https:\/\/kibrisdakik.com\/?p=37244","article_published_time":"2024-04-05T22:56:48+00:00","og_image":[{"width":1600,"height":1066,"url":"https:\/\/kibrisdakik.com\/wp-content\/uploads\/2024\/04\/tatar-washington-temas-2--740x420.jpg","type":"image\/jpeg"}],"author":"admin","twitter_card":"summary_large_image","twitter_misc":{"Yazan:":"admin","Tahmini okuma s\u00fcresi":"1 dakika"},"schema":{"@context":"https:\/\/schema.org","@graph":[{"@type":"Article","@id":"https:\/\/kibrisdakik.com\/?p=37244#article","isPartOf":{"@id":"https:\/\/kibrisdakik.com\/?p=37244"},"author":{"name":"admin","@id":"https:\/\/kibrisdakik.com\/#\/schema\/person\/9cd9d437bbb44f72b73ba127e06d8e79"},"headline":"Cumhurba\u015fkan\u0131 Tatar Washington\u2019da temaslarda bulundu","datePublished":"2024-04-05T22:56:48+00:00","mainEntityOfPage":{"@id":"https:\/\/kibrisdakik.com\/?p=37244"},"wordCount":262,"commentCount":0,"image":{"@id":"https:\/\/kibrisdakik.com\/?p=37244#primaryimage"},"thumbnailUrl":"https:\/\/kibrisdakik.com\/wp-content\/uploads\/2024\/04\/tatar-washington-temas-2--740x420.jpg","articleSection":["G\u00fcndem"],"inLanguage":"tr","potentialAction":[{"@type":"CommentAction","name":"Comment","target":["https:\/\/kibrisdakik.com\/?p=37244#respond"]}]},{"@type":"WebPage","@id":"https:\/\/kibrisdakik.com\/?p=37244","url":"https:\/\/kibrisdakik.com\/?p=37244","name":"Cumhurba\u015fkan\u0131 Tatar Washington\u2019da temaslarda bulundu -","isPartOf":{"@id":"https:\/\/kibrisdakik.com\/#website"},"primaryImageOfPage":{"@id":"https:\/\/kibrisdakik.com\/?p=37244#primaryimage"},"image":{"@id":"https:\/\/kibrisdakik.com\/?p=37244#primaryimage"},"thumbnailUrl":"https:\/\/kibrisdakik.com\/wp-content\/uploads\/2024\/04\/tatar-washington-temas-2--740x420.jpg","datePublished":"2024-04-05T22:56:48+00:00","author":{"@id":"https:\/\/kibrisdakik.com\/#\/schema\/person\/9cd9d437bbb44f72b73ba127e06d8e79"},"breadcrumb":{"@id":"https:\/\/kibrisdakik.com\/?p=37244#breadcrumb"},"inLanguage":"tr","potentialAction":[{"@type":"ReadAction","target":["https:\/\/kibrisdakik.com\/?p=37244"]}]},{"@type":"ImageObject","inLanguage":"tr","@id":"https:\/\/kibrisdakik.com\/?p=37244#primaryimage","url":"https:\/\/kibrisdakik.com\/wp-content\/uploads\/2024\/04\/tatar-washington-temas-2--740x420.jpg","contentUrl":"https:\/\/kibrisdakik.com\/wp-content\/uploads\/2024\/04\/tatar-washington-temas-2--740x420.jpg","width":1600,"height":1066},{"@type":"BreadcrumbList","@id":"https:\/\/kibrisdakik.com\/?p=37244#breadcrumb","itemListElement":[{"@type":"ListItem","position":1,"name":"Home","item":"https:\/\/kibrisdakik.com\/"},{"@type":"ListItem","position":2,"name":"Cumhurba\u015fkan\u0131 Tatar Washington\u2019da temaslarda bulundu"}]},{"@type":"WebSite","@id":"https:\/\/kibrisdakik.com\/#website","url":"https:\/\/kibrisdakik.com\/","name":"","description":"Tam vaktinde haber","potentialAction":[{"@type":"SearchAction","target":{"@type":"EntryPoint","urlTemplate":"https:\/\/kibrisdakik.com\/?s={search_term_string}"},"query-input":{"@type":"PropertyValueSpecification","valueRequired":true,"valueName":"search_term_string"}}],"inLanguage":"tr"},{"@type":"Person","@id":"https:\/\/kibrisdakik.com\/#\/schema\/person\/9cd9d437bbb44f72b73ba127e06d8e79","name":"admin","image":{"@type":"ImageObject","inLanguage":"tr","@id":"https:\/\/secure.gravatar.com\/avatar\/ccc17943b9d660506c869530f897617f7cb1c21a4bf30023f252596d83e1f007?s=96&d=mm&r=g","url":"https:\/\/secure.gravatar.com\/avatar\/ccc17943b9d660506c869530f897617f7cb1c21a4bf30023f252596d83e1f007?s=96&d=mm&r=g","contentUrl":"https:\/\/secure.gravatar.com\/avatar\/ccc17943b9d660506c869530f897617f7cb1c21a4bf30023f252596d83e1f007?s=96&d=mm&r=g","caption":"admin"},"sameAs":["https:\/\/kibrisdakik.com"],"url":"https:\/\/kibrisdakik.com\/?author=1"}]}},"_links":{"self":[{"href":"https:\/\/kibrisdakik.com\/index.php?rest_route=\/wp\/v2\/posts\/37244","targetHints":{"allow":["GET"]}}],"collection":[{"href":"https:\/\/kibrisdakik.com\/index.php?rest_route=\/wp\/v2\/posts"}],"about":[{"href":"https:\/\/kibrisdakik.com\/index.php?rest_route=\/wp\/v2\/types\/post"}],"author":[{"embeddable":true,"href":"https:\/\/kibrisdakik.com\/index.php?rest_route=\/wp\/v2\/users\/1"}],"replies":[{"embeddable":true,"href":"https:\/\/kibrisdakik.com\/index.php?rest_route=%2Fwp%2Fv2%2Fcomments&post=37244"}],"version-history":[{"count":0,"href":"https:\/\/kibrisdakik.com\/index.php?rest_route=\/wp\/v2\/posts\/37244\/revisions"}],"wp:featuredmedia":[{"embeddable":true,"href":"https:\/\/kibrisdakik.com\/index.php?rest_route=\/wp\/v2\/media\/37245"}],"wp:attachment":[{"href":"https:\/\/kibrisdakik.com\/index.php?rest_route=%2Fwp%2Fv2%2Fmedia&parent=37244"}],"wp:term":[{"taxonomy":"category","embeddable":true,"href":"https:\/\/kibrisdakik.com\/index.php?rest_route=%2Fwp%2Fv2%2Fcategories&post=37244"},{"taxonomy":"post_tag","embeddable":true,"href":"https:\/\/kibrisdakik.com\/index.php?rest_route=%2Fwp%2Fv2%2Ftags&post=37244"}],"curies":[{"name":"wp","href":"https:\/\/api.w.org\/{rel}","templated":true}]}}