{"id":37365,"date":"2024-04-06T19:41:02","date_gmt":"2024-04-06T19:41:02","guid":{"rendered":"https:\/\/kibrisdakik.com\/index.php\/2024\/04\/06\/vadilide-is-kazasi25-yasindaki-genc-agir-yaralandi\/"},"modified":"2024-04-06T19:41:02","modified_gmt":"2024-04-06T19:41:02","slug":"vadilide-is-kazasi25-yasindaki-genc-agir-yaralandi","status":"publish","type":"post","link":"https:\/\/kibrisdakik.com\/?p=37365","title":{"rendered":"Vadili\u2019de i\u015f kazas\u0131\u202625 Ya\u015f\u0131ndaki gen\u00e7 a\u011f\u0131r yaraland\u0131!"},"content":{"rendered":"<p><\/p>\n<div>\n<div class=\"mariselle-image-container center\">\n                <img loading=\"lazy\" decoding=\"async\" width=\"600\" height=\"264\" class=\"lazy-image\" alt=\"\" sizes=\"auto, (max-width: 600px) 100vw, 600px\" src=\"https:\/\/brtk.net\/wp-content\/uploads\/2023\/12\/21\/ambulans16.png?ver=f7d3572318c9c63b78d92e9b50efa615\" srcset=\"https:\/\/brtk.net\/wp-content\/uploads\/2023\/12\/21\/ambulans16.png?ver=f7d3572318c9c63b78d92e9b50efa615 600w, https:\/\/brtk.net\/wp-content\/uploads\/2023\/12\/21\/ambulans16-300x132.png?ver=010346706c1ca6bdcbe9d42d0aa06def 300w\"\/>                            <\/div>\n<p>Polis Bas\u0131n Subayl\u0131\u011f\u0131\u2019ndan verilen bilgiye g\u00f5re bug\u00fbn saat 19.00 s\u0131ralar\u0131nda, Vadili\u2019de a\u011f\u0131r vas\u0131ta tamir garaj\u0131nda,  G\u00f6lkem AKAR(E-25), boya i\u015fleri yap\u0131lmak \u00fczere garaja b\u0131rak\u0131lan Boccat isimli i\u015f arac\u0131n\u0131n \u00f6n kollar\u0131 ile<br \/>g\u00f6vdesi aras\u0131nda kalan k\u0131sm\u0131n\u0131 boyad\u0131\u011f\u0131 esnada, s\u00f6z konusu arac\u0131n muhtemelen hidrolik koluna dokunmas\u0131 sonucu, o esnada yukar\u0131da bulunan kollar\u0131n a\u015fa\u011f\u0131ya do\u011fru hareketi neticesinde ara\u00e7la kollar<br \/>aras\u0131na g\u00f6\u011f\u00fcs ve ba\u015f k\u0131sm\u0131n\u0131 s\u0131k\u0131\u015ft\u0131rmas\u0131 sonucu a\u011f\u0131r \u015fekilde yaralanm\u0131\u015ft\u0131r. <\/p>\n<p>\u0130\u015f kazas\u0131 sonucu yaralanan<br \/>G\u00f6lkem AKAR, kald\u0131r\u0131ld\u0131\u011f\u0131 Lefko\u015fa Dr Burhan Nalbanto\u011flu Devlet Hastanesi\u2019nde tedavisi halen s\u00fcr\u00fcyor. <\/p>\n<p>Polisin olayla ilgili soru\u015fturma devam etmektedir.<\/p>\n<\/p><\/div>\n<p><script async\n                    defer\n                    crossorigin=\"anonymous\"\n                    src=\"https:\/\/connect.facebook.net\/tr_TR\/sdk.js#xfbml=1&#038;version=v3.3\"\n            ><\/script><\/p>\n","protected":false},"excerpt":{"rendered":"<p>Polis Bas\u0131n Subayl\u0131\u011f\u0131\u2019ndan verilen bilgiye g\u00f5re bug\u00fbn saat 19.00 s\u0131ralar\u0131nda, Vadili\u2019de a\u011f\u0131r vas\u0131ta tamir garaj\u0131nda, G\u00f6lkem AKAR(E-25), boya i\u015fleri yap\u0131lmak \u00fczere garaja b\u0131rak\u0131lan Boccat isimli i\u015f arac\u0131n\u0131n \u00f6n kollar\u0131 ileg\u00f6vdesi aras\u0131nda kalan k\u0131sm\u0131n\u0131 boyad\u0131\u011f\u0131 esnada, s\u00f6z konusu arac\u0131n muhtemelen hidrolik koluna dokunmas\u0131 sonucu, o esnada yukar\u0131da bulunan kollar\u0131n a\u015fa\u011f\u0131ya do\u011fru hareketi neticesinde ara\u00e7la kollararas\u0131na g\u00f6\u011f\u00fcs<\/p>\n","protected":false},"author":1,"featured_media":31855,"comment_status":"open","ping_status":"open","sticky":false,"template":"","format":"standard","meta":{"footnotes":""},"categories":[1],"tags":[],"class_list":["post-37365","post","type-post","status-publish","format-standard","has-post-thumbnail","hentry","category-gundem"],"yoast_head":"<!-- This site is optimized with the Yoast SEO plugin v27.5 - https:\/\/yoast.com\/product\/yoast-seo-wordpress\/ -->\n<title>Vadili\u2019de i\u015f kazas\u0131\u202625 Ya\u015f\u0131ndaki gen\u00e7 a\u011f\u0131r yaraland\u0131! -<\/title>\n<meta name=\"robots\" content=\"index, follow, max-snippet:-1, max-image-preview:large, max-video-preview:-1\" \/>\n<link rel=\"canonical\" href=\"https:\/\/kibrisdakik.com\/?p=37365\" \/>\n<meta property=\"og:locale\" content=\"tr_TR\" \/>\n<meta property=\"og:type\" content=\"article\" \/>\n<meta property=\"og:title\" content=\"Vadili\u2019de i\u015f kazas\u0131\u202625 Ya\u015f\u0131ndaki gen\u00e7 a\u011f\u0131r yaraland\u0131! -\" \/>\n<meta property=\"og:description\" content=\"Polis Bas\u0131n Subayl\u0131\u011f\u0131\u2019ndan verilen bilgiye g\u00f5re bug\u00fbn saat 19.00 s\u0131ralar\u0131nda, Vadili\u2019de a\u011f\u0131r vas\u0131ta tamir garaj\u0131nda, G\u00f6lkem AKAR(E-25), boya i\u015fleri yap\u0131lmak \u00fczere garaja b\u0131rak\u0131lan Boccat isimli i\u015f arac\u0131n\u0131n \u00f6n kollar\u0131 ileg\u00f6vdesi aras\u0131nda kalan k\u0131sm\u0131n\u0131 boyad\u0131\u011f\u0131 esnada, s\u00f6z konusu arac\u0131n muhtemelen hidrolik koluna dokunmas\u0131 sonucu, o esnada yukar\u0131da bulunan kollar\u0131n a\u015fa\u011f\u0131ya do\u011fru hareketi neticesinde ara\u00e7la kollararas\u0131na g\u00f6\u011f\u00fcs\" \/>\n<meta property=\"og:url\" content=\"https:\/\/kibrisdakik.com\/?p=37365\" \/>\n<meta property=\"article:published_time\" content=\"2024-04-06T19:41:02+00:00\" \/>\n<meta property=\"og:image\" content=\"https:\/\/kibrisdakik.com\/wp-content\/uploads\/2024\/02\/ambulans17.png\" \/>\n\t<meta property=\"og:image:width\" content=\"600\" \/>\n\t<meta property=\"og:image:height\" content=\"264\" \/>\n\t<meta property=\"og:image:type\" content=\"image\/png\" \/>\n<meta name=\"author\" content=\"admin\" \/>\n<meta name=\"twitter:card\" content=\"summary_large_image\" \/>\n<meta name=\"twitter:label1\" content=\"Yazan:\" \/>\n\t<meta name=\"twitter:data1\" content=\"admin\" \/>\n\t<meta name=\"twitter:label2\" content=\"Tahmini okuma s\u00fcresi\" \/>\n\t<meta name=\"twitter:data2\" content=\"1 dakika\" \/>\n<script type=\"application\/ld+json\" class=\"yoast-schema-graph\">{\"@context\":\"https:\\\/\\\/schema.org\",\"@graph\":[{\"@type\":\"Article\",\"@id\":\"https:\\\/\\\/kibrisdakik.com\\\/?p=37365#article\",\"isPartOf\":{\"@id\":\"https:\\\/\\\/kibrisdakik.com\\\/?p=37365\"},\"author\":{\"name\":\"admin\",\"@id\":\"https:\\\/\\\/kibrisdakik.com\\\/#\\\/schema\\\/person\\\/9cd9d437bbb44f72b73ba127e06d8e79\"},\"headline\":\"Vadili\u2019de i\u015f kazas\u0131\u202625 Ya\u015f\u0131ndaki gen\u00e7 a\u011f\u0131r yaraland\u0131!\",\"datePublished\":\"2024-04-06T19:41:02+00:00\",\"mainEntityOfPage\":{\"@id\":\"https:\\\/\\\/kibrisdakik.com\\\/?p=37365\"},\"wordCount\":141,\"commentCount\":0,\"image\":{\"@id\":\"https:\\\/\\\/kibrisdakik.com\\\/?p=37365#primaryimage\"},\"thumbnailUrl\":\"https:\\\/\\\/kibrisdakik.com\\\/wp-content\\\/uploads\\\/2024\\\/02\\\/ambulans17.png\",\"articleSection\":[\"G\u00fcndem\"],\"inLanguage\":\"tr\",\"potentialAction\":[{\"@type\":\"CommentAction\",\"name\":\"Comment\",\"target\":[\"https:\\\/\\\/kibrisdakik.com\\\/?p=37365#respond\"]}]},{\"@type\":\"WebPage\",\"@id\":\"https:\\\/\\\/kibrisdakik.com\\\/?p=37365\",\"url\":\"https:\\\/\\\/kibrisdakik.com\\\/?p=37365\",\"name\":\"Vadili\u2019de i\u015f kazas\u0131\u202625 Ya\u015f\u0131ndaki gen\u00e7 a\u011f\u0131r yaraland\u0131! -\",\"isPartOf\":{\"@id\":\"https:\\\/\\\/kibrisdakik.com\\\/#website\"},\"primaryImageOfPage\":{\"@id\":\"https:\\\/\\\/kibrisdakik.com\\\/?p=37365#primaryimage\"},\"image\":{\"@id\":\"https:\\\/\\\/kibrisdakik.com\\\/?p=37365#primaryimage\"},\"thumbnailUrl\":\"https:\\\/\\\/kibrisdakik.com\\\/wp-content\\\/uploads\\\/2024\\\/02\\\/ambulans17.png\",\"datePublished\":\"2024-04-06T19:41:02+00:00\",\"author\":{\"@id\":\"https:\\\/\\\/kibrisdakik.com\\\/#\\\/schema\\\/person\\\/9cd9d437bbb44f72b73ba127e06d8e79\"},\"breadcrumb\":{\"@id\":\"https:\\\/\\\/kibrisdakik.com\\\/?p=37365#breadcrumb\"},\"inLanguage\":\"tr\",\"potentialAction\":[{\"@type\":\"ReadAction\",\"target\":[\"https:\\\/\\\/kibrisdakik.com\\\/?p=37365\"]}]},{\"@type\":\"ImageObject\",\"inLanguage\":\"tr\",\"@id\":\"https:\\\/\\\/kibrisdakik.com\\\/?p=37365#primaryimage\",\"url\":\"https:\\\/\\\/kibrisdakik.com\\\/wp-content\\\/uploads\\\/2024\\\/02\\\/ambulans17.png\",\"contentUrl\":\"https:\\\/\\\/kibrisdakik.com\\\/wp-content\\\/uploads\\\/2024\\\/02\\\/ambulans17.png\",\"width\":600,\"height\":264},{\"@type\":\"BreadcrumbList\",\"@id\":\"https:\\\/\\\/kibrisdakik.com\\\/?p=37365#breadcrumb\",\"itemListElement\":[{\"@type\":\"ListItem\",\"position\":1,\"name\":\"Home\",\"item\":\"https:\\\/\\\/kibrisdakik.com\\\/\"},{\"@type\":\"ListItem\",\"position\":2,\"name\":\"Vadili\u2019de i\u015f kazas\u0131\u202625 Ya\u015f\u0131ndaki gen\u00e7 a\u011f\u0131r yaraland\u0131!\"}]},{\"@type\":\"WebSite\",\"@id\":\"https:\\\/\\\/kibrisdakik.com\\\/#website\",\"url\":\"https:\\\/\\\/kibrisdakik.com\\\/\",\"name\":\"\",\"description\":\"Tam vaktinde haber\",\"potentialAction\":[{\"@type\":\"SearchAction\",\"target\":{\"@type\":\"EntryPoint\",\"urlTemplate\":\"https:\\\/\\\/kibrisdakik.com\\\/?s={search_term_string}\"},\"query-input\":{\"@type\":\"PropertyValueSpecification\",\"valueRequired\":true,\"valueName\":\"search_term_string\"}}],\"inLanguage\":\"tr\"},{\"@type\":\"Person\",\"@id\":\"https:\\\/\\\/kibrisdakik.com\\\/#\\\/schema\\\/person\\\/9cd9d437bbb44f72b73ba127e06d8e79\",\"name\":\"admin\",\"image\":{\"@type\":\"ImageObject\",\"inLanguage\":\"tr\",\"@id\":\"https:\\\/\\\/secure.gravatar.com\\\/avatar\\\/ccc17943b9d660506c869530f897617f7cb1c21a4bf30023f252596d83e1f007?s=96&d=mm&r=g\",\"url\":\"https:\\\/\\\/secure.gravatar.com\\\/avatar\\\/ccc17943b9d660506c869530f897617f7cb1c21a4bf30023f252596d83e1f007?s=96&d=mm&r=g\",\"contentUrl\":\"https:\\\/\\\/secure.gravatar.com\\\/avatar\\\/ccc17943b9d660506c869530f897617f7cb1c21a4bf30023f252596d83e1f007?s=96&d=mm&r=g\",\"caption\":\"admin\"},\"sameAs\":[\"https:\\\/\\\/kibrisdakik.com\"],\"url\":\"https:\\\/\\\/kibrisdakik.com\\\/?author=1\"}]}<\/script>\n<!-- \/ Yoast SEO plugin. -->","yoast_head_json":{"title":"Vadili\u2019de i\u015f kazas\u0131\u202625 Ya\u015f\u0131ndaki gen\u00e7 a\u011f\u0131r yaraland\u0131! -","robots":{"index":"index","follow":"follow","max-snippet":"max-snippet:-1","max-image-preview":"max-image-preview:large","max-video-preview":"max-video-preview:-1"},"canonical":"https:\/\/kibrisdakik.com\/?p=37365","og_locale":"tr_TR","og_type":"article","og_title":"Vadili\u2019de i\u015f kazas\u0131\u202625 Ya\u015f\u0131ndaki gen\u00e7 a\u011f\u0131r yaraland\u0131! -","og_description":"Polis Bas\u0131n Subayl\u0131\u011f\u0131\u2019ndan verilen bilgiye g\u00f5re bug\u00fbn saat 19.00 s\u0131ralar\u0131nda, Vadili\u2019de a\u011f\u0131r vas\u0131ta tamir garaj\u0131nda, G\u00f6lkem AKAR(E-25), boya i\u015fleri yap\u0131lmak \u00fczere garaja b\u0131rak\u0131lan Boccat isimli i\u015f arac\u0131n\u0131n \u00f6n kollar\u0131 ileg\u00f6vdesi aras\u0131nda kalan k\u0131sm\u0131n\u0131 boyad\u0131\u011f\u0131 esnada, s\u00f6z konusu arac\u0131n muhtemelen hidrolik koluna dokunmas\u0131 sonucu, o esnada yukar\u0131da bulunan kollar\u0131n a\u015fa\u011f\u0131ya do\u011fru hareketi neticesinde ara\u00e7la kollararas\u0131na g\u00f6\u011f\u00fcs","og_url":"https:\/\/kibrisdakik.com\/?p=37365","article_published_time":"2024-04-06T19:41:02+00:00","og_image":[{"width":600,"height":264,"url":"https:\/\/kibrisdakik.com\/wp-content\/uploads\/2024\/02\/ambulans17.png","type":"image\/png"}],"author":"admin","twitter_card":"summary_large_image","twitter_misc":{"Yazan:":"admin","Tahmini okuma s\u00fcresi":"1 dakika"},"schema":{"@context":"https:\/\/schema.org","@graph":[{"@type":"Article","@id":"https:\/\/kibrisdakik.com\/?p=37365#article","isPartOf":{"@id":"https:\/\/kibrisdakik.com\/?p=37365"},"author":{"name":"admin","@id":"https:\/\/kibrisdakik.com\/#\/schema\/person\/9cd9d437bbb44f72b73ba127e06d8e79"},"headline":"Vadili\u2019de i\u015f kazas\u0131\u202625 Ya\u015f\u0131ndaki gen\u00e7 a\u011f\u0131r yaraland\u0131!","datePublished":"2024-04-06T19:41:02+00:00","mainEntityOfPage":{"@id":"https:\/\/kibrisdakik.com\/?p=37365"},"wordCount":141,"commentCount":0,"image":{"@id":"https:\/\/kibrisdakik.com\/?p=37365#primaryimage"},"thumbnailUrl":"https:\/\/kibrisdakik.com\/wp-content\/uploads\/2024\/02\/ambulans17.png","articleSection":["G\u00fcndem"],"inLanguage":"tr","potentialAction":[{"@type":"CommentAction","name":"Comment","target":["https:\/\/kibrisdakik.com\/?p=37365#respond"]}]},{"@type":"WebPage","@id":"https:\/\/kibrisdakik.com\/?p=37365","url":"https:\/\/kibrisdakik.com\/?p=37365","name":"Vadili\u2019de i\u015f kazas\u0131\u202625 Ya\u015f\u0131ndaki gen\u00e7 a\u011f\u0131r yaraland\u0131! -","isPartOf":{"@id":"https:\/\/kibrisdakik.com\/#website"},"primaryImageOfPage":{"@id":"https:\/\/kibrisdakik.com\/?p=37365#primaryimage"},"image":{"@id":"https:\/\/kibrisdakik.com\/?p=37365#primaryimage"},"thumbnailUrl":"https:\/\/kibrisdakik.com\/wp-content\/uploads\/2024\/02\/ambulans17.png","datePublished":"2024-04-06T19:41:02+00:00","author":{"@id":"https:\/\/kibrisdakik.com\/#\/schema\/person\/9cd9d437bbb44f72b73ba127e06d8e79"},"breadcrumb":{"@id":"https:\/\/kibrisdakik.com\/?p=37365#breadcrumb"},"inLanguage":"tr","potentialAction":[{"@type":"ReadAction","target":["https:\/\/kibrisdakik.com\/?p=37365"]}]},{"@type":"ImageObject","inLanguage":"tr","@id":"https:\/\/kibrisdakik.com\/?p=37365#primaryimage","url":"https:\/\/kibrisdakik.com\/wp-content\/uploads\/2024\/02\/ambulans17.png","contentUrl":"https:\/\/kibrisdakik.com\/wp-content\/uploads\/2024\/02\/ambulans17.png","width":600,"height":264},{"@type":"BreadcrumbList","@id":"https:\/\/kibrisdakik.com\/?p=37365#breadcrumb","itemListElement":[{"@type":"ListItem","position":1,"name":"Home","item":"https:\/\/kibrisdakik.com\/"},{"@type":"ListItem","position":2,"name":"Vadili\u2019de i\u015f kazas\u0131\u202625 Ya\u015f\u0131ndaki gen\u00e7 a\u011f\u0131r yaraland\u0131!"}]},{"@type":"WebSite","@id":"https:\/\/kibrisdakik.com\/#website","url":"https:\/\/kibrisdakik.com\/","name":"","description":"Tam vaktinde haber","potentialAction":[{"@type":"SearchAction","target":{"@type":"EntryPoint","urlTemplate":"https:\/\/kibrisdakik.com\/?s={search_term_string}"},"query-input":{"@type":"PropertyValueSpecification","valueRequired":true,"valueName":"search_term_string"}}],"inLanguage":"tr"},{"@type":"Person","@id":"https:\/\/kibrisdakik.com\/#\/schema\/person\/9cd9d437bbb44f72b73ba127e06d8e79","name":"admin","image":{"@type":"ImageObject","inLanguage":"tr","@id":"https:\/\/secure.gravatar.com\/avatar\/ccc17943b9d660506c869530f897617f7cb1c21a4bf30023f252596d83e1f007?s=96&d=mm&r=g","url":"https:\/\/secure.gravatar.com\/avatar\/ccc17943b9d660506c869530f897617f7cb1c21a4bf30023f252596d83e1f007?s=96&d=mm&r=g","contentUrl":"https:\/\/secure.gravatar.com\/avatar\/ccc17943b9d660506c869530f897617f7cb1c21a4bf30023f252596d83e1f007?s=96&d=mm&r=g","caption":"admin"},"sameAs":["https:\/\/kibrisdakik.com"],"url":"https:\/\/kibrisdakik.com\/?author=1"}]}},"_links":{"self":[{"href":"https:\/\/kibrisdakik.com\/index.php?rest_route=\/wp\/v2\/posts\/37365","targetHints":{"allow":["GET"]}}],"collection":[{"href":"https:\/\/kibrisdakik.com\/index.php?rest_route=\/wp\/v2\/posts"}],"about":[{"href":"https:\/\/kibrisdakik.com\/index.php?rest_route=\/wp\/v2\/types\/post"}],"author":[{"embeddable":true,"href":"https:\/\/kibrisdakik.com\/index.php?rest_route=\/wp\/v2\/users\/1"}],"replies":[{"embeddable":true,"href":"https:\/\/kibrisdakik.com\/index.php?rest_route=%2Fwp%2Fv2%2Fcomments&post=37365"}],"version-history":[{"count":0,"href":"https:\/\/kibrisdakik.com\/index.php?rest_route=\/wp\/v2\/posts\/37365\/revisions"}],"wp:featuredmedia":[{"embeddable":true,"href":"https:\/\/kibrisdakik.com\/index.php?rest_route=\/wp\/v2\/media\/31855"}],"wp:attachment":[{"href":"https:\/\/kibrisdakik.com\/index.php?rest_route=%2Fwp%2Fv2%2Fmedia&parent=37365"}],"wp:term":[{"taxonomy":"category","embeddable":true,"href":"https:\/\/kibrisdakik.com\/index.php?rest_route=%2Fwp%2Fv2%2Fcategories&post=37365"},{"taxonomy":"post_tag","embeddable":true,"href":"https:\/\/kibrisdakik.com\/index.php?rest_route=%2Fwp%2Fv2%2Ftags&post=37365"}],"curies":[{"name":"wp","href":"https:\/\/api.w.org\/{rel}","templated":true}]}}