{"id":37376,"date":"2024-04-06T21:20:22","date_gmt":"2024-04-06T21:20:22","guid":{"rendered":"https:\/\/kibrisdakik.com\/index.php\/2024\/04\/06\/buyuk-marmara-depreminin-maliyeti-belli-oldu\/"},"modified":"2024-04-06T21:20:22","modified_gmt":"2024-04-06T21:20:22","slug":"buyuk-marmara-depreminin-maliyeti-belli-oldu","status":"publish","type":"post","link":"https:\/\/kibrisdakik.com\/?p=37376","title":{"rendered":"B\u00fcy\u00fck Marmara depreminin maliyeti belli oldu!"},"content":{"rendered":"<p><\/p>\n<p>Ya\u015fanan depremlerin ard\u0131ndan ortaya \u00e7\u0131kan maliyetler olas\u0131 bir Marmara depremindeki senaryolar\u0131 da canland\u0131rd\u0131. Deprem uzmanlar\u0131n\u0131n art arda Marmara depremi uyar\u0131lar\u0131 ve h\u00fck\u00fcmetin \u00f6zellikle bu b\u00f6lgedeki \u00e7al\u0131\u015fmalar\u0131 a\u011fr\u0131l\u0131k kazan\u0131rken olas\u0131 kay\u0131plar ve ekonomik maliyetler de masaya yat\u0131r\u0131l\u0131yor. Sigorta sekt\u00f6r\u00fc olas\u0131 bir b\u00fcy\u00fck Marmara depreminde ekonomik olarak nas\u0131l etkileyece\u011fini hesaplad\u0131. Ac\u0131 tablo ortaya \u00e7\u0131kt\u0131. &nbsp;<\/p>\n<h3>MARMARA DEPREM\u0130N\u0130N TAHM\u0130N\u0130 MAL\u0130YET\u0130 HESAPLANDI<\/h3>\n<p>T\u00fcrkiye Sigorta Birli\u011fi Ba\u015fkan\u0131 U\u011fur G\u00fclen kat\u0131ld\u0131\u011f\u0131 canl\u0131 yay\u0131nda sigorta sekt\u00f6r\u00fcn\u00fcn g\u00fcndemindeki konulara ili\u015fkin de\u011ferlendirmelerde bulundu.<\/p>\n<p>\u00c7ok \u00fcz\u00fcc\u00fc ve y\u0131k\u0131c\u0131 bir deprem ya\u015fand\u0131\u011f\u0131n\u0131 ve bunun beklenen Marmara depremi i\u00e7in de bir uyan\u0131\u015f getirdi\u011fini dile getiren G\u00fclen, Marmara depreminde 320 milyar dolarl\u0131k bir hasar olaca\u011f\u0131n\u0131n tahmin edildi\u011fini s\u00f6yledi.<\/p>\n<p><img decoding=\"async\" alt=\"B\u00fcy\u00fck Marmara depreminin maliyeti belli oldu! \u0130\u015fte T\u00fcrkiye i\u00e7in o ac\u0131 senaryo - 1. Resim\" src=\"https:\/\/i.tgrthaber.com.tr\/images\/haberler\/24-04\/06\/buyuk-marmara-depreminin-maliyeti-belli-oldu-iste-turkiye-icin-o-aci-senaryo-17124236782884_1.jpg\" title=\"B\u00fcy\u00fck Marmara depreminin maliyeti belli oldu! \u0130\u015fte T\u00fcrkiye i\u00e7in o ac\u0131 senaryo\" \/><\/p>\n<h3>\u201cB\u0130NA D\u00d6N\u00dc\u015e\u00dcM\u00dc \u00d6NEML\u0130 B\u0130R ROL \u00dcSTLENECEK\u201d<\/h3>\n<p>\u00d6zellikle deprem hatt\u0131ndaki kentler i\u00e7in bina tamamlama sigortalar\u0131n\u0131n \u00f6nemli bir rol \u00fcstlenece\u011finin alt\u0131n\u0131 \u00e7izen G\u00fclen, &#8220;Bu \u00fcr\u00fcn, kentsel d\u00f6n\u00fc\u015f\u00fcm\u00fc de h\u0131zland\u0131racak bu sigorta ile d\u00f6n\u00fc\u015f\u00fcm yap\u0131lan binalarda, m\u00fcteahhitlerin binay\u0131 istenen ko\u015fullarda tamamla riskine kar\u015f\u0131 muazzam bir \u00fcr\u00fcn&#8221; diye konu\u015ftu.<\/p>\n<p><img decoding=\"async\" alt=\"B\u00fcy\u00fck Marmara depreminin maliyeti belli oldu! \u0130\u015fte T\u00fcrkiye i\u00e7in o ac\u0131 senaryo - 2. Resim\" src=\"https:\/\/i.tgrthaber.com.tr\/images\/haberler\/24-04\/06\/buyuk-marmara-depreminin-maliyeti-belli-oldu-iste-turkiye-icin-o-aci-senaryo-17124236786670_2.jpg\" title=\"B\u00fcy\u00fck Marmara depreminin maliyeti belli oldu! \u0130\u015fte T\u00fcrkiye i\u00e7in o ac\u0131 senaryo\" \/><\/p>\n<h3>T\u00dcRK\u0130YE\u2019N\u0130N B\u00dcY\u00dcMES\u0130NDE BES DESTEKLEY\u0130C\u0130 OYUNCU OLACAK<\/h3>\n<p>Sekt\u00f6rde prim \u00fcretiminin 2023 y\u0131l\u0131nda y\u00fczde 105 artarak 483 milyar liraya ula\u015ft\u0131\u011f\u0131n\u0131 hat\u0131rlan T\u00fcrkiye Sigorta Birli\u011fi (TSB) Ba\u015fkan\u0131 U\u011fur G\u00fclen, bireysel emeklilik sisteminin (BES), otomatik kat\u0131l\u0131m\u0131n da devreye girmesiyle 16 milyonun \u00fcst\u00fcnde bir kat\u0131l\u0131mc\u0131ya ula\u015farak, fon b\u00fcy\u00fckl\u00fc\u011f\u00fc a\u00e7\u0131s\u0131ndan da b\u00fcy\u00fcmenin ate\u015fini destekleyecek bir oyuncu oldu\u011funu dile getirdi.<\/p>\n<p>Sistemden k\u0131smi \u00e7eki\u015f hakk\u0131n\u0131n 1 Temmuz tarihinde ba\u015flad\u0131\u011f\u0131n\u0131 hat\u0131rlatan G\u00fclen, bunun fon b\u00fcy\u00fckl\u00fc\u011f\u00fcn\u00fc \u00e7ok etkileyecek bir durum oldu\u011funu d\u00fc\u015f\u00fcnmedi\u011fini belirtti.<\/p>\n<h3>BES TAMAMLAYICI EMEKL\u0130L\u0130K S\u0130STEM\u0130NE D\u00d6N\u00dc\u015e\u00dcYOR<\/h3>\n<p>BES fonlar\u0131n\u0131 teminat g\u00f6stererek ba\u015fka bir yerden kredi alma hakk\u0131na da sahip olunaca\u011f\u0131n\u0131 hat\u0131rlatan G\u00fclen, &#8220;2024 y\u0131l\u0131nda g\u00f6rece\u011fimiz en \u00f6nemli \u015fey BES&#8217;in tamamlay\u0131c\u0131 emeklilik sistemine d\u00f6n\u00fc\u015f\u00fcyor olmas\u0131 olacak. Bu y\u0131l BES art\u0131k tamamlay\u0131c\u0131 emeklilik sistemine evrilecek gibi g\u00f6r\u00fcn\u00fcyor.<\/p>\n<p>Tamamlay\u0131c\u0131 emeklilik OVP&#8217;nin de bir par\u00e7as\u0131. Hem d\u00fczenleyici otorite hem sigorta sekt\u00f6r\u00fc sekt\u00f6r\u00fc \u00e7al\u0131\u015fmalar\u0131na devam ediyor. 2024 y\u0131l\u0131 bunun devreye al\u0131nacak bir y\u0131l olarak g\u00f6r\u00fcn\u00fcyor&#8221; ifadelerini kulland\u0131.<\/p>\n","protected":false},"excerpt":{"rendered":"<p>Ya\u015fanan depremlerin ard\u0131ndan ortaya \u00e7\u0131kan maliyetler olas\u0131 bir Marmara depremindeki senaryolar\u0131 da canland\u0131rd\u0131. Deprem uzmanlar\u0131n\u0131n art arda Marmara depremi uyar\u0131lar\u0131 ve h\u00fck\u00fcmetin \u00f6zellikle bu b\u00f6lgedeki \u00e7al\u0131\u015fmalar\u0131 a\u011fr\u0131l\u0131k kazan\u0131rken olas\u0131 kay\u0131plar ve ekonomik maliyetler de masaya yat\u0131r\u0131l\u0131yor. Sigorta sekt\u00f6r\u00fc olas\u0131 bir b\u00fcy\u00fck Marmara depreminde ekonomik olarak nas\u0131l etkileyece\u011fini hesaplad\u0131. Ac\u0131 tablo ortaya \u00e7\u0131kt\u0131. &nbsp; MARMARA DEPREM\u0130N\u0130N<\/p>\n","protected":false},"author":1,"featured_media":37377,"comment_status":"open","ping_status":"open","sticky":false,"template":"","format":"standard","meta":{"footnotes":""},"categories":[85],"tags":[],"class_list":["post-37376","post","type-post","status-publish","format-standard","has-post-thumbnail","hentry","category-spor"],"yoast_head":"<!-- This site is optimized with the Yoast SEO plugin v28.4 - https:\/\/yoast.com\/product\/yoast-seo-wordpress\/ -->\n<title>B\u00fcy\u00fck Marmara depreminin maliyeti belli oldu! -<\/title>\n<meta name=\"robots\" content=\"index, follow, max-snippet:-1, max-image-preview:large, max-video-preview:-1\" \/>\n<link rel=\"canonical\" href=\"https:\/\/kibrisdakik.com\/?p=37376\" \/>\n<meta property=\"og:locale\" content=\"tr_TR\" \/>\n<meta property=\"og:type\" content=\"article\" \/>\n<meta property=\"og:title\" content=\"B\u00fcy\u00fck Marmara depreminin maliyeti belli oldu! -\" \/>\n<meta property=\"og:description\" content=\"Ya\u015fanan depremlerin ard\u0131ndan ortaya \u00e7\u0131kan maliyetler olas\u0131 bir Marmara depremindeki senaryolar\u0131 da canland\u0131rd\u0131. Deprem uzmanlar\u0131n\u0131n art arda Marmara depremi uyar\u0131lar\u0131 ve h\u00fck\u00fcmetin \u00f6zellikle bu b\u00f6lgedeki \u00e7al\u0131\u015fmalar\u0131 a\u011fr\u0131l\u0131k kazan\u0131rken olas\u0131 kay\u0131plar ve ekonomik maliyetler de masaya yat\u0131r\u0131l\u0131yor. Sigorta sekt\u00f6r\u00fc olas\u0131 bir b\u00fcy\u00fck Marmara depreminde ekonomik olarak nas\u0131l etkileyece\u011fini hesaplad\u0131. Ac\u0131 tablo ortaya \u00e7\u0131kt\u0131. &nbsp; MARMARA DEPREM\u0130N\u0130N\" \/>\n<meta property=\"og:url\" content=\"https:\/\/kibrisdakik.com\/?p=37376\" \/>\n<meta property=\"article:published_time\" content=\"2024-04-06T21:20:22+00:00\" \/>\n<meta property=\"og:image\" content=\"https:\/\/kibrisdakik.com\/wp-content\/uploads\/2024\/04\/buyuk-marmara-depreminin-maliyeti-belli-oldu-iste-turkiye-icin-o-aci-senaryo-17124236782884_1-740x420.jpg\" \/>\n\t<meta property=\"og:image:width\" content=\"1280\" \/>\n\t<meta property=\"og:image:height\" content=\"857\" \/>\n\t<meta property=\"og:image:type\" content=\"image\/jpeg\" \/>\n<meta name=\"author\" content=\"admin\" \/>\n<meta name=\"twitter:card\" content=\"summary_large_image\" \/>\n<meta name=\"twitter:label1\" content=\"Yazan:\" \/>\n\t<meta name=\"twitter:data1\" content=\"admin\" \/>\n\t<meta name=\"twitter:label2\" content=\"Tahmini okuma s\u00fcresi\" \/>\n\t<meta name=\"twitter:data2\" content=\"2 dakika\" \/>\n<script type=\"application\/ld+json\" class=\"yoast-schema-graph\">{\"@context\":\"https:\\\/\\\/schema.org\",\"@graph\":[{\"@type\":\"Article\",\"@id\":\"https:\\\/\\\/kibrisdakik.com\\\/?p=37376#article\",\"isPartOf\":{\"@id\":\"https:\\\/\\\/kibrisdakik.com\\\/?p=37376\"},\"author\":{\"name\":\"admin\",\"@id\":\"https:\\\/\\\/kibrisdakik.com\\\/#\\\/schema\\\/person\\\/9cd9d437bbb44f72b73ba127e06d8e79\"},\"headline\":\"B\u00fcy\u00fck Marmara depreminin maliyeti belli oldu!\",\"datePublished\":\"2024-04-06T21:20:22+00:00\",\"mainEntityOfPage\":{\"@id\":\"https:\\\/\\\/kibrisdakik.com\\\/?p=37376\"},\"wordCount\":459,\"commentCount\":0,\"publisher\":{\"@id\":\"https:\\\/\\\/kibrisdakik.com\\\/#organization\"},\"image\":{\"@id\":\"https:\\\/\\\/kibrisdakik.com\\\/?p=37376#primaryimage\"},\"thumbnailUrl\":\"https:\\\/\\\/kibrisdakik.com\\\/wp-content\\\/uploads\\\/2024\\\/04\\\/buyuk-marmara-depreminin-maliyeti-belli-oldu-iste-turkiye-icin-o-aci-senaryo-17124236782884_1-740x420.jpg\",\"articleSection\":[\"Spor\"],\"inLanguage\":\"tr\",\"potentialAction\":[{\"@type\":\"CommentAction\",\"name\":\"Comment\",\"target\":[\"https:\\\/\\\/kibrisdakik.com\\\/?p=37376#respond\"]}]},{\"@type\":\"WebPage\",\"@id\":\"https:\\\/\\\/kibrisdakik.com\\\/?p=37376\",\"url\":\"https:\\\/\\\/kibrisdakik.com\\\/?p=37376\",\"name\":\"B\u00fcy\u00fck Marmara depreminin maliyeti belli oldu! -\",\"isPartOf\":{\"@id\":\"https:\\\/\\\/kibrisdakik.com\\\/#website\"},\"primaryImageOfPage\":{\"@id\":\"https:\\\/\\\/kibrisdakik.com\\\/?p=37376#primaryimage\"},\"image\":{\"@id\":\"https:\\\/\\\/kibrisdakik.com\\\/?p=37376#primaryimage\"},\"thumbnailUrl\":\"https:\\\/\\\/kibrisdakik.com\\\/wp-content\\\/uploads\\\/2024\\\/04\\\/buyuk-marmara-depreminin-maliyeti-belli-oldu-iste-turkiye-icin-o-aci-senaryo-17124236782884_1-740x420.jpg\",\"datePublished\":\"2024-04-06T21:20:22+00:00\",\"breadcrumb\":{\"@id\":\"https:\\\/\\\/kibrisdakik.com\\\/?p=37376#breadcrumb\"},\"inLanguage\":\"tr\",\"potentialAction\":[{\"@type\":\"ReadAction\",\"target\":[\"https:\\\/\\\/kibrisdakik.com\\\/?p=37376\"]}]},{\"@type\":\"ImageObject\",\"inLanguage\":\"tr\",\"@id\":\"https:\\\/\\\/kibrisdakik.com\\\/?p=37376#primaryimage\",\"url\":\"https:\\\/\\\/kibrisdakik.com\\\/wp-content\\\/uploads\\\/2024\\\/04\\\/buyuk-marmara-depreminin-maliyeti-belli-oldu-iste-turkiye-icin-o-aci-senaryo-17124236782884_1-740x420.jpg\",\"contentUrl\":\"https:\\\/\\\/kibrisdakik.com\\\/wp-content\\\/uploads\\\/2024\\\/04\\\/buyuk-marmara-depreminin-maliyeti-belli-oldu-iste-turkiye-icin-o-aci-senaryo-17124236782884_1-740x420.jpg\",\"width\":1280,\"height\":857},{\"@type\":\"BreadcrumbList\",\"@id\":\"https:\\\/\\\/kibrisdakik.com\\\/?p=37376#breadcrumb\",\"itemListElement\":[{\"@type\":\"ListItem\",\"position\":1,\"name\":\"Home\",\"item\":\"https:\\\/\\\/kibrisdakik.com\\\/\"},{\"@type\":\"ListItem\",\"position\":2,\"name\":\"B\u00fcy\u00fck Marmara depreminin maliyeti belli oldu!\"}]},{\"@type\":\"WebSite\",\"@id\":\"https:\\\/\\\/kibrisdakik.com\\\/#website\",\"url\":\"https:\\\/\\\/kibrisdakik.com\\\/\",\"name\":\"K\u0131br\u0131s Dakik\",\"description\":\"Tam vaktinde haber\",\"publisher\":{\"@id\":\"https:\\\/\\\/kibrisdakik.com\\\/#organization\"},\"potentialAction\":[{\"@type\":\"SearchAction\",\"target\":{\"@type\":\"EntryPoint\",\"urlTemplate\":\"https:\\\/\\\/kibrisdakik.com\\\/?s={search_term_string}\"},\"query-input\":{\"@type\":\"PropertyValueSpecification\",\"valueRequired\":true,\"valueName\":\"search_term_string\"}}],\"inLanguage\":\"tr\"},{\"@type\":\"Organization\",\"@id\":\"https:\\\/\\\/kibrisdakik.com\\\/#organization\",\"name\":\"K\u0131br\u0131s Dakik\",\"url\":\"https:\\\/\\\/kibrisdakik.com\\\/\",\"logo\":{\"@type\":\"ImageObject\",\"inLanguage\":\"tr\",\"@id\":\"https:\\\/\\\/kibrisdakik.com\\\/#\\\/schema\\\/logo\\\/image\\\/\",\"url\":\"https:\\\/\\\/kibrisdakik.com\\\/wp-content\\\/uploads\\\/2025\\\/10\\\/cropped-WhatsApp-Image-2025-10-02-at-12.58.31.jpeg\",\"contentUrl\":\"https:\\\/\\\/kibrisdakik.com\\\/wp-content\\\/uploads\\\/2025\\\/10\\\/cropped-WhatsApp-Image-2025-10-02-at-12.58.31.jpeg\",\"width\":1237,\"height\":190,\"caption\":\"K\u0131br\u0131s Dakik\"},\"image\":{\"@id\":\"https:\\\/\\\/kibrisdakik.com\\\/#\\\/schema\\\/logo\\\/image\\\/\"}},{\"@type\":\"Person\",\"@id\":\"https:\\\/\\\/kibrisdakik.com\\\/#\\\/schema\\\/person\\\/9cd9d437bbb44f72b73ba127e06d8e79\",\"name\":\"admin\",\"image\":{\"@type\":\"ImageObject\",\"inLanguage\":\"tr\",\"@id\":\"https:\\\/\\\/secure.gravatar.com\\\/avatar\\\/ccc17943b9d660506c869530f897617f7cb1c21a4bf30023f252596d83e1f007?s=96&d=mm&r=g\",\"url\":\"https:\\\/\\\/secure.gravatar.com\\\/avatar\\\/ccc17943b9d660506c869530f897617f7cb1c21a4bf30023f252596d83e1f007?s=96&d=mm&r=g\",\"contentUrl\":\"https:\\\/\\\/secure.gravatar.com\\\/avatar\\\/ccc17943b9d660506c869530f897617f7cb1c21a4bf30023f252596d83e1f007?s=96&d=mm&r=g\",\"caption\":\"admin\"},\"sameAs\":[\"https:\\\/\\\/kibrisdakik.com\"],\"url\":\"https:\\\/\\\/kibrisdakik.com\\\/?author=1\"}]}<\/script>\n<!-- \/ Yoast SEO plugin. -->","yoast_head_json":{"title":"B\u00fcy\u00fck Marmara depreminin maliyeti belli oldu! -","robots":{"index":"index","follow":"follow","max-snippet":"max-snippet:-1","max-image-preview":"max-image-preview:large","max-video-preview":"max-video-preview:-1"},"canonical":"https:\/\/kibrisdakik.com\/?p=37376","og_locale":"tr_TR","og_type":"article","og_title":"B\u00fcy\u00fck Marmara depreminin maliyeti belli oldu! -","og_description":"Ya\u015fanan depremlerin ard\u0131ndan ortaya \u00e7\u0131kan maliyetler olas\u0131 bir Marmara depremindeki senaryolar\u0131 da canland\u0131rd\u0131. Deprem uzmanlar\u0131n\u0131n art arda Marmara depremi uyar\u0131lar\u0131 ve h\u00fck\u00fcmetin \u00f6zellikle bu b\u00f6lgedeki \u00e7al\u0131\u015fmalar\u0131 a\u011fr\u0131l\u0131k kazan\u0131rken olas\u0131 kay\u0131plar ve ekonomik maliyetler de masaya yat\u0131r\u0131l\u0131yor. Sigorta sekt\u00f6r\u00fc olas\u0131 bir b\u00fcy\u00fck Marmara depreminde ekonomik olarak nas\u0131l etkileyece\u011fini hesaplad\u0131. Ac\u0131 tablo ortaya \u00e7\u0131kt\u0131. &nbsp; MARMARA DEPREM\u0130N\u0130N","og_url":"https:\/\/kibrisdakik.com\/?p=37376","article_published_time":"2024-04-06T21:20:22+00:00","og_image":[{"width":1280,"height":857,"url":"https:\/\/kibrisdakik.com\/wp-content\/uploads\/2024\/04\/buyuk-marmara-depreminin-maliyeti-belli-oldu-iste-turkiye-icin-o-aci-senaryo-17124236782884_1-740x420.jpg","type":"image\/jpeg"}],"author":"admin","twitter_card":"summary_large_image","twitter_misc":{"Yazan:":"admin","Tahmini okuma s\u00fcresi":"2 dakika"},"schema":{"@context":"https:\/\/schema.org","@graph":[{"@type":"Article","@id":"https:\/\/kibrisdakik.com\/?p=37376#article","isPartOf":{"@id":"https:\/\/kibrisdakik.com\/?p=37376"},"author":{"name":"admin","@id":"https:\/\/kibrisdakik.com\/#\/schema\/person\/9cd9d437bbb44f72b73ba127e06d8e79"},"headline":"B\u00fcy\u00fck Marmara depreminin maliyeti belli oldu!","datePublished":"2024-04-06T21:20:22+00:00","mainEntityOfPage":{"@id":"https:\/\/kibrisdakik.com\/?p=37376"},"wordCount":459,"commentCount":0,"publisher":{"@id":"https:\/\/kibrisdakik.com\/#organization"},"image":{"@id":"https:\/\/kibrisdakik.com\/?p=37376#primaryimage"},"thumbnailUrl":"https:\/\/kibrisdakik.com\/wp-content\/uploads\/2024\/04\/buyuk-marmara-depreminin-maliyeti-belli-oldu-iste-turkiye-icin-o-aci-senaryo-17124236782884_1-740x420.jpg","articleSection":["Spor"],"inLanguage":"tr","potentialAction":[{"@type":"CommentAction","name":"Comment","target":["https:\/\/kibrisdakik.com\/?p=37376#respond"]}]},{"@type":"WebPage","@id":"https:\/\/kibrisdakik.com\/?p=37376","url":"https:\/\/kibrisdakik.com\/?p=37376","name":"B\u00fcy\u00fck Marmara depreminin maliyeti belli oldu! -","isPartOf":{"@id":"https:\/\/kibrisdakik.com\/#website"},"primaryImageOfPage":{"@id":"https:\/\/kibrisdakik.com\/?p=37376#primaryimage"},"image":{"@id":"https:\/\/kibrisdakik.com\/?p=37376#primaryimage"},"thumbnailUrl":"https:\/\/kibrisdakik.com\/wp-content\/uploads\/2024\/04\/buyuk-marmara-depreminin-maliyeti-belli-oldu-iste-turkiye-icin-o-aci-senaryo-17124236782884_1-740x420.jpg","datePublished":"2024-04-06T21:20:22+00:00","breadcrumb":{"@id":"https:\/\/kibrisdakik.com\/?p=37376#breadcrumb"},"inLanguage":"tr","potentialAction":[{"@type":"ReadAction","target":["https:\/\/kibrisdakik.com\/?p=37376"]}]},{"@type":"ImageObject","inLanguage":"tr","@id":"https:\/\/kibrisdakik.com\/?p=37376#primaryimage","url":"https:\/\/kibrisdakik.com\/wp-content\/uploads\/2024\/04\/buyuk-marmara-depreminin-maliyeti-belli-oldu-iste-turkiye-icin-o-aci-senaryo-17124236782884_1-740x420.jpg","contentUrl":"https:\/\/kibrisdakik.com\/wp-content\/uploads\/2024\/04\/buyuk-marmara-depreminin-maliyeti-belli-oldu-iste-turkiye-icin-o-aci-senaryo-17124236782884_1-740x420.jpg","width":1280,"height":857},{"@type":"BreadcrumbList","@id":"https:\/\/kibrisdakik.com\/?p=37376#breadcrumb","itemListElement":[{"@type":"ListItem","position":1,"name":"Home","item":"https:\/\/kibrisdakik.com\/"},{"@type":"ListItem","position":2,"name":"B\u00fcy\u00fck Marmara depreminin maliyeti belli oldu!"}]},{"@type":"WebSite","@id":"https:\/\/kibrisdakik.com\/#website","url":"https:\/\/kibrisdakik.com\/","name":"K\u0131br\u0131s Dakik","description":"Tam vaktinde haber","publisher":{"@id":"https:\/\/kibrisdakik.com\/#organization"},"potentialAction":[{"@type":"SearchAction","target":{"@type":"EntryPoint","urlTemplate":"https:\/\/kibrisdakik.com\/?s={search_term_string}"},"query-input":{"@type":"PropertyValueSpecification","valueRequired":true,"valueName":"search_term_string"}}],"inLanguage":"tr"},{"@type":"Organization","@id":"https:\/\/kibrisdakik.com\/#organization","name":"K\u0131br\u0131s Dakik","url":"https:\/\/kibrisdakik.com\/","logo":{"@type":"ImageObject","inLanguage":"tr","@id":"https:\/\/kibrisdakik.com\/#\/schema\/logo\/image\/","url":"https:\/\/kibrisdakik.com\/wp-content\/uploads\/2025\/10\/cropped-WhatsApp-Image-2025-10-02-at-12.58.31.jpeg","contentUrl":"https:\/\/kibrisdakik.com\/wp-content\/uploads\/2025\/10\/cropped-WhatsApp-Image-2025-10-02-at-12.58.31.jpeg","width":1237,"height":190,"caption":"K\u0131br\u0131s Dakik"},"image":{"@id":"https:\/\/kibrisdakik.com\/#\/schema\/logo\/image\/"}},{"@type":"Person","@id":"https:\/\/kibrisdakik.com\/#\/schema\/person\/9cd9d437bbb44f72b73ba127e06d8e79","name":"admin","image":{"@type":"ImageObject","inLanguage":"tr","@id":"https:\/\/secure.gravatar.com\/avatar\/ccc17943b9d660506c869530f897617f7cb1c21a4bf30023f252596d83e1f007?s=96&d=mm&r=g","url":"https:\/\/secure.gravatar.com\/avatar\/ccc17943b9d660506c869530f897617f7cb1c21a4bf30023f252596d83e1f007?s=96&d=mm&r=g","contentUrl":"https:\/\/secure.gravatar.com\/avatar\/ccc17943b9d660506c869530f897617f7cb1c21a4bf30023f252596d83e1f007?s=96&d=mm&r=g","caption":"admin"},"sameAs":["https:\/\/kibrisdakik.com"],"url":"https:\/\/kibrisdakik.com\/?author=1"}]}},"_links":{"self":[{"href":"https:\/\/kibrisdakik.com\/index.php?rest_route=\/wp\/v2\/posts\/37376","targetHints":{"allow":["GET"]}}],"collection":[{"href":"https:\/\/kibrisdakik.com\/index.php?rest_route=\/wp\/v2\/posts"}],"about":[{"href":"https:\/\/kibrisdakik.com\/index.php?rest_route=\/wp\/v2\/types\/post"}],"author":[{"embeddable":true,"href":"https:\/\/kibrisdakik.com\/index.php?rest_route=\/wp\/v2\/users\/1"}],"replies":[{"embeddable":true,"href":"https:\/\/kibrisdakik.com\/index.php?rest_route=%2Fwp%2Fv2%2Fcomments&post=37376"}],"version-history":[{"count":0,"href":"https:\/\/kibrisdakik.com\/index.php?rest_route=\/wp\/v2\/posts\/37376\/revisions"}],"wp:featuredmedia":[{"embeddable":true,"href":"https:\/\/kibrisdakik.com\/index.php?rest_route=\/wp\/v2\/media\/37377"}],"wp:attachment":[{"href":"https:\/\/kibrisdakik.com\/index.php?rest_route=%2Fwp%2Fv2%2Fmedia&parent=37376"}],"wp:term":[{"taxonomy":"category","embeddable":true,"href":"https:\/\/kibrisdakik.com\/index.php?rest_route=%2Fwp%2Fv2%2Fcategories&post=37376"},{"taxonomy":"post_tag","embeddable":true,"href":"https:\/\/kibrisdakik.com\/index.php?rest_route=%2Fwp%2Fv2%2Ftags&post=37376"}],"curies":[{"name":"wp","href":"https:\/\/api.w.org\/{rel}","templated":true}]}}