{"id":37410,"date":"2024-04-07T04:35:38","date_gmt":"2024-04-07T04:35:38","guid":{"rendered":"https:\/\/kibrisdakik.com\/index.php\/2024\/04\/07\/cumhurbaskani-ozel-temsilci-onar-new-yorkta-ust-duzey-gorusmelerde-bulundu-2\/"},"modified":"2024-04-07T04:35:38","modified_gmt":"2024-04-07T04:35:38","slug":"cumhurbaskani-ozel-temsilci-onar-new-yorkta-ust-duzey-gorusmelerde-bulundu-2","status":"publish","type":"post","link":"https:\/\/kibrisdakik.com\/?p=37410","title":{"rendered":"Cumhurba\u015fkan\u0131 \u00d6zel Temsilci Onar New York\u2019ta \u00fcst d\u00fczey g\u00f6r\u00fc\u015fmelerde bulundu"},"content":{"rendered":"<p><img decoding=\"async\" src=\"https:\/\/www.kibristurk.com\/images\/haberler\/2024\/04\/cumhurbaskani-ozel-temsilci-onar-new-yorkta-ust-duzey-gorusmelerde-bulundu-1712404459.webp\" \/><\/p>\n<p style=\"text-align:left\"><span style=\"font-size:16px\"><span style=\"font-family:Merriweather,serif !important\"><span style=\"color:#000000\"><span style=\"background-color:#ffffff\">Cumhurba\u015fkanl\u0131\u011f\u0131ndan verilen bilgiye g\u00f6re, G\u00fcne\u015f Onar, New York\u2019ta Birle\u015fmi\u015f Milletler Genel Sekreteri Antonio Guterres\u2019in Siyasi \u0130\u015flerden Sorumlu Yard\u0131mc\u0131s\u0131 Rosemary DiCarlo, Fransa Daimi Temsilci Yard\u0131mc\u0131s\u0131 B\u00fcy\u00fckel\u00e7i Nathalie Broadhurst Estival, Birle\u015fik Krall\u0131k Daimi Temsilci Yard\u0131mc\u0131s\u0131 B\u00fcy\u00fckel\u00e7i James Kariuki ve Rusya Federasyonu Daimi Temsilci Yard\u0131mc\u0131s\u0131 B\u00fcy\u00fckel\u00e7i Dmitry A. Polyanskiy ile g\u00f6r\u00fc\u015ft\u00fc.&nbsp;<\/span><\/span><\/span><\/span><\/p>\n<p style=\"text-align:left\"><span style=\"font-size:16px\"><span style=\"font-family:Merriweather,serif !important\"><span style=\"color:#000000\"><span style=\"background-color:#ffffff\">&nbsp;<\/span><\/span><\/span><\/span><\/p>\n<p style=\"text-align:left\"><span style=\"font-size:16px\"><span style=\"font-family:Merriweather,serif !important\"><span style=\"color:#000000\"><span style=\"background-color:#ffffff\">G\u00f6r\u00fc\u015fmelerde, g\u00f6rev s\u00fcresinin son \u00fc\u00e7 ay\u0131na giren BM Genel Sekreteri\u2019nin Ki\u015fisel Temsilcisi Maria Angela Holguin Cuellar\u2019\u0131n, K\u0131br\u0131s sorunuyla ilgili yeni ve resmi bir s\u00fcrece ge\u00e7ilebilmesi amac\u0131yla iki taraf aras\u0131nda ortak zemin olup olmad\u0131\u011f\u0131na ili\u015fkin, adada ger\u00e7ekle\u015ftirdi\u011fi g\u00f6r\u00fc\u015fmeler ele al\u0131nd\u0131.<\/span><\/span><\/span><\/span><\/p>\n","protected":false},"excerpt":{"rendered":"<p>Cumhurba\u015fkanl\u0131\u011f\u0131ndan verilen bilgiye g\u00f6re, G\u00fcne\u015f Onar, New York\u2019ta Birle\u015fmi\u015f Milletler Genel Sekreteri Antonio Guterres\u2019in Siyasi \u0130\u015flerden Sorumlu Yard\u0131mc\u0131s\u0131 Rosemary DiCarlo, Fransa Daimi Temsilci Yard\u0131mc\u0131s\u0131 B\u00fcy\u00fckel\u00e7i Nathalie Broadhurst Estival, Birle\u015fik Krall\u0131k Daimi Temsilci Yard\u0131mc\u0131s\u0131 B\u00fcy\u00fckel\u00e7i James Kariuki ve Rusya Federasyonu Daimi Temsilci Yard\u0131mc\u0131s\u0131 B\u00fcy\u00fckel\u00e7i Dmitry A. Polyanskiy ile g\u00f6r\u00fc\u015ft\u00fc.&nbsp; &nbsp; G\u00f6r\u00fc\u015fmelerde, g\u00f6rev s\u00fcresinin son \u00fc\u00e7 ay\u0131na<\/p>\n","protected":false},"author":1,"featured_media":37411,"comment_status":"open","ping_status":"open","sticky":false,"template":"","format":"standard","meta":{"footnotes":""},"categories":[79],"tags":[],"class_list":["post-37410","post","type-post","status-publish","format-standard","has-post-thumbnail","hentry","category-ekonomi"],"yoast_head":"<!-- This site is optimized with the Yoast SEO plugin v27.4 - https:\/\/yoast.com\/product\/yoast-seo-wordpress\/ -->\n<title>Cumhurba\u015fkan\u0131 \u00d6zel Temsilci Onar New York\u2019ta \u00fcst d\u00fczey g\u00f6r\u00fc\u015fmelerde bulundu -<\/title>\n<meta name=\"robots\" content=\"index, follow, max-snippet:-1, max-image-preview:large, max-video-preview:-1\" \/>\n<link rel=\"canonical\" href=\"https:\/\/kibrisdakik.com\/?p=37410\" \/>\n<meta property=\"og:locale\" content=\"tr_TR\" \/>\n<meta property=\"og:type\" content=\"article\" \/>\n<meta property=\"og:title\" content=\"Cumhurba\u015fkan\u0131 \u00d6zel Temsilci Onar New York\u2019ta \u00fcst d\u00fczey g\u00f6r\u00fc\u015fmelerde bulundu -\" \/>\n<meta property=\"og:description\" content=\"Cumhurba\u015fkanl\u0131\u011f\u0131ndan verilen bilgiye g\u00f6re, G\u00fcne\u015f Onar, New York\u2019ta Birle\u015fmi\u015f Milletler Genel Sekreteri Antonio Guterres\u2019in Siyasi \u0130\u015flerden Sorumlu Yard\u0131mc\u0131s\u0131 Rosemary DiCarlo, Fransa Daimi Temsilci Yard\u0131mc\u0131s\u0131 B\u00fcy\u00fckel\u00e7i Nathalie Broadhurst Estival, Birle\u015fik Krall\u0131k Daimi Temsilci Yard\u0131mc\u0131s\u0131 B\u00fcy\u00fckel\u00e7i James Kariuki ve Rusya Federasyonu Daimi Temsilci Yard\u0131mc\u0131s\u0131 B\u00fcy\u00fckel\u00e7i Dmitry A. Polyanskiy ile g\u00f6r\u00fc\u015ft\u00fc.&nbsp; &nbsp; G\u00f6r\u00fc\u015fmelerde, g\u00f6rev s\u00fcresinin son \u00fc\u00e7 ay\u0131na\" \/>\n<meta property=\"og:url\" content=\"https:\/\/kibrisdakik.com\/?p=37410\" \/>\n<meta property=\"article:published_time\" content=\"2024-04-07T04:35:38+00:00\" \/>\n<meta property=\"og:image\" content=\"https:\/\/kibrisdakik.com\/wp-content\/uploads\/2024\/04\/cumhurbaskani-ozel-temsilci-onar-new-yorkta-ust-duzey-gorusmelerde-bulundu-1712404459.webp.webp\" \/>\n\t<meta property=\"og:image:width\" content=\"710\" \/>\n\t<meta property=\"og:image:height\" content=\"370\" \/>\n\t<meta property=\"og:image:type\" content=\"image\/webp\" \/>\n<meta name=\"author\" content=\"admin\" \/>\n<meta name=\"twitter:card\" content=\"summary_large_image\" \/>\n<meta name=\"twitter:label1\" content=\"Yazan:\" \/>\n\t<meta name=\"twitter:data1\" content=\"admin\" \/>\n\t<meta name=\"twitter:label2\" content=\"Tahmini okuma s\u00fcresi\" \/>\n\t<meta name=\"twitter:data2\" content=\"1 dakika\" \/>\n<script type=\"application\/ld+json\" class=\"yoast-schema-graph\">{\"@context\":\"https:\\\/\\\/schema.org\",\"@graph\":[{\"@type\":\"Article\",\"@id\":\"https:\\\/\\\/kibrisdakik.com\\\/?p=37410#article\",\"isPartOf\":{\"@id\":\"https:\\\/\\\/kibrisdakik.com\\\/?p=37410\"},\"author\":{\"name\":\"admin\",\"@id\":\"https:\\\/\\\/kibrisdakik.com\\\/#\\\/schema\\\/person\\\/9cd9d437bbb44f72b73ba127e06d8e79\"},\"headline\":\"Cumhurba\u015fkan\u0131 \u00d6zel Temsilci Onar New York\u2019ta \u00fcst d\u00fczey g\u00f6r\u00fc\u015fmelerde bulundu\",\"datePublished\":\"2024-04-07T04:35:38+00:00\",\"mainEntityOfPage\":{\"@id\":\"https:\\\/\\\/kibrisdakik.com\\\/?p=37410\"},\"wordCount\":153,\"commentCount\":0,\"image\":{\"@id\":\"https:\\\/\\\/kibrisdakik.com\\\/?p=37410#primaryimage\"},\"thumbnailUrl\":\"https:\\\/\\\/kibrisdakik.com\\\/wp-content\\\/uploads\\\/2024\\\/04\\\/cumhurbaskani-ozel-temsilci-onar-new-yorkta-ust-duzey-gorusmelerde-bulundu-1712404459.webp.webp\",\"articleSection\":[\"Ekonomi\"],\"inLanguage\":\"tr\",\"potentialAction\":[{\"@type\":\"CommentAction\",\"name\":\"Comment\",\"target\":[\"https:\\\/\\\/kibrisdakik.com\\\/?p=37410#respond\"]}]},{\"@type\":\"WebPage\",\"@id\":\"https:\\\/\\\/kibrisdakik.com\\\/?p=37410\",\"url\":\"https:\\\/\\\/kibrisdakik.com\\\/?p=37410\",\"name\":\"Cumhurba\u015fkan\u0131 \u00d6zel Temsilci Onar New York\u2019ta \u00fcst d\u00fczey g\u00f6r\u00fc\u015fmelerde bulundu -\",\"isPartOf\":{\"@id\":\"https:\\\/\\\/kibrisdakik.com\\\/#website\"},\"primaryImageOfPage\":{\"@id\":\"https:\\\/\\\/kibrisdakik.com\\\/?p=37410#primaryimage\"},\"image\":{\"@id\":\"https:\\\/\\\/kibrisdakik.com\\\/?p=37410#primaryimage\"},\"thumbnailUrl\":\"https:\\\/\\\/kibrisdakik.com\\\/wp-content\\\/uploads\\\/2024\\\/04\\\/cumhurbaskani-ozel-temsilci-onar-new-yorkta-ust-duzey-gorusmelerde-bulundu-1712404459.webp.webp\",\"datePublished\":\"2024-04-07T04:35:38+00:00\",\"author\":{\"@id\":\"https:\\\/\\\/kibrisdakik.com\\\/#\\\/schema\\\/person\\\/9cd9d437bbb44f72b73ba127e06d8e79\"},\"breadcrumb\":{\"@id\":\"https:\\\/\\\/kibrisdakik.com\\\/?p=37410#breadcrumb\"},\"inLanguage\":\"tr\",\"potentialAction\":[{\"@type\":\"ReadAction\",\"target\":[\"https:\\\/\\\/kibrisdakik.com\\\/?p=37410\"]}]},{\"@type\":\"ImageObject\",\"inLanguage\":\"tr\",\"@id\":\"https:\\\/\\\/kibrisdakik.com\\\/?p=37410#primaryimage\",\"url\":\"https:\\\/\\\/kibrisdakik.com\\\/wp-content\\\/uploads\\\/2024\\\/04\\\/cumhurbaskani-ozel-temsilci-onar-new-yorkta-ust-duzey-gorusmelerde-bulundu-1712404459.webp.webp\",\"contentUrl\":\"https:\\\/\\\/kibrisdakik.com\\\/wp-content\\\/uploads\\\/2024\\\/04\\\/cumhurbaskani-ozel-temsilci-onar-new-yorkta-ust-duzey-gorusmelerde-bulundu-1712404459.webp.webp\",\"width\":710,\"height\":370},{\"@type\":\"BreadcrumbList\",\"@id\":\"https:\\\/\\\/kibrisdakik.com\\\/?p=37410#breadcrumb\",\"itemListElement\":[{\"@type\":\"ListItem\",\"position\":1,\"name\":\"Home\",\"item\":\"https:\\\/\\\/kibrisdakik.com\\\/\"},{\"@type\":\"ListItem\",\"position\":2,\"name\":\"Cumhurba\u015fkan\u0131 \u00d6zel Temsilci Onar New York\u2019ta \u00fcst d\u00fczey g\u00f6r\u00fc\u015fmelerde bulundu\"}]},{\"@type\":\"WebSite\",\"@id\":\"https:\\\/\\\/kibrisdakik.com\\\/#website\",\"url\":\"https:\\\/\\\/kibrisdakik.com\\\/\",\"name\":\"\",\"description\":\"Tam vaktinde haber\",\"potentialAction\":[{\"@type\":\"SearchAction\",\"target\":{\"@type\":\"EntryPoint\",\"urlTemplate\":\"https:\\\/\\\/kibrisdakik.com\\\/?s={search_term_string}\"},\"query-input\":{\"@type\":\"PropertyValueSpecification\",\"valueRequired\":true,\"valueName\":\"search_term_string\"}}],\"inLanguage\":\"tr\"},{\"@type\":\"Person\",\"@id\":\"https:\\\/\\\/kibrisdakik.com\\\/#\\\/schema\\\/person\\\/9cd9d437bbb44f72b73ba127e06d8e79\",\"name\":\"admin\",\"image\":{\"@type\":\"ImageObject\",\"inLanguage\":\"tr\",\"@id\":\"https:\\\/\\\/secure.gravatar.com\\\/avatar\\\/ccc17943b9d660506c869530f897617f7cb1c21a4bf30023f252596d83e1f007?s=96&d=mm&r=g\",\"url\":\"https:\\\/\\\/secure.gravatar.com\\\/avatar\\\/ccc17943b9d660506c869530f897617f7cb1c21a4bf30023f252596d83e1f007?s=96&d=mm&r=g\",\"contentUrl\":\"https:\\\/\\\/secure.gravatar.com\\\/avatar\\\/ccc17943b9d660506c869530f897617f7cb1c21a4bf30023f252596d83e1f007?s=96&d=mm&r=g\",\"caption\":\"admin\"},\"sameAs\":[\"https:\\\/\\\/kibrisdakik.com\"],\"url\":\"https:\\\/\\\/kibrisdakik.com\\\/?author=1\"}]}<\/script>\n<!-- \/ Yoast SEO plugin. -->","yoast_head_json":{"title":"Cumhurba\u015fkan\u0131 \u00d6zel Temsilci Onar New York\u2019ta \u00fcst d\u00fczey g\u00f6r\u00fc\u015fmelerde bulundu -","robots":{"index":"index","follow":"follow","max-snippet":"max-snippet:-1","max-image-preview":"max-image-preview:large","max-video-preview":"max-video-preview:-1"},"canonical":"https:\/\/kibrisdakik.com\/?p=37410","og_locale":"tr_TR","og_type":"article","og_title":"Cumhurba\u015fkan\u0131 \u00d6zel Temsilci Onar New York\u2019ta \u00fcst d\u00fczey g\u00f6r\u00fc\u015fmelerde bulundu -","og_description":"Cumhurba\u015fkanl\u0131\u011f\u0131ndan verilen bilgiye g\u00f6re, G\u00fcne\u015f Onar, New York\u2019ta Birle\u015fmi\u015f Milletler Genel Sekreteri Antonio Guterres\u2019in Siyasi \u0130\u015flerden Sorumlu Yard\u0131mc\u0131s\u0131 Rosemary DiCarlo, Fransa Daimi Temsilci Yard\u0131mc\u0131s\u0131 B\u00fcy\u00fckel\u00e7i Nathalie Broadhurst Estival, Birle\u015fik Krall\u0131k Daimi Temsilci Yard\u0131mc\u0131s\u0131 B\u00fcy\u00fckel\u00e7i James Kariuki ve Rusya Federasyonu Daimi Temsilci Yard\u0131mc\u0131s\u0131 B\u00fcy\u00fckel\u00e7i Dmitry A. Polyanskiy ile g\u00f6r\u00fc\u015ft\u00fc.&nbsp; &nbsp; G\u00f6r\u00fc\u015fmelerde, g\u00f6rev s\u00fcresinin son \u00fc\u00e7 ay\u0131na","og_url":"https:\/\/kibrisdakik.com\/?p=37410","article_published_time":"2024-04-07T04:35:38+00:00","og_image":[{"width":710,"height":370,"url":"https:\/\/kibrisdakik.com\/wp-content\/uploads\/2024\/04\/cumhurbaskani-ozel-temsilci-onar-new-yorkta-ust-duzey-gorusmelerde-bulundu-1712404459.webp.webp","type":"image\/webp"}],"author":"admin","twitter_card":"summary_large_image","twitter_misc":{"Yazan:":"admin","Tahmini okuma s\u00fcresi":"1 dakika"},"schema":{"@context":"https:\/\/schema.org","@graph":[{"@type":"Article","@id":"https:\/\/kibrisdakik.com\/?p=37410#article","isPartOf":{"@id":"https:\/\/kibrisdakik.com\/?p=37410"},"author":{"name":"admin","@id":"https:\/\/kibrisdakik.com\/#\/schema\/person\/9cd9d437bbb44f72b73ba127e06d8e79"},"headline":"Cumhurba\u015fkan\u0131 \u00d6zel Temsilci Onar New York\u2019ta \u00fcst d\u00fczey g\u00f6r\u00fc\u015fmelerde bulundu","datePublished":"2024-04-07T04:35:38+00:00","mainEntityOfPage":{"@id":"https:\/\/kibrisdakik.com\/?p=37410"},"wordCount":153,"commentCount":0,"image":{"@id":"https:\/\/kibrisdakik.com\/?p=37410#primaryimage"},"thumbnailUrl":"https:\/\/kibrisdakik.com\/wp-content\/uploads\/2024\/04\/cumhurbaskani-ozel-temsilci-onar-new-yorkta-ust-duzey-gorusmelerde-bulundu-1712404459.webp.webp","articleSection":["Ekonomi"],"inLanguage":"tr","potentialAction":[{"@type":"CommentAction","name":"Comment","target":["https:\/\/kibrisdakik.com\/?p=37410#respond"]}]},{"@type":"WebPage","@id":"https:\/\/kibrisdakik.com\/?p=37410","url":"https:\/\/kibrisdakik.com\/?p=37410","name":"Cumhurba\u015fkan\u0131 \u00d6zel Temsilci Onar New York\u2019ta \u00fcst d\u00fczey g\u00f6r\u00fc\u015fmelerde bulundu -","isPartOf":{"@id":"https:\/\/kibrisdakik.com\/#website"},"primaryImageOfPage":{"@id":"https:\/\/kibrisdakik.com\/?p=37410#primaryimage"},"image":{"@id":"https:\/\/kibrisdakik.com\/?p=37410#primaryimage"},"thumbnailUrl":"https:\/\/kibrisdakik.com\/wp-content\/uploads\/2024\/04\/cumhurbaskani-ozel-temsilci-onar-new-yorkta-ust-duzey-gorusmelerde-bulundu-1712404459.webp.webp","datePublished":"2024-04-07T04:35:38+00:00","author":{"@id":"https:\/\/kibrisdakik.com\/#\/schema\/person\/9cd9d437bbb44f72b73ba127e06d8e79"},"breadcrumb":{"@id":"https:\/\/kibrisdakik.com\/?p=37410#breadcrumb"},"inLanguage":"tr","potentialAction":[{"@type":"ReadAction","target":["https:\/\/kibrisdakik.com\/?p=37410"]}]},{"@type":"ImageObject","inLanguage":"tr","@id":"https:\/\/kibrisdakik.com\/?p=37410#primaryimage","url":"https:\/\/kibrisdakik.com\/wp-content\/uploads\/2024\/04\/cumhurbaskani-ozel-temsilci-onar-new-yorkta-ust-duzey-gorusmelerde-bulundu-1712404459.webp.webp","contentUrl":"https:\/\/kibrisdakik.com\/wp-content\/uploads\/2024\/04\/cumhurbaskani-ozel-temsilci-onar-new-yorkta-ust-duzey-gorusmelerde-bulundu-1712404459.webp.webp","width":710,"height":370},{"@type":"BreadcrumbList","@id":"https:\/\/kibrisdakik.com\/?p=37410#breadcrumb","itemListElement":[{"@type":"ListItem","position":1,"name":"Home","item":"https:\/\/kibrisdakik.com\/"},{"@type":"ListItem","position":2,"name":"Cumhurba\u015fkan\u0131 \u00d6zel Temsilci Onar New York\u2019ta \u00fcst d\u00fczey g\u00f6r\u00fc\u015fmelerde bulundu"}]},{"@type":"WebSite","@id":"https:\/\/kibrisdakik.com\/#website","url":"https:\/\/kibrisdakik.com\/","name":"","description":"Tam vaktinde haber","potentialAction":[{"@type":"SearchAction","target":{"@type":"EntryPoint","urlTemplate":"https:\/\/kibrisdakik.com\/?s={search_term_string}"},"query-input":{"@type":"PropertyValueSpecification","valueRequired":true,"valueName":"search_term_string"}}],"inLanguage":"tr"},{"@type":"Person","@id":"https:\/\/kibrisdakik.com\/#\/schema\/person\/9cd9d437bbb44f72b73ba127e06d8e79","name":"admin","image":{"@type":"ImageObject","inLanguage":"tr","@id":"https:\/\/secure.gravatar.com\/avatar\/ccc17943b9d660506c869530f897617f7cb1c21a4bf30023f252596d83e1f007?s=96&d=mm&r=g","url":"https:\/\/secure.gravatar.com\/avatar\/ccc17943b9d660506c869530f897617f7cb1c21a4bf30023f252596d83e1f007?s=96&d=mm&r=g","contentUrl":"https:\/\/secure.gravatar.com\/avatar\/ccc17943b9d660506c869530f897617f7cb1c21a4bf30023f252596d83e1f007?s=96&d=mm&r=g","caption":"admin"},"sameAs":["https:\/\/kibrisdakik.com"],"url":"https:\/\/kibrisdakik.com\/?author=1"}]}},"_links":{"self":[{"href":"https:\/\/kibrisdakik.com\/index.php?rest_route=\/wp\/v2\/posts\/37410","targetHints":{"allow":["GET"]}}],"collection":[{"href":"https:\/\/kibrisdakik.com\/index.php?rest_route=\/wp\/v2\/posts"}],"about":[{"href":"https:\/\/kibrisdakik.com\/index.php?rest_route=\/wp\/v2\/types\/post"}],"author":[{"embeddable":true,"href":"https:\/\/kibrisdakik.com\/index.php?rest_route=\/wp\/v2\/users\/1"}],"replies":[{"embeddable":true,"href":"https:\/\/kibrisdakik.com\/index.php?rest_route=%2Fwp%2Fv2%2Fcomments&post=37410"}],"version-history":[{"count":0,"href":"https:\/\/kibrisdakik.com\/index.php?rest_route=\/wp\/v2\/posts\/37410\/revisions"}],"wp:featuredmedia":[{"embeddable":true,"href":"https:\/\/kibrisdakik.com\/index.php?rest_route=\/wp\/v2\/media\/37411"}],"wp:attachment":[{"href":"https:\/\/kibrisdakik.com\/index.php?rest_route=%2Fwp%2Fv2%2Fmedia&parent=37410"}],"wp:term":[{"taxonomy":"category","embeddable":true,"href":"https:\/\/kibrisdakik.com\/index.php?rest_route=%2Fwp%2Fv2%2Fcategories&post=37410"},{"taxonomy":"post_tag","embeddable":true,"href":"https:\/\/kibrisdakik.com\/index.php?rest_route=%2Fwp%2Fv2%2Ftags&post=37410"}],"curies":[{"name":"wp","href":"https:\/\/api.w.org\/{rel}","templated":true}]}}