{"id":37442,"date":"2024-04-07T10:42:11","date_gmt":"2024-04-07T10:42:11","guid":{"rendered":"https:\/\/kibrisdakik.com\/index.php\/2024\/04\/07\/lefkosa-kuzey-cevre-yolunda-trafik-kazasi-1-kisi-oldu-1-kisi-agir-yaralandi\/"},"modified":"2024-04-07T10:42:11","modified_gmt":"2024-04-07T10:42:11","slug":"lefkosa-kuzey-cevre-yolunda-trafik-kazasi-1-kisi-oldu-1-kisi-agir-yaralandi","status":"publish","type":"post","link":"https:\/\/kibrisdakik.com\/?p=37442","title":{"rendered":"Lefko\u015fa Kuzey \u00c7evre Yolunda trafik kazas\u0131: 1 ki\u015fi \u00f6ld\u00fc, 1 ki\u015fi a\u011f\u0131r yaraland\u0131"},"content":{"rendered":"<p><img decoding=\"async\" src=\"https:\/\/www.kibristurk.com\/images\/haberler\/2024\/04\/lefkosa-kuzey-cevre-yolunda-trafik-kazasi-1-kisi-oldu-1-kisi-agir-yaralandi-1712388904.webp\" \/><\/p>\n<p style=\"text-align:left\"><span style=\"font-size:16px\"><span style=\"font-family:Merriweather,serif !important\"><span style=\"color:#000000\"><span style=\"background-color:#ffffff\"><span style=\"font-size:16px !important\"><span style=\"font-family:Merriweather,serif !important\"><span style=\"color:#000000 !important\">Polis Bas\u0131n B\u00fcltenine g\u00f6re, saat 04.00 s\u0131ralar\u0131nda, Lefko\u015fa Kuzey \u00c7evre yolu \u00fczerinde meydana gelen trafik kazas\u0131nda a\u011f\u0131r yaralanan SV 822 plakal\u0131 salon ara\u00e7 s\u00fcr\u00fcc\u00fcs\u00fc Mehmet Sait Baycengiz (E-24), kald\u0131r\u0131ld\u0131\u011f\u0131 Lefko\u015fa Dr. Burhan Nalbanto\u011flu Devlet Hastanesinde yap\u0131lan t\u00fcm m\u00fcdahalelere ra\u011fmen kurtar\u0131lamayarak ya\u015fam\u0131n\u0131 yitirdi.<\/span><\/span><\/span><\/span><\/span><\/span><\/span><\/p>\n<p style=\"text-align:left\"><span style=\"font-size:16px\"><span style=\"font-family:Merriweather,serif !important\"><span style=\"color:#000000\"><span style=\"background-color:#ffffff\"><span style=\"font-size:16px !important\"><span style=\"font-family:Merriweather,serif !important\"><span style=\"color:#000000 !important\">Kazada a\u011f\u0131r yaralanan ve ara\u00e7ta yolcu olarak bulunan \u0130rem Nur Yurtseven (K-21) ise yap\u0131lan m\u00fcdahalenin ard\u0131ndan yo\u011fun bak\u0131m servisinde m\u00fc\u015fahede alt\u0131na al\u0131nd\u0131.<\/span><\/span><\/span><\/span><\/span><\/span><\/span><\/p>\n<p style=\"text-align:left\"><span style=\"font-size:16px\"><span style=\"font-family:Merriweather,serif !important\"><span style=\"color:#000000\"><span style=\"background-color:#ffffff\"><span style=\"font-size:16px !important\"><span style=\"font-family:Merriweather,serif !important\"><span style=\"color:#000000 !important\">Kaza ile yap\u0131lan a\u00e7\u0131klama \u015f\u00f6yle:<\/span><\/span><\/span><\/span><\/span><\/span><\/span><\/p>\n<p style=\"text-align:left\"><span style=\"font-size:16px\"><span style=\"font-family:Merriweather,serif !important\"><span style=\"color:#000000\"><span style=\"background-color:#ffffff\"><span style=\"font-size:16px !important\"><span style=\"font-family:Merriweather,serif !important\"><span style=\"color:#000000 !important\">\u201c06.04.2024 tarihinde, saat 04.00 s\u0131ralar\u0131nda, Lefko\u015fa Kuzey \u00c7evre yolu \u00fczerinde Mehmet Sait BAYCENG\u0130Z (E-24) y\u00f6netimindeki SV 822 plakal\u0131 salon ara\u00e7 ile s\u00fcratli bir \u015fekilde bat\u0131 istikametine do\u011fru seyretti\u011fi s\u0131rada seyretti\u011fi g\u00fczergah \u00fczerinde bulunan sanayi \u00e7emberine yakla\u015ft\u0131\u011f\u0131nda dikkatsizli\u011fi sonucu direksiyon hakimiyetini kaybedip yol ortas\u0131ndaki gidi\u015f ve geli\u015fi ay\u0131ran ref\u00fcje \u00e7arp\u0131p kontrols\u00fcz bir \u015fekilde savrularak yoluna devam edip \u00e7emberi \u00e7evreleyen bord\u00fcr ta\u015flar\u0131na ard\u0131ndan da yolun solundan \u00e7\u0131karak beton sete \u00e7arpm\u0131\u015ft\u0131r.\u201d<\/span><\/span><\/span><\/span><\/span><\/span><\/span><\/p>\n","protected":false},"excerpt":{"rendered":"<p>Polis Bas\u0131n B\u00fcltenine g\u00f6re, saat 04.00 s\u0131ralar\u0131nda, Lefko\u015fa Kuzey \u00c7evre yolu \u00fczerinde meydana gelen trafik kazas\u0131nda a\u011f\u0131r yaralanan SV 822 plakal\u0131 salon ara\u00e7 s\u00fcr\u00fcc\u00fcs\u00fc Mehmet Sait Baycengiz (E-24), kald\u0131r\u0131ld\u0131\u011f\u0131 Lefko\u015fa Dr. Burhan Nalbanto\u011flu Devlet Hastanesinde yap\u0131lan t\u00fcm m\u00fcdahalelere ra\u011fmen kurtar\u0131lamayarak ya\u015fam\u0131n\u0131 yitirdi. Kazada a\u011f\u0131r yaralanan ve ara\u00e7ta yolcu olarak bulunan \u0130rem Nur Yurtseven (K-21) ise<\/p>\n","protected":false},"author":1,"featured_media":37443,"comment_status":"open","ping_status":"open","sticky":false,"template":"","format":"standard","meta":{"footnotes":""},"categories":[79],"tags":[],"class_list":["post-37442","post","type-post","status-publish","format-standard","has-post-thumbnail","hentry","category-ekonomi"],"yoast_head":"<!-- This site is optimized with the Yoast SEO plugin v27.5 - https:\/\/yoast.com\/product\/yoast-seo-wordpress\/ -->\n<title>Lefko\u015fa Kuzey \u00c7evre Yolunda trafik kazas\u0131: 1 ki\u015fi \u00f6ld\u00fc, 1 ki\u015fi a\u011f\u0131r yaraland\u0131 -<\/title>\n<meta name=\"robots\" content=\"index, follow, max-snippet:-1, max-image-preview:large, max-video-preview:-1\" \/>\n<link rel=\"canonical\" href=\"https:\/\/kibrisdakik.com\/?p=37442\" \/>\n<meta property=\"og:locale\" content=\"tr_TR\" \/>\n<meta property=\"og:type\" content=\"article\" \/>\n<meta property=\"og:title\" content=\"Lefko\u015fa Kuzey \u00c7evre Yolunda trafik kazas\u0131: 1 ki\u015fi \u00f6ld\u00fc, 1 ki\u015fi a\u011f\u0131r yaraland\u0131 -\" \/>\n<meta property=\"og:description\" content=\"Polis Bas\u0131n B\u00fcltenine g\u00f6re, saat 04.00 s\u0131ralar\u0131nda, Lefko\u015fa Kuzey \u00c7evre yolu \u00fczerinde meydana gelen trafik kazas\u0131nda a\u011f\u0131r yaralanan SV 822 plakal\u0131 salon ara\u00e7 s\u00fcr\u00fcc\u00fcs\u00fc Mehmet Sait Baycengiz (E-24), kald\u0131r\u0131ld\u0131\u011f\u0131 Lefko\u015fa Dr. Burhan Nalbanto\u011flu Devlet Hastanesinde yap\u0131lan t\u00fcm m\u00fcdahalelere ra\u011fmen kurtar\u0131lamayarak ya\u015fam\u0131n\u0131 yitirdi. Kazada a\u011f\u0131r yaralanan ve ara\u00e7ta yolcu olarak bulunan \u0130rem Nur Yurtseven (K-21) ise\" \/>\n<meta property=\"og:url\" content=\"https:\/\/kibrisdakik.com\/?p=37442\" \/>\n<meta property=\"article:published_time\" content=\"2024-04-07T10:42:11+00:00\" \/>\n<meta property=\"og:image\" content=\"https:\/\/kibrisdakik.com\/wp-content\/uploads\/2024\/04\/lefkosa-kuzey-cevre-yolunda-trafik-kazasi-1-kisi-oldu-1-kisi-agir-yaralandi-1712388904.webp.webp\" \/>\n\t<meta property=\"og:image:width\" content=\"710\" \/>\n\t<meta property=\"og:image:height\" content=\"370\" \/>\n\t<meta property=\"og:image:type\" content=\"image\/webp\" \/>\n<meta name=\"author\" content=\"admin\" \/>\n<meta name=\"twitter:card\" content=\"summary_large_image\" \/>\n<meta name=\"twitter:label1\" content=\"Yazan:\" \/>\n\t<meta name=\"twitter:data1\" content=\"admin\" \/>\n\t<meta name=\"twitter:label2\" content=\"Tahmini okuma s\u00fcresi\" \/>\n\t<meta name=\"twitter:data2\" content=\"1 dakika\" \/>\n<script type=\"application\/ld+json\" class=\"yoast-schema-graph\">{\"@context\":\"https:\\\/\\\/schema.org\",\"@graph\":[{\"@type\":\"Article\",\"@id\":\"https:\\\/\\\/kibrisdakik.com\\\/?p=37442#article\",\"isPartOf\":{\"@id\":\"https:\\\/\\\/kibrisdakik.com\\\/?p=37442\"},\"author\":{\"name\":\"admin\",\"@id\":\"https:\\\/\\\/kibrisdakik.com\\\/#\\\/schema\\\/person\\\/9cd9d437bbb44f72b73ba127e06d8e79\"},\"headline\":\"Lefko\u015fa Kuzey \u00c7evre Yolunda trafik kazas\u0131: 1 ki\u015fi \u00f6ld\u00fc, 1 ki\u015fi a\u011f\u0131r yaraland\u0131\",\"datePublished\":\"2024-04-07T10:42:11+00:00\",\"mainEntityOfPage\":{\"@id\":\"https:\\\/\\\/kibrisdakik.com\\\/?p=37442\"},\"wordCount\":207,\"commentCount\":0,\"image\":{\"@id\":\"https:\\\/\\\/kibrisdakik.com\\\/?p=37442#primaryimage\"},\"thumbnailUrl\":\"https:\\\/\\\/kibrisdakik.com\\\/wp-content\\\/uploads\\\/2024\\\/04\\\/lefkosa-kuzey-cevre-yolunda-trafik-kazasi-1-kisi-oldu-1-kisi-agir-yaralandi-1712388904.webp.webp\",\"articleSection\":[\"Ekonomi\"],\"inLanguage\":\"tr\",\"potentialAction\":[{\"@type\":\"CommentAction\",\"name\":\"Comment\",\"target\":[\"https:\\\/\\\/kibrisdakik.com\\\/?p=37442#respond\"]}]},{\"@type\":\"WebPage\",\"@id\":\"https:\\\/\\\/kibrisdakik.com\\\/?p=37442\",\"url\":\"https:\\\/\\\/kibrisdakik.com\\\/?p=37442\",\"name\":\"Lefko\u015fa Kuzey \u00c7evre Yolunda trafik kazas\u0131: 1 ki\u015fi \u00f6ld\u00fc, 1 ki\u015fi a\u011f\u0131r yaraland\u0131 -\",\"isPartOf\":{\"@id\":\"https:\\\/\\\/kibrisdakik.com\\\/#website\"},\"primaryImageOfPage\":{\"@id\":\"https:\\\/\\\/kibrisdakik.com\\\/?p=37442#primaryimage\"},\"image\":{\"@id\":\"https:\\\/\\\/kibrisdakik.com\\\/?p=37442#primaryimage\"},\"thumbnailUrl\":\"https:\\\/\\\/kibrisdakik.com\\\/wp-content\\\/uploads\\\/2024\\\/04\\\/lefkosa-kuzey-cevre-yolunda-trafik-kazasi-1-kisi-oldu-1-kisi-agir-yaralandi-1712388904.webp.webp\",\"datePublished\":\"2024-04-07T10:42:11+00:00\",\"author\":{\"@id\":\"https:\\\/\\\/kibrisdakik.com\\\/#\\\/schema\\\/person\\\/9cd9d437bbb44f72b73ba127e06d8e79\"},\"breadcrumb\":{\"@id\":\"https:\\\/\\\/kibrisdakik.com\\\/?p=37442#breadcrumb\"},\"inLanguage\":\"tr\",\"potentialAction\":[{\"@type\":\"ReadAction\",\"target\":[\"https:\\\/\\\/kibrisdakik.com\\\/?p=37442\"]}]},{\"@type\":\"ImageObject\",\"inLanguage\":\"tr\",\"@id\":\"https:\\\/\\\/kibrisdakik.com\\\/?p=37442#primaryimage\",\"url\":\"https:\\\/\\\/kibrisdakik.com\\\/wp-content\\\/uploads\\\/2024\\\/04\\\/lefkosa-kuzey-cevre-yolunda-trafik-kazasi-1-kisi-oldu-1-kisi-agir-yaralandi-1712388904.webp.webp\",\"contentUrl\":\"https:\\\/\\\/kibrisdakik.com\\\/wp-content\\\/uploads\\\/2024\\\/04\\\/lefkosa-kuzey-cevre-yolunda-trafik-kazasi-1-kisi-oldu-1-kisi-agir-yaralandi-1712388904.webp.webp\",\"width\":710,\"height\":370},{\"@type\":\"BreadcrumbList\",\"@id\":\"https:\\\/\\\/kibrisdakik.com\\\/?p=37442#breadcrumb\",\"itemListElement\":[{\"@type\":\"ListItem\",\"position\":1,\"name\":\"Home\",\"item\":\"https:\\\/\\\/kibrisdakik.com\\\/\"},{\"@type\":\"ListItem\",\"position\":2,\"name\":\"Lefko\u015fa Kuzey \u00c7evre Yolunda trafik kazas\u0131: 1 ki\u015fi \u00f6ld\u00fc, 1 ki\u015fi a\u011f\u0131r yaraland\u0131\"}]},{\"@type\":\"WebSite\",\"@id\":\"https:\\\/\\\/kibrisdakik.com\\\/#website\",\"url\":\"https:\\\/\\\/kibrisdakik.com\\\/\",\"name\":\"\",\"description\":\"Tam vaktinde haber\",\"potentialAction\":[{\"@type\":\"SearchAction\",\"target\":{\"@type\":\"EntryPoint\",\"urlTemplate\":\"https:\\\/\\\/kibrisdakik.com\\\/?s={search_term_string}\"},\"query-input\":{\"@type\":\"PropertyValueSpecification\",\"valueRequired\":true,\"valueName\":\"search_term_string\"}}],\"inLanguage\":\"tr\"},{\"@type\":\"Person\",\"@id\":\"https:\\\/\\\/kibrisdakik.com\\\/#\\\/schema\\\/person\\\/9cd9d437bbb44f72b73ba127e06d8e79\",\"name\":\"admin\",\"image\":{\"@type\":\"ImageObject\",\"inLanguage\":\"tr\",\"@id\":\"https:\\\/\\\/secure.gravatar.com\\\/avatar\\\/ccc17943b9d660506c869530f897617f7cb1c21a4bf30023f252596d83e1f007?s=96&d=mm&r=g\",\"url\":\"https:\\\/\\\/secure.gravatar.com\\\/avatar\\\/ccc17943b9d660506c869530f897617f7cb1c21a4bf30023f252596d83e1f007?s=96&d=mm&r=g\",\"contentUrl\":\"https:\\\/\\\/secure.gravatar.com\\\/avatar\\\/ccc17943b9d660506c869530f897617f7cb1c21a4bf30023f252596d83e1f007?s=96&d=mm&r=g\",\"caption\":\"admin\"},\"sameAs\":[\"https:\\\/\\\/kibrisdakik.com\"],\"url\":\"https:\\\/\\\/kibrisdakik.com\\\/?author=1\"}]}<\/script>\n<!-- \/ Yoast SEO plugin. -->","yoast_head_json":{"title":"Lefko\u015fa Kuzey \u00c7evre Yolunda trafik kazas\u0131: 1 ki\u015fi \u00f6ld\u00fc, 1 ki\u015fi a\u011f\u0131r yaraland\u0131 -","robots":{"index":"index","follow":"follow","max-snippet":"max-snippet:-1","max-image-preview":"max-image-preview:large","max-video-preview":"max-video-preview:-1"},"canonical":"https:\/\/kibrisdakik.com\/?p=37442","og_locale":"tr_TR","og_type":"article","og_title":"Lefko\u015fa Kuzey \u00c7evre Yolunda trafik kazas\u0131: 1 ki\u015fi \u00f6ld\u00fc, 1 ki\u015fi a\u011f\u0131r yaraland\u0131 -","og_description":"Polis Bas\u0131n B\u00fcltenine g\u00f6re, saat 04.00 s\u0131ralar\u0131nda, Lefko\u015fa Kuzey \u00c7evre yolu \u00fczerinde meydana gelen trafik kazas\u0131nda a\u011f\u0131r yaralanan SV 822 plakal\u0131 salon ara\u00e7 s\u00fcr\u00fcc\u00fcs\u00fc Mehmet Sait Baycengiz (E-24), kald\u0131r\u0131ld\u0131\u011f\u0131 Lefko\u015fa Dr. Burhan Nalbanto\u011flu Devlet Hastanesinde yap\u0131lan t\u00fcm m\u00fcdahalelere ra\u011fmen kurtar\u0131lamayarak ya\u015fam\u0131n\u0131 yitirdi. Kazada a\u011f\u0131r yaralanan ve ara\u00e7ta yolcu olarak bulunan \u0130rem Nur Yurtseven (K-21) ise","og_url":"https:\/\/kibrisdakik.com\/?p=37442","article_published_time":"2024-04-07T10:42:11+00:00","og_image":[{"width":710,"height":370,"url":"https:\/\/kibrisdakik.com\/wp-content\/uploads\/2024\/04\/lefkosa-kuzey-cevre-yolunda-trafik-kazasi-1-kisi-oldu-1-kisi-agir-yaralandi-1712388904.webp.webp","type":"image\/webp"}],"author":"admin","twitter_card":"summary_large_image","twitter_misc":{"Yazan:":"admin","Tahmini okuma s\u00fcresi":"1 dakika"},"schema":{"@context":"https:\/\/schema.org","@graph":[{"@type":"Article","@id":"https:\/\/kibrisdakik.com\/?p=37442#article","isPartOf":{"@id":"https:\/\/kibrisdakik.com\/?p=37442"},"author":{"name":"admin","@id":"https:\/\/kibrisdakik.com\/#\/schema\/person\/9cd9d437bbb44f72b73ba127e06d8e79"},"headline":"Lefko\u015fa Kuzey \u00c7evre Yolunda trafik kazas\u0131: 1 ki\u015fi \u00f6ld\u00fc, 1 ki\u015fi a\u011f\u0131r yaraland\u0131","datePublished":"2024-04-07T10:42:11+00:00","mainEntityOfPage":{"@id":"https:\/\/kibrisdakik.com\/?p=37442"},"wordCount":207,"commentCount":0,"image":{"@id":"https:\/\/kibrisdakik.com\/?p=37442#primaryimage"},"thumbnailUrl":"https:\/\/kibrisdakik.com\/wp-content\/uploads\/2024\/04\/lefkosa-kuzey-cevre-yolunda-trafik-kazasi-1-kisi-oldu-1-kisi-agir-yaralandi-1712388904.webp.webp","articleSection":["Ekonomi"],"inLanguage":"tr","potentialAction":[{"@type":"CommentAction","name":"Comment","target":["https:\/\/kibrisdakik.com\/?p=37442#respond"]}]},{"@type":"WebPage","@id":"https:\/\/kibrisdakik.com\/?p=37442","url":"https:\/\/kibrisdakik.com\/?p=37442","name":"Lefko\u015fa Kuzey \u00c7evre Yolunda trafik kazas\u0131: 1 ki\u015fi \u00f6ld\u00fc, 1 ki\u015fi a\u011f\u0131r yaraland\u0131 -","isPartOf":{"@id":"https:\/\/kibrisdakik.com\/#website"},"primaryImageOfPage":{"@id":"https:\/\/kibrisdakik.com\/?p=37442#primaryimage"},"image":{"@id":"https:\/\/kibrisdakik.com\/?p=37442#primaryimage"},"thumbnailUrl":"https:\/\/kibrisdakik.com\/wp-content\/uploads\/2024\/04\/lefkosa-kuzey-cevre-yolunda-trafik-kazasi-1-kisi-oldu-1-kisi-agir-yaralandi-1712388904.webp.webp","datePublished":"2024-04-07T10:42:11+00:00","author":{"@id":"https:\/\/kibrisdakik.com\/#\/schema\/person\/9cd9d437bbb44f72b73ba127e06d8e79"},"breadcrumb":{"@id":"https:\/\/kibrisdakik.com\/?p=37442#breadcrumb"},"inLanguage":"tr","potentialAction":[{"@type":"ReadAction","target":["https:\/\/kibrisdakik.com\/?p=37442"]}]},{"@type":"ImageObject","inLanguage":"tr","@id":"https:\/\/kibrisdakik.com\/?p=37442#primaryimage","url":"https:\/\/kibrisdakik.com\/wp-content\/uploads\/2024\/04\/lefkosa-kuzey-cevre-yolunda-trafik-kazasi-1-kisi-oldu-1-kisi-agir-yaralandi-1712388904.webp.webp","contentUrl":"https:\/\/kibrisdakik.com\/wp-content\/uploads\/2024\/04\/lefkosa-kuzey-cevre-yolunda-trafik-kazasi-1-kisi-oldu-1-kisi-agir-yaralandi-1712388904.webp.webp","width":710,"height":370},{"@type":"BreadcrumbList","@id":"https:\/\/kibrisdakik.com\/?p=37442#breadcrumb","itemListElement":[{"@type":"ListItem","position":1,"name":"Home","item":"https:\/\/kibrisdakik.com\/"},{"@type":"ListItem","position":2,"name":"Lefko\u015fa Kuzey \u00c7evre Yolunda trafik kazas\u0131: 1 ki\u015fi \u00f6ld\u00fc, 1 ki\u015fi a\u011f\u0131r yaraland\u0131"}]},{"@type":"WebSite","@id":"https:\/\/kibrisdakik.com\/#website","url":"https:\/\/kibrisdakik.com\/","name":"","description":"Tam vaktinde haber","potentialAction":[{"@type":"SearchAction","target":{"@type":"EntryPoint","urlTemplate":"https:\/\/kibrisdakik.com\/?s={search_term_string}"},"query-input":{"@type":"PropertyValueSpecification","valueRequired":true,"valueName":"search_term_string"}}],"inLanguage":"tr"},{"@type":"Person","@id":"https:\/\/kibrisdakik.com\/#\/schema\/person\/9cd9d437bbb44f72b73ba127e06d8e79","name":"admin","image":{"@type":"ImageObject","inLanguage":"tr","@id":"https:\/\/secure.gravatar.com\/avatar\/ccc17943b9d660506c869530f897617f7cb1c21a4bf30023f252596d83e1f007?s=96&d=mm&r=g","url":"https:\/\/secure.gravatar.com\/avatar\/ccc17943b9d660506c869530f897617f7cb1c21a4bf30023f252596d83e1f007?s=96&d=mm&r=g","contentUrl":"https:\/\/secure.gravatar.com\/avatar\/ccc17943b9d660506c869530f897617f7cb1c21a4bf30023f252596d83e1f007?s=96&d=mm&r=g","caption":"admin"},"sameAs":["https:\/\/kibrisdakik.com"],"url":"https:\/\/kibrisdakik.com\/?author=1"}]}},"_links":{"self":[{"href":"https:\/\/kibrisdakik.com\/index.php?rest_route=\/wp\/v2\/posts\/37442","targetHints":{"allow":["GET"]}}],"collection":[{"href":"https:\/\/kibrisdakik.com\/index.php?rest_route=\/wp\/v2\/posts"}],"about":[{"href":"https:\/\/kibrisdakik.com\/index.php?rest_route=\/wp\/v2\/types\/post"}],"author":[{"embeddable":true,"href":"https:\/\/kibrisdakik.com\/index.php?rest_route=\/wp\/v2\/users\/1"}],"replies":[{"embeddable":true,"href":"https:\/\/kibrisdakik.com\/index.php?rest_route=%2Fwp%2Fv2%2Fcomments&post=37442"}],"version-history":[{"count":0,"href":"https:\/\/kibrisdakik.com\/index.php?rest_route=\/wp\/v2\/posts\/37442\/revisions"}],"wp:featuredmedia":[{"embeddable":true,"href":"https:\/\/kibrisdakik.com\/index.php?rest_route=\/wp\/v2\/media\/37443"}],"wp:attachment":[{"href":"https:\/\/kibrisdakik.com\/index.php?rest_route=%2Fwp%2Fv2%2Fmedia&parent=37442"}],"wp:term":[{"taxonomy":"category","embeddable":true,"href":"https:\/\/kibrisdakik.com\/index.php?rest_route=%2Fwp%2Fv2%2Fcategories&post=37442"},{"taxonomy":"post_tag","embeddable":true,"href":"https:\/\/kibrisdakik.com\/index.php?rest_route=%2Fwp%2Fv2%2Ftags&post=37442"}],"curies":[{"name":"wp","href":"https:\/\/api.w.org\/{rel}","templated":true}]}}