{"id":3748,"date":"2023-03-22T10:37:27","date_gmt":"2023-03-22T10:37:27","guid":{"rendered":"https:\/\/kibrisdakik.com\/index.php\/2023\/03\/22\/polisiye-olaylar13-yasindaki-abdulhey-yildiz-kayip-araniyor\/"},"modified":"2023-03-22T10:37:27","modified_gmt":"2023-03-22T10:37:27","slug":"polisiye-olaylar13-yasindaki-abdulhey-yildiz-kayip-araniyor","status":"publish","type":"post","link":"https:\/\/kibrisdakik.com\/?p=3748","title":{"rendered":"Polisiye olaylar:13 ya\u015f\u0131ndaki Abdulhey Y\u0131ld\u0131z kay\u0131p, aran\u0131yor"},"content":{"rendered":"<p><\/p>\n<div>\n<div class=\"mariselle-image-container center\">\n                <img width=\"811\" height=\"431\" class=\"lazy-image\" alt=\"\" decoding=\"async\" loading=\"lazy\" sizes=\"auto, (max-width: 811px) 100vw, 811px\" src=\"https:\/\/brtk.net\/wp-content\/uploads\/2023\/02\/04\/polisiye-olaylar.jpg?ver=167becc4042362dcae4788bb62751cc0\" srcset=\"https:\/\/brtk.net\/wp-content\/uploads\/2023\/02\/04\/polisiye-olaylar.jpg?ver=167becc4042362dcae4788bb62751cc0 811w, https:\/\/brtk.net\/wp-content\/uploads\/2023\/02\/04\/polisiye-olaylar-300x159.jpg?ver=167becc4042362dcae4788bb62751cc0 300w, https:\/\/brtk.net\/wp-content\/uploads\/2023\/02\/04\/polisiye-olaylar-768x408.jpg?ver=6aa1e5295b5dd521d579774ac1f5d3c5 768w\"\/>                            <\/div>\n<p> Lefko\u015fa\u2019da sakin Abdulhey Y\u0131ld\u0131z aran\u0131yor.<\/p>\n<p>Polisten verilen bilgiye g\u00f6re, 19 Mart saat 23.00 s\u0131ralar\u0131nda, Lefko\u015fa\u2019da, sakin Abdulhey Y\u0131ld\u0131z (E-13) kalmakta oldu\u011fu ikametgahtan ayr\u0131ld\u0131 ve hen\u00fcz geri d\u00f6nmedi.<\/p>\n<p><strong>-Ani ve gayri tabii \u00f6l\u00fcm<\/strong><\/p>\n<p>D\u00fcn saat 08.00 s\u0131ralar\u0131nda, Girne\u2019de sakin Mustafa Polat (E-59) kalmakta oldu\u011fu ikametgah i\u00e7erisinde aniden rahats\u0131zland\u0131.  Polat,  kald\u0131r\u0131ld\u0131\u011f\u0131 Girne Dr. Ak\u00e7i\u00e7ek Hastanesi\u2019nde  t\u00fcm m\u00fcdahalelere ra\u011fmen kurtar\u0131lamad\u0131.<\/p>\n<p>\u00d6te yandan 19 Mart\u2019ta Girne\u2019de, kalmakta oldu\u011fu ikametgah i\u00e7erisinde aniden rahats\u0131zlanarak ya\u015fam\u0131n\u0131 yitiren Meryem Cemilo\u011flu\u2019nun (K-58) yap\u0131lan otopsisinde, \u00f6l\u00fcm sebebinin \u201ckalp hastal\u0131\u011f\u0131, kalp yetmezli\u011fi ve kalp krizi\u201d  oldu\u011fu tespit edildi.<\/p>\n<p><strong>-Kanunsuz uyu\u015fturucu madde tassarrufu<\/strong><\/p>\n<p>D\u00fcn saat 14.30 s\u0131ralar\u0131nda, Gazima\u011fusa\u2019da, D.\u015e\u2019nin (K-47) kalmakta oldu\u011fu  ikametgahta, Narkotik ve Ka\u00e7ak\u00e7\u0131l\u0131\u011f\u0131 \u00d6nleme M\u00fcd\u00fcrl\u00fc\u011f\u00fc ekipleri taraf\u0131ndan yap\u0131lan aramada; \u00fczerinde sentetik cannabinoid t\u00fcr\u00fc uyu\u015fturucu madde oldu\u011funa inan\u0131lan ka\u011f\u0131t par\u00e7as\u0131 bulunarak emare olarak al\u0131nd\u0131. D.\u015e tutukland\u0131.<\/p>\n<p>PGM\/<a href=\"https:\/\/brtk.net\/\">BRT<\/a><\/p>\n<\/p><\/div>\n<p><script async\n                    defer\n                    crossorigin=\"anonymous\"\n                    src=\"https:\/\/connect.facebook.net\/tr_TR\/sdk.js#xfbml=1&#038;version=v3.3\"\n            ><\/script><\/p>\n","protected":false},"excerpt":{"rendered":"<p>Lefko\u015fa\u2019da sakin Abdulhey Y\u0131ld\u0131z aran\u0131yor. Polisten verilen bilgiye g\u00f6re, 19 Mart saat 23.00 s\u0131ralar\u0131nda, Lefko\u015fa\u2019da, sakin Abdulhey Y\u0131ld\u0131z (E-13) kalmakta oldu\u011fu ikametgahtan ayr\u0131ld\u0131 ve hen\u00fcz geri d\u00f6nmedi. -Ani ve gayri tabii \u00f6l\u00fcm D\u00fcn saat 08.00 s\u0131ralar\u0131nda, Girne\u2019de sakin Mustafa Polat (E-59) kalmakta oldu\u011fu ikametgah i\u00e7erisinde aniden rahats\u0131zland\u0131. Polat, kald\u0131r\u0131ld\u0131\u011f\u0131 Girne Dr. Ak\u00e7i\u00e7ek Hastanesi\u2019nde t\u00fcm m\u00fcdahalelere<\/p>\n","protected":false},"author":1,"featured_media":3158,"comment_status":"open","ping_status":"open","sticky":false,"template":"","format":"standard","meta":{"footnotes":""},"categories":[1],"tags":[],"class_list":["post-3748","post","type-post","status-publish","format-standard","has-post-thumbnail","hentry","category-gundem"],"yoast_head":"<!-- This site is optimized with the Yoast SEO plugin v27.5 - https:\/\/yoast.com\/product\/yoast-seo-wordpress\/ -->\n<title>Polisiye olaylar:13 ya\u015f\u0131ndaki Abdulhey Y\u0131ld\u0131z kay\u0131p, aran\u0131yor -<\/title>\n<meta name=\"robots\" content=\"index, follow, max-snippet:-1, max-image-preview:large, max-video-preview:-1\" \/>\n<link rel=\"canonical\" href=\"https:\/\/kibrisdakik.com\/?p=3748\" \/>\n<meta property=\"og:locale\" content=\"tr_TR\" \/>\n<meta property=\"og:type\" content=\"article\" \/>\n<meta property=\"og:title\" content=\"Polisiye olaylar:13 ya\u015f\u0131ndaki Abdulhey Y\u0131ld\u0131z kay\u0131p, aran\u0131yor -\" \/>\n<meta property=\"og:description\" content=\"Lefko\u015fa\u2019da sakin Abdulhey Y\u0131ld\u0131z aran\u0131yor. Polisten verilen bilgiye g\u00f6re, 19 Mart saat 23.00 s\u0131ralar\u0131nda, Lefko\u015fa\u2019da, sakin Abdulhey Y\u0131ld\u0131z (E-13) kalmakta oldu\u011fu ikametgahtan ayr\u0131ld\u0131 ve hen\u00fcz geri d\u00f6nmedi. -Ani ve gayri tabii \u00f6l\u00fcm D\u00fcn saat 08.00 s\u0131ralar\u0131nda, Girne\u2019de sakin Mustafa Polat (E-59) kalmakta oldu\u011fu ikametgah i\u00e7erisinde aniden rahats\u0131zland\u0131. Polat, kald\u0131r\u0131ld\u0131\u011f\u0131 Girne Dr. Ak\u00e7i\u00e7ek Hastanesi\u2019nde t\u00fcm m\u00fcdahalelere\" \/>\n<meta property=\"og:url\" content=\"https:\/\/kibrisdakik.com\/?p=3748\" \/>\n<meta property=\"article:published_time\" content=\"2023-03-22T10:37:27+00:00\" \/>\n<meta property=\"og:image\" content=\"https:\/\/kibrisdakik.com\/wp-content\/uploads\/2023\/03\/polisiye-olaylar-740x420.jpg\" \/>\n\t<meta property=\"og:image:width\" content=\"811\" \/>\n\t<meta property=\"og:image:height\" content=\"431\" \/>\n\t<meta property=\"og:image:type\" content=\"image\/jpeg\" \/>\n<meta name=\"author\" content=\"admin\" \/>\n<meta name=\"twitter:card\" content=\"summary_large_image\" \/>\n<meta name=\"twitter:label1\" content=\"Yazan:\" \/>\n\t<meta name=\"twitter:data1\" content=\"admin\" \/>\n\t<meta name=\"twitter:label2\" content=\"Tahmini okuma s\u00fcresi\" \/>\n\t<meta name=\"twitter:data2\" content=\"1 dakika\" \/>\n<script type=\"application\/ld+json\" class=\"yoast-schema-graph\">{\"@context\":\"https:\\\/\\\/schema.org\",\"@graph\":[{\"@type\":\"Article\",\"@id\":\"https:\\\/\\\/kibrisdakik.com\\\/?p=3748#article\",\"isPartOf\":{\"@id\":\"https:\\\/\\\/kibrisdakik.com\\\/?p=3748\"},\"author\":{\"name\":\"admin\",\"@id\":\"https:\\\/\\\/kibrisdakik.com\\\/#\\\/schema\\\/person\\\/9cd9d437bbb44f72b73ba127e06d8e79\"},\"headline\":\"Polisiye olaylar:13 ya\u015f\u0131ndaki Abdulhey Y\u0131ld\u0131z kay\u0131p, aran\u0131yor\",\"datePublished\":\"2023-03-22T10:37:27+00:00\",\"mainEntityOfPage\":{\"@id\":\"https:\\\/\\\/kibrisdakik.com\\\/?p=3748\"},\"wordCount\":202,\"commentCount\":0,\"image\":{\"@id\":\"https:\\\/\\\/kibrisdakik.com\\\/?p=3748#primaryimage\"},\"thumbnailUrl\":\"https:\\\/\\\/kibrisdakik.com\\\/wp-content\\\/uploads\\\/2023\\\/03\\\/polisiye-olaylar-740x420.jpg\",\"articleSection\":[\"G\u00fcndem\"],\"inLanguage\":\"tr\",\"potentialAction\":[{\"@type\":\"CommentAction\",\"name\":\"Comment\",\"target\":[\"https:\\\/\\\/kibrisdakik.com\\\/?p=3748#respond\"]}]},{\"@type\":\"WebPage\",\"@id\":\"https:\\\/\\\/kibrisdakik.com\\\/?p=3748\",\"url\":\"https:\\\/\\\/kibrisdakik.com\\\/?p=3748\",\"name\":\"Polisiye olaylar:13 ya\u015f\u0131ndaki Abdulhey Y\u0131ld\u0131z kay\u0131p, aran\u0131yor -\",\"isPartOf\":{\"@id\":\"https:\\\/\\\/kibrisdakik.com\\\/#website\"},\"primaryImageOfPage\":{\"@id\":\"https:\\\/\\\/kibrisdakik.com\\\/?p=3748#primaryimage\"},\"image\":{\"@id\":\"https:\\\/\\\/kibrisdakik.com\\\/?p=3748#primaryimage\"},\"thumbnailUrl\":\"https:\\\/\\\/kibrisdakik.com\\\/wp-content\\\/uploads\\\/2023\\\/03\\\/polisiye-olaylar-740x420.jpg\",\"datePublished\":\"2023-03-22T10:37:27+00:00\",\"author\":{\"@id\":\"https:\\\/\\\/kibrisdakik.com\\\/#\\\/schema\\\/person\\\/9cd9d437bbb44f72b73ba127e06d8e79\"},\"breadcrumb\":{\"@id\":\"https:\\\/\\\/kibrisdakik.com\\\/?p=3748#breadcrumb\"},\"inLanguage\":\"tr\",\"potentialAction\":[{\"@type\":\"ReadAction\",\"target\":[\"https:\\\/\\\/kibrisdakik.com\\\/?p=3748\"]}]},{\"@type\":\"ImageObject\",\"inLanguage\":\"tr\",\"@id\":\"https:\\\/\\\/kibrisdakik.com\\\/?p=3748#primaryimage\",\"url\":\"https:\\\/\\\/kibrisdakik.com\\\/wp-content\\\/uploads\\\/2023\\\/03\\\/polisiye-olaylar-740x420.jpg\",\"contentUrl\":\"https:\\\/\\\/kibrisdakik.com\\\/wp-content\\\/uploads\\\/2023\\\/03\\\/polisiye-olaylar-740x420.jpg\",\"width\":811,\"height\":431},{\"@type\":\"BreadcrumbList\",\"@id\":\"https:\\\/\\\/kibrisdakik.com\\\/?p=3748#breadcrumb\",\"itemListElement\":[{\"@type\":\"ListItem\",\"position\":1,\"name\":\"Home\",\"item\":\"https:\\\/\\\/kibrisdakik.com\\\/\"},{\"@type\":\"ListItem\",\"position\":2,\"name\":\"Polisiye olaylar:13 ya\u015f\u0131ndaki Abdulhey Y\u0131ld\u0131z kay\u0131p, aran\u0131yor\"}]},{\"@type\":\"WebSite\",\"@id\":\"https:\\\/\\\/kibrisdakik.com\\\/#website\",\"url\":\"https:\\\/\\\/kibrisdakik.com\\\/\",\"name\":\"\",\"description\":\"Tam vaktinde haber\",\"potentialAction\":[{\"@type\":\"SearchAction\",\"target\":{\"@type\":\"EntryPoint\",\"urlTemplate\":\"https:\\\/\\\/kibrisdakik.com\\\/?s={search_term_string}\"},\"query-input\":{\"@type\":\"PropertyValueSpecification\",\"valueRequired\":true,\"valueName\":\"search_term_string\"}}],\"inLanguage\":\"tr\"},{\"@type\":\"Person\",\"@id\":\"https:\\\/\\\/kibrisdakik.com\\\/#\\\/schema\\\/person\\\/9cd9d437bbb44f72b73ba127e06d8e79\",\"name\":\"admin\",\"image\":{\"@type\":\"ImageObject\",\"inLanguage\":\"tr\",\"@id\":\"https:\\\/\\\/secure.gravatar.com\\\/avatar\\\/ccc17943b9d660506c869530f897617f7cb1c21a4bf30023f252596d83e1f007?s=96&d=mm&r=g\",\"url\":\"https:\\\/\\\/secure.gravatar.com\\\/avatar\\\/ccc17943b9d660506c869530f897617f7cb1c21a4bf30023f252596d83e1f007?s=96&d=mm&r=g\",\"contentUrl\":\"https:\\\/\\\/secure.gravatar.com\\\/avatar\\\/ccc17943b9d660506c869530f897617f7cb1c21a4bf30023f252596d83e1f007?s=96&d=mm&r=g\",\"caption\":\"admin\"},\"sameAs\":[\"https:\\\/\\\/kibrisdakik.com\"],\"url\":\"https:\\\/\\\/kibrisdakik.com\\\/?author=1\"}]}<\/script>\n<!-- \/ Yoast SEO plugin. -->","yoast_head_json":{"title":"Polisiye olaylar:13 ya\u015f\u0131ndaki Abdulhey Y\u0131ld\u0131z kay\u0131p, aran\u0131yor -","robots":{"index":"index","follow":"follow","max-snippet":"max-snippet:-1","max-image-preview":"max-image-preview:large","max-video-preview":"max-video-preview:-1"},"canonical":"https:\/\/kibrisdakik.com\/?p=3748","og_locale":"tr_TR","og_type":"article","og_title":"Polisiye olaylar:13 ya\u015f\u0131ndaki Abdulhey Y\u0131ld\u0131z kay\u0131p, aran\u0131yor -","og_description":"Lefko\u015fa\u2019da sakin Abdulhey Y\u0131ld\u0131z aran\u0131yor. Polisten verilen bilgiye g\u00f6re, 19 Mart saat 23.00 s\u0131ralar\u0131nda, Lefko\u015fa\u2019da, sakin Abdulhey Y\u0131ld\u0131z (E-13) kalmakta oldu\u011fu ikametgahtan ayr\u0131ld\u0131 ve hen\u00fcz geri d\u00f6nmedi. -Ani ve gayri tabii \u00f6l\u00fcm D\u00fcn saat 08.00 s\u0131ralar\u0131nda, Girne\u2019de sakin Mustafa Polat (E-59) kalmakta oldu\u011fu ikametgah i\u00e7erisinde aniden rahats\u0131zland\u0131. Polat, kald\u0131r\u0131ld\u0131\u011f\u0131 Girne Dr. Ak\u00e7i\u00e7ek Hastanesi\u2019nde t\u00fcm m\u00fcdahalelere","og_url":"https:\/\/kibrisdakik.com\/?p=3748","article_published_time":"2023-03-22T10:37:27+00:00","og_image":[{"width":811,"height":431,"url":"https:\/\/kibrisdakik.com\/wp-content\/uploads\/2023\/03\/polisiye-olaylar-740x420.jpg","type":"image\/jpeg"}],"author":"admin","twitter_card":"summary_large_image","twitter_misc":{"Yazan:":"admin","Tahmini okuma s\u00fcresi":"1 dakika"},"schema":{"@context":"https:\/\/schema.org","@graph":[{"@type":"Article","@id":"https:\/\/kibrisdakik.com\/?p=3748#article","isPartOf":{"@id":"https:\/\/kibrisdakik.com\/?p=3748"},"author":{"name":"admin","@id":"https:\/\/kibrisdakik.com\/#\/schema\/person\/9cd9d437bbb44f72b73ba127e06d8e79"},"headline":"Polisiye olaylar:13 ya\u015f\u0131ndaki Abdulhey Y\u0131ld\u0131z kay\u0131p, aran\u0131yor","datePublished":"2023-03-22T10:37:27+00:00","mainEntityOfPage":{"@id":"https:\/\/kibrisdakik.com\/?p=3748"},"wordCount":202,"commentCount":0,"image":{"@id":"https:\/\/kibrisdakik.com\/?p=3748#primaryimage"},"thumbnailUrl":"https:\/\/kibrisdakik.com\/wp-content\/uploads\/2023\/03\/polisiye-olaylar-740x420.jpg","articleSection":["G\u00fcndem"],"inLanguage":"tr","potentialAction":[{"@type":"CommentAction","name":"Comment","target":["https:\/\/kibrisdakik.com\/?p=3748#respond"]}]},{"@type":"WebPage","@id":"https:\/\/kibrisdakik.com\/?p=3748","url":"https:\/\/kibrisdakik.com\/?p=3748","name":"Polisiye olaylar:13 ya\u015f\u0131ndaki Abdulhey Y\u0131ld\u0131z kay\u0131p, aran\u0131yor -","isPartOf":{"@id":"https:\/\/kibrisdakik.com\/#website"},"primaryImageOfPage":{"@id":"https:\/\/kibrisdakik.com\/?p=3748#primaryimage"},"image":{"@id":"https:\/\/kibrisdakik.com\/?p=3748#primaryimage"},"thumbnailUrl":"https:\/\/kibrisdakik.com\/wp-content\/uploads\/2023\/03\/polisiye-olaylar-740x420.jpg","datePublished":"2023-03-22T10:37:27+00:00","author":{"@id":"https:\/\/kibrisdakik.com\/#\/schema\/person\/9cd9d437bbb44f72b73ba127e06d8e79"},"breadcrumb":{"@id":"https:\/\/kibrisdakik.com\/?p=3748#breadcrumb"},"inLanguage":"tr","potentialAction":[{"@type":"ReadAction","target":["https:\/\/kibrisdakik.com\/?p=3748"]}]},{"@type":"ImageObject","inLanguage":"tr","@id":"https:\/\/kibrisdakik.com\/?p=3748#primaryimage","url":"https:\/\/kibrisdakik.com\/wp-content\/uploads\/2023\/03\/polisiye-olaylar-740x420.jpg","contentUrl":"https:\/\/kibrisdakik.com\/wp-content\/uploads\/2023\/03\/polisiye-olaylar-740x420.jpg","width":811,"height":431},{"@type":"BreadcrumbList","@id":"https:\/\/kibrisdakik.com\/?p=3748#breadcrumb","itemListElement":[{"@type":"ListItem","position":1,"name":"Home","item":"https:\/\/kibrisdakik.com\/"},{"@type":"ListItem","position":2,"name":"Polisiye olaylar:13 ya\u015f\u0131ndaki Abdulhey Y\u0131ld\u0131z kay\u0131p, aran\u0131yor"}]},{"@type":"WebSite","@id":"https:\/\/kibrisdakik.com\/#website","url":"https:\/\/kibrisdakik.com\/","name":"","description":"Tam vaktinde haber","potentialAction":[{"@type":"SearchAction","target":{"@type":"EntryPoint","urlTemplate":"https:\/\/kibrisdakik.com\/?s={search_term_string}"},"query-input":{"@type":"PropertyValueSpecification","valueRequired":true,"valueName":"search_term_string"}}],"inLanguage":"tr"},{"@type":"Person","@id":"https:\/\/kibrisdakik.com\/#\/schema\/person\/9cd9d437bbb44f72b73ba127e06d8e79","name":"admin","image":{"@type":"ImageObject","inLanguage":"tr","@id":"https:\/\/secure.gravatar.com\/avatar\/ccc17943b9d660506c869530f897617f7cb1c21a4bf30023f252596d83e1f007?s=96&d=mm&r=g","url":"https:\/\/secure.gravatar.com\/avatar\/ccc17943b9d660506c869530f897617f7cb1c21a4bf30023f252596d83e1f007?s=96&d=mm&r=g","contentUrl":"https:\/\/secure.gravatar.com\/avatar\/ccc17943b9d660506c869530f897617f7cb1c21a4bf30023f252596d83e1f007?s=96&d=mm&r=g","caption":"admin"},"sameAs":["https:\/\/kibrisdakik.com"],"url":"https:\/\/kibrisdakik.com\/?author=1"}]}},"_links":{"self":[{"href":"https:\/\/kibrisdakik.com\/index.php?rest_route=\/wp\/v2\/posts\/3748","targetHints":{"allow":["GET"]}}],"collection":[{"href":"https:\/\/kibrisdakik.com\/index.php?rest_route=\/wp\/v2\/posts"}],"about":[{"href":"https:\/\/kibrisdakik.com\/index.php?rest_route=\/wp\/v2\/types\/post"}],"author":[{"embeddable":true,"href":"https:\/\/kibrisdakik.com\/index.php?rest_route=\/wp\/v2\/users\/1"}],"replies":[{"embeddable":true,"href":"https:\/\/kibrisdakik.com\/index.php?rest_route=%2Fwp%2Fv2%2Fcomments&post=3748"}],"version-history":[{"count":0,"href":"https:\/\/kibrisdakik.com\/index.php?rest_route=\/wp\/v2\/posts\/3748\/revisions"}],"wp:featuredmedia":[{"embeddable":true,"href":"https:\/\/kibrisdakik.com\/index.php?rest_route=\/wp\/v2\/media\/3158"}],"wp:attachment":[{"href":"https:\/\/kibrisdakik.com\/index.php?rest_route=%2Fwp%2Fv2%2Fmedia&parent=3748"}],"wp:term":[{"taxonomy":"category","embeddable":true,"href":"https:\/\/kibrisdakik.com\/index.php?rest_route=%2Fwp%2Fv2%2Fcategories&post=3748"},{"taxonomy":"post_tag","embeddable":true,"href":"https:\/\/kibrisdakik.com\/index.php?rest_route=%2Fwp%2Fv2%2Ftags&post=3748"}],"curies":[{"name":"wp","href":"https:\/\/api.w.org\/{rel}","templated":true}]}}