{"id":37539,"date":"2024-04-08T13:03:01","date_gmt":"2024-04-08T13:03:01","guid":{"rendered":"https:\/\/kibrisdakik.com\/index.php\/2024\/04\/08\/ertugruloglu-guneyde-akredite-fransa-buyukelcisinin-demecini-elestirdi-yetkisini-asan-saygisizca-ifadeler\/"},"modified":"2024-04-08T13:03:01","modified_gmt":"2024-04-08T13:03:01","slug":"ertugruloglu-guneyde-akredite-fransa-buyukelcisinin-demecini-elestirdi-yetkisini-asan-saygisizca-ifadeler","status":"publish","type":"post","link":"https:\/\/kibrisdakik.com\/?p=37539","title":{"rendered":"Ertu\u011frulo\u011flu, G\u00fcney\u2019de akredite Fransa B\u00fcy\u00fckel\u00e7isinin demecini ele\u015ftirdi: \u201cYetkisini a\u015fan sayg\u0131s\u0131zca ifadeler\u201d"},"content":{"rendered":"<p><\/p>\n<div>\n<div class=\"mariselle-image-container center\">\n                <img loading=\"lazy\" decoding=\"async\" width=\"971\" height=\"551\" class=\"lazy-image\" alt=\"\" sizes=\"auto, (max-width: 971px) 100vw, 971px\" src=\"https:\/\/brtk.net\/wp-content\/uploads\/2024\/04\/08\/ertugruloglu17.jpg?ver=1e74a53464a59225b877be361f3f95a7\" srcset=\"https:\/\/brtk.net\/wp-content\/uploads\/2024\/04\/08\/ertugruloglu17.jpg?ver=1e74a53464a59225b877be361f3f95a7 971w, https:\/\/brtk.net\/wp-content\/uploads\/2024\/04\/08\/ertugruloglu17-300x170.jpg?ver=1e74a53464a59225b877be361f3f95a7 300w, https:\/\/brtk.net\/wp-content\/uploads\/2024\/04\/08\/ertugruloglu17-768x436.jpg?ver=1e74a53464a59225b877be361f3f95a7 768w\"\/>                            <\/div>\n<p>D\u0131\u015fi\u015fleri Bakan\u0131 Tahsin Ertu\u011frulo\u011flu, G\u00fcney K\u0131br\u0131s Rum Y\u00f6netimi\u2019ne akredite Fransa B\u00fcy\u00fckel\u00e7isi Catalano\u2019nun, K\u0131br\u0131s meselesi ile ilgili bas\u0131na verdi\u011fi deme\u00e7te yetkisini a\u015fan ve K\u0131br\u0131s T\u00fcrk halk\u0131n\u0131n iradesine y\u00f6nelik sayg\u0131s\u0131zca ifadeler kulland\u0131\u011f\u0131n\u0131 kaydetti.<\/p>\n<p>Ertu\u011frulo\u011flu, yaz\u0131l\u0131 a\u00e7\u0131klamas\u0131nda, Ada\u2019ya ziyaret ger\u00e7ekle\u015ftiren, veya g\u00f6rev yapan herkesin, bug\u00fcn kendi kendini y\u00f6neten iki ayr\u0131 halk ve iki ayr\u0131 devlet bulundu\u011funu gayet iyi bildi\u011fine vurgu yaparak, \u015f\u00f6yle devam etti:<\/p>\n<p>\u201cCatalano\u2019nun Avrupa Birli\u011fi \u00fcye \u00fclkeleri aras\u0131ndaki \u2018dayan\u0131\u015fma\u2019 kisvesi alt\u0131nda G\u00fcney K\u0131br\u0131s Rum Y\u00f6netimi\u2019ne vermi\u015f oldu\u011fu a\u00e7\u0131k destek, K\u0131br\u0131s meselesinde adil ve kal\u0131c\u0131 bir anla\u015fmaya var\u0131lamamas\u0131n\u0131n temel nedenidir.<\/p>\n<p>Tarihe kar\u0131\u015fm\u0131\u015f ve ge\u00e7erlili\u011fini yitirmi\u015f G\u00fcvenlik Konseyi kararlar\u0131na yap\u0131lan at\u0131flar, Ada\u2019n\u0131n e\u015fit sahibi olan K\u0131br\u0131s T\u00fcrk halk\u0131 ile hi\u00e7bir payla\u015f\u0131mda bulunmak istemeyen Rum taraf\u0131n\u0131n uzla\u015fmaz tutumunu s\u00fcrd\u00fcrmesine ve K\u0131br\u0131s T\u00fcrk halk\u0131n\u0131n il\u00e2nih\u00e2ye izolasyon ve ambargolar alt\u0131nda ya\u015famaya devam etmesine sebebiyet vermektedir. Daimi \u00fcye \u00fclkelerden birisi taraf\u0131ndan s\u00f6z konusu kararlara yap\u0131lan at\u0131flar, Birle\u015fmi\u015f Milletler G\u00fcvenlik Konseyinin g\u00fcvenilirli\u011finin sorgulanmas\u0131n\u0131n yeni bir nedeni ve \u00f6rne\u011fi olmu\u015ftur.<\/p>\n<p>\u00d6zellikle do\u011frudan ticaret arac\u0131l\u0131\u011f\u0131 ile d\u00fcnya ile bulu\u015fmas\u0131n\u0131 engellenen K\u0131br\u0131s T\u00fcrk halk\u0131n\u0131n gelece\u011fini Rum taraf\u0131n\u0131n keyfine b\u0131rakan \u2018ada i\u00e7i ticaret\u2019 \u00e7a\u011fr\u0131s\u0131 ise, halk\u0131m\u0131za y\u00f6nelik b\u00fcy\u00fck bir haks\u0131zl\u0131k ve sayg\u0131s\u0131zl\u0131kt\u0131r.<\/p>\n<p>Ba\u015fta Frans\u0131z B\u00fcy\u00fckel\u00e7i olmak \u00fczere G\u00fcney K\u0131br\u0131s Rum y\u00f6netiminde g\u00f6rev yapan b\u00fcy\u00fckel\u00e7ilerin, \u00fclkemiz \u00fczerinde bask\u0131 yaratmaya \u00e7al\u0131\u015fan tehditkar s\u00f6ylemlerini reddediyor ve kendilerini yaln\u0131zca g\u00f6rev alanlar\u0131n\u0131 ilgilendiren konularda yorum yapmaya davet ediyorum.\u201d<\/p>\n<\/p><\/div>\n<p><script async\n                    defer\n                    crossorigin=\"anonymous\"\n                    src=\"https:\/\/connect.facebook.net\/tr_TR\/sdk.js#xfbml=1&#038;version=v3.3\"\n            ><\/script><\/p>\n","protected":false},"excerpt":{"rendered":"<p>D\u0131\u015fi\u015fleri Bakan\u0131 Tahsin Ertu\u011frulo\u011flu, G\u00fcney K\u0131br\u0131s Rum Y\u00f6netimi\u2019ne akredite Fransa B\u00fcy\u00fckel\u00e7isi Catalano\u2019nun, K\u0131br\u0131s meselesi ile ilgili bas\u0131na verdi\u011fi deme\u00e7te yetkisini a\u015fan ve K\u0131br\u0131s T\u00fcrk halk\u0131n\u0131n iradesine y\u00f6nelik sayg\u0131s\u0131zca ifadeler kulland\u0131\u011f\u0131n\u0131 kaydetti. Ertu\u011frulo\u011flu, yaz\u0131l\u0131 a\u00e7\u0131klamas\u0131nda, Ada\u2019ya ziyaret ger\u00e7ekle\u015ftiren, veya g\u00f6rev yapan herkesin, bug\u00fcn kendi kendini y\u00f6neten iki ayr\u0131 halk ve iki ayr\u0131 devlet bulundu\u011funu gayet iyi<\/p>\n","protected":false},"author":1,"featured_media":37540,"comment_status":"open","ping_status":"open","sticky":false,"template":"","format":"standard","meta":{"footnotes":""},"categories":[1],"tags":[],"class_list":["post-37539","post","type-post","status-publish","format-standard","has-post-thumbnail","hentry","category-gundem"],"yoast_head":"<!-- This site is optimized with the Yoast SEO plugin v27.5 - https:\/\/yoast.com\/product\/yoast-seo-wordpress\/ -->\n<title>Ertu\u011frulo\u011flu, G\u00fcney\u2019de akredite Fransa B\u00fcy\u00fckel\u00e7isinin demecini ele\u015ftirdi: \u201cYetkisini a\u015fan sayg\u0131s\u0131zca ifadeler\u201d -<\/title>\n<meta name=\"robots\" content=\"index, follow, max-snippet:-1, max-image-preview:large, max-video-preview:-1\" \/>\n<link rel=\"canonical\" href=\"https:\/\/kibrisdakik.com\/?p=37539\" \/>\n<meta property=\"og:locale\" content=\"tr_TR\" \/>\n<meta property=\"og:type\" content=\"article\" \/>\n<meta property=\"og:title\" content=\"Ertu\u011frulo\u011flu, G\u00fcney\u2019de akredite Fransa B\u00fcy\u00fckel\u00e7isinin demecini ele\u015ftirdi: \u201cYetkisini a\u015fan sayg\u0131s\u0131zca ifadeler\u201d -\" \/>\n<meta property=\"og:description\" content=\"D\u0131\u015fi\u015fleri Bakan\u0131 Tahsin Ertu\u011frulo\u011flu, G\u00fcney K\u0131br\u0131s Rum Y\u00f6netimi\u2019ne akredite Fransa B\u00fcy\u00fckel\u00e7isi Catalano\u2019nun, K\u0131br\u0131s meselesi ile ilgili bas\u0131na verdi\u011fi deme\u00e7te yetkisini a\u015fan ve K\u0131br\u0131s T\u00fcrk halk\u0131n\u0131n iradesine y\u00f6nelik sayg\u0131s\u0131zca ifadeler kulland\u0131\u011f\u0131n\u0131 kaydetti. Ertu\u011frulo\u011flu, yaz\u0131l\u0131 a\u00e7\u0131klamas\u0131nda, Ada\u2019ya ziyaret ger\u00e7ekle\u015ftiren, veya g\u00f6rev yapan herkesin, bug\u00fcn kendi kendini y\u00f6neten iki ayr\u0131 halk ve iki ayr\u0131 devlet bulundu\u011funu gayet iyi\" \/>\n<meta property=\"og:url\" content=\"https:\/\/kibrisdakik.com\/?p=37539\" \/>\n<meta property=\"article:published_time\" content=\"2024-04-08T13:03:01+00:00\" \/>\n<meta property=\"og:image\" content=\"https:\/\/kibrisdakik.com\/wp-content\/uploads\/2024\/04\/ertugruloglu17-740x420.jpg\" \/>\n\t<meta property=\"og:image:width\" content=\"971\" \/>\n\t<meta property=\"og:image:height\" content=\"551\" \/>\n\t<meta property=\"og:image:type\" content=\"image\/jpeg\" \/>\n<meta name=\"author\" content=\"admin\" \/>\n<meta name=\"twitter:card\" content=\"summary_large_image\" \/>\n<meta name=\"twitter:label1\" content=\"Yazan:\" \/>\n\t<meta name=\"twitter:data1\" content=\"admin\" \/>\n\t<meta name=\"twitter:label2\" content=\"Tahmini okuma s\u00fcresi\" \/>\n\t<meta name=\"twitter:data2\" content=\"2 dakika\" \/>\n<script type=\"application\/ld+json\" class=\"yoast-schema-graph\">{\"@context\":\"https:\\\/\\\/schema.org\",\"@graph\":[{\"@type\":\"Article\",\"@id\":\"https:\\\/\\\/kibrisdakik.com\\\/?p=37539#article\",\"isPartOf\":{\"@id\":\"https:\\\/\\\/kibrisdakik.com\\\/?p=37539\"},\"author\":{\"name\":\"admin\",\"@id\":\"https:\\\/\\\/kibrisdakik.com\\\/#\\\/schema\\\/person\\\/9cd9d437bbb44f72b73ba127e06d8e79\"},\"headline\":\"Ertu\u011frulo\u011flu, G\u00fcney\u2019de akredite Fransa B\u00fcy\u00fckel\u00e7isinin demecini ele\u015ftirdi: \u201cYetkisini a\u015fan sayg\u0131s\u0131zca ifadeler\u201d\",\"datePublished\":\"2024-04-08T13:03:01+00:00\",\"mainEntityOfPage\":{\"@id\":\"https:\\\/\\\/kibrisdakik.com\\\/?p=37539\"},\"wordCount\":380,\"commentCount\":0,\"image\":{\"@id\":\"https:\\\/\\\/kibrisdakik.com\\\/?p=37539#primaryimage\"},\"thumbnailUrl\":\"https:\\\/\\\/kibrisdakik.com\\\/wp-content\\\/uploads\\\/2024\\\/04\\\/ertugruloglu17-740x420.jpg\",\"articleSection\":[\"G\u00fcndem\"],\"inLanguage\":\"tr\",\"potentialAction\":[{\"@type\":\"CommentAction\",\"name\":\"Comment\",\"target\":[\"https:\\\/\\\/kibrisdakik.com\\\/?p=37539#respond\"]}]},{\"@type\":\"WebPage\",\"@id\":\"https:\\\/\\\/kibrisdakik.com\\\/?p=37539\",\"url\":\"https:\\\/\\\/kibrisdakik.com\\\/?p=37539\",\"name\":\"Ertu\u011frulo\u011flu, G\u00fcney\u2019de akredite Fransa B\u00fcy\u00fckel\u00e7isinin demecini ele\u015ftirdi: \u201cYetkisini a\u015fan sayg\u0131s\u0131zca ifadeler\u201d -\",\"isPartOf\":{\"@id\":\"https:\\\/\\\/kibrisdakik.com\\\/#website\"},\"primaryImageOfPage\":{\"@id\":\"https:\\\/\\\/kibrisdakik.com\\\/?p=37539#primaryimage\"},\"image\":{\"@id\":\"https:\\\/\\\/kibrisdakik.com\\\/?p=37539#primaryimage\"},\"thumbnailUrl\":\"https:\\\/\\\/kibrisdakik.com\\\/wp-content\\\/uploads\\\/2024\\\/04\\\/ertugruloglu17-740x420.jpg\",\"datePublished\":\"2024-04-08T13:03:01+00:00\",\"author\":{\"@id\":\"https:\\\/\\\/kibrisdakik.com\\\/#\\\/schema\\\/person\\\/9cd9d437bbb44f72b73ba127e06d8e79\"},\"breadcrumb\":{\"@id\":\"https:\\\/\\\/kibrisdakik.com\\\/?p=37539#breadcrumb\"},\"inLanguage\":\"tr\",\"potentialAction\":[{\"@type\":\"ReadAction\",\"target\":[\"https:\\\/\\\/kibrisdakik.com\\\/?p=37539\"]}]},{\"@type\":\"ImageObject\",\"inLanguage\":\"tr\",\"@id\":\"https:\\\/\\\/kibrisdakik.com\\\/?p=37539#primaryimage\",\"url\":\"https:\\\/\\\/kibrisdakik.com\\\/wp-content\\\/uploads\\\/2024\\\/04\\\/ertugruloglu17-740x420.jpg\",\"contentUrl\":\"https:\\\/\\\/kibrisdakik.com\\\/wp-content\\\/uploads\\\/2024\\\/04\\\/ertugruloglu17-740x420.jpg\",\"width\":971,\"height\":551},{\"@type\":\"BreadcrumbList\",\"@id\":\"https:\\\/\\\/kibrisdakik.com\\\/?p=37539#breadcrumb\",\"itemListElement\":[{\"@type\":\"ListItem\",\"position\":1,\"name\":\"Home\",\"item\":\"https:\\\/\\\/kibrisdakik.com\\\/\"},{\"@type\":\"ListItem\",\"position\":2,\"name\":\"Ertu\u011frulo\u011flu, G\u00fcney\u2019de akredite Fransa B\u00fcy\u00fckel\u00e7isinin demecini ele\u015ftirdi: \u201cYetkisini a\u015fan sayg\u0131s\u0131zca ifadeler\u201d\"}]},{\"@type\":\"WebSite\",\"@id\":\"https:\\\/\\\/kibrisdakik.com\\\/#website\",\"url\":\"https:\\\/\\\/kibrisdakik.com\\\/\",\"name\":\"\",\"description\":\"Tam vaktinde haber\",\"potentialAction\":[{\"@type\":\"SearchAction\",\"target\":{\"@type\":\"EntryPoint\",\"urlTemplate\":\"https:\\\/\\\/kibrisdakik.com\\\/?s={search_term_string}\"},\"query-input\":{\"@type\":\"PropertyValueSpecification\",\"valueRequired\":true,\"valueName\":\"search_term_string\"}}],\"inLanguage\":\"tr\"},{\"@type\":\"Person\",\"@id\":\"https:\\\/\\\/kibrisdakik.com\\\/#\\\/schema\\\/person\\\/9cd9d437bbb44f72b73ba127e06d8e79\",\"name\":\"admin\",\"image\":{\"@type\":\"ImageObject\",\"inLanguage\":\"tr\",\"@id\":\"https:\\\/\\\/secure.gravatar.com\\\/avatar\\\/ccc17943b9d660506c869530f897617f7cb1c21a4bf30023f252596d83e1f007?s=96&d=mm&r=g\",\"url\":\"https:\\\/\\\/secure.gravatar.com\\\/avatar\\\/ccc17943b9d660506c869530f897617f7cb1c21a4bf30023f252596d83e1f007?s=96&d=mm&r=g\",\"contentUrl\":\"https:\\\/\\\/secure.gravatar.com\\\/avatar\\\/ccc17943b9d660506c869530f897617f7cb1c21a4bf30023f252596d83e1f007?s=96&d=mm&r=g\",\"caption\":\"admin\"},\"sameAs\":[\"https:\\\/\\\/kibrisdakik.com\"],\"url\":\"https:\\\/\\\/kibrisdakik.com\\\/?author=1\"}]}<\/script>\n<!-- \/ Yoast SEO plugin. -->","yoast_head_json":{"title":"Ertu\u011frulo\u011flu, G\u00fcney\u2019de akredite Fransa B\u00fcy\u00fckel\u00e7isinin demecini ele\u015ftirdi: \u201cYetkisini a\u015fan sayg\u0131s\u0131zca ifadeler\u201d -","robots":{"index":"index","follow":"follow","max-snippet":"max-snippet:-1","max-image-preview":"max-image-preview:large","max-video-preview":"max-video-preview:-1"},"canonical":"https:\/\/kibrisdakik.com\/?p=37539","og_locale":"tr_TR","og_type":"article","og_title":"Ertu\u011frulo\u011flu, G\u00fcney\u2019de akredite Fransa B\u00fcy\u00fckel\u00e7isinin demecini ele\u015ftirdi: \u201cYetkisini a\u015fan sayg\u0131s\u0131zca ifadeler\u201d -","og_description":"D\u0131\u015fi\u015fleri Bakan\u0131 Tahsin Ertu\u011frulo\u011flu, G\u00fcney K\u0131br\u0131s Rum Y\u00f6netimi\u2019ne akredite Fransa B\u00fcy\u00fckel\u00e7isi Catalano\u2019nun, K\u0131br\u0131s meselesi ile ilgili bas\u0131na verdi\u011fi deme\u00e7te yetkisini a\u015fan ve K\u0131br\u0131s T\u00fcrk halk\u0131n\u0131n iradesine y\u00f6nelik sayg\u0131s\u0131zca ifadeler kulland\u0131\u011f\u0131n\u0131 kaydetti. Ertu\u011frulo\u011flu, yaz\u0131l\u0131 a\u00e7\u0131klamas\u0131nda, Ada\u2019ya ziyaret ger\u00e7ekle\u015ftiren, veya g\u00f6rev yapan herkesin, bug\u00fcn kendi kendini y\u00f6neten iki ayr\u0131 halk ve iki ayr\u0131 devlet bulundu\u011funu gayet iyi","og_url":"https:\/\/kibrisdakik.com\/?p=37539","article_published_time":"2024-04-08T13:03:01+00:00","og_image":[{"width":971,"height":551,"url":"https:\/\/kibrisdakik.com\/wp-content\/uploads\/2024\/04\/ertugruloglu17-740x420.jpg","type":"image\/jpeg"}],"author":"admin","twitter_card":"summary_large_image","twitter_misc":{"Yazan:":"admin","Tahmini okuma s\u00fcresi":"2 dakika"},"schema":{"@context":"https:\/\/schema.org","@graph":[{"@type":"Article","@id":"https:\/\/kibrisdakik.com\/?p=37539#article","isPartOf":{"@id":"https:\/\/kibrisdakik.com\/?p=37539"},"author":{"name":"admin","@id":"https:\/\/kibrisdakik.com\/#\/schema\/person\/9cd9d437bbb44f72b73ba127e06d8e79"},"headline":"Ertu\u011frulo\u011flu, G\u00fcney\u2019de akredite Fransa B\u00fcy\u00fckel\u00e7isinin demecini ele\u015ftirdi: \u201cYetkisini a\u015fan sayg\u0131s\u0131zca ifadeler\u201d","datePublished":"2024-04-08T13:03:01+00:00","mainEntityOfPage":{"@id":"https:\/\/kibrisdakik.com\/?p=37539"},"wordCount":380,"commentCount":0,"image":{"@id":"https:\/\/kibrisdakik.com\/?p=37539#primaryimage"},"thumbnailUrl":"https:\/\/kibrisdakik.com\/wp-content\/uploads\/2024\/04\/ertugruloglu17-740x420.jpg","articleSection":["G\u00fcndem"],"inLanguage":"tr","potentialAction":[{"@type":"CommentAction","name":"Comment","target":["https:\/\/kibrisdakik.com\/?p=37539#respond"]}]},{"@type":"WebPage","@id":"https:\/\/kibrisdakik.com\/?p=37539","url":"https:\/\/kibrisdakik.com\/?p=37539","name":"Ertu\u011frulo\u011flu, G\u00fcney\u2019de akredite Fransa B\u00fcy\u00fckel\u00e7isinin demecini ele\u015ftirdi: \u201cYetkisini a\u015fan sayg\u0131s\u0131zca ifadeler\u201d -","isPartOf":{"@id":"https:\/\/kibrisdakik.com\/#website"},"primaryImageOfPage":{"@id":"https:\/\/kibrisdakik.com\/?p=37539#primaryimage"},"image":{"@id":"https:\/\/kibrisdakik.com\/?p=37539#primaryimage"},"thumbnailUrl":"https:\/\/kibrisdakik.com\/wp-content\/uploads\/2024\/04\/ertugruloglu17-740x420.jpg","datePublished":"2024-04-08T13:03:01+00:00","author":{"@id":"https:\/\/kibrisdakik.com\/#\/schema\/person\/9cd9d437bbb44f72b73ba127e06d8e79"},"breadcrumb":{"@id":"https:\/\/kibrisdakik.com\/?p=37539#breadcrumb"},"inLanguage":"tr","potentialAction":[{"@type":"ReadAction","target":["https:\/\/kibrisdakik.com\/?p=37539"]}]},{"@type":"ImageObject","inLanguage":"tr","@id":"https:\/\/kibrisdakik.com\/?p=37539#primaryimage","url":"https:\/\/kibrisdakik.com\/wp-content\/uploads\/2024\/04\/ertugruloglu17-740x420.jpg","contentUrl":"https:\/\/kibrisdakik.com\/wp-content\/uploads\/2024\/04\/ertugruloglu17-740x420.jpg","width":971,"height":551},{"@type":"BreadcrumbList","@id":"https:\/\/kibrisdakik.com\/?p=37539#breadcrumb","itemListElement":[{"@type":"ListItem","position":1,"name":"Home","item":"https:\/\/kibrisdakik.com\/"},{"@type":"ListItem","position":2,"name":"Ertu\u011frulo\u011flu, G\u00fcney\u2019de akredite Fransa B\u00fcy\u00fckel\u00e7isinin demecini ele\u015ftirdi: \u201cYetkisini a\u015fan sayg\u0131s\u0131zca ifadeler\u201d"}]},{"@type":"WebSite","@id":"https:\/\/kibrisdakik.com\/#website","url":"https:\/\/kibrisdakik.com\/","name":"","description":"Tam vaktinde haber","potentialAction":[{"@type":"SearchAction","target":{"@type":"EntryPoint","urlTemplate":"https:\/\/kibrisdakik.com\/?s={search_term_string}"},"query-input":{"@type":"PropertyValueSpecification","valueRequired":true,"valueName":"search_term_string"}}],"inLanguage":"tr"},{"@type":"Person","@id":"https:\/\/kibrisdakik.com\/#\/schema\/person\/9cd9d437bbb44f72b73ba127e06d8e79","name":"admin","image":{"@type":"ImageObject","inLanguage":"tr","@id":"https:\/\/secure.gravatar.com\/avatar\/ccc17943b9d660506c869530f897617f7cb1c21a4bf30023f252596d83e1f007?s=96&d=mm&r=g","url":"https:\/\/secure.gravatar.com\/avatar\/ccc17943b9d660506c869530f897617f7cb1c21a4bf30023f252596d83e1f007?s=96&d=mm&r=g","contentUrl":"https:\/\/secure.gravatar.com\/avatar\/ccc17943b9d660506c869530f897617f7cb1c21a4bf30023f252596d83e1f007?s=96&d=mm&r=g","caption":"admin"},"sameAs":["https:\/\/kibrisdakik.com"],"url":"https:\/\/kibrisdakik.com\/?author=1"}]}},"_links":{"self":[{"href":"https:\/\/kibrisdakik.com\/index.php?rest_route=\/wp\/v2\/posts\/37539","targetHints":{"allow":["GET"]}}],"collection":[{"href":"https:\/\/kibrisdakik.com\/index.php?rest_route=\/wp\/v2\/posts"}],"about":[{"href":"https:\/\/kibrisdakik.com\/index.php?rest_route=\/wp\/v2\/types\/post"}],"author":[{"embeddable":true,"href":"https:\/\/kibrisdakik.com\/index.php?rest_route=\/wp\/v2\/users\/1"}],"replies":[{"embeddable":true,"href":"https:\/\/kibrisdakik.com\/index.php?rest_route=%2Fwp%2Fv2%2Fcomments&post=37539"}],"version-history":[{"count":0,"href":"https:\/\/kibrisdakik.com\/index.php?rest_route=\/wp\/v2\/posts\/37539\/revisions"}],"wp:featuredmedia":[{"embeddable":true,"href":"https:\/\/kibrisdakik.com\/index.php?rest_route=\/wp\/v2\/media\/37540"}],"wp:attachment":[{"href":"https:\/\/kibrisdakik.com\/index.php?rest_route=%2Fwp%2Fv2%2Fmedia&parent=37539"}],"wp:term":[{"taxonomy":"category","embeddable":true,"href":"https:\/\/kibrisdakik.com\/index.php?rest_route=%2Fwp%2Fv2%2Fcategories&post=37539"},{"taxonomy":"post_tag","embeddable":true,"href":"https:\/\/kibrisdakik.com\/index.php?rest_route=%2Fwp%2Fv2%2Ftags&post=37539"}],"curies":[{"name":"wp","href":"https:\/\/api.w.org\/{rel}","templated":true}]}}