{"id":37569,"date":"2024-04-08T17:08:19","date_gmt":"2024-04-08T17:08:19","guid":{"rendered":"https:\/\/kibrisdakik.com\/index.php\/2024\/04\/08\/emekli-albay-atilla-guler-cumhurbaskani-tatara-kitap-takdim-etti\/"},"modified":"2024-04-08T17:08:19","modified_gmt":"2024-04-08T17:08:19","slug":"emekli-albay-atilla-guler-cumhurbaskani-tatara-kitap-takdim-etti","status":"publish","type":"post","link":"https:\/\/kibrisdakik.com\/?p=37569","title":{"rendered":"Emekli Albay Atilla G\u00fcler, Cumhurba\u015fkan\u0131 Tatar\u2019a kitap takdim etti"},"content":{"rendered":"<p><\/p>\n<div>\n<div class=\"mariselle-image-container center\">\n                <img loading=\"lazy\" decoding=\"async\" width=\"1600\" height=\"662\" class=\"lazy-image\" alt=\"\" sizes=\"auto, (max-width: 1600px) 100vw, 1600px\" src=\"https:\/\/brtk.net\/wp-content\/uploads\/2024\/04\/08\/IMG-20240408-WA0009.jpg?ver=edad3c220b7a3346cbf92bbeab77baf3\" srcset=\"https:\/\/brtk.net\/wp-content\/uploads\/2024\/04\/08\/IMG-20240408-WA0009.jpg?ver=edad3c220b7a3346cbf92bbeab77baf3 1600w, https:\/\/brtk.net\/wp-content\/uploads\/2024\/04\/08\/IMG-20240408-WA0009-300x124.jpg?ver=edad3c220b7a3346cbf92bbeab77baf3 300w, https:\/\/brtk.net\/wp-content\/uploads\/2024\/04\/08\/IMG-20240408-WA0009-1024x424.jpg?ver=9ba3bd81ed86770694399f0b4838c463 1024w, https:\/\/brtk.net\/wp-content\/uploads\/2024\/04\/08\/IMG-20240408-WA0009-768x318.jpg?ver=9ba3bd81ed86770694399f0b4838c463 768w, https:\/\/brtk.net\/wp-content\/uploads\/2024\/04\/08\/IMG-20240408-WA0009-1536x636.jpg?ver=9ba3bd81ed86770694399f0b4838c463 1536w\"\/>                            <\/div>\n<p>Cumhurba\u015fkan\u0131 <a href=\"https:\/\/brtk.net\/\" target=\"_blank\" rel=\"noopener\"><a href=\"https:\/\/brtk.net\/\" target=\"_blank\" rel=\"noopener\"><a href=\"https:\/\/brtk.net\/\" target=\"_blank\" rel=\"noopener\">Ersin <\/a><a href=\"https:\/\/brtk.net\/\"\/><a href=\"https:\/\/brtk.net\/\"\/><a href=\"https:\/\/brtk.net\/\"\/><a href=\"https:\/\/brtk.net\/\"\/><a href=\"https:\/\/brtk.net\/\"\/><a href=\"https:\/\/brtk.net\/\"\/><a href=\"https:\/\/brtk.net\/\"\/><a href=\"https:\/\/brtk.net\/\"\/><a href=\"https:\/\/brtk.net\/\"\/><a href=\"https:\/\/brtk.net\/\"\/><a href=\"https:\/\/brtk.net\/\"\/><a href=\"https:\/\/brtk.net\/\"\/><a href=\"https:\/\/brtk.net\/\"\/><a href=\"https:\/\/brtk.net\/\"\/><a href=\"https:\/\/brtk.net\/\"\/><a href=\"https:\/\/brtk.net\/\"\/><a href=\"https:\/\/brtk.net\/\"\/><a href=\"https:\/\/brtk.net\/\"\/><a href=\"https:\/\/brtk.net\/\"\/><a href=\"https:\/\/brtk.net\/\">Tatar<\/a>, Emekli Albay Atilla G\u00fcler\u2019i kabul etti. Emekli Albay Atilla G\u00fcler, kabulde yazd\u0131\u011f\u0131 kitaplar\u0131 Cumhurba\u015fkan\u0131 <a href=\"https:\/\/brtk.net\/\" target=\"_blank\" rel=\"noopener\"><a href=\"https:\/\/brtk.net\/\" target=\"_blank\" rel=\"noopener\"><a href=\"https:\/\/brtk.net\/\" target=\"_blank\" rel=\"noopener\">Ersin <\/a><a href=\"https:\/\/brtk.net\/\"\/><a href=\"https:\/\/brtk.net\/\"\/><a href=\"https:\/\/brtk.net\/\"\/><a href=\"https:\/\/brtk.net\/\"\/><a href=\"https:\/\/brtk.net\/\"\/><a href=\"https:\/\/brtk.net\/\"\/><a href=\"https:\/\/brtk.net\/\"\/><a href=\"https:\/\/brtk.net\/\"\/><a href=\"https:\/\/brtk.net\/\"\/><a href=\"https:\/\/brtk.net\/\"\/><a href=\"https:\/\/brtk.net\/\"\/><a href=\"https:\/\/brtk.net\/\"\/><a href=\"https:\/\/brtk.net\/\"\/><a href=\"https:\/\/brtk.net\/\"\/><a href=\"https:\/\/brtk.net\/\"\/><a href=\"https:\/\/brtk.net\/\"\/><a href=\"https:\/\/brtk.net\/\"\/><a href=\"https:\/\/brtk.net\/\"\/><a href=\"https:\/\/brtk.net\/\"\/><a href=\"https:\/\/brtk.net\/\">Tatar<\/a>\u2019a takdim etti.<\/p>\n<p>Cumhurba\u015fkan\u0131 <a href=\"https:\/\/brtk.net\/\" target=\"_blank\" rel=\"noopener\"><a href=\"https:\/\/brtk.net\/\" target=\"_blank\" rel=\"noopener\"><a href=\"https:\/\/brtk.net\/\" target=\"_blank\" rel=\"noopener\">Ersin <\/a><a href=\"https:\/\/brtk.net\/\"\/><a href=\"https:\/\/brtk.net\/\"\/><a href=\"https:\/\/brtk.net\/\"\/><a href=\"https:\/\/brtk.net\/\"\/><a href=\"https:\/\/brtk.net\/\"\/><a href=\"https:\/\/brtk.net\/\"\/><a href=\"https:\/\/brtk.net\/\"\/><a href=\"https:\/\/brtk.net\/\"\/><a href=\"https:\/\/brtk.net\/\"\/><a href=\"https:\/\/brtk.net\/\"\/><a href=\"https:\/\/brtk.net\/\"\/><a href=\"https:\/\/brtk.net\/\"\/><a href=\"https:\/\/brtk.net\/\"\/><a href=\"https:\/\/brtk.net\/\"\/><a href=\"https:\/\/brtk.net\/\"\/><a href=\"https:\/\/brtk.net\/\"\/><a href=\"https:\/\/brtk.net\/\"\/><a href=\"https:\/\/brtk.net\/\"\/><a href=\"https:\/\/brtk.net\/\"\/><a href=\"https:\/\/brtk.net\/\">Tatar<\/a> kabulde yapt\u0131\u011f\u0131 konu\u015fmada, yak\u0131n tarih olmas\u0131na ra\u011fmen K\u0131br\u0131s\u2019\u0131n Osmanl\u0131 \u0130mparatorlu\u011fu\u2019nun elinden \u00e7\u0131kmas\u0131 ve \u0130ngiliz \u0130daresi\u2019ne girmesiyle ilgili bilgi eksikli\u011fi oldu\u011funu s\u00f6yledi.<\/p>\n<p>Cumhurba\u015fkan\u0131 <a href=\"https:\/\/brtk.net\/\"\/><a href=\"https:\/\/brtk.net\/\"\/><a href=\"https:\/\/brtk.net\/\"\/><a href=\"https:\/\/brtk.net\/\"\/><a href=\"https:\/\/brtk.net\/\"\/><a href=\"https:\/\/brtk.net\/\"\/><a href=\"https:\/\/brtk.net\/\"\/><a href=\"https:\/\/brtk.net\/\"\/><a href=\"https:\/\/brtk.net\/\"\/><a href=\"https:\/\/brtk.net\/\"\/><a href=\"https:\/\/brtk.net\/\"\/><a href=\"https:\/\/brtk.net\/\"\/><a href=\"https:\/\/brtk.net\/\"\/><a href=\"https:\/\/brtk.net\/\"\/><a href=\"https:\/\/brtk.net\/\"\/><a href=\"https:\/\/brtk.net\/\"\/><a href=\"https:\/\/brtk.net\/\"\/><a href=\"https:\/\/brtk.net\/\"\/><a href=\"https:\/\/brtk.net\/\"\/><a href=\"https:\/\/brtk.net\/\">Tatar<\/a>, Osmanl\u0131 \u0130mparatorlu\u011fu\u2019nun ya\u015fad\u0131\u011f\u0131 s\u0131k\u0131nt\u0131lardan dolay\u0131 bir s\u00fcreli\u011fine aday\u0131 \u0130ngiltere\u2019ye kiralad\u0131\u011f\u0131n\u0131 ancak s\u0131k\u0131nt\u0131lar a\u015f\u0131ld\u0131ktan sonra Osmanl\u0131\u2019ya geri iade edece\u011fini ifade etti.<\/p>\n<p>Adan\u0131n \u0130ngilizlere verildi\u011fi y\u00f6n\u00fcnde bir alg\u0131 yarat\u0131ld\u0131\u011f\u0131na dikkat \u00e7eken Cumhurba\u015fkan\u0131 <a href=\"https:\/\/brtk.net\/\"\/><a href=\"https:\/\/brtk.net\/\"\/><a href=\"https:\/\/brtk.net\/\"\/><a href=\"https:\/\/brtk.net\/\"\/><a href=\"https:\/\/brtk.net\/\"\/><a href=\"https:\/\/brtk.net\/\"\/><a href=\"https:\/\/brtk.net\/\"\/><a href=\"https:\/\/brtk.net\/\"\/><a href=\"https:\/\/brtk.net\/\"\/><a href=\"https:\/\/brtk.net\/\"\/><a href=\"https:\/\/brtk.net\/\"\/><a href=\"https:\/\/brtk.net\/\"\/><a href=\"https:\/\/brtk.net\/\"\/><a href=\"https:\/\/brtk.net\/\"\/><a href=\"https:\/\/brtk.net\/\"\/><a href=\"https:\/\/brtk.net\/\"\/><a href=\"https:\/\/brtk.net\/\"\/><a href=\"https:\/\/brtk.net\/\"\/><a href=\"https:\/\/brtk.net\/\"\/><a href=\"https:\/\/brtk.net\/\">Tatar<\/a>, \u00c7anakkale Sava\u015f\u0131 ba\u015flay\u0131nca bu durumu istismar eden \u0130ngiltere\u2019nin aday\u0131 ilhak etti\u011fini vurgulad\u0131.<\/p>\n<p>Osmanl\u0131 \u0130mparatorlu\u011fu taraf\u0131ndan 357 y\u0131l kesintisiz y\u00f6netilen adan\u0131n \u0130ngilizlere tamamen ge\u00e7mesiyle Rum n\u00fcfus aktar\u0131ld\u0131\u011f\u0131n\u0131, \u2018K\u0131br\u0131s Helendir ve b\u00fcy\u00fck Yunanistan\u2019\u0131n bir par\u00e7as\u0131 olmal\u0131d\u0131r\u201d \u015feklinde siyaset y\u00fcr\u00fct\u00fcld\u00fc\u011f\u00fcn\u00fc kaydetti.<\/p>\n<p>K\u0131br\u0131s T\u00fcrk\u00fc\u2019n\u00fcn direnci, T\u00fcrkiye\u2019nin deste\u011fi ve T\u00fcrk Mukavemet Te\u015fkilat\u0131\u2019n\u0131n kurulmas\u0131yla, varolu\u015f m\u00fccadelesi verildi\u011fini anlatan Cumhurba\u015fkan\u0131 <a href=\"https:\/\/brtk.net\/\"\/><a href=\"https:\/\/brtk.net\/\"\/><a href=\"https:\/\/brtk.net\/\"\/><a href=\"https:\/\/brtk.net\/\"\/><a href=\"https:\/\/brtk.net\/\"\/><a href=\"https:\/\/brtk.net\/\"\/><a href=\"https:\/\/brtk.net\/\"\/><a href=\"https:\/\/brtk.net\/\"\/><a href=\"https:\/\/brtk.net\/\"\/><a href=\"https:\/\/brtk.net\/\"\/><a href=\"https:\/\/brtk.net\/\"\/><a href=\"https:\/\/brtk.net\/\"\/><a href=\"https:\/\/brtk.net\/\"\/><a href=\"https:\/\/brtk.net\/\"\/><a href=\"https:\/\/brtk.net\/\"\/><a href=\"https:\/\/brtk.net\/\"\/><a href=\"https:\/\/brtk.net\/\"\/><a href=\"https:\/\/brtk.net\/\"\/><a href=\"https:\/\/brtk.net\/\"\/><a href=\"https:\/\/brtk.net\/\">Tatar<\/a>,<br \/>1974 K\u0131br\u0131s Bar\u0131\u015f Harekat\u0131 ile K\u0131br\u0131s T\u00fcrk\u00fc\u2019n\u00fcn \u00f6zg\u00fcrl\u00fc\u011f\u00fcne kavu\u015ftu\u011funu aktard\u0131.<\/p>\n<p>Rum-Yunan ikilisinin aday\u0131 Yunanistan\u2019la birle\u015ftirilmesi \u00e7al\u0131\u015fmalar\u0131n\u0131n halen daha s\u00fcrd\u00fc\u011f\u00fcn\u00fc dile getiren Cumhurba\u015fkan\u0131 <a href=\"https:\/\/brtk.net\/\"\/><a href=\"https:\/\/brtk.net\/\"\/><a href=\"https:\/\/brtk.net\/\"\/><a href=\"https:\/\/brtk.net\/\"\/><a href=\"https:\/\/brtk.net\/\"\/><a href=\"https:\/\/brtk.net\/\"\/><a href=\"https:\/\/brtk.net\/\"\/><a href=\"https:\/\/brtk.net\/\"\/><a href=\"https:\/\/brtk.net\/\"\/><a href=\"https:\/\/brtk.net\/\"\/><a href=\"https:\/\/brtk.net\/\"\/><a href=\"https:\/\/brtk.net\/\"\/><a href=\"https:\/\/brtk.net\/\"\/><a href=\"https:\/\/brtk.net\/\"\/><a href=\"https:\/\/brtk.net\/\"\/><a href=\"https:\/\/brtk.net\/\"\/><a href=\"https:\/\/brtk.net\/\"\/><a href=\"https:\/\/brtk.net\/\"\/><a href=\"https:\/\/brtk.net\/\"\/><a href=\"https:\/\/brtk.net\/\">Tatar<\/a>, EOKA\u2019n\u0131n kurulu\u015f y\u0131ld\u00f6n\u00fcmlerinde K\u0131br\u0131s Yunand\u0131r \u015feklinde s\u00f6ylemlerde bulunuldu\u011funu ifade etti.<\/p>\n<p>K\u0131br\u0131s meselesini uluslararas\u0131 topluma anlatt\u0131klar\u0131nda, dayanaklar\u0131n\u0131n verilen m\u00fccadele, k\u00fclt\u00fcr, tarih, adetler, gelenekler ve \u00f6zden gelen haklar oldu\u011funa dikkat \u00e7eken Cumhurba\u015fkan\u0131 <a href=\"https:\/\/brtk.net\/\"\/><a href=\"https:\/\/brtk.net\/\"\/><a href=\"https:\/\/brtk.net\/\"\/><a href=\"https:\/\/brtk.net\/\"\/><a href=\"https:\/\/brtk.net\/\"\/><a href=\"https:\/\/brtk.net\/\"\/><a href=\"https:\/\/brtk.net\/\"\/><a href=\"https:\/\/brtk.net\/\"\/><a href=\"https:\/\/brtk.net\/\"\/><a href=\"https:\/\/brtk.net\/\"\/><a href=\"https:\/\/brtk.net\/\"\/><a href=\"https:\/\/brtk.net\/\"\/><a href=\"https:\/\/brtk.net\/\"\/><a href=\"https:\/\/brtk.net\/\"\/><a href=\"https:\/\/brtk.net\/\"\/><a href=\"https:\/\/brtk.net\/\"\/><a href=\"https:\/\/brtk.net\/\"\/><a href=\"https:\/\/brtk.net\/\"\/><a href=\"https:\/\/brtk.net\/\"\/><a href=\"https:\/\/brtk.net\/\">Tatar<\/a>, y\u00fcr\u00fct\u00fclen siyasette takdim edilen kitaplardan yararlan\u0131laca\u011f\u0131n\u0131 kaydetti.<\/p>\n<p>Gen\u00e7lerin kitaplar\u0131 okumas\u0131, akademik \u00e7al\u0131\u015fmalara kaynak olu\u015fturulmas\u0131 ve ar\u015fivlerde yer almas\u0131n\u0131n \u00f6nemine i\u015faret eden Cumhurba\u015fkan\u0131 <a href=\"https:\/\/brtk.net\/\"\/><a href=\"https:\/\/brtk.net\/\"\/><a href=\"https:\/\/brtk.net\/\"\/><a href=\"https:\/\/brtk.net\/\"\/><a href=\"https:\/\/brtk.net\/\"\/><a href=\"https:\/\/brtk.net\/\"\/><a href=\"https:\/\/brtk.net\/\"\/><a href=\"https:\/\/brtk.net\/\"\/><a href=\"https:\/\/brtk.net\/\"\/><a href=\"https:\/\/brtk.net\/\"\/><a href=\"https:\/\/brtk.net\/\"\/><a href=\"https:\/\/brtk.net\/\"\/><a href=\"https:\/\/brtk.net\/\"\/><a href=\"https:\/\/brtk.net\/\"\/><a href=\"https:\/\/brtk.net\/\"\/><a href=\"https:\/\/brtk.net\/\"\/><a href=\"https:\/\/brtk.net\/\"\/><a href=\"https:\/\/brtk.net\/\"\/><a href=\"https:\/\/brtk.net\/\"\/><a href=\"https:\/\/brtk.net\/\">Tatar<\/a>, milli de\u011ferler ve maneviyat\u0131n devam\u0131 a\u00e7\u0131s\u0131ndan yap\u0131lan \u00e7al\u0131\u015fman\u0131n \u00f6nemine vurgu yapt\u0131.<\/p>\n<p>Kuzey K\u0131br\u0131s T\u00fcrk Cumhuriyeti\u2019nin ba\u011f\u0131ms\u0131z bir T\u00fcrk devleti olarak T\u00fcrkiye\u2019nin deste\u011fiyle birlikte egemenlik temelinde yoluna devam etti\u011fine dikkat \u00e7eken Cumhurba\u015fkan\u0131 <a href=\"https:\/\/brtk.net\/\"\/><a href=\"https:\/\/brtk.net\/\"\/><a href=\"https:\/\/brtk.net\/\"\/><a href=\"https:\/\/brtk.net\/\"\/><a href=\"https:\/\/brtk.net\/\"\/><a href=\"https:\/\/brtk.net\/\"\/><a href=\"https:\/\/brtk.net\/\"\/><a href=\"https:\/\/brtk.net\/\"\/><a href=\"https:\/\/brtk.net\/\"\/><a href=\"https:\/\/brtk.net\/\"\/><a href=\"https:\/\/brtk.net\/\"\/><a href=\"https:\/\/brtk.net\/\"\/><a href=\"https:\/\/brtk.net\/\"\/><a href=\"https:\/\/brtk.net\/\"\/><a href=\"https:\/\/brtk.net\/\"\/><a href=\"https:\/\/brtk.net\/\"\/><a href=\"https:\/\/brtk.net\/\"\/><a href=\"https:\/\/brtk.net\/\"\/><a href=\"https:\/\/brtk.net\/\"\/><a href=\"https:\/\/brtk.net\/\">Tatar<\/a>, egemenlik ve devletten yoksun bir \u015fekilde var\u0131lacak bir antla\u015fman\u0131n sonun ba\u015flang\u0131c\u0131 olaca\u011f\u0131n\u0131 ifade etti.<\/p>\n<p>\u201cTek egemenlik, tek devlet diyerek, Helen anlay\u0131\u015f\u0131ndaki yap\u0131ya bizi yama etmek istiyorlar\u201d diye konu\u015fan Cumhurba\u015fkan\u0131 <a href=\"https:\/\/brtk.net\/\"\/><a href=\"https:\/\/brtk.net\/\"\/><a href=\"https:\/\/brtk.net\/\"\/><a href=\"https:\/\/brtk.net\/\"\/><a href=\"https:\/\/brtk.net\/\"\/><a href=\"https:\/\/brtk.net\/\"\/><a href=\"https:\/\/brtk.net\/\"\/><a href=\"https:\/\/brtk.net\/\"\/><a href=\"https:\/\/brtk.net\/\"\/><a href=\"https:\/\/brtk.net\/\"\/><a href=\"https:\/\/brtk.net\/\"\/><a href=\"https:\/\/brtk.net\/\"\/><a href=\"https:\/\/brtk.net\/\"\/><a href=\"https:\/\/brtk.net\/\"\/><a href=\"https:\/\/brtk.net\/\"\/><a href=\"https:\/\/brtk.net\/\"\/><a href=\"https:\/\/brtk.net\/\"\/><a href=\"https:\/\/brtk.net\/\"\/><a href=\"https:\/\/brtk.net\/\"\/><a href=\"https:\/\/brtk.net\/\">Tatar<\/a>, K\u0131br\u0131s T\u00fcrk\u00fc ile anavatan T\u00fcrkiye\u2019nin aras\u0131ndaki ba\u011flar\u0131n kopart\u0131lmas\u0131 ve T\u00fcrkiye\u2019nin adadan ve Do\u011fu Akdeniz\u2019den d\u0131\u015flanmak istendi\u011fini vurgulad\u0131.<\/p>\n<p>K\u0131br\u0131s\u2019ta antla\u015fma olacaksa; adil, kal\u0131c\u0131 ve s\u00fcrd\u00fcr\u00fclebilir olmas\u0131 gerekti\u011fine i\u015faret eden Cumhurba\u015fkan\u0131 <a href=\"https:\/\/brtk.net\/\"\/><a href=\"https:\/\/brtk.net\/\"\/><a href=\"https:\/\/brtk.net\/\"\/><a href=\"https:\/\/brtk.net\/\"\/><a href=\"https:\/\/brtk.net\/\"\/><a href=\"https:\/\/brtk.net\/\"\/><a href=\"https:\/\/brtk.net\/\"\/><a href=\"https:\/\/brtk.net\/\"\/><a href=\"https:\/\/brtk.net\/\"\/><a href=\"https:\/\/brtk.net\/\"\/><a href=\"https:\/\/brtk.net\/\"\/><a href=\"https:\/\/brtk.net\/\"\/><a href=\"https:\/\/brtk.net\/\"\/><a href=\"https:\/\/brtk.net\/\"\/><a href=\"https:\/\/brtk.net\/\"\/><a href=\"https:\/\/brtk.net\/\"\/><a href=\"https:\/\/brtk.net\/\"\/><a href=\"https:\/\/brtk.net\/\"\/><a href=\"https:\/\/brtk.net\/\"\/><a href=\"https:\/\/brtk.net\/\">Tatar<\/a>, jeopololitk ve jeostratejik bak\u0131mdan b\u00f6lgedeki dengeler bak\u0131m\u0131ndan garant\u00f6r \u00fclke T\u00fcrkiye\u2019nin varl\u0131\u011f\u0131n\u0131n \u00f6nemli oldu\u011funu kaydetti.<\/p>\n<p>\u201cK\u0131br\u0131s meselesi denge ve b\u00f6lgeseldir. K\u0131br\u0131s\u2019ta iki ayr\u0131 halk vard\u0131r\u201d diye konu\u015fan Cumhurba\u015fkan\u0131 <a href=\"https:\/\/brtk.net\/\"\/><a href=\"https:\/\/brtk.net\/\"\/><a href=\"https:\/\/brtk.net\/\"\/><a href=\"https:\/\/brtk.net\/\"\/><a href=\"https:\/\/brtk.net\/\"\/><a href=\"https:\/\/brtk.net\/\"\/><a href=\"https:\/\/brtk.net\/\"\/><a href=\"https:\/\/brtk.net\/\"\/><a href=\"https:\/\/brtk.net\/\"\/><a href=\"https:\/\/brtk.net\/\"\/><a href=\"https:\/\/brtk.net\/\"\/><a href=\"https:\/\/brtk.net\/\"\/><a href=\"https:\/\/brtk.net\/\"\/><a href=\"https:\/\/brtk.net\/\"\/><a href=\"https:\/\/brtk.net\/\"\/><a href=\"https:\/\/brtk.net\/\"\/><a href=\"https:\/\/brtk.net\/\"\/><a href=\"https:\/\/brtk.net\/\"\/><a href=\"https:\/\/brtk.net\/\"\/><a href=\"https:\/\/brtk.net\/\">Tatar<\/a>, 1960 K\u0131br\u0131s Antla\u015fmalar\u0131\u2019n\u0131n Rum ve T\u00fcrklerin egemenli\u011finden kaynakland\u0131\u011f\u0131na dikkat \u00e7ekti, Garanti ve \u0130ttifak Antla\u015fmalar\u0131nda T\u00fcrkiye\u2019nin garant\u00f6r \u00fclke oldu\u011funu ve tek tarafl\u0131 m\u00fcdahale hakk\u0131n\u0131n bulundu\u011funu hat\u0131rlatt\u0131.<\/p>\n<p>T\u00fcrk taraf\u0131n\u0131n 1975 y\u0131l\u0131ndan beridir y\u00fcr\u00fct\u00fclen m\u00fczakerelerde her zaman iyi niyetini ortaya koydu\u011funu ifade eden Cumhurba\u015fkan\u0131 <a href=\"https:\/\/brtk.net\/\"\/><a href=\"https:\/\/brtk.net\/\"\/><a href=\"https:\/\/brtk.net\/\"\/><a href=\"https:\/\/brtk.net\/\"\/><a href=\"https:\/\/brtk.net\/\"\/><a href=\"https:\/\/brtk.net\/\"\/><a href=\"https:\/\/brtk.net\/\"\/><a href=\"https:\/\/brtk.net\/\"\/><a href=\"https:\/\/brtk.net\/\"\/><a href=\"https:\/\/brtk.net\/\"\/><a href=\"https:\/\/brtk.net\/\"\/><a href=\"https:\/\/brtk.net\/\"\/><a href=\"https:\/\/brtk.net\/\"\/><a href=\"https:\/\/brtk.net\/\"\/><a href=\"https:\/\/brtk.net\/\"\/><a href=\"https:\/\/brtk.net\/\"\/><a href=\"https:\/\/brtk.net\/\"\/><a href=\"https:\/\/brtk.net\/\"\/><a href=\"https:\/\/brtk.net\/\"\/><a href=\"https:\/\/brtk.net\/\">Tatar<\/a>, K\u0131br\u0131s\u2019ta federal temelde bir antla\u015fmaya var\u0131lamayaca\u011f\u0131n\u0131n, Anna Plan\u0131 D\u00f6nemi ve Crans Montana G\u00f6r\u00fc\u015fmeleri\u2019de g\u00f6r\u00fcld\u00fc\u011f\u00fcn\u00fc vurgulad\u0131.<\/p>\n<p>Rum taraf\u0131n\u0131n, \u2018tek egemenlik, tek millet ve tek devlet\u2019 anlay\u0131\u015f\u0131nda oldu\u011funu aktaran Cumhurba\u015fkan\u0131 <a href=\"https:\/\/brtk.net\/\"\/><a href=\"https:\/\/brtk.net\/\"\/><a href=\"https:\/\/brtk.net\/\"\/><a href=\"https:\/\/brtk.net\/\"\/><a href=\"https:\/\/brtk.net\/\"\/><a href=\"https:\/\/brtk.net\/\"\/><a href=\"https:\/\/brtk.net\/\"\/><a href=\"https:\/\/brtk.net\/\"\/><a href=\"https:\/\/brtk.net\/\"\/><a href=\"https:\/\/brtk.net\/\"\/><a href=\"https:\/\/brtk.net\/\"\/><a href=\"https:\/\/brtk.net\/\"\/><a href=\"https:\/\/brtk.net\/\"\/><a href=\"https:\/\/brtk.net\/\"\/><a href=\"https:\/\/brtk.net\/\"\/><a href=\"https:\/\/brtk.net\/\"\/><a href=\"https:\/\/brtk.net\/\"\/><a href=\"https:\/\/brtk.net\/\"\/><a href=\"https:\/\/brtk.net\/\"\/><a href=\"https:\/\/brtk.net\/\">Tatar<\/a>, \u201c2017 y\u0131l\u0131nda antla\u015fmaya gidilebilirdi ancak kar\u015f\u0131 taraf yana\u015fmad\u0131\u201d dedi. <\/p>\n<p>Avrupa Birli\u011fi i\u00e7inde olmayan T\u00fcrkiye\u2019nin garant\u00f6rl\u00fc\u011f\u00fcn\u00fcn kald\u0131r\u0131lmas\u0131 ve askerin adadan \u00e7ekilmesi sonras\u0131nda ne olaca\u011f\u0131n\u0131n\u0131n tahmin edilebilece\u011fini vurgulayan Cumhurba\u015fkan\u0131 <a href=\"https:\/\/brtk.net\/\"\/><a href=\"https:\/\/brtk.net\/\"\/><a href=\"https:\/\/brtk.net\/\"\/><a href=\"https:\/\/brtk.net\/\"\/><a href=\"https:\/\/brtk.net\/\"\/><a href=\"https:\/\/brtk.net\/\"\/><a href=\"https:\/\/brtk.net\/\"\/><a href=\"https:\/\/brtk.net\/\"\/><a href=\"https:\/\/brtk.net\/\"\/><a href=\"https:\/\/brtk.net\/\"\/><a href=\"https:\/\/brtk.net\/\"\/><a href=\"https:\/\/brtk.net\/\"\/><a href=\"https:\/\/brtk.net\/\"\/><a href=\"https:\/\/brtk.net\/\"\/><a href=\"https:\/\/brtk.net\/\"\/><a href=\"https:\/\/brtk.net\/\"\/><a href=\"https:\/\/brtk.net\/\"\/><a href=\"https:\/\/brtk.net\/\"\/><a href=\"https:\/\/brtk.net\/\"\/><a href=\"https:\/\/brtk.net\/\">Tatar<\/a>, T\u00fcrkiye\u2019nin K\u0131br\u0131s\u2019tan \u00e7ekilmesi durumunda Do\u011fu Akdenizden d\u0131\u015flanaca\u011f\u0131n\u0131 ve ba\u015fka paradigmalar\u0131n olu\u015faca\u011f\u0131n\u0131 kaydetti.<\/p>\n<p>Birle\u015fmi\u015f Milletler Genel Sekreteri Antonio Guterres ile ge\u00e7ti\u011fimiz g\u00fcn ger\u00e7ekle\u015ftirdi\u011fi g\u00f6r\u00fc\u015fmeye de de\u011finen Cumhurba\u015fkan\u0131 <a href=\"https:\/\/brtk.net\/\"\/><a href=\"https:\/\/brtk.net\/\"\/><a href=\"https:\/\/brtk.net\/\"\/><a href=\"https:\/\/brtk.net\/\"\/><a href=\"https:\/\/brtk.net\/\"\/><a href=\"https:\/\/brtk.net\/\"\/><a href=\"https:\/\/brtk.net\/\"\/><a href=\"https:\/\/brtk.net\/\"\/><a href=\"https:\/\/brtk.net\/\"\/><a href=\"https:\/\/brtk.net\/\"\/><a href=\"https:\/\/brtk.net\/\"\/><a href=\"https:\/\/brtk.net\/\"\/><a href=\"https:\/\/brtk.net\/\"\/><a href=\"https:\/\/brtk.net\/\"\/><a href=\"https:\/\/brtk.net\/\"\/><a href=\"https:\/\/brtk.net\/\"\/><a href=\"https:\/\/brtk.net\/\"\/><a href=\"https:\/\/brtk.net\/\"\/><a href=\"https:\/\/brtk.net\/\"\/><a href=\"https:\/\/brtk.net\/\">Tatar<\/a>, kendisine kar\u015f\u0131 taraf\u0131n \u0131srar etti\u011fi gibi g\u00f6r\u00fc\u015fmelerin daha \u00f6nce b\u0131rak\u0131ld\u0131\u011f\u0131 yerden devam edilmesini kabul etmeyeceklerini ve yeni bir siyaset y\u00fcr\u00fctt\u00fcklerini s\u00f6yledi\u011fini belirtti.<\/p>\n<p>Antonio Guterres\u2019e, \u2018Antla\u015fma olacaksa, \u00f6zg\u00fcrce pazarl\u0131k edilecek ve herkesin r\u0131zas\u0131yla bir antla\u015fma uygulamaya girecek\u2019 \u015feklinde konu\u015ftu\u011funu belirten Cumhurba\u015fkan\u0131 <a href=\"https:\/\/brtk.net\/\"\/><a href=\"https:\/\/brtk.net\/\"\/><a href=\"https:\/\/brtk.net\/\"\/><a href=\"https:\/\/brtk.net\/\"\/><a href=\"https:\/\/brtk.net\/\"\/><a href=\"https:\/\/brtk.net\/\"\/><a href=\"https:\/\/brtk.net\/\"\/><a href=\"https:\/\/brtk.net\/\"\/><a href=\"https:\/\/brtk.net\/\"\/><a href=\"https:\/\/brtk.net\/\"\/><a href=\"https:\/\/brtk.net\/\"\/><a href=\"https:\/\/brtk.net\/\"\/><a href=\"https:\/\/brtk.net\/\"\/><a href=\"https:\/\/brtk.net\/\"\/><a href=\"https:\/\/brtk.net\/\"\/><a href=\"https:\/\/brtk.net\/\"\/><a href=\"https:\/\/brtk.net\/\"\/><a href=\"https:\/\/brtk.net\/\"\/><a href=\"https:\/\/brtk.net\/\"\/><a href=\"https:\/\/brtk.net\/\">Tatar<\/a>; \u2018ambargo, izolasyon ve bask\u0131larla milli kimli\u011fimizden vazge\u00e7ip federasyon gibi g\u00f6r\u00fcnsede Anayasa de\u011fi\u015fikli\u011fiyle K\u0131br\u0131s Cumhuriyetine yama olmayacaklar\u0131n\u0131, adil ve uzla\u015f\u0131c\u0131 olarak konuya bakmalar\u0131n\u0131\u2019 s\u00f6yledi\u011fini vurgulad\u0131.<\/p>\n<p>Cumhurba\u015fkan\u0131 <a href=\"https:\/\/brtk.net\/\"\/><a href=\"https:\/\/brtk.net\/\"\/><a href=\"https:\/\/brtk.net\/\"\/><a href=\"https:\/\/brtk.net\/\"\/><a href=\"https:\/\/brtk.net\/\"\/><a href=\"https:\/\/brtk.net\/\"\/><a href=\"https:\/\/brtk.net\/\"\/><a href=\"https:\/\/brtk.net\/\"\/><a href=\"https:\/\/brtk.net\/\"\/><a href=\"https:\/\/brtk.net\/\"\/><a href=\"https:\/\/brtk.net\/\"\/><a href=\"https:\/\/brtk.net\/\"\/><a href=\"https:\/\/brtk.net\/\"\/><a href=\"https:\/\/brtk.net\/\"\/><a href=\"https:\/\/brtk.net\/\"\/><a href=\"https:\/\/brtk.net\/\"\/><a href=\"https:\/\/brtk.net\/\"\/><a href=\"https:\/\/brtk.net\/\"\/><a href=\"https:\/\/brtk.net\/\"\/><a href=\"https:\/\/brtk.net\/\">Tatar<\/a>, kendisini anlay\u0131\u015fla kar\u015f\u0131layan BM Genel Sekreteri Guterres\u2019in ise \u2018taraflar\u0131 bask\u0131yla antla\u015fmaya zorlamayacaklar\u0131n\u0131, taraflar\u0131n kendi iradesiyle bir antla\u015fmaya ula\u015faca\u011f\u0131n\u0131\u2019 s\u00f6yledi\u011fini kaydetti.<\/p>\n<p>Rum taraf\u0131n\u0131n, \u2018BM\u2019nin devrede oldu\u011fu ve g\u00f6r\u00fc\u015fmelerin 2017 y\u0131l\u0131nda b\u0131rak\u0131lan yerden ba\u015flanmas\u0131 konusunda bask\u0131 yapt\u0131\u011f\u0131\u2019 \u015feklinde kamuoyunu farkl\u0131 y\u00f6nlendirdi\u011fini de anlatan Cumhurba\u015fkan\u0131 <a href=\"https:\/\/brtk.net\/\"\/><a href=\"https:\/\/brtk.net\/\"\/><a href=\"https:\/\/brtk.net\/\"\/><a href=\"https:\/\/brtk.net\/\"\/><a href=\"https:\/\/brtk.net\/\"\/><a href=\"https:\/\/brtk.net\/\"\/><a href=\"https:\/\/brtk.net\/\"\/><a href=\"https:\/\/brtk.net\/\"\/><a href=\"https:\/\/brtk.net\/\"\/><a href=\"https:\/\/brtk.net\/\"\/><a href=\"https:\/\/brtk.net\/\"\/><a href=\"https:\/\/brtk.net\/\"\/><a href=\"https:\/\/brtk.net\/\"\/><a href=\"https:\/\/brtk.net\/\"\/><a href=\"https:\/\/brtk.net\/\"\/><a href=\"https:\/\/brtk.net\/\"\/><a href=\"https:\/\/brtk.net\/\"\/><a href=\"https:\/\/brtk.net\/\"\/><a href=\"https:\/\/brtk.net\/\"\/><a href=\"https:\/\/brtk.net\/\">Tatar<\/a>, \u00f6yle bir bask\u0131n\u0131n olmad\u0131\u011f\u0131na dikkat \u00e7ekti.<\/p>\n<p>Guterres\u2019e adaletten, ambargo ve izolasyonlar\u0131n kald\u0131r\u0131lmas\u0131 gerekti\u011finden bahsetti\u011fini de aktaran Cumhurba\u015fkan\u0131 <a href=\"https:\/\/brtk.net\/\"\/><a href=\"https:\/\/brtk.net\/\"\/><a href=\"https:\/\/brtk.net\/\"\/><a href=\"https:\/\/brtk.net\/\"\/><a href=\"https:\/\/brtk.net\/\"\/><a href=\"https:\/\/brtk.net\/\"\/><a href=\"https:\/\/brtk.net\/\"\/><a href=\"https:\/\/brtk.net\/\"\/><a href=\"https:\/\/brtk.net\/\"\/><a href=\"https:\/\/brtk.net\/\"\/><a href=\"https:\/\/brtk.net\/\"\/><a href=\"https:\/\/brtk.net\/\"\/><a href=\"https:\/\/brtk.net\/\"\/><a href=\"https:\/\/brtk.net\/\"\/><a href=\"https:\/\/brtk.net\/\"\/><a href=\"https:\/\/brtk.net\/\"\/><a href=\"https:\/\/brtk.net\/\"\/><a href=\"https:\/\/brtk.net\/\"\/><a href=\"https:\/\/brtk.net\/\"\/><a href=\"https:\/\/brtk.net\/\">Tatar<\/a>, Annan Plan\u0131\u2019nda verilen ancak tutulmayan s\u00f6zleri de hat\u0131rlatt\u0131\u011f\u0131n\u0131 ifade etti.<\/p>\n<p>Atilla G\u00fcler de yapt\u0131\u011f\u0131 konu\u015fmada, Balkanlar ve Kafkaslar\u2019la ilgili kitap haz\u0131rlad\u0131\u011f\u0131n\u0131 belirterek, T\u00fcrk tarihinin d\u00f6n\u00fcm noktas\u0131 olan K\u0131br\u0131s tarihine de yer verdi\u011fini s\u00f6yledi.<\/p>\n<p>Akdeniz\u2019in kilit noktas\u0131 olan K\u0131br\u0131s\u2019\u0131n \u0130ngiltere\u2019ye nas\u0131l ge\u00e7ti\u011fini Osmanl\u0131 \u0130mparatorlu\u011funun do\u011fuya nas\u0131l \u00e7ekildi\u011fini anlatt\u0131\u011f\u0131n\u0131 ifade eden G\u00fcler, kitab\u0131 takdim etmekten duydu\u011fu mutlulu\u011fu dile getirdi.<\/p>\n<\/p><\/div>\n<p><script async\n                    defer\n                    crossorigin=\"anonymous\"\n                    src=\"https:\/\/connect.facebook.net\/tr_TR\/sdk.js#xfbml=1&#038;version=v3.3\"\n            ><\/script><\/p>\n","protected":false},"excerpt":{"rendered":"<p>Cumhurba\u015fkan\u0131 Ersin Tatar, Emekli Albay Atilla G\u00fcler\u2019i kabul etti. Emekli Albay Atilla G\u00fcler, kabulde yazd\u0131\u011f\u0131 kitaplar\u0131 Cumhurba\u015fkan\u0131 Ersin Tatar\u2019a takdim etti. Cumhurba\u015fkan\u0131 Ersin Tatar kabulde yapt\u0131\u011f\u0131 konu\u015fmada, yak\u0131n tarih olmas\u0131na ra\u011fmen K\u0131br\u0131s\u2019\u0131n Osmanl\u0131 \u0130mparatorlu\u011fu\u2019nun elinden \u00e7\u0131kmas\u0131 ve \u0130ngiliz \u0130daresi\u2019ne girmesiyle ilgili bilgi eksikli\u011fi oldu\u011funu s\u00f6yledi. Cumhurba\u015fkan\u0131 Tatar, Osmanl\u0131 \u0130mparatorlu\u011fu\u2019nun ya\u015fad\u0131\u011f\u0131 s\u0131k\u0131nt\u0131lardan dolay\u0131 bir s\u00fcreli\u011fine aday\u0131<\/p>\n","protected":false},"author":1,"featured_media":37570,"comment_status":"open","ping_status":"open","sticky":false,"template":"","format":"standard","meta":{"footnotes":""},"categories":[1],"tags":[],"class_list":["post-37569","post","type-post","status-publish","format-standard","has-post-thumbnail","hentry","category-gundem"],"yoast_head":"<!-- This site is optimized with the Yoast SEO plugin v27.4 - https:\/\/yoast.com\/product\/yoast-seo-wordpress\/ -->\n<title>Emekli Albay Atilla G\u00fcler, Cumhurba\u015fkan\u0131 Tatar\u2019a kitap takdim etti -<\/title>\n<meta name=\"robots\" content=\"index, follow, max-snippet:-1, max-image-preview:large, max-video-preview:-1\" \/>\n<link rel=\"canonical\" href=\"https:\/\/kibrisdakik.com\/?p=37569\" \/>\n<meta property=\"og:locale\" content=\"tr_TR\" \/>\n<meta property=\"og:type\" content=\"article\" \/>\n<meta property=\"og:title\" content=\"Emekli Albay Atilla G\u00fcler, Cumhurba\u015fkan\u0131 Tatar\u2019a kitap takdim etti -\" \/>\n<meta property=\"og:description\" content=\"Cumhurba\u015fkan\u0131 Ersin Tatar, Emekli Albay Atilla G\u00fcler\u2019i kabul etti. Emekli Albay Atilla G\u00fcler, kabulde yazd\u0131\u011f\u0131 kitaplar\u0131 Cumhurba\u015fkan\u0131 Ersin Tatar\u2019a takdim etti. Cumhurba\u015fkan\u0131 Ersin Tatar kabulde yapt\u0131\u011f\u0131 konu\u015fmada, yak\u0131n tarih olmas\u0131na ra\u011fmen K\u0131br\u0131s\u2019\u0131n Osmanl\u0131 \u0130mparatorlu\u011fu\u2019nun elinden \u00e7\u0131kmas\u0131 ve \u0130ngiliz \u0130daresi\u2019ne girmesiyle ilgili bilgi eksikli\u011fi oldu\u011funu s\u00f6yledi. Cumhurba\u015fkan\u0131 Tatar, Osmanl\u0131 \u0130mparatorlu\u011fu\u2019nun ya\u015fad\u0131\u011f\u0131 s\u0131k\u0131nt\u0131lardan dolay\u0131 bir s\u00fcreli\u011fine aday\u0131\" \/>\n<meta property=\"og:url\" content=\"https:\/\/kibrisdakik.com\/?p=37569\" \/>\n<meta property=\"article:published_time\" content=\"2024-04-08T17:08:19+00:00\" \/>\n<meta property=\"og:image\" content=\"https:\/\/kibrisdakik.com\/wp-content\/uploads\/2024\/04\/IMG-20240408-WA0009-740x420.jpg\" \/>\n\t<meta property=\"og:image:width\" content=\"1600\" \/>\n\t<meta property=\"og:image:height\" content=\"662\" \/>\n\t<meta property=\"og:image:type\" content=\"image\/jpeg\" \/>\n<meta name=\"author\" content=\"admin\" \/>\n<meta name=\"twitter:card\" content=\"summary_large_image\" \/>\n<meta name=\"twitter:label1\" content=\"Yazan:\" \/>\n\t<meta name=\"twitter:data1\" content=\"admin\" \/>\n\t<meta name=\"twitter:label2\" content=\"Tahmini okuma s\u00fcresi\" \/>\n\t<meta name=\"twitter:data2\" content=\"5 dakika\" \/>\n<script type=\"application\/ld+json\" class=\"yoast-schema-graph\">{\"@context\":\"https:\\\/\\\/schema.org\",\"@graph\":[{\"@type\":\"Article\",\"@id\":\"https:\\\/\\\/kibrisdakik.com\\\/?p=37569#article\",\"isPartOf\":{\"@id\":\"https:\\\/\\\/kibrisdakik.com\\\/?p=37569\"},\"author\":{\"name\":\"admin\",\"@id\":\"https:\\\/\\\/kibrisdakik.com\\\/#\\\/schema\\\/person\\\/9cd9d437bbb44f72b73ba127e06d8e79\"},\"headline\":\"Emekli Albay Atilla G\u00fcler, Cumhurba\u015fkan\u0131 Tatar\u2019a kitap takdim etti\",\"datePublished\":\"2024-04-08T17:08:19+00:00\",\"mainEntityOfPage\":{\"@id\":\"https:\\\/\\\/kibrisdakik.com\\\/?p=37569\"},\"wordCount\":1055,\"commentCount\":0,\"image\":{\"@id\":\"https:\\\/\\\/kibrisdakik.com\\\/?p=37569#primaryimage\"},\"thumbnailUrl\":\"https:\\\/\\\/kibrisdakik.com\\\/wp-content\\\/uploads\\\/2024\\\/04\\\/IMG-20240408-WA0009-740x420.jpg\",\"articleSection\":[\"G\u00fcndem\"],\"inLanguage\":\"tr\",\"potentialAction\":[{\"@type\":\"CommentAction\",\"name\":\"Comment\",\"target\":[\"https:\\\/\\\/kibrisdakik.com\\\/?p=37569#respond\"]}]},{\"@type\":\"WebPage\",\"@id\":\"https:\\\/\\\/kibrisdakik.com\\\/?p=37569\",\"url\":\"https:\\\/\\\/kibrisdakik.com\\\/?p=37569\",\"name\":\"Emekli Albay Atilla G\u00fcler, Cumhurba\u015fkan\u0131 Tatar\u2019a kitap takdim etti -\",\"isPartOf\":{\"@id\":\"https:\\\/\\\/kibrisdakik.com\\\/#website\"},\"primaryImageOfPage\":{\"@id\":\"https:\\\/\\\/kibrisdakik.com\\\/?p=37569#primaryimage\"},\"image\":{\"@id\":\"https:\\\/\\\/kibrisdakik.com\\\/?p=37569#primaryimage\"},\"thumbnailUrl\":\"https:\\\/\\\/kibrisdakik.com\\\/wp-content\\\/uploads\\\/2024\\\/04\\\/IMG-20240408-WA0009-740x420.jpg\",\"datePublished\":\"2024-04-08T17:08:19+00:00\",\"author\":{\"@id\":\"https:\\\/\\\/kibrisdakik.com\\\/#\\\/schema\\\/person\\\/9cd9d437bbb44f72b73ba127e06d8e79\"},\"breadcrumb\":{\"@id\":\"https:\\\/\\\/kibrisdakik.com\\\/?p=37569#breadcrumb\"},\"inLanguage\":\"tr\",\"potentialAction\":[{\"@type\":\"ReadAction\",\"target\":[\"https:\\\/\\\/kibrisdakik.com\\\/?p=37569\"]}]},{\"@type\":\"ImageObject\",\"inLanguage\":\"tr\",\"@id\":\"https:\\\/\\\/kibrisdakik.com\\\/?p=37569#primaryimage\",\"url\":\"https:\\\/\\\/kibrisdakik.com\\\/wp-content\\\/uploads\\\/2024\\\/04\\\/IMG-20240408-WA0009-740x420.jpg\",\"contentUrl\":\"https:\\\/\\\/kibrisdakik.com\\\/wp-content\\\/uploads\\\/2024\\\/04\\\/IMG-20240408-WA0009-740x420.jpg\",\"width\":1600,\"height\":662},{\"@type\":\"BreadcrumbList\",\"@id\":\"https:\\\/\\\/kibrisdakik.com\\\/?p=37569#breadcrumb\",\"itemListElement\":[{\"@type\":\"ListItem\",\"position\":1,\"name\":\"Home\",\"item\":\"https:\\\/\\\/kibrisdakik.com\\\/\"},{\"@type\":\"ListItem\",\"position\":2,\"name\":\"Emekli Albay Atilla G\u00fcler, Cumhurba\u015fkan\u0131 Tatar\u2019a kitap takdim etti\"}]},{\"@type\":\"WebSite\",\"@id\":\"https:\\\/\\\/kibrisdakik.com\\\/#website\",\"url\":\"https:\\\/\\\/kibrisdakik.com\\\/\",\"name\":\"\",\"description\":\"Tam vaktinde haber\",\"potentialAction\":[{\"@type\":\"SearchAction\",\"target\":{\"@type\":\"EntryPoint\",\"urlTemplate\":\"https:\\\/\\\/kibrisdakik.com\\\/?s={search_term_string}\"},\"query-input\":{\"@type\":\"PropertyValueSpecification\",\"valueRequired\":true,\"valueName\":\"search_term_string\"}}],\"inLanguage\":\"tr\"},{\"@type\":\"Person\",\"@id\":\"https:\\\/\\\/kibrisdakik.com\\\/#\\\/schema\\\/person\\\/9cd9d437bbb44f72b73ba127e06d8e79\",\"name\":\"admin\",\"image\":{\"@type\":\"ImageObject\",\"inLanguage\":\"tr\",\"@id\":\"https:\\\/\\\/secure.gravatar.com\\\/avatar\\\/ccc17943b9d660506c869530f897617f7cb1c21a4bf30023f252596d83e1f007?s=96&d=mm&r=g\",\"url\":\"https:\\\/\\\/secure.gravatar.com\\\/avatar\\\/ccc17943b9d660506c869530f897617f7cb1c21a4bf30023f252596d83e1f007?s=96&d=mm&r=g\",\"contentUrl\":\"https:\\\/\\\/secure.gravatar.com\\\/avatar\\\/ccc17943b9d660506c869530f897617f7cb1c21a4bf30023f252596d83e1f007?s=96&d=mm&r=g\",\"caption\":\"admin\"},\"sameAs\":[\"https:\\\/\\\/kibrisdakik.com\"],\"url\":\"https:\\\/\\\/kibrisdakik.com\\\/?author=1\"}]}<\/script>\n<!-- \/ Yoast SEO plugin. -->","yoast_head_json":{"title":"Emekli Albay Atilla G\u00fcler, Cumhurba\u015fkan\u0131 Tatar\u2019a kitap takdim etti -","robots":{"index":"index","follow":"follow","max-snippet":"max-snippet:-1","max-image-preview":"max-image-preview:large","max-video-preview":"max-video-preview:-1"},"canonical":"https:\/\/kibrisdakik.com\/?p=37569","og_locale":"tr_TR","og_type":"article","og_title":"Emekli Albay Atilla G\u00fcler, Cumhurba\u015fkan\u0131 Tatar\u2019a kitap takdim etti -","og_description":"Cumhurba\u015fkan\u0131 Ersin Tatar, Emekli Albay Atilla G\u00fcler\u2019i kabul etti. Emekli Albay Atilla G\u00fcler, kabulde yazd\u0131\u011f\u0131 kitaplar\u0131 Cumhurba\u015fkan\u0131 Ersin Tatar\u2019a takdim etti. Cumhurba\u015fkan\u0131 Ersin Tatar kabulde yapt\u0131\u011f\u0131 konu\u015fmada, yak\u0131n tarih olmas\u0131na ra\u011fmen K\u0131br\u0131s\u2019\u0131n Osmanl\u0131 \u0130mparatorlu\u011fu\u2019nun elinden \u00e7\u0131kmas\u0131 ve \u0130ngiliz \u0130daresi\u2019ne girmesiyle ilgili bilgi eksikli\u011fi oldu\u011funu s\u00f6yledi. Cumhurba\u015fkan\u0131 Tatar, Osmanl\u0131 \u0130mparatorlu\u011fu\u2019nun ya\u015fad\u0131\u011f\u0131 s\u0131k\u0131nt\u0131lardan dolay\u0131 bir s\u00fcreli\u011fine aday\u0131","og_url":"https:\/\/kibrisdakik.com\/?p=37569","article_published_time":"2024-04-08T17:08:19+00:00","og_image":[{"width":1600,"height":662,"url":"https:\/\/kibrisdakik.com\/wp-content\/uploads\/2024\/04\/IMG-20240408-WA0009-740x420.jpg","type":"image\/jpeg"}],"author":"admin","twitter_card":"summary_large_image","twitter_misc":{"Yazan:":"admin","Tahmini okuma s\u00fcresi":"5 dakika"},"schema":{"@context":"https:\/\/schema.org","@graph":[{"@type":"Article","@id":"https:\/\/kibrisdakik.com\/?p=37569#article","isPartOf":{"@id":"https:\/\/kibrisdakik.com\/?p=37569"},"author":{"name":"admin","@id":"https:\/\/kibrisdakik.com\/#\/schema\/person\/9cd9d437bbb44f72b73ba127e06d8e79"},"headline":"Emekli Albay Atilla G\u00fcler, Cumhurba\u015fkan\u0131 Tatar\u2019a kitap takdim etti","datePublished":"2024-04-08T17:08:19+00:00","mainEntityOfPage":{"@id":"https:\/\/kibrisdakik.com\/?p=37569"},"wordCount":1055,"commentCount":0,"image":{"@id":"https:\/\/kibrisdakik.com\/?p=37569#primaryimage"},"thumbnailUrl":"https:\/\/kibrisdakik.com\/wp-content\/uploads\/2024\/04\/IMG-20240408-WA0009-740x420.jpg","articleSection":["G\u00fcndem"],"inLanguage":"tr","potentialAction":[{"@type":"CommentAction","name":"Comment","target":["https:\/\/kibrisdakik.com\/?p=37569#respond"]}]},{"@type":"WebPage","@id":"https:\/\/kibrisdakik.com\/?p=37569","url":"https:\/\/kibrisdakik.com\/?p=37569","name":"Emekli Albay Atilla G\u00fcler, Cumhurba\u015fkan\u0131 Tatar\u2019a kitap takdim etti -","isPartOf":{"@id":"https:\/\/kibrisdakik.com\/#website"},"primaryImageOfPage":{"@id":"https:\/\/kibrisdakik.com\/?p=37569#primaryimage"},"image":{"@id":"https:\/\/kibrisdakik.com\/?p=37569#primaryimage"},"thumbnailUrl":"https:\/\/kibrisdakik.com\/wp-content\/uploads\/2024\/04\/IMG-20240408-WA0009-740x420.jpg","datePublished":"2024-04-08T17:08:19+00:00","author":{"@id":"https:\/\/kibrisdakik.com\/#\/schema\/person\/9cd9d437bbb44f72b73ba127e06d8e79"},"breadcrumb":{"@id":"https:\/\/kibrisdakik.com\/?p=37569#breadcrumb"},"inLanguage":"tr","potentialAction":[{"@type":"ReadAction","target":["https:\/\/kibrisdakik.com\/?p=37569"]}]},{"@type":"ImageObject","inLanguage":"tr","@id":"https:\/\/kibrisdakik.com\/?p=37569#primaryimage","url":"https:\/\/kibrisdakik.com\/wp-content\/uploads\/2024\/04\/IMG-20240408-WA0009-740x420.jpg","contentUrl":"https:\/\/kibrisdakik.com\/wp-content\/uploads\/2024\/04\/IMG-20240408-WA0009-740x420.jpg","width":1600,"height":662},{"@type":"BreadcrumbList","@id":"https:\/\/kibrisdakik.com\/?p=37569#breadcrumb","itemListElement":[{"@type":"ListItem","position":1,"name":"Home","item":"https:\/\/kibrisdakik.com\/"},{"@type":"ListItem","position":2,"name":"Emekli Albay Atilla G\u00fcler, Cumhurba\u015fkan\u0131 Tatar\u2019a kitap takdim etti"}]},{"@type":"WebSite","@id":"https:\/\/kibrisdakik.com\/#website","url":"https:\/\/kibrisdakik.com\/","name":"","description":"Tam vaktinde haber","potentialAction":[{"@type":"SearchAction","target":{"@type":"EntryPoint","urlTemplate":"https:\/\/kibrisdakik.com\/?s={search_term_string}"},"query-input":{"@type":"PropertyValueSpecification","valueRequired":true,"valueName":"search_term_string"}}],"inLanguage":"tr"},{"@type":"Person","@id":"https:\/\/kibrisdakik.com\/#\/schema\/person\/9cd9d437bbb44f72b73ba127e06d8e79","name":"admin","image":{"@type":"ImageObject","inLanguage":"tr","@id":"https:\/\/secure.gravatar.com\/avatar\/ccc17943b9d660506c869530f897617f7cb1c21a4bf30023f252596d83e1f007?s=96&d=mm&r=g","url":"https:\/\/secure.gravatar.com\/avatar\/ccc17943b9d660506c869530f897617f7cb1c21a4bf30023f252596d83e1f007?s=96&d=mm&r=g","contentUrl":"https:\/\/secure.gravatar.com\/avatar\/ccc17943b9d660506c869530f897617f7cb1c21a4bf30023f252596d83e1f007?s=96&d=mm&r=g","caption":"admin"},"sameAs":["https:\/\/kibrisdakik.com"],"url":"https:\/\/kibrisdakik.com\/?author=1"}]}},"_links":{"self":[{"href":"https:\/\/kibrisdakik.com\/index.php?rest_route=\/wp\/v2\/posts\/37569","targetHints":{"allow":["GET"]}}],"collection":[{"href":"https:\/\/kibrisdakik.com\/index.php?rest_route=\/wp\/v2\/posts"}],"about":[{"href":"https:\/\/kibrisdakik.com\/index.php?rest_route=\/wp\/v2\/types\/post"}],"author":[{"embeddable":true,"href":"https:\/\/kibrisdakik.com\/index.php?rest_route=\/wp\/v2\/users\/1"}],"replies":[{"embeddable":true,"href":"https:\/\/kibrisdakik.com\/index.php?rest_route=%2Fwp%2Fv2%2Fcomments&post=37569"}],"version-history":[{"count":0,"href":"https:\/\/kibrisdakik.com\/index.php?rest_route=\/wp\/v2\/posts\/37569\/revisions"}],"wp:featuredmedia":[{"embeddable":true,"href":"https:\/\/kibrisdakik.com\/index.php?rest_route=\/wp\/v2\/media\/37570"}],"wp:attachment":[{"href":"https:\/\/kibrisdakik.com\/index.php?rest_route=%2Fwp%2Fv2%2Fmedia&parent=37569"}],"wp:term":[{"taxonomy":"category","embeddable":true,"href":"https:\/\/kibrisdakik.com\/index.php?rest_route=%2Fwp%2Fv2%2Fcategories&post=37569"},{"taxonomy":"post_tag","embeddable":true,"href":"https:\/\/kibrisdakik.com\/index.php?rest_route=%2Fwp%2Fv2%2Ftags&post=37569"}],"curies":[{"name":"wp","href":"https:\/\/api.w.org\/{rel}","templated":true}]}}