{"id":37602,"date":"2024-04-08T23:15:32","date_gmt":"2024-04-08T23:15:32","guid":{"rendered":"https:\/\/kibrisdakik.com\/index.php\/2024\/04\/08\/tore-emekli-tuggeneral-ali-aydini-kabul-etti\/"},"modified":"2024-04-08T23:15:32","modified_gmt":"2024-04-08T23:15:32","slug":"tore-emekli-tuggeneral-ali-aydini-kabul-etti","status":"publish","type":"post","link":"https:\/\/kibrisdakik.com\/?p=37602","title":{"rendered":"T\u00f6re, Emekli Tu\u011fgeneral Ali Ayd\u0131n\u2019\u0131 kabul etti"},"content":{"rendered":"<p><img decoding=\"async\" src=\"https:\/\/www.kibristurk.com\/images\/haberler\/2024\/04\/tore-emekli-tuggeneral-ali-aydini-kabul-etti-1712581322.webp\" \/><\/p>\n<p>Meclisten yap\u0131lan a\u00e7\u0131klamaya g\u00f6re, Meclis \u015eeref Salonu\u2019nda ger\u00e7ekle\u015fen kabulde konu\u015fan T\u00f6re, Kuzey K\u0131br\u0131s T\u00fcrk Cumhuriyeti\u2019ni ya\u015fat\u0131p, kahraman T\u00fcrk ordusuna sahip \u00e7\u0131k\u0131p, M\u00fccahit ve mukavemet\u00e7i ruhla yola devam etmenin g\u00f6revleri oldu\u011funu s\u00f6yledi.<\/p>\n<p>Bu de\u011ferlerin korunup kendilerinden sonraki nesillere de ne kadar aktar\u0131l\u0131rsa gelece\u011fin de o kadar g\u00fcvende olaca\u011f\u0131na i\u015faret eden T\u00f6re, \u201cAllah bizi ordumuzdan, milletimizden, Anavatan\u0131m\u0131zdan ve T\u00fcrk d\u00fcnyas\u0131ndan ay\u0131rmas\u0131n.\u201d dedi.<\/p>\n<p>Emekli Tu\u011fgeneral Ali Ayd\u0131n da konu\u015fmas\u0131nda K\u0131br\u0131s\u2019\u0131n, T\u00fcrkl\u00fc\u011f\u00fcn kalbi ve Akdeniz\u2019in anahtar\u0131 oldu\u011funa de\u011finerek, ona her zaman sahip \u00e7\u0131kacaklar\u0131n\u0131 belirtti.<\/p>\n","protected":false},"excerpt":{"rendered":"<p>Meclisten yap\u0131lan a\u00e7\u0131klamaya g\u00f6re, Meclis \u015eeref Salonu\u2019nda ger\u00e7ekle\u015fen kabulde konu\u015fan T\u00f6re, Kuzey K\u0131br\u0131s T\u00fcrk Cumhuriyeti\u2019ni ya\u015fat\u0131p, kahraman T\u00fcrk ordusuna sahip \u00e7\u0131k\u0131p, M\u00fccahit ve mukavemet\u00e7i ruhla yola devam etmenin g\u00f6revleri oldu\u011funu s\u00f6yledi. Bu de\u011ferlerin korunup kendilerinden sonraki nesillere de ne kadar aktar\u0131l\u0131rsa gelece\u011fin de o kadar g\u00fcvende olaca\u011f\u0131na i\u015faret eden T\u00f6re, \u201cAllah bizi ordumuzdan, milletimizden, Anavatan\u0131m\u0131zdan<\/p>\n","protected":false},"author":1,"featured_media":37603,"comment_status":"open","ping_status":"open","sticky":false,"template":"","format":"standard","meta":{"footnotes":""},"categories":[85],"tags":[],"class_list":["post-37602","post","type-post","status-publish","format-standard","has-post-thumbnail","hentry","category-spor"],"yoast_head":"<!-- This site is optimized with the Yoast SEO plugin v27.4 - https:\/\/yoast.com\/product\/yoast-seo-wordpress\/ -->\n<title>T\u00f6re, Emekli Tu\u011fgeneral Ali Ayd\u0131n\u2019\u0131 kabul etti -<\/title>\n<meta name=\"robots\" content=\"index, follow, max-snippet:-1, max-image-preview:large, max-video-preview:-1\" \/>\n<link rel=\"canonical\" href=\"https:\/\/kibrisdakik.com\/?p=37602\" \/>\n<meta property=\"og:locale\" content=\"tr_TR\" \/>\n<meta property=\"og:type\" content=\"article\" \/>\n<meta property=\"og:title\" content=\"T\u00f6re, Emekli Tu\u011fgeneral Ali Ayd\u0131n\u2019\u0131 kabul etti -\" \/>\n<meta property=\"og:description\" content=\"Meclisten yap\u0131lan a\u00e7\u0131klamaya g\u00f6re, Meclis \u015eeref Salonu\u2019nda ger\u00e7ekle\u015fen kabulde konu\u015fan T\u00f6re, Kuzey K\u0131br\u0131s T\u00fcrk Cumhuriyeti\u2019ni ya\u015fat\u0131p, kahraman T\u00fcrk ordusuna sahip \u00e7\u0131k\u0131p, M\u00fccahit ve mukavemet\u00e7i ruhla yola devam etmenin g\u00f6revleri oldu\u011funu s\u00f6yledi. Bu de\u011ferlerin korunup kendilerinden sonraki nesillere de ne kadar aktar\u0131l\u0131rsa gelece\u011fin de o kadar g\u00fcvende olaca\u011f\u0131na i\u015faret eden T\u00f6re, \u201cAllah bizi ordumuzdan, milletimizden, Anavatan\u0131m\u0131zdan\" \/>\n<meta property=\"og:url\" content=\"https:\/\/kibrisdakik.com\/?p=37602\" \/>\n<meta property=\"article:published_time\" content=\"2024-04-08T23:15:32+00:00\" \/>\n<meta property=\"og:image\" content=\"https:\/\/kibrisdakik.com\/wp-content\/uploads\/2024\/04\/tore-emekli-tuggeneral-ali-aydini-kabul-etti-1712581322.webp.webp\" \/>\n\t<meta property=\"og:image:width\" content=\"710\" \/>\n\t<meta property=\"og:image:height\" content=\"370\" \/>\n\t<meta property=\"og:image:type\" content=\"image\/webp\" \/>\n<meta name=\"author\" content=\"admin\" \/>\n<meta name=\"twitter:card\" content=\"summary_large_image\" \/>\n<meta name=\"twitter:label1\" content=\"Yazan:\" \/>\n\t<meta name=\"twitter:data1\" content=\"admin\" \/>\n\t<meta name=\"twitter:label2\" content=\"Tahmini okuma s\u00fcresi\" \/>\n\t<meta name=\"twitter:data2\" content=\"1 dakika\" \/>\n<script type=\"application\/ld+json\" class=\"yoast-schema-graph\">{\"@context\":\"https:\\\/\\\/schema.org\",\"@graph\":[{\"@type\":\"Article\",\"@id\":\"https:\\\/\\\/kibrisdakik.com\\\/?p=37602#article\",\"isPartOf\":{\"@id\":\"https:\\\/\\\/kibrisdakik.com\\\/?p=37602\"},\"author\":{\"name\":\"admin\",\"@id\":\"https:\\\/\\\/kibrisdakik.com\\\/#\\\/schema\\\/person\\\/9cd9d437bbb44f72b73ba127e06d8e79\"},\"headline\":\"T\u00f6re, Emekli Tu\u011fgeneral Ali Ayd\u0131n\u2019\u0131 kabul etti\",\"datePublished\":\"2024-04-08T23:15:32+00:00\",\"mainEntityOfPage\":{\"@id\":\"https:\\\/\\\/kibrisdakik.com\\\/?p=37602\"},\"wordCount\":139,\"commentCount\":0,\"image\":{\"@id\":\"https:\\\/\\\/kibrisdakik.com\\\/?p=37602#primaryimage\"},\"thumbnailUrl\":\"https:\\\/\\\/kibrisdakik.com\\\/wp-content\\\/uploads\\\/2024\\\/04\\\/tore-emekli-tuggeneral-ali-aydini-kabul-etti-1712581322.webp.webp\",\"articleSection\":[\"Spor\"],\"inLanguage\":\"tr\",\"potentialAction\":[{\"@type\":\"CommentAction\",\"name\":\"Comment\",\"target\":[\"https:\\\/\\\/kibrisdakik.com\\\/?p=37602#respond\"]}]},{\"@type\":\"WebPage\",\"@id\":\"https:\\\/\\\/kibrisdakik.com\\\/?p=37602\",\"url\":\"https:\\\/\\\/kibrisdakik.com\\\/?p=37602\",\"name\":\"T\u00f6re, Emekli Tu\u011fgeneral Ali Ayd\u0131n\u2019\u0131 kabul etti -\",\"isPartOf\":{\"@id\":\"https:\\\/\\\/kibrisdakik.com\\\/#website\"},\"primaryImageOfPage\":{\"@id\":\"https:\\\/\\\/kibrisdakik.com\\\/?p=37602#primaryimage\"},\"image\":{\"@id\":\"https:\\\/\\\/kibrisdakik.com\\\/?p=37602#primaryimage\"},\"thumbnailUrl\":\"https:\\\/\\\/kibrisdakik.com\\\/wp-content\\\/uploads\\\/2024\\\/04\\\/tore-emekli-tuggeneral-ali-aydini-kabul-etti-1712581322.webp.webp\",\"datePublished\":\"2024-04-08T23:15:32+00:00\",\"author\":{\"@id\":\"https:\\\/\\\/kibrisdakik.com\\\/#\\\/schema\\\/person\\\/9cd9d437bbb44f72b73ba127e06d8e79\"},\"breadcrumb\":{\"@id\":\"https:\\\/\\\/kibrisdakik.com\\\/?p=37602#breadcrumb\"},\"inLanguage\":\"tr\",\"potentialAction\":[{\"@type\":\"ReadAction\",\"target\":[\"https:\\\/\\\/kibrisdakik.com\\\/?p=37602\"]}]},{\"@type\":\"ImageObject\",\"inLanguage\":\"tr\",\"@id\":\"https:\\\/\\\/kibrisdakik.com\\\/?p=37602#primaryimage\",\"url\":\"https:\\\/\\\/kibrisdakik.com\\\/wp-content\\\/uploads\\\/2024\\\/04\\\/tore-emekli-tuggeneral-ali-aydini-kabul-etti-1712581322.webp.webp\",\"contentUrl\":\"https:\\\/\\\/kibrisdakik.com\\\/wp-content\\\/uploads\\\/2024\\\/04\\\/tore-emekli-tuggeneral-ali-aydini-kabul-etti-1712581322.webp.webp\",\"width\":710,\"height\":370},{\"@type\":\"BreadcrumbList\",\"@id\":\"https:\\\/\\\/kibrisdakik.com\\\/?p=37602#breadcrumb\",\"itemListElement\":[{\"@type\":\"ListItem\",\"position\":1,\"name\":\"Home\",\"item\":\"https:\\\/\\\/kibrisdakik.com\\\/\"},{\"@type\":\"ListItem\",\"position\":2,\"name\":\"T\u00f6re, Emekli Tu\u011fgeneral Ali Ayd\u0131n\u2019\u0131 kabul etti\"}]},{\"@type\":\"WebSite\",\"@id\":\"https:\\\/\\\/kibrisdakik.com\\\/#website\",\"url\":\"https:\\\/\\\/kibrisdakik.com\\\/\",\"name\":\"\",\"description\":\"Tam vaktinde haber\",\"potentialAction\":[{\"@type\":\"SearchAction\",\"target\":{\"@type\":\"EntryPoint\",\"urlTemplate\":\"https:\\\/\\\/kibrisdakik.com\\\/?s={search_term_string}\"},\"query-input\":{\"@type\":\"PropertyValueSpecification\",\"valueRequired\":true,\"valueName\":\"search_term_string\"}}],\"inLanguage\":\"tr\"},{\"@type\":\"Person\",\"@id\":\"https:\\\/\\\/kibrisdakik.com\\\/#\\\/schema\\\/person\\\/9cd9d437bbb44f72b73ba127e06d8e79\",\"name\":\"admin\",\"image\":{\"@type\":\"ImageObject\",\"inLanguage\":\"tr\",\"@id\":\"https:\\\/\\\/secure.gravatar.com\\\/avatar\\\/ccc17943b9d660506c869530f897617f7cb1c21a4bf30023f252596d83e1f007?s=96&d=mm&r=g\",\"url\":\"https:\\\/\\\/secure.gravatar.com\\\/avatar\\\/ccc17943b9d660506c869530f897617f7cb1c21a4bf30023f252596d83e1f007?s=96&d=mm&r=g\",\"contentUrl\":\"https:\\\/\\\/secure.gravatar.com\\\/avatar\\\/ccc17943b9d660506c869530f897617f7cb1c21a4bf30023f252596d83e1f007?s=96&d=mm&r=g\",\"caption\":\"admin\"},\"sameAs\":[\"https:\\\/\\\/kibrisdakik.com\"],\"url\":\"https:\\\/\\\/kibrisdakik.com\\\/?author=1\"}]}<\/script>\n<!-- \/ Yoast SEO plugin. -->","yoast_head_json":{"title":"T\u00f6re, Emekli Tu\u011fgeneral Ali Ayd\u0131n\u2019\u0131 kabul etti -","robots":{"index":"index","follow":"follow","max-snippet":"max-snippet:-1","max-image-preview":"max-image-preview:large","max-video-preview":"max-video-preview:-1"},"canonical":"https:\/\/kibrisdakik.com\/?p=37602","og_locale":"tr_TR","og_type":"article","og_title":"T\u00f6re, Emekli Tu\u011fgeneral Ali Ayd\u0131n\u2019\u0131 kabul etti -","og_description":"Meclisten yap\u0131lan a\u00e7\u0131klamaya g\u00f6re, Meclis \u015eeref Salonu\u2019nda ger\u00e7ekle\u015fen kabulde konu\u015fan T\u00f6re, Kuzey K\u0131br\u0131s T\u00fcrk Cumhuriyeti\u2019ni ya\u015fat\u0131p, kahraman T\u00fcrk ordusuna sahip \u00e7\u0131k\u0131p, M\u00fccahit ve mukavemet\u00e7i ruhla yola devam etmenin g\u00f6revleri oldu\u011funu s\u00f6yledi. Bu de\u011ferlerin korunup kendilerinden sonraki nesillere de ne kadar aktar\u0131l\u0131rsa gelece\u011fin de o kadar g\u00fcvende olaca\u011f\u0131na i\u015faret eden T\u00f6re, \u201cAllah bizi ordumuzdan, milletimizden, Anavatan\u0131m\u0131zdan","og_url":"https:\/\/kibrisdakik.com\/?p=37602","article_published_time":"2024-04-08T23:15:32+00:00","og_image":[{"width":710,"height":370,"url":"https:\/\/kibrisdakik.com\/wp-content\/uploads\/2024\/04\/tore-emekli-tuggeneral-ali-aydini-kabul-etti-1712581322.webp.webp","type":"image\/webp"}],"author":"admin","twitter_card":"summary_large_image","twitter_misc":{"Yazan:":"admin","Tahmini okuma s\u00fcresi":"1 dakika"},"schema":{"@context":"https:\/\/schema.org","@graph":[{"@type":"Article","@id":"https:\/\/kibrisdakik.com\/?p=37602#article","isPartOf":{"@id":"https:\/\/kibrisdakik.com\/?p=37602"},"author":{"name":"admin","@id":"https:\/\/kibrisdakik.com\/#\/schema\/person\/9cd9d437bbb44f72b73ba127e06d8e79"},"headline":"T\u00f6re, Emekli Tu\u011fgeneral Ali Ayd\u0131n\u2019\u0131 kabul etti","datePublished":"2024-04-08T23:15:32+00:00","mainEntityOfPage":{"@id":"https:\/\/kibrisdakik.com\/?p=37602"},"wordCount":139,"commentCount":0,"image":{"@id":"https:\/\/kibrisdakik.com\/?p=37602#primaryimage"},"thumbnailUrl":"https:\/\/kibrisdakik.com\/wp-content\/uploads\/2024\/04\/tore-emekli-tuggeneral-ali-aydini-kabul-etti-1712581322.webp.webp","articleSection":["Spor"],"inLanguage":"tr","potentialAction":[{"@type":"CommentAction","name":"Comment","target":["https:\/\/kibrisdakik.com\/?p=37602#respond"]}]},{"@type":"WebPage","@id":"https:\/\/kibrisdakik.com\/?p=37602","url":"https:\/\/kibrisdakik.com\/?p=37602","name":"T\u00f6re, Emekli Tu\u011fgeneral Ali Ayd\u0131n\u2019\u0131 kabul etti -","isPartOf":{"@id":"https:\/\/kibrisdakik.com\/#website"},"primaryImageOfPage":{"@id":"https:\/\/kibrisdakik.com\/?p=37602#primaryimage"},"image":{"@id":"https:\/\/kibrisdakik.com\/?p=37602#primaryimage"},"thumbnailUrl":"https:\/\/kibrisdakik.com\/wp-content\/uploads\/2024\/04\/tore-emekli-tuggeneral-ali-aydini-kabul-etti-1712581322.webp.webp","datePublished":"2024-04-08T23:15:32+00:00","author":{"@id":"https:\/\/kibrisdakik.com\/#\/schema\/person\/9cd9d437bbb44f72b73ba127e06d8e79"},"breadcrumb":{"@id":"https:\/\/kibrisdakik.com\/?p=37602#breadcrumb"},"inLanguage":"tr","potentialAction":[{"@type":"ReadAction","target":["https:\/\/kibrisdakik.com\/?p=37602"]}]},{"@type":"ImageObject","inLanguage":"tr","@id":"https:\/\/kibrisdakik.com\/?p=37602#primaryimage","url":"https:\/\/kibrisdakik.com\/wp-content\/uploads\/2024\/04\/tore-emekli-tuggeneral-ali-aydini-kabul-etti-1712581322.webp.webp","contentUrl":"https:\/\/kibrisdakik.com\/wp-content\/uploads\/2024\/04\/tore-emekli-tuggeneral-ali-aydini-kabul-etti-1712581322.webp.webp","width":710,"height":370},{"@type":"BreadcrumbList","@id":"https:\/\/kibrisdakik.com\/?p=37602#breadcrumb","itemListElement":[{"@type":"ListItem","position":1,"name":"Home","item":"https:\/\/kibrisdakik.com\/"},{"@type":"ListItem","position":2,"name":"T\u00f6re, Emekli Tu\u011fgeneral Ali Ayd\u0131n\u2019\u0131 kabul etti"}]},{"@type":"WebSite","@id":"https:\/\/kibrisdakik.com\/#website","url":"https:\/\/kibrisdakik.com\/","name":"","description":"Tam vaktinde haber","potentialAction":[{"@type":"SearchAction","target":{"@type":"EntryPoint","urlTemplate":"https:\/\/kibrisdakik.com\/?s={search_term_string}"},"query-input":{"@type":"PropertyValueSpecification","valueRequired":true,"valueName":"search_term_string"}}],"inLanguage":"tr"},{"@type":"Person","@id":"https:\/\/kibrisdakik.com\/#\/schema\/person\/9cd9d437bbb44f72b73ba127e06d8e79","name":"admin","image":{"@type":"ImageObject","inLanguage":"tr","@id":"https:\/\/secure.gravatar.com\/avatar\/ccc17943b9d660506c869530f897617f7cb1c21a4bf30023f252596d83e1f007?s=96&d=mm&r=g","url":"https:\/\/secure.gravatar.com\/avatar\/ccc17943b9d660506c869530f897617f7cb1c21a4bf30023f252596d83e1f007?s=96&d=mm&r=g","contentUrl":"https:\/\/secure.gravatar.com\/avatar\/ccc17943b9d660506c869530f897617f7cb1c21a4bf30023f252596d83e1f007?s=96&d=mm&r=g","caption":"admin"},"sameAs":["https:\/\/kibrisdakik.com"],"url":"https:\/\/kibrisdakik.com\/?author=1"}]}},"_links":{"self":[{"href":"https:\/\/kibrisdakik.com\/index.php?rest_route=\/wp\/v2\/posts\/37602","targetHints":{"allow":["GET"]}}],"collection":[{"href":"https:\/\/kibrisdakik.com\/index.php?rest_route=\/wp\/v2\/posts"}],"about":[{"href":"https:\/\/kibrisdakik.com\/index.php?rest_route=\/wp\/v2\/types\/post"}],"author":[{"embeddable":true,"href":"https:\/\/kibrisdakik.com\/index.php?rest_route=\/wp\/v2\/users\/1"}],"replies":[{"embeddable":true,"href":"https:\/\/kibrisdakik.com\/index.php?rest_route=%2Fwp%2Fv2%2Fcomments&post=37602"}],"version-history":[{"count":0,"href":"https:\/\/kibrisdakik.com\/index.php?rest_route=\/wp\/v2\/posts\/37602\/revisions"}],"wp:featuredmedia":[{"embeddable":true,"href":"https:\/\/kibrisdakik.com\/index.php?rest_route=\/wp\/v2\/media\/37603"}],"wp:attachment":[{"href":"https:\/\/kibrisdakik.com\/index.php?rest_route=%2Fwp%2Fv2%2Fmedia&parent=37602"}],"wp:term":[{"taxonomy":"category","embeddable":true,"href":"https:\/\/kibrisdakik.com\/index.php?rest_route=%2Fwp%2Fv2%2Fcategories&post=37602"},{"taxonomy":"post_tag","embeddable":true,"href":"https:\/\/kibrisdakik.com\/index.php?rest_route=%2Fwp%2Fv2%2Ftags&post=37602"}],"curies":[{"name":"wp","href":"https:\/\/api.w.org\/{rel}","templated":true}]}}