{"id":3762,"date":"2023-03-22T13:45:37","date_gmt":"2023-03-22T13:45:37","guid":{"rendered":"https:\/\/kibrisdakik.com\/index.php\/2023\/03\/22\/pediatri-kurumu-kibris-turk-tabipleri-odasi-destegi-ile-cocuklarda-ileri-yasam-destegi-konulu-kurs-duzenliyor\/"},"modified":"2023-03-22T13:45:37","modified_gmt":"2023-03-22T13:45:37","slug":"pediatri-kurumu-kibris-turk-tabipleri-odasi-destegi-ile-cocuklarda-ileri-yasam-destegi-konulu-kurs-duzenliyor","status":"publish","type":"post","link":"https:\/\/kibrisdakik.com\/?p=3762","title":{"rendered":"Pediatri Kurumu, K\u0131br\u0131s T\u00fcrk Tabipleri Odas\u0131 deste\u011fi ile \u201c\u00c7ocuklarda \u0130leri Ya\u015fam Deste\u011fi\u201d konulu kurs d\u00fczenliyor"},"content":{"rendered":"<p><\/p>\n<div>\n<div class=\"mariselle-image-container center\">\n                <img width=\"1024\" height=\"724\" class=\"lazy-image\" alt=\"\" decoding=\"async\" loading=\"lazy\" sizes=\"auto, (max-width: 1024px) 100vw, 1024px\" src=\"https:\/\/brtk.net\/wp-content\/uploads\/2023\/03\/22\/pediatri-1024x724.jpg?ver=f757b693f1aaa91872975044eba79cee\" srcset=\"https:\/\/brtk.net\/wp-content\/uploads\/2023\/03\/22\/pediatri-1024x724.jpg?ver=f757b693f1aaa91872975044eba79cee 1024w, https:\/\/brtk.net\/wp-content\/uploads\/2023\/03\/22\/pediatri-300x212.jpg?ver=f757b693f1aaa91872975044eba79cee 300w, https:\/\/brtk.net\/wp-content\/uploads\/2023\/03\/22\/pediatri-768x543.jpg?ver=c54c3041eeb39d81233bcb635bafcb2b 768w, https:\/\/brtk.net\/wp-content\/uploads\/2023\/03\/22\/pediatri-1536x1086.jpg?ver=c54c3041eeb39d81233bcb635bafcb2b 1536w, https:\/\/brtk.net\/wp-content\/uploads\/2023\/03\/22\/pediatri.jpg?ver=f757b693f1aaa91872975044eba79cee 1600w\"\/>                            <\/div>\n<p>K\u0131br\u0131s T\u00fcrk Pediatri Kurumu, K\u0131br\u0131s T\u00fcrk Tabipleri Odas\u0131 deste\u011fi ile \u201c\u00c7ocuklarda \u0130leri Ya\u015fam Deste\u011fi\u201d konulu kurs d\u00fczenliyor. <\/p>\n<p>Pediatri Kurumu Y\u00f6netim Kurulu Ba\u015fkan\u0131 Dr. Ay\u015fe Erenel yapt\u0131\u011f\u0131 yaz\u0131l\u0131 a\u00e7\u0131klamada, iki g\u00fcn s\u00fcrecek kursun \u201c\u00c7ocuklarda \u0130leri Ya\u015fam Deste\u011fi\u201d alan\u0131nda sa\u011fl\u0131k personellerinin e\u011fitiminin hedeflendi\u011fini kaydetti. <\/p>\n<p>K\u0131br\u0131s T\u00fcrk Pediatri Kurumu ve T\u00fcrkiye \u00c7ocuk Acil ve Yo\u011fun Bak\u0131m Derne\u011fi i\u015fbirli\u011fiyle, K\u0131br\u0131s T\u00fcrk Tabipleri Odas\u0131 deste\u011fi ile 23-24 Mart tarihinde \u00fclkede ilk olarak \u201c\u00c7ocuklarda \u0130leri Ya\u015fam Deste\u011fi Kursu\u201d d\u00fczenlenece\u011fini bildiren Erenel, kursta, T\u00fcrkiye\u2019den \u00fclkeye bu ama\u00e7la gelen \u00e7ocuk acil ve yo\u011fun bak\u0131m alan\u0131nda uzman be\u015f \u00f6\u011fretim \u00fcyesi ile \u00fclkede g\u00f6rev yapan bir \u00e7ocuk yo\u011fun bak\u0131m uzman\u0131n\u0131n iki g\u00fcn boyunca teorik ve uygulamal\u0131 e\u011fitimler verece\u011fini duyurdu. <\/p>\n<p>-28 sa\u011fl\u0131k \u00e7al\u0131\u015fan\u0131 kat\u0131lacak <\/p>\n<p>Bu kursa a\u011f\u0131rl\u0131kl\u0131 olarak acil servislerde g\u00f6rev yapan \u00e7ocuk hekimleri, pratisyen hekimler ve hem\u015firelerden olu\u015fan sa\u011fl\u0131k personeli yan\u0131nda ambulanslarda acil hastalar\u0131n bak\u0131m ve transferlerinde g\u00f6rev alan acil t\u0131p teknisyenlerinden olu\u015fan 28 sa\u011fl\u0131k \u00e7al\u0131\u015fan\u0131n\u0131n da kat\u0131laca\u011f\u0131n\u0131 dile getiren Erenel, kurs sonunda ba\u015far\u0131l\u0131 olanlara sertifikalar\u0131 verilece\u011fini kaydetti. <\/p>\n<p>Kursun amac\u0131n\u0131n, \u00f6zellikle sa\u011fl\u0131k personelinin sahada ve ya\u015fam\u0131 tehdit eden olayla kar\u015f\u0131la\u015fan hastaya ilk ula\u015f\u0131ld\u0131\u011f\u0131 andan itibaren yap\u0131labilecek m\u00fcdahaleleri en \u00fcst d\u00fczeye \u00e7\u0131karmak amac\u0131yla bilgi ve becerisinin artt\u0131r\u0131lmas\u0131n\u0131n hedeflendi\u011fini dile getiren Erenel s\u00f6zlerini \u015f\u00f6yle tamamlad\u0131: <\/p>\n<p>\u201c\u00d6zellikle son olarak ya\u015fad\u0131\u011f\u0131m\u0131z, toplumumuzda da derin izler b\u0131rakan ve yaralar\u0131n\u0131 sarmaya \u00e7al\u0131\u015ft\u0131\u011f\u0131m\u0131z deprem felaketi de bizlere sahada g\u00f6rev yapan sa\u011fl\u0131k personelinin ne kadar \u00f6nemli olabilece\u011fini ve zaman kay\u0131plar\u0131n\u0131n ne kadar olumsuz sonu\u00e7lar do\u011furabilece\u011fini bir kez daha g\u00f6stermi\u015ftir. Sahada ve acil alanda g\u00f6revli sa\u011fl\u0131k personellerinin \u00e7ocuklarda erken m\u00fcdahale ile do\u011fabilecek zararlar\u0131n en aza indirilmesi ve sa\u011f kal\u0131m oranlar\u0131n\u0131n artt\u0131r\u0131lmas\u0131 hedeflenmektedir. <\/p>\n<p>Sa\u011fl\u0131k personellerinin e\u011fitimine katk\u0131da bulunmak amac\u0131yla d\u00fczenlemekte oldu\u011fumuz kursumuzun ilkini bu ay ger\u00e7ekle\u015ftiriyoruz. \u00d6nce devlet kurumlar\u0131ndan ba\u015flayan bu e\u011fitimi ada genelinde \u00e7ocuk hasta ile kar\u015f\u0131la\u015fabilecek t\u00fcm sa\u011fl\u0131k personelini kapsayacak \u015fekilde geni\u015fletmeyi hedefliyoruz.\u201d<\/p>\n<\/p><\/div>\n<p><script async\n                    defer\n                    crossorigin=\"anonymous\"\n                    src=\"https:\/\/connect.facebook.net\/tr_TR\/sdk.js#xfbml=1&#038;version=v3.3\"\n            ><\/script><\/p>\n","protected":false},"excerpt":{"rendered":"<p>K\u0131br\u0131s T\u00fcrk Pediatri Kurumu, K\u0131br\u0131s T\u00fcrk Tabipleri Odas\u0131 deste\u011fi ile \u201c\u00c7ocuklarda \u0130leri Ya\u015fam Deste\u011fi\u201d konulu kurs d\u00fczenliyor. Pediatri Kurumu Y\u00f6netim Kurulu Ba\u015fkan\u0131 Dr. Ay\u015fe Erenel yapt\u0131\u011f\u0131 yaz\u0131l\u0131 a\u00e7\u0131klamada, iki g\u00fcn s\u00fcrecek kursun \u201c\u00c7ocuklarda \u0130leri Ya\u015fam Deste\u011fi\u201d alan\u0131nda sa\u011fl\u0131k personellerinin e\u011fitiminin hedeflendi\u011fini kaydetti. K\u0131br\u0131s T\u00fcrk Pediatri Kurumu ve T\u00fcrkiye \u00c7ocuk Acil ve Yo\u011fun Bak\u0131m Derne\u011fi i\u015fbirli\u011fiyle,<\/p>\n","protected":false},"author":1,"featured_media":3763,"comment_status":"open","ping_status":"open","sticky":false,"template":"","format":"standard","meta":{"footnotes":""},"categories":[84],"tags":[],"class_list":["post-3762","post","type-post","status-publish","format-standard","has-post-thumbnail","hentry","category-saglik"],"yoast_head":"<!-- This site is optimized with the Yoast SEO plugin v27.4 - https:\/\/yoast.com\/product\/yoast-seo-wordpress\/ -->\n<title>Pediatri Kurumu, K\u0131br\u0131s T\u00fcrk Tabipleri Odas\u0131 deste\u011fi ile \u201c\u00c7ocuklarda \u0130leri Ya\u015fam Deste\u011fi\u201d konulu kurs d\u00fczenliyor -<\/title>\n<meta name=\"robots\" content=\"index, follow, max-snippet:-1, max-image-preview:large, max-video-preview:-1\" \/>\n<link rel=\"canonical\" href=\"https:\/\/kibrisdakik.com\/?p=3762\" \/>\n<meta property=\"og:locale\" content=\"tr_TR\" \/>\n<meta property=\"og:type\" content=\"article\" \/>\n<meta property=\"og:title\" content=\"Pediatri Kurumu, K\u0131br\u0131s T\u00fcrk Tabipleri Odas\u0131 deste\u011fi ile \u201c\u00c7ocuklarda \u0130leri Ya\u015fam Deste\u011fi\u201d konulu kurs d\u00fczenliyor -\" \/>\n<meta property=\"og:description\" content=\"K\u0131br\u0131s T\u00fcrk Pediatri Kurumu, K\u0131br\u0131s T\u00fcrk Tabipleri Odas\u0131 deste\u011fi ile \u201c\u00c7ocuklarda \u0130leri Ya\u015fam Deste\u011fi\u201d konulu kurs d\u00fczenliyor. Pediatri Kurumu Y\u00f6netim Kurulu Ba\u015fkan\u0131 Dr. Ay\u015fe Erenel yapt\u0131\u011f\u0131 yaz\u0131l\u0131 a\u00e7\u0131klamada, iki g\u00fcn s\u00fcrecek kursun \u201c\u00c7ocuklarda \u0130leri Ya\u015fam Deste\u011fi\u201d alan\u0131nda sa\u011fl\u0131k personellerinin e\u011fitiminin hedeflendi\u011fini kaydetti. K\u0131br\u0131s T\u00fcrk Pediatri Kurumu ve T\u00fcrkiye \u00c7ocuk Acil ve Yo\u011fun Bak\u0131m Derne\u011fi i\u015fbirli\u011fiyle,\" \/>\n<meta property=\"og:url\" content=\"https:\/\/kibrisdakik.com\/?p=3762\" \/>\n<meta property=\"article:published_time\" content=\"2023-03-22T13:45:37+00:00\" \/>\n<meta property=\"og:image\" content=\"https:\/\/kibrisdakik.com\/wp-content\/uploads\/2023\/03\/pediatri-740x420.jpg\" \/>\n\t<meta property=\"og:image:width\" content=\"1600\" \/>\n\t<meta property=\"og:image:height\" content=\"1131\" \/>\n\t<meta property=\"og:image:type\" content=\"image\/jpeg\" \/>\n<meta name=\"author\" content=\"admin\" \/>\n<meta name=\"twitter:card\" content=\"summary_large_image\" \/>\n<meta name=\"twitter:label1\" content=\"Yazan:\" \/>\n\t<meta name=\"twitter:data1\" content=\"admin\" \/>\n\t<meta name=\"twitter:label2\" content=\"Tahmini okuma s\u00fcresi\" \/>\n\t<meta name=\"twitter:data2\" content=\"2 dakika\" \/>\n<script type=\"application\/ld+json\" class=\"yoast-schema-graph\">{\"@context\":\"https:\\\/\\\/schema.org\",\"@graph\":[{\"@type\":\"Article\",\"@id\":\"https:\\\/\\\/kibrisdakik.com\\\/?p=3762#article\",\"isPartOf\":{\"@id\":\"https:\\\/\\\/kibrisdakik.com\\\/?p=3762\"},\"author\":{\"name\":\"admin\",\"@id\":\"https:\\\/\\\/kibrisdakik.com\\\/#\\\/schema\\\/person\\\/9cd9d437bbb44f72b73ba127e06d8e79\"},\"headline\":\"Pediatri Kurumu, K\u0131br\u0131s T\u00fcrk Tabipleri Odas\u0131 deste\u011fi ile \u201c\u00c7ocuklarda \u0130leri Ya\u015fam Deste\u011fi\u201d konulu kurs d\u00fczenliyor\",\"datePublished\":\"2023-03-22T13:45:37+00:00\",\"mainEntityOfPage\":{\"@id\":\"https:\\\/\\\/kibrisdakik.com\\\/?p=3762\"},\"wordCount\":455,\"commentCount\":0,\"image\":{\"@id\":\"https:\\\/\\\/kibrisdakik.com\\\/?p=3762#primaryimage\"},\"thumbnailUrl\":\"https:\\\/\\\/kibrisdakik.com\\\/wp-content\\\/uploads\\\/2023\\\/03\\\/pediatri-740x420.jpg\",\"articleSection\":[\"Sa\u011fl\u0131k\"],\"inLanguage\":\"tr\",\"potentialAction\":[{\"@type\":\"CommentAction\",\"name\":\"Comment\",\"target\":[\"https:\\\/\\\/kibrisdakik.com\\\/?p=3762#respond\"]}]},{\"@type\":\"WebPage\",\"@id\":\"https:\\\/\\\/kibrisdakik.com\\\/?p=3762\",\"url\":\"https:\\\/\\\/kibrisdakik.com\\\/?p=3762\",\"name\":\"Pediatri Kurumu, K\u0131br\u0131s T\u00fcrk Tabipleri Odas\u0131 deste\u011fi ile \u201c\u00c7ocuklarda \u0130leri Ya\u015fam Deste\u011fi\u201d konulu kurs d\u00fczenliyor -\",\"isPartOf\":{\"@id\":\"https:\\\/\\\/kibrisdakik.com\\\/#website\"},\"primaryImageOfPage\":{\"@id\":\"https:\\\/\\\/kibrisdakik.com\\\/?p=3762#primaryimage\"},\"image\":{\"@id\":\"https:\\\/\\\/kibrisdakik.com\\\/?p=3762#primaryimage\"},\"thumbnailUrl\":\"https:\\\/\\\/kibrisdakik.com\\\/wp-content\\\/uploads\\\/2023\\\/03\\\/pediatri-740x420.jpg\",\"datePublished\":\"2023-03-22T13:45:37+00:00\",\"author\":{\"@id\":\"https:\\\/\\\/kibrisdakik.com\\\/#\\\/schema\\\/person\\\/9cd9d437bbb44f72b73ba127e06d8e79\"},\"breadcrumb\":{\"@id\":\"https:\\\/\\\/kibrisdakik.com\\\/?p=3762#breadcrumb\"},\"inLanguage\":\"tr\",\"potentialAction\":[{\"@type\":\"ReadAction\",\"target\":[\"https:\\\/\\\/kibrisdakik.com\\\/?p=3762\"]}]},{\"@type\":\"ImageObject\",\"inLanguage\":\"tr\",\"@id\":\"https:\\\/\\\/kibrisdakik.com\\\/?p=3762#primaryimage\",\"url\":\"https:\\\/\\\/kibrisdakik.com\\\/wp-content\\\/uploads\\\/2023\\\/03\\\/pediatri-740x420.jpg\",\"contentUrl\":\"https:\\\/\\\/kibrisdakik.com\\\/wp-content\\\/uploads\\\/2023\\\/03\\\/pediatri-740x420.jpg\",\"width\":1600,\"height\":1131},{\"@type\":\"BreadcrumbList\",\"@id\":\"https:\\\/\\\/kibrisdakik.com\\\/?p=3762#breadcrumb\",\"itemListElement\":[{\"@type\":\"ListItem\",\"position\":1,\"name\":\"Home\",\"item\":\"https:\\\/\\\/kibrisdakik.com\\\/\"},{\"@type\":\"ListItem\",\"position\":2,\"name\":\"Pediatri Kurumu, K\u0131br\u0131s T\u00fcrk Tabipleri Odas\u0131 deste\u011fi ile \u201c\u00c7ocuklarda \u0130leri Ya\u015fam Deste\u011fi\u201d konulu kurs d\u00fczenliyor\"}]},{\"@type\":\"WebSite\",\"@id\":\"https:\\\/\\\/kibrisdakik.com\\\/#website\",\"url\":\"https:\\\/\\\/kibrisdakik.com\\\/\",\"name\":\"\",\"description\":\"Tam vaktinde haber\",\"potentialAction\":[{\"@type\":\"SearchAction\",\"target\":{\"@type\":\"EntryPoint\",\"urlTemplate\":\"https:\\\/\\\/kibrisdakik.com\\\/?s={search_term_string}\"},\"query-input\":{\"@type\":\"PropertyValueSpecification\",\"valueRequired\":true,\"valueName\":\"search_term_string\"}}],\"inLanguage\":\"tr\"},{\"@type\":\"Person\",\"@id\":\"https:\\\/\\\/kibrisdakik.com\\\/#\\\/schema\\\/person\\\/9cd9d437bbb44f72b73ba127e06d8e79\",\"name\":\"admin\",\"image\":{\"@type\":\"ImageObject\",\"inLanguage\":\"tr\",\"@id\":\"https:\\\/\\\/secure.gravatar.com\\\/avatar\\\/ccc17943b9d660506c869530f897617f7cb1c21a4bf30023f252596d83e1f007?s=96&d=mm&r=g\",\"url\":\"https:\\\/\\\/secure.gravatar.com\\\/avatar\\\/ccc17943b9d660506c869530f897617f7cb1c21a4bf30023f252596d83e1f007?s=96&d=mm&r=g\",\"contentUrl\":\"https:\\\/\\\/secure.gravatar.com\\\/avatar\\\/ccc17943b9d660506c869530f897617f7cb1c21a4bf30023f252596d83e1f007?s=96&d=mm&r=g\",\"caption\":\"admin\"},\"sameAs\":[\"https:\\\/\\\/kibrisdakik.com\"],\"url\":\"https:\\\/\\\/kibrisdakik.com\\\/?author=1\"}]}<\/script>\n<!-- \/ Yoast SEO plugin. -->","yoast_head_json":{"title":"Pediatri Kurumu, K\u0131br\u0131s T\u00fcrk Tabipleri Odas\u0131 deste\u011fi ile \u201c\u00c7ocuklarda \u0130leri Ya\u015fam Deste\u011fi\u201d konulu kurs d\u00fczenliyor -","robots":{"index":"index","follow":"follow","max-snippet":"max-snippet:-1","max-image-preview":"max-image-preview:large","max-video-preview":"max-video-preview:-1"},"canonical":"https:\/\/kibrisdakik.com\/?p=3762","og_locale":"tr_TR","og_type":"article","og_title":"Pediatri Kurumu, K\u0131br\u0131s T\u00fcrk Tabipleri Odas\u0131 deste\u011fi ile \u201c\u00c7ocuklarda \u0130leri Ya\u015fam Deste\u011fi\u201d konulu kurs d\u00fczenliyor -","og_description":"K\u0131br\u0131s T\u00fcrk Pediatri Kurumu, K\u0131br\u0131s T\u00fcrk Tabipleri Odas\u0131 deste\u011fi ile \u201c\u00c7ocuklarda \u0130leri Ya\u015fam Deste\u011fi\u201d konulu kurs d\u00fczenliyor. Pediatri Kurumu Y\u00f6netim Kurulu Ba\u015fkan\u0131 Dr. Ay\u015fe Erenel yapt\u0131\u011f\u0131 yaz\u0131l\u0131 a\u00e7\u0131klamada, iki g\u00fcn s\u00fcrecek kursun \u201c\u00c7ocuklarda \u0130leri Ya\u015fam Deste\u011fi\u201d alan\u0131nda sa\u011fl\u0131k personellerinin e\u011fitiminin hedeflendi\u011fini kaydetti. K\u0131br\u0131s T\u00fcrk Pediatri Kurumu ve T\u00fcrkiye \u00c7ocuk Acil ve Yo\u011fun Bak\u0131m Derne\u011fi i\u015fbirli\u011fiyle,","og_url":"https:\/\/kibrisdakik.com\/?p=3762","article_published_time":"2023-03-22T13:45:37+00:00","og_image":[{"width":1600,"height":1131,"url":"https:\/\/kibrisdakik.com\/wp-content\/uploads\/2023\/03\/pediatri-740x420.jpg","type":"image\/jpeg"}],"author":"admin","twitter_card":"summary_large_image","twitter_misc":{"Yazan:":"admin","Tahmini okuma s\u00fcresi":"2 dakika"},"schema":{"@context":"https:\/\/schema.org","@graph":[{"@type":"Article","@id":"https:\/\/kibrisdakik.com\/?p=3762#article","isPartOf":{"@id":"https:\/\/kibrisdakik.com\/?p=3762"},"author":{"name":"admin","@id":"https:\/\/kibrisdakik.com\/#\/schema\/person\/9cd9d437bbb44f72b73ba127e06d8e79"},"headline":"Pediatri Kurumu, K\u0131br\u0131s T\u00fcrk Tabipleri Odas\u0131 deste\u011fi ile \u201c\u00c7ocuklarda \u0130leri Ya\u015fam Deste\u011fi\u201d konulu kurs d\u00fczenliyor","datePublished":"2023-03-22T13:45:37+00:00","mainEntityOfPage":{"@id":"https:\/\/kibrisdakik.com\/?p=3762"},"wordCount":455,"commentCount":0,"image":{"@id":"https:\/\/kibrisdakik.com\/?p=3762#primaryimage"},"thumbnailUrl":"https:\/\/kibrisdakik.com\/wp-content\/uploads\/2023\/03\/pediatri-740x420.jpg","articleSection":["Sa\u011fl\u0131k"],"inLanguage":"tr","potentialAction":[{"@type":"CommentAction","name":"Comment","target":["https:\/\/kibrisdakik.com\/?p=3762#respond"]}]},{"@type":"WebPage","@id":"https:\/\/kibrisdakik.com\/?p=3762","url":"https:\/\/kibrisdakik.com\/?p=3762","name":"Pediatri Kurumu, K\u0131br\u0131s T\u00fcrk Tabipleri Odas\u0131 deste\u011fi ile \u201c\u00c7ocuklarda \u0130leri Ya\u015fam Deste\u011fi\u201d konulu kurs d\u00fczenliyor -","isPartOf":{"@id":"https:\/\/kibrisdakik.com\/#website"},"primaryImageOfPage":{"@id":"https:\/\/kibrisdakik.com\/?p=3762#primaryimage"},"image":{"@id":"https:\/\/kibrisdakik.com\/?p=3762#primaryimage"},"thumbnailUrl":"https:\/\/kibrisdakik.com\/wp-content\/uploads\/2023\/03\/pediatri-740x420.jpg","datePublished":"2023-03-22T13:45:37+00:00","author":{"@id":"https:\/\/kibrisdakik.com\/#\/schema\/person\/9cd9d437bbb44f72b73ba127e06d8e79"},"breadcrumb":{"@id":"https:\/\/kibrisdakik.com\/?p=3762#breadcrumb"},"inLanguage":"tr","potentialAction":[{"@type":"ReadAction","target":["https:\/\/kibrisdakik.com\/?p=3762"]}]},{"@type":"ImageObject","inLanguage":"tr","@id":"https:\/\/kibrisdakik.com\/?p=3762#primaryimage","url":"https:\/\/kibrisdakik.com\/wp-content\/uploads\/2023\/03\/pediatri-740x420.jpg","contentUrl":"https:\/\/kibrisdakik.com\/wp-content\/uploads\/2023\/03\/pediatri-740x420.jpg","width":1600,"height":1131},{"@type":"BreadcrumbList","@id":"https:\/\/kibrisdakik.com\/?p=3762#breadcrumb","itemListElement":[{"@type":"ListItem","position":1,"name":"Home","item":"https:\/\/kibrisdakik.com\/"},{"@type":"ListItem","position":2,"name":"Pediatri Kurumu, K\u0131br\u0131s T\u00fcrk Tabipleri Odas\u0131 deste\u011fi ile \u201c\u00c7ocuklarda \u0130leri Ya\u015fam Deste\u011fi\u201d konulu kurs d\u00fczenliyor"}]},{"@type":"WebSite","@id":"https:\/\/kibrisdakik.com\/#website","url":"https:\/\/kibrisdakik.com\/","name":"","description":"Tam vaktinde haber","potentialAction":[{"@type":"SearchAction","target":{"@type":"EntryPoint","urlTemplate":"https:\/\/kibrisdakik.com\/?s={search_term_string}"},"query-input":{"@type":"PropertyValueSpecification","valueRequired":true,"valueName":"search_term_string"}}],"inLanguage":"tr"},{"@type":"Person","@id":"https:\/\/kibrisdakik.com\/#\/schema\/person\/9cd9d437bbb44f72b73ba127e06d8e79","name":"admin","image":{"@type":"ImageObject","inLanguage":"tr","@id":"https:\/\/secure.gravatar.com\/avatar\/ccc17943b9d660506c869530f897617f7cb1c21a4bf30023f252596d83e1f007?s=96&d=mm&r=g","url":"https:\/\/secure.gravatar.com\/avatar\/ccc17943b9d660506c869530f897617f7cb1c21a4bf30023f252596d83e1f007?s=96&d=mm&r=g","contentUrl":"https:\/\/secure.gravatar.com\/avatar\/ccc17943b9d660506c869530f897617f7cb1c21a4bf30023f252596d83e1f007?s=96&d=mm&r=g","caption":"admin"},"sameAs":["https:\/\/kibrisdakik.com"],"url":"https:\/\/kibrisdakik.com\/?author=1"}]}},"_links":{"self":[{"href":"https:\/\/kibrisdakik.com\/index.php?rest_route=\/wp\/v2\/posts\/3762","targetHints":{"allow":["GET"]}}],"collection":[{"href":"https:\/\/kibrisdakik.com\/index.php?rest_route=\/wp\/v2\/posts"}],"about":[{"href":"https:\/\/kibrisdakik.com\/index.php?rest_route=\/wp\/v2\/types\/post"}],"author":[{"embeddable":true,"href":"https:\/\/kibrisdakik.com\/index.php?rest_route=\/wp\/v2\/users\/1"}],"replies":[{"embeddable":true,"href":"https:\/\/kibrisdakik.com\/index.php?rest_route=%2Fwp%2Fv2%2Fcomments&post=3762"}],"version-history":[{"count":0,"href":"https:\/\/kibrisdakik.com\/index.php?rest_route=\/wp\/v2\/posts\/3762\/revisions"}],"wp:featuredmedia":[{"embeddable":true,"href":"https:\/\/kibrisdakik.com\/index.php?rest_route=\/wp\/v2\/media\/3763"}],"wp:attachment":[{"href":"https:\/\/kibrisdakik.com\/index.php?rest_route=%2Fwp%2Fv2%2Fmedia&parent=3762"}],"wp:term":[{"taxonomy":"category","embeddable":true,"href":"https:\/\/kibrisdakik.com\/index.php?rest_route=%2Fwp%2Fv2%2Fcategories&post=3762"},{"taxonomy":"post_tag","embeddable":true,"href":"https:\/\/kibrisdakik.com\/index.php?rest_route=%2Fwp%2Fv2%2Ftags&post=3762"}],"curies":[{"name":"wp","href":"https:\/\/api.w.org\/{rel}","templated":true}]}}