{"id":37668,"date":"2024-04-09T11:44:10","date_gmt":"2024-04-09T11:44:10","guid":{"rendered":"https:\/\/kibrisdakik.com\/index.php\/2024\/04\/09\/gecitkoy-ve-alsancak-bolgesinde-yagislar-nedeniyle-trafik-aksiyor\/"},"modified":"2024-04-09T11:44:10","modified_gmt":"2024-04-09T11:44:10","slug":"gecitkoy-ve-alsancak-bolgesinde-yagislar-nedeniyle-trafik-aksiyor","status":"publish","type":"post","link":"https:\/\/kibrisdakik.com\/?p=37668","title":{"rendered":"Ge\u00e7itk\u00f6y ve Alsancak b\u00f6lgesinde ya\u011f\u0131\u015flar nedeniyle trafik aks\u0131yor\u2026"},"content":{"rendered":"<p><\/p>\n<div>\n<div class=\"mariselle-image-container center\">\n                <img loading=\"lazy\" decoding=\"async\" width=\"259\" height=\"194\" class=\"lazy-image\" alt=\"\" src=\"https:\/\/brtk.net\/wp-content\/uploads\/2024\/04\/09\/trafik-dikkat7.png?ver=96437443145fc9d158c7442167c1a0ba\"\/>                            <\/div>\n<p>\nPolis, Ge\u00e7itk\u00f6y ve Alsancak b\u00f6lgesinde etkili olan sa\u011fanak nedeniyle s\u00fcr\u00fcc\u00fcleri uyard\u0131.<\/p>\n<p>Polis Bas\u0131n Subayl\u0131\u011f\u0131ndan yap\u0131lan a\u00e7\u0131klamada, Kar\u015f\u0131yaka \u2013 \u00c7aml\u0131bel ana yolunun Ge\u00e7itk\u00f6y mevkiinde sa\u011fanak nedeniyle dere sular\u0131n\u0131n y\u00fckseldi\u011fi, \u00e7amurlu ve \u00e7ak\u0131ll\u0131 sular\u0131n yola akt\u0131\u011f\u0131 kaydedildi.<\/p>\n<p>Lapta \u2013 Alsancak ana yolunun, Alsancak mevkiinde Girne gidi\u015f istikametinde \u201c\u0130leli Market\u201d \u00f6nlerinde olu\u015fan su birikintisi nedeniyle yolun trafi\u011fe kapat\u0131ld\u0131\u011f\u0131 da bildirildi.<\/p>\n<p>Ula\u015f\u0131m\u0131n Mare Monte kav\u015fa\u011f\u0131ndan kontroll\u00fc sa\u011fland\u0131\u011f\u0131 belirtilirken, s\u00f6z konusu g\u00fczergahlar\u0131 kullanacak s\u00fcr\u00fcc\u00fcler, yava\u015f ve dikkatli seyretmesi konusunda uyar\u0131ld\u0131.<\/p>\n<\/p><\/div>\n<p><script async\n                    defer\n                    crossorigin=\"anonymous\"\n                    src=\"https:\/\/connect.facebook.net\/tr_TR\/sdk.js#xfbml=1&#038;version=v3.3\"\n            ><\/script><\/p>\n","protected":false},"excerpt":{"rendered":"<p>Polis, Ge\u00e7itk\u00f6y ve Alsancak b\u00f6lgesinde etkili olan sa\u011fanak nedeniyle s\u00fcr\u00fcc\u00fcleri uyard\u0131. Polis Bas\u0131n Subayl\u0131\u011f\u0131ndan yap\u0131lan a\u00e7\u0131klamada, Kar\u015f\u0131yaka \u2013 \u00c7aml\u0131bel ana yolunun Ge\u00e7itk\u00f6y mevkiinde sa\u011fanak nedeniyle dere sular\u0131n\u0131n y\u00fckseldi\u011fi, \u00e7amurlu ve \u00e7ak\u0131ll\u0131 sular\u0131n yola akt\u0131\u011f\u0131 kaydedildi. Lapta \u2013 Alsancak ana yolunun, Alsancak mevkiinde Girne gidi\u015f istikametinde \u201c\u0130leli Market\u201d \u00f6nlerinde olu\u015fan su birikintisi nedeniyle yolun trafi\u011fe kapat\u0131ld\u0131\u011f\u0131<\/p>\n","protected":false},"author":1,"featured_media":37669,"comment_status":"open","ping_status":"open","sticky":false,"template":"","format":"standard","meta":{"footnotes":""},"categories":[1],"tags":[],"class_list":["post-37668","post","type-post","status-publish","format-standard","has-post-thumbnail","hentry","category-gundem"],"yoast_head":"<!-- This site is optimized with the Yoast SEO plugin v27.5 - https:\/\/yoast.com\/product\/yoast-seo-wordpress\/ -->\n<title>Ge\u00e7itk\u00f6y ve Alsancak b\u00f6lgesinde ya\u011f\u0131\u015flar nedeniyle trafik aks\u0131yor\u2026 -<\/title>\n<meta name=\"robots\" content=\"index, follow, max-snippet:-1, max-image-preview:large, max-video-preview:-1\" \/>\n<link rel=\"canonical\" href=\"https:\/\/kibrisdakik.com\/?p=37668\" \/>\n<meta property=\"og:locale\" content=\"tr_TR\" \/>\n<meta property=\"og:type\" content=\"article\" \/>\n<meta property=\"og:title\" content=\"Ge\u00e7itk\u00f6y ve Alsancak b\u00f6lgesinde ya\u011f\u0131\u015flar nedeniyle trafik aks\u0131yor\u2026 -\" \/>\n<meta property=\"og:description\" content=\"Polis, Ge\u00e7itk\u00f6y ve Alsancak b\u00f6lgesinde etkili olan sa\u011fanak nedeniyle s\u00fcr\u00fcc\u00fcleri uyard\u0131. Polis Bas\u0131n Subayl\u0131\u011f\u0131ndan yap\u0131lan a\u00e7\u0131klamada, Kar\u015f\u0131yaka \u2013 \u00c7aml\u0131bel ana yolunun Ge\u00e7itk\u00f6y mevkiinde sa\u011fanak nedeniyle dere sular\u0131n\u0131n y\u00fckseldi\u011fi, \u00e7amurlu ve \u00e7ak\u0131ll\u0131 sular\u0131n yola akt\u0131\u011f\u0131 kaydedildi. Lapta \u2013 Alsancak ana yolunun, Alsancak mevkiinde Girne gidi\u015f istikametinde \u201c\u0130leli Market\u201d \u00f6nlerinde olu\u015fan su birikintisi nedeniyle yolun trafi\u011fe kapat\u0131ld\u0131\u011f\u0131\" \/>\n<meta property=\"og:url\" content=\"https:\/\/kibrisdakik.com\/?p=37668\" \/>\n<meta property=\"article:published_time\" content=\"2024-04-09T11:44:10+00:00\" \/>\n<meta property=\"og:image\" content=\"https:\/\/kibrisdakik.com\/wp-content\/uploads\/2024\/04\/yagmur-kktc-740x420.jpg\" \/>\n\t<meta property=\"og:image:width\" content=\"1599\" \/>\n\t<meta property=\"og:image:height\" content=\"899\" \/>\n\t<meta property=\"og:image:type\" content=\"image\/jpeg\" \/>\n<meta name=\"author\" content=\"admin\" \/>\n<meta name=\"twitter:card\" content=\"summary_large_image\" \/>\n<meta name=\"twitter:label1\" content=\"Yazan:\" \/>\n\t<meta name=\"twitter:data1\" content=\"admin\" \/>\n\t<meta name=\"twitter:label2\" content=\"Tahmini okuma s\u00fcresi\" \/>\n\t<meta name=\"twitter:data2\" content=\"1 dakika\" \/>\n<script type=\"application\/ld+json\" class=\"yoast-schema-graph\">{\"@context\":\"https:\\\/\\\/schema.org\",\"@graph\":[{\"@type\":\"Article\",\"@id\":\"https:\\\/\\\/kibrisdakik.com\\\/?p=37668#article\",\"isPartOf\":{\"@id\":\"https:\\\/\\\/kibrisdakik.com\\\/?p=37668\"},\"author\":{\"name\":\"admin\",\"@id\":\"https:\\\/\\\/kibrisdakik.com\\\/#\\\/schema\\\/person\\\/9cd9d437bbb44f72b73ba127e06d8e79\"},\"headline\":\"Ge\u00e7itk\u00f6y ve Alsancak b\u00f6lgesinde ya\u011f\u0131\u015flar nedeniyle trafik aks\u0131yor\u2026\",\"datePublished\":\"2024-04-09T11:44:10+00:00\",\"mainEntityOfPage\":{\"@id\":\"https:\\\/\\\/kibrisdakik.com\\\/?p=37668\"},\"wordCount\":122,\"commentCount\":0,\"image\":{\"@id\":\"https:\\\/\\\/kibrisdakik.com\\\/?p=37668#primaryimage\"},\"thumbnailUrl\":\"https:\\\/\\\/kibrisdakik.com\\\/wp-content\\\/uploads\\\/2024\\\/04\\\/yagmur-kktc-740x420.jpg\",\"articleSection\":[\"G\u00fcndem\"],\"inLanguage\":\"tr\",\"potentialAction\":[{\"@type\":\"CommentAction\",\"name\":\"Comment\",\"target\":[\"https:\\\/\\\/kibrisdakik.com\\\/?p=37668#respond\"]}]},{\"@type\":\"WebPage\",\"@id\":\"https:\\\/\\\/kibrisdakik.com\\\/?p=37668\",\"url\":\"https:\\\/\\\/kibrisdakik.com\\\/?p=37668\",\"name\":\"Ge\u00e7itk\u00f6y ve Alsancak b\u00f6lgesinde ya\u011f\u0131\u015flar nedeniyle trafik aks\u0131yor\u2026 -\",\"isPartOf\":{\"@id\":\"https:\\\/\\\/kibrisdakik.com\\\/#website\"},\"primaryImageOfPage\":{\"@id\":\"https:\\\/\\\/kibrisdakik.com\\\/?p=37668#primaryimage\"},\"image\":{\"@id\":\"https:\\\/\\\/kibrisdakik.com\\\/?p=37668#primaryimage\"},\"thumbnailUrl\":\"https:\\\/\\\/kibrisdakik.com\\\/wp-content\\\/uploads\\\/2024\\\/04\\\/yagmur-kktc-740x420.jpg\",\"datePublished\":\"2024-04-09T11:44:10+00:00\",\"author\":{\"@id\":\"https:\\\/\\\/kibrisdakik.com\\\/#\\\/schema\\\/person\\\/9cd9d437bbb44f72b73ba127e06d8e79\"},\"breadcrumb\":{\"@id\":\"https:\\\/\\\/kibrisdakik.com\\\/?p=37668#breadcrumb\"},\"inLanguage\":\"tr\",\"potentialAction\":[{\"@type\":\"ReadAction\",\"target\":[\"https:\\\/\\\/kibrisdakik.com\\\/?p=37668\"]}]},{\"@type\":\"ImageObject\",\"inLanguage\":\"tr\",\"@id\":\"https:\\\/\\\/kibrisdakik.com\\\/?p=37668#primaryimage\",\"url\":\"https:\\\/\\\/kibrisdakik.com\\\/wp-content\\\/uploads\\\/2024\\\/04\\\/yagmur-kktc-740x420.jpg\",\"contentUrl\":\"https:\\\/\\\/kibrisdakik.com\\\/wp-content\\\/uploads\\\/2024\\\/04\\\/yagmur-kktc-740x420.jpg\",\"width\":1599,\"height\":899},{\"@type\":\"BreadcrumbList\",\"@id\":\"https:\\\/\\\/kibrisdakik.com\\\/?p=37668#breadcrumb\",\"itemListElement\":[{\"@type\":\"ListItem\",\"position\":1,\"name\":\"Home\",\"item\":\"https:\\\/\\\/kibrisdakik.com\\\/\"},{\"@type\":\"ListItem\",\"position\":2,\"name\":\"Ge\u00e7itk\u00f6y ve Alsancak b\u00f6lgesinde ya\u011f\u0131\u015flar nedeniyle trafik aks\u0131yor\u2026\"}]},{\"@type\":\"WebSite\",\"@id\":\"https:\\\/\\\/kibrisdakik.com\\\/#website\",\"url\":\"https:\\\/\\\/kibrisdakik.com\\\/\",\"name\":\"\",\"description\":\"Tam vaktinde haber\",\"potentialAction\":[{\"@type\":\"SearchAction\",\"target\":{\"@type\":\"EntryPoint\",\"urlTemplate\":\"https:\\\/\\\/kibrisdakik.com\\\/?s={search_term_string}\"},\"query-input\":{\"@type\":\"PropertyValueSpecification\",\"valueRequired\":true,\"valueName\":\"search_term_string\"}}],\"inLanguage\":\"tr\"},{\"@type\":\"Person\",\"@id\":\"https:\\\/\\\/kibrisdakik.com\\\/#\\\/schema\\\/person\\\/9cd9d437bbb44f72b73ba127e06d8e79\",\"name\":\"admin\",\"image\":{\"@type\":\"ImageObject\",\"inLanguage\":\"tr\",\"@id\":\"https:\\\/\\\/secure.gravatar.com\\\/avatar\\\/ccc17943b9d660506c869530f897617f7cb1c21a4bf30023f252596d83e1f007?s=96&d=mm&r=g\",\"url\":\"https:\\\/\\\/secure.gravatar.com\\\/avatar\\\/ccc17943b9d660506c869530f897617f7cb1c21a4bf30023f252596d83e1f007?s=96&d=mm&r=g\",\"contentUrl\":\"https:\\\/\\\/secure.gravatar.com\\\/avatar\\\/ccc17943b9d660506c869530f897617f7cb1c21a4bf30023f252596d83e1f007?s=96&d=mm&r=g\",\"caption\":\"admin\"},\"sameAs\":[\"https:\\\/\\\/kibrisdakik.com\"],\"url\":\"https:\\\/\\\/kibrisdakik.com\\\/?author=1\"}]}<\/script>\n<!-- \/ Yoast SEO plugin. -->","yoast_head_json":{"title":"Ge\u00e7itk\u00f6y ve Alsancak b\u00f6lgesinde ya\u011f\u0131\u015flar nedeniyle trafik aks\u0131yor\u2026 -","robots":{"index":"index","follow":"follow","max-snippet":"max-snippet:-1","max-image-preview":"max-image-preview:large","max-video-preview":"max-video-preview:-1"},"canonical":"https:\/\/kibrisdakik.com\/?p=37668","og_locale":"tr_TR","og_type":"article","og_title":"Ge\u00e7itk\u00f6y ve Alsancak b\u00f6lgesinde ya\u011f\u0131\u015flar nedeniyle trafik aks\u0131yor\u2026 -","og_description":"Polis, Ge\u00e7itk\u00f6y ve Alsancak b\u00f6lgesinde etkili olan sa\u011fanak nedeniyle s\u00fcr\u00fcc\u00fcleri uyard\u0131. Polis Bas\u0131n Subayl\u0131\u011f\u0131ndan yap\u0131lan a\u00e7\u0131klamada, Kar\u015f\u0131yaka \u2013 \u00c7aml\u0131bel ana yolunun Ge\u00e7itk\u00f6y mevkiinde sa\u011fanak nedeniyle dere sular\u0131n\u0131n y\u00fckseldi\u011fi, \u00e7amurlu ve \u00e7ak\u0131ll\u0131 sular\u0131n yola akt\u0131\u011f\u0131 kaydedildi. Lapta \u2013 Alsancak ana yolunun, Alsancak mevkiinde Girne gidi\u015f istikametinde \u201c\u0130leli Market\u201d \u00f6nlerinde olu\u015fan su birikintisi nedeniyle yolun trafi\u011fe kapat\u0131ld\u0131\u011f\u0131","og_url":"https:\/\/kibrisdakik.com\/?p=37668","article_published_time":"2024-04-09T11:44:10+00:00","og_image":[{"width":1599,"height":899,"url":"https:\/\/kibrisdakik.com\/wp-content\/uploads\/2024\/04\/yagmur-kktc-740x420.jpg","type":"image\/jpeg"}],"author":"admin","twitter_card":"summary_large_image","twitter_misc":{"Yazan:":"admin","Tahmini okuma s\u00fcresi":"1 dakika"},"schema":{"@context":"https:\/\/schema.org","@graph":[{"@type":"Article","@id":"https:\/\/kibrisdakik.com\/?p=37668#article","isPartOf":{"@id":"https:\/\/kibrisdakik.com\/?p=37668"},"author":{"name":"admin","@id":"https:\/\/kibrisdakik.com\/#\/schema\/person\/9cd9d437bbb44f72b73ba127e06d8e79"},"headline":"Ge\u00e7itk\u00f6y ve Alsancak b\u00f6lgesinde ya\u011f\u0131\u015flar nedeniyle trafik aks\u0131yor\u2026","datePublished":"2024-04-09T11:44:10+00:00","mainEntityOfPage":{"@id":"https:\/\/kibrisdakik.com\/?p=37668"},"wordCount":122,"commentCount":0,"image":{"@id":"https:\/\/kibrisdakik.com\/?p=37668#primaryimage"},"thumbnailUrl":"https:\/\/kibrisdakik.com\/wp-content\/uploads\/2024\/04\/yagmur-kktc-740x420.jpg","articleSection":["G\u00fcndem"],"inLanguage":"tr","potentialAction":[{"@type":"CommentAction","name":"Comment","target":["https:\/\/kibrisdakik.com\/?p=37668#respond"]}]},{"@type":"WebPage","@id":"https:\/\/kibrisdakik.com\/?p=37668","url":"https:\/\/kibrisdakik.com\/?p=37668","name":"Ge\u00e7itk\u00f6y ve Alsancak b\u00f6lgesinde ya\u011f\u0131\u015flar nedeniyle trafik aks\u0131yor\u2026 -","isPartOf":{"@id":"https:\/\/kibrisdakik.com\/#website"},"primaryImageOfPage":{"@id":"https:\/\/kibrisdakik.com\/?p=37668#primaryimage"},"image":{"@id":"https:\/\/kibrisdakik.com\/?p=37668#primaryimage"},"thumbnailUrl":"https:\/\/kibrisdakik.com\/wp-content\/uploads\/2024\/04\/yagmur-kktc-740x420.jpg","datePublished":"2024-04-09T11:44:10+00:00","author":{"@id":"https:\/\/kibrisdakik.com\/#\/schema\/person\/9cd9d437bbb44f72b73ba127e06d8e79"},"breadcrumb":{"@id":"https:\/\/kibrisdakik.com\/?p=37668#breadcrumb"},"inLanguage":"tr","potentialAction":[{"@type":"ReadAction","target":["https:\/\/kibrisdakik.com\/?p=37668"]}]},{"@type":"ImageObject","inLanguage":"tr","@id":"https:\/\/kibrisdakik.com\/?p=37668#primaryimage","url":"https:\/\/kibrisdakik.com\/wp-content\/uploads\/2024\/04\/yagmur-kktc-740x420.jpg","contentUrl":"https:\/\/kibrisdakik.com\/wp-content\/uploads\/2024\/04\/yagmur-kktc-740x420.jpg","width":1599,"height":899},{"@type":"BreadcrumbList","@id":"https:\/\/kibrisdakik.com\/?p=37668#breadcrumb","itemListElement":[{"@type":"ListItem","position":1,"name":"Home","item":"https:\/\/kibrisdakik.com\/"},{"@type":"ListItem","position":2,"name":"Ge\u00e7itk\u00f6y ve Alsancak b\u00f6lgesinde ya\u011f\u0131\u015flar nedeniyle trafik aks\u0131yor\u2026"}]},{"@type":"WebSite","@id":"https:\/\/kibrisdakik.com\/#website","url":"https:\/\/kibrisdakik.com\/","name":"","description":"Tam vaktinde haber","potentialAction":[{"@type":"SearchAction","target":{"@type":"EntryPoint","urlTemplate":"https:\/\/kibrisdakik.com\/?s={search_term_string}"},"query-input":{"@type":"PropertyValueSpecification","valueRequired":true,"valueName":"search_term_string"}}],"inLanguage":"tr"},{"@type":"Person","@id":"https:\/\/kibrisdakik.com\/#\/schema\/person\/9cd9d437bbb44f72b73ba127e06d8e79","name":"admin","image":{"@type":"ImageObject","inLanguage":"tr","@id":"https:\/\/secure.gravatar.com\/avatar\/ccc17943b9d660506c869530f897617f7cb1c21a4bf30023f252596d83e1f007?s=96&d=mm&r=g","url":"https:\/\/secure.gravatar.com\/avatar\/ccc17943b9d660506c869530f897617f7cb1c21a4bf30023f252596d83e1f007?s=96&d=mm&r=g","contentUrl":"https:\/\/secure.gravatar.com\/avatar\/ccc17943b9d660506c869530f897617f7cb1c21a4bf30023f252596d83e1f007?s=96&d=mm&r=g","caption":"admin"},"sameAs":["https:\/\/kibrisdakik.com"],"url":"https:\/\/kibrisdakik.com\/?author=1"}]}},"_links":{"self":[{"href":"https:\/\/kibrisdakik.com\/index.php?rest_route=\/wp\/v2\/posts\/37668","targetHints":{"allow":["GET"]}}],"collection":[{"href":"https:\/\/kibrisdakik.com\/index.php?rest_route=\/wp\/v2\/posts"}],"about":[{"href":"https:\/\/kibrisdakik.com\/index.php?rest_route=\/wp\/v2\/types\/post"}],"author":[{"embeddable":true,"href":"https:\/\/kibrisdakik.com\/index.php?rest_route=\/wp\/v2\/users\/1"}],"replies":[{"embeddable":true,"href":"https:\/\/kibrisdakik.com\/index.php?rest_route=%2Fwp%2Fv2%2Fcomments&post=37668"}],"version-history":[{"count":0,"href":"https:\/\/kibrisdakik.com\/index.php?rest_route=\/wp\/v2\/posts\/37668\/revisions"}],"wp:featuredmedia":[{"embeddable":true,"href":"https:\/\/kibrisdakik.com\/index.php?rest_route=\/wp\/v2\/media\/37669"}],"wp:attachment":[{"href":"https:\/\/kibrisdakik.com\/index.php?rest_route=%2Fwp%2Fv2%2Fmedia&parent=37668"}],"wp:term":[{"taxonomy":"category","embeddable":true,"href":"https:\/\/kibrisdakik.com\/index.php?rest_route=%2Fwp%2Fv2%2Fcategories&post=37668"},{"taxonomy":"post_tag","embeddable":true,"href":"https:\/\/kibrisdakik.com\/index.php?rest_route=%2Fwp%2Fv2%2Ftags&post=37668"}],"curies":[{"name":"wp","href":"https:\/\/api.w.org\/{rel}","templated":true}]}}