{"id":37731,"date":"2024-04-09T20:50:17","date_gmt":"2024-04-09T20:50:17","guid":{"rendered":"https:\/\/kibrisdakik.com\/index.php\/2024\/04\/09\/berguzar-korel-takintilarini-saydi-herkes-sasti-kaldi\/"},"modified":"2024-04-09T20:50:17","modified_gmt":"2024-04-09T20:50:17","slug":"berguzar-korel-takintilarini-saydi-herkes-sasti-kaldi","status":"publish","type":"post","link":"https:\/\/kibrisdakik.com\/?p=37731","title":{"rendered":"Berg\u00fczar Korel tak\u0131nt\u0131lar\u0131n\u0131 sayd\u0131, herkes \u015fa\u015ft\u0131 kald\u0131"},"content":{"rendered":"<p><\/p>\n<p>Dijital platformda yay\u0131nlanan D\u00fc\u011f\u00fcm dizisi yeni imaja b\u00fcr\u00fcnen Berg\u00fczar Korel, yeni tarz\u0131yla ilgili,&nbsp; &#8216;Sanki hep sar\u0131\u015f\u0131nm\u0131\u015fs\u0131n gibi&#8217; tarz\u0131nda olumlu yorumlarda bulundular. Ben sar\u0131\u015f\u0131n olduysam herkes olur, k\u0131sa sa\u00e7la da \u00e7ok rahat ediyorum a\u00e7\u0131k\u00e7as\u0131&#8221; dedi. Kat\u0131ld\u0131\u011f\u0131 \u0130brahim Selim&#8217;in program\u0131nda itiraflar\u0131n\u0131 da s\u0131ralayan oyuncu tak\u0131nt\u0131lar\u0131ndan bahsetti.&nbsp;<\/p>\n<h3>BERG\u00dcZAR KOREL, TAKINTILARINI PAYLA\u015eTI&nbsp;<\/h3>\n<p>\u0130lk kez tak\u0131nt\u0131lar\u0131ndan bahseden oyuncu, &#8220;Tak\u0131nt\u0131lar\u0131m var. Ben kimseye dokunmay\u0131 sevmem, \u00f6pmem kimseyi, bana dokunulmas\u0131ndan hi\u00e7 ho\u015flanmam. Benim tak\u0131nt\u0131lar\u0131m var. U\u00e7a\u011fa binmeden \u00f6nce story payla\u015fmam e\u011fer u\u00e7ak d\u00fc\u015ferse son hikayesi buydu diye haber olmas\u0131n isterim. Story yokken de havaliman\u0131ndaki kameralara bak\u0131yordum, son ge\u00e7i\u015fe. Mesela &#8216;K\u0131zlar ve O\u011flanlar&#8217; oyununu oynarken hep ayn\u0131 \u00e7ama\u015f\u0131r\u0131 giymem gerekiyor. Onu bulamazsam biterim. \u00c7ama\u015f\u0131r\u0131 g\u00f6rm\u00fcyoruz ama ben biliyorum onun orada oldu\u011funu.&#8221; diyerek kendisini izlemeye gelenlere keyifli dakikalar olu\u015fturdu.&nbsp;<\/p>\n<p>&nbsp;<\/p>\n<p><img decoding=\"async\" alt=\"Berg\u00fczar Korel tak\u0131nt\u0131lar\u0131n\u0131 sayd\u0131, herkes \u015fa\u015ft\u0131 kald\u0131 - 1. Resim\" src=\"https:\/\/i.tgrthaber.com.tr\/images\/haberler\/24-04\/09\/berguzar-korel-takintilarini-saydi-herkes-sasti-kaldi-17126926146218_1.jpg\" title=\"Berg\u00fczar Korel tak\u0131nt\u0131lar\u0131n\u0131 sayd\u0131, herkes \u015fa\u015ft\u0131 kald\u0131\" \/><\/p>\n<p>&nbsp;<\/p>\n<p>&nbsp;<\/p>\n<p><img decoding=\"async\" alt=\"Berg\u00fczar Korel tak\u0131nt\u0131lar\u0131n\u0131 sayd\u0131, herkes \u015fa\u015ft\u0131 kald\u0131 - 2. Resim\" src=\"https:\/\/i.tgrthaber.com.tr\/images\/haberler\/24-04\/09\/berguzar-korel-takintilarini-saydi-herkes-sasti-kaldi-17126926143145_2.jpg\" title=\"Berg\u00fczar Korel tak\u0131nt\u0131lar\u0131n\u0131 sayd\u0131, herkes \u015fa\u015ft\u0131 kald\u0131\" \/><\/p>\n","protected":false},"excerpt":{"rendered":"<p>Dijital platformda yay\u0131nlanan D\u00fc\u011f\u00fcm dizisi yeni imaja b\u00fcr\u00fcnen Berg\u00fczar Korel, yeni tarz\u0131yla ilgili,&nbsp; &#8216;Sanki hep sar\u0131\u015f\u0131nm\u0131\u015fs\u0131n gibi&#8217; tarz\u0131nda olumlu yorumlarda bulundular. Ben sar\u0131\u015f\u0131n olduysam herkes olur, k\u0131sa sa\u00e7la da \u00e7ok rahat ediyorum a\u00e7\u0131k\u00e7as\u0131&#8221; dedi. Kat\u0131ld\u0131\u011f\u0131 \u0130brahim Selim&#8217;in program\u0131nda itiraflar\u0131n\u0131 da s\u0131ralayan oyuncu tak\u0131nt\u0131lar\u0131ndan bahsetti.&nbsp; BERG\u00dcZAR KOREL, TAKINTILARINI PAYLA\u015eTI&nbsp; \u0130lk kez tak\u0131nt\u0131lar\u0131ndan bahseden oyuncu, &#8220;Tak\u0131nt\u0131lar\u0131m var.<\/p>\n","protected":false},"author":1,"featured_media":37732,"comment_status":"open","ping_status":"open","sticky":false,"template":"","format":"standard","meta":{"footnotes":""},"categories":[79],"tags":[],"class_list":["post-37731","post","type-post","status-publish","format-standard","has-post-thumbnail","hentry","category-ekonomi"],"yoast_head":"<!-- This site is optimized with the Yoast SEO plugin v27.5 - https:\/\/yoast.com\/product\/yoast-seo-wordpress\/ -->\n<title>Berg\u00fczar Korel tak\u0131nt\u0131lar\u0131n\u0131 sayd\u0131, herkes \u015fa\u015ft\u0131 kald\u0131 -<\/title>\n<meta name=\"robots\" content=\"index, follow, max-snippet:-1, max-image-preview:large, max-video-preview:-1\" \/>\n<link rel=\"canonical\" href=\"https:\/\/kibrisdakik.com\/?p=37731\" \/>\n<meta property=\"og:locale\" content=\"tr_TR\" \/>\n<meta property=\"og:type\" content=\"article\" \/>\n<meta property=\"og:title\" content=\"Berg\u00fczar Korel tak\u0131nt\u0131lar\u0131n\u0131 sayd\u0131, herkes \u015fa\u015ft\u0131 kald\u0131 -\" \/>\n<meta property=\"og:description\" content=\"Dijital platformda yay\u0131nlanan D\u00fc\u011f\u00fcm dizisi yeni imaja b\u00fcr\u00fcnen Berg\u00fczar Korel, yeni tarz\u0131yla ilgili,&nbsp; &#8216;Sanki hep sar\u0131\u015f\u0131nm\u0131\u015fs\u0131n gibi&#8217; tarz\u0131nda olumlu yorumlarda bulundular. Ben sar\u0131\u015f\u0131n olduysam herkes olur, k\u0131sa sa\u00e7la da \u00e7ok rahat ediyorum a\u00e7\u0131k\u00e7as\u0131&#8221; dedi. Kat\u0131ld\u0131\u011f\u0131 \u0130brahim Selim&#8217;in program\u0131nda itiraflar\u0131n\u0131 da s\u0131ralayan oyuncu tak\u0131nt\u0131lar\u0131ndan bahsetti.&nbsp; BERG\u00dcZAR KOREL, TAKINTILARINI PAYLA\u015eTI&nbsp; \u0130lk kez tak\u0131nt\u0131lar\u0131ndan bahseden oyuncu, &#8220;Tak\u0131nt\u0131lar\u0131m var.\" \/>\n<meta property=\"og:url\" content=\"https:\/\/kibrisdakik.com\/?p=37731\" \/>\n<meta property=\"article:published_time\" content=\"2024-04-09T20:50:17+00:00\" \/>\n<meta property=\"og:image\" content=\"https:\/\/kibrisdakik.com\/wp-content\/uploads\/2024\/04\/berguzar-korel-takintilarini-saydi-herkes-sasti-kaldi-17126926146218_1-740x420.jpg\" \/>\n\t<meta property=\"og:image:width\" content=\"1280\" \/>\n\t<meta property=\"og:image:height\" content=\"828\" \/>\n\t<meta property=\"og:image:type\" content=\"image\/jpeg\" \/>\n<meta name=\"author\" content=\"admin\" \/>\n<meta name=\"twitter:card\" content=\"summary_large_image\" \/>\n<meta name=\"twitter:label1\" content=\"Yazan:\" \/>\n\t<meta name=\"twitter:data1\" content=\"admin\" \/>\n\t<meta name=\"twitter:label2\" content=\"Tahmini okuma s\u00fcresi\" \/>\n\t<meta name=\"twitter:data2\" content=\"1 dakika\" \/>\n<script type=\"application\/ld+json\" class=\"yoast-schema-graph\">{\"@context\":\"https:\\\/\\\/schema.org\",\"@graph\":[{\"@type\":\"Article\",\"@id\":\"https:\\\/\\\/kibrisdakik.com\\\/?p=37731#article\",\"isPartOf\":{\"@id\":\"https:\\\/\\\/kibrisdakik.com\\\/?p=37731\"},\"author\":{\"name\":\"admin\",\"@id\":\"https:\\\/\\\/kibrisdakik.com\\\/#\\\/schema\\\/person\\\/9cd9d437bbb44f72b73ba127e06d8e79\"},\"headline\":\"Berg\u00fczar Korel tak\u0131nt\u0131lar\u0131n\u0131 sayd\u0131, herkes \u015fa\u015ft\u0131 kald\u0131\",\"datePublished\":\"2024-04-09T20:50:17+00:00\",\"mainEntityOfPage\":{\"@id\":\"https:\\\/\\\/kibrisdakik.com\\\/?p=37731\"},\"wordCount\":193,\"commentCount\":0,\"image\":{\"@id\":\"https:\\\/\\\/kibrisdakik.com\\\/?p=37731#primaryimage\"},\"thumbnailUrl\":\"https:\\\/\\\/kibrisdakik.com\\\/wp-content\\\/uploads\\\/2024\\\/04\\\/berguzar-korel-takintilarini-saydi-herkes-sasti-kaldi-17126926146218_1-740x420.jpg\",\"articleSection\":[\"Ekonomi\"],\"inLanguage\":\"tr\",\"potentialAction\":[{\"@type\":\"CommentAction\",\"name\":\"Comment\",\"target\":[\"https:\\\/\\\/kibrisdakik.com\\\/?p=37731#respond\"]}]},{\"@type\":\"WebPage\",\"@id\":\"https:\\\/\\\/kibrisdakik.com\\\/?p=37731\",\"url\":\"https:\\\/\\\/kibrisdakik.com\\\/?p=37731\",\"name\":\"Berg\u00fczar Korel tak\u0131nt\u0131lar\u0131n\u0131 sayd\u0131, herkes \u015fa\u015ft\u0131 kald\u0131 -\",\"isPartOf\":{\"@id\":\"https:\\\/\\\/kibrisdakik.com\\\/#website\"},\"primaryImageOfPage\":{\"@id\":\"https:\\\/\\\/kibrisdakik.com\\\/?p=37731#primaryimage\"},\"image\":{\"@id\":\"https:\\\/\\\/kibrisdakik.com\\\/?p=37731#primaryimage\"},\"thumbnailUrl\":\"https:\\\/\\\/kibrisdakik.com\\\/wp-content\\\/uploads\\\/2024\\\/04\\\/berguzar-korel-takintilarini-saydi-herkes-sasti-kaldi-17126926146218_1-740x420.jpg\",\"datePublished\":\"2024-04-09T20:50:17+00:00\",\"author\":{\"@id\":\"https:\\\/\\\/kibrisdakik.com\\\/#\\\/schema\\\/person\\\/9cd9d437bbb44f72b73ba127e06d8e79\"},\"breadcrumb\":{\"@id\":\"https:\\\/\\\/kibrisdakik.com\\\/?p=37731#breadcrumb\"},\"inLanguage\":\"tr\",\"potentialAction\":[{\"@type\":\"ReadAction\",\"target\":[\"https:\\\/\\\/kibrisdakik.com\\\/?p=37731\"]}]},{\"@type\":\"ImageObject\",\"inLanguage\":\"tr\",\"@id\":\"https:\\\/\\\/kibrisdakik.com\\\/?p=37731#primaryimage\",\"url\":\"https:\\\/\\\/kibrisdakik.com\\\/wp-content\\\/uploads\\\/2024\\\/04\\\/berguzar-korel-takintilarini-saydi-herkes-sasti-kaldi-17126926146218_1-740x420.jpg\",\"contentUrl\":\"https:\\\/\\\/kibrisdakik.com\\\/wp-content\\\/uploads\\\/2024\\\/04\\\/berguzar-korel-takintilarini-saydi-herkes-sasti-kaldi-17126926146218_1-740x420.jpg\",\"width\":1280,\"height\":828},{\"@type\":\"BreadcrumbList\",\"@id\":\"https:\\\/\\\/kibrisdakik.com\\\/?p=37731#breadcrumb\",\"itemListElement\":[{\"@type\":\"ListItem\",\"position\":1,\"name\":\"Home\",\"item\":\"https:\\\/\\\/kibrisdakik.com\\\/\"},{\"@type\":\"ListItem\",\"position\":2,\"name\":\"Berg\u00fczar Korel tak\u0131nt\u0131lar\u0131n\u0131 sayd\u0131, herkes \u015fa\u015ft\u0131 kald\u0131\"}]},{\"@type\":\"WebSite\",\"@id\":\"https:\\\/\\\/kibrisdakik.com\\\/#website\",\"url\":\"https:\\\/\\\/kibrisdakik.com\\\/\",\"name\":\"\",\"description\":\"Tam vaktinde haber\",\"potentialAction\":[{\"@type\":\"SearchAction\",\"target\":{\"@type\":\"EntryPoint\",\"urlTemplate\":\"https:\\\/\\\/kibrisdakik.com\\\/?s={search_term_string}\"},\"query-input\":{\"@type\":\"PropertyValueSpecification\",\"valueRequired\":true,\"valueName\":\"search_term_string\"}}],\"inLanguage\":\"tr\"},{\"@type\":\"Person\",\"@id\":\"https:\\\/\\\/kibrisdakik.com\\\/#\\\/schema\\\/person\\\/9cd9d437bbb44f72b73ba127e06d8e79\",\"name\":\"admin\",\"image\":{\"@type\":\"ImageObject\",\"inLanguage\":\"tr\",\"@id\":\"https:\\\/\\\/secure.gravatar.com\\\/avatar\\\/ccc17943b9d660506c869530f897617f7cb1c21a4bf30023f252596d83e1f007?s=96&d=mm&r=g\",\"url\":\"https:\\\/\\\/secure.gravatar.com\\\/avatar\\\/ccc17943b9d660506c869530f897617f7cb1c21a4bf30023f252596d83e1f007?s=96&d=mm&r=g\",\"contentUrl\":\"https:\\\/\\\/secure.gravatar.com\\\/avatar\\\/ccc17943b9d660506c869530f897617f7cb1c21a4bf30023f252596d83e1f007?s=96&d=mm&r=g\",\"caption\":\"admin\"},\"sameAs\":[\"https:\\\/\\\/kibrisdakik.com\"],\"url\":\"https:\\\/\\\/kibrisdakik.com\\\/?author=1\"}]}<\/script>\n<!-- \/ Yoast SEO plugin. -->","yoast_head_json":{"title":"Berg\u00fczar Korel tak\u0131nt\u0131lar\u0131n\u0131 sayd\u0131, herkes \u015fa\u015ft\u0131 kald\u0131 -","robots":{"index":"index","follow":"follow","max-snippet":"max-snippet:-1","max-image-preview":"max-image-preview:large","max-video-preview":"max-video-preview:-1"},"canonical":"https:\/\/kibrisdakik.com\/?p=37731","og_locale":"tr_TR","og_type":"article","og_title":"Berg\u00fczar Korel tak\u0131nt\u0131lar\u0131n\u0131 sayd\u0131, herkes \u015fa\u015ft\u0131 kald\u0131 -","og_description":"Dijital platformda yay\u0131nlanan D\u00fc\u011f\u00fcm dizisi yeni imaja b\u00fcr\u00fcnen Berg\u00fczar Korel, yeni tarz\u0131yla ilgili,&nbsp; &#8216;Sanki hep sar\u0131\u015f\u0131nm\u0131\u015fs\u0131n gibi&#8217; tarz\u0131nda olumlu yorumlarda bulundular. Ben sar\u0131\u015f\u0131n olduysam herkes olur, k\u0131sa sa\u00e7la da \u00e7ok rahat ediyorum a\u00e7\u0131k\u00e7as\u0131&#8221; dedi. Kat\u0131ld\u0131\u011f\u0131 \u0130brahim Selim&#8217;in program\u0131nda itiraflar\u0131n\u0131 da s\u0131ralayan oyuncu tak\u0131nt\u0131lar\u0131ndan bahsetti.&nbsp; BERG\u00dcZAR KOREL, TAKINTILARINI PAYLA\u015eTI&nbsp; \u0130lk kez tak\u0131nt\u0131lar\u0131ndan bahseden oyuncu, &#8220;Tak\u0131nt\u0131lar\u0131m var.","og_url":"https:\/\/kibrisdakik.com\/?p=37731","article_published_time":"2024-04-09T20:50:17+00:00","og_image":[{"width":1280,"height":828,"url":"https:\/\/kibrisdakik.com\/wp-content\/uploads\/2024\/04\/berguzar-korel-takintilarini-saydi-herkes-sasti-kaldi-17126926146218_1-740x420.jpg","type":"image\/jpeg"}],"author":"admin","twitter_card":"summary_large_image","twitter_misc":{"Yazan:":"admin","Tahmini okuma s\u00fcresi":"1 dakika"},"schema":{"@context":"https:\/\/schema.org","@graph":[{"@type":"Article","@id":"https:\/\/kibrisdakik.com\/?p=37731#article","isPartOf":{"@id":"https:\/\/kibrisdakik.com\/?p=37731"},"author":{"name":"admin","@id":"https:\/\/kibrisdakik.com\/#\/schema\/person\/9cd9d437bbb44f72b73ba127e06d8e79"},"headline":"Berg\u00fczar Korel tak\u0131nt\u0131lar\u0131n\u0131 sayd\u0131, herkes \u015fa\u015ft\u0131 kald\u0131","datePublished":"2024-04-09T20:50:17+00:00","mainEntityOfPage":{"@id":"https:\/\/kibrisdakik.com\/?p=37731"},"wordCount":193,"commentCount":0,"image":{"@id":"https:\/\/kibrisdakik.com\/?p=37731#primaryimage"},"thumbnailUrl":"https:\/\/kibrisdakik.com\/wp-content\/uploads\/2024\/04\/berguzar-korel-takintilarini-saydi-herkes-sasti-kaldi-17126926146218_1-740x420.jpg","articleSection":["Ekonomi"],"inLanguage":"tr","potentialAction":[{"@type":"CommentAction","name":"Comment","target":["https:\/\/kibrisdakik.com\/?p=37731#respond"]}]},{"@type":"WebPage","@id":"https:\/\/kibrisdakik.com\/?p=37731","url":"https:\/\/kibrisdakik.com\/?p=37731","name":"Berg\u00fczar Korel tak\u0131nt\u0131lar\u0131n\u0131 sayd\u0131, herkes \u015fa\u015ft\u0131 kald\u0131 -","isPartOf":{"@id":"https:\/\/kibrisdakik.com\/#website"},"primaryImageOfPage":{"@id":"https:\/\/kibrisdakik.com\/?p=37731#primaryimage"},"image":{"@id":"https:\/\/kibrisdakik.com\/?p=37731#primaryimage"},"thumbnailUrl":"https:\/\/kibrisdakik.com\/wp-content\/uploads\/2024\/04\/berguzar-korel-takintilarini-saydi-herkes-sasti-kaldi-17126926146218_1-740x420.jpg","datePublished":"2024-04-09T20:50:17+00:00","author":{"@id":"https:\/\/kibrisdakik.com\/#\/schema\/person\/9cd9d437bbb44f72b73ba127e06d8e79"},"breadcrumb":{"@id":"https:\/\/kibrisdakik.com\/?p=37731#breadcrumb"},"inLanguage":"tr","potentialAction":[{"@type":"ReadAction","target":["https:\/\/kibrisdakik.com\/?p=37731"]}]},{"@type":"ImageObject","inLanguage":"tr","@id":"https:\/\/kibrisdakik.com\/?p=37731#primaryimage","url":"https:\/\/kibrisdakik.com\/wp-content\/uploads\/2024\/04\/berguzar-korel-takintilarini-saydi-herkes-sasti-kaldi-17126926146218_1-740x420.jpg","contentUrl":"https:\/\/kibrisdakik.com\/wp-content\/uploads\/2024\/04\/berguzar-korel-takintilarini-saydi-herkes-sasti-kaldi-17126926146218_1-740x420.jpg","width":1280,"height":828},{"@type":"BreadcrumbList","@id":"https:\/\/kibrisdakik.com\/?p=37731#breadcrumb","itemListElement":[{"@type":"ListItem","position":1,"name":"Home","item":"https:\/\/kibrisdakik.com\/"},{"@type":"ListItem","position":2,"name":"Berg\u00fczar Korel tak\u0131nt\u0131lar\u0131n\u0131 sayd\u0131, herkes \u015fa\u015ft\u0131 kald\u0131"}]},{"@type":"WebSite","@id":"https:\/\/kibrisdakik.com\/#website","url":"https:\/\/kibrisdakik.com\/","name":"","description":"Tam vaktinde haber","potentialAction":[{"@type":"SearchAction","target":{"@type":"EntryPoint","urlTemplate":"https:\/\/kibrisdakik.com\/?s={search_term_string}"},"query-input":{"@type":"PropertyValueSpecification","valueRequired":true,"valueName":"search_term_string"}}],"inLanguage":"tr"},{"@type":"Person","@id":"https:\/\/kibrisdakik.com\/#\/schema\/person\/9cd9d437bbb44f72b73ba127e06d8e79","name":"admin","image":{"@type":"ImageObject","inLanguage":"tr","@id":"https:\/\/secure.gravatar.com\/avatar\/ccc17943b9d660506c869530f897617f7cb1c21a4bf30023f252596d83e1f007?s=96&d=mm&r=g","url":"https:\/\/secure.gravatar.com\/avatar\/ccc17943b9d660506c869530f897617f7cb1c21a4bf30023f252596d83e1f007?s=96&d=mm&r=g","contentUrl":"https:\/\/secure.gravatar.com\/avatar\/ccc17943b9d660506c869530f897617f7cb1c21a4bf30023f252596d83e1f007?s=96&d=mm&r=g","caption":"admin"},"sameAs":["https:\/\/kibrisdakik.com"],"url":"https:\/\/kibrisdakik.com\/?author=1"}]}},"_links":{"self":[{"href":"https:\/\/kibrisdakik.com\/index.php?rest_route=\/wp\/v2\/posts\/37731","targetHints":{"allow":["GET"]}}],"collection":[{"href":"https:\/\/kibrisdakik.com\/index.php?rest_route=\/wp\/v2\/posts"}],"about":[{"href":"https:\/\/kibrisdakik.com\/index.php?rest_route=\/wp\/v2\/types\/post"}],"author":[{"embeddable":true,"href":"https:\/\/kibrisdakik.com\/index.php?rest_route=\/wp\/v2\/users\/1"}],"replies":[{"embeddable":true,"href":"https:\/\/kibrisdakik.com\/index.php?rest_route=%2Fwp%2Fv2%2Fcomments&post=37731"}],"version-history":[{"count":0,"href":"https:\/\/kibrisdakik.com\/index.php?rest_route=\/wp\/v2\/posts\/37731\/revisions"}],"wp:featuredmedia":[{"embeddable":true,"href":"https:\/\/kibrisdakik.com\/index.php?rest_route=\/wp\/v2\/media\/37732"}],"wp:attachment":[{"href":"https:\/\/kibrisdakik.com\/index.php?rest_route=%2Fwp%2Fv2%2Fmedia&parent=37731"}],"wp:term":[{"taxonomy":"category","embeddable":true,"href":"https:\/\/kibrisdakik.com\/index.php?rest_route=%2Fwp%2Fv2%2Fcategories&post=37731"},{"taxonomy":"post_tag","embeddable":true,"href":"https:\/\/kibrisdakik.com\/index.php?rest_route=%2Fwp%2Fv2%2Ftags&post=37731"}],"curies":[{"name":"wp","href":"https:\/\/api.w.org\/{rel}","templated":true}]}}