{"id":37753,"date":"2024-04-09T12:32:00","date_gmt":"2024-04-09T12:32:00","guid":{"rendered":"https:\/\/kibrisdakik.com\/index.php\/2024\/04\/09\/cumhurbaskani-ersin-tatar-tmt-mucahidi-kibris-gazileri-ve-sehit-yakinlarini-ziyaret-etti\/"},"modified":"2024-04-09T12:32:00","modified_gmt":"2024-04-09T12:32:00","slug":"cumhurbaskani-ersin-tatar-tmt-mucahidi-kibris-gazileri-ve-sehit-yakinlarini-ziyaret-etti","status":"publish","type":"post","link":"https:\/\/kibrisdakik.com\/?p=37753","title":{"rendered":"Cumhurba\u015fkan\u0131 Ersin Tatar, TMT m\u00fccahidi, K\u0131br\u0131s gazileri ve \u015fehit yak\u0131nlar\u0131n\u0131 ziyaret etti"},"content":{"rendered":"<p><\/p>\n<p style=\"text-align:left\"><span style=\"font-size:16px\"><span style=\"font-family:Merriweather,serif !important\"><span style=\"color:#000000\"><span style=\"background-color:#ffffff\">Cumhurba\u015fkanl\u0131\u011f\u0131ndan verilen bilgiye g\u00f6re, Tatar, ziyaretlerde yapt\u0131\u011f\u0131 konu\u015fmada, K\u0131br\u0131s T\u00fcrk\u00fc\u2019n\u00fcn \u00f6zg\u00fcrl\u00fc\u011f\u00fcne ve ba\u011f\u0131ms\u0131zl\u0131\u011f\u0131na kavu\u015fup, devlet sahibi olmas\u0131 ve huzur i\u00e7inde ya\u015famas\u0131n\u0131 \u015fehitlere bor\u00e7lu oldu\u011funu s\u00f6yledi.<\/span><\/span><\/span><\/span><\/p>\n<p style=\"text-align:left\"><span style=\"font-size:16px\"><span style=\"font-family:Merriweather,serif !important\"><span style=\"color:#000000\"><span style=\"background-color:#ffffff\">\u201c\u015eehitlerimizi ne unuturuz, ne unuttururuz\u201d diyen Cumhurba\u015fkan\u0131 Tatar, devlet olarak \u015fehit yak\u0131nlar\u0131n\u0131n her zaman yan\u0131nda olduklar\u0131n\u0131 ve olmaya devam edeceklerini kaydetti.<\/span><\/span><\/span><\/span><\/p>\n<p style=\"text-align:left\"><span style=\"font-size:16px\"><span style=\"font-family:Merriweather,serif !important\"><span style=\"color:#000000\"><span style=\"background-color:#ffffff\">Cumhurba\u015fkan\u0131 Tatar, ziyaretlerinde ailelerin Ramazan Bayramlar\u0131n\u0131 kutlad\u0131.<\/span><\/span><\/span><\/span><\/p>\n<p style=\"text-align:left\"><img decoding=\"async\" src=\"https:\/\/tak.gov.ct.tr\/panel\/uploads\/news_v\/tatar-mucahit-gazi-sehit-yakinlarini-ziyaret--1-.jpg\" \/><img decoding=\"async\" src=\"https:\/\/tak.gov.ct.tr\/panel\/uploads\/news_v\/tatar-mucahit-gazi-sehit-yakinlarini-ziyaret--4-.jpg\" \/><\/p>\n","protected":false},"excerpt":{"rendered":"<p>Cumhurba\u015fkanl\u0131\u011f\u0131ndan verilen bilgiye g\u00f6re, Tatar, ziyaretlerde yapt\u0131\u011f\u0131 konu\u015fmada, K\u0131br\u0131s T\u00fcrk\u00fc\u2019n\u00fcn \u00f6zg\u00fcrl\u00fc\u011f\u00fcne ve ba\u011f\u0131ms\u0131zl\u0131\u011f\u0131na kavu\u015fup, devlet sahibi olmas\u0131 ve huzur i\u00e7inde ya\u015famas\u0131n\u0131 \u015fehitlere bor\u00e7lu oldu\u011funu s\u00f6yledi. \u201c\u015eehitlerimizi ne unuturuz, ne unuttururuz\u201d diyen Cumhurba\u015fkan\u0131 Tatar, devlet olarak \u015fehit yak\u0131nlar\u0131n\u0131n her zaman yan\u0131nda olduklar\u0131n\u0131 ve olmaya devam edeceklerini kaydetti. Cumhurba\u015fkan\u0131 Tatar, ziyaretlerinde ailelerin Ramazan Bayramlar\u0131n\u0131 kutlad\u0131.<\/p>\n","protected":false},"author":1,"featured_media":37754,"comment_status":"open","ping_status":"open","sticky":false,"template":"","format":"standard","meta":{"footnotes":""},"categories":[1],"tags":[],"class_list":["post-37753","post","type-post","status-publish","format-standard","has-post-thumbnail","hentry","category-gundem"],"yoast_head":"<!-- This site is optimized with the Yoast SEO plugin v27.5 - https:\/\/yoast.com\/product\/yoast-seo-wordpress\/ -->\n<title>Cumhurba\u015fkan\u0131 Ersin Tatar, TMT m\u00fccahidi, K\u0131br\u0131s gazileri ve \u015fehit yak\u0131nlar\u0131n\u0131 ziyaret etti -<\/title>\n<meta name=\"robots\" content=\"index, follow, max-snippet:-1, max-image-preview:large, max-video-preview:-1\" \/>\n<link rel=\"canonical\" href=\"https:\/\/kibrisdakik.com\/?p=37753\" \/>\n<meta property=\"og:locale\" content=\"tr_TR\" \/>\n<meta property=\"og:type\" content=\"article\" \/>\n<meta property=\"og:title\" content=\"Cumhurba\u015fkan\u0131 Ersin Tatar, TMT m\u00fccahidi, K\u0131br\u0131s gazileri ve \u015fehit yak\u0131nlar\u0131n\u0131 ziyaret etti -\" \/>\n<meta property=\"og:description\" content=\"Cumhurba\u015fkanl\u0131\u011f\u0131ndan verilen bilgiye g\u00f6re, Tatar, ziyaretlerde yapt\u0131\u011f\u0131 konu\u015fmada, K\u0131br\u0131s T\u00fcrk\u00fc\u2019n\u00fcn \u00f6zg\u00fcrl\u00fc\u011f\u00fcne ve ba\u011f\u0131ms\u0131zl\u0131\u011f\u0131na kavu\u015fup, devlet sahibi olmas\u0131 ve huzur i\u00e7inde ya\u015famas\u0131n\u0131 \u015fehitlere bor\u00e7lu oldu\u011funu s\u00f6yledi. \u201c\u015eehitlerimizi ne unuturuz, ne unuttururuz\u201d diyen Cumhurba\u015fkan\u0131 Tatar, devlet olarak \u015fehit yak\u0131nlar\u0131n\u0131n her zaman yan\u0131nda olduklar\u0131n\u0131 ve olmaya devam edeceklerini kaydetti. Cumhurba\u015fkan\u0131 Tatar, ziyaretlerinde ailelerin Ramazan Bayramlar\u0131n\u0131 kutlad\u0131.\" \/>\n<meta property=\"og:url\" content=\"https:\/\/kibrisdakik.com\/?p=37753\" \/>\n<meta property=\"article:published_time\" content=\"2024-04-09T12:32:00+00:00\" \/>\n<meta property=\"og:image\" content=\"https:\/\/kibrisdakik.com\/wp-content\/uploads\/2024\/04\/tatar-mucahit-gazi-sehit-yakinlarini-ziyaret-1--740x420.jpg\" \/>\n\t<meta property=\"og:image:width\" content=\"1024\" \/>\n\t<meta property=\"og:image:height\" content=\"682\" \/>\n\t<meta property=\"og:image:type\" content=\"image\/jpeg\" \/>\n<meta name=\"author\" content=\"admin\" \/>\n<meta name=\"twitter:card\" content=\"summary_large_image\" \/>\n<meta name=\"twitter:label1\" content=\"Yazan:\" \/>\n\t<meta name=\"twitter:data1\" content=\"admin\" \/>\n<script type=\"application\/ld+json\" class=\"yoast-schema-graph\">{\"@context\":\"https:\\\/\\\/schema.org\",\"@graph\":[{\"@type\":\"Article\",\"@id\":\"https:\\\/\\\/kibrisdakik.com\\\/?p=37753#article\",\"isPartOf\":{\"@id\":\"https:\\\/\\\/kibrisdakik.com\\\/?p=37753\"},\"author\":{\"name\":\"admin\",\"@id\":\"https:\\\/\\\/kibrisdakik.com\\\/#\\\/schema\\\/person\\\/9cd9d437bbb44f72b73ba127e06d8e79\"},\"headline\":\"Cumhurba\u015fkan\u0131 Ersin Tatar, TMT m\u00fccahidi, K\u0131br\u0131s gazileri ve \u015fehit yak\u0131nlar\u0131n\u0131 ziyaret etti\",\"datePublished\":\"2024-04-09T12:32:00+00:00\",\"mainEntityOfPage\":{\"@id\":\"https:\\\/\\\/kibrisdakik.com\\\/?p=37753\"},\"wordCount\":100,\"commentCount\":0,\"image\":{\"@id\":\"https:\\\/\\\/kibrisdakik.com\\\/?p=37753#primaryimage\"},\"thumbnailUrl\":\"https:\\\/\\\/kibrisdakik.com\\\/wp-content\\\/uploads\\\/2024\\\/04\\\/tatar-mucahit-gazi-sehit-yakinlarini-ziyaret-1--740x420.jpg\",\"articleSection\":[\"G\u00fcndem\"],\"inLanguage\":\"tr\",\"potentialAction\":[{\"@type\":\"CommentAction\",\"name\":\"Comment\",\"target\":[\"https:\\\/\\\/kibrisdakik.com\\\/?p=37753#respond\"]}]},{\"@type\":\"WebPage\",\"@id\":\"https:\\\/\\\/kibrisdakik.com\\\/?p=37753\",\"url\":\"https:\\\/\\\/kibrisdakik.com\\\/?p=37753\",\"name\":\"Cumhurba\u015fkan\u0131 Ersin Tatar, TMT m\u00fccahidi, K\u0131br\u0131s gazileri ve \u015fehit yak\u0131nlar\u0131n\u0131 ziyaret etti -\",\"isPartOf\":{\"@id\":\"https:\\\/\\\/kibrisdakik.com\\\/#website\"},\"primaryImageOfPage\":{\"@id\":\"https:\\\/\\\/kibrisdakik.com\\\/?p=37753#primaryimage\"},\"image\":{\"@id\":\"https:\\\/\\\/kibrisdakik.com\\\/?p=37753#primaryimage\"},\"thumbnailUrl\":\"https:\\\/\\\/kibrisdakik.com\\\/wp-content\\\/uploads\\\/2024\\\/04\\\/tatar-mucahit-gazi-sehit-yakinlarini-ziyaret-1--740x420.jpg\",\"datePublished\":\"2024-04-09T12:32:00+00:00\",\"author\":{\"@id\":\"https:\\\/\\\/kibrisdakik.com\\\/#\\\/schema\\\/person\\\/9cd9d437bbb44f72b73ba127e06d8e79\"},\"breadcrumb\":{\"@id\":\"https:\\\/\\\/kibrisdakik.com\\\/?p=37753#breadcrumb\"},\"inLanguage\":\"tr\",\"potentialAction\":[{\"@type\":\"ReadAction\",\"target\":[\"https:\\\/\\\/kibrisdakik.com\\\/?p=37753\"]}]},{\"@type\":\"ImageObject\",\"inLanguage\":\"tr\",\"@id\":\"https:\\\/\\\/kibrisdakik.com\\\/?p=37753#primaryimage\",\"url\":\"https:\\\/\\\/kibrisdakik.com\\\/wp-content\\\/uploads\\\/2024\\\/04\\\/tatar-mucahit-gazi-sehit-yakinlarini-ziyaret-1--740x420.jpg\",\"contentUrl\":\"https:\\\/\\\/kibrisdakik.com\\\/wp-content\\\/uploads\\\/2024\\\/04\\\/tatar-mucahit-gazi-sehit-yakinlarini-ziyaret-1--740x420.jpg\",\"width\":1024,\"height\":682},{\"@type\":\"BreadcrumbList\",\"@id\":\"https:\\\/\\\/kibrisdakik.com\\\/?p=37753#breadcrumb\",\"itemListElement\":[{\"@type\":\"ListItem\",\"position\":1,\"name\":\"Home\",\"item\":\"https:\\\/\\\/kibrisdakik.com\\\/\"},{\"@type\":\"ListItem\",\"position\":2,\"name\":\"Cumhurba\u015fkan\u0131 Ersin Tatar, TMT m\u00fccahidi, K\u0131br\u0131s gazileri ve \u015fehit yak\u0131nlar\u0131n\u0131 ziyaret etti\"}]},{\"@type\":\"WebSite\",\"@id\":\"https:\\\/\\\/kibrisdakik.com\\\/#website\",\"url\":\"https:\\\/\\\/kibrisdakik.com\\\/\",\"name\":\"\",\"description\":\"Tam vaktinde haber\",\"potentialAction\":[{\"@type\":\"SearchAction\",\"target\":{\"@type\":\"EntryPoint\",\"urlTemplate\":\"https:\\\/\\\/kibrisdakik.com\\\/?s={search_term_string}\"},\"query-input\":{\"@type\":\"PropertyValueSpecification\",\"valueRequired\":true,\"valueName\":\"search_term_string\"}}],\"inLanguage\":\"tr\"},{\"@type\":\"Person\",\"@id\":\"https:\\\/\\\/kibrisdakik.com\\\/#\\\/schema\\\/person\\\/9cd9d437bbb44f72b73ba127e06d8e79\",\"name\":\"admin\",\"image\":{\"@type\":\"ImageObject\",\"inLanguage\":\"tr\",\"@id\":\"https:\\\/\\\/secure.gravatar.com\\\/avatar\\\/ccc17943b9d660506c869530f897617f7cb1c21a4bf30023f252596d83e1f007?s=96&d=mm&r=g\",\"url\":\"https:\\\/\\\/secure.gravatar.com\\\/avatar\\\/ccc17943b9d660506c869530f897617f7cb1c21a4bf30023f252596d83e1f007?s=96&d=mm&r=g\",\"contentUrl\":\"https:\\\/\\\/secure.gravatar.com\\\/avatar\\\/ccc17943b9d660506c869530f897617f7cb1c21a4bf30023f252596d83e1f007?s=96&d=mm&r=g\",\"caption\":\"admin\"},\"sameAs\":[\"https:\\\/\\\/kibrisdakik.com\"],\"url\":\"https:\\\/\\\/kibrisdakik.com\\\/?author=1\"}]}<\/script>\n<!-- \/ Yoast SEO plugin. -->","yoast_head_json":{"title":"Cumhurba\u015fkan\u0131 Ersin Tatar, TMT m\u00fccahidi, K\u0131br\u0131s gazileri ve \u015fehit yak\u0131nlar\u0131n\u0131 ziyaret etti -","robots":{"index":"index","follow":"follow","max-snippet":"max-snippet:-1","max-image-preview":"max-image-preview:large","max-video-preview":"max-video-preview:-1"},"canonical":"https:\/\/kibrisdakik.com\/?p=37753","og_locale":"tr_TR","og_type":"article","og_title":"Cumhurba\u015fkan\u0131 Ersin Tatar, TMT m\u00fccahidi, K\u0131br\u0131s gazileri ve \u015fehit yak\u0131nlar\u0131n\u0131 ziyaret etti -","og_description":"Cumhurba\u015fkanl\u0131\u011f\u0131ndan verilen bilgiye g\u00f6re, Tatar, ziyaretlerde yapt\u0131\u011f\u0131 konu\u015fmada, K\u0131br\u0131s T\u00fcrk\u00fc\u2019n\u00fcn \u00f6zg\u00fcrl\u00fc\u011f\u00fcne ve ba\u011f\u0131ms\u0131zl\u0131\u011f\u0131na kavu\u015fup, devlet sahibi olmas\u0131 ve huzur i\u00e7inde ya\u015famas\u0131n\u0131 \u015fehitlere bor\u00e7lu oldu\u011funu s\u00f6yledi. \u201c\u015eehitlerimizi ne unuturuz, ne unuttururuz\u201d diyen Cumhurba\u015fkan\u0131 Tatar, devlet olarak \u015fehit yak\u0131nlar\u0131n\u0131n her zaman yan\u0131nda olduklar\u0131n\u0131 ve olmaya devam edeceklerini kaydetti. Cumhurba\u015fkan\u0131 Tatar, ziyaretlerinde ailelerin Ramazan Bayramlar\u0131n\u0131 kutlad\u0131.","og_url":"https:\/\/kibrisdakik.com\/?p=37753","article_published_time":"2024-04-09T12:32:00+00:00","og_image":[{"width":1024,"height":682,"url":"https:\/\/kibrisdakik.com\/wp-content\/uploads\/2024\/04\/tatar-mucahit-gazi-sehit-yakinlarini-ziyaret-1--740x420.jpg","type":"image\/jpeg"}],"author":"admin","twitter_card":"summary_large_image","twitter_misc":{"Yazan:":"admin"},"schema":{"@context":"https:\/\/schema.org","@graph":[{"@type":"Article","@id":"https:\/\/kibrisdakik.com\/?p=37753#article","isPartOf":{"@id":"https:\/\/kibrisdakik.com\/?p=37753"},"author":{"name":"admin","@id":"https:\/\/kibrisdakik.com\/#\/schema\/person\/9cd9d437bbb44f72b73ba127e06d8e79"},"headline":"Cumhurba\u015fkan\u0131 Ersin Tatar, TMT m\u00fccahidi, K\u0131br\u0131s gazileri ve \u015fehit yak\u0131nlar\u0131n\u0131 ziyaret etti","datePublished":"2024-04-09T12:32:00+00:00","mainEntityOfPage":{"@id":"https:\/\/kibrisdakik.com\/?p=37753"},"wordCount":100,"commentCount":0,"image":{"@id":"https:\/\/kibrisdakik.com\/?p=37753#primaryimage"},"thumbnailUrl":"https:\/\/kibrisdakik.com\/wp-content\/uploads\/2024\/04\/tatar-mucahit-gazi-sehit-yakinlarini-ziyaret-1--740x420.jpg","articleSection":["G\u00fcndem"],"inLanguage":"tr","potentialAction":[{"@type":"CommentAction","name":"Comment","target":["https:\/\/kibrisdakik.com\/?p=37753#respond"]}]},{"@type":"WebPage","@id":"https:\/\/kibrisdakik.com\/?p=37753","url":"https:\/\/kibrisdakik.com\/?p=37753","name":"Cumhurba\u015fkan\u0131 Ersin Tatar, TMT m\u00fccahidi, K\u0131br\u0131s gazileri ve \u015fehit yak\u0131nlar\u0131n\u0131 ziyaret etti -","isPartOf":{"@id":"https:\/\/kibrisdakik.com\/#website"},"primaryImageOfPage":{"@id":"https:\/\/kibrisdakik.com\/?p=37753#primaryimage"},"image":{"@id":"https:\/\/kibrisdakik.com\/?p=37753#primaryimage"},"thumbnailUrl":"https:\/\/kibrisdakik.com\/wp-content\/uploads\/2024\/04\/tatar-mucahit-gazi-sehit-yakinlarini-ziyaret-1--740x420.jpg","datePublished":"2024-04-09T12:32:00+00:00","author":{"@id":"https:\/\/kibrisdakik.com\/#\/schema\/person\/9cd9d437bbb44f72b73ba127e06d8e79"},"breadcrumb":{"@id":"https:\/\/kibrisdakik.com\/?p=37753#breadcrumb"},"inLanguage":"tr","potentialAction":[{"@type":"ReadAction","target":["https:\/\/kibrisdakik.com\/?p=37753"]}]},{"@type":"ImageObject","inLanguage":"tr","@id":"https:\/\/kibrisdakik.com\/?p=37753#primaryimage","url":"https:\/\/kibrisdakik.com\/wp-content\/uploads\/2024\/04\/tatar-mucahit-gazi-sehit-yakinlarini-ziyaret-1--740x420.jpg","contentUrl":"https:\/\/kibrisdakik.com\/wp-content\/uploads\/2024\/04\/tatar-mucahit-gazi-sehit-yakinlarini-ziyaret-1--740x420.jpg","width":1024,"height":682},{"@type":"BreadcrumbList","@id":"https:\/\/kibrisdakik.com\/?p=37753#breadcrumb","itemListElement":[{"@type":"ListItem","position":1,"name":"Home","item":"https:\/\/kibrisdakik.com\/"},{"@type":"ListItem","position":2,"name":"Cumhurba\u015fkan\u0131 Ersin Tatar, TMT m\u00fccahidi, K\u0131br\u0131s gazileri ve \u015fehit yak\u0131nlar\u0131n\u0131 ziyaret etti"}]},{"@type":"WebSite","@id":"https:\/\/kibrisdakik.com\/#website","url":"https:\/\/kibrisdakik.com\/","name":"","description":"Tam vaktinde haber","potentialAction":[{"@type":"SearchAction","target":{"@type":"EntryPoint","urlTemplate":"https:\/\/kibrisdakik.com\/?s={search_term_string}"},"query-input":{"@type":"PropertyValueSpecification","valueRequired":true,"valueName":"search_term_string"}}],"inLanguage":"tr"},{"@type":"Person","@id":"https:\/\/kibrisdakik.com\/#\/schema\/person\/9cd9d437bbb44f72b73ba127e06d8e79","name":"admin","image":{"@type":"ImageObject","inLanguage":"tr","@id":"https:\/\/secure.gravatar.com\/avatar\/ccc17943b9d660506c869530f897617f7cb1c21a4bf30023f252596d83e1f007?s=96&d=mm&r=g","url":"https:\/\/secure.gravatar.com\/avatar\/ccc17943b9d660506c869530f897617f7cb1c21a4bf30023f252596d83e1f007?s=96&d=mm&r=g","contentUrl":"https:\/\/secure.gravatar.com\/avatar\/ccc17943b9d660506c869530f897617f7cb1c21a4bf30023f252596d83e1f007?s=96&d=mm&r=g","caption":"admin"},"sameAs":["https:\/\/kibrisdakik.com"],"url":"https:\/\/kibrisdakik.com\/?author=1"}]}},"_links":{"self":[{"href":"https:\/\/kibrisdakik.com\/index.php?rest_route=\/wp\/v2\/posts\/37753","targetHints":{"allow":["GET"]}}],"collection":[{"href":"https:\/\/kibrisdakik.com\/index.php?rest_route=\/wp\/v2\/posts"}],"about":[{"href":"https:\/\/kibrisdakik.com\/index.php?rest_route=\/wp\/v2\/types\/post"}],"author":[{"embeddable":true,"href":"https:\/\/kibrisdakik.com\/index.php?rest_route=\/wp\/v2\/users\/1"}],"replies":[{"embeddable":true,"href":"https:\/\/kibrisdakik.com\/index.php?rest_route=%2Fwp%2Fv2%2Fcomments&post=37753"}],"version-history":[{"count":0,"href":"https:\/\/kibrisdakik.com\/index.php?rest_route=\/wp\/v2\/posts\/37753\/revisions"}],"wp:featuredmedia":[{"embeddable":true,"href":"https:\/\/kibrisdakik.com\/index.php?rest_route=\/wp\/v2\/media\/37754"}],"wp:attachment":[{"href":"https:\/\/kibrisdakik.com\/index.php?rest_route=%2Fwp%2Fv2%2Fmedia&parent=37753"}],"wp:term":[{"taxonomy":"category","embeddable":true,"href":"https:\/\/kibrisdakik.com\/index.php?rest_route=%2Fwp%2Fv2%2Fcategories&post=37753"},{"taxonomy":"post_tag","embeddable":true,"href":"https:\/\/kibrisdakik.com\/index.php?rest_route=%2Fwp%2Fv2%2Ftags&post=37753"}],"curies":[{"name":"wp","href":"https:\/\/api.w.org\/{rel}","templated":true}]}}