{"id":37757,"date":"2024-04-10T01:56:57","date_gmt":"2024-04-10T01:56:57","guid":{"rendered":"https:\/\/kibrisdakik.com\/index.php\/2024\/04\/10\/unsal-ramazan-bayrami-mesajinda-huzur-baris-adalet-ve-merhamet-diledi\/"},"modified":"2024-04-10T01:56:57","modified_gmt":"2024-04-10T01:56:57","slug":"unsal-ramazan-bayrami-mesajinda-huzur-baris-adalet-ve-merhamet-diledi","status":"publish","type":"post","link":"https:\/\/kibrisdakik.com\/?p=37757","title":{"rendered":"\u00dcnsal, Ramazan Bayram\u0131 mesaj\u0131nda huzur, bar\u0131\u015f, adalet ve merhamet diledi"},"content":{"rendered":"<p><img decoding=\"async\" src=\"https:\/\/www.kibristurk.com\/images\/haberler\/2024\/04\/unsal-ramazan-bayrami-mesajinda-huzur-baris-adalet-ve-merhamet-diledi-1712665080.webp\" \/><\/p>\n<p style=\"text-align:left\"><span style=\"font-size:16px\"><span style=\"font-family:Merriweather,serif !important\"><span style=\"color:#000000\"><span style=\"background-color:#ffffff\">Sonuna gelinen Ramazan ay\u0131n\u0131n e\u011fiten, k\u0131rg\u0131nl\u0131klar\u0131 g\u00f6t\u00fcren, \u015fifa veren, tazeleyen g\u00fcnlerini ya\u015fad\u0131klar\u0131n\u0131 kaydeden \u00dcnsal, &nbsp;Ramazan vesilesiyle yeniden ku\u015fan\u0131lan kulluk \u015fuuru, ibadet bilinci, sorumluluk duygusu, merhamet, yard\u0131mla\u015fma, dayan\u0131\u015fma, payla\u015fma ve kimsesizlerin kimsesi olma gibi de\u011ferlerin di\u011fer aylarda da devam ettirilmesi gerekti\u011fini ifade etti.<\/span><\/span><\/span><\/span><\/p>\n<p style=\"text-align:left\"><span style=\"font-size:16px\"><span style=\"font-family:Merriweather,serif !important\"><span style=\"color:#000000\"><span style=\"background-color:#ffffff\">\u00dcnsal, &nbsp;b\u00fcy\u00fcklerin, akrabalar\u0131n, kom\u015fular\u0131n, gazilerin, \u015fehit ailelerinin ve uzaktan yak\u0131ndan g\u00f6n\u00fcl ba\u011f\u0131 kurulan yak\u0131nlar\u0131n Ramazan Bayram\u0131\u2019nda aranmas\u0131 gerekti\u011fini de belirtti.<\/span><\/span><\/span><\/span><\/p>\n<p style=\"text-align:left\"><span style=\"font-size:16px\"><span style=\"font-family:Merriweather,serif !important\"><span style=\"color:#000000\"><span style=\"background-color:#ffffff\">-&#8220;B\u00fct\u00fcn insanl\u0131\u011fa huzur, bar\u0131\u015f, adalet ve merhamet getirmesini Y\u00fcce Rabbimden niyaz ediyorum\u201d<\/span><\/span><\/span><\/span><\/p>\n<p style=\"text-align:left\"><span style=\"font-size:16px\"><span style=\"font-family:Merriweather,serif !important\"><span style=\"color:#000000\"><span style=\"background-color:#ffffff\">Ramazan Bayram\u0131\u2019na i\u00e7i buruk girilece\u011fini de ifade eden Ahmet \u00dcnsal, mesaj\u0131nda \u015funlar\u0131 kaydetti:<\/span><\/span><\/span><\/span><\/p>\n<p style=\"text-align:left\"><span style=\"font-size:16px\"><span style=\"font-family:Merriweather,serif !important\"><span style=\"color:#000000\"><span style=\"background-color:#ffffff\">\u201cHep birlikte ellerimizi a\u00e7al\u0131m ve dua ile avu\u00e7lar\u0131m\u0131za inen sekineti, emniyeti, hidayeti, selameti insanl\u0131\u011fa g\u00f6nderelim. Ba\u015fta Gazze&#8217;yi, Do\u011fu T\u00fcrkistan&#8217;\u0131, \u00fcmmetin yetimlerini, ihtiya\u00e7 sahibi karde\u015flerimizin ve d\u00fcnyan\u0131n bir\u00e7ok yerinde zul\u00fcm g\u00f6ren mazlum karde\u015flerimizin zalimin zulm\u00fcnden kurtulmas\u0131 i\u00e7in dua edelim. \u00dclkemizin, milletimizin, g\u00f6n\u00fcl co\u011frafyam\u0131z\u0131n ve \u0130sl\u00e2m \u00e2leminin m\u00fcbarek Ramazan Bayramlar\u0131n\u0131 tebrik ediyor, Ramazan Bayram\u0131\u2019n\u0131n \u00fclkemize, milletimize, \u00e2lem-i \u0130sl\u00e2m\u2019a ve b\u00fct\u00fcn insanl\u0131\u011fa huzur, bar\u0131\u015f, adalet ve merhamet getirmesini Y\u00fcce Rabbimden niyaz ediyorum.\u201d<\/span><\/span><\/span><\/span><\/p>\n","protected":false},"excerpt":{"rendered":"<p>Sonuna gelinen Ramazan ay\u0131n\u0131n e\u011fiten, k\u0131rg\u0131nl\u0131klar\u0131 g\u00f6t\u00fcren, \u015fifa veren, tazeleyen g\u00fcnlerini ya\u015fad\u0131klar\u0131n\u0131 kaydeden \u00dcnsal, &nbsp;Ramazan vesilesiyle yeniden ku\u015fan\u0131lan kulluk \u015fuuru, ibadet bilinci, sorumluluk duygusu, merhamet, yard\u0131mla\u015fma, dayan\u0131\u015fma, payla\u015fma ve kimsesizlerin kimsesi olma gibi de\u011ferlerin di\u011fer aylarda da devam ettirilmesi gerekti\u011fini ifade etti. \u00dcnsal, &nbsp;b\u00fcy\u00fcklerin, akrabalar\u0131n, kom\u015fular\u0131n, gazilerin, \u015fehit ailelerinin ve uzaktan yak\u0131ndan g\u00f6n\u00fcl ba\u011f\u0131 kurulan<\/p>\n","protected":false},"author":1,"featured_media":37758,"comment_status":"open","ping_status":"open","sticky":false,"template":"","format":"standard","meta":{"footnotes":""},"categories":[79],"tags":[],"class_list":["post-37757","post","type-post","status-publish","format-standard","has-post-thumbnail","hentry","category-ekonomi"],"yoast_head":"<!-- This site is optimized with the Yoast SEO plugin v27.4 - https:\/\/yoast.com\/product\/yoast-seo-wordpress\/ -->\n<title>\u00dcnsal, Ramazan Bayram\u0131 mesaj\u0131nda huzur, bar\u0131\u015f, adalet ve merhamet diledi -<\/title>\n<meta name=\"robots\" content=\"index, follow, max-snippet:-1, max-image-preview:large, max-video-preview:-1\" \/>\n<link rel=\"canonical\" href=\"https:\/\/kibrisdakik.com\/?p=37757\" \/>\n<meta property=\"og:locale\" content=\"tr_TR\" \/>\n<meta property=\"og:type\" content=\"article\" \/>\n<meta property=\"og:title\" content=\"\u00dcnsal, Ramazan Bayram\u0131 mesaj\u0131nda huzur, bar\u0131\u015f, adalet ve merhamet diledi -\" \/>\n<meta property=\"og:description\" content=\"Sonuna gelinen Ramazan ay\u0131n\u0131n e\u011fiten, k\u0131rg\u0131nl\u0131klar\u0131 g\u00f6t\u00fcren, \u015fifa veren, tazeleyen g\u00fcnlerini ya\u015fad\u0131klar\u0131n\u0131 kaydeden \u00dcnsal, &nbsp;Ramazan vesilesiyle yeniden ku\u015fan\u0131lan kulluk \u015fuuru, ibadet bilinci, sorumluluk duygusu, merhamet, yard\u0131mla\u015fma, dayan\u0131\u015fma, payla\u015fma ve kimsesizlerin kimsesi olma gibi de\u011ferlerin di\u011fer aylarda da devam ettirilmesi gerekti\u011fini ifade etti. \u00dcnsal, &nbsp;b\u00fcy\u00fcklerin, akrabalar\u0131n, kom\u015fular\u0131n, gazilerin, \u015fehit ailelerinin ve uzaktan yak\u0131ndan g\u00f6n\u00fcl ba\u011f\u0131 kurulan\" \/>\n<meta property=\"og:url\" content=\"https:\/\/kibrisdakik.com\/?p=37757\" \/>\n<meta property=\"article:published_time\" content=\"2024-04-10T01:56:57+00:00\" \/>\n<meta property=\"og:image\" content=\"https:\/\/kibrisdakik.com\/wp-content\/uploads\/2024\/04\/unsal-ramazan-bayrami-mesajinda-huzur-baris-adalet-ve-merhamet-diledi-1712665080.webp.webp\" \/>\n\t<meta property=\"og:image:width\" content=\"710\" \/>\n\t<meta property=\"og:image:height\" content=\"370\" \/>\n\t<meta property=\"og:image:type\" content=\"image\/webp\" \/>\n<meta name=\"author\" content=\"admin\" \/>\n<meta name=\"twitter:card\" content=\"summary_large_image\" \/>\n<meta name=\"twitter:label1\" content=\"Yazan:\" \/>\n\t<meta name=\"twitter:data1\" content=\"admin\" \/>\n\t<meta name=\"twitter:label2\" content=\"Tahmini okuma s\u00fcresi\" \/>\n\t<meta name=\"twitter:data2\" content=\"1 dakika\" \/>\n<script type=\"application\/ld+json\" class=\"yoast-schema-graph\">{\"@context\":\"https:\\\/\\\/schema.org\",\"@graph\":[{\"@type\":\"Article\",\"@id\":\"https:\\\/\\\/kibrisdakik.com\\\/?p=37757#article\",\"isPartOf\":{\"@id\":\"https:\\\/\\\/kibrisdakik.com\\\/?p=37757\"},\"author\":{\"name\":\"admin\",\"@id\":\"https:\\\/\\\/kibrisdakik.com\\\/#\\\/schema\\\/person\\\/9cd9d437bbb44f72b73ba127e06d8e79\"},\"headline\":\"\u00dcnsal, Ramazan Bayram\u0131 mesaj\u0131nda huzur, bar\u0131\u015f, adalet ve merhamet diledi\",\"datePublished\":\"2024-04-10T01:56:57+00:00\",\"mainEntityOfPage\":{\"@id\":\"https:\\\/\\\/kibrisdakik.com\\\/?p=37757\"},\"wordCount\":246,\"commentCount\":0,\"image\":{\"@id\":\"https:\\\/\\\/kibrisdakik.com\\\/?p=37757#primaryimage\"},\"thumbnailUrl\":\"https:\\\/\\\/kibrisdakik.com\\\/wp-content\\\/uploads\\\/2024\\\/04\\\/unsal-ramazan-bayrami-mesajinda-huzur-baris-adalet-ve-merhamet-diledi-1712665080.webp.webp\",\"articleSection\":[\"Ekonomi\"],\"inLanguage\":\"tr\",\"potentialAction\":[{\"@type\":\"CommentAction\",\"name\":\"Comment\",\"target\":[\"https:\\\/\\\/kibrisdakik.com\\\/?p=37757#respond\"]}]},{\"@type\":\"WebPage\",\"@id\":\"https:\\\/\\\/kibrisdakik.com\\\/?p=37757\",\"url\":\"https:\\\/\\\/kibrisdakik.com\\\/?p=37757\",\"name\":\"\u00dcnsal, Ramazan Bayram\u0131 mesaj\u0131nda huzur, bar\u0131\u015f, adalet ve merhamet diledi -\",\"isPartOf\":{\"@id\":\"https:\\\/\\\/kibrisdakik.com\\\/#website\"},\"primaryImageOfPage\":{\"@id\":\"https:\\\/\\\/kibrisdakik.com\\\/?p=37757#primaryimage\"},\"image\":{\"@id\":\"https:\\\/\\\/kibrisdakik.com\\\/?p=37757#primaryimage\"},\"thumbnailUrl\":\"https:\\\/\\\/kibrisdakik.com\\\/wp-content\\\/uploads\\\/2024\\\/04\\\/unsal-ramazan-bayrami-mesajinda-huzur-baris-adalet-ve-merhamet-diledi-1712665080.webp.webp\",\"datePublished\":\"2024-04-10T01:56:57+00:00\",\"author\":{\"@id\":\"https:\\\/\\\/kibrisdakik.com\\\/#\\\/schema\\\/person\\\/9cd9d437bbb44f72b73ba127e06d8e79\"},\"breadcrumb\":{\"@id\":\"https:\\\/\\\/kibrisdakik.com\\\/?p=37757#breadcrumb\"},\"inLanguage\":\"tr\",\"potentialAction\":[{\"@type\":\"ReadAction\",\"target\":[\"https:\\\/\\\/kibrisdakik.com\\\/?p=37757\"]}]},{\"@type\":\"ImageObject\",\"inLanguage\":\"tr\",\"@id\":\"https:\\\/\\\/kibrisdakik.com\\\/?p=37757#primaryimage\",\"url\":\"https:\\\/\\\/kibrisdakik.com\\\/wp-content\\\/uploads\\\/2024\\\/04\\\/unsal-ramazan-bayrami-mesajinda-huzur-baris-adalet-ve-merhamet-diledi-1712665080.webp.webp\",\"contentUrl\":\"https:\\\/\\\/kibrisdakik.com\\\/wp-content\\\/uploads\\\/2024\\\/04\\\/unsal-ramazan-bayrami-mesajinda-huzur-baris-adalet-ve-merhamet-diledi-1712665080.webp.webp\",\"width\":710,\"height\":370},{\"@type\":\"BreadcrumbList\",\"@id\":\"https:\\\/\\\/kibrisdakik.com\\\/?p=37757#breadcrumb\",\"itemListElement\":[{\"@type\":\"ListItem\",\"position\":1,\"name\":\"Home\",\"item\":\"https:\\\/\\\/kibrisdakik.com\\\/\"},{\"@type\":\"ListItem\",\"position\":2,\"name\":\"\u00dcnsal, Ramazan Bayram\u0131 mesaj\u0131nda huzur, bar\u0131\u015f, adalet ve merhamet diledi\"}]},{\"@type\":\"WebSite\",\"@id\":\"https:\\\/\\\/kibrisdakik.com\\\/#website\",\"url\":\"https:\\\/\\\/kibrisdakik.com\\\/\",\"name\":\"\",\"description\":\"Tam vaktinde haber\",\"potentialAction\":[{\"@type\":\"SearchAction\",\"target\":{\"@type\":\"EntryPoint\",\"urlTemplate\":\"https:\\\/\\\/kibrisdakik.com\\\/?s={search_term_string}\"},\"query-input\":{\"@type\":\"PropertyValueSpecification\",\"valueRequired\":true,\"valueName\":\"search_term_string\"}}],\"inLanguage\":\"tr\"},{\"@type\":\"Person\",\"@id\":\"https:\\\/\\\/kibrisdakik.com\\\/#\\\/schema\\\/person\\\/9cd9d437bbb44f72b73ba127e06d8e79\",\"name\":\"admin\",\"image\":{\"@type\":\"ImageObject\",\"inLanguage\":\"tr\",\"@id\":\"https:\\\/\\\/secure.gravatar.com\\\/avatar\\\/ccc17943b9d660506c869530f897617f7cb1c21a4bf30023f252596d83e1f007?s=96&d=mm&r=g\",\"url\":\"https:\\\/\\\/secure.gravatar.com\\\/avatar\\\/ccc17943b9d660506c869530f897617f7cb1c21a4bf30023f252596d83e1f007?s=96&d=mm&r=g\",\"contentUrl\":\"https:\\\/\\\/secure.gravatar.com\\\/avatar\\\/ccc17943b9d660506c869530f897617f7cb1c21a4bf30023f252596d83e1f007?s=96&d=mm&r=g\",\"caption\":\"admin\"},\"sameAs\":[\"https:\\\/\\\/kibrisdakik.com\"],\"url\":\"https:\\\/\\\/kibrisdakik.com\\\/?author=1\"}]}<\/script>\n<!-- \/ Yoast SEO plugin. -->","yoast_head_json":{"title":"\u00dcnsal, Ramazan Bayram\u0131 mesaj\u0131nda huzur, bar\u0131\u015f, adalet ve merhamet diledi -","robots":{"index":"index","follow":"follow","max-snippet":"max-snippet:-1","max-image-preview":"max-image-preview:large","max-video-preview":"max-video-preview:-1"},"canonical":"https:\/\/kibrisdakik.com\/?p=37757","og_locale":"tr_TR","og_type":"article","og_title":"\u00dcnsal, Ramazan Bayram\u0131 mesaj\u0131nda huzur, bar\u0131\u015f, adalet ve merhamet diledi -","og_description":"Sonuna gelinen Ramazan ay\u0131n\u0131n e\u011fiten, k\u0131rg\u0131nl\u0131klar\u0131 g\u00f6t\u00fcren, \u015fifa veren, tazeleyen g\u00fcnlerini ya\u015fad\u0131klar\u0131n\u0131 kaydeden \u00dcnsal, &nbsp;Ramazan vesilesiyle yeniden ku\u015fan\u0131lan kulluk \u015fuuru, ibadet bilinci, sorumluluk duygusu, merhamet, yard\u0131mla\u015fma, dayan\u0131\u015fma, payla\u015fma ve kimsesizlerin kimsesi olma gibi de\u011ferlerin di\u011fer aylarda da devam ettirilmesi gerekti\u011fini ifade etti. \u00dcnsal, &nbsp;b\u00fcy\u00fcklerin, akrabalar\u0131n, kom\u015fular\u0131n, gazilerin, \u015fehit ailelerinin ve uzaktan yak\u0131ndan g\u00f6n\u00fcl ba\u011f\u0131 kurulan","og_url":"https:\/\/kibrisdakik.com\/?p=37757","article_published_time":"2024-04-10T01:56:57+00:00","og_image":[{"width":710,"height":370,"url":"https:\/\/kibrisdakik.com\/wp-content\/uploads\/2024\/04\/unsal-ramazan-bayrami-mesajinda-huzur-baris-adalet-ve-merhamet-diledi-1712665080.webp.webp","type":"image\/webp"}],"author":"admin","twitter_card":"summary_large_image","twitter_misc":{"Yazan:":"admin","Tahmini okuma s\u00fcresi":"1 dakika"},"schema":{"@context":"https:\/\/schema.org","@graph":[{"@type":"Article","@id":"https:\/\/kibrisdakik.com\/?p=37757#article","isPartOf":{"@id":"https:\/\/kibrisdakik.com\/?p=37757"},"author":{"name":"admin","@id":"https:\/\/kibrisdakik.com\/#\/schema\/person\/9cd9d437bbb44f72b73ba127e06d8e79"},"headline":"\u00dcnsal, Ramazan Bayram\u0131 mesaj\u0131nda huzur, bar\u0131\u015f, adalet ve merhamet diledi","datePublished":"2024-04-10T01:56:57+00:00","mainEntityOfPage":{"@id":"https:\/\/kibrisdakik.com\/?p=37757"},"wordCount":246,"commentCount":0,"image":{"@id":"https:\/\/kibrisdakik.com\/?p=37757#primaryimage"},"thumbnailUrl":"https:\/\/kibrisdakik.com\/wp-content\/uploads\/2024\/04\/unsal-ramazan-bayrami-mesajinda-huzur-baris-adalet-ve-merhamet-diledi-1712665080.webp.webp","articleSection":["Ekonomi"],"inLanguage":"tr","potentialAction":[{"@type":"CommentAction","name":"Comment","target":["https:\/\/kibrisdakik.com\/?p=37757#respond"]}]},{"@type":"WebPage","@id":"https:\/\/kibrisdakik.com\/?p=37757","url":"https:\/\/kibrisdakik.com\/?p=37757","name":"\u00dcnsal, Ramazan Bayram\u0131 mesaj\u0131nda huzur, bar\u0131\u015f, adalet ve merhamet diledi -","isPartOf":{"@id":"https:\/\/kibrisdakik.com\/#website"},"primaryImageOfPage":{"@id":"https:\/\/kibrisdakik.com\/?p=37757#primaryimage"},"image":{"@id":"https:\/\/kibrisdakik.com\/?p=37757#primaryimage"},"thumbnailUrl":"https:\/\/kibrisdakik.com\/wp-content\/uploads\/2024\/04\/unsal-ramazan-bayrami-mesajinda-huzur-baris-adalet-ve-merhamet-diledi-1712665080.webp.webp","datePublished":"2024-04-10T01:56:57+00:00","author":{"@id":"https:\/\/kibrisdakik.com\/#\/schema\/person\/9cd9d437bbb44f72b73ba127e06d8e79"},"breadcrumb":{"@id":"https:\/\/kibrisdakik.com\/?p=37757#breadcrumb"},"inLanguage":"tr","potentialAction":[{"@type":"ReadAction","target":["https:\/\/kibrisdakik.com\/?p=37757"]}]},{"@type":"ImageObject","inLanguage":"tr","@id":"https:\/\/kibrisdakik.com\/?p=37757#primaryimage","url":"https:\/\/kibrisdakik.com\/wp-content\/uploads\/2024\/04\/unsal-ramazan-bayrami-mesajinda-huzur-baris-adalet-ve-merhamet-diledi-1712665080.webp.webp","contentUrl":"https:\/\/kibrisdakik.com\/wp-content\/uploads\/2024\/04\/unsal-ramazan-bayrami-mesajinda-huzur-baris-adalet-ve-merhamet-diledi-1712665080.webp.webp","width":710,"height":370},{"@type":"BreadcrumbList","@id":"https:\/\/kibrisdakik.com\/?p=37757#breadcrumb","itemListElement":[{"@type":"ListItem","position":1,"name":"Home","item":"https:\/\/kibrisdakik.com\/"},{"@type":"ListItem","position":2,"name":"\u00dcnsal, Ramazan Bayram\u0131 mesaj\u0131nda huzur, bar\u0131\u015f, adalet ve merhamet diledi"}]},{"@type":"WebSite","@id":"https:\/\/kibrisdakik.com\/#website","url":"https:\/\/kibrisdakik.com\/","name":"","description":"Tam vaktinde haber","potentialAction":[{"@type":"SearchAction","target":{"@type":"EntryPoint","urlTemplate":"https:\/\/kibrisdakik.com\/?s={search_term_string}"},"query-input":{"@type":"PropertyValueSpecification","valueRequired":true,"valueName":"search_term_string"}}],"inLanguage":"tr"},{"@type":"Person","@id":"https:\/\/kibrisdakik.com\/#\/schema\/person\/9cd9d437bbb44f72b73ba127e06d8e79","name":"admin","image":{"@type":"ImageObject","inLanguage":"tr","@id":"https:\/\/secure.gravatar.com\/avatar\/ccc17943b9d660506c869530f897617f7cb1c21a4bf30023f252596d83e1f007?s=96&d=mm&r=g","url":"https:\/\/secure.gravatar.com\/avatar\/ccc17943b9d660506c869530f897617f7cb1c21a4bf30023f252596d83e1f007?s=96&d=mm&r=g","contentUrl":"https:\/\/secure.gravatar.com\/avatar\/ccc17943b9d660506c869530f897617f7cb1c21a4bf30023f252596d83e1f007?s=96&d=mm&r=g","caption":"admin"},"sameAs":["https:\/\/kibrisdakik.com"],"url":"https:\/\/kibrisdakik.com\/?author=1"}]}},"_links":{"self":[{"href":"https:\/\/kibrisdakik.com\/index.php?rest_route=\/wp\/v2\/posts\/37757","targetHints":{"allow":["GET"]}}],"collection":[{"href":"https:\/\/kibrisdakik.com\/index.php?rest_route=\/wp\/v2\/posts"}],"about":[{"href":"https:\/\/kibrisdakik.com\/index.php?rest_route=\/wp\/v2\/types\/post"}],"author":[{"embeddable":true,"href":"https:\/\/kibrisdakik.com\/index.php?rest_route=\/wp\/v2\/users\/1"}],"replies":[{"embeddable":true,"href":"https:\/\/kibrisdakik.com\/index.php?rest_route=%2Fwp%2Fv2%2Fcomments&post=37757"}],"version-history":[{"count":0,"href":"https:\/\/kibrisdakik.com\/index.php?rest_route=\/wp\/v2\/posts\/37757\/revisions"}],"wp:featuredmedia":[{"embeddable":true,"href":"https:\/\/kibrisdakik.com\/index.php?rest_route=\/wp\/v2\/media\/37758"}],"wp:attachment":[{"href":"https:\/\/kibrisdakik.com\/index.php?rest_route=%2Fwp%2Fv2%2Fmedia&parent=37757"}],"wp:term":[{"taxonomy":"category","embeddable":true,"href":"https:\/\/kibrisdakik.com\/index.php?rest_route=%2Fwp%2Fv2%2Fcategories&post=37757"},{"taxonomy":"post_tag","embeddable":true,"href":"https:\/\/kibrisdakik.com\/index.php?rest_route=%2Fwp%2Fv2%2Ftags&post=37757"}],"curies":[{"name":"wp","href":"https:\/\/api.w.org\/{rel}","templated":true}]}}