{"id":37828,"date":"2024-04-10T14:04:54","date_gmt":"2024-04-10T14:04:54","guid":{"rendered":"https:\/\/kibrisdakik.com\/index.php\/2024\/04\/10\/basbakan-ustel-partililer-ve-halkla-bayramlasti\/"},"modified":"2024-04-10T14:04:54","modified_gmt":"2024-04-10T14:04:54","slug":"basbakan-ustel-partililer-ve-halkla-bayramlasti","status":"publish","type":"post","link":"https:\/\/kibrisdakik.com\/?p=37828","title":{"rendered":"Ba\u015fbakan \u00dcstel partililer ve halkla bayramla\u015ft\u0131"},"content":{"rendered":"<p><\/p>\n<div>\n<div class=\"mariselle-image-container none\">\n                <img loading=\"lazy\" decoding=\"async\" width=\"2048\" height=\"1532\" class=\"lazy-image\" alt=\"\" sizes=\"auto, (max-width: 2048px) 100vw, 2048px\" src=\"https:\/\/brtk.net\/wp-content\/uploads\/2024\/04\/10\/bayramlasma-2-.jpeg?ver=c0cc5d4440c5a1350cb0a9910add7608\" srcset=\"https:\/\/brtk.net\/wp-content\/uploads\/2024\/04\/10\/bayramlasma-2-.jpeg?ver=c0cc5d4440c5a1350cb0a9910add7608 2048w, https:\/\/brtk.net\/wp-content\/uploads\/2024\/04\/10\/bayramlasma-2--300x224.jpeg?ver=c0cc5d4440c5a1350cb0a9910add7608 300w, https:\/\/brtk.net\/wp-content\/uploads\/2024\/04\/10\/bayramlasma-2--1024x766.jpeg?ver=6a969d80c71261ea04466b59d925d40d 1024w, https:\/\/brtk.net\/wp-content\/uploads\/2024\/04\/10\/bayramlasma-2--768x575.jpeg?ver=6a969d80c71261ea04466b59d925d40d 768w, https:\/\/brtk.net\/wp-content\/uploads\/2024\/04\/10\/bayramlasma-2--1536x1149.jpeg?ver=46cd7b6658d798739ab9e4ff0b552618 1536w\"\/>                            <\/div>\n<p>Ulusal Birlik Partisi (<a href=\"https:\/\/brtk.net\/\"\/><a href=\"https:\/\/brtk.net\/\">UBP<\/a>) Genel Ba\u015fkan\u0131, Ba\u015fbakan \u00dcnal \u00dcstel bug\u00fcn <a href=\"https:\/\/brtk.net\/\"\/><a href=\"https:\/\/brtk.net\/\">UBP<\/a> Genel Merkezi\u2019nde partililerle bayramla\u015ft\u0131.<\/p>\n<p>Ba\u015fbakan \u00dcnal \u00dcstel, e\u015fi Zerrin \u00dcstel ve <a href=\"https:\/\/brtk.net\/\"\/><a href=\"https:\/\/brtk.net\/\">UBP<\/a> Genel Sekreteri O\u011fuzhan Hasipo\u011flu, partililerin ve halk\u0131n bayram\u0131n\u0131 kutlad\u0131.<\/p>\n<p>Cumhuriyet Meclisi Ba\u015fkan\u0131 Zorlu T\u00f6re, baz\u0131 bakanlar, milletvekilleri, belediye ba\u015fkanlar\u0131n\u0131n da kat\u0131ld\u0131\u011f\u0131 bayramla\u015fmada Ba\u015fbakan \u00dcstel, t\u00fcm halk\u0131n bayram\u0131n\u0131 kutlayarak, trafikte kurallara uyma \u00e7a\u011fr\u0131s\u0131nda bulundu.<\/p>\n<p>Ba\u015fbakan \u00dcnal \u00dcstel, bayramlar\u0131n insanlar\u0131 bir araya getirdi\u011fini, sevin\u00e7lerin payla\u015f\u0131ld\u0131\u011f\u0131n\u0131 s\u00f6yleyerek, t\u00fcm halka iyi bayramlar diledi.\u00a0Halka trafikte dikkatli olmalar\u0131 \u00e7a\u011fr\u0131s\u0131nda bulunan \u00dcstel, son g\u00fcnlerde trafikte ac\u0131 olaylar ya\u015fand\u0131\u011f\u0131na i\u015faret etti.<\/p>\n<p>\u00dcstel, t\u00fcm halka trafik kurallar\u0131na uyma ve trafikte dikkatli seyretme \u00e7a\u011fr\u0131s\u0131 yapt\u0131.<\/p>\n<\/p><\/div>\n<p><script async\n                    defer\n                    crossorigin=\"anonymous\"\n                    src=\"https:\/\/connect.facebook.net\/tr_TR\/sdk.js#xfbml=1&#038;version=v3.3\"\n            ><\/script><\/p>\n","protected":false},"excerpt":{"rendered":"<p>Ulusal Birlik Partisi (UBP) Genel Ba\u015fkan\u0131, Ba\u015fbakan \u00dcnal \u00dcstel bug\u00fcn UBP Genel Merkezi\u2019nde partililerle bayramla\u015ft\u0131. Ba\u015fbakan \u00dcnal \u00dcstel, e\u015fi Zerrin \u00dcstel ve UBP Genel Sekreteri O\u011fuzhan Hasipo\u011flu, partililerin ve halk\u0131n bayram\u0131n\u0131 kutlad\u0131. Cumhuriyet Meclisi Ba\u015fkan\u0131 Zorlu T\u00f6re, baz\u0131 bakanlar, milletvekilleri, belediye ba\u015fkanlar\u0131n\u0131n da kat\u0131ld\u0131\u011f\u0131 bayramla\u015fmada Ba\u015fbakan \u00dcstel, t\u00fcm halk\u0131n bayram\u0131n\u0131 kutlayarak, trafikte kurallara uyma \u00e7a\u011fr\u0131s\u0131nda<\/p>\n","protected":false},"author":1,"featured_media":37829,"comment_status":"open","ping_status":"open","sticky":false,"template":"","format":"standard","meta":{"footnotes":""},"categories":[1],"tags":[],"class_list":["post-37828","post","type-post","status-publish","format-standard","has-post-thumbnail","hentry","category-gundem"],"yoast_head":"<!-- This site is optimized with the Yoast SEO plugin v27.4 - https:\/\/yoast.com\/product\/yoast-seo-wordpress\/ -->\n<title>Ba\u015fbakan \u00dcstel partililer ve halkla bayramla\u015ft\u0131 -<\/title>\n<meta name=\"robots\" content=\"index, follow, max-snippet:-1, max-image-preview:large, max-video-preview:-1\" \/>\n<link rel=\"canonical\" href=\"https:\/\/kibrisdakik.com\/?p=37828\" \/>\n<meta property=\"og:locale\" content=\"tr_TR\" \/>\n<meta property=\"og:type\" content=\"article\" \/>\n<meta property=\"og:title\" content=\"Ba\u015fbakan \u00dcstel partililer ve halkla bayramla\u015ft\u0131 -\" \/>\n<meta property=\"og:description\" content=\"Ulusal Birlik Partisi (UBP) Genel Ba\u015fkan\u0131, Ba\u015fbakan \u00dcnal \u00dcstel bug\u00fcn UBP Genel Merkezi\u2019nde partililerle bayramla\u015ft\u0131. Ba\u015fbakan \u00dcnal \u00dcstel, e\u015fi Zerrin \u00dcstel ve UBP Genel Sekreteri O\u011fuzhan Hasipo\u011flu, partililerin ve halk\u0131n bayram\u0131n\u0131 kutlad\u0131. Cumhuriyet Meclisi Ba\u015fkan\u0131 Zorlu T\u00f6re, baz\u0131 bakanlar, milletvekilleri, belediye ba\u015fkanlar\u0131n\u0131n da kat\u0131ld\u0131\u011f\u0131 bayramla\u015fmada Ba\u015fbakan \u00dcstel, t\u00fcm halk\u0131n bayram\u0131n\u0131 kutlayarak, trafikte kurallara uyma \u00e7a\u011fr\u0131s\u0131nda\" \/>\n<meta property=\"og:url\" content=\"https:\/\/kibrisdakik.com\/?p=37828\" \/>\n<meta property=\"article:published_time\" content=\"2024-04-10T14:04:54+00:00\" \/>\n<meta property=\"og:image\" content=\"https:\/\/kibrisdakik.com\/wp-content\/uploads\/2024\/04\/bayramlasma-2--740x420.jpeg\" \/>\n\t<meta property=\"og:image:width\" content=\"2048\" \/>\n\t<meta property=\"og:image:height\" content=\"1532\" \/>\n\t<meta property=\"og:image:type\" content=\"image\/jpeg\" \/>\n<meta name=\"author\" content=\"admin\" \/>\n<meta name=\"twitter:card\" content=\"summary_large_image\" \/>\n<meta name=\"twitter:label1\" content=\"Yazan:\" \/>\n\t<meta name=\"twitter:data1\" content=\"admin\" \/>\n\t<meta name=\"twitter:label2\" content=\"Tahmini okuma s\u00fcresi\" \/>\n\t<meta name=\"twitter:data2\" content=\"1 dakika\" \/>\n<script type=\"application\/ld+json\" class=\"yoast-schema-graph\">{\"@context\":\"https:\\\/\\\/schema.org\",\"@graph\":[{\"@type\":\"Article\",\"@id\":\"https:\\\/\\\/kibrisdakik.com\\\/?p=37828#article\",\"isPartOf\":{\"@id\":\"https:\\\/\\\/kibrisdakik.com\\\/?p=37828\"},\"author\":{\"name\":\"admin\",\"@id\":\"https:\\\/\\\/kibrisdakik.com\\\/#\\\/schema\\\/person\\\/9cd9d437bbb44f72b73ba127e06d8e79\"},\"headline\":\"Ba\u015fbakan \u00dcstel partililer ve halkla bayramla\u015ft\u0131\",\"datePublished\":\"2024-04-10T14:04:54+00:00\",\"mainEntityOfPage\":{\"@id\":\"https:\\\/\\\/kibrisdakik.com\\\/?p=37828\"},\"wordCount\":151,\"commentCount\":0,\"image\":{\"@id\":\"https:\\\/\\\/kibrisdakik.com\\\/?p=37828#primaryimage\"},\"thumbnailUrl\":\"https:\\\/\\\/kibrisdakik.com\\\/wp-content\\\/uploads\\\/2024\\\/04\\\/bayramlasma-2--740x420.jpeg\",\"articleSection\":[\"G\u00fcndem\"],\"inLanguage\":\"tr\",\"potentialAction\":[{\"@type\":\"CommentAction\",\"name\":\"Comment\",\"target\":[\"https:\\\/\\\/kibrisdakik.com\\\/?p=37828#respond\"]}]},{\"@type\":\"WebPage\",\"@id\":\"https:\\\/\\\/kibrisdakik.com\\\/?p=37828\",\"url\":\"https:\\\/\\\/kibrisdakik.com\\\/?p=37828\",\"name\":\"Ba\u015fbakan \u00dcstel partililer ve halkla bayramla\u015ft\u0131 -\",\"isPartOf\":{\"@id\":\"https:\\\/\\\/kibrisdakik.com\\\/#website\"},\"primaryImageOfPage\":{\"@id\":\"https:\\\/\\\/kibrisdakik.com\\\/?p=37828#primaryimage\"},\"image\":{\"@id\":\"https:\\\/\\\/kibrisdakik.com\\\/?p=37828#primaryimage\"},\"thumbnailUrl\":\"https:\\\/\\\/kibrisdakik.com\\\/wp-content\\\/uploads\\\/2024\\\/04\\\/bayramlasma-2--740x420.jpeg\",\"datePublished\":\"2024-04-10T14:04:54+00:00\",\"author\":{\"@id\":\"https:\\\/\\\/kibrisdakik.com\\\/#\\\/schema\\\/person\\\/9cd9d437bbb44f72b73ba127e06d8e79\"},\"breadcrumb\":{\"@id\":\"https:\\\/\\\/kibrisdakik.com\\\/?p=37828#breadcrumb\"},\"inLanguage\":\"tr\",\"potentialAction\":[{\"@type\":\"ReadAction\",\"target\":[\"https:\\\/\\\/kibrisdakik.com\\\/?p=37828\"]}]},{\"@type\":\"ImageObject\",\"inLanguage\":\"tr\",\"@id\":\"https:\\\/\\\/kibrisdakik.com\\\/?p=37828#primaryimage\",\"url\":\"https:\\\/\\\/kibrisdakik.com\\\/wp-content\\\/uploads\\\/2024\\\/04\\\/bayramlasma-2--740x420.jpeg\",\"contentUrl\":\"https:\\\/\\\/kibrisdakik.com\\\/wp-content\\\/uploads\\\/2024\\\/04\\\/bayramlasma-2--740x420.jpeg\",\"width\":2048,\"height\":1532},{\"@type\":\"BreadcrumbList\",\"@id\":\"https:\\\/\\\/kibrisdakik.com\\\/?p=37828#breadcrumb\",\"itemListElement\":[{\"@type\":\"ListItem\",\"position\":1,\"name\":\"Home\",\"item\":\"https:\\\/\\\/kibrisdakik.com\\\/\"},{\"@type\":\"ListItem\",\"position\":2,\"name\":\"Ba\u015fbakan \u00dcstel partililer ve halkla bayramla\u015ft\u0131\"}]},{\"@type\":\"WebSite\",\"@id\":\"https:\\\/\\\/kibrisdakik.com\\\/#website\",\"url\":\"https:\\\/\\\/kibrisdakik.com\\\/\",\"name\":\"\",\"description\":\"Tam vaktinde haber\",\"potentialAction\":[{\"@type\":\"SearchAction\",\"target\":{\"@type\":\"EntryPoint\",\"urlTemplate\":\"https:\\\/\\\/kibrisdakik.com\\\/?s={search_term_string}\"},\"query-input\":{\"@type\":\"PropertyValueSpecification\",\"valueRequired\":true,\"valueName\":\"search_term_string\"}}],\"inLanguage\":\"tr\"},{\"@type\":\"Person\",\"@id\":\"https:\\\/\\\/kibrisdakik.com\\\/#\\\/schema\\\/person\\\/9cd9d437bbb44f72b73ba127e06d8e79\",\"name\":\"admin\",\"image\":{\"@type\":\"ImageObject\",\"inLanguage\":\"tr\",\"@id\":\"https:\\\/\\\/secure.gravatar.com\\\/avatar\\\/ccc17943b9d660506c869530f897617f7cb1c21a4bf30023f252596d83e1f007?s=96&d=mm&r=g\",\"url\":\"https:\\\/\\\/secure.gravatar.com\\\/avatar\\\/ccc17943b9d660506c869530f897617f7cb1c21a4bf30023f252596d83e1f007?s=96&d=mm&r=g\",\"contentUrl\":\"https:\\\/\\\/secure.gravatar.com\\\/avatar\\\/ccc17943b9d660506c869530f897617f7cb1c21a4bf30023f252596d83e1f007?s=96&d=mm&r=g\",\"caption\":\"admin\"},\"sameAs\":[\"https:\\\/\\\/kibrisdakik.com\"],\"url\":\"https:\\\/\\\/kibrisdakik.com\\\/?author=1\"}]}<\/script>\n<!-- \/ Yoast SEO plugin. -->","yoast_head_json":{"title":"Ba\u015fbakan \u00dcstel partililer ve halkla bayramla\u015ft\u0131 -","robots":{"index":"index","follow":"follow","max-snippet":"max-snippet:-1","max-image-preview":"max-image-preview:large","max-video-preview":"max-video-preview:-1"},"canonical":"https:\/\/kibrisdakik.com\/?p=37828","og_locale":"tr_TR","og_type":"article","og_title":"Ba\u015fbakan \u00dcstel partililer ve halkla bayramla\u015ft\u0131 -","og_description":"Ulusal Birlik Partisi (UBP) Genel Ba\u015fkan\u0131, Ba\u015fbakan \u00dcnal \u00dcstel bug\u00fcn UBP Genel Merkezi\u2019nde partililerle bayramla\u015ft\u0131. Ba\u015fbakan \u00dcnal \u00dcstel, e\u015fi Zerrin \u00dcstel ve UBP Genel Sekreteri O\u011fuzhan Hasipo\u011flu, partililerin ve halk\u0131n bayram\u0131n\u0131 kutlad\u0131. Cumhuriyet Meclisi Ba\u015fkan\u0131 Zorlu T\u00f6re, baz\u0131 bakanlar, milletvekilleri, belediye ba\u015fkanlar\u0131n\u0131n da kat\u0131ld\u0131\u011f\u0131 bayramla\u015fmada Ba\u015fbakan \u00dcstel, t\u00fcm halk\u0131n bayram\u0131n\u0131 kutlayarak, trafikte kurallara uyma \u00e7a\u011fr\u0131s\u0131nda","og_url":"https:\/\/kibrisdakik.com\/?p=37828","article_published_time":"2024-04-10T14:04:54+00:00","og_image":[{"width":2048,"height":1532,"url":"https:\/\/kibrisdakik.com\/wp-content\/uploads\/2024\/04\/bayramlasma-2--740x420.jpeg","type":"image\/jpeg"}],"author":"admin","twitter_card":"summary_large_image","twitter_misc":{"Yazan:":"admin","Tahmini okuma s\u00fcresi":"1 dakika"},"schema":{"@context":"https:\/\/schema.org","@graph":[{"@type":"Article","@id":"https:\/\/kibrisdakik.com\/?p=37828#article","isPartOf":{"@id":"https:\/\/kibrisdakik.com\/?p=37828"},"author":{"name":"admin","@id":"https:\/\/kibrisdakik.com\/#\/schema\/person\/9cd9d437bbb44f72b73ba127e06d8e79"},"headline":"Ba\u015fbakan \u00dcstel partililer ve halkla bayramla\u015ft\u0131","datePublished":"2024-04-10T14:04:54+00:00","mainEntityOfPage":{"@id":"https:\/\/kibrisdakik.com\/?p=37828"},"wordCount":151,"commentCount":0,"image":{"@id":"https:\/\/kibrisdakik.com\/?p=37828#primaryimage"},"thumbnailUrl":"https:\/\/kibrisdakik.com\/wp-content\/uploads\/2024\/04\/bayramlasma-2--740x420.jpeg","articleSection":["G\u00fcndem"],"inLanguage":"tr","potentialAction":[{"@type":"CommentAction","name":"Comment","target":["https:\/\/kibrisdakik.com\/?p=37828#respond"]}]},{"@type":"WebPage","@id":"https:\/\/kibrisdakik.com\/?p=37828","url":"https:\/\/kibrisdakik.com\/?p=37828","name":"Ba\u015fbakan \u00dcstel partililer ve halkla bayramla\u015ft\u0131 -","isPartOf":{"@id":"https:\/\/kibrisdakik.com\/#website"},"primaryImageOfPage":{"@id":"https:\/\/kibrisdakik.com\/?p=37828#primaryimage"},"image":{"@id":"https:\/\/kibrisdakik.com\/?p=37828#primaryimage"},"thumbnailUrl":"https:\/\/kibrisdakik.com\/wp-content\/uploads\/2024\/04\/bayramlasma-2--740x420.jpeg","datePublished":"2024-04-10T14:04:54+00:00","author":{"@id":"https:\/\/kibrisdakik.com\/#\/schema\/person\/9cd9d437bbb44f72b73ba127e06d8e79"},"breadcrumb":{"@id":"https:\/\/kibrisdakik.com\/?p=37828#breadcrumb"},"inLanguage":"tr","potentialAction":[{"@type":"ReadAction","target":["https:\/\/kibrisdakik.com\/?p=37828"]}]},{"@type":"ImageObject","inLanguage":"tr","@id":"https:\/\/kibrisdakik.com\/?p=37828#primaryimage","url":"https:\/\/kibrisdakik.com\/wp-content\/uploads\/2024\/04\/bayramlasma-2--740x420.jpeg","contentUrl":"https:\/\/kibrisdakik.com\/wp-content\/uploads\/2024\/04\/bayramlasma-2--740x420.jpeg","width":2048,"height":1532},{"@type":"BreadcrumbList","@id":"https:\/\/kibrisdakik.com\/?p=37828#breadcrumb","itemListElement":[{"@type":"ListItem","position":1,"name":"Home","item":"https:\/\/kibrisdakik.com\/"},{"@type":"ListItem","position":2,"name":"Ba\u015fbakan \u00dcstel partililer ve halkla bayramla\u015ft\u0131"}]},{"@type":"WebSite","@id":"https:\/\/kibrisdakik.com\/#website","url":"https:\/\/kibrisdakik.com\/","name":"","description":"Tam vaktinde haber","potentialAction":[{"@type":"SearchAction","target":{"@type":"EntryPoint","urlTemplate":"https:\/\/kibrisdakik.com\/?s={search_term_string}"},"query-input":{"@type":"PropertyValueSpecification","valueRequired":true,"valueName":"search_term_string"}}],"inLanguage":"tr"},{"@type":"Person","@id":"https:\/\/kibrisdakik.com\/#\/schema\/person\/9cd9d437bbb44f72b73ba127e06d8e79","name":"admin","image":{"@type":"ImageObject","inLanguage":"tr","@id":"https:\/\/secure.gravatar.com\/avatar\/ccc17943b9d660506c869530f897617f7cb1c21a4bf30023f252596d83e1f007?s=96&d=mm&r=g","url":"https:\/\/secure.gravatar.com\/avatar\/ccc17943b9d660506c869530f897617f7cb1c21a4bf30023f252596d83e1f007?s=96&d=mm&r=g","contentUrl":"https:\/\/secure.gravatar.com\/avatar\/ccc17943b9d660506c869530f897617f7cb1c21a4bf30023f252596d83e1f007?s=96&d=mm&r=g","caption":"admin"},"sameAs":["https:\/\/kibrisdakik.com"],"url":"https:\/\/kibrisdakik.com\/?author=1"}]}},"_links":{"self":[{"href":"https:\/\/kibrisdakik.com\/index.php?rest_route=\/wp\/v2\/posts\/37828","targetHints":{"allow":["GET"]}}],"collection":[{"href":"https:\/\/kibrisdakik.com\/index.php?rest_route=\/wp\/v2\/posts"}],"about":[{"href":"https:\/\/kibrisdakik.com\/index.php?rest_route=\/wp\/v2\/types\/post"}],"author":[{"embeddable":true,"href":"https:\/\/kibrisdakik.com\/index.php?rest_route=\/wp\/v2\/users\/1"}],"replies":[{"embeddable":true,"href":"https:\/\/kibrisdakik.com\/index.php?rest_route=%2Fwp%2Fv2%2Fcomments&post=37828"}],"version-history":[{"count":0,"href":"https:\/\/kibrisdakik.com\/index.php?rest_route=\/wp\/v2\/posts\/37828\/revisions"}],"wp:featuredmedia":[{"embeddable":true,"href":"https:\/\/kibrisdakik.com\/index.php?rest_route=\/wp\/v2\/media\/37829"}],"wp:attachment":[{"href":"https:\/\/kibrisdakik.com\/index.php?rest_route=%2Fwp%2Fv2%2Fmedia&parent=37828"}],"wp:term":[{"taxonomy":"category","embeddable":true,"href":"https:\/\/kibrisdakik.com\/index.php?rest_route=%2Fwp%2Fv2%2Fcategories&post=37828"},{"taxonomy":"post_tag","embeddable":true,"href":"https:\/\/kibrisdakik.com\/index.php?rest_route=%2Fwp%2Fv2%2Ftags&post=37828"}],"curies":[{"name":"wp","href":"https:\/\/api.w.org\/{rel}","templated":true}]}}