{"id":37867,"date":"2024-04-10T20:10:50","date_gmt":"2024-04-10T20:10:50","guid":{"rendered":"https:\/\/kibrisdakik.com\/index.php\/2024\/04\/10\/tatarsehitlerimizi-ne-unuturuz-ne-unuttururuz\/"},"modified":"2024-04-10T20:10:50","modified_gmt":"2024-04-10T20:10:50","slug":"tatarsehitlerimizi-ne-unuturuz-ne-unuttururuz","status":"publish","type":"post","link":"https:\/\/kibrisdakik.com\/?p=37867","title":{"rendered":"Tatar:\u015eehitlerimizi ne unuturuz, ne unuttururuz"},"content":{"rendered":"<p><\/p>\n<div>\n<div class=\"mariselle-image-container center\">\n                <img loading=\"lazy\" decoding=\"async\" width=\"1600\" height=\"1066\" class=\"lazy-image\" alt=\"\" sizes=\"auto, (max-width: 1600px) 100vw, 1600px\" src=\"https:\/\/brtk.net\/wp-content\/uploads\/2024\/04\/10\/sehit-32.jpg?ver=81a8c9c54a2d10a8e2c101926a8b9d69\" srcset=\"https:\/\/brtk.net\/wp-content\/uploads\/2024\/04\/10\/sehit-32.jpg?ver=81a8c9c54a2d10a8e2c101926a8b9d69 1600w, https:\/\/brtk.net\/wp-content\/uploads\/2024\/04\/10\/sehit-32-300x200.jpg?ver=603d80caf12dd9bd5f915e6e0ae7aa7f 300w, https:\/\/brtk.net\/wp-content\/uploads\/2024\/04\/10\/sehit-32-1024x682.jpg?ver=603d80caf12dd9bd5f915e6e0ae7aa7f 1024w, https:\/\/brtk.net\/wp-content\/uploads\/2024\/04\/10\/sehit-32-768x512.jpg?ver=603d80caf12dd9bd5f915e6e0ae7aa7f 768w, https:\/\/brtk.net\/wp-content\/uploads\/2024\/04\/10\/sehit-32-1536x1023.jpg?ver=9797a895b450fb929f8a650481a9dcd9 1536w\"\/>                            <\/div>\n<p>Cumhurba\u015fkan\u0131 <a href=\"https:\/\/brtk.net\/\" target=\"_blank\" rel=\"noopener\"><a href=\"https:\/\/brtk.net\/\" target=\"_blank\" rel=\"noopener\"><a href=\"https:\/\/brtk.net\/\" target=\"_blank\" rel=\"noopener\"><a href=\"https:\/\/brtk.net\/\" target=\"_blank\" rel=\"noopener\">Ersin <\/a><a href=\"https:\/\/brtk.net\/\"\/><a href=\"https:\/\/brtk.net\/\"\/><a href=\"https:\/\/brtk.net\/\"\/><a href=\"https:\/\/brtk.net\/\"\/><a href=\"https:\/\/brtk.net\/\"\/><a href=\"https:\/\/brtk.net\/\">Tatar<\/a>, Ramazan Bayram\u0131 vesilesiyle \u015fehit Mehmet Vural Ahmet ve \u015fehit Bayram Ya\u015far Mehmet\u2019in yak\u0131nlar\u0131n\u0131 ziyaret etti.<\/p>\n<p>Cumhurba\u015fkan\u0131 <a href=\"https:\/\/brtk.net\/\" target=\"_blank\" rel=\"noopener\"><a href=\"https:\/\/brtk.net\/\" target=\"_blank\" rel=\"noopener\"><a href=\"https:\/\/brtk.net\/\" target=\"_blank\" rel=\"noopener\"><a href=\"https:\/\/brtk.net\/\" target=\"_blank\" rel=\"noopener\">Ersin <\/a><a href=\"https:\/\/brtk.net\/\"\/><a href=\"https:\/\/brtk.net\/\"\/><a href=\"https:\/\/brtk.net\/\"\/><a href=\"https:\/\/brtk.net\/\"\/><a href=\"https:\/\/brtk.net\/\"\/><a href=\"https:\/\/brtk.net\/\">Tatar<\/a>, K\u0131br\u0131s T\u00fcrk\u00fc\u2019n\u00fcn ge\u00e7mi\u015fte \u00e7ok ac\u0131lar \u00e7ekti\u011fini ve varolu\u015f m\u00fccadelesi verdi\u011fini belirterek, verilen \u015fehitler sayesinde bug\u00fcn \u00f6zg\u00fcr ve ba\u011f\u0131ms\u0131z bir \u015fekilde huzur i\u00e7inde ya\u015fand\u0131\u011f\u0131n\u0131 s\u00f6yledi.<\/p>\n<p>\u201c\u015eehitlerimizi ne unuturuz, ne unuttururuz\u201d diyen Cumhurba\u015fkan\u0131 <a href=\"https:\/\/brtk.net\/\"\/><a href=\"https:\/\/brtk.net\/\"\/><a href=\"https:\/\/brtk.net\/\"\/><a href=\"https:\/\/brtk.net\/\"\/><a href=\"https:\/\/brtk.net\/\"\/><a href=\"https:\/\/brtk.net\/\">Tatar<\/a>, devlet olarak \u015fehit yak\u0131nlar\u0131n\u0131n her zaman yan\u0131nda olduklar\u0131n\u0131 ve olmaya devam edeceklerini kaydetti.<\/p>\n<p>\u015eehit aileleri ziyaretten duyduklar\u0131 memnuniyeti ifade ederken, \u015eehit Mehmet Vural Ahmet\u2019in e\u015fi Fatma \u00c7imenda\u011f, e\u015finin \u015fehit edilmesiyle ilgili \u201cVatan sa\u011folsun\u201d ifadelerini kulland\u0131.<\/p>\n<p>Cumhurba\u015fkan\u0131 <a href=\"https:\/\/brtk.net\/\" target=\"_blank\" rel=\"noopener\"><a href=\"https:\/\/brtk.net\/\" target=\"_blank\" rel=\"noopener\"><a href=\"https:\/\/brtk.net\/\" target=\"_blank\" rel=\"noopener\"><a href=\"https:\/\/brtk.net\/\" target=\"_blank\" rel=\"noopener\">Ersin <\/a><a href=\"https:\/\/brtk.net\/\"\/><a href=\"https:\/\/brtk.net\/\"\/><a href=\"https:\/\/brtk.net\/\"\/><a href=\"https:\/\/brtk.net\/\"\/><a href=\"https:\/\/brtk.net\/\"\/><a href=\"https:\/\/brtk.net\/\">Tatar<\/a>, bayram \u00c7al\u0131\u015fma ve Sosyal G\u00fcvenlik Bakanl\u0131\u011f\u0131\u2019na ba\u011fl\u0131 Sosyal Hizmetler Dairesi b\u00fcnyesindeki Lefko\u015fa \u00c7ocuk Yuvas\u0131\u2019na da bir ziyaret ger\u00e7ekle\u015ftirdi.<\/p>\n<p>Lefko\u015fa \u00c7ocuk Yuvas\u0131\u2019ndaki g\u00f6revlilerin ve \u00e7ocuklar\u0131n Ramazan Bayramlar\u0131n\u0131 kutlayan Cumhurba\u015fkan\u0131 <a href=\"https:\/\/brtk.net\/\" target=\"_blank\" rel=\"noopener\"><a href=\"https:\/\/brtk.net\/\" target=\"_blank\" rel=\"noopener\"><a href=\"https:\/\/brtk.net\/\" target=\"_blank\" rel=\"noopener\"><a href=\"https:\/\/brtk.net\/\" target=\"_blank\" rel=\"noopener\">Ersin <\/a><a href=\"https:\/\/brtk.net\/\"\/><a href=\"https:\/\/brtk.net\/\"\/><a href=\"https:\/\/brtk.net\/\"\/><a href=\"https:\/\/brtk.net\/\"\/><a href=\"https:\/\/brtk.net\/\"\/><a href=\"https:\/\/brtk.net\/\">Tatar<\/a>, \u00e7ocuklara hediye verdi.<\/p>\n<p>Cumhurba\u015fkan\u0131 <a href=\"https:\/\/brtk.net\/\"\/><a href=\"https:\/\/brtk.net\/\"\/><a href=\"https:\/\/brtk.net\/\"\/><a href=\"https:\/\/brtk.net\/\"\/><a href=\"https:\/\/brtk.net\/\"\/><a href=\"https:\/\/brtk.net\/\">Tatar<\/a>; her zaman \u00e7ocuklar\u0131n yan\u0131nda oldu\u011funu, onlar\u0131 sevdi\u011fini vurgulayarak \u00e7ocuklar\u0131n bak\u0131m\u0131, e\u011fitimi ve mutlu bir ortamda ya\u015famalar\u0131n\u0131 sa\u011flayabilmenin sab\u0131r ve anlay\u0131\u015f gerektirdi\u011fini s\u00f6yledi.<\/p>\n<p>\u00c7ocuklar\u0131n, gelece\u011fe g\u00fcvenle bakabilmeleri i\u00e7in yuvada \u00e7al\u0131\u015fan anneler ve ablalar\u0131n, \u00e7ocuklara ger\u00e7ek birer anne baba oldu\u011funa i\u015faret eden Cumhurba\u015fkan\u0131 <a href=\"https:\/\/brtk.net\/\"\/><a href=\"https:\/\/brtk.net\/\"\/><a href=\"https:\/\/brtk.net\/\"\/><a href=\"https:\/\/brtk.net\/\"\/><a href=\"https:\/\/brtk.net\/\"\/><a href=\"https:\/\/brtk.net\/\">Tatar<\/a>, yuvada g\u00f6rev yapan t\u00fcm \u00f6\u011fretmenlere te\u015fekk\u00fcr etti.<\/p>\n<\/p><\/div>\n<p><script async\n                    defer\n                    crossorigin=\"anonymous\"\n                    src=\"https:\/\/connect.facebook.net\/tr_TR\/sdk.js#xfbml=1&#038;version=v3.3\"\n            ><\/script><\/p>\n","protected":false},"excerpt":{"rendered":"<p>Cumhurba\u015fkan\u0131 Ersin Tatar, Ramazan Bayram\u0131 vesilesiyle \u015fehit Mehmet Vural Ahmet ve \u015fehit Bayram Ya\u015far Mehmet\u2019in yak\u0131nlar\u0131n\u0131 ziyaret etti. Cumhurba\u015fkan\u0131 Ersin Tatar, K\u0131br\u0131s T\u00fcrk\u00fc\u2019n\u00fcn ge\u00e7mi\u015fte \u00e7ok ac\u0131lar \u00e7ekti\u011fini ve varolu\u015f m\u00fccadelesi verdi\u011fini belirterek, verilen \u015fehitler sayesinde bug\u00fcn \u00f6zg\u00fcr ve ba\u011f\u0131ms\u0131z bir \u015fekilde huzur i\u00e7inde ya\u015fand\u0131\u011f\u0131n\u0131 s\u00f6yledi. \u201c\u015eehitlerimizi ne unuturuz, ne unuttururuz\u201d diyen Cumhurba\u015fkan\u0131 Tatar, devlet olarak<\/p>\n","protected":false},"author":1,"featured_media":37868,"comment_status":"open","ping_status":"open","sticky":false,"template":"","format":"standard","meta":{"footnotes":""},"categories":[1],"tags":[],"class_list":["post-37867","post","type-post","status-publish","format-standard","has-post-thumbnail","hentry","category-gundem"],"yoast_head":"<!-- This site is optimized with the Yoast SEO plugin v27.5 - https:\/\/yoast.com\/product\/yoast-seo-wordpress\/ -->\n<title>Tatar:\u015eehitlerimizi ne unuturuz, ne unuttururuz -<\/title>\n<meta name=\"robots\" content=\"index, follow, max-snippet:-1, max-image-preview:large, max-video-preview:-1\" \/>\n<link rel=\"canonical\" href=\"https:\/\/kibrisdakik.com\/?p=37867\" \/>\n<meta property=\"og:locale\" content=\"tr_TR\" \/>\n<meta property=\"og:type\" content=\"article\" \/>\n<meta property=\"og:title\" content=\"Tatar:\u015eehitlerimizi ne unuturuz, ne unuttururuz -\" \/>\n<meta property=\"og:description\" content=\"Cumhurba\u015fkan\u0131 Ersin Tatar, Ramazan Bayram\u0131 vesilesiyle \u015fehit Mehmet Vural Ahmet ve \u015fehit Bayram Ya\u015far Mehmet\u2019in yak\u0131nlar\u0131n\u0131 ziyaret etti. Cumhurba\u015fkan\u0131 Ersin Tatar, K\u0131br\u0131s T\u00fcrk\u00fc\u2019n\u00fcn ge\u00e7mi\u015fte \u00e7ok ac\u0131lar \u00e7ekti\u011fini ve varolu\u015f m\u00fccadelesi verdi\u011fini belirterek, verilen \u015fehitler sayesinde bug\u00fcn \u00f6zg\u00fcr ve ba\u011f\u0131ms\u0131z bir \u015fekilde huzur i\u00e7inde ya\u015fand\u0131\u011f\u0131n\u0131 s\u00f6yledi. \u201c\u015eehitlerimizi ne unuturuz, ne unuttururuz\u201d diyen Cumhurba\u015fkan\u0131 Tatar, devlet olarak\" \/>\n<meta property=\"og:url\" content=\"https:\/\/kibrisdakik.com\/?p=37867\" \/>\n<meta property=\"article:published_time\" content=\"2024-04-10T20:10:50+00:00\" \/>\n<meta property=\"og:image\" content=\"https:\/\/kibrisdakik.com\/wp-content\/uploads\/2024\/04\/sehit-32-740x420.jpg\" \/>\n\t<meta property=\"og:image:width\" content=\"1600\" \/>\n\t<meta property=\"og:image:height\" content=\"1066\" \/>\n\t<meta property=\"og:image:type\" content=\"image\/jpeg\" \/>\n<meta name=\"author\" content=\"admin\" \/>\n<meta name=\"twitter:card\" content=\"summary_large_image\" \/>\n<meta name=\"twitter:label1\" content=\"Yazan:\" \/>\n\t<meta name=\"twitter:data1\" content=\"admin\" \/>\n\t<meta name=\"twitter:label2\" content=\"Tahmini okuma s\u00fcresi\" \/>\n\t<meta name=\"twitter:data2\" content=\"1 dakika\" \/>\n<script type=\"application\/ld+json\" class=\"yoast-schema-graph\">{\"@context\":\"https:\\\/\\\/schema.org\",\"@graph\":[{\"@type\":\"Article\",\"@id\":\"https:\\\/\\\/kibrisdakik.com\\\/?p=37867#article\",\"isPartOf\":{\"@id\":\"https:\\\/\\\/kibrisdakik.com\\\/?p=37867\"},\"author\":{\"name\":\"admin\",\"@id\":\"https:\\\/\\\/kibrisdakik.com\\\/#\\\/schema\\\/person\\\/9cd9d437bbb44f72b73ba127e06d8e79\"},\"headline\":\"Tatar:\u015eehitlerimizi ne unuturuz, ne unuttururuz\",\"datePublished\":\"2024-04-10T20:10:50+00:00\",\"mainEntityOfPage\":{\"@id\":\"https:\\\/\\\/kibrisdakik.com\\\/?p=37867\"},\"wordCount\":260,\"commentCount\":0,\"image\":{\"@id\":\"https:\\\/\\\/kibrisdakik.com\\\/?p=37867#primaryimage\"},\"thumbnailUrl\":\"https:\\\/\\\/kibrisdakik.com\\\/wp-content\\\/uploads\\\/2024\\\/04\\\/sehit-32-740x420.jpg\",\"articleSection\":[\"G\u00fcndem\"],\"inLanguage\":\"tr\",\"potentialAction\":[{\"@type\":\"CommentAction\",\"name\":\"Comment\",\"target\":[\"https:\\\/\\\/kibrisdakik.com\\\/?p=37867#respond\"]}]},{\"@type\":\"WebPage\",\"@id\":\"https:\\\/\\\/kibrisdakik.com\\\/?p=37867\",\"url\":\"https:\\\/\\\/kibrisdakik.com\\\/?p=37867\",\"name\":\"Tatar:\u015eehitlerimizi ne unuturuz, ne unuttururuz -\",\"isPartOf\":{\"@id\":\"https:\\\/\\\/kibrisdakik.com\\\/#website\"},\"primaryImageOfPage\":{\"@id\":\"https:\\\/\\\/kibrisdakik.com\\\/?p=37867#primaryimage\"},\"image\":{\"@id\":\"https:\\\/\\\/kibrisdakik.com\\\/?p=37867#primaryimage\"},\"thumbnailUrl\":\"https:\\\/\\\/kibrisdakik.com\\\/wp-content\\\/uploads\\\/2024\\\/04\\\/sehit-32-740x420.jpg\",\"datePublished\":\"2024-04-10T20:10:50+00:00\",\"author\":{\"@id\":\"https:\\\/\\\/kibrisdakik.com\\\/#\\\/schema\\\/person\\\/9cd9d437bbb44f72b73ba127e06d8e79\"},\"breadcrumb\":{\"@id\":\"https:\\\/\\\/kibrisdakik.com\\\/?p=37867#breadcrumb\"},\"inLanguage\":\"tr\",\"potentialAction\":[{\"@type\":\"ReadAction\",\"target\":[\"https:\\\/\\\/kibrisdakik.com\\\/?p=37867\"]}]},{\"@type\":\"ImageObject\",\"inLanguage\":\"tr\",\"@id\":\"https:\\\/\\\/kibrisdakik.com\\\/?p=37867#primaryimage\",\"url\":\"https:\\\/\\\/kibrisdakik.com\\\/wp-content\\\/uploads\\\/2024\\\/04\\\/sehit-32-740x420.jpg\",\"contentUrl\":\"https:\\\/\\\/kibrisdakik.com\\\/wp-content\\\/uploads\\\/2024\\\/04\\\/sehit-32-740x420.jpg\",\"width\":1600,\"height\":1066},{\"@type\":\"BreadcrumbList\",\"@id\":\"https:\\\/\\\/kibrisdakik.com\\\/?p=37867#breadcrumb\",\"itemListElement\":[{\"@type\":\"ListItem\",\"position\":1,\"name\":\"Home\",\"item\":\"https:\\\/\\\/kibrisdakik.com\\\/\"},{\"@type\":\"ListItem\",\"position\":2,\"name\":\"Tatar:\u015eehitlerimizi ne unuturuz, ne unuttururuz\"}]},{\"@type\":\"WebSite\",\"@id\":\"https:\\\/\\\/kibrisdakik.com\\\/#website\",\"url\":\"https:\\\/\\\/kibrisdakik.com\\\/\",\"name\":\"\",\"description\":\"Tam vaktinde haber\",\"potentialAction\":[{\"@type\":\"SearchAction\",\"target\":{\"@type\":\"EntryPoint\",\"urlTemplate\":\"https:\\\/\\\/kibrisdakik.com\\\/?s={search_term_string}\"},\"query-input\":{\"@type\":\"PropertyValueSpecification\",\"valueRequired\":true,\"valueName\":\"search_term_string\"}}],\"inLanguage\":\"tr\"},{\"@type\":\"Person\",\"@id\":\"https:\\\/\\\/kibrisdakik.com\\\/#\\\/schema\\\/person\\\/9cd9d437bbb44f72b73ba127e06d8e79\",\"name\":\"admin\",\"image\":{\"@type\":\"ImageObject\",\"inLanguage\":\"tr\",\"@id\":\"https:\\\/\\\/secure.gravatar.com\\\/avatar\\\/ccc17943b9d660506c869530f897617f7cb1c21a4bf30023f252596d83e1f007?s=96&d=mm&r=g\",\"url\":\"https:\\\/\\\/secure.gravatar.com\\\/avatar\\\/ccc17943b9d660506c869530f897617f7cb1c21a4bf30023f252596d83e1f007?s=96&d=mm&r=g\",\"contentUrl\":\"https:\\\/\\\/secure.gravatar.com\\\/avatar\\\/ccc17943b9d660506c869530f897617f7cb1c21a4bf30023f252596d83e1f007?s=96&d=mm&r=g\",\"caption\":\"admin\"},\"sameAs\":[\"https:\\\/\\\/kibrisdakik.com\"],\"url\":\"https:\\\/\\\/kibrisdakik.com\\\/?author=1\"}]}<\/script>\n<!-- \/ Yoast SEO plugin. -->","yoast_head_json":{"title":"Tatar:\u015eehitlerimizi ne unuturuz, ne unuttururuz -","robots":{"index":"index","follow":"follow","max-snippet":"max-snippet:-1","max-image-preview":"max-image-preview:large","max-video-preview":"max-video-preview:-1"},"canonical":"https:\/\/kibrisdakik.com\/?p=37867","og_locale":"tr_TR","og_type":"article","og_title":"Tatar:\u015eehitlerimizi ne unuturuz, ne unuttururuz -","og_description":"Cumhurba\u015fkan\u0131 Ersin Tatar, Ramazan Bayram\u0131 vesilesiyle \u015fehit Mehmet Vural Ahmet ve \u015fehit Bayram Ya\u015far Mehmet\u2019in yak\u0131nlar\u0131n\u0131 ziyaret etti. Cumhurba\u015fkan\u0131 Ersin Tatar, K\u0131br\u0131s T\u00fcrk\u00fc\u2019n\u00fcn ge\u00e7mi\u015fte \u00e7ok ac\u0131lar \u00e7ekti\u011fini ve varolu\u015f m\u00fccadelesi verdi\u011fini belirterek, verilen \u015fehitler sayesinde bug\u00fcn \u00f6zg\u00fcr ve ba\u011f\u0131ms\u0131z bir \u015fekilde huzur i\u00e7inde ya\u015fand\u0131\u011f\u0131n\u0131 s\u00f6yledi. \u201c\u015eehitlerimizi ne unuturuz, ne unuttururuz\u201d diyen Cumhurba\u015fkan\u0131 Tatar, devlet olarak","og_url":"https:\/\/kibrisdakik.com\/?p=37867","article_published_time":"2024-04-10T20:10:50+00:00","og_image":[{"width":1600,"height":1066,"url":"https:\/\/kibrisdakik.com\/wp-content\/uploads\/2024\/04\/sehit-32-740x420.jpg","type":"image\/jpeg"}],"author":"admin","twitter_card":"summary_large_image","twitter_misc":{"Yazan:":"admin","Tahmini okuma s\u00fcresi":"1 dakika"},"schema":{"@context":"https:\/\/schema.org","@graph":[{"@type":"Article","@id":"https:\/\/kibrisdakik.com\/?p=37867#article","isPartOf":{"@id":"https:\/\/kibrisdakik.com\/?p=37867"},"author":{"name":"admin","@id":"https:\/\/kibrisdakik.com\/#\/schema\/person\/9cd9d437bbb44f72b73ba127e06d8e79"},"headline":"Tatar:\u015eehitlerimizi ne unuturuz, ne unuttururuz","datePublished":"2024-04-10T20:10:50+00:00","mainEntityOfPage":{"@id":"https:\/\/kibrisdakik.com\/?p=37867"},"wordCount":260,"commentCount":0,"image":{"@id":"https:\/\/kibrisdakik.com\/?p=37867#primaryimage"},"thumbnailUrl":"https:\/\/kibrisdakik.com\/wp-content\/uploads\/2024\/04\/sehit-32-740x420.jpg","articleSection":["G\u00fcndem"],"inLanguage":"tr","potentialAction":[{"@type":"CommentAction","name":"Comment","target":["https:\/\/kibrisdakik.com\/?p=37867#respond"]}]},{"@type":"WebPage","@id":"https:\/\/kibrisdakik.com\/?p=37867","url":"https:\/\/kibrisdakik.com\/?p=37867","name":"Tatar:\u015eehitlerimizi ne unuturuz, ne unuttururuz -","isPartOf":{"@id":"https:\/\/kibrisdakik.com\/#website"},"primaryImageOfPage":{"@id":"https:\/\/kibrisdakik.com\/?p=37867#primaryimage"},"image":{"@id":"https:\/\/kibrisdakik.com\/?p=37867#primaryimage"},"thumbnailUrl":"https:\/\/kibrisdakik.com\/wp-content\/uploads\/2024\/04\/sehit-32-740x420.jpg","datePublished":"2024-04-10T20:10:50+00:00","author":{"@id":"https:\/\/kibrisdakik.com\/#\/schema\/person\/9cd9d437bbb44f72b73ba127e06d8e79"},"breadcrumb":{"@id":"https:\/\/kibrisdakik.com\/?p=37867#breadcrumb"},"inLanguage":"tr","potentialAction":[{"@type":"ReadAction","target":["https:\/\/kibrisdakik.com\/?p=37867"]}]},{"@type":"ImageObject","inLanguage":"tr","@id":"https:\/\/kibrisdakik.com\/?p=37867#primaryimage","url":"https:\/\/kibrisdakik.com\/wp-content\/uploads\/2024\/04\/sehit-32-740x420.jpg","contentUrl":"https:\/\/kibrisdakik.com\/wp-content\/uploads\/2024\/04\/sehit-32-740x420.jpg","width":1600,"height":1066},{"@type":"BreadcrumbList","@id":"https:\/\/kibrisdakik.com\/?p=37867#breadcrumb","itemListElement":[{"@type":"ListItem","position":1,"name":"Home","item":"https:\/\/kibrisdakik.com\/"},{"@type":"ListItem","position":2,"name":"Tatar:\u015eehitlerimizi ne unuturuz, ne unuttururuz"}]},{"@type":"WebSite","@id":"https:\/\/kibrisdakik.com\/#website","url":"https:\/\/kibrisdakik.com\/","name":"","description":"Tam vaktinde haber","potentialAction":[{"@type":"SearchAction","target":{"@type":"EntryPoint","urlTemplate":"https:\/\/kibrisdakik.com\/?s={search_term_string}"},"query-input":{"@type":"PropertyValueSpecification","valueRequired":true,"valueName":"search_term_string"}}],"inLanguage":"tr"},{"@type":"Person","@id":"https:\/\/kibrisdakik.com\/#\/schema\/person\/9cd9d437bbb44f72b73ba127e06d8e79","name":"admin","image":{"@type":"ImageObject","inLanguage":"tr","@id":"https:\/\/secure.gravatar.com\/avatar\/ccc17943b9d660506c869530f897617f7cb1c21a4bf30023f252596d83e1f007?s=96&d=mm&r=g","url":"https:\/\/secure.gravatar.com\/avatar\/ccc17943b9d660506c869530f897617f7cb1c21a4bf30023f252596d83e1f007?s=96&d=mm&r=g","contentUrl":"https:\/\/secure.gravatar.com\/avatar\/ccc17943b9d660506c869530f897617f7cb1c21a4bf30023f252596d83e1f007?s=96&d=mm&r=g","caption":"admin"},"sameAs":["https:\/\/kibrisdakik.com"],"url":"https:\/\/kibrisdakik.com\/?author=1"}]}},"_links":{"self":[{"href":"https:\/\/kibrisdakik.com\/index.php?rest_route=\/wp\/v2\/posts\/37867","targetHints":{"allow":["GET"]}}],"collection":[{"href":"https:\/\/kibrisdakik.com\/index.php?rest_route=\/wp\/v2\/posts"}],"about":[{"href":"https:\/\/kibrisdakik.com\/index.php?rest_route=\/wp\/v2\/types\/post"}],"author":[{"embeddable":true,"href":"https:\/\/kibrisdakik.com\/index.php?rest_route=\/wp\/v2\/users\/1"}],"replies":[{"embeddable":true,"href":"https:\/\/kibrisdakik.com\/index.php?rest_route=%2Fwp%2Fv2%2Fcomments&post=37867"}],"version-history":[{"count":0,"href":"https:\/\/kibrisdakik.com\/index.php?rest_route=\/wp\/v2\/posts\/37867\/revisions"}],"wp:featuredmedia":[{"embeddable":true,"href":"https:\/\/kibrisdakik.com\/index.php?rest_route=\/wp\/v2\/media\/37868"}],"wp:attachment":[{"href":"https:\/\/kibrisdakik.com\/index.php?rest_route=%2Fwp%2Fv2%2Fmedia&parent=37867"}],"wp:term":[{"taxonomy":"category","embeddable":true,"href":"https:\/\/kibrisdakik.com\/index.php?rest_route=%2Fwp%2Fv2%2Fcategories&post=37867"},{"taxonomy":"post_tag","embeddable":true,"href":"https:\/\/kibrisdakik.com\/index.php?rest_route=%2Fwp%2Fv2%2Ftags&post=37867"}],"curies":[{"name":"wp","href":"https:\/\/api.w.org\/{rel}","templated":true}]}}