{"id":37889,"date":"2024-04-10T07:15:00","date_gmt":"2024-04-10T07:15:00","guid":{"rendered":"https:\/\/kibrisdakik.com\/index.php\/2024\/04\/10\/kucukten-bayram-mesaji\/"},"modified":"2024-04-10T07:15:00","modified_gmt":"2024-04-10T07:15:00","slug":"kucukten-bayram-mesaji","status":"publish","type":"post","link":"https:\/\/kibrisdakik.com\/?p=37889","title":{"rendered":"K\u00fc\u00e7\u00fck&#039;ten Bayram mesaj\u0131&#8230;"},"content":{"rendered":"<p><img decoding=\"async\" src=\"https:\/\/www.kibristurk.com\/images\/haberler\/2024\/04\/kucukten-bayram-mesaji-1712733372.webp\" \/><\/p>\n<p>K\u00fc\u00e7\u00fck mesaj\u0131nda \u015fu ifadelere yer verdi;<\/p>\n<p>&#8220;Bu y\u0131l, Ramazan Bayram\u0131na maalesef Gazze\u2019de \u0130srail askerlerinin masum sivillere kar\u015f\u0131 ba\u015flatt\u0131\u011f\u0131 vah\u015fice sald\u0131r\u0131lar\u0131n g\u00f6lgesinde giriyoruz.&nbsp;<\/p>\n<p>&nbsp;<\/p>\n<p>Gazze\u2019de ya\u015fanan insanl\u0131k dram\u0131n\u0131n son bulmas\u0131 i\u00e7in d\u00fcnya kamuoyunun daha fazla sessiz kalmamas\u0131 gerekmektedir. Bir kez daha insanl\u0131k ay\u0131b\u0131 olan bu sald\u0131r\u0131lar\u0131 k\u0131nar, \u0130srail silahl\u0131 g\u00fc\u00e7lerinin Gazze\u2019de ger\u00e7ekle\u015ftirdi\u011fi sald\u0131r\u0131larda ya\u015fam\u0131n\u0131 yitiren insanlar\u0131m\u0131za Allah\u2019tan Rahmet, yaral\u0131 olan Filistinli karde\u015flerimize acil \u015fifalar dilerim.<\/p>\n<p>&nbsp;<\/p>\n<p>K\u00fcresel anlamda ya\u015fan\u0131lan ciddi s\u0131k\u0131nt\u0131larla kar\u015f\u0131 kar\u015f\u0131ya oldu\u011fumuz bir d\u00f6nemde, insanl\u0131\u011fa tarih boyunca ac\u0131, h\u00fcz\u00fcn ve gerilemeden ba\u015fka hi\u00e7bir \u015fey getirmeyen sava\u015f ve \u015fiddet olaylar\u0131n\u0131n son bulmas\u0131n\u0131 dilerim<\/p>\n<p>Halk\u0131m\u0131z\u0131n mutlu ve refah yar\u0131nlara ula\u015fmas\u0131 i\u00e7in \u00e7al\u0131\u015fmaya devam edece\u011fiz.<\/p>\n<p>&nbsp;<\/p>\n<p>Bu vesileyle, gelecek g\u00fcnlerin t\u00fcm \u0130slam alemine bar\u0131\u015f, sa\u011fl\u0131k ve bereket getirmesini diler, t\u00fcm halk\u0131m\u0131z\u0131n Ramazan Bayram\u0131n\u0131 en i\u00e7ten dileklerimle kutlar\u0131m.&#8221;<\/p>\n<p>&nbsp;<\/p>\n","protected":false},"excerpt":{"rendered":"<p>K\u00fc\u00e7\u00fck mesaj\u0131nda \u015fu ifadelere yer verdi; &#8220;Bu y\u0131l, Ramazan Bayram\u0131na maalesef Gazze\u2019de \u0130srail askerlerinin masum sivillere kar\u015f\u0131 ba\u015flatt\u0131\u011f\u0131 vah\u015fice sald\u0131r\u0131lar\u0131n g\u00f6lgesinde giriyoruz.&nbsp; &nbsp; Gazze\u2019de ya\u015fanan insanl\u0131k dram\u0131n\u0131n son bulmas\u0131 i\u00e7in d\u00fcnya kamuoyunun daha fazla sessiz kalmamas\u0131 gerekmektedir. Bir kez daha insanl\u0131k ay\u0131b\u0131 olan bu sald\u0131r\u0131lar\u0131 k\u0131nar, \u0130srail silahl\u0131 g\u00fc\u00e7lerinin Gazze\u2019de ger\u00e7ekle\u015ftirdi\u011fi sald\u0131r\u0131larda ya\u015fam\u0131n\u0131 yitiren insanlar\u0131m\u0131za<\/p>\n","protected":false},"author":1,"featured_media":37890,"comment_status":"open","ping_status":"open","sticky":false,"template":"","format":"standard","meta":{"footnotes":""},"categories":[1],"tags":[],"class_list":["post-37889","post","type-post","status-publish","format-standard","has-post-thumbnail","hentry","category-gundem"],"yoast_head":"<!-- This site is optimized with the Yoast SEO plugin v27.5 - https:\/\/yoast.com\/product\/yoast-seo-wordpress\/ -->\n<title>K\u00fc\u00e7\u00fck&#039;ten Bayram mesaj\u0131... -<\/title>\n<meta name=\"robots\" content=\"index, follow, max-snippet:-1, max-image-preview:large, max-video-preview:-1\" \/>\n<link rel=\"canonical\" href=\"https:\/\/kibrisdakik.com\/?p=37889\" \/>\n<meta property=\"og:locale\" content=\"tr_TR\" \/>\n<meta property=\"og:type\" content=\"article\" \/>\n<meta property=\"og:title\" content=\"K\u00fc\u00e7\u00fck&#039;ten Bayram mesaj\u0131... -\" \/>\n<meta property=\"og:description\" content=\"K\u00fc\u00e7\u00fck mesaj\u0131nda \u015fu ifadelere yer verdi; &#8220;Bu y\u0131l, Ramazan Bayram\u0131na maalesef Gazze\u2019de \u0130srail askerlerinin masum sivillere kar\u015f\u0131 ba\u015flatt\u0131\u011f\u0131 vah\u015fice sald\u0131r\u0131lar\u0131n g\u00f6lgesinde giriyoruz.&nbsp; &nbsp; Gazze\u2019de ya\u015fanan insanl\u0131k dram\u0131n\u0131n son bulmas\u0131 i\u00e7in d\u00fcnya kamuoyunun daha fazla sessiz kalmamas\u0131 gerekmektedir. Bir kez daha insanl\u0131k ay\u0131b\u0131 olan bu sald\u0131r\u0131lar\u0131 k\u0131nar, \u0130srail silahl\u0131 g\u00fc\u00e7lerinin Gazze\u2019de ger\u00e7ekle\u015ftirdi\u011fi sald\u0131r\u0131larda ya\u015fam\u0131n\u0131 yitiren insanlar\u0131m\u0131za\" \/>\n<meta property=\"og:url\" content=\"https:\/\/kibrisdakik.com\/?p=37889\" \/>\n<meta property=\"article:published_time\" content=\"2024-04-10T07:15:00+00:00\" \/>\n<meta property=\"og:image\" content=\"https:\/\/kibrisdakik.com\/wp-content\/uploads\/2024\/04\/kucukten-bayram-mesaji-1712733372.webp.webp\" \/>\n\t<meta property=\"og:image:width\" content=\"710\" \/>\n\t<meta property=\"og:image:height\" content=\"370\" \/>\n\t<meta property=\"og:image:type\" content=\"image\/webp\" \/>\n<meta name=\"author\" content=\"admin\" \/>\n<meta name=\"twitter:card\" content=\"summary_large_image\" \/>\n<meta name=\"twitter:label1\" content=\"Yazan:\" \/>\n\t<meta name=\"twitter:data1\" content=\"admin\" \/>\n\t<meta name=\"twitter:label2\" content=\"Tahmini okuma s\u00fcresi\" \/>\n\t<meta name=\"twitter:data2\" content=\"1 dakika\" \/>\n<script type=\"application\/ld+json\" class=\"yoast-schema-graph\">{\"@context\":\"https:\\\/\\\/schema.org\",\"@graph\":[{\"@type\":\"Article\",\"@id\":\"https:\\\/\\\/kibrisdakik.com\\\/?p=37889#article\",\"isPartOf\":{\"@id\":\"https:\\\/\\\/kibrisdakik.com\\\/?p=37889\"},\"author\":{\"name\":\"admin\",\"@id\":\"https:\\\/\\\/kibrisdakik.com\\\/#\\\/schema\\\/person\\\/9cd9d437bbb44f72b73ba127e06d8e79\"},\"headline\":\"K\u00fc\u00e7\u00fck&#039;ten Bayram mesaj\u0131&#8230;\",\"datePublished\":\"2024-04-10T07:15:00+00:00\",\"mainEntityOfPage\":{\"@id\":\"https:\\\/\\\/kibrisdakik.com\\\/?p=37889\"},\"wordCount\":204,\"commentCount\":0,\"image\":{\"@id\":\"https:\\\/\\\/kibrisdakik.com\\\/?p=37889#primaryimage\"},\"thumbnailUrl\":\"https:\\\/\\\/kibrisdakik.com\\\/wp-content\\\/uploads\\\/2024\\\/04\\\/kucukten-bayram-mesaji-1712733372.webp.webp\",\"articleSection\":[\"G\u00fcndem\"],\"inLanguage\":\"tr\",\"potentialAction\":[{\"@type\":\"CommentAction\",\"name\":\"Comment\",\"target\":[\"https:\\\/\\\/kibrisdakik.com\\\/?p=37889#respond\"]}]},{\"@type\":\"WebPage\",\"@id\":\"https:\\\/\\\/kibrisdakik.com\\\/?p=37889\",\"url\":\"https:\\\/\\\/kibrisdakik.com\\\/?p=37889\",\"name\":\"K\u00fc\u00e7\u00fck&#039;ten Bayram mesaj\u0131... -\",\"isPartOf\":{\"@id\":\"https:\\\/\\\/kibrisdakik.com\\\/#website\"},\"primaryImageOfPage\":{\"@id\":\"https:\\\/\\\/kibrisdakik.com\\\/?p=37889#primaryimage\"},\"image\":{\"@id\":\"https:\\\/\\\/kibrisdakik.com\\\/?p=37889#primaryimage\"},\"thumbnailUrl\":\"https:\\\/\\\/kibrisdakik.com\\\/wp-content\\\/uploads\\\/2024\\\/04\\\/kucukten-bayram-mesaji-1712733372.webp.webp\",\"datePublished\":\"2024-04-10T07:15:00+00:00\",\"author\":{\"@id\":\"https:\\\/\\\/kibrisdakik.com\\\/#\\\/schema\\\/person\\\/9cd9d437bbb44f72b73ba127e06d8e79\"},\"breadcrumb\":{\"@id\":\"https:\\\/\\\/kibrisdakik.com\\\/?p=37889#breadcrumb\"},\"inLanguage\":\"tr\",\"potentialAction\":[{\"@type\":\"ReadAction\",\"target\":[\"https:\\\/\\\/kibrisdakik.com\\\/?p=37889\"]}]},{\"@type\":\"ImageObject\",\"inLanguage\":\"tr\",\"@id\":\"https:\\\/\\\/kibrisdakik.com\\\/?p=37889#primaryimage\",\"url\":\"https:\\\/\\\/kibrisdakik.com\\\/wp-content\\\/uploads\\\/2024\\\/04\\\/kucukten-bayram-mesaji-1712733372.webp.webp\",\"contentUrl\":\"https:\\\/\\\/kibrisdakik.com\\\/wp-content\\\/uploads\\\/2024\\\/04\\\/kucukten-bayram-mesaji-1712733372.webp.webp\",\"width\":710,\"height\":370},{\"@type\":\"BreadcrumbList\",\"@id\":\"https:\\\/\\\/kibrisdakik.com\\\/?p=37889#breadcrumb\",\"itemListElement\":[{\"@type\":\"ListItem\",\"position\":1,\"name\":\"Home\",\"item\":\"https:\\\/\\\/kibrisdakik.com\\\/\"},{\"@type\":\"ListItem\",\"position\":2,\"name\":\"K\u00fc\u00e7\u00fck&#039;ten Bayram mesaj\u0131&#8230;\"}]},{\"@type\":\"WebSite\",\"@id\":\"https:\\\/\\\/kibrisdakik.com\\\/#website\",\"url\":\"https:\\\/\\\/kibrisdakik.com\\\/\",\"name\":\"\",\"description\":\"Tam vaktinde haber\",\"potentialAction\":[{\"@type\":\"SearchAction\",\"target\":{\"@type\":\"EntryPoint\",\"urlTemplate\":\"https:\\\/\\\/kibrisdakik.com\\\/?s={search_term_string}\"},\"query-input\":{\"@type\":\"PropertyValueSpecification\",\"valueRequired\":true,\"valueName\":\"search_term_string\"}}],\"inLanguage\":\"tr\"},{\"@type\":\"Person\",\"@id\":\"https:\\\/\\\/kibrisdakik.com\\\/#\\\/schema\\\/person\\\/9cd9d437bbb44f72b73ba127e06d8e79\",\"name\":\"admin\",\"image\":{\"@type\":\"ImageObject\",\"inLanguage\":\"tr\",\"@id\":\"https:\\\/\\\/secure.gravatar.com\\\/avatar\\\/ccc17943b9d660506c869530f897617f7cb1c21a4bf30023f252596d83e1f007?s=96&d=mm&r=g\",\"url\":\"https:\\\/\\\/secure.gravatar.com\\\/avatar\\\/ccc17943b9d660506c869530f897617f7cb1c21a4bf30023f252596d83e1f007?s=96&d=mm&r=g\",\"contentUrl\":\"https:\\\/\\\/secure.gravatar.com\\\/avatar\\\/ccc17943b9d660506c869530f897617f7cb1c21a4bf30023f252596d83e1f007?s=96&d=mm&r=g\",\"caption\":\"admin\"},\"sameAs\":[\"https:\\\/\\\/kibrisdakik.com\"],\"url\":\"https:\\\/\\\/kibrisdakik.com\\\/?author=1\"}]}<\/script>\n<!-- \/ Yoast SEO plugin. -->","yoast_head_json":{"title":"K\u00fc\u00e7\u00fck&#039;ten Bayram mesaj\u0131... -","robots":{"index":"index","follow":"follow","max-snippet":"max-snippet:-1","max-image-preview":"max-image-preview:large","max-video-preview":"max-video-preview:-1"},"canonical":"https:\/\/kibrisdakik.com\/?p=37889","og_locale":"tr_TR","og_type":"article","og_title":"K\u00fc\u00e7\u00fck&#039;ten Bayram mesaj\u0131... -","og_description":"K\u00fc\u00e7\u00fck mesaj\u0131nda \u015fu ifadelere yer verdi; &#8220;Bu y\u0131l, Ramazan Bayram\u0131na maalesef Gazze\u2019de \u0130srail askerlerinin masum sivillere kar\u015f\u0131 ba\u015flatt\u0131\u011f\u0131 vah\u015fice sald\u0131r\u0131lar\u0131n g\u00f6lgesinde giriyoruz.&nbsp; &nbsp; Gazze\u2019de ya\u015fanan insanl\u0131k dram\u0131n\u0131n son bulmas\u0131 i\u00e7in d\u00fcnya kamuoyunun daha fazla sessiz kalmamas\u0131 gerekmektedir. Bir kez daha insanl\u0131k ay\u0131b\u0131 olan bu sald\u0131r\u0131lar\u0131 k\u0131nar, \u0130srail silahl\u0131 g\u00fc\u00e7lerinin Gazze\u2019de ger\u00e7ekle\u015ftirdi\u011fi sald\u0131r\u0131larda ya\u015fam\u0131n\u0131 yitiren insanlar\u0131m\u0131za","og_url":"https:\/\/kibrisdakik.com\/?p=37889","article_published_time":"2024-04-10T07:15:00+00:00","og_image":[{"width":710,"height":370,"url":"https:\/\/kibrisdakik.com\/wp-content\/uploads\/2024\/04\/kucukten-bayram-mesaji-1712733372.webp.webp","type":"image\/webp"}],"author":"admin","twitter_card":"summary_large_image","twitter_misc":{"Yazan:":"admin","Tahmini okuma s\u00fcresi":"1 dakika"},"schema":{"@context":"https:\/\/schema.org","@graph":[{"@type":"Article","@id":"https:\/\/kibrisdakik.com\/?p=37889#article","isPartOf":{"@id":"https:\/\/kibrisdakik.com\/?p=37889"},"author":{"name":"admin","@id":"https:\/\/kibrisdakik.com\/#\/schema\/person\/9cd9d437bbb44f72b73ba127e06d8e79"},"headline":"K\u00fc\u00e7\u00fck&#039;ten Bayram mesaj\u0131&#8230;","datePublished":"2024-04-10T07:15:00+00:00","mainEntityOfPage":{"@id":"https:\/\/kibrisdakik.com\/?p=37889"},"wordCount":204,"commentCount":0,"image":{"@id":"https:\/\/kibrisdakik.com\/?p=37889#primaryimage"},"thumbnailUrl":"https:\/\/kibrisdakik.com\/wp-content\/uploads\/2024\/04\/kucukten-bayram-mesaji-1712733372.webp.webp","articleSection":["G\u00fcndem"],"inLanguage":"tr","potentialAction":[{"@type":"CommentAction","name":"Comment","target":["https:\/\/kibrisdakik.com\/?p=37889#respond"]}]},{"@type":"WebPage","@id":"https:\/\/kibrisdakik.com\/?p=37889","url":"https:\/\/kibrisdakik.com\/?p=37889","name":"K\u00fc\u00e7\u00fck&#039;ten Bayram mesaj\u0131... -","isPartOf":{"@id":"https:\/\/kibrisdakik.com\/#website"},"primaryImageOfPage":{"@id":"https:\/\/kibrisdakik.com\/?p=37889#primaryimage"},"image":{"@id":"https:\/\/kibrisdakik.com\/?p=37889#primaryimage"},"thumbnailUrl":"https:\/\/kibrisdakik.com\/wp-content\/uploads\/2024\/04\/kucukten-bayram-mesaji-1712733372.webp.webp","datePublished":"2024-04-10T07:15:00+00:00","author":{"@id":"https:\/\/kibrisdakik.com\/#\/schema\/person\/9cd9d437bbb44f72b73ba127e06d8e79"},"breadcrumb":{"@id":"https:\/\/kibrisdakik.com\/?p=37889#breadcrumb"},"inLanguage":"tr","potentialAction":[{"@type":"ReadAction","target":["https:\/\/kibrisdakik.com\/?p=37889"]}]},{"@type":"ImageObject","inLanguage":"tr","@id":"https:\/\/kibrisdakik.com\/?p=37889#primaryimage","url":"https:\/\/kibrisdakik.com\/wp-content\/uploads\/2024\/04\/kucukten-bayram-mesaji-1712733372.webp.webp","contentUrl":"https:\/\/kibrisdakik.com\/wp-content\/uploads\/2024\/04\/kucukten-bayram-mesaji-1712733372.webp.webp","width":710,"height":370},{"@type":"BreadcrumbList","@id":"https:\/\/kibrisdakik.com\/?p=37889#breadcrumb","itemListElement":[{"@type":"ListItem","position":1,"name":"Home","item":"https:\/\/kibrisdakik.com\/"},{"@type":"ListItem","position":2,"name":"K\u00fc\u00e7\u00fck&#039;ten Bayram mesaj\u0131&#8230;"}]},{"@type":"WebSite","@id":"https:\/\/kibrisdakik.com\/#website","url":"https:\/\/kibrisdakik.com\/","name":"","description":"Tam vaktinde haber","potentialAction":[{"@type":"SearchAction","target":{"@type":"EntryPoint","urlTemplate":"https:\/\/kibrisdakik.com\/?s={search_term_string}"},"query-input":{"@type":"PropertyValueSpecification","valueRequired":true,"valueName":"search_term_string"}}],"inLanguage":"tr"},{"@type":"Person","@id":"https:\/\/kibrisdakik.com\/#\/schema\/person\/9cd9d437bbb44f72b73ba127e06d8e79","name":"admin","image":{"@type":"ImageObject","inLanguage":"tr","@id":"https:\/\/secure.gravatar.com\/avatar\/ccc17943b9d660506c869530f897617f7cb1c21a4bf30023f252596d83e1f007?s=96&d=mm&r=g","url":"https:\/\/secure.gravatar.com\/avatar\/ccc17943b9d660506c869530f897617f7cb1c21a4bf30023f252596d83e1f007?s=96&d=mm&r=g","contentUrl":"https:\/\/secure.gravatar.com\/avatar\/ccc17943b9d660506c869530f897617f7cb1c21a4bf30023f252596d83e1f007?s=96&d=mm&r=g","caption":"admin"},"sameAs":["https:\/\/kibrisdakik.com"],"url":"https:\/\/kibrisdakik.com\/?author=1"}]}},"_links":{"self":[{"href":"https:\/\/kibrisdakik.com\/index.php?rest_route=\/wp\/v2\/posts\/37889","targetHints":{"allow":["GET"]}}],"collection":[{"href":"https:\/\/kibrisdakik.com\/index.php?rest_route=\/wp\/v2\/posts"}],"about":[{"href":"https:\/\/kibrisdakik.com\/index.php?rest_route=\/wp\/v2\/types\/post"}],"author":[{"embeddable":true,"href":"https:\/\/kibrisdakik.com\/index.php?rest_route=\/wp\/v2\/users\/1"}],"replies":[{"embeddable":true,"href":"https:\/\/kibrisdakik.com\/index.php?rest_route=%2Fwp%2Fv2%2Fcomments&post=37889"}],"version-history":[{"count":0,"href":"https:\/\/kibrisdakik.com\/index.php?rest_route=\/wp\/v2\/posts\/37889\/revisions"}],"wp:featuredmedia":[{"embeddable":true,"href":"https:\/\/kibrisdakik.com\/index.php?rest_route=\/wp\/v2\/media\/37890"}],"wp:attachment":[{"href":"https:\/\/kibrisdakik.com\/index.php?rest_route=%2Fwp%2Fv2%2Fmedia&parent=37889"}],"wp:term":[{"taxonomy":"category","embeddable":true,"href":"https:\/\/kibrisdakik.com\/index.php?rest_route=%2Fwp%2Fv2%2Fcategories&post=37889"},{"taxonomy":"post_tag","embeddable":true,"href":"https:\/\/kibrisdakik.com\/index.php?rest_route=%2Fwp%2Fv2%2Ftags&post=37889"}],"curies":[{"name":"wp","href":"https:\/\/api.w.org\/{rel}","templated":true}]}}