{"id":37905,"date":"2024-04-11T03:33:01","date_gmt":"2024-04-11T03:33:01","guid":{"rendered":"https:\/\/kibrisdakik.com\/index.php\/2024\/04\/11\/3-ayri-yerde-yangin-2\/"},"modified":"2024-04-11T03:33:01","modified_gmt":"2024-04-11T03:33:01","slug":"3-ayri-yerde-yangin-2","status":"publish","type":"post","link":"https:\/\/kibrisdakik.com\/?p=37905","title":{"rendered":"3 ayr\u0131 yerde yang\u0131n&#8230;"},"content":{"rendered":"<p><img decoding=\"async\" src=\"https:\/\/www.kibristurk.com\/images\/haberler\/2024\/04\/3-ayri-yerde-yangin-1712651077.webp\" \/><\/p>\n<p style=\"text-align:left\"><span style=\"font-size:16px\"><span style=\"font-family:Merriweather,serif !important\"><span style=\"color:#000000\"><span style=\"background-color:#ffffff\">Polis b\u00fcltenine g\u00f6re, Girne &#8211; Lefko\u015fa ana yolunun 6 -7&#8217;nci kilometrelerinde (Bo\u011fazk\u00f6y\u2019de) bu sabah\u0131n erken saatlerinde, Mehmet Demirkol\u2019un kullan\u0131m\u0131nda bulunan TUY 062 plakal\u0131 salon ara\u00e7ta, seyir halindeyken elektrik aksamlar\u0131nda olu\u015fan k\u0131sa devre sonucu yang\u0131n \u00e7\u0131kt\u0131. Ara\u00e7, tamamen yanarak kullan\u0131lmaz hale geldi.<\/span><\/span><\/span><\/span><\/p>\n<p style=\"text-align:left\">&nbsp;<\/p>\n<p style=\"text-align:left\"><span style=\"font-size:16px\"><span style=\"font-family:Merriweather,serif !important\"><span style=\"color:#000000\"><span style=\"background-color:#ffffff\">Yang\u0131n, itfaiye ekipleri taraf\u0131ndan s\u00f6nd\u00fcr\u00fcld\u00fc.<\/span><\/span><\/span><\/span><\/p>\n<div style=\"text-align:left\">&nbsp;<\/div>\n<div style=\"text-align:left\"><span style=\"font-size:16px\"><span style=\"color:#000000\"><span style=\"font-family:Merriweather,sans-serif\"><span style=\"background-color:#ffffff\">-Uydu al\u0131c\u0131s\u0131 yang\u0131na neden oldu<\/span><\/span><\/span><\/span><\/div>\n<p style=\"text-align:left\"><span style=\"font-size:16px\"><span style=\"font-family:Merriweather,serif !important\"><span style=\"color:#000000\"><span style=\"background-color:#ffffff\">Gazima\u011fusa\u2019da, d\u00fcn saat 13.00 s\u0131ralar\u0131nda Ramin Ad\u0131gozal\u0131 Moghaddam\u2019\u0131n kald\u0131\u011f\u0131 ikametgah\u0131n salonunda, televizyon uydu al\u0131c\u0131s\u0131nda, elektrik ak\u0131m\u0131n\u0131n a\u015f\u0131r\u0131 y\u00fcklenmesi sonucu yang\u0131n \u00e7\u0131kt\u0131. \u0130tfaiye taraf\u0131ndan s\u00f6nd\u00fcr\u00fclen yang\u0131nda uydu al\u0131c\u0131s\u0131, televizyon \u00fcnitesi ve televizyon yanarak, oda duvarlar\u0131 ise islenmek suretiyle hasar g\u00f6rd\u00fc.<\/span><\/span><\/span><\/span><\/p>\n<p style=\"text-align:left\">&nbsp;<\/p>\n<p style=\"text-align:left\"><span style=\"font-size:16px\"><span style=\"font-family:Merriweather,serif !important\"><span style=\"color:#000000\"><span style=\"background-color:#ffffff\">-Aspirat\u00f6r k\u0131sa devre yapt\u0131<\/span><\/span><\/span><\/span><\/p>\n<p style=\"text-align:left\"><span style=\"font-size:16px\"><span style=\"font-family:Merriweather,serif !important\"><span style=\"color:#000000\"><span style=\"background-color:#ffffff\">Hamitk\u00f6y\u2019de \u00d6nel Arifo\u011flu&#8217;na ait ikametgah\u0131n mutfak b\u00f6l\u00fcm\u00fcnde, aspirat\u00f6r\u00fcn elektrik aksamlar\u0131nda meydana gelen k\u0131sa devre sonucu yang\u0131n meydana geldi. Yang\u0131n ev sakinleri taraf\u0131ndan s\u00f6nd\u00fcr\u00fcld\u00fc. \u00c7\u0131kan yang\u0131n sonucu aspirat\u00f6r, aspirat\u00f6r \u00fczerindeki ah\u015fap kaplama ile stor perde yanarak, oda duvarlar\u0131 ise islenmek suretiyle hasar g\u00f6rd\u00fc.<\/span><\/span><\/span><\/span><\/p>\n<p>&nbsp;<\/p>\n","protected":false},"excerpt":{"rendered":"<p>Polis b\u00fcltenine g\u00f6re, Girne &#8211; Lefko\u015fa ana yolunun 6 -7&#8217;nci kilometrelerinde (Bo\u011fazk\u00f6y\u2019de) bu sabah\u0131n erken saatlerinde, Mehmet Demirkol\u2019un kullan\u0131m\u0131nda bulunan TUY 062 plakal\u0131 salon ara\u00e7ta, seyir halindeyken elektrik aksamlar\u0131nda olu\u015fan k\u0131sa devre sonucu yang\u0131n \u00e7\u0131kt\u0131. Ara\u00e7, tamamen yanarak kullan\u0131lmaz hale geldi. &nbsp; Yang\u0131n, itfaiye ekipleri taraf\u0131ndan s\u00f6nd\u00fcr\u00fcld\u00fc. &nbsp; -Uydu al\u0131c\u0131s\u0131 yang\u0131na neden oldu Gazima\u011fusa\u2019da, d\u00fcn<\/p>\n","protected":false},"author":1,"featured_media":37906,"comment_status":"open","ping_status":"open","sticky":false,"template":"","format":"standard","meta":{"footnotes":""},"categories":[79],"tags":[],"class_list":["post-37905","post","type-post","status-publish","format-standard","has-post-thumbnail","hentry","category-ekonomi"],"yoast_head":"<!-- This site is optimized with the Yoast SEO plugin v27.5 - https:\/\/yoast.com\/product\/yoast-seo-wordpress\/ -->\n<title>3 ayr\u0131 yerde yang\u0131n... -<\/title>\n<meta name=\"robots\" content=\"index, follow, max-snippet:-1, max-image-preview:large, max-video-preview:-1\" \/>\n<link rel=\"canonical\" href=\"https:\/\/kibrisdakik.com\/?p=37905\" \/>\n<meta property=\"og:locale\" content=\"tr_TR\" \/>\n<meta property=\"og:type\" content=\"article\" \/>\n<meta property=\"og:title\" content=\"3 ayr\u0131 yerde yang\u0131n... -\" \/>\n<meta property=\"og:description\" content=\"Polis b\u00fcltenine g\u00f6re, Girne &#8211; Lefko\u015fa ana yolunun 6 -7&#8217;nci kilometrelerinde (Bo\u011fazk\u00f6y\u2019de) bu sabah\u0131n erken saatlerinde, Mehmet Demirkol\u2019un kullan\u0131m\u0131nda bulunan TUY 062 plakal\u0131 salon ara\u00e7ta, seyir halindeyken elektrik aksamlar\u0131nda olu\u015fan k\u0131sa devre sonucu yang\u0131n \u00e7\u0131kt\u0131. Ara\u00e7, tamamen yanarak kullan\u0131lmaz hale geldi. &nbsp; Yang\u0131n, itfaiye ekipleri taraf\u0131ndan s\u00f6nd\u00fcr\u00fcld\u00fc. &nbsp; -Uydu al\u0131c\u0131s\u0131 yang\u0131na neden oldu Gazima\u011fusa\u2019da, d\u00fcn\" \/>\n<meta property=\"og:url\" content=\"https:\/\/kibrisdakik.com\/?p=37905\" \/>\n<meta property=\"article:published_time\" content=\"2024-04-11T03:33:01+00:00\" \/>\n<meta property=\"og:image\" content=\"https:\/\/kibrisdakik.com\/wp-content\/uploads\/2024\/04\/3-ayri-yerde-yangin-1712651077.webp.webp\" \/>\n\t<meta property=\"og:image:width\" content=\"710\" \/>\n\t<meta property=\"og:image:height\" content=\"370\" \/>\n\t<meta property=\"og:image:type\" content=\"image\/webp\" \/>\n<meta name=\"author\" content=\"admin\" \/>\n<meta name=\"twitter:card\" content=\"summary_large_image\" \/>\n<meta name=\"twitter:label1\" content=\"Yazan:\" \/>\n\t<meta name=\"twitter:data1\" content=\"admin\" \/>\n\t<meta name=\"twitter:label2\" content=\"Tahmini okuma s\u00fcresi\" \/>\n\t<meta name=\"twitter:data2\" content=\"1 dakika\" \/>\n<script type=\"application\/ld+json\" class=\"yoast-schema-graph\">{\"@context\":\"https:\\\/\\\/schema.org\",\"@graph\":[{\"@type\":\"Article\",\"@id\":\"https:\\\/\\\/kibrisdakik.com\\\/?p=37905#article\",\"isPartOf\":{\"@id\":\"https:\\\/\\\/kibrisdakik.com\\\/?p=37905\"},\"author\":{\"name\":\"admin\",\"@id\":\"https:\\\/\\\/kibrisdakik.com\\\/#\\\/schema\\\/person\\\/9cd9d437bbb44f72b73ba127e06d8e79\"},\"headline\":\"3 ayr\u0131 yerde yang\u0131n&#8230;\",\"datePublished\":\"2024-04-11T03:33:01+00:00\",\"mainEntityOfPage\":{\"@id\":\"https:\\\/\\\/kibrisdakik.com\\\/?p=37905\"},\"wordCount\":215,\"commentCount\":0,\"image\":{\"@id\":\"https:\\\/\\\/kibrisdakik.com\\\/?p=37905#primaryimage\"},\"thumbnailUrl\":\"https:\\\/\\\/kibrisdakik.com\\\/wp-content\\\/uploads\\\/2024\\\/04\\\/3-ayri-yerde-yangin-1712651077.webp.webp\",\"articleSection\":[\"Ekonomi\"],\"inLanguage\":\"tr\",\"potentialAction\":[{\"@type\":\"CommentAction\",\"name\":\"Comment\",\"target\":[\"https:\\\/\\\/kibrisdakik.com\\\/?p=37905#respond\"]}]},{\"@type\":\"WebPage\",\"@id\":\"https:\\\/\\\/kibrisdakik.com\\\/?p=37905\",\"url\":\"https:\\\/\\\/kibrisdakik.com\\\/?p=37905\",\"name\":\"3 ayr\u0131 yerde yang\u0131n... -\",\"isPartOf\":{\"@id\":\"https:\\\/\\\/kibrisdakik.com\\\/#website\"},\"primaryImageOfPage\":{\"@id\":\"https:\\\/\\\/kibrisdakik.com\\\/?p=37905#primaryimage\"},\"image\":{\"@id\":\"https:\\\/\\\/kibrisdakik.com\\\/?p=37905#primaryimage\"},\"thumbnailUrl\":\"https:\\\/\\\/kibrisdakik.com\\\/wp-content\\\/uploads\\\/2024\\\/04\\\/3-ayri-yerde-yangin-1712651077.webp.webp\",\"datePublished\":\"2024-04-11T03:33:01+00:00\",\"author\":{\"@id\":\"https:\\\/\\\/kibrisdakik.com\\\/#\\\/schema\\\/person\\\/9cd9d437bbb44f72b73ba127e06d8e79\"},\"breadcrumb\":{\"@id\":\"https:\\\/\\\/kibrisdakik.com\\\/?p=37905#breadcrumb\"},\"inLanguage\":\"tr\",\"potentialAction\":[{\"@type\":\"ReadAction\",\"target\":[\"https:\\\/\\\/kibrisdakik.com\\\/?p=37905\"]}]},{\"@type\":\"ImageObject\",\"inLanguage\":\"tr\",\"@id\":\"https:\\\/\\\/kibrisdakik.com\\\/?p=37905#primaryimage\",\"url\":\"https:\\\/\\\/kibrisdakik.com\\\/wp-content\\\/uploads\\\/2024\\\/04\\\/3-ayri-yerde-yangin-1712651077.webp.webp\",\"contentUrl\":\"https:\\\/\\\/kibrisdakik.com\\\/wp-content\\\/uploads\\\/2024\\\/04\\\/3-ayri-yerde-yangin-1712651077.webp.webp\",\"width\":710,\"height\":370},{\"@type\":\"BreadcrumbList\",\"@id\":\"https:\\\/\\\/kibrisdakik.com\\\/?p=37905#breadcrumb\",\"itemListElement\":[{\"@type\":\"ListItem\",\"position\":1,\"name\":\"Home\",\"item\":\"https:\\\/\\\/kibrisdakik.com\\\/\"},{\"@type\":\"ListItem\",\"position\":2,\"name\":\"3 ayr\u0131 yerde yang\u0131n&#8230;\"}]},{\"@type\":\"WebSite\",\"@id\":\"https:\\\/\\\/kibrisdakik.com\\\/#website\",\"url\":\"https:\\\/\\\/kibrisdakik.com\\\/\",\"name\":\"\",\"description\":\"Tam vaktinde haber\",\"potentialAction\":[{\"@type\":\"SearchAction\",\"target\":{\"@type\":\"EntryPoint\",\"urlTemplate\":\"https:\\\/\\\/kibrisdakik.com\\\/?s={search_term_string}\"},\"query-input\":{\"@type\":\"PropertyValueSpecification\",\"valueRequired\":true,\"valueName\":\"search_term_string\"}}],\"inLanguage\":\"tr\"},{\"@type\":\"Person\",\"@id\":\"https:\\\/\\\/kibrisdakik.com\\\/#\\\/schema\\\/person\\\/9cd9d437bbb44f72b73ba127e06d8e79\",\"name\":\"admin\",\"image\":{\"@type\":\"ImageObject\",\"inLanguage\":\"tr\",\"@id\":\"https:\\\/\\\/secure.gravatar.com\\\/avatar\\\/ccc17943b9d660506c869530f897617f7cb1c21a4bf30023f252596d83e1f007?s=96&d=mm&r=g\",\"url\":\"https:\\\/\\\/secure.gravatar.com\\\/avatar\\\/ccc17943b9d660506c869530f897617f7cb1c21a4bf30023f252596d83e1f007?s=96&d=mm&r=g\",\"contentUrl\":\"https:\\\/\\\/secure.gravatar.com\\\/avatar\\\/ccc17943b9d660506c869530f897617f7cb1c21a4bf30023f252596d83e1f007?s=96&d=mm&r=g\",\"caption\":\"admin\"},\"sameAs\":[\"https:\\\/\\\/kibrisdakik.com\"],\"url\":\"https:\\\/\\\/kibrisdakik.com\\\/?author=1\"}]}<\/script>\n<!-- \/ Yoast SEO plugin. -->","yoast_head_json":{"title":"3 ayr\u0131 yerde yang\u0131n... -","robots":{"index":"index","follow":"follow","max-snippet":"max-snippet:-1","max-image-preview":"max-image-preview:large","max-video-preview":"max-video-preview:-1"},"canonical":"https:\/\/kibrisdakik.com\/?p=37905","og_locale":"tr_TR","og_type":"article","og_title":"3 ayr\u0131 yerde yang\u0131n... -","og_description":"Polis b\u00fcltenine g\u00f6re, Girne &#8211; Lefko\u015fa ana yolunun 6 -7&#8217;nci kilometrelerinde (Bo\u011fazk\u00f6y\u2019de) bu sabah\u0131n erken saatlerinde, Mehmet Demirkol\u2019un kullan\u0131m\u0131nda bulunan TUY 062 plakal\u0131 salon ara\u00e7ta, seyir halindeyken elektrik aksamlar\u0131nda olu\u015fan k\u0131sa devre sonucu yang\u0131n \u00e7\u0131kt\u0131. Ara\u00e7, tamamen yanarak kullan\u0131lmaz hale geldi. &nbsp; Yang\u0131n, itfaiye ekipleri taraf\u0131ndan s\u00f6nd\u00fcr\u00fcld\u00fc. &nbsp; -Uydu al\u0131c\u0131s\u0131 yang\u0131na neden oldu Gazima\u011fusa\u2019da, d\u00fcn","og_url":"https:\/\/kibrisdakik.com\/?p=37905","article_published_time":"2024-04-11T03:33:01+00:00","og_image":[{"width":710,"height":370,"url":"https:\/\/kibrisdakik.com\/wp-content\/uploads\/2024\/04\/3-ayri-yerde-yangin-1712651077.webp.webp","type":"image\/webp"}],"author":"admin","twitter_card":"summary_large_image","twitter_misc":{"Yazan:":"admin","Tahmini okuma s\u00fcresi":"1 dakika"},"schema":{"@context":"https:\/\/schema.org","@graph":[{"@type":"Article","@id":"https:\/\/kibrisdakik.com\/?p=37905#article","isPartOf":{"@id":"https:\/\/kibrisdakik.com\/?p=37905"},"author":{"name":"admin","@id":"https:\/\/kibrisdakik.com\/#\/schema\/person\/9cd9d437bbb44f72b73ba127e06d8e79"},"headline":"3 ayr\u0131 yerde yang\u0131n&#8230;","datePublished":"2024-04-11T03:33:01+00:00","mainEntityOfPage":{"@id":"https:\/\/kibrisdakik.com\/?p=37905"},"wordCount":215,"commentCount":0,"image":{"@id":"https:\/\/kibrisdakik.com\/?p=37905#primaryimage"},"thumbnailUrl":"https:\/\/kibrisdakik.com\/wp-content\/uploads\/2024\/04\/3-ayri-yerde-yangin-1712651077.webp.webp","articleSection":["Ekonomi"],"inLanguage":"tr","potentialAction":[{"@type":"CommentAction","name":"Comment","target":["https:\/\/kibrisdakik.com\/?p=37905#respond"]}]},{"@type":"WebPage","@id":"https:\/\/kibrisdakik.com\/?p=37905","url":"https:\/\/kibrisdakik.com\/?p=37905","name":"3 ayr\u0131 yerde yang\u0131n... -","isPartOf":{"@id":"https:\/\/kibrisdakik.com\/#website"},"primaryImageOfPage":{"@id":"https:\/\/kibrisdakik.com\/?p=37905#primaryimage"},"image":{"@id":"https:\/\/kibrisdakik.com\/?p=37905#primaryimage"},"thumbnailUrl":"https:\/\/kibrisdakik.com\/wp-content\/uploads\/2024\/04\/3-ayri-yerde-yangin-1712651077.webp.webp","datePublished":"2024-04-11T03:33:01+00:00","author":{"@id":"https:\/\/kibrisdakik.com\/#\/schema\/person\/9cd9d437bbb44f72b73ba127e06d8e79"},"breadcrumb":{"@id":"https:\/\/kibrisdakik.com\/?p=37905#breadcrumb"},"inLanguage":"tr","potentialAction":[{"@type":"ReadAction","target":["https:\/\/kibrisdakik.com\/?p=37905"]}]},{"@type":"ImageObject","inLanguage":"tr","@id":"https:\/\/kibrisdakik.com\/?p=37905#primaryimage","url":"https:\/\/kibrisdakik.com\/wp-content\/uploads\/2024\/04\/3-ayri-yerde-yangin-1712651077.webp.webp","contentUrl":"https:\/\/kibrisdakik.com\/wp-content\/uploads\/2024\/04\/3-ayri-yerde-yangin-1712651077.webp.webp","width":710,"height":370},{"@type":"BreadcrumbList","@id":"https:\/\/kibrisdakik.com\/?p=37905#breadcrumb","itemListElement":[{"@type":"ListItem","position":1,"name":"Home","item":"https:\/\/kibrisdakik.com\/"},{"@type":"ListItem","position":2,"name":"3 ayr\u0131 yerde yang\u0131n&#8230;"}]},{"@type":"WebSite","@id":"https:\/\/kibrisdakik.com\/#website","url":"https:\/\/kibrisdakik.com\/","name":"","description":"Tam vaktinde haber","potentialAction":[{"@type":"SearchAction","target":{"@type":"EntryPoint","urlTemplate":"https:\/\/kibrisdakik.com\/?s={search_term_string}"},"query-input":{"@type":"PropertyValueSpecification","valueRequired":true,"valueName":"search_term_string"}}],"inLanguage":"tr"},{"@type":"Person","@id":"https:\/\/kibrisdakik.com\/#\/schema\/person\/9cd9d437bbb44f72b73ba127e06d8e79","name":"admin","image":{"@type":"ImageObject","inLanguage":"tr","@id":"https:\/\/secure.gravatar.com\/avatar\/ccc17943b9d660506c869530f897617f7cb1c21a4bf30023f252596d83e1f007?s=96&d=mm&r=g","url":"https:\/\/secure.gravatar.com\/avatar\/ccc17943b9d660506c869530f897617f7cb1c21a4bf30023f252596d83e1f007?s=96&d=mm&r=g","contentUrl":"https:\/\/secure.gravatar.com\/avatar\/ccc17943b9d660506c869530f897617f7cb1c21a4bf30023f252596d83e1f007?s=96&d=mm&r=g","caption":"admin"},"sameAs":["https:\/\/kibrisdakik.com"],"url":"https:\/\/kibrisdakik.com\/?author=1"}]}},"_links":{"self":[{"href":"https:\/\/kibrisdakik.com\/index.php?rest_route=\/wp\/v2\/posts\/37905","targetHints":{"allow":["GET"]}}],"collection":[{"href":"https:\/\/kibrisdakik.com\/index.php?rest_route=\/wp\/v2\/posts"}],"about":[{"href":"https:\/\/kibrisdakik.com\/index.php?rest_route=\/wp\/v2\/types\/post"}],"author":[{"embeddable":true,"href":"https:\/\/kibrisdakik.com\/index.php?rest_route=\/wp\/v2\/users\/1"}],"replies":[{"embeddable":true,"href":"https:\/\/kibrisdakik.com\/index.php?rest_route=%2Fwp%2Fv2%2Fcomments&post=37905"}],"version-history":[{"count":0,"href":"https:\/\/kibrisdakik.com\/index.php?rest_route=\/wp\/v2\/posts\/37905\/revisions"}],"wp:featuredmedia":[{"embeddable":true,"href":"https:\/\/kibrisdakik.com\/index.php?rest_route=\/wp\/v2\/media\/37906"}],"wp:attachment":[{"href":"https:\/\/kibrisdakik.com\/index.php?rest_route=%2Fwp%2Fv2%2Fmedia&parent=37905"}],"wp:term":[{"taxonomy":"category","embeddable":true,"href":"https:\/\/kibrisdakik.com\/index.php?rest_route=%2Fwp%2Fv2%2Fcategories&post=37905"},{"taxonomy":"post_tag","embeddable":true,"href":"https:\/\/kibrisdakik.com\/index.php?rest_route=%2Fwp%2Fv2%2Ftags&post=37905"}],"curies":[{"name":"wp","href":"https:\/\/api.w.org\/{rel}","templated":true}]}}