{"id":37921,"date":"2024-04-11T07:21:49","date_gmt":"2024-04-11T07:21:49","guid":{"rendered":"https:\/\/kibrisdakik.com\/index.php\/2024\/04\/11\/tore-kurtulmus-ve-eski-tbmm-baskanlari-ile-bayramlasti\/"},"modified":"2024-04-11T07:21:49","modified_gmt":"2024-04-11T07:21:49","slug":"tore-kurtulmus-ve-eski-tbmm-baskanlari-ile-bayramlasti","status":"publish","type":"post","link":"https:\/\/kibrisdakik.com\/?p=37921","title":{"rendered":"T\u00f6re, Kurtulmu\u015f ve eski TBMM ba\u015fkanlar\u0131 ile bayramla\u015ft\u0131"},"content":{"rendered":"<p><\/p>\n<div>\n<div class=\"mariselle-image-container center\">\n                <img loading=\"lazy\" decoding=\"async\" width=\"1600\" height=\"1200\" class=\"lazy-image\" alt=\"\" sizes=\"auto, (max-width: 1600px) 100vw, 1600px\" src=\"https:\/\/brtk.net\/wp-content\/uploads\/2024\/04\/11\/tore50.jpg?ver=ae0787805fdfe3d797ea50567985428d\" srcset=\"https:\/\/brtk.net\/wp-content\/uploads\/2024\/04\/11\/tore50.jpg?ver=ae0787805fdfe3d797ea50567985428d 1600w, https:\/\/brtk.net\/wp-content\/uploads\/2024\/04\/11\/tore50-300x225.jpg?ver=73f729e0441d53e930661503da64880e 300w, https:\/\/brtk.net\/wp-content\/uploads\/2024\/04\/11\/tore50-1024x768.jpg?ver=73f729e0441d53e930661503da64880e 1024w, https:\/\/brtk.net\/wp-content\/uploads\/2024\/04\/11\/tore50-768x576.jpg?ver=711120c7d9ebed108c56361eae72ec5f 768w, https:\/\/brtk.net\/wp-content\/uploads\/2024\/04\/11\/tore50-1536x1152.jpg?ver=711120c7d9ebed108c56361eae72ec5f 1536w\"\/>                            <\/div>\n<p>\nCumhuriyet Meclisi Ba\u015fkan\u0131 Zorlu T\u00f6re, Ramazan Bayram\u0131 nedeniyle T\u00fcrkiye B\u00fcy\u00fck Millet Meclisi (TBMM) Ba\u015fkan\u0131 Numan Kurtulmu\u015f\u2019u telefonla arayarak bayram\u0131n\u0131 kutlad\u0131.<\/p>\n<p>Meclisten verilen bilgiye g\u00f6re, T\u00f6re, g\u00f6r\u00fc\u015fmede K\u0131br\u0131s T\u00fcrk halk\u0131 ve Cumhuriyet Meclisine mensup milletvekillerinin selamlar\u0131n\u0131 ileterek, bayram\u0131n hay\u0131rlara vesile olmas\u0131n\u0131 diledi.<\/p>\n<p>T\u00f6re, bundan sonraki s\u00fcre\u00e7te iki \u00fclkenin meclisleri aras\u0131ndaki ili\u015fkinin artarak devam edece\u011fine olan inanc\u0131n\u0131 da dile getirdi.<\/p>\n<p>TBMM Ba\u015fkan\u0131 Numan Kurtulmu\u015f da g\u00f6r\u00fc\u015fmede, T\u00f6re ve onun nezdinde K\u0131br\u0131s T\u00fcrk halk\u0131n\u0131n bayram\u0131n\u0131 kutlayarak selamlar\u0131n\u0131 g\u00f6nderdi.<\/p>\n<p>-Eski TBMM ba\u015fkanlar\u0131 ile g\u00f6r\u00fc\u015fme<\/p>\n<p>Cumhuriyet Meclisi Ba\u015fkan\u0131 Zorlu T\u00f6re, eski TBMM Ba\u015fkanlar\u0131 Mustafa \u015eentop, \u0130smail Kahraman ve B\u00fclent Ar\u0131n\u00e7\u2019\u0131 da arayarak bayramlar\u0131n\u0131 kutlad\u0131.<\/p>\n<p>T\u00f6re, telefon g\u00f6r\u00fc\u015fmelerinde eski TBMM ba\u015fkanlar\u0131na K\u0131br\u0131s T\u00fcrk halk\u0131n\u0131n hakl\u0131 davas\u0131na vermi\u015f olduklar\u0131 destekten dolay\u0131 te\u015fekk\u00fcr etti.<\/p>\n<\/p><\/div>\n<p><script async\n                    defer\n                    crossorigin=\"anonymous\"\n                    src=\"https:\/\/connect.facebook.net\/tr_TR\/sdk.js#xfbml=1&#038;version=v3.3\"\n            ><\/script><\/p>\n","protected":false},"excerpt":{"rendered":"<p>Cumhuriyet Meclisi Ba\u015fkan\u0131 Zorlu T\u00f6re, Ramazan Bayram\u0131 nedeniyle T\u00fcrkiye B\u00fcy\u00fck Millet Meclisi (TBMM) Ba\u015fkan\u0131 Numan Kurtulmu\u015f\u2019u telefonla arayarak bayram\u0131n\u0131 kutlad\u0131. Meclisten verilen bilgiye g\u00f6re, T\u00f6re, g\u00f6r\u00fc\u015fmede K\u0131br\u0131s T\u00fcrk halk\u0131 ve Cumhuriyet Meclisine mensup milletvekillerinin selamlar\u0131n\u0131 ileterek, bayram\u0131n hay\u0131rlara vesile olmas\u0131n\u0131 diledi. T\u00f6re, bundan sonraki s\u00fcre\u00e7te iki \u00fclkenin meclisleri aras\u0131ndaki ili\u015fkinin artarak devam edece\u011fine olan inanc\u0131n\u0131<\/p>\n","protected":false},"author":1,"featured_media":37922,"comment_status":"open","ping_status":"open","sticky":false,"template":"","format":"standard","meta":{"footnotes":""},"categories":[1],"tags":[],"class_list":["post-37921","post","type-post","status-publish","format-standard","has-post-thumbnail","hentry","category-gundem"],"yoast_head":"<!-- This site is optimized with the Yoast SEO plugin v27.5 - https:\/\/yoast.com\/product\/yoast-seo-wordpress\/ -->\n<title>T\u00f6re, Kurtulmu\u015f ve eski TBMM ba\u015fkanlar\u0131 ile bayramla\u015ft\u0131 -<\/title>\n<meta name=\"robots\" content=\"index, follow, max-snippet:-1, max-image-preview:large, max-video-preview:-1\" \/>\n<link rel=\"canonical\" href=\"https:\/\/kibrisdakik.com\/?p=37921\" \/>\n<meta property=\"og:locale\" content=\"tr_TR\" \/>\n<meta property=\"og:type\" content=\"article\" \/>\n<meta property=\"og:title\" content=\"T\u00f6re, Kurtulmu\u015f ve eski TBMM ba\u015fkanlar\u0131 ile bayramla\u015ft\u0131 -\" \/>\n<meta property=\"og:description\" content=\"Cumhuriyet Meclisi Ba\u015fkan\u0131 Zorlu T\u00f6re, Ramazan Bayram\u0131 nedeniyle T\u00fcrkiye B\u00fcy\u00fck Millet Meclisi (TBMM) Ba\u015fkan\u0131 Numan Kurtulmu\u015f\u2019u telefonla arayarak bayram\u0131n\u0131 kutlad\u0131. Meclisten verilen bilgiye g\u00f6re, T\u00f6re, g\u00f6r\u00fc\u015fmede K\u0131br\u0131s T\u00fcrk halk\u0131 ve Cumhuriyet Meclisine mensup milletvekillerinin selamlar\u0131n\u0131 ileterek, bayram\u0131n hay\u0131rlara vesile olmas\u0131n\u0131 diledi. T\u00f6re, bundan sonraki s\u00fcre\u00e7te iki \u00fclkenin meclisleri aras\u0131ndaki ili\u015fkinin artarak devam edece\u011fine olan inanc\u0131n\u0131\" \/>\n<meta property=\"og:url\" content=\"https:\/\/kibrisdakik.com\/?p=37921\" \/>\n<meta property=\"article:published_time\" content=\"2024-04-11T07:21:49+00:00\" \/>\n<meta property=\"og:image\" content=\"https:\/\/kibrisdakik.com\/wp-content\/uploads\/2024\/04\/tore50-740x420.jpg\" \/>\n\t<meta property=\"og:image:width\" content=\"1600\" \/>\n\t<meta property=\"og:image:height\" content=\"1200\" \/>\n\t<meta property=\"og:image:type\" content=\"image\/jpeg\" \/>\n<meta name=\"author\" content=\"admin\" \/>\n<meta name=\"twitter:card\" content=\"summary_large_image\" \/>\n<meta name=\"twitter:label1\" content=\"Yazan:\" \/>\n\t<meta name=\"twitter:data1\" content=\"admin\" \/>\n\t<meta name=\"twitter:label2\" content=\"Tahmini okuma s\u00fcresi\" \/>\n\t<meta name=\"twitter:data2\" content=\"1 dakika\" \/>\n<script type=\"application\/ld+json\" class=\"yoast-schema-graph\">{\"@context\":\"https:\\\/\\\/schema.org\",\"@graph\":[{\"@type\":\"Article\",\"@id\":\"https:\\\/\\\/kibrisdakik.com\\\/?p=37921#article\",\"isPartOf\":{\"@id\":\"https:\\\/\\\/kibrisdakik.com\\\/?p=37921\"},\"author\":{\"name\":\"admin\",\"@id\":\"https:\\\/\\\/kibrisdakik.com\\\/#\\\/schema\\\/person\\\/9cd9d437bbb44f72b73ba127e06d8e79\"},\"headline\":\"T\u00f6re, Kurtulmu\u015f ve eski TBMM ba\u015fkanlar\u0131 ile bayramla\u015ft\u0131\",\"datePublished\":\"2024-04-11T07:21:49+00:00\",\"mainEntityOfPage\":{\"@id\":\"https:\\\/\\\/kibrisdakik.com\\\/?p=37921\"},\"wordCount\":187,\"commentCount\":0,\"image\":{\"@id\":\"https:\\\/\\\/kibrisdakik.com\\\/?p=37921#primaryimage\"},\"thumbnailUrl\":\"https:\\\/\\\/kibrisdakik.com\\\/wp-content\\\/uploads\\\/2024\\\/04\\\/tore50-740x420.jpg\",\"articleSection\":[\"G\u00fcndem\"],\"inLanguage\":\"tr\",\"potentialAction\":[{\"@type\":\"CommentAction\",\"name\":\"Comment\",\"target\":[\"https:\\\/\\\/kibrisdakik.com\\\/?p=37921#respond\"]}]},{\"@type\":\"WebPage\",\"@id\":\"https:\\\/\\\/kibrisdakik.com\\\/?p=37921\",\"url\":\"https:\\\/\\\/kibrisdakik.com\\\/?p=37921\",\"name\":\"T\u00f6re, Kurtulmu\u015f ve eski TBMM ba\u015fkanlar\u0131 ile bayramla\u015ft\u0131 -\",\"isPartOf\":{\"@id\":\"https:\\\/\\\/kibrisdakik.com\\\/#website\"},\"primaryImageOfPage\":{\"@id\":\"https:\\\/\\\/kibrisdakik.com\\\/?p=37921#primaryimage\"},\"image\":{\"@id\":\"https:\\\/\\\/kibrisdakik.com\\\/?p=37921#primaryimage\"},\"thumbnailUrl\":\"https:\\\/\\\/kibrisdakik.com\\\/wp-content\\\/uploads\\\/2024\\\/04\\\/tore50-740x420.jpg\",\"datePublished\":\"2024-04-11T07:21:49+00:00\",\"author\":{\"@id\":\"https:\\\/\\\/kibrisdakik.com\\\/#\\\/schema\\\/person\\\/9cd9d437bbb44f72b73ba127e06d8e79\"},\"breadcrumb\":{\"@id\":\"https:\\\/\\\/kibrisdakik.com\\\/?p=37921#breadcrumb\"},\"inLanguage\":\"tr\",\"potentialAction\":[{\"@type\":\"ReadAction\",\"target\":[\"https:\\\/\\\/kibrisdakik.com\\\/?p=37921\"]}]},{\"@type\":\"ImageObject\",\"inLanguage\":\"tr\",\"@id\":\"https:\\\/\\\/kibrisdakik.com\\\/?p=37921#primaryimage\",\"url\":\"https:\\\/\\\/kibrisdakik.com\\\/wp-content\\\/uploads\\\/2024\\\/04\\\/tore50-740x420.jpg\",\"contentUrl\":\"https:\\\/\\\/kibrisdakik.com\\\/wp-content\\\/uploads\\\/2024\\\/04\\\/tore50-740x420.jpg\",\"width\":1600,\"height\":1200},{\"@type\":\"BreadcrumbList\",\"@id\":\"https:\\\/\\\/kibrisdakik.com\\\/?p=37921#breadcrumb\",\"itemListElement\":[{\"@type\":\"ListItem\",\"position\":1,\"name\":\"Home\",\"item\":\"https:\\\/\\\/kibrisdakik.com\\\/\"},{\"@type\":\"ListItem\",\"position\":2,\"name\":\"T\u00f6re, Kurtulmu\u015f ve eski TBMM ba\u015fkanlar\u0131 ile bayramla\u015ft\u0131\"}]},{\"@type\":\"WebSite\",\"@id\":\"https:\\\/\\\/kibrisdakik.com\\\/#website\",\"url\":\"https:\\\/\\\/kibrisdakik.com\\\/\",\"name\":\"\",\"description\":\"Tam vaktinde haber\",\"potentialAction\":[{\"@type\":\"SearchAction\",\"target\":{\"@type\":\"EntryPoint\",\"urlTemplate\":\"https:\\\/\\\/kibrisdakik.com\\\/?s={search_term_string}\"},\"query-input\":{\"@type\":\"PropertyValueSpecification\",\"valueRequired\":true,\"valueName\":\"search_term_string\"}}],\"inLanguage\":\"tr\"},{\"@type\":\"Person\",\"@id\":\"https:\\\/\\\/kibrisdakik.com\\\/#\\\/schema\\\/person\\\/9cd9d437bbb44f72b73ba127e06d8e79\",\"name\":\"admin\",\"image\":{\"@type\":\"ImageObject\",\"inLanguage\":\"tr\",\"@id\":\"https:\\\/\\\/secure.gravatar.com\\\/avatar\\\/ccc17943b9d660506c869530f897617f7cb1c21a4bf30023f252596d83e1f007?s=96&d=mm&r=g\",\"url\":\"https:\\\/\\\/secure.gravatar.com\\\/avatar\\\/ccc17943b9d660506c869530f897617f7cb1c21a4bf30023f252596d83e1f007?s=96&d=mm&r=g\",\"contentUrl\":\"https:\\\/\\\/secure.gravatar.com\\\/avatar\\\/ccc17943b9d660506c869530f897617f7cb1c21a4bf30023f252596d83e1f007?s=96&d=mm&r=g\",\"caption\":\"admin\"},\"sameAs\":[\"https:\\\/\\\/kibrisdakik.com\"],\"url\":\"https:\\\/\\\/kibrisdakik.com\\\/?author=1\"}]}<\/script>\n<!-- \/ Yoast SEO plugin. -->","yoast_head_json":{"title":"T\u00f6re, Kurtulmu\u015f ve eski TBMM ba\u015fkanlar\u0131 ile bayramla\u015ft\u0131 -","robots":{"index":"index","follow":"follow","max-snippet":"max-snippet:-1","max-image-preview":"max-image-preview:large","max-video-preview":"max-video-preview:-1"},"canonical":"https:\/\/kibrisdakik.com\/?p=37921","og_locale":"tr_TR","og_type":"article","og_title":"T\u00f6re, Kurtulmu\u015f ve eski TBMM ba\u015fkanlar\u0131 ile bayramla\u015ft\u0131 -","og_description":"Cumhuriyet Meclisi Ba\u015fkan\u0131 Zorlu T\u00f6re, Ramazan Bayram\u0131 nedeniyle T\u00fcrkiye B\u00fcy\u00fck Millet Meclisi (TBMM) Ba\u015fkan\u0131 Numan Kurtulmu\u015f\u2019u telefonla arayarak bayram\u0131n\u0131 kutlad\u0131. Meclisten verilen bilgiye g\u00f6re, T\u00f6re, g\u00f6r\u00fc\u015fmede K\u0131br\u0131s T\u00fcrk halk\u0131 ve Cumhuriyet Meclisine mensup milletvekillerinin selamlar\u0131n\u0131 ileterek, bayram\u0131n hay\u0131rlara vesile olmas\u0131n\u0131 diledi. T\u00f6re, bundan sonraki s\u00fcre\u00e7te iki \u00fclkenin meclisleri aras\u0131ndaki ili\u015fkinin artarak devam edece\u011fine olan inanc\u0131n\u0131","og_url":"https:\/\/kibrisdakik.com\/?p=37921","article_published_time":"2024-04-11T07:21:49+00:00","og_image":[{"width":1600,"height":1200,"url":"https:\/\/kibrisdakik.com\/wp-content\/uploads\/2024\/04\/tore50-740x420.jpg","type":"image\/jpeg"}],"author":"admin","twitter_card":"summary_large_image","twitter_misc":{"Yazan:":"admin","Tahmini okuma s\u00fcresi":"1 dakika"},"schema":{"@context":"https:\/\/schema.org","@graph":[{"@type":"Article","@id":"https:\/\/kibrisdakik.com\/?p=37921#article","isPartOf":{"@id":"https:\/\/kibrisdakik.com\/?p=37921"},"author":{"name":"admin","@id":"https:\/\/kibrisdakik.com\/#\/schema\/person\/9cd9d437bbb44f72b73ba127e06d8e79"},"headline":"T\u00f6re, Kurtulmu\u015f ve eski TBMM ba\u015fkanlar\u0131 ile bayramla\u015ft\u0131","datePublished":"2024-04-11T07:21:49+00:00","mainEntityOfPage":{"@id":"https:\/\/kibrisdakik.com\/?p=37921"},"wordCount":187,"commentCount":0,"image":{"@id":"https:\/\/kibrisdakik.com\/?p=37921#primaryimage"},"thumbnailUrl":"https:\/\/kibrisdakik.com\/wp-content\/uploads\/2024\/04\/tore50-740x420.jpg","articleSection":["G\u00fcndem"],"inLanguage":"tr","potentialAction":[{"@type":"CommentAction","name":"Comment","target":["https:\/\/kibrisdakik.com\/?p=37921#respond"]}]},{"@type":"WebPage","@id":"https:\/\/kibrisdakik.com\/?p=37921","url":"https:\/\/kibrisdakik.com\/?p=37921","name":"T\u00f6re, Kurtulmu\u015f ve eski TBMM ba\u015fkanlar\u0131 ile bayramla\u015ft\u0131 -","isPartOf":{"@id":"https:\/\/kibrisdakik.com\/#website"},"primaryImageOfPage":{"@id":"https:\/\/kibrisdakik.com\/?p=37921#primaryimage"},"image":{"@id":"https:\/\/kibrisdakik.com\/?p=37921#primaryimage"},"thumbnailUrl":"https:\/\/kibrisdakik.com\/wp-content\/uploads\/2024\/04\/tore50-740x420.jpg","datePublished":"2024-04-11T07:21:49+00:00","author":{"@id":"https:\/\/kibrisdakik.com\/#\/schema\/person\/9cd9d437bbb44f72b73ba127e06d8e79"},"breadcrumb":{"@id":"https:\/\/kibrisdakik.com\/?p=37921#breadcrumb"},"inLanguage":"tr","potentialAction":[{"@type":"ReadAction","target":["https:\/\/kibrisdakik.com\/?p=37921"]}]},{"@type":"ImageObject","inLanguage":"tr","@id":"https:\/\/kibrisdakik.com\/?p=37921#primaryimage","url":"https:\/\/kibrisdakik.com\/wp-content\/uploads\/2024\/04\/tore50-740x420.jpg","contentUrl":"https:\/\/kibrisdakik.com\/wp-content\/uploads\/2024\/04\/tore50-740x420.jpg","width":1600,"height":1200},{"@type":"BreadcrumbList","@id":"https:\/\/kibrisdakik.com\/?p=37921#breadcrumb","itemListElement":[{"@type":"ListItem","position":1,"name":"Home","item":"https:\/\/kibrisdakik.com\/"},{"@type":"ListItem","position":2,"name":"T\u00f6re, Kurtulmu\u015f ve eski TBMM ba\u015fkanlar\u0131 ile bayramla\u015ft\u0131"}]},{"@type":"WebSite","@id":"https:\/\/kibrisdakik.com\/#website","url":"https:\/\/kibrisdakik.com\/","name":"","description":"Tam vaktinde haber","potentialAction":[{"@type":"SearchAction","target":{"@type":"EntryPoint","urlTemplate":"https:\/\/kibrisdakik.com\/?s={search_term_string}"},"query-input":{"@type":"PropertyValueSpecification","valueRequired":true,"valueName":"search_term_string"}}],"inLanguage":"tr"},{"@type":"Person","@id":"https:\/\/kibrisdakik.com\/#\/schema\/person\/9cd9d437bbb44f72b73ba127e06d8e79","name":"admin","image":{"@type":"ImageObject","inLanguage":"tr","@id":"https:\/\/secure.gravatar.com\/avatar\/ccc17943b9d660506c869530f897617f7cb1c21a4bf30023f252596d83e1f007?s=96&d=mm&r=g","url":"https:\/\/secure.gravatar.com\/avatar\/ccc17943b9d660506c869530f897617f7cb1c21a4bf30023f252596d83e1f007?s=96&d=mm&r=g","contentUrl":"https:\/\/secure.gravatar.com\/avatar\/ccc17943b9d660506c869530f897617f7cb1c21a4bf30023f252596d83e1f007?s=96&d=mm&r=g","caption":"admin"},"sameAs":["https:\/\/kibrisdakik.com"],"url":"https:\/\/kibrisdakik.com\/?author=1"}]}},"_links":{"self":[{"href":"https:\/\/kibrisdakik.com\/index.php?rest_route=\/wp\/v2\/posts\/37921","targetHints":{"allow":["GET"]}}],"collection":[{"href":"https:\/\/kibrisdakik.com\/index.php?rest_route=\/wp\/v2\/posts"}],"about":[{"href":"https:\/\/kibrisdakik.com\/index.php?rest_route=\/wp\/v2\/types\/post"}],"author":[{"embeddable":true,"href":"https:\/\/kibrisdakik.com\/index.php?rest_route=\/wp\/v2\/users\/1"}],"replies":[{"embeddable":true,"href":"https:\/\/kibrisdakik.com\/index.php?rest_route=%2Fwp%2Fv2%2Fcomments&post=37921"}],"version-history":[{"count":0,"href":"https:\/\/kibrisdakik.com\/index.php?rest_route=\/wp\/v2\/posts\/37921\/revisions"}],"wp:featuredmedia":[{"embeddable":true,"href":"https:\/\/kibrisdakik.com\/index.php?rest_route=\/wp\/v2\/media\/37922"}],"wp:attachment":[{"href":"https:\/\/kibrisdakik.com\/index.php?rest_route=%2Fwp%2Fv2%2Fmedia&parent=37921"}],"wp:term":[{"taxonomy":"category","embeddable":true,"href":"https:\/\/kibrisdakik.com\/index.php?rest_route=%2Fwp%2Fv2%2Fcategories&post=37921"},{"taxonomy":"post_tag","embeddable":true,"href":"https:\/\/kibrisdakik.com\/index.php?rest_route=%2Fwp%2Fv2%2Ftags&post=37921"}],"curies":[{"name":"wp","href":"https:\/\/api.w.org\/{rel}","templated":true}]}}