{"id":37925,"date":"2024-04-11T07:36:51","date_gmt":"2024-04-11T07:36:51","guid":{"rendered":"https:\/\/kibrisdakik.com\/index.php\/2024\/04\/11\/tore-hala-sultan-camide-duzenlenen-bayramlasma-etkinligine-katildi\/"},"modified":"2024-04-11T07:36:51","modified_gmt":"2024-04-11T07:36:51","slug":"tore-hala-sultan-camide-duzenlenen-bayramlasma-etkinligine-katildi","status":"publish","type":"post","link":"https:\/\/kibrisdakik.com\/?p=37925","title":{"rendered":"T\u00f6re, Hala Sultan Cami&#039;de d\u00fczenlenen bayramla\u015fma etkinli\u011fine kat\u0131ld\u0131"},"content":{"rendered":"<p><img decoding=\"async\" src=\"https:\/\/www.kibristurk.com\/images\/haberler\/2024\/04\/tore-hala-sultan-camide-duzenlenen-bayramlasma-etkinligine-katildi-1712820047.webp\" \/><\/p>\n<p style=\"text-align:left\"><span style=\"font-size:16px\"><span style=\"font-family:Merriweather,serif !important\"><span style=\"color:#000000\"><span style=\"background-color:#ffffff\">Meclisten verilen bilgiye g\u00f6re, Haspolat\u2019ta bulunan Hala Sultan Cami Konferans Salonunda d\u00fczenlenen etkinlikte konu\u015fan T\u00f6re, bayrama ula\u015fman\u0131n sevincini ya\u015farken, Gazze\u2019de devam eden sava\u015f nedeniyle kalplerinin burukluk oldu\u011funu ifade etti.<\/span><\/span><\/span><\/span><\/p>\n<p style=\"text-align:left\"><span style=\"font-size:16px\"><span style=\"font-family:Merriweather,serif !important\"><span style=\"color:#000000\"><span style=\"background-color:#ffffff\">Gazze\u2019de insanlar\u0131n a\u00e7l\u0131ktan \u00f6ld\u00fc\u011f\u00fcn\u00fc, b\u00fcy\u00fck sa\u011fl\u0131k sorunlar\u0131yla kar\u015f\u0131 kar\u015f\u0131ya bulunduklar\u0131n\u0131 ifade eden T\u00f6re, bat\u0131n\u0131n ve Amerika\u2019n\u0131n bu durumu destekledi\u011fini s\u00f6yledi.<\/span><\/span><\/span><\/span><\/p>\n<p style=\"text-align:left\"><span style=\"font-size:16px\"><span style=\"font-family:Merriweather,serif !important\"><span style=\"color:#000000\"><span style=\"background-color:#ffffff\">T\u00f6re, ya\u015fanan zulme kar\u015f\u0131l\u0131k Mehmet Akif Ersoy\u2019un \u0130stiklal Mar\u015f\u0131\u2019ndaki \u201cGarb\u0131n afak\u0131n\u0131 sarm\u0131\u015fsa \u00e7elik z\u0131rhl\u0131 duvar, Benim iman dolu g\u00f6\u011fs\u00fcm gibi serhaddim var. Ulusun, korkma! Nas\u0131l b\u00f6yle bir iman\u0131 bo\u011far, \u2018Medeniyet\u2019 dedi\u011fin tek di\u015fi kalm\u0131\u015f canavar.\u201d s\u00f6zlerini an\u0131msatt\u0131.<\/span><\/span><\/span><\/span><\/p>\n<p style=\"text-align:left\"><span style=\"font-size:16px\"><span style=\"font-family:Merriweather,serif !important\"><span style=\"color:#000000\"><span style=\"background-color:#ffffff\">T\u00f6re: \u201cBu canavar\u0131 da yenmesini bilece\u011fiz. Mustafa Kemal, yurda esir etmek isteyenleri Anadolu\u2019dan kovduysa, elbette Gazze\u2019den de gidecekler, Kud\u00fcs\u2019ten de gidecekler\u201d dedi.<\/span><\/span><\/span><\/span><\/p>\n<p style=\"text-align:left\"><span style=\"font-size:16px\"><span style=\"font-family:Merriweather,serif !important\"><span style=\"color:#000000\"><span style=\"background-color:#ffffff\">KKTC\u2019de din bilgisi e\u011fitiminin g\u00fcvence alt\u0131na al\u0131nmas\u0131 gerekti\u011fine i\u015faret eden T\u00f6re, \u201c\u0130steyen yabanc\u0131 dil, beden e\u011fitimi ya da dans kursuna gidebilir. Ama isteyen de Kuran kursuna gidip din e\u011fitimi alabilir. Bu, bu kadar a\u00e7\u0131k ve nettir\u201d \u015feklinde konu\u015ftu.<\/span><\/span><\/span><\/span><\/p>\n","protected":false},"excerpt":{"rendered":"<p>Meclisten verilen bilgiye g\u00f6re, Haspolat\u2019ta bulunan Hala Sultan Cami Konferans Salonunda d\u00fczenlenen etkinlikte konu\u015fan T\u00f6re, bayrama ula\u015fman\u0131n sevincini ya\u015farken, Gazze\u2019de devam eden sava\u015f nedeniyle kalplerinin burukluk oldu\u011funu ifade etti. Gazze\u2019de insanlar\u0131n a\u00e7l\u0131ktan \u00f6ld\u00fc\u011f\u00fcn\u00fc, b\u00fcy\u00fck sa\u011fl\u0131k sorunlar\u0131yla kar\u015f\u0131 kar\u015f\u0131ya bulunduklar\u0131n\u0131 ifade eden T\u00f6re, bat\u0131n\u0131n ve Amerika\u2019n\u0131n bu durumu destekledi\u011fini s\u00f6yledi. T\u00f6re, ya\u015fanan zulme kar\u015f\u0131l\u0131k Mehmet Akif<\/p>\n","protected":false},"author":1,"featured_media":37926,"comment_status":"open","ping_status":"open","sticky":false,"template":"","format":"standard","meta":{"footnotes":""},"categories":[79],"tags":[],"class_list":["post-37925","post","type-post","status-publish","format-standard","has-post-thumbnail","hentry","category-ekonomi"],"yoast_head":"<!-- This site is optimized with the Yoast SEO plugin v27.5 - https:\/\/yoast.com\/product\/yoast-seo-wordpress\/ -->\n<title>T\u00f6re, Hala Sultan Cami&#039;de d\u00fczenlenen bayramla\u015fma etkinli\u011fine kat\u0131ld\u0131 -<\/title>\n<meta name=\"robots\" content=\"index, follow, max-snippet:-1, max-image-preview:large, max-video-preview:-1\" \/>\n<link rel=\"canonical\" href=\"https:\/\/kibrisdakik.com\/?p=37925\" \/>\n<meta property=\"og:locale\" content=\"tr_TR\" \/>\n<meta property=\"og:type\" content=\"article\" \/>\n<meta property=\"og:title\" content=\"T\u00f6re, Hala Sultan Cami&#039;de d\u00fczenlenen bayramla\u015fma etkinli\u011fine kat\u0131ld\u0131 -\" \/>\n<meta property=\"og:description\" content=\"Meclisten verilen bilgiye g\u00f6re, Haspolat\u2019ta bulunan Hala Sultan Cami Konferans Salonunda d\u00fczenlenen etkinlikte konu\u015fan T\u00f6re, bayrama ula\u015fman\u0131n sevincini ya\u015farken, Gazze\u2019de devam eden sava\u015f nedeniyle kalplerinin burukluk oldu\u011funu ifade etti. Gazze\u2019de insanlar\u0131n a\u00e7l\u0131ktan \u00f6ld\u00fc\u011f\u00fcn\u00fc, b\u00fcy\u00fck sa\u011fl\u0131k sorunlar\u0131yla kar\u015f\u0131 kar\u015f\u0131ya bulunduklar\u0131n\u0131 ifade eden T\u00f6re, bat\u0131n\u0131n ve Amerika\u2019n\u0131n bu durumu destekledi\u011fini s\u00f6yledi. T\u00f6re, ya\u015fanan zulme kar\u015f\u0131l\u0131k Mehmet Akif\" \/>\n<meta property=\"og:url\" content=\"https:\/\/kibrisdakik.com\/?p=37925\" \/>\n<meta property=\"article:published_time\" content=\"2024-04-11T07:36:51+00:00\" \/>\n<meta property=\"og:image\" content=\"https:\/\/kibrisdakik.com\/wp-content\/uploads\/2024\/04\/tore-hala-sultan-camide-duzenlenen-bayramlasma-etkinligine-katildi-1712820047.webp.webp\" \/>\n\t<meta property=\"og:image:width\" content=\"710\" \/>\n\t<meta property=\"og:image:height\" content=\"370\" \/>\n\t<meta property=\"og:image:type\" content=\"image\/webp\" \/>\n<meta name=\"author\" content=\"admin\" \/>\n<meta name=\"twitter:card\" content=\"summary_large_image\" \/>\n<meta name=\"twitter:label1\" content=\"Yazan:\" \/>\n\t<meta name=\"twitter:data1\" content=\"admin\" \/>\n\t<meta name=\"twitter:label2\" content=\"Tahmini okuma s\u00fcresi\" \/>\n\t<meta name=\"twitter:data2\" content=\"1 dakika\" \/>\n<script type=\"application\/ld+json\" class=\"yoast-schema-graph\">{\"@context\":\"https:\\\/\\\/schema.org\",\"@graph\":[{\"@type\":\"Article\",\"@id\":\"https:\\\/\\\/kibrisdakik.com\\\/?p=37925#article\",\"isPartOf\":{\"@id\":\"https:\\\/\\\/kibrisdakik.com\\\/?p=37925\"},\"author\":{\"name\":\"admin\",\"@id\":\"https:\\\/\\\/kibrisdakik.com\\\/#\\\/schema\\\/person\\\/9cd9d437bbb44f72b73ba127e06d8e79\"},\"headline\":\"T\u00f6re, Hala Sultan Cami&#039;de d\u00fczenlenen bayramla\u015fma etkinli\u011fine kat\u0131ld\u0131\",\"datePublished\":\"2024-04-11T07:36:51+00:00\",\"mainEntityOfPage\":{\"@id\":\"https:\\\/\\\/kibrisdakik.com\\\/?p=37925\"},\"wordCount\":226,\"commentCount\":0,\"image\":{\"@id\":\"https:\\\/\\\/kibrisdakik.com\\\/?p=37925#primaryimage\"},\"thumbnailUrl\":\"https:\\\/\\\/kibrisdakik.com\\\/wp-content\\\/uploads\\\/2024\\\/04\\\/tore-hala-sultan-camide-duzenlenen-bayramlasma-etkinligine-katildi-1712820047.webp.webp\",\"articleSection\":[\"Ekonomi\"],\"inLanguage\":\"tr\",\"potentialAction\":[{\"@type\":\"CommentAction\",\"name\":\"Comment\",\"target\":[\"https:\\\/\\\/kibrisdakik.com\\\/?p=37925#respond\"]}]},{\"@type\":\"WebPage\",\"@id\":\"https:\\\/\\\/kibrisdakik.com\\\/?p=37925\",\"url\":\"https:\\\/\\\/kibrisdakik.com\\\/?p=37925\",\"name\":\"T\u00f6re, Hala Sultan Cami&#039;de d\u00fczenlenen bayramla\u015fma etkinli\u011fine kat\u0131ld\u0131 -\",\"isPartOf\":{\"@id\":\"https:\\\/\\\/kibrisdakik.com\\\/#website\"},\"primaryImageOfPage\":{\"@id\":\"https:\\\/\\\/kibrisdakik.com\\\/?p=37925#primaryimage\"},\"image\":{\"@id\":\"https:\\\/\\\/kibrisdakik.com\\\/?p=37925#primaryimage\"},\"thumbnailUrl\":\"https:\\\/\\\/kibrisdakik.com\\\/wp-content\\\/uploads\\\/2024\\\/04\\\/tore-hala-sultan-camide-duzenlenen-bayramlasma-etkinligine-katildi-1712820047.webp.webp\",\"datePublished\":\"2024-04-11T07:36:51+00:00\",\"author\":{\"@id\":\"https:\\\/\\\/kibrisdakik.com\\\/#\\\/schema\\\/person\\\/9cd9d437bbb44f72b73ba127e06d8e79\"},\"breadcrumb\":{\"@id\":\"https:\\\/\\\/kibrisdakik.com\\\/?p=37925#breadcrumb\"},\"inLanguage\":\"tr\",\"potentialAction\":[{\"@type\":\"ReadAction\",\"target\":[\"https:\\\/\\\/kibrisdakik.com\\\/?p=37925\"]}]},{\"@type\":\"ImageObject\",\"inLanguage\":\"tr\",\"@id\":\"https:\\\/\\\/kibrisdakik.com\\\/?p=37925#primaryimage\",\"url\":\"https:\\\/\\\/kibrisdakik.com\\\/wp-content\\\/uploads\\\/2024\\\/04\\\/tore-hala-sultan-camide-duzenlenen-bayramlasma-etkinligine-katildi-1712820047.webp.webp\",\"contentUrl\":\"https:\\\/\\\/kibrisdakik.com\\\/wp-content\\\/uploads\\\/2024\\\/04\\\/tore-hala-sultan-camide-duzenlenen-bayramlasma-etkinligine-katildi-1712820047.webp.webp\",\"width\":710,\"height\":370},{\"@type\":\"BreadcrumbList\",\"@id\":\"https:\\\/\\\/kibrisdakik.com\\\/?p=37925#breadcrumb\",\"itemListElement\":[{\"@type\":\"ListItem\",\"position\":1,\"name\":\"Home\",\"item\":\"https:\\\/\\\/kibrisdakik.com\\\/\"},{\"@type\":\"ListItem\",\"position\":2,\"name\":\"T\u00f6re, Hala Sultan Cami&#039;de d\u00fczenlenen bayramla\u015fma etkinli\u011fine kat\u0131ld\u0131\"}]},{\"@type\":\"WebSite\",\"@id\":\"https:\\\/\\\/kibrisdakik.com\\\/#website\",\"url\":\"https:\\\/\\\/kibrisdakik.com\\\/\",\"name\":\"\",\"description\":\"Tam vaktinde haber\",\"potentialAction\":[{\"@type\":\"SearchAction\",\"target\":{\"@type\":\"EntryPoint\",\"urlTemplate\":\"https:\\\/\\\/kibrisdakik.com\\\/?s={search_term_string}\"},\"query-input\":{\"@type\":\"PropertyValueSpecification\",\"valueRequired\":true,\"valueName\":\"search_term_string\"}}],\"inLanguage\":\"tr\"},{\"@type\":\"Person\",\"@id\":\"https:\\\/\\\/kibrisdakik.com\\\/#\\\/schema\\\/person\\\/9cd9d437bbb44f72b73ba127e06d8e79\",\"name\":\"admin\",\"image\":{\"@type\":\"ImageObject\",\"inLanguage\":\"tr\",\"@id\":\"https:\\\/\\\/secure.gravatar.com\\\/avatar\\\/ccc17943b9d660506c869530f897617f7cb1c21a4bf30023f252596d83e1f007?s=96&d=mm&r=g\",\"url\":\"https:\\\/\\\/secure.gravatar.com\\\/avatar\\\/ccc17943b9d660506c869530f897617f7cb1c21a4bf30023f252596d83e1f007?s=96&d=mm&r=g\",\"contentUrl\":\"https:\\\/\\\/secure.gravatar.com\\\/avatar\\\/ccc17943b9d660506c869530f897617f7cb1c21a4bf30023f252596d83e1f007?s=96&d=mm&r=g\",\"caption\":\"admin\"},\"sameAs\":[\"https:\\\/\\\/kibrisdakik.com\"],\"url\":\"https:\\\/\\\/kibrisdakik.com\\\/?author=1\"}]}<\/script>\n<!-- \/ Yoast SEO plugin. -->","yoast_head_json":{"title":"T\u00f6re, Hala Sultan Cami&#039;de d\u00fczenlenen bayramla\u015fma etkinli\u011fine kat\u0131ld\u0131 -","robots":{"index":"index","follow":"follow","max-snippet":"max-snippet:-1","max-image-preview":"max-image-preview:large","max-video-preview":"max-video-preview:-1"},"canonical":"https:\/\/kibrisdakik.com\/?p=37925","og_locale":"tr_TR","og_type":"article","og_title":"T\u00f6re, Hala Sultan Cami&#039;de d\u00fczenlenen bayramla\u015fma etkinli\u011fine kat\u0131ld\u0131 -","og_description":"Meclisten verilen bilgiye g\u00f6re, Haspolat\u2019ta bulunan Hala Sultan Cami Konferans Salonunda d\u00fczenlenen etkinlikte konu\u015fan T\u00f6re, bayrama ula\u015fman\u0131n sevincini ya\u015farken, Gazze\u2019de devam eden sava\u015f nedeniyle kalplerinin burukluk oldu\u011funu ifade etti. Gazze\u2019de insanlar\u0131n a\u00e7l\u0131ktan \u00f6ld\u00fc\u011f\u00fcn\u00fc, b\u00fcy\u00fck sa\u011fl\u0131k sorunlar\u0131yla kar\u015f\u0131 kar\u015f\u0131ya bulunduklar\u0131n\u0131 ifade eden T\u00f6re, bat\u0131n\u0131n ve Amerika\u2019n\u0131n bu durumu destekledi\u011fini s\u00f6yledi. T\u00f6re, ya\u015fanan zulme kar\u015f\u0131l\u0131k Mehmet Akif","og_url":"https:\/\/kibrisdakik.com\/?p=37925","article_published_time":"2024-04-11T07:36:51+00:00","og_image":[{"width":710,"height":370,"url":"https:\/\/kibrisdakik.com\/wp-content\/uploads\/2024\/04\/tore-hala-sultan-camide-duzenlenen-bayramlasma-etkinligine-katildi-1712820047.webp.webp","type":"image\/webp"}],"author":"admin","twitter_card":"summary_large_image","twitter_misc":{"Yazan:":"admin","Tahmini okuma s\u00fcresi":"1 dakika"},"schema":{"@context":"https:\/\/schema.org","@graph":[{"@type":"Article","@id":"https:\/\/kibrisdakik.com\/?p=37925#article","isPartOf":{"@id":"https:\/\/kibrisdakik.com\/?p=37925"},"author":{"name":"admin","@id":"https:\/\/kibrisdakik.com\/#\/schema\/person\/9cd9d437bbb44f72b73ba127e06d8e79"},"headline":"T\u00f6re, Hala Sultan Cami&#039;de d\u00fczenlenen bayramla\u015fma etkinli\u011fine kat\u0131ld\u0131","datePublished":"2024-04-11T07:36:51+00:00","mainEntityOfPage":{"@id":"https:\/\/kibrisdakik.com\/?p=37925"},"wordCount":226,"commentCount":0,"image":{"@id":"https:\/\/kibrisdakik.com\/?p=37925#primaryimage"},"thumbnailUrl":"https:\/\/kibrisdakik.com\/wp-content\/uploads\/2024\/04\/tore-hala-sultan-camide-duzenlenen-bayramlasma-etkinligine-katildi-1712820047.webp.webp","articleSection":["Ekonomi"],"inLanguage":"tr","potentialAction":[{"@type":"CommentAction","name":"Comment","target":["https:\/\/kibrisdakik.com\/?p=37925#respond"]}]},{"@type":"WebPage","@id":"https:\/\/kibrisdakik.com\/?p=37925","url":"https:\/\/kibrisdakik.com\/?p=37925","name":"T\u00f6re, Hala Sultan Cami&#039;de d\u00fczenlenen bayramla\u015fma etkinli\u011fine kat\u0131ld\u0131 -","isPartOf":{"@id":"https:\/\/kibrisdakik.com\/#website"},"primaryImageOfPage":{"@id":"https:\/\/kibrisdakik.com\/?p=37925#primaryimage"},"image":{"@id":"https:\/\/kibrisdakik.com\/?p=37925#primaryimage"},"thumbnailUrl":"https:\/\/kibrisdakik.com\/wp-content\/uploads\/2024\/04\/tore-hala-sultan-camide-duzenlenen-bayramlasma-etkinligine-katildi-1712820047.webp.webp","datePublished":"2024-04-11T07:36:51+00:00","author":{"@id":"https:\/\/kibrisdakik.com\/#\/schema\/person\/9cd9d437bbb44f72b73ba127e06d8e79"},"breadcrumb":{"@id":"https:\/\/kibrisdakik.com\/?p=37925#breadcrumb"},"inLanguage":"tr","potentialAction":[{"@type":"ReadAction","target":["https:\/\/kibrisdakik.com\/?p=37925"]}]},{"@type":"ImageObject","inLanguage":"tr","@id":"https:\/\/kibrisdakik.com\/?p=37925#primaryimage","url":"https:\/\/kibrisdakik.com\/wp-content\/uploads\/2024\/04\/tore-hala-sultan-camide-duzenlenen-bayramlasma-etkinligine-katildi-1712820047.webp.webp","contentUrl":"https:\/\/kibrisdakik.com\/wp-content\/uploads\/2024\/04\/tore-hala-sultan-camide-duzenlenen-bayramlasma-etkinligine-katildi-1712820047.webp.webp","width":710,"height":370},{"@type":"BreadcrumbList","@id":"https:\/\/kibrisdakik.com\/?p=37925#breadcrumb","itemListElement":[{"@type":"ListItem","position":1,"name":"Home","item":"https:\/\/kibrisdakik.com\/"},{"@type":"ListItem","position":2,"name":"T\u00f6re, Hala Sultan Cami&#039;de d\u00fczenlenen bayramla\u015fma etkinli\u011fine kat\u0131ld\u0131"}]},{"@type":"WebSite","@id":"https:\/\/kibrisdakik.com\/#website","url":"https:\/\/kibrisdakik.com\/","name":"","description":"Tam vaktinde haber","potentialAction":[{"@type":"SearchAction","target":{"@type":"EntryPoint","urlTemplate":"https:\/\/kibrisdakik.com\/?s={search_term_string}"},"query-input":{"@type":"PropertyValueSpecification","valueRequired":true,"valueName":"search_term_string"}}],"inLanguage":"tr"},{"@type":"Person","@id":"https:\/\/kibrisdakik.com\/#\/schema\/person\/9cd9d437bbb44f72b73ba127e06d8e79","name":"admin","image":{"@type":"ImageObject","inLanguage":"tr","@id":"https:\/\/secure.gravatar.com\/avatar\/ccc17943b9d660506c869530f897617f7cb1c21a4bf30023f252596d83e1f007?s=96&d=mm&r=g","url":"https:\/\/secure.gravatar.com\/avatar\/ccc17943b9d660506c869530f897617f7cb1c21a4bf30023f252596d83e1f007?s=96&d=mm&r=g","contentUrl":"https:\/\/secure.gravatar.com\/avatar\/ccc17943b9d660506c869530f897617f7cb1c21a4bf30023f252596d83e1f007?s=96&d=mm&r=g","caption":"admin"},"sameAs":["https:\/\/kibrisdakik.com"],"url":"https:\/\/kibrisdakik.com\/?author=1"}]}},"_links":{"self":[{"href":"https:\/\/kibrisdakik.com\/index.php?rest_route=\/wp\/v2\/posts\/37925","targetHints":{"allow":["GET"]}}],"collection":[{"href":"https:\/\/kibrisdakik.com\/index.php?rest_route=\/wp\/v2\/posts"}],"about":[{"href":"https:\/\/kibrisdakik.com\/index.php?rest_route=\/wp\/v2\/types\/post"}],"author":[{"embeddable":true,"href":"https:\/\/kibrisdakik.com\/index.php?rest_route=\/wp\/v2\/users\/1"}],"replies":[{"embeddable":true,"href":"https:\/\/kibrisdakik.com\/index.php?rest_route=%2Fwp%2Fv2%2Fcomments&post=37925"}],"version-history":[{"count":0,"href":"https:\/\/kibrisdakik.com\/index.php?rest_route=\/wp\/v2\/posts\/37925\/revisions"}],"wp:featuredmedia":[{"embeddable":true,"href":"https:\/\/kibrisdakik.com\/index.php?rest_route=\/wp\/v2\/media\/37926"}],"wp:attachment":[{"href":"https:\/\/kibrisdakik.com\/index.php?rest_route=%2Fwp%2Fv2%2Fmedia&parent=37925"}],"wp:term":[{"taxonomy":"category","embeddable":true,"href":"https:\/\/kibrisdakik.com\/index.php?rest_route=%2Fwp%2Fv2%2Fcategories&post=37925"},{"taxonomy":"post_tag","embeddable":true,"href":"https:\/\/kibrisdakik.com\/index.php?rest_route=%2Fwp%2Fv2%2Ftags&post=37925"}],"curies":[{"name":"wp","href":"https:\/\/api.w.org\/{rel}","templated":true}]}}