{"id":37940,"date":"2024-04-11T10:43:48","date_gmt":"2024-04-11T10:43:48","guid":{"rendered":"https:\/\/kibrisdakik.com\/index.php\/2024\/04\/11\/trafik-denetimlerinde-18-arac-trafikten-men-edildi\/"},"modified":"2024-04-11T10:43:48","modified_gmt":"2024-04-11T10:43:48","slug":"trafik-denetimlerinde-18-arac-trafikten-men-edildi","status":"publish","type":"post","link":"https:\/\/kibrisdakik.com\/?p=37940","title":{"rendered":"Trafik denetimlerinde 18 ara\u00e7 trafikten men edildi"},"content":{"rendered":"<p><\/p>\n<div>\n<div class=\"mariselle-image-container center\">\n                <img loading=\"lazy\" decoding=\"async\" width=\"407\" height=\"413\" class=\"lazy-image\" alt=\"\" sizes=\"auto, (max-width: 407px) 100vw, 407px\" src=\"https:\/\/brtk.net\/wp-content\/uploads\/2024\/04\/11\/polis-logo-son28.jpg?ver=c80d18309d51f3b3d75efa650f5a4d59\" srcset=\"https:\/\/brtk.net\/wp-content\/uploads\/2024\/04\/11\/polis-logo-son28.jpg?ver=c80d18309d51f3b3d75efa650f5a4d59 407w, https:\/\/brtk.net\/wp-content\/uploads\/2024\/04\/11\/polis-logo-son28-296x300.jpg?ver=c80d18309d51f3b3d75efa650f5a4d59 296w\"\/>                            <\/div>\n<p>\u00dclkede d\u00fcn yap\u0131lan trafik denetimlerinde, bin 59 ara\u00e7 s\u00fcr\u00fcc\u00fcs\u00fc kontrol edildi. S\u00fcr\u00fcc\u00fclerin 109\u2019u \u00e7e\u015fitli trafik su\u00e7lar\u0131ndan ceza al\u0131rken, 18 ara\u00e7 ise trafikten men edildi.<\/p>\n<p>Polis Bas\u0131n Subayl\u0131\u011f\u0131ndan verilen bilgiye g\u00f6re, s\u00fcr\u00fcc\u00fclerin 69\u2019u yasal h\u0131z s\u0131n\u0131r\u0131 \u00fczerinde s\u00fcratli, 18\u2019si alkoll\u00fc, 1\u2019i emniyet kemersiz ara\u00e7 kullanmak, 2\u2019si ise cep telefonu kullanmaktan ceza al\u0131rken, 39 s\u00fcr\u00fcc\u00fc de di\u011fer trafik su\u00e7lar\u0131ndan rapor edildi.<\/p>\n<p>-\u0130kamet izinsiz bir ki\u015fi tutukland\u0131<\/p>\n<p>\u00d6te yandan \u00fclke genelinde d\u00fcn polis taraf\u0131ndan ger\u00e7ekle\u015ftirilen denetim ve kontrollerde ise, \u00fclkede izinsiz ikamet etti\u011fi tespit edilen bir ki\u015fi tutuklanarak, hakk\u0131nda yasal i\u015flem ba\u015flat\u0131ld\u0131.<\/p>\n<\/p><\/div>\n<p><script async\n                    defer\n                    crossorigin=\"anonymous\"\n                    src=\"https:\/\/connect.facebook.net\/tr_TR\/sdk.js#xfbml=1&#038;version=v3.3\"\n            ><\/script><\/p>\n","protected":false},"excerpt":{"rendered":"<p>\u00dclkede d\u00fcn yap\u0131lan trafik denetimlerinde, bin 59 ara\u00e7 s\u00fcr\u00fcc\u00fcs\u00fc kontrol edildi. S\u00fcr\u00fcc\u00fclerin 109\u2019u \u00e7e\u015fitli trafik su\u00e7lar\u0131ndan ceza al\u0131rken, 18 ara\u00e7 ise trafikten men edildi. Polis Bas\u0131n Subayl\u0131\u011f\u0131ndan verilen bilgiye g\u00f6re, s\u00fcr\u00fcc\u00fclerin 69\u2019u yasal h\u0131z s\u0131n\u0131r\u0131 \u00fczerinde s\u00fcratli, 18\u2019si alkoll\u00fc, 1\u2019i emniyet kemersiz ara\u00e7 kullanmak, 2\u2019si ise cep telefonu kullanmaktan ceza al\u0131rken, 39 s\u00fcr\u00fcc\u00fc de di\u011fer<\/p>\n","protected":false},"author":1,"featured_media":32129,"comment_status":"open","ping_status":"open","sticky":false,"template":"","format":"standard","meta":{"footnotes":""},"categories":[1],"tags":[],"class_list":["post-37940","post","type-post","status-publish","format-standard","has-post-thumbnail","hentry","category-gundem"],"yoast_head":"<!-- This site is optimized with the Yoast SEO plugin v27.5 - https:\/\/yoast.com\/product\/yoast-seo-wordpress\/ -->\n<title>Trafik denetimlerinde 18 ara\u00e7 trafikten men edildi -<\/title>\n<meta name=\"robots\" content=\"index, follow, max-snippet:-1, max-image-preview:large, max-video-preview:-1\" \/>\n<link rel=\"canonical\" href=\"https:\/\/kibrisdakik.com\/?p=37940\" \/>\n<meta property=\"og:locale\" content=\"tr_TR\" \/>\n<meta property=\"og:type\" content=\"article\" \/>\n<meta property=\"og:title\" content=\"Trafik denetimlerinde 18 ara\u00e7 trafikten men edildi -\" \/>\n<meta property=\"og:description\" content=\"\u00dclkede d\u00fcn yap\u0131lan trafik denetimlerinde, bin 59 ara\u00e7 s\u00fcr\u00fcc\u00fcs\u00fc kontrol edildi. S\u00fcr\u00fcc\u00fclerin 109\u2019u \u00e7e\u015fitli trafik su\u00e7lar\u0131ndan ceza al\u0131rken, 18 ara\u00e7 ise trafikten men edildi. Polis Bas\u0131n Subayl\u0131\u011f\u0131ndan verilen bilgiye g\u00f6re, s\u00fcr\u00fcc\u00fclerin 69\u2019u yasal h\u0131z s\u0131n\u0131r\u0131 \u00fczerinde s\u00fcratli, 18\u2019si alkoll\u00fc, 1\u2019i emniyet kemersiz ara\u00e7 kullanmak, 2\u2019si ise cep telefonu kullanmaktan ceza al\u0131rken, 39 s\u00fcr\u00fcc\u00fc de di\u011fer\" \/>\n<meta property=\"og:url\" content=\"https:\/\/kibrisdakik.com\/?p=37940\" \/>\n<meta property=\"article:published_time\" content=\"2024-04-11T10:43:48+00:00\" \/>\n<meta property=\"og:image\" content=\"https:\/\/kibrisdakik.com\/wp-content\/uploads\/2024\/03\/polis-denetim-54-740x420.jpg\" \/>\n\t<meta property=\"og:image:width\" content=\"1600\" \/>\n\t<meta property=\"og:image:height\" content=\"1062\" \/>\n\t<meta property=\"og:image:type\" content=\"image\/jpeg\" \/>\n<meta name=\"author\" content=\"admin\" \/>\n<meta name=\"twitter:card\" content=\"summary_large_image\" \/>\n<meta name=\"twitter:label1\" content=\"Yazan:\" \/>\n\t<meta name=\"twitter:data1\" content=\"admin\" \/>\n\t<meta name=\"twitter:label2\" content=\"Tahmini okuma s\u00fcresi\" \/>\n\t<meta name=\"twitter:data2\" content=\"1 dakika\" \/>\n<script type=\"application\/ld+json\" class=\"yoast-schema-graph\">{\"@context\":\"https:\\\/\\\/schema.org\",\"@graph\":[{\"@type\":\"Article\",\"@id\":\"https:\\\/\\\/kibrisdakik.com\\\/?p=37940#article\",\"isPartOf\":{\"@id\":\"https:\\\/\\\/kibrisdakik.com\\\/?p=37940\"},\"author\":{\"name\":\"admin\",\"@id\":\"https:\\\/\\\/kibrisdakik.com\\\/#\\\/schema\\\/person\\\/9cd9d437bbb44f72b73ba127e06d8e79\"},\"headline\":\"Trafik denetimlerinde 18 ara\u00e7 trafikten men edildi\",\"datePublished\":\"2024-04-11T10:43:48+00:00\",\"mainEntityOfPage\":{\"@id\":\"https:\\\/\\\/kibrisdakik.com\\\/?p=37940\"},\"wordCount\":132,\"commentCount\":0,\"image\":{\"@id\":\"https:\\\/\\\/kibrisdakik.com\\\/?p=37940#primaryimage\"},\"thumbnailUrl\":\"https:\\\/\\\/kibrisdakik.com\\\/wp-content\\\/uploads\\\/2024\\\/03\\\/polis-denetim-54-740x420.jpg\",\"articleSection\":[\"G\u00fcndem\"],\"inLanguage\":\"tr\",\"potentialAction\":[{\"@type\":\"CommentAction\",\"name\":\"Comment\",\"target\":[\"https:\\\/\\\/kibrisdakik.com\\\/?p=37940#respond\"]}]},{\"@type\":\"WebPage\",\"@id\":\"https:\\\/\\\/kibrisdakik.com\\\/?p=37940\",\"url\":\"https:\\\/\\\/kibrisdakik.com\\\/?p=37940\",\"name\":\"Trafik denetimlerinde 18 ara\u00e7 trafikten men edildi -\",\"isPartOf\":{\"@id\":\"https:\\\/\\\/kibrisdakik.com\\\/#website\"},\"primaryImageOfPage\":{\"@id\":\"https:\\\/\\\/kibrisdakik.com\\\/?p=37940#primaryimage\"},\"image\":{\"@id\":\"https:\\\/\\\/kibrisdakik.com\\\/?p=37940#primaryimage\"},\"thumbnailUrl\":\"https:\\\/\\\/kibrisdakik.com\\\/wp-content\\\/uploads\\\/2024\\\/03\\\/polis-denetim-54-740x420.jpg\",\"datePublished\":\"2024-04-11T10:43:48+00:00\",\"author\":{\"@id\":\"https:\\\/\\\/kibrisdakik.com\\\/#\\\/schema\\\/person\\\/9cd9d437bbb44f72b73ba127e06d8e79\"},\"breadcrumb\":{\"@id\":\"https:\\\/\\\/kibrisdakik.com\\\/?p=37940#breadcrumb\"},\"inLanguage\":\"tr\",\"potentialAction\":[{\"@type\":\"ReadAction\",\"target\":[\"https:\\\/\\\/kibrisdakik.com\\\/?p=37940\"]}]},{\"@type\":\"ImageObject\",\"inLanguage\":\"tr\",\"@id\":\"https:\\\/\\\/kibrisdakik.com\\\/?p=37940#primaryimage\",\"url\":\"https:\\\/\\\/kibrisdakik.com\\\/wp-content\\\/uploads\\\/2024\\\/03\\\/polis-denetim-54-740x420.jpg\",\"contentUrl\":\"https:\\\/\\\/kibrisdakik.com\\\/wp-content\\\/uploads\\\/2024\\\/03\\\/polis-denetim-54-740x420.jpg\",\"width\":1600,\"height\":1062},{\"@type\":\"BreadcrumbList\",\"@id\":\"https:\\\/\\\/kibrisdakik.com\\\/?p=37940#breadcrumb\",\"itemListElement\":[{\"@type\":\"ListItem\",\"position\":1,\"name\":\"Home\",\"item\":\"https:\\\/\\\/kibrisdakik.com\\\/\"},{\"@type\":\"ListItem\",\"position\":2,\"name\":\"Trafik denetimlerinde 18 ara\u00e7 trafikten men edildi\"}]},{\"@type\":\"WebSite\",\"@id\":\"https:\\\/\\\/kibrisdakik.com\\\/#website\",\"url\":\"https:\\\/\\\/kibrisdakik.com\\\/\",\"name\":\"\",\"description\":\"Tam vaktinde haber\",\"potentialAction\":[{\"@type\":\"SearchAction\",\"target\":{\"@type\":\"EntryPoint\",\"urlTemplate\":\"https:\\\/\\\/kibrisdakik.com\\\/?s={search_term_string}\"},\"query-input\":{\"@type\":\"PropertyValueSpecification\",\"valueRequired\":true,\"valueName\":\"search_term_string\"}}],\"inLanguage\":\"tr\"},{\"@type\":\"Person\",\"@id\":\"https:\\\/\\\/kibrisdakik.com\\\/#\\\/schema\\\/person\\\/9cd9d437bbb44f72b73ba127e06d8e79\",\"name\":\"admin\",\"image\":{\"@type\":\"ImageObject\",\"inLanguage\":\"tr\",\"@id\":\"https:\\\/\\\/secure.gravatar.com\\\/avatar\\\/ccc17943b9d660506c869530f897617f7cb1c21a4bf30023f252596d83e1f007?s=96&d=mm&r=g\",\"url\":\"https:\\\/\\\/secure.gravatar.com\\\/avatar\\\/ccc17943b9d660506c869530f897617f7cb1c21a4bf30023f252596d83e1f007?s=96&d=mm&r=g\",\"contentUrl\":\"https:\\\/\\\/secure.gravatar.com\\\/avatar\\\/ccc17943b9d660506c869530f897617f7cb1c21a4bf30023f252596d83e1f007?s=96&d=mm&r=g\",\"caption\":\"admin\"},\"sameAs\":[\"https:\\\/\\\/kibrisdakik.com\"],\"url\":\"https:\\\/\\\/kibrisdakik.com\\\/?author=1\"}]}<\/script>\n<!-- \/ Yoast SEO plugin. -->","yoast_head_json":{"title":"Trafik denetimlerinde 18 ara\u00e7 trafikten men edildi -","robots":{"index":"index","follow":"follow","max-snippet":"max-snippet:-1","max-image-preview":"max-image-preview:large","max-video-preview":"max-video-preview:-1"},"canonical":"https:\/\/kibrisdakik.com\/?p=37940","og_locale":"tr_TR","og_type":"article","og_title":"Trafik denetimlerinde 18 ara\u00e7 trafikten men edildi -","og_description":"\u00dclkede d\u00fcn yap\u0131lan trafik denetimlerinde, bin 59 ara\u00e7 s\u00fcr\u00fcc\u00fcs\u00fc kontrol edildi. S\u00fcr\u00fcc\u00fclerin 109\u2019u \u00e7e\u015fitli trafik su\u00e7lar\u0131ndan ceza al\u0131rken, 18 ara\u00e7 ise trafikten men edildi. Polis Bas\u0131n Subayl\u0131\u011f\u0131ndan verilen bilgiye g\u00f6re, s\u00fcr\u00fcc\u00fclerin 69\u2019u yasal h\u0131z s\u0131n\u0131r\u0131 \u00fczerinde s\u00fcratli, 18\u2019si alkoll\u00fc, 1\u2019i emniyet kemersiz ara\u00e7 kullanmak, 2\u2019si ise cep telefonu kullanmaktan ceza al\u0131rken, 39 s\u00fcr\u00fcc\u00fc de di\u011fer","og_url":"https:\/\/kibrisdakik.com\/?p=37940","article_published_time":"2024-04-11T10:43:48+00:00","og_image":[{"width":1600,"height":1062,"url":"https:\/\/kibrisdakik.com\/wp-content\/uploads\/2024\/03\/polis-denetim-54-740x420.jpg","type":"image\/jpeg"}],"author":"admin","twitter_card":"summary_large_image","twitter_misc":{"Yazan:":"admin","Tahmini okuma s\u00fcresi":"1 dakika"},"schema":{"@context":"https:\/\/schema.org","@graph":[{"@type":"Article","@id":"https:\/\/kibrisdakik.com\/?p=37940#article","isPartOf":{"@id":"https:\/\/kibrisdakik.com\/?p=37940"},"author":{"name":"admin","@id":"https:\/\/kibrisdakik.com\/#\/schema\/person\/9cd9d437bbb44f72b73ba127e06d8e79"},"headline":"Trafik denetimlerinde 18 ara\u00e7 trafikten men edildi","datePublished":"2024-04-11T10:43:48+00:00","mainEntityOfPage":{"@id":"https:\/\/kibrisdakik.com\/?p=37940"},"wordCount":132,"commentCount":0,"image":{"@id":"https:\/\/kibrisdakik.com\/?p=37940#primaryimage"},"thumbnailUrl":"https:\/\/kibrisdakik.com\/wp-content\/uploads\/2024\/03\/polis-denetim-54-740x420.jpg","articleSection":["G\u00fcndem"],"inLanguage":"tr","potentialAction":[{"@type":"CommentAction","name":"Comment","target":["https:\/\/kibrisdakik.com\/?p=37940#respond"]}]},{"@type":"WebPage","@id":"https:\/\/kibrisdakik.com\/?p=37940","url":"https:\/\/kibrisdakik.com\/?p=37940","name":"Trafik denetimlerinde 18 ara\u00e7 trafikten men edildi -","isPartOf":{"@id":"https:\/\/kibrisdakik.com\/#website"},"primaryImageOfPage":{"@id":"https:\/\/kibrisdakik.com\/?p=37940#primaryimage"},"image":{"@id":"https:\/\/kibrisdakik.com\/?p=37940#primaryimage"},"thumbnailUrl":"https:\/\/kibrisdakik.com\/wp-content\/uploads\/2024\/03\/polis-denetim-54-740x420.jpg","datePublished":"2024-04-11T10:43:48+00:00","author":{"@id":"https:\/\/kibrisdakik.com\/#\/schema\/person\/9cd9d437bbb44f72b73ba127e06d8e79"},"breadcrumb":{"@id":"https:\/\/kibrisdakik.com\/?p=37940#breadcrumb"},"inLanguage":"tr","potentialAction":[{"@type":"ReadAction","target":["https:\/\/kibrisdakik.com\/?p=37940"]}]},{"@type":"ImageObject","inLanguage":"tr","@id":"https:\/\/kibrisdakik.com\/?p=37940#primaryimage","url":"https:\/\/kibrisdakik.com\/wp-content\/uploads\/2024\/03\/polis-denetim-54-740x420.jpg","contentUrl":"https:\/\/kibrisdakik.com\/wp-content\/uploads\/2024\/03\/polis-denetim-54-740x420.jpg","width":1600,"height":1062},{"@type":"BreadcrumbList","@id":"https:\/\/kibrisdakik.com\/?p=37940#breadcrumb","itemListElement":[{"@type":"ListItem","position":1,"name":"Home","item":"https:\/\/kibrisdakik.com\/"},{"@type":"ListItem","position":2,"name":"Trafik denetimlerinde 18 ara\u00e7 trafikten men edildi"}]},{"@type":"WebSite","@id":"https:\/\/kibrisdakik.com\/#website","url":"https:\/\/kibrisdakik.com\/","name":"","description":"Tam vaktinde haber","potentialAction":[{"@type":"SearchAction","target":{"@type":"EntryPoint","urlTemplate":"https:\/\/kibrisdakik.com\/?s={search_term_string}"},"query-input":{"@type":"PropertyValueSpecification","valueRequired":true,"valueName":"search_term_string"}}],"inLanguage":"tr"},{"@type":"Person","@id":"https:\/\/kibrisdakik.com\/#\/schema\/person\/9cd9d437bbb44f72b73ba127e06d8e79","name":"admin","image":{"@type":"ImageObject","inLanguage":"tr","@id":"https:\/\/secure.gravatar.com\/avatar\/ccc17943b9d660506c869530f897617f7cb1c21a4bf30023f252596d83e1f007?s=96&d=mm&r=g","url":"https:\/\/secure.gravatar.com\/avatar\/ccc17943b9d660506c869530f897617f7cb1c21a4bf30023f252596d83e1f007?s=96&d=mm&r=g","contentUrl":"https:\/\/secure.gravatar.com\/avatar\/ccc17943b9d660506c869530f897617f7cb1c21a4bf30023f252596d83e1f007?s=96&d=mm&r=g","caption":"admin"},"sameAs":["https:\/\/kibrisdakik.com"],"url":"https:\/\/kibrisdakik.com\/?author=1"}]}},"_links":{"self":[{"href":"https:\/\/kibrisdakik.com\/index.php?rest_route=\/wp\/v2\/posts\/37940","targetHints":{"allow":["GET"]}}],"collection":[{"href":"https:\/\/kibrisdakik.com\/index.php?rest_route=\/wp\/v2\/posts"}],"about":[{"href":"https:\/\/kibrisdakik.com\/index.php?rest_route=\/wp\/v2\/types\/post"}],"author":[{"embeddable":true,"href":"https:\/\/kibrisdakik.com\/index.php?rest_route=\/wp\/v2\/users\/1"}],"replies":[{"embeddable":true,"href":"https:\/\/kibrisdakik.com\/index.php?rest_route=%2Fwp%2Fv2%2Fcomments&post=37940"}],"version-history":[{"count":0,"href":"https:\/\/kibrisdakik.com\/index.php?rest_route=\/wp\/v2\/posts\/37940\/revisions"}],"wp:featuredmedia":[{"embeddable":true,"href":"https:\/\/kibrisdakik.com\/index.php?rest_route=\/wp\/v2\/media\/32129"}],"wp:attachment":[{"href":"https:\/\/kibrisdakik.com\/index.php?rest_route=%2Fwp%2Fv2%2Fmedia&parent=37940"}],"wp:term":[{"taxonomy":"category","embeddable":true,"href":"https:\/\/kibrisdakik.com\/index.php?rest_route=%2Fwp%2Fv2%2Fcategories&post=37940"},{"taxonomy":"post_tag","embeddable":true,"href":"https:\/\/kibrisdakik.com\/index.php?rest_route=%2Fwp%2Fv2%2Ftags&post=37940"}],"curies":[{"name":"wp","href":"https:\/\/api.w.org\/{rel}","templated":true}]}}