{"id":37977,"date":"2024-04-11T17:46:50","date_gmt":"2024-04-11T17:46:50","guid":{"rendered":"https:\/\/kibrisdakik.com\/index.php\/2024\/04\/11\/mkd-yesil-bilezik-en-ekolojik-okullar-yarismasi-tamamlandi-2\/"},"modified":"2024-04-11T17:46:50","modified_gmt":"2024-04-11T17:46:50","slug":"mkd-yesil-bilezik-en-ekolojik-okullar-yarismasi-tamamlandi-2","status":"publish","type":"post","link":"https:\/\/kibrisdakik.com\/?p=37977","title":{"rendered":"MKD Ye\u015fil Bilezik \u201cEn Ekolojik Okullar Yar\u0131\u015fmas\u0131\u201d tamamland\u0131"},"content":{"rendered":"<p><img decoding=\"async\" src=\"https:\/\/www.kibristurk.com\/images\/haberler\/2024\/04\/mkd-yesil-bilezik-en-ekolojik-okullar-yarismasi-tamamlandi-1712836067.webp\" \/><\/p>\n<p style=\"text-align:left\"><span style=\"font-size:16px\"><span style=\"font-family:Merriweather,serif !important\"><span style=\"color:#000000\"><span style=\"background-color:#ffffff\">MKD\u2019den yap\u0131lan a\u00e7\u0131klamaya g\u00f6re, uzmanlar y\u00f6netiminde \u00f6\u011frencilerle birlikte hayata ge\u00e7irilen bah\u00e7eler, bir ekolojik okul bah\u00e7esinin sahip olmas\u0131 gereken kriterler ve \u00f6\u011frenci katk\u0131s\u0131 \u00e7er\u00e7evesinde de\u011ferlendirildi. Okullar ve ekolojik bah\u00e7e kolu \u00f6\u011frencileri te\u015fvik ama\u00e7l\u0131 olarak \u00f6d\u00fcllendirildi.<\/span><\/span><\/span><\/span><\/p>\n<p style=\"text-align:left\"><span style=\"font-size:16px\"><span style=\"font-family:Merriweather,serif !important\"><span style=\"color:#000000\"><span style=\"background-color:#ffffff\">\u201cEn ekolojik okullar\u201d yar\u0131\u015fmas\u0131nda, ekolojik bah\u00e7eler ve bah\u00e7elere yap\u0131lan \u00f6\u011frenci katk\u0131s\u0131, j\u00fcri \u00fcyeleri; \u00e7evre e\u011fitimi ve y\u00f6netimi uzman\u0131 Dr. Asuman Koruko\u011flu, do\u011fa e\u011fitimi uzman\u0131 ve Peyzaj Mimarlar\u0131 Odas\u0131 Ba\u015fkan\u0131 Dr. G\u00fclizar Ero\u011flu ve \u00e7evre e\u011fitimi uzman\u0131 Yrd. Do\u00e7. Dr. Altay F\u0131rat taraf\u0131ndan de\u011ferlendirildi.<\/span><\/span><\/span><\/span><\/p>\n<p style=\"text-align:left\"><span style=\"font-size:16px\"><span style=\"font-family:Merriweather,serif !important\"><span style=\"color:#000000\"><span style=\"background-color:#ffffff\">Yap\u0131lan de\u011ferlendirmeler sonucunda, Ye\u015fil Bilezik En Ekolojik Okullar Yar\u0131\u015fmas\u0131nda Yenibo\u011fazi\u00e7i \u0130lkokulu birincilik \u00f6d\u00fcl\u00fcn\u00fcn, Alasya \u0130lkokulu ikincilik \u00f6d\u00fcl\u00fcn\u00fcn, \u015eehit Zeki Salih \u0130lkokulu ise \u00fc\u00e7\u00fcnc\u00fcl\u00fck \u00f6d\u00fcl\u00fcn\u00fcn sahibi olurken, Polatpa\u015fa \u0130lkokulu \u201cBiyo\u00e7e\u015fitlili\u011fin Savunucusu\u201d \u00f6d\u00fcl\u00fcne, Dr. Suat G\u00fcnsel \u0130lkokulu Ma\u011fusa \u201cGelece\u011fin Umut Vadeden Eko-Bah\u00e7esi\u201d \u00f6d\u00fcl\u00fcne lay\u0131k g\u00f6r\u00fcld\u00fc. Ma\u011fusa \u00d6zel E\u011fitim ve \u0130\u015f Okulu ise \u201cJ\u00fcri \u00d6zel\u201d \u00f6d\u00fcl\u00fcn\u00fcn sahibi oldu.<\/span><\/span><\/span><\/span><\/p>\n<p style=\"text-align:left\"><span style=\"font-size:16px\"><span style=\"font-family:Merriweather,serif !important\"><span style=\"color:#000000\"><span style=\"background-color:#ffffff\">Okullara ve \u00f6\u011frencilere \u00f6d\u00fclleri ve ba\u015far\u0131 belgeleri Ma\u011fusa Geli\u015fim Merkezi\u2019nde yap\u0131lan \u00f6d\u00fcl t\u00f6reninde takdim edildi.&nbsp; \u0130lk \u00fc\u00e7e giren okullar\u0131n Ekolojik Bah\u00e7e Kolu \u00f6\u011frencilerine birer adet tablet bilgisayar hediye edilirken, t\u00fcm \u00f6\u011frencilere ba\u015far\u0131 ve takdir belgeleri yan\u0131nda \u00e7e\u015fitli hediyeler sunuldu. Okul m\u00fcd\u00fcrlerine ise plaketler takdim edildi. Ayr\u0131ca ilk \u00fc\u00e7e giren okullara bah\u00e7e tipi kompost enzim makinesi hediye edildi.<\/span><\/span><\/span><\/span><\/p>\n<p style=\"text-align:left\"><span style=\"font-size:16px\"><span style=\"font-family:Merriweather,serif !important\"><span style=\"color:#000000\"><span style=\"background-color:#ffffff\">Bah\u00e7elerin yap\u0131m a\u015famalar\u0131nda aktif \u015fekilde yer alan 100 \u00f6\u011frenci, 2022-2023 \u00f6\u011fretim y\u0131l\u0131 boyunca Ye\u015fil Bilezik projesi kapsam\u0131nda sunulan \u00e7evre okuryazarl\u0131k m\u00fcfredat\u0131 e\u011fitimlerine kat\u0131lan \u00f6\u011frenciler aras\u0131nda yer al\u0131yordu. &nbsp;<\/span><\/span><\/span><\/span><\/p>\n<p style=\"text-align:left\"><span style=\"font-size:16px\"><span style=\"font-family:Merriweather,serif !important\"><span style=\"color:#000000\"><span style=\"background-color:#ffffff\">\u00d6\u011frenciler \u00e7evre okuryazarl\u0131\u011f\u0131 m\u00fcfredat\u0131 kapsam\u0131nda \u00f6\u011frendikleri bir\u00e7ok konuyu bu s\u00fcre\u00e7te peki\u015ftirme f\u0131rsat\u0131 yakalad\u0131lar.<\/span><\/span><\/span><\/span><\/p>\n<p style=\"text-align:left\"><span style=\"font-size:16px\"><span style=\"font-family:Merriweather,serif !important\"><span style=\"color:#000000\"><span style=\"background-color:#ffffff\">Proje kapsam\u0131nda 2022-2023 \u00f6\u011fretim y\u0131l\u0131 boyunca 6 ilkokulda \u00f6\u011frenim g\u00f6ren 941 ilkokul \u00f6\u011frencisine, 65 ilkokul \u00f6\u011fretmenine, 46 \u00f6\u011fretmen aday\u0131na ve 32 lise \u00f6\u011frencisine \u00fccretsiz olarak \u00e7e\u015fitli \u00e7evre okuryazarl\u0131\u011f\u0131 e\u011fitimleri sunuldu ve alt\u0131 ilkokula ekolojik bah\u00e7eler kazand\u0131r\u0131ld\u0131. Projenin \u00e7e\u015fitli savunuculuk faaliyetleri 2023-2024 \u00f6\u011fretim y\u0131l\u0131nda da devam ediyor.<\/span><\/span><\/span><\/span><\/p>\n","protected":false},"excerpt":{"rendered":"<p>MKD\u2019den yap\u0131lan a\u00e7\u0131klamaya g\u00f6re, uzmanlar y\u00f6netiminde \u00f6\u011frencilerle birlikte hayata ge\u00e7irilen bah\u00e7eler, bir ekolojik okul bah\u00e7esinin sahip olmas\u0131 gereken kriterler ve \u00f6\u011frenci katk\u0131s\u0131 \u00e7er\u00e7evesinde de\u011ferlendirildi. Okullar ve ekolojik bah\u00e7e kolu \u00f6\u011frencileri te\u015fvik ama\u00e7l\u0131 olarak \u00f6d\u00fcllendirildi. \u201cEn ekolojik okullar\u201d yar\u0131\u015fmas\u0131nda, ekolojik bah\u00e7eler ve bah\u00e7elere yap\u0131lan \u00f6\u011frenci katk\u0131s\u0131, j\u00fcri \u00fcyeleri; \u00e7evre e\u011fitimi ve y\u00f6netimi uzman\u0131 Dr. Asuman Koruko\u011flu,<\/p>\n","protected":false},"author":1,"featured_media":37978,"comment_status":"open","ping_status":"open","sticky":false,"template":"","format":"standard","meta":{"footnotes":""},"categories":[79],"tags":[],"class_list":["post-37977","post","type-post","status-publish","format-standard","has-post-thumbnail","hentry","category-ekonomi"],"yoast_head":"<!-- This site is optimized with the Yoast SEO plugin v27.5 - https:\/\/yoast.com\/product\/yoast-seo-wordpress\/ -->\n<title>MKD Ye\u015fil Bilezik \u201cEn Ekolojik Okullar Yar\u0131\u015fmas\u0131\u201d tamamland\u0131 -<\/title>\n<meta name=\"robots\" content=\"index, follow, max-snippet:-1, max-image-preview:large, max-video-preview:-1\" \/>\n<link rel=\"canonical\" href=\"https:\/\/kibrisdakik.com\/?p=37977\" \/>\n<meta property=\"og:locale\" content=\"tr_TR\" \/>\n<meta property=\"og:type\" content=\"article\" \/>\n<meta property=\"og:title\" content=\"MKD Ye\u015fil Bilezik \u201cEn Ekolojik Okullar Yar\u0131\u015fmas\u0131\u201d tamamland\u0131 -\" \/>\n<meta property=\"og:description\" content=\"MKD\u2019den yap\u0131lan a\u00e7\u0131klamaya g\u00f6re, uzmanlar y\u00f6netiminde \u00f6\u011frencilerle birlikte hayata ge\u00e7irilen bah\u00e7eler, bir ekolojik okul bah\u00e7esinin sahip olmas\u0131 gereken kriterler ve \u00f6\u011frenci katk\u0131s\u0131 \u00e7er\u00e7evesinde de\u011ferlendirildi. Okullar ve ekolojik bah\u00e7e kolu \u00f6\u011frencileri te\u015fvik ama\u00e7l\u0131 olarak \u00f6d\u00fcllendirildi. \u201cEn ekolojik okullar\u201d yar\u0131\u015fmas\u0131nda, ekolojik bah\u00e7eler ve bah\u00e7elere yap\u0131lan \u00f6\u011frenci katk\u0131s\u0131, j\u00fcri \u00fcyeleri; \u00e7evre e\u011fitimi ve y\u00f6netimi uzman\u0131 Dr. Asuman Koruko\u011flu,\" \/>\n<meta property=\"og:url\" content=\"https:\/\/kibrisdakik.com\/?p=37977\" \/>\n<meta property=\"article:published_time\" content=\"2024-04-11T17:46:50+00:00\" \/>\n<meta property=\"og:image\" content=\"https:\/\/kibrisdakik.com\/wp-content\/uploads\/2024\/04\/mkd-yesil-bilezik-en-ekolojik-okullar-yarismasi-tamamlandi-1712836067.webp.webp\" \/>\n\t<meta property=\"og:image:width\" content=\"710\" \/>\n\t<meta property=\"og:image:height\" content=\"370\" \/>\n\t<meta property=\"og:image:type\" content=\"image\/webp\" \/>\n<meta name=\"author\" content=\"admin\" \/>\n<meta name=\"twitter:card\" content=\"summary_large_image\" \/>\n<meta name=\"twitter:label1\" content=\"Yazan:\" \/>\n\t<meta name=\"twitter:data1\" content=\"admin\" \/>\n\t<meta name=\"twitter:label2\" content=\"Tahmini okuma s\u00fcresi\" \/>\n\t<meta name=\"twitter:data2\" content=\"2 dakika\" \/>\n<script type=\"application\/ld+json\" class=\"yoast-schema-graph\">{\"@context\":\"https:\\\/\\\/schema.org\",\"@graph\":[{\"@type\":\"Article\",\"@id\":\"https:\\\/\\\/kibrisdakik.com\\\/?p=37977#article\",\"isPartOf\":{\"@id\":\"https:\\\/\\\/kibrisdakik.com\\\/?p=37977\"},\"author\":{\"name\":\"admin\",\"@id\":\"https:\\\/\\\/kibrisdakik.com\\\/#\\\/schema\\\/person\\\/9cd9d437bbb44f72b73ba127e06d8e79\"},\"headline\":\"MKD Ye\u015fil Bilezik \u201cEn Ekolojik Okullar Yar\u0131\u015fmas\u0131\u201d tamamland\u0131\",\"datePublished\":\"2024-04-11T17:46:50+00:00\",\"mainEntityOfPage\":{\"@id\":\"https:\\\/\\\/kibrisdakik.com\\\/?p=37977\"},\"wordCount\":404,\"commentCount\":0,\"image\":{\"@id\":\"https:\\\/\\\/kibrisdakik.com\\\/?p=37977#primaryimage\"},\"thumbnailUrl\":\"https:\\\/\\\/kibrisdakik.com\\\/wp-content\\\/uploads\\\/2024\\\/04\\\/mkd-yesil-bilezik-en-ekolojik-okullar-yarismasi-tamamlandi-1712836067.webp.webp\",\"articleSection\":[\"Ekonomi\"],\"inLanguage\":\"tr\",\"potentialAction\":[{\"@type\":\"CommentAction\",\"name\":\"Comment\",\"target\":[\"https:\\\/\\\/kibrisdakik.com\\\/?p=37977#respond\"]}]},{\"@type\":\"WebPage\",\"@id\":\"https:\\\/\\\/kibrisdakik.com\\\/?p=37977\",\"url\":\"https:\\\/\\\/kibrisdakik.com\\\/?p=37977\",\"name\":\"MKD Ye\u015fil Bilezik \u201cEn Ekolojik Okullar Yar\u0131\u015fmas\u0131\u201d tamamland\u0131 -\",\"isPartOf\":{\"@id\":\"https:\\\/\\\/kibrisdakik.com\\\/#website\"},\"primaryImageOfPage\":{\"@id\":\"https:\\\/\\\/kibrisdakik.com\\\/?p=37977#primaryimage\"},\"image\":{\"@id\":\"https:\\\/\\\/kibrisdakik.com\\\/?p=37977#primaryimage\"},\"thumbnailUrl\":\"https:\\\/\\\/kibrisdakik.com\\\/wp-content\\\/uploads\\\/2024\\\/04\\\/mkd-yesil-bilezik-en-ekolojik-okullar-yarismasi-tamamlandi-1712836067.webp.webp\",\"datePublished\":\"2024-04-11T17:46:50+00:00\",\"author\":{\"@id\":\"https:\\\/\\\/kibrisdakik.com\\\/#\\\/schema\\\/person\\\/9cd9d437bbb44f72b73ba127e06d8e79\"},\"breadcrumb\":{\"@id\":\"https:\\\/\\\/kibrisdakik.com\\\/?p=37977#breadcrumb\"},\"inLanguage\":\"tr\",\"potentialAction\":[{\"@type\":\"ReadAction\",\"target\":[\"https:\\\/\\\/kibrisdakik.com\\\/?p=37977\"]}]},{\"@type\":\"ImageObject\",\"inLanguage\":\"tr\",\"@id\":\"https:\\\/\\\/kibrisdakik.com\\\/?p=37977#primaryimage\",\"url\":\"https:\\\/\\\/kibrisdakik.com\\\/wp-content\\\/uploads\\\/2024\\\/04\\\/mkd-yesil-bilezik-en-ekolojik-okullar-yarismasi-tamamlandi-1712836067.webp.webp\",\"contentUrl\":\"https:\\\/\\\/kibrisdakik.com\\\/wp-content\\\/uploads\\\/2024\\\/04\\\/mkd-yesil-bilezik-en-ekolojik-okullar-yarismasi-tamamlandi-1712836067.webp.webp\",\"width\":710,\"height\":370},{\"@type\":\"BreadcrumbList\",\"@id\":\"https:\\\/\\\/kibrisdakik.com\\\/?p=37977#breadcrumb\",\"itemListElement\":[{\"@type\":\"ListItem\",\"position\":1,\"name\":\"Home\",\"item\":\"https:\\\/\\\/kibrisdakik.com\\\/\"},{\"@type\":\"ListItem\",\"position\":2,\"name\":\"MKD Ye\u015fil Bilezik \u201cEn Ekolojik Okullar Yar\u0131\u015fmas\u0131\u201d tamamland\u0131\"}]},{\"@type\":\"WebSite\",\"@id\":\"https:\\\/\\\/kibrisdakik.com\\\/#website\",\"url\":\"https:\\\/\\\/kibrisdakik.com\\\/\",\"name\":\"\",\"description\":\"Tam vaktinde haber\",\"potentialAction\":[{\"@type\":\"SearchAction\",\"target\":{\"@type\":\"EntryPoint\",\"urlTemplate\":\"https:\\\/\\\/kibrisdakik.com\\\/?s={search_term_string}\"},\"query-input\":{\"@type\":\"PropertyValueSpecification\",\"valueRequired\":true,\"valueName\":\"search_term_string\"}}],\"inLanguage\":\"tr\"},{\"@type\":\"Person\",\"@id\":\"https:\\\/\\\/kibrisdakik.com\\\/#\\\/schema\\\/person\\\/9cd9d437bbb44f72b73ba127e06d8e79\",\"name\":\"admin\",\"image\":{\"@type\":\"ImageObject\",\"inLanguage\":\"tr\",\"@id\":\"https:\\\/\\\/secure.gravatar.com\\\/avatar\\\/ccc17943b9d660506c869530f897617f7cb1c21a4bf30023f252596d83e1f007?s=96&d=mm&r=g\",\"url\":\"https:\\\/\\\/secure.gravatar.com\\\/avatar\\\/ccc17943b9d660506c869530f897617f7cb1c21a4bf30023f252596d83e1f007?s=96&d=mm&r=g\",\"contentUrl\":\"https:\\\/\\\/secure.gravatar.com\\\/avatar\\\/ccc17943b9d660506c869530f897617f7cb1c21a4bf30023f252596d83e1f007?s=96&d=mm&r=g\",\"caption\":\"admin\"},\"sameAs\":[\"https:\\\/\\\/kibrisdakik.com\"],\"url\":\"https:\\\/\\\/kibrisdakik.com\\\/?author=1\"}]}<\/script>\n<!-- \/ Yoast SEO plugin. -->","yoast_head_json":{"title":"MKD Ye\u015fil Bilezik \u201cEn Ekolojik Okullar Yar\u0131\u015fmas\u0131\u201d tamamland\u0131 -","robots":{"index":"index","follow":"follow","max-snippet":"max-snippet:-1","max-image-preview":"max-image-preview:large","max-video-preview":"max-video-preview:-1"},"canonical":"https:\/\/kibrisdakik.com\/?p=37977","og_locale":"tr_TR","og_type":"article","og_title":"MKD Ye\u015fil Bilezik \u201cEn Ekolojik Okullar Yar\u0131\u015fmas\u0131\u201d tamamland\u0131 -","og_description":"MKD\u2019den yap\u0131lan a\u00e7\u0131klamaya g\u00f6re, uzmanlar y\u00f6netiminde \u00f6\u011frencilerle birlikte hayata ge\u00e7irilen bah\u00e7eler, bir ekolojik okul bah\u00e7esinin sahip olmas\u0131 gereken kriterler ve \u00f6\u011frenci katk\u0131s\u0131 \u00e7er\u00e7evesinde de\u011ferlendirildi. Okullar ve ekolojik bah\u00e7e kolu \u00f6\u011frencileri te\u015fvik ama\u00e7l\u0131 olarak \u00f6d\u00fcllendirildi. \u201cEn ekolojik okullar\u201d yar\u0131\u015fmas\u0131nda, ekolojik bah\u00e7eler ve bah\u00e7elere yap\u0131lan \u00f6\u011frenci katk\u0131s\u0131, j\u00fcri \u00fcyeleri; \u00e7evre e\u011fitimi ve y\u00f6netimi uzman\u0131 Dr. Asuman Koruko\u011flu,","og_url":"https:\/\/kibrisdakik.com\/?p=37977","article_published_time":"2024-04-11T17:46:50+00:00","og_image":[{"width":710,"height":370,"url":"https:\/\/kibrisdakik.com\/wp-content\/uploads\/2024\/04\/mkd-yesil-bilezik-en-ekolojik-okullar-yarismasi-tamamlandi-1712836067.webp.webp","type":"image\/webp"}],"author":"admin","twitter_card":"summary_large_image","twitter_misc":{"Yazan:":"admin","Tahmini okuma s\u00fcresi":"2 dakika"},"schema":{"@context":"https:\/\/schema.org","@graph":[{"@type":"Article","@id":"https:\/\/kibrisdakik.com\/?p=37977#article","isPartOf":{"@id":"https:\/\/kibrisdakik.com\/?p=37977"},"author":{"name":"admin","@id":"https:\/\/kibrisdakik.com\/#\/schema\/person\/9cd9d437bbb44f72b73ba127e06d8e79"},"headline":"MKD Ye\u015fil Bilezik \u201cEn Ekolojik Okullar Yar\u0131\u015fmas\u0131\u201d tamamland\u0131","datePublished":"2024-04-11T17:46:50+00:00","mainEntityOfPage":{"@id":"https:\/\/kibrisdakik.com\/?p=37977"},"wordCount":404,"commentCount":0,"image":{"@id":"https:\/\/kibrisdakik.com\/?p=37977#primaryimage"},"thumbnailUrl":"https:\/\/kibrisdakik.com\/wp-content\/uploads\/2024\/04\/mkd-yesil-bilezik-en-ekolojik-okullar-yarismasi-tamamlandi-1712836067.webp.webp","articleSection":["Ekonomi"],"inLanguage":"tr","potentialAction":[{"@type":"CommentAction","name":"Comment","target":["https:\/\/kibrisdakik.com\/?p=37977#respond"]}]},{"@type":"WebPage","@id":"https:\/\/kibrisdakik.com\/?p=37977","url":"https:\/\/kibrisdakik.com\/?p=37977","name":"MKD Ye\u015fil Bilezik \u201cEn Ekolojik Okullar Yar\u0131\u015fmas\u0131\u201d tamamland\u0131 -","isPartOf":{"@id":"https:\/\/kibrisdakik.com\/#website"},"primaryImageOfPage":{"@id":"https:\/\/kibrisdakik.com\/?p=37977#primaryimage"},"image":{"@id":"https:\/\/kibrisdakik.com\/?p=37977#primaryimage"},"thumbnailUrl":"https:\/\/kibrisdakik.com\/wp-content\/uploads\/2024\/04\/mkd-yesil-bilezik-en-ekolojik-okullar-yarismasi-tamamlandi-1712836067.webp.webp","datePublished":"2024-04-11T17:46:50+00:00","author":{"@id":"https:\/\/kibrisdakik.com\/#\/schema\/person\/9cd9d437bbb44f72b73ba127e06d8e79"},"breadcrumb":{"@id":"https:\/\/kibrisdakik.com\/?p=37977#breadcrumb"},"inLanguage":"tr","potentialAction":[{"@type":"ReadAction","target":["https:\/\/kibrisdakik.com\/?p=37977"]}]},{"@type":"ImageObject","inLanguage":"tr","@id":"https:\/\/kibrisdakik.com\/?p=37977#primaryimage","url":"https:\/\/kibrisdakik.com\/wp-content\/uploads\/2024\/04\/mkd-yesil-bilezik-en-ekolojik-okullar-yarismasi-tamamlandi-1712836067.webp.webp","contentUrl":"https:\/\/kibrisdakik.com\/wp-content\/uploads\/2024\/04\/mkd-yesil-bilezik-en-ekolojik-okullar-yarismasi-tamamlandi-1712836067.webp.webp","width":710,"height":370},{"@type":"BreadcrumbList","@id":"https:\/\/kibrisdakik.com\/?p=37977#breadcrumb","itemListElement":[{"@type":"ListItem","position":1,"name":"Home","item":"https:\/\/kibrisdakik.com\/"},{"@type":"ListItem","position":2,"name":"MKD Ye\u015fil Bilezik \u201cEn Ekolojik Okullar Yar\u0131\u015fmas\u0131\u201d tamamland\u0131"}]},{"@type":"WebSite","@id":"https:\/\/kibrisdakik.com\/#website","url":"https:\/\/kibrisdakik.com\/","name":"","description":"Tam vaktinde haber","potentialAction":[{"@type":"SearchAction","target":{"@type":"EntryPoint","urlTemplate":"https:\/\/kibrisdakik.com\/?s={search_term_string}"},"query-input":{"@type":"PropertyValueSpecification","valueRequired":true,"valueName":"search_term_string"}}],"inLanguage":"tr"},{"@type":"Person","@id":"https:\/\/kibrisdakik.com\/#\/schema\/person\/9cd9d437bbb44f72b73ba127e06d8e79","name":"admin","image":{"@type":"ImageObject","inLanguage":"tr","@id":"https:\/\/secure.gravatar.com\/avatar\/ccc17943b9d660506c869530f897617f7cb1c21a4bf30023f252596d83e1f007?s=96&d=mm&r=g","url":"https:\/\/secure.gravatar.com\/avatar\/ccc17943b9d660506c869530f897617f7cb1c21a4bf30023f252596d83e1f007?s=96&d=mm&r=g","contentUrl":"https:\/\/secure.gravatar.com\/avatar\/ccc17943b9d660506c869530f897617f7cb1c21a4bf30023f252596d83e1f007?s=96&d=mm&r=g","caption":"admin"},"sameAs":["https:\/\/kibrisdakik.com"],"url":"https:\/\/kibrisdakik.com\/?author=1"}]}},"_links":{"self":[{"href":"https:\/\/kibrisdakik.com\/index.php?rest_route=\/wp\/v2\/posts\/37977","targetHints":{"allow":["GET"]}}],"collection":[{"href":"https:\/\/kibrisdakik.com\/index.php?rest_route=\/wp\/v2\/posts"}],"about":[{"href":"https:\/\/kibrisdakik.com\/index.php?rest_route=\/wp\/v2\/types\/post"}],"author":[{"embeddable":true,"href":"https:\/\/kibrisdakik.com\/index.php?rest_route=\/wp\/v2\/users\/1"}],"replies":[{"embeddable":true,"href":"https:\/\/kibrisdakik.com\/index.php?rest_route=%2Fwp%2Fv2%2Fcomments&post=37977"}],"version-history":[{"count":0,"href":"https:\/\/kibrisdakik.com\/index.php?rest_route=\/wp\/v2\/posts\/37977\/revisions"}],"wp:featuredmedia":[{"embeddable":true,"href":"https:\/\/kibrisdakik.com\/index.php?rest_route=\/wp\/v2\/media\/37978"}],"wp:attachment":[{"href":"https:\/\/kibrisdakik.com\/index.php?rest_route=%2Fwp%2Fv2%2Fmedia&parent=37977"}],"wp:term":[{"taxonomy":"category","embeddable":true,"href":"https:\/\/kibrisdakik.com\/index.php?rest_route=%2Fwp%2Fv2%2Fcategories&post=37977"},{"taxonomy":"post_tag","embeddable":true,"href":"https:\/\/kibrisdakik.com\/index.php?rest_route=%2Fwp%2Fv2%2Ftags&post=37977"}],"curies":[{"name":"wp","href":"https:\/\/api.w.org\/{rel}","templated":true}]}}