{"id":38130,"date":"2024-04-13T12:29:50","date_gmt":"2024-04-13T12:29:50","guid":{"rendered":"https:\/\/kibrisdakik.com\/index.php\/2024\/04\/13\/tc-cumhurbaskani-erdogandan-katoliklerin-ruhani-lideri-papa-franciscusa-filistin-mektubu\/"},"modified":"2024-04-13T12:29:50","modified_gmt":"2024-04-13T12:29:50","slug":"tc-cumhurbaskani-erdogandan-katoliklerin-ruhani-lideri-papa-franciscusa-filistin-mektubu","status":"publish","type":"post","link":"https:\/\/kibrisdakik.com\/?p=38130","title":{"rendered":"TC Cumhurba\u015fkan\u0131 Erdo\u011fan&#039;dan, Katoliklerin ruhani lideri Papa Franciscus&#039;a Filistin mektubu"},"content":{"rendered":"<p><img decoding=\"async\" src=\"https:\/\/www.kibristurk.com\/images\/haberler\/2024\/04\/tc-cumhurbaskani-erdogandan-katoliklerin-ruhani-lideri-papa-franciscusa-filistin-mektubu-1713007966.webp\" \/><\/p>\n<p style=\"text-align:left\"><span style=\"font-size:16px\"><span style=\"font-family:Merriweather,serif !important\"><span style=\"color:#000000\"><span style=\"background-color:#ffffff\">TC Cumhurba\u015fkanl\u0131\u011f\u0131 \u0130leti\u015fim Ba\u015fkanl\u0131\u011f\u0131ndan yap\u0131lan a\u00e7\u0131klamada, TC Cumhurba\u015fkan\u0131 Erdo\u011fan&#8217;\u0131n, Papa Franciscus&#8217;a Filistin mektubu g\u00f6nderdi\u011fi belirtildi.<\/span><\/span><\/span><\/span><\/p>\n<p style=\"text-align:left\"><span style=\"font-size:16px\"><span style=\"font-family:Merriweather,serif !important\"><span style=\"color:#000000\"><span style=\"background-color:#ffffff\">A\u00e7\u0131klamaya g\u00f6re mektubuna, &#8220;Sayg\u0131de\u011fer Papa Hazretleri, Diyanet \u0130\u015fleri Ba\u015fkan\u0131m\u0131z\u0131 kabul\u00fcn\u00fcz vesilesiyle, sayg\u0131 ve muhabbetlerimi iletiyorum.&#8221; s\u00f6zleriyle ba\u015flayan Erdo\u011fan, tarihsel derinli\u011fe sahip T\u00fcrkiye-Vatikan ili\u015fkilerinin giderek ivme kazanmas\u0131ndan duydu\u011fu memnuniyeti aktard\u0131.<\/span><\/span><\/span><\/span><\/p>\n<p style=\"text-align:left\"><span style=\"font-size:16px\"><span style=\"font-family:Merriweather,serif !important\"><span style=\"color:#000000\"><span style=\"background-color:#ffffff\">Erdo\u011fan, T\u00fcrkiye&#8217;nin insani diplomasi \u015fiar\u0131yla K\u0131r\u0131m&#8217;\u0131n yasad\u0131\u015f\u0131 ilhak\u0131n\u0131n ger\u00e7ekle\u015fti\u011fi 2014&#8217;ten bu yana Ukrayna&#8217;n\u0131n toprak b\u00fct\u00fcnl\u00fc\u011f\u00fcn\u00fc destekledi\u011fini ve Filistinli masum sivillerin ya\u015fam hakk\u0131n\u0131n ve hakl\u0131 davas\u0131n\u0131n savunulmas\u0131nda da en \u00f6n s\u0131ralarda yer ald\u0131\u011f\u0131n\u0131, almaya da devam etti\u011fini belirtti.<\/span><\/span><\/span><\/span><\/p>\n<p style=\"text-align:left\"><span style=\"font-size:16px\"><span style=\"font-family:Merriweather,serif !important\"><span style=\"color:#000000\"><span style=\"background-color:#ffffff\">T\u00fcrkiye&#8217;nin 7 Ekim 2023&#8217;ten beri g\u00f6nderdi\u011fi 45 bin tona yak\u0131n insani malzemeyle Gazze&#8217;ye en fazla yard\u0131m sa\u011flayan ikinci \u00fclke konumuna geldi\u011fini vurgulayan Erdo\u011fan, aralar\u0131nda Hristiyanlar\u0131n da bulundu\u011fu, 450 refakat\u00e7i e\u015fli\u011finde, 429 Gazzeli hasta ve yaral\u0131n\u0131n tedavisinin de T\u00fcrkiye&#8217;de s\u00fcrd\u00fcr\u00fcld\u00fc\u011f\u00fcn\u00fc anlatt\u0131.<\/span><\/span><\/span><\/span><\/p>\n<p style=\"text-align:left\"><span style=\"font-size:16px\"><span style=\"font-family:Merriweather,serif !important\"><span style=\"color:#000000\"><span style=\"background-color:#ffffff\">Erdo\u011fan, mektubuna \u015f\u00f6yle devam etti:<\/span><\/span><\/span><\/span><\/p>\n<p style=\"text-align:left\"><span style=\"font-size:16px\"><span style=\"font-family:Merriweather,serif !important\"><span style=\"color:#000000\"><span style=\"background-color:#ffffff\">&#8220;\u00d6ld\u00fcrmenin t\u00fcm Semavi dinlerce haram k\u0131l\u0131nd\u0131\u011f\u0131 bilincine sahip olan insanl\u0131k, Gazze&#8217;de uluslararas\u0131 hukukun ve uluslararas\u0131 insanc\u0131l hukukun \u00e7i\u011fnenmesine daha fazla m\u00fcsaade etmemelidir. Sava\u015fta bile dokunulmamas\u0131 gereken hastaneler, okullar, camiler, kiliselerin bilerek bombalanmas\u0131 kar\u015f\u0131s\u0131nda sesini y\u00fckseltmelidir.<\/span><\/span><\/span><\/span><\/p>\n<p style=\"text-align:left\"><span style=\"font-size:16px\"><span style=\"font-family:Merriweather,serif !important\"><span style=\"color:#000000\"><span style=\"background-color:#ffffff\">Filistin-\u0130srail meselesi adil bir \u00e7\u00f6z\u00fcme kavu\u015fturulmadan, Orta Do\u011fu&#8217;da kal\u0131c\u0131 bar\u0131\u015f ve istikrar\u0131n tesisi m\u00fcmk\u00fcn de\u011fildir. 1967 s\u0131n\u0131rlar\u0131nda, ba\u015fkenti Do\u011fu Kud\u00fcs olan, ba\u011f\u0131ms\u0131z, egemen ve co\u011frafi b\u00fct\u00fcnl\u00fc\u011fe sahip bir Filistin devletinin v\u00fccut bulmas\u0131 ve uluslararas\u0131 toplumun e\u015fit bir \u00fcyesi olarak k\u00fcresel sistemdeki yerini almas\u0131 \u015fartt\u0131r.&#8221;<\/span><\/span><\/span><\/span><\/p>\n<p style=\"text-align:left\"><span style=\"font-size:16px\"><span style=\"font-family:Merriweather,serif !important\"><span style=\"color:#000000\"><span style=\"background-color:#ffffff\">TC Cumhurba\u015fkan\u0131 Erdo\u011fan, insani yard\u0131mlar\u0131n ula\u015ft\u0131r\u0131lamamas\u0131 nedeniyle a\u00e7l\u0131ktan \u00f6l\u00fcmlerin ba\u015f g\u00f6sterdi\u011fi Gazze&#8217;de, m\u00fcbarek ramazan ay\u0131nda dahi ayr\u0131m g\u00f6zetmeksizin devam eden \u0130srail sald\u0131r\u0131lar\u0131 ve \u00fc\u00e7\u00fcnc\u00fc y\u0131l\u0131na giren Ukrayna sava\u015f\u0131n\u0131n k\u00fcresel etkileri ba\u015fta olmak \u00fczere, kar\u015f\u0131 kar\u015f\u0131ya bulunulan meydan okumalar\u0131n, uluslararas\u0131 toplumun i\u015fbirli\u011fi ve e\u015fg\u00fcd\u00fcm i\u00e7inde hareket etmesini gerekli k\u0131ld\u0131\u011f\u0131n\u0131 belirtti.<\/span><\/span><\/span><\/span><\/p>\n<p style=\"text-align:left\"><span style=\"font-size:16px\"><span style=\"font-family:Merriweather,serif !important\"><span style=\"color:#000000\"><span style=\"background-color:#ffffff\">Erdo\u011fan, mektubunda \u015funlar\u0131 kaydetti:<\/span><\/span><\/span><\/span><\/p>\n<p style=\"text-align:left\"><span style=\"font-size:16px\"><span style=\"font-family:Merriweather,serif !important\"><span style=\"color:#000000\"><span style=\"background-color:#ffffff\">&#8220;D\u00fcnya \u00e7ap\u0131nda yay\u0131lan \u0130slam kar\u015f\u0131tl\u0131\u011f\u0131, \u0131rk\u00e7\u0131l\u0131k ve yabanc\u0131 d\u00fc\u015fmanl\u0131\u011f\u0131 gibi son d\u00f6nemde toplumlararas\u0131 bar\u0131\u015f ve istikrar\u0131 tehdit eden e\u011filimler de ak\u0131lda bulunduruldu\u011funda d\u00fcnyam\u0131z, kapsay\u0131c\u0131 ve ak\u0131lc\u0131 siyasete, her ko\u015fulda b\u00fct\u00fcn taraflarla diyalog kurabilen akt\u00f6rlere, tarihte hi\u00e7 olmad\u0131\u011f\u0131 kadar ihtiya\u00e7 duymaktad\u0131r.<\/span><\/span><\/span><\/span><\/p>\n<p style=\"text-align:left\"><span style=\"font-size:16px\"><span style=\"font-family:Merriweather,serif !important\"><span style=\"color:#000000\"><span style=\"background-color:#ffffff\">Bu anlay\u0131\u015f \u00e7er\u00e7evesinde, ortak insani de\u011ferlerimiz ve d\u00fcnya bar\u0131\u015f\u0131na hizmet etme gayemiz temelinde, bar\u0131\u015f i\u00e7inde bir arada ya\u015fama ve kar\u015f\u0131l\u0131kl\u0131 anlay\u0131\u015f k\u00fclt\u00fcr\u00fcn\u00fc yayg\u0131nla\u015ft\u0131rmak \u00fczere, Vatikan&#8217;la diyalog ve i\u015fbirli\u011fimizi daha da geli\u015ftirmekte kararl\u0131y\u0131z. Bu vesileyle, milletim ve \u015fahs\u0131m ad\u0131na sa\u011fl\u0131k ve esenlik temennilerimi tekrarl\u0131yorum.&#8221;<\/span><\/span><\/span><\/span><\/p>\n","protected":false},"excerpt":{"rendered":"<p>TC Cumhurba\u015fkanl\u0131\u011f\u0131 \u0130leti\u015fim Ba\u015fkanl\u0131\u011f\u0131ndan yap\u0131lan a\u00e7\u0131klamada, TC Cumhurba\u015fkan\u0131 Erdo\u011fan&#8217;\u0131n, Papa Franciscus&#8217;a Filistin mektubu g\u00f6nderdi\u011fi belirtildi. A\u00e7\u0131klamaya g\u00f6re mektubuna, &#8220;Sayg\u0131de\u011fer Papa Hazretleri, Diyanet \u0130\u015fleri Ba\u015fkan\u0131m\u0131z\u0131 kabul\u00fcn\u00fcz vesilesiyle, sayg\u0131 ve muhabbetlerimi iletiyorum.&#8221; s\u00f6zleriyle ba\u015flayan Erdo\u011fan, tarihsel derinli\u011fe sahip T\u00fcrkiye-Vatikan ili\u015fkilerinin giderek ivme kazanmas\u0131ndan duydu\u011fu memnuniyeti aktard\u0131. Erdo\u011fan, T\u00fcrkiye&#8217;nin insani diplomasi \u015fiar\u0131yla K\u0131r\u0131m&#8217;\u0131n yasad\u0131\u015f\u0131 ilhak\u0131n\u0131n ger\u00e7ekle\u015fti\u011fi 2014&#8217;ten bu<\/p>\n","protected":false},"author":1,"featured_media":38131,"comment_status":"open","ping_status":"open","sticky":false,"template":"","format":"standard","meta":{"footnotes":""},"categories":[79],"tags":[],"class_list":["post-38130","post","type-post","status-publish","format-standard","has-post-thumbnail","hentry","category-ekonomi"],"yoast_head":"<!-- This site is optimized with the Yoast SEO plugin v28.4 - https:\/\/yoast.com\/product\/yoast-seo-wordpress\/ -->\n<title>TC Cumhurba\u015fkan\u0131 Erdo\u011fan&#039;dan, Katoliklerin ruhani lideri Papa Franciscus&#039;a Filistin mektubu -<\/title>\n<meta name=\"robots\" content=\"index, follow, max-snippet:-1, max-image-preview:large, max-video-preview:-1\" \/>\n<link rel=\"canonical\" href=\"https:\/\/kibrisdakik.com\/?p=38130\" \/>\n<meta property=\"og:locale\" content=\"tr_TR\" \/>\n<meta property=\"og:type\" content=\"article\" \/>\n<meta property=\"og:title\" content=\"TC Cumhurba\u015fkan\u0131 Erdo\u011fan&#039;dan, Katoliklerin ruhani lideri Papa Franciscus&#039;a Filistin mektubu -\" \/>\n<meta property=\"og:description\" content=\"TC Cumhurba\u015fkanl\u0131\u011f\u0131 \u0130leti\u015fim Ba\u015fkanl\u0131\u011f\u0131ndan yap\u0131lan a\u00e7\u0131klamada, TC Cumhurba\u015fkan\u0131 Erdo\u011fan&#8217;\u0131n, Papa Franciscus&#8217;a Filistin mektubu g\u00f6nderdi\u011fi belirtildi. A\u00e7\u0131klamaya g\u00f6re mektubuna, &#8220;Sayg\u0131de\u011fer Papa Hazretleri, Diyanet \u0130\u015fleri Ba\u015fkan\u0131m\u0131z\u0131 kabul\u00fcn\u00fcz vesilesiyle, sayg\u0131 ve muhabbetlerimi iletiyorum.&#8221; s\u00f6zleriyle ba\u015flayan Erdo\u011fan, tarihsel derinli\u011fe sahip T\u00fcrkiye-Vatikan ili\u015fkilerinin giderek ivme kazanmas\u0131ndan duydu\u011fu memnuniyeti aktard\u0131. Erdo\u011fan, T\u00fcrkiye&#8217;nin insani diplomasi \u015fiar\u0131yla K\u0131r\u0131m&#8217;\u0131n yasad\u0131\u015f\u0131 ilhak\u0131n\u0131n ger\u00e7ekle\u015fti\u011fi 2014&#8217;ten bu\" \/>\n<meta property=\"og:url\" content=\"https:\/\/kibrisdakik.com\/?p=38130\" \/>\n<meta property=\"article:published_time\" content=\"2024-04-13T12:29:50+00:00\" \/>\n<meta property=\"og:image\" content=\"https:\/\/kibrisdakik.com\/wp-content\/uploads\/2024\/04\/tc-cumhurbaskani-erdogandan-katoliklerin-ruhani-lideri-papa-franciscusa-filistin-mektubu-1713007966.webp.webp\" \/>\n\t<meta property=\"og:image:width\" content=\"710\" \/>\n\t<meta property=\"og:image:height\" content=\"370\" \/>\n\t<meta property=\"og:image:type\" content=\"image\/webp\" \/>\n<meta name=\"author\" content=\"admin\" \/>\n<meta name=\"twitter:card\" content=\"summary_large_image\" \/>\n<meta name=\"twitter:label1\" content=\"Yazan:\" \/>\n\t<meta name=\"twitter:data1\" content=\"admin\" \/>\n\t<meta name=\"twitter:label2\" content=\"Tahmini okuma s\u00fcresi\" \/>\n\t<meta name=\"twitter:data2\" content=\"3 dakika\" \/>\n<script type=\"application\/ld+json\" class=\"yoast-schema-graph\">{\"@context\":\"https:\\\/\\\/schema.org\",\"@graph\":[{\"@type\":\"Article\",\"@id\":\"https:\\\/\\\/kibrisdakik.com\\\/?p=38130#article\",\"isPartOf\":{\"@id\":\"https:\\\/\\\/kibrisdakik.com\\\/?p=38130\"},\"author\":{\"name\":\"admin\",\"@id\":\"https:\\\/\\\/kibrisdakik.com\\\/#\\\/schema\\\/person\\\/9cd9d437bbb44f72b73ba127e06d8e79\"},\"headline\":\"TC Cumhurba\u015fkan\u0131 Erdo\u011fan&#039;dan, Katoliklerin ruhani lideri Papa Franciscus&#039;a Filistin mektubu\",\"datePublished\":\"2024-04-13T12:29:50+00:00\",\"mainEntityOfPage\":{\"@id\":\"https:\\\/\\\/kibrisdakik.com\\\/?p=38130\"},\"wordCount\":551,\"commentCount\":0,\"publisher\":{\"@id\":\"https:\\\/\\\/kibrisdakik.com\\\/#organization\"},\"image\":{\"@id\":\"https:\\\/\\\/kibrisdakik.com\\\/?p=38130#primaryimage\"},\"thumbnailUrl\":\"https:\\\/\\\/kibrisdakik.com\\\/wp-content\\\/uploads\\\/2024\\\/04\\\/tc-cumhurbaskani-erdogandan-katoliklerin-ruhani-lideri-papa-franciscusa-filistin-mektubu-1713007966.webp.webp\",\"articleSection\":[\"Ekonomi\"],\"inLanguage\":\"tr\",\"potentialAction\":[{\"@type\":\"CommentAction\",\"name\":\"Comment\",\"target\":[\"https:\\\/\\\/kibrisdakik.com\\\/?p=38130#respond\"]}]},{\"@type\":\"WebPage\",\"@id\":\"https:\\\/\\\/kibrisdakik.com\\\/?p=38130\",\"url\":\"https:\\\/\\\/kibrisdakik.com\\\/?p=38130\",\"name\":\"TC Cumhurba\u015fkan\u0131 Erdo\u011fan&#039;dan, Katoliklerin ruhani lideri Papa Franciscus&#039;a Filistin mektubu -\",\"isPartOf\":{\"@id\":\"https:\\\/\\\/kibrisdakik.com\\\/#website\"},\"primaryImageOfPage\":{\"@id\":\"https:\\\/\\\/kibrisdakik.com\\\/?p=38130#primaryimage\"},\"image\":{\"@id\":\"https:\\\/\\\/kibrisdakik.com\\\/?p=38130#primaryimage\"},\"thumbnailUrl\":\"https:\\\/\\\/kibrisdakik.com\\\/wp-content\\\/uploads\\\/2024\\\/04\\\/tc-cumhurbaskani-erdogandan-katoliklerin-ruhani-lideri-papa-franciscusa-filistin-mektubu-1713007966.webp.webp\",\"datePublished\":\"2024-04-13T12:29:50+00:00\",\"breadcrumb\":{\"@id\":\"https:\\\/\\\/kibrisdakik.com\\\/?p=38130#breadcrumb\"},\"inLanguage\":\"tr\",\"potentialAction\":[{\"@type\":\"ReadAction\",\"target\":[\"https:\\\/\\\/kibrisdakik.com\\\/?p=38130\"]}]},{\"@type\":\"ImageObject\",\"inLanguage\":\"tr\",\"@id\":\"https:\\\/\\\/kibrisdakik.com\\\/?p=38130#primaryimage\",\"url\":\"https:\\\/\\\/kibrisdakik.com\\\/wp-content\\\/uploads\\\/2024\\\/04\\\/tc-cumhurbaskani-erdogandan-katoliklerin-ruhani-lideri-papa-franciscusa-filistin-mektubu-1713007966.webp.webp\",\"contentUrl\":\"https:\\\/\\\/kibrisdakik.com\\\/wp-content\\\/uploads\\\/2024\\\/04\\\/tc-cumhurbaskani-erdogandan-katoliklerin-ruhani-lideri-papa-franciscusa-filistin-mektubu-1713007966.webp.webp\",\"width\":710,\"height\":370},{\"@type\":\"BreadcrumbList\",\"@id\":\"https:\\\/\\\/kibrisdakik.com\\\/?p=38130#breadcrumb\",\"itemListElement\":[{\"@type\":\"ListItem\",\"position\":1,\"name\":\"Home\",\"item\":\"https:\\\/\\\/kibrisdakik.com\\\/\"},{\"@type\":\"ListItem\",\"position\":2,\"name\":\"TC Cumhurba\u015fkan\u0131 Erdo\u011fan&#039;dan, Katoliklerin ruhani lideri Papa Franciscus&#039;a Filistin mektubu\"}]},{\"@type\":\"WebSite\",\"@id\":\"https:\\\/\\\/kibrisdakik.com\\\/#website\",\"url\":\"https:\\\/\\\/kibrisdakik.com\\\/\",\"name\":\"K\u0131br\u0131s Dakik\",\"description\":\"Tam vaktinde haber\",\"publisher\":{\"@id\":\"https:\\\/\\\/kibrisdakik.com\\\/#organization\"},\"potentialAction\":[{\"@type\":\"SearchAction\",\"target\":{\"@type\":\"EntryPoint\",\"urlTemplate\":\"https:\\\/\\\/kibrisdakik.com\\\/?s={search_term_string}\"},\"query-input\":{\"@type\":\"PropertyValueSpecification\",\"valueRequired\":true,\"valueName\":\"search_term_string\"}}],\"inLanguage\":\"tr\"},{\"@type\":\"Organization\",\"@id\":\"https:\\\/\\\/kibrisdakik.com\\\/#organization\",\"name\":\"K\u0131br\u0131s Dakik\",\"url\":\"https:\\\/\\\/kibrisdakik.com\\\/\",\"logo\":{\"@type\":\"ImageObject\",\"inLanguage\":\"tr\",\"@id\":\"https:\\\/\\\/kibrisdakik.com\\\/#\\\/schema\\\/logo\\\/image\\\/\",\"url\":\"https:\\\/\\\/kibrisdakik.com\\\/wp-content\\\/uploads\\\/2025\\\/10\\\/cropped-WhatsApp-Image-2025-10-02-at-12.58.31.jpeg\",\"contentUrl\":\"https:\\\/\\\/kibrisdakik.com\\\/wp-content\\\/uploads\\\/2025\\\/10\\\/cropped-WhatsApp-Image-2025-10-02-at-12.58.31.jpeg\",\"width\":1237,\"height\":190,\"caption\":\"K\u0131br\u0131s Dakik\"},\"image\":{\"@id\":\"https:\\\/\\\/kibrisdakik.com\\\/#\\\/schema\\\/logo\\\/image\\\/\"}},{\"@type\":\"Person\",\"@id\":\"https:\\\/\\\/kibrisdakik.com\\\/#\\\/schema\\\/person\\\/9cd9d437bbb44f72b73ba127e06d8e79\",\"name\":\"admin\",\"image\":{\"@type\":\"ImageObject\",\"inLanguage\":\"tr\",\"@id\":\"https:\\\/\\\/secure.gravatar.com\\\/avatar\\\/ccc17943b9d660506c869530f897617f7cb1c21a4bf30023f252596d83e1f007?s=96&d=mm&r=g\",\"url\":\"https:\\\/\\\/secure.gravatar.com\\\/avatar\\\/ccc17943b9d660506c869530f897617f7cb1c21a4bf30023f252596d83e1f007?s=96&d=mm&r=g\",\"contentUrl\":\"https:\\\/\\\/secure.gravatar.com\\\/avatar\\\/ccc17943b9d660506c869530f897617f7cb1c21a4bf30023f252596d83e1f007?s=96&d=mm&r=g\",\"caption\":\"admin\"},\"sameAs\":[\"https:\\\/\\\/kibrisdakik.com\"],\"url\":\"https:\\\/\\\/kibrisdakik.com\\\/?author=1\"}]}<\/script>\n<!-- \/ Yoast SEO plugin. -->","yoast_head_json":{"title":"TC Cumhurba\u015fkan\u0131 Erdo\u011fan&#039;dan, Katoliklerin ruhani lideri Papa Franciscus&#039;a Filistin mektubu -","robots":{"index":"index","follow":"follow","max-snippet":"max-snippet:-1","max-image-preview":"max-image-preview:large","max-video-preview":"max-video-preview:-1"},"canonical":"https:\/\/kibrisdakik.com\/?p=38130","og_locale":"tr_TR","og_type":"article","og_title":"TC Cumhurba\u015fkan\u0131 Erdo\u011fan&#039;dan, Katoliklerin ruhani lideri Papa Franciscus&#039;a Filistin mektubu -","og_description":"TC Cumhurba\u015fkanl\u0131\u011f\u0131 \u0130leti\u015fim Ba\u015fkanl\u0131\u011f\u0131ndan yap\u0131lan a\u00e7\u0131klamada, TC Cumhurba\u015fkan\u0131 Erdo\u011fan&#8217;\u0131n, Papa Franciscus&#8217;a Filistin mektubu g\u00f6nderdi\u011fi belirtildi. A\u00e7\u0131klamaya g\u00f6re mektubuna, &#8220;Sayg\u0131de\u011fer Papa Hazretleri, Diyanet \u0130\u015fleri Ba\u015fkan\u0131m\u0131z\u0131 kabul\u00fcn\u00fcz vesilesiyle, sayg\u0131 ve muhabbetlerimi iletiyorum.&#8221; s\u00f6zleriyle ba\u015flayan Erdo\u011fan, tarihsel derinli\u011fe sahip T\u00fcrkiye-Vatikan ili\u015fkilerinin giderek ivme kazanmas\u0131ndan duydu\u011fu memnuniyeti aktard\u0131. Erdo\u011fan, T\u00fcrkiye&#8217;nin insani diplomasi \u015fiar\u0131yla K\u0131r\u0131m&#8217;\u0131n yasad\u0131\u015f\u0131 ilhak\u0131n\u0131n ger\u00e7ekle\u015fti\u011fi 2014&#8217;ten bu","og_url":"https:\/\/kibrisdakik.com\/?p=38130","article_published_time":"2024-04-13T12:29:50+00:00","og_image":[{"width":710,"height":370,"url":"https:\/\/kibrisdakik.com\/wp-content\/uploads\/2024\/04\/tc-cumhurbaskani-erdogandan-katoliklerin-ruhani-lideri-papa-franciscusa-filistin-mektubu-1713007966.webp.webp","type":"image\/webp"}],"author":"admin","twitter_card":"summary_large_image","twitter_misc":{"Yazan:":"admin","Tahmini okuma s\u00fcresi":"3 dakika"},"schema":{"@context":"https:\/\/schema.org","@graph":[{"@type":"Article","@id":"https:\/\/kibrisdakik.com\/?p=38130#article","isPartOf":{"@id":"https:\/\/kibrisdakik.com\/?p=38130"},"author":{"name":"admin","@id":"https:\/\/kibrisdakik.com\/#\/schema\/person\/9cd9d437bbb44f72b73ba127e06d8e79"},"headline":"TC Cumhurba\u015fkan\u0131 Erdo\u011fan&#039;dan, Katoliklerin ruhani lideri Papa Franciscus&#039;a Filistin mektubu","datePublished":"2024-04-13T12:29:50+00:00","mainEntityOfPage":{"@id":"https:\/\/kibrisdakik.com\/?p=38130"},"wordCount":551,"commentCount":0,"publisher":{"@id":"https:\/\/kibrisdakik.com\/#organization"},"image":{"@id":"https:\/\/kibrisdakik.com\/?p=38130#primaryimage"},"thumbnailUrl":"https:\/\/kibrisdakik.com\/wp-content\/uploads\/2024\/04\/tc-cumhurbaskani-erdogandan-katoliklerin-ruhani-lideri-papa-franciscusa-filistin-mektubu-1713007966.webp.webp","articleSection":["Ekonomi"],"inLanguage":"tr","potentialAction":[{"@type":"CommentAction","name":"Comment","target":["https:\/\/kibrisdakik.com\/?p=38130#respond"]}]},{"@type":"WebPage","@id":"https:\/\/kibrisdakik.com\/?p=38130","url":"https:\/\/kibrisdakik.com\/?p=38130","name":"TC Cumhurba\u015fkan\u0131 Erdo\u011fan&#039;dan, Katoliklerin ruhani lideri Papa Franciscus&#039;a Filistin mektubu -","isPartOf":{"@id":"https:\/\/kibrisdakik.com\/#website"},"primaryImageOfPage":{"@id":"https:\/\/kibrisdakik.com\/?p=38130#primaryimage"},"image":{"@id":"https:\/\/kibrisdakik.com\/?p=38130#primaryimage"},"thumbnailUrl":"https:\/\/kibrisdakik.com\/wp-content\/uploads\/2024\/04\/tc-cumhurbaskani-erdogandan-katoliklerin-ruhani-lideri-papa-franciscusa-filistin-mektubu-1713007966.webp.webp","datePublished":"2024-04-13T12:29:50+00:00","breadcrumb":{"@id":"https:\/\/kibrisdakik.com\/?p=38130#breadcrumb"},"inLanguage":"tr","potentialAction":[{"@type":"ReadAction","target":["https:\/\/kibrisdakik.com\/?p=38130"]}]},{"@type":"ImageObject","inLanguage":"tr","@id":"https:\/\/kibrisdakik.com\/?p=38130#primaryimage","url":"https:\/\/kibrisdakik.com\/wp-content\/uploads\/2024\/04\/tc-cumhurbaskani-erdogandan-katoliklerin-ruhani-lideri-papa-franciscusa-filistin-mektubu-1713007966.webp.webp","contentUrl":"https:\/\/kibrisdakik.com\/wp-content\/uploads\/2024\/04\/tc-cumhurbaskani-erdogandan-katoliklerin-ruhani-lideri-papa-franciscusa-filistin-mektubu-1713007966.webp.webp","width":710,"height":370},{"@type":"BreadcrumbList","@id":"https:\/\/kibrisdakik.com\/?p=38130#breadcrumb","itemListElement":[{"@type":"ListItem","position":1,"name":"Home","item":"https:\/\/kibrisdakik.com\/"},{"@type":"ListItem","position":2,"name":"TC Cumhurba\u015fkan\u0131 Erdo\u011fan&#039;dan, Katoliklerin ruhani lideri Papa Franciscus&#039;a Filistin mektubu"}]},{"@type":"WebSite","@id":"https:\/\/kibrisdakik.com\/#website","url":"https:\/\/kibrisdakik.com\/","name":"K\u0131br\u0131s Dakik","description":"Tam vaktinde haber","publisher":{"@id":"https:\/\/kibrisdakik.com\/#organization"},"potentialAction":[{"@type":"SearchAction","target":{"@type":"EntryPoint","urlTemplate":"https:\/\/kibrisdakik.com\/?s={search_term_string}"},"query-input":{"@type":"PropertyValueSpecification","valueRequired":true,"valueName":"search_term_string"}}],"inLanguage":"tr"},{"@type":"Organization","@id":"https:\/\/kibrisdakik.com\/#organization","name":"K\u0131br\u0131s Dakik","url":"https:\/\/kibrisdakik.com\/","logo":{"@type":"ImageObject","inLanguage":"tr","@id":"https:\/\/kibrisdakik.com\/#\/schema\/logo\/image\/","url":"https:\/\/kibrisdakik.com\/wp-content\/uploads\/2025\/10\/cropped-WhatsApp-Image-2025-10-02-at-12.58.31.jpeg","contentUrl":"https:\/\/kibrisdakik.com\/wp-content\/uploads\/2025\/10\/cropped-WhatsApp-Image-2025-10-02-at-12.58.31.jpeg","width":1237,"height":190,"caption":"K\u0131br\u0131s Dakik"},"image":{"@id":"https:\/\/kibrisdakik.com\/#\/schema\/logo\/image\/"}},{"@type":"Person","@id":"https:\/\/kibrisdakik.com\/#\/schema\/person\/9cd9d437bbb44f72b73ba127e06d8e79","name":"admin","image":{"@type":"ImageObject","inLanguage":"tr","@id":"https:\/\/secure.gravatar.com\/avatar\/ccc17943b9d660506c869530f897617f7cb1c21a4bf30023f252596d83e1f007?s=96&d=mm&r=g","url":"https:\/\/secure.gravatar.com\/avatar\/ccc17943b9d660506c869530f897617f7cb1c21a4bf30023f252596d83e1f007?s=96&d=mm&r=g","contentUrl":"https:\/\/secure.gravatar.com\/avatar\/ccc17943b9d660506c869530f897617f7cb1c21a4bf30023f252596d83e1f007?s=96&d=mm&r=g","caption":"admin"},"sameAs":["https:\/\/kibrisdakik.com"],"url":"https:\/\/kibrisdakik.com\/?author=1"}]}},"_links":{"self":[{"href":"https:\/\/kibrisdakik.com\/index.php?rest_route=\/wp\/v2\/posts\/38130","targetHints":{"allow":["GET"]}}],"collection":[{"href":"https:\/\/kibrisdakik.com\/index.php?rest_route=\/wp\/v2\/posts"}],"about":[{"href":"https:\/\/kibrisdakik.com\/index.php?rest_route=\/wp\/v2\/types\/post"}],"author":[{"embeddable":true,"href":"https:\/\/kibrisdakik.com\/index.php?rest_route=\/wp\/v2\/users\/1"}],"replies":[{"embeddable":true,"href":"https:\/\/kibrisdakik.com\/index.php?rest_route=%2Fwp%2Fv2%2Fcomments&post=38130"}],"version-history":[{"count":0,"href":"https:\/\/kibrisdakik.com\/index.php?rest_route=\/wp\/v2\/posts\/38130\/revisions"}],"wp:featuredmedia":[{"embeddable":true,"href":"https:\/\/kibrisdakik.com\/index.php?rest_route=\/wp\/v2\/media\/38131"}],"wp:attachment":[{"href":"https:\/\/kibrisdakik.com\/index.php?rest_route=%2Fwp%2Fv2%2Fmedia&parent=38130"}],"wp:term":[{"taxonomy":"category","embeddable":true,"href":"https:\/\/kibrisdakik.com\/index.php?rest_route=%2Fwp%2Fv2%2Fcategories&post=38130"},{"taxonomy":"post_tag","embeddable":true,"href":"https:\/\/kibrisdakik.com\/index.php?rest_route=%2Fwp%2Fv2%2Ftags&post=38130"}],"curies":[{"name":"wp","href":"https:\/\/api.w.org\/{rel}","templated":true}]}}