{"id":38166,"date":"2024-04-13T18:35:51","date_gmt":"2024-04-13T18:35:51","guid":{"rendered":"https:\/\/kibrisdakik.com\/index.php\/2024\/04\/13\/selanikde-yine-elis-ruzgari-esti\/"},"modified":"2024-04-13T18:35:51","modified_gmt":"2024-04-13T18:35:51","slug":"selanikde-yine-elis-ruzgari-esti","status":"publish","type":"post","link":"https:\/\/kibrisdakik.com\/?p=38166","title":{"rendered":"SELAN\u0130K&#039;DE Y\u0130NE EL\u0130S R\u00dcZGARI EST\u0130&#8230;."},"content":{"rendered":"<p><img decoding=\"async\" src=\"https:\/\/www.kibristurk.com\/images\/haberler\/2024\/04\/selanikde-yine-elis-ruzgari-esti-1712997112.webp\" \/><\/p>\n<p>\u00dclkemizin latin danstaki b\u00fcy\u00fck yetene\u011fi A Kare Dans ve Spor Okulu sporcusu, Elis Sermaye, Y\u00fcnanistan Selanik&#8217;de her y\u0131l geleneksel olarak d\u00fczenlenen, ve yakla\u015f\u0131k 25 \u00fclkeden, y\u00fczlerce yar\u0131\u015fmac\u0131n\u0131n bir\u00e7ok de\u011fi\u015fik katagoriler i\u00e7in kat\u0131ld\u0131\u011f\u0131, Thesselenaki Dance Fest\u0131val organizasyonunda, Elis kendi ya\u015f katagorisi \u00fczerinde 16 &#8211; 18 ya\u015f Bachata&#8217;da \u015fampiyon olurken, 13 &#8211; 15 ya\u015f iki katagoride de ikinci oldu. Musmer Ltd. Ve K\u0131br\u0131s\u0131n Kuzeyinin e\u011flence sekt\u00f6r\u00fcnde bir lider olan, La Nouba sponsorlu\u011funda Thesselenaki Dance Fest\u0131val organizasyonuna kat\u0131labilen Elis, her zaman destek\u00e7isi olan Mustafa \u00d6zt\u00fcrk&#8217;e, Zirve K\u0131br\u0131s arac\u0131l\u0131\u011f\u0131yla, te\u015fekk\u00fcr etmeyi unutmad\u0131. Mexico, \u0130talya gibi \u00fclkelerden sonra, \u00f6zellikle latin dans\u0131n\u0131n \u00e7ok \u00f6nem verildi\u011fi Y\u00fcnanistan&#8217;da art\u0131k bir ekol olan ve bir\u00e7ok arkada\u015fl\u0131klar edinerek kendi ya\u015f\u0131nda zirvede olan Elis, Selanik&#8217;de latin dans\u0131 ile u\u011fra\u015fan nerdeyse herkes taraf\u0131ndan biliniyor ve takdir ediliyor. 2024 Y\u0131l\u0131 organizasyon ve yar\u0131\u015fma planlamas\u0131nda ikinci organizasyondan da anl\u0131n\u0131n ak\u0131yla \u00e7\u0131k\u0131p, \u00e7al\u0131\u015fmalar\u0131n\u0131n kar\u015f\u0131l\u0131\u011f\u0131n\u0131 alan Elis, planlanm\u0131\u015f 9 uluslararas\u0131 yar\u0131\u015fman\u0131n ikincisini tamamlad\u0131. Y\u0131l sonuna kadar, 7 \u00fclkede farkl\u0131 organizasyonlarda boy g\u00f6sterecek olan Elis, \u00e7al\u0131\u015fmalar\u0131n\u0131 haftan\u0131n 6 g\u00fcn\u00fc, g\u00fcnde 2 saat \u00e7al\u0131\u015farak haz\u0131rlanmaya devam ediyor<\/p>\n","protected":false},"excerpt":{"rendered":"<p>\u00dclkemizin latin danstaki b\u00fcy\u00fck yetene\u011fi A Kare Dans ve Spor Okulu sporcusu, Elis Sermaye, Y\u00fcnanistan Selanik&#8217;de her y\u0131l geleneksel olarak d\u00fczenlenen, ve yakla\u015f\u0131k 25 \u00fclkeden, y\u00fczlerce yar\u0131\u015fmac\u0131n\u0131n bir\u00e7ok de\u011fi\u015fik katagoriler i\u00e7in kat\u0131ld\u0131\u011f\u0131, Thesselenaki Dance Fest\u0131val organizasyonunda, Elis kendi ya\u015f katagorisi \u00fczerinde 16 &#8211; 18 ya\u015f Bachata&#8217;da \u015fampiyon olurken, 13 &#8211; 15 ya\u015f iki katagoride de<\/p>\n","protected":false},"author":1,"featured_media":38167,"comment_status":"open","ping_status":"open","sticky":false,"template":"","format":"standard","meta":{"footnotes":""},"categories":[79],"tags":[],"class_list":["post-38166","post","type-post","status-publish","format-standard","has-post-thumbnail","hentry","category-ekonomi"],"yoast_head":"<!-- This site is optimized with the Yoast SEO plugin v27.5 - https:\/\/yoast.com\/product\/yoast-seo-wordpress\/ -->\n<title>SELAN\u0130K&#039;DE Y\u0130NE EL\u0130S R\u00dcZGARI EST\u0130.... -<\/title>\n<meta name=\"robots\" content=\"index, follow, max-snippet:-1, max-image-preview:large, max-video-preview:-1\" \/>\n<link rel=\"canonical\" href=\"https:\/\/kibrisdakik.com\/?p=38166\" \/>\n<meta property=\"og:locale\" content=\"tr_TR\" \/>\n<meta property=\"og:type\" content=\"article\" \/>\n<meta property=\"og:title\" content=\"SELAN\u0130K&#039;DE Y\u0130NE EL\u0130S R\u00dcZGARI EST\u0130.... -\" \/>\n<meta property=\"og:description\" content=\"\u00dclkemizin latin danstaki b\u00fcy\u00fck yetene\u011fi A Kare Dans ve Spor Okulu sporcusu, Elis Sermaye, Y\u00fcnanistan Selanik&#8217;de her y\u0131l geleneksel olarak d\u00fczenlenen, ve yakla\u015f\u0131k 25 \u00fclkeden, y\u00fczlerce yar\u0131\u015fmac\u0131n\u0131n bir\u00e7ok de\u011fi\u015fik katagoriler i\u00e7in kat\u0131ld\u0131\u011f\u0131, Thesselenaki Dance Fest\u0131val organizasyonunda, Elis kendi ya\u015f katagorisi \u00fczerinde 16 &#8211; 18 ya\u015f Bachata&#8217;da \u015fampiyon olurken, 13 &#8211; 15 ya\u015f iki katagoride de\" \/>\n<meta property=\"og:url\" content=\"https:\/\/kibrisdakik.com\/?p=38166\" \/>\n<meta property=\"article:published_time\" content=\"2024-04-13T18:35:51+00:00\" \/>\n<meta property=\"og:image\" content=\"https:\/\/kibrisdakik.com\/wp-content\/uploads\/2024\/04\/selanikde-yine-elis-ruzgari-esti-1712997112.webp.webp\" \/>\n\t<meta property=\"og:image:width\" content=\"710\" \/>\n\t<meta property=\"og:image:height\" content=\"370\" \/>\n\t<meta property=\"og:image:type\" content=\"image\/webp\" \/>\n<meta name=\"author\" content=\"admin\" \/>\n<meta name=\"twitter:card\" content=\"summary_large_image\" \/>\n<meta name=\"twitter:label1\" content=\"Yazan:\" \/>\n\t<meta name=\"twitter:data1\" content=\"admin\" \/>\n\t<meta name=\"twitter:label2\" content=\"Tahmini okuma s\u00fcresi\" \/>\n\t<meta name=\"twitter:data2\" content=\"1 dakika\" \/>\n<script type=\"application\/ld+json\" class=\"yoast-schema-graph\">{\"@context\":\"https:\\\/\\\/schema.org\",\"@graph\":[{\"@type\":\"Article\",\"@id\":\"https:\\\/\\\/kibrisdakik.com\\\/?p=38166#article\",\"isPartOf\":{\"@id\":\"https:\\\/\\\/kibrisdakik.com\\\/?p=38166\"},\"author\":{\"name\":\"admin\",\"@id\":\"https:\\\/\\\/kibrisdakik.com\\\/#\\\/schema\\\/person\\\/9cd9d437bbb44f72b73ba127e06d8e79\"},\"headline\":\"SELAN\u0130K&#039;DE Y\u0130NE EL\u0130S R\u00dcZGARI EST\u0130&#8230;.\",\"datePublished\":\"2024-04-13T18:35:51+00:00\",\"mainEntityOfPage\":{\"@id\":\"https:\\\/\\\/kibrisdakik.com\\\/?p=38166\"},\"wordCount\":238,\"commentCount\":0,\"image\":{\"@id\":\"https:\\\/\\\/kibrisdakik.com\\\/?p=38166#primaryimage\"},\"thumbnailUrl\":\"https:\\\/\\\/kibrisdakik.com\\\/wp-content\\\/uploads\\\/2024\\\/04\\\/selanikde-yine-elis-ruzgari-esti-1712997112.webp.webp\",\"articleSection\":[\"Ekonomi\"],\"inLanguage\":\"tr\",\"potentialAction\":[{\"@type\":\"CommentAction\",\"name\":\"Comment\",\"target\":[\"https:\\\/\\\/kibrisdakik.com\\\/?p=38166#respond\"]}]},{\"@type\":\"WebPage\",\"@id\":\"https:\\\/\\\/kibrisdakik.com\\\/?p=38166\",\"url\":\"https:\\\/\\\/kibrisdakik.com\\\/?p=38166\",\"name\":\"SELAN\u0130K&#039;DE Y\u0130NE EL\u0130S R\u00dcZGARI EST\u0130.... -\",\"isPartOf\":{\"@id\":\"https:\\\/\\\/kibrisdakik.com\\\/#website\"},\"primaryImageOfPage\":{\"@id\":\"https:\\\/\\\/kibrisdakik.com\\\/?p=38166#primaryimage\"},\"image\":{\"@id\":\"https:\\\/\\\/kibrisdakik.com\\\/?p=38166#primaryimage\"},\"thumbnailUrl\":\"https:\\\/\\\/kibrisdakik.com\\\/wp-content\\\/uploads\\\/2024\\\/04\\\/selanikde-yine-elis-ruzgari-esti-1712997112.webp.webp\",\"datePublished\":\"2024-04-13T18:35:51+00:00\",\"author\":{\"@id\":\"https:\\\/\\\/kibrisdakik.com\\\/#\\\/schema\\\/person\\\/9cd9d437bbb44f72b73ba127e06d8e79\"},\"breadcrumb\":{\"@id\":\"https:\\\/\\\/kibrisdakik.com\\\/?p=38166#breadcrumb\"},\"inLanguage\":\"tr\",\"potentialAction\":[{\"@type\":\"ReadAction\",\"target\":[\"https:\\\/\\\/kibrisdakik.com\\\/?p=38166\"]}]},{\"@type\":\"ImageObject\",\"inLanguage\":\"tr\",\"@id\":\"https:\\\/\\\/kibrisdakik.com\\\/?p=38166#primaryimage\",\"url\":\"https:\\\/\\\/kibrisdakik.com\\\/wp-content\\\/uploads\\\/2024\\\/04\\\/selanikde-yine-elis-ruzgari-esti-1712997112.webp.webp\",\"contentUrl\":\"https:\\\/\\\/kibrisdakik.com\\\/wp-content\\\/uploads\\\/2024\\\/04\\\/selanikde-yine-elis-ruzgari-esti-1712997112.webp.webp\",\"width\":710,\"height\":370},{\"@type\":\"BreadcrumbList\",\"@id\":\"https:\\\/\\\/kibrisdakik.com\\\/?p=38166#breadcrumb\",\"itemListElement\":[{\"@type\":\"ListItem\",\"position\":1,\"name\":\"Home\",\"item\":\"https:\\\/\\\/kibrisdakik.com\\\/\"},{\"@type\":\"ListItem\",\"position\":2,\"name\":\"SELAN\u0130K&#039;DE Y\u0130NE EL\u0130S R\u00dcZGARI EST\u0130&#8230;.\"}]},{\"@type\":\"WebSite\",\"@id\":\"https:\\\/\\\/kibrisdakik.com\\\/#website\",\"url\":\"https:\\\/\\\/kibrisdakik.com\\\/\",\"name\":\"\",\"description\":\"Tam vaktinde haber\",\"potentialAction\":[{\"@type\":\"SearchAction\",\"target\":{\"@type\":\"EntryPoint\",\"urlTemplate\":\"https:\\\/\\\/kibrisdakik.com\\\/?s={search_term_string}\"},\"query-input\":{\"@type\":\"PropertyValueSpecification\",\"valueRequired\":true,\"valueName\":\"search_term_string\"}}],\"inLanguage\":\"tr\"},{\"@type\":\"Person\",\"@id\":\"https:\\\/\\\/kibrisdakik.com\\\/#\\\/schema\\\/person\\\/9cd9d437bbb44f72b73ba127e06d8e79\",\"name\":\"admin\",\"image\":{\"@type\":\"ImageObject\",\"inLanguage\":\"tr\",\"@id\":\"https:\\\/\\\/secure.gravatar.com\\\/avatar\\\/ccc17943b9d660506c869530f897617f7cb1c21a4bf30023f252596d83e1f007?s=96&d=mm&r=g\",\"url\":\"https:\\\/\\\/secure.gravatar.com\\\/avatar\\\/ccc17943b9d660506c869530f897617f7cb1c21a4bf30023f252596d83e1f007?s=96&d=mm&r=g\",\"contentUrl\":\"https:\\\/\\\/secure.gravatar.com\\\/avatar\\\/ccc17943b9d660506c869530f897617f7cb1c21a4bf30023f252596d83e1f007?s=96&d=mm&r=g\",\"caption\":\"admin\"},\"sameAs\":[\"https:\\\/\\\/kibrisdakik.com\"],\"url\":\"https:\\\/\\\/kibrisdakik.com\\\/?author=1\"}]}<\/script>\n<!-- \/ Yoast SEO plugin. -->","yoast_head_json":{"title":"SELAN\u0130K&#039;DE Y\u0130NE EL\u0130S R\u00dcZGARI EST\u0130.... -","robots":{"index":"index","follow":"follow","max-snippet":"max-snippet:-1","max-image-preview":"max-image-preview:large","max-video-preview":"max-video-preview:-1"},"canonical":"https:\/\/kibrisdakik.com\/?p=38166","og_locale":"tr_TR","og_type":"article","og_title":"SELAN\u0130K&#039;DE Y\u0130NE EL\u0130S R\u00dcZGARI EST\u0130.... -","og_description":"\u00dclkemizin latin danstaki b\u00fcy\u00fck yetene\u011fi A Kare Dans ve Spor Okulu sporcusu, Elis Sermaye, Y\u00fcnanistan Selanik&#8217;de her y\u0131l geleneksel olarak d\u00fczenlenen, ve yakla\u015f\u0131k 25 \u00fclkeden, y\u00fczlerce yar\u0131\u015fmac\u0131n\u0131n bir\u00e7ok de\u011fi\u015fik katagoriler i\u00e7in kat\u0131ld\u0131\u011f\u0131, Thesselenaki Dance Fest\u0131val organizasyonunda, Elis kendi ya\u015f katagorisi \u00fczerinde 16 &#8211; 18 ya\u015f Bachata&#8217;da \u015fampiyon olurken, 13 &#8211; 15 ya\u015f iki katagoride de","og_url":"https:\/\/kibrisdakik.com\/?p=38166","article_published_time":"2024-04-13T18:35:51+00:00","og_image":[{"width":710,"height":370,"url":"https:\/\/kibrisdakik.com\/wp-content\/uploads\/2024\/04\/selanikde-yine-elis-ruzgari-esti-1712997112.webp.webp","type":"image\/webp"}],"author":"admin","twitter_card":"summary_large_image","twitter_misc":{"Yazan:":"admin","Tahmini okuma s\u00fcresi":"1 dakika"},"schema":{"@context":"https:\/\/schema.org","@graph":[{"@type":"Article","@id":"https:\/\/kibrisdakik.com\/?p=38166#article","isPartOf":{"@id":"https:\/\/kibrisdakik.com\/?p=38166"},"author":{"name":"admin","@id":"https:\/\/kibrisdakik.com\/#\/schema\/person\/9cd9d437bbb44f72b73ba127e06d8e79"},"headline":"SELAN\u0130K&#039;DE Y\u0130NE EL\u0130S R\u00dcZGARI EST\u0130&#8230;.","datePublished":"2024-04-13T18:35:51+00:00","mainEntityOfPage":{"@id":"https:\/\/kibrisdakik.com\/?p=38166"},"wordCount":238,"commentCount":0,"image":{"@id":"https:\/\/kibrisdakik.com\/?p=38166#primaryimage"},"thumbnailUrl":"https:\/\/kibrisdakik.com\/wp-content\/uploads\/2024\/04\/selanikde-yine-elis-ruzgari-esti-1712997112.webp.webp","articleSection":["Ekonomi"],"inLanguage":"tr","potentialAction":[{"@type":"CommentAction","name":"Comment","target":["https:\/\/kibrisdakik.com\/?p=38166#respond"]}]},{"@type":"WebPage","@id":"https:\/\/kibrisdakik.com\/?p=38166","url":"https:\/\/kibrisdakik.com\/?p=38166","name":"SELAN\u0130K&#039;DE Y\u0130NE EL\u0130S R\u00dcZGARI EST\u0130.... -","isPartOf":{"@id":"https:\/\/kibrisdakik.com\/#website"},"primaryImageOfPage":{"@id":"https:\/\/kibrisdakik.com\/?p=38166#primaryimage"},"image":{"@id":"https:\/\/kibrisdakik.com\/?p=38166#primaryimage"},"thumbnailUrl":"https:\/\/kibrisdakik.com\/wp-content\/uploads\/2024\/04\/selanikde-yine-elis-ruzgari-esti-1712997112.webp.webp","datePublished":"2024-04-13T18:35:51+00:00","author":{"@id":"https:\/\/kibrisdakik.com\/#\/schema\/person\/9cd9d437bbb44f72b73ba127e06d8e79"},"breadcrumb":{"@id":"https:\/\/kibrisdakik.com\/?p=38166#breadcrumb"},"inLanguage":"tr","potentialAction":[{"@type":"ReadAction","target":["https:\/\/kibrisdakik.com\/?p=38166"]}]},{"@type":"ImageObject","inLanguage":"tr","@id":"https:\/\/kibrisdakik.com\/?p=38166#primaryimage","url":"https:\/\/kibrisdakik.com\/wp-content\/uploads\/2024\/04\/selanikde-yine-elis-ruzgari-esti-1712997112.webp.webp","contentUrl":"https:\/\/kibrisdakik.com\/wp-content\/uploads\/2024\/04\/selanikde-yine-elis-ruzgari-esti-1712997112.webp.webp","width":710,"height":370},{"@type":"BreadcrumbList","@id":"https:\/\/kibrisdakik.com\/?p=38166#breadcrumb","itemListElement":[{"@type":"ListItem","position":1,"name":"Home","item":"https:\/\/kibrisdakik.com\/"},{"@type":"ListItem","position":2,"name":"SELAN\u0130K&#039;DE Y\u0130NE EL\u0130S R\u00dcZGARI EST\u0130&#8230;."}]},{"@type":"WebSite","@id":"https:\/\/kibrisdakik.com\/#website","url":"https:\/\/kibrisdakik.com\/","name":"","description":"Tam vaktinde haber","potentialAction":[{"@type":"SearchAction","target":{"@type":"EntryPoint","urlTemplate":"https:\/\/kibrisdakik.com\/?s={search_term_string}"},"query-input":{"@type":"PropertyValueSpecification","valueRequired":true,"valueName":"search_term_string"}}],"inLanguage":"tr"},{"@type":"Person","@id":"https:\/\/kibrisdakik.com\/#\/schema\/person\/9cd9d437bbb44f72b73ba127e06d8e79","name":"admin","image":{"@type":"ImageObject","inLanguage":"tr","@id":"https:\/\/secure.gravatar.com\/avatar\/ccc17943b9d660506c869530f897617f7cb1c21a4bf30023f252596d83e1f007?s=96&d=mm&r=g","url":"https:\/\/secure.gravatar.com\/avatar\/ccc17943b9d660506c869530f897617f7cb1c21a4bf30023f252596d83e1f007?s=96&d=mm&r=g","contentUrl":"https:\/\/secure.gravatar.com\/avatar\/ccc17943b9d660506c869530f897617f7cb1c21a4bf30023f252596d83e1f007?s=96&d=mm&r=g","caption":"admin"},"sameAs":["https:\/\/kibrisdakik.com"],"url":"https:\/\/kibrisdakik.com\/?author=1"}]}},"_links":{"self":[{"href":"https:\/\/kibrisdakik.com\/index.php?rest_route=\/wp\/v2\/posts\/38166","targetHints":{"allow":["GET"]}}],"collection":[{"href":"https:\/\/kibrisdakik.com\/index.php?rest_route=\/wp\/v2\/posts"}],"about":[{"href":"https:\/\/kibrisdakik.com\/index.php?rest_route=\/wp\/v2\/types\/post"}],"author":[{"embeddable":true,"href":"https:\/\/kibrisdakik.com\/index.php?rest_route=\/wp\/v2\/users\/1"}],"replies":[{"embeddable":true,"href":"https:\/\/kibrisdakik.com\/index.php?rest_route=%2Fwp%2Fv2%2Fcomments&post=38166"}],"version-history":[{"count":0,"href":"https:\/\/kibrisdakik.com\/index.php?rest_route=\/wp\/v2\/posts\/38166\/revisions"}],"wp:featuredmedia":[{"embeddable":true,"href":"https:\/\/kibrisdakik.com\/index.php?rest_route=\/wp\/v2\/media\/38167"}],"wp:attachment":[{"href":"https:\/\/kibrisdakik.com\/index.php?rest_route=%2Fwp%2Fv2%2Fmedia&parent=38166"}],"wp:term":[{"taxonomy":"category","embeddable":true,"href":"https:\/\/kibrisdakik.com\/index.php?rest_route=%2Fwp%2Fv2%2Fcategories&post=38166"},{"taxonomy":"post_tag","embeddable":true,"href":"https:\/\/kibrisdakik.com\/index.php?rest_route=%2Fwp%2Fv2%2Ftags&post=38166"}],"curies":[{"name":"wp","href":"https:\/\/api.w.org\/{rel}","templated":true}]}}