{"id":38184,"date":"2024-04-13T22:24:57","date_gmt":"2024-04-13T22:24:57","guid":{"rendered":"https:\/\/kibrisdakik.com\/index.php\/2024\/04\/13\/atalarimizin-bizlere-en-buyuk-mirasi-olan-kibris-vakiflar-idaresini-korumak-ve-yasatmak-en-buyuk-gorevlerimizden-biridir\/"},"modified":"2024-04-13T22:24:57","modified_gmt":"2024-04-13T22:24:57","slug":"atalarimizin-bizlere-en-buyuk-mirasi-olan-kibris-vakiflar-idaresini-korumak-ve-yasatmak-en-buyuk-gorevlerimizden-biridir","status":"publish","type":"post","link":"https:\/\/kibrisdakik.com\/?p=38184","title":{"rendered":"\u201cAtalar\u0131m\u0131z\u0131n bizlere en b\u00fcy\u00fck miras\u0131 olan K\u0131br\u0131s Vak\u0131flar \u0130daresi\u2019ni korumak ve ya\u015fatmak en b\u00fcy\u00fck g\u00f6revlerimizden biridir\u201d"},"content":{"rendered":"<p><\/p>\n<div>\n<div class=\"mariselle-image-container center\">\n                <img loading=\"lazy\" decoding=\"async\" width=\"1600\" height=\"1066\" class=\"lazy-image\" alt=\"\" sizes=\"auto, (max-width: 1600px) 100vw, 1600px\" src=\"https:\/\/brtk.net\/wp-content\/uploads\/2024\/04\/05\/cb-tatar8.jpg?ver=88765ef07ef5132cebc699d31d2ee127\" srcset=\"https:\/\/brtk.net\/wp-content\/uploads\/2024\/04\/05\/cb-tatar8.jpg?ver=88765ef07ef5132cebc699d31d2ee127 1600w, https:\/\/brtk.net\/wp-content\/uploads\/2024\/04\/05\/cb-tatar8-300x200.jpg?ver=73004c9442a25a2408d0495436fe91cb 300w, https:\/\/brtk.net\/wp-content\/uploads\/2024\/04\/05\/cb-tatar8-1024x682.jpg?ver=73004c9442a25a2408d0495436fe91cb 1024w, https:\/\/brtk.net\/wp-content\/uploads\/2024\/04\/05\/cb-tatar8-768x512.jpg?ver=73004c9442a25a2408d0495436fe91cb 768w, https:\/\/brtk.net\/wp-content\/uploads\/2024\/04\/05\/cb-tatar8-1536x1023.jpg?ver=eb448deaac5bb7580043cd76210b2566 1536w\"\/>                            <\/div>\n<p>Cumhurba\u015fkan\u0131 <a href=\"https:\/\/brtk.net\/\" target=\"_blank\" rel=\"noopener\">Ersin <\/a><a href=\"https:\/\/brtk.net\/\">Tatar<\/a>, K\u0131br\u0131s Vak\u0131flar \u0130daresi\u2019nin 453. kurulu\u015f y\u0131ld\u00f6n\u00fcm\u00fc ve K\u0131br\u0131s T\u00fcrk halk\u0131na devredili\u015finin 68. y\u0131ld\u00f6n\u00fcm\u00fc dolay\u0131s\u0131yla a\u00e7\u0131klama yapt\u0131. <\/p>\n<p>\u201cAtalar\u0131m\u0131z\u0131n bizlere en b\u00fcy\u00fck miras\u0131 olan K\u0131br\u0131s Vak\u0131flar \u0130daresi\u2019ni korumak ve ya\u015fatmak en b\u00fcy\u00fck g\u00f6revlerimizden biridir,\u201d diyen Cumhurba\u015fkan\u0131 <a href=\"https:\/\/brtk.net\/\">Tatar<\/a>, mesaj\u0131nda \u015fu ifadelere yer verdi:<\/p>\n<p> \u201cK\u0131br\u0131s\u2019ta T\u00fcrk varl\u0131\u011f\u0131n\u0131n  teminat\u0131 ve en \u00f6nemli simgelerinden biri olan  K\u0131br\u0131s Vak\u0131flar \u0130daresi\u2019nin 453. kurulu\u015f y\u0131ld\u00f6n\u00fcm\u00fcne ula\u015fm\u0131\u015f bulunuyoruz. K\u0131br\u0131s\u2019\u0131n 1571 y\u0131l\u0131nda fethinden hemen sonra kurulmu\u015f olan K\u0131br\u0131s Vak\u0131flar \u0130daresi ile K\u0131br\u0131s\u2019a T\u00fcrkl\u00fck m\u00fchr\u00fc vurulurken, halk\u0131m\u0131z\u0131n sosyal ve ekonomik alanlarda kalk\u0131nmas\u0131 ile iyilik, yard\u0131mla\u015fma ve dayan\u0131\u015fman\u0131n geli\u015fip, k\u00f6kle\u015fmesinin de ilk ad\u0131mlar\u0131 at\u0131lm\u0131\u015ft\u0131r. <\/p>\n<p>Atalar\u0131m\u0131z mallar\u0131n\u0131 vakfederken, K\u0131br\u0131s Vak\u0131flar \u0130daresi, daha da g\u00fc\u00e7lenerek bug\u00fcnlere ula\u015fm\u0131\u015ft\u0131r.<\/p>\n<p>\u0130ngiliz S\u00f6m\u00fcrge Y\u00f6netimi\u2019nin 1878 y\u0131l\u0131nda ba\u015flamas\u0131 ile birlikte K\u0131br\u0131s Vak\u0131flar \u0130daresi\u2019nin en de\u011ferli m\u00fclkleri  haks\u0131z ve yasa d\u0131\u015f\u0131 \u015fekilde Rumlara devredilirken, 1914 y\u0131l\u0131nda da K\u0131br\u0131s Vak\u0131flar \u0130daresi\u2019nin y\u00f6netimine el konuldu. <\/p>\n<p>\u00d6zg\u00fcrl\u00fck ve ba\u011f\u0131ms\u0131zl\u0131k liderlerimizden Dr. Faz\u0131l K\u00fc\u00e7\u00fck\u2019\u00fcn \u00f6nderli\u011finde ba\u015flat\u0131lan ve y\u0131llarca devam eden m\u00fccadele sonras\u0131nda K\u0131br\u0131s Vak\u0131flar \u0130daresi 15 Nisan 1956 tarihinde K\u0131br\u0131s T\u00fcrk halk\u0131na devredildi. <\/p>\n<p>Bug\u00fcn de bu b\u00fcy\u00fck zaferin  68. y\u0131ld\u00f6n\u00fcm\u00fcn\u00fc kutluyoruz.<\/p>\n<p>Atalar\u0131m\u0131z\u0131n bizlere en b\u00fcy\u00fck miras\u0131 olan K\u0131br\u0131s Vak\u0131flar \u0130daresi\u2019ni korumak ve ya\u015fatmak en b\u00fcy\u00fck g\u00f6revlerimizden biridir. Bu konuda da hassasiyetimi bir kez daha belirtmek istiyorum.<\/p>\n<p>K\u0131br\u0131s\u2019ta T\u00fcrk varl\u0131\u011f\u0131n\u0131n en \u00f6nemli kurumlar\u0131ndan olan K\u0131br\u0131s Vak\u0131flar \u0130daresi\u2019nin 453. ve K\u0131br\u0131s Vak\u0131flar \u0130daresi\u2019nin, K\u0131br\u0131s T\u00fcrk halk\u0131na devredili\u015finin 68. y\u0131ld\u00f6n\u00fcm\u00fcn\u00fc kutlarken, kurulu\u015funda ve halk\u0131m\u0131za devredilmesinde fedakarl\u0131klar\u0131 ve hizmetleri bulunanlar\u0131 sayg\u0131 ve rahmetle an\u0131yorum.\u201d<\/p>\n<\/p><\/div>\n<p><script async\n                    defer\n                    crossorigin=\"anonymous\"\n                    src=\"https:\/\/connect.facebook.net\/tr_TR\/sdk.js#xfbml=1&#038;version=v3.3\"\n            ><\/script><\/p>\n","protected":false},"excerpt":{"rendered":"<p>Cumhurba\u015fkan\u0131 Ersin Tatar, K\u0131br\u0131s Vak\u0131flar \u0130daresi\u2019nin 453. kurulu\u015f y\u0131ld\u00f6n\u00fcm\u00fc ve K\u0131br\u0131s T\u00fcrk halk\u0131na devredili\u015finin 68. y\u0131ld\u00f6n\u00fcm\u00fc dolay\u0131s\u0131yla a\u00e7\u0131klama yapt\u0131. \u201cAtalar\u0131m\u0131z\u0131n bizlere en b\u00fcy\u00fck miras\u0131 olan K\u0131br\u0131s Vak\u0131flar \u0130daresi\u2019ni korumak ve ya\u015fatmak en b\u00fcy\u00fck g\u00f6revlerimizden biridir,\u201d diyen Cumhurba\u015fkan\u0131 Tatar, mesaj\u0131nda \u015fu ifadelere yer verdi: \u201cK\u0131br\u0131s\u2019ta T\u00fcrk varl\u0131\u011f\u0131n\u0131n teminat\u0131 ve en \u00f6nemli simgelerinden biri olan K\u0131br\u0131s Vak\u0131flar<\/p>\n","protected":false},"author":1,"featured_media":38185,"comment_status":"open","ping_status":"open","sticky":false,"template":"","format":"standard","meta":{"footnotes":""},"categories":[1],"tags":[],"class_list":["post-38184","post","type-post","status-publish","format-standard","has-post-thumbnail","hentry","category-gundem"],"yoast_head":"<!-- This site is optimized with the Yoast SEO plugin v27.4 - https:\/\/yoast.com\/product\/yoast-seo-wordpress\/ -->\n<title>\u201cAtalar\u0131m\u0131z\u0131n bizlere en b\u00fcy\u00fck miras\u0131 olan K\u0131br\u0131s Vak\u0131flar \u0130daresi\u2019ni korumak ve ya\u015fatmak en b\u00fcy\u00fck g\u00f6revlerimizden biridir\u201d -<\/title>\n<meta name=\"robots\" content=\"index, follow, max-snippet:-1, max-image-preview:large, max-video-preview:-1\" \/>\n<link rel=\"canonical\" href=\"https:\/\/kibrisdakik.com\/?p=38184\" \/>\n<meta property=\"og:locale\" content=\"tr_TR\" \/>\n<meta property=\"og:type\" content=\"article\" \/>\n<meta property=\"og:title\" content=\"\u201cAtalar\u0131m\u0131z\u0131n bizlere en b\u00fcy\u00fck miras\u0131 olan K\u0131br\u0131s Vak\u0131flar \u0130daresi\u2019ni korumak ve ya\u015fatmak en b\u00fcy\u00fck g\u00f6revlerimizden biridir\u201d -\" \/>\n<meta property=\"og:description\" content=\"Cumhurba\u015fkan\u0131 Ersin Tatar, K\u0131br\u0131s Vak\u0131flar \u0130daresi\u2019nin 453. kurulu\u015f y\u0131ld\u00f6n\u00fcm\u00fc ve K\u0131br\u0131s T\u00fcrk halk\u0131na devredili\u015finin 68. y\u0131ld\u00f6n\u00fcm\u00fc dolay\u0131s\u0131yla a\u00e7\u0131klama yapt\u0131. \u201cAtalar\u0131m\u0131z\u0131n bizlere en b\u00fcy\u00fck miras\u0131 olan K\u0131br\u0131s Vak\u0131flar \u0130daresi\u2019ni korumak ve ya\u015fatmak en b\u00fcy\u00fck g\u00f6revlerimizden biridir,\u201d diyen Cumhurba\u015fkan\u0131 Tatar, mesaj\u0131nda \u015fu ifadelere yer verdi: \u201cK\u0131br\u0131s\u2019ta T\u00fcrk varl\u0131\u011f\u0131n\u0131n teminat\u0131 ve en \u00f6nemli simgelerinden biri olan K\u0131br\u0131s Vak\u0131flar\" \/>\n<meta property=\"og:url\" content=\"https:\/\/kibrisdakik.com\/?p=38184\" \/>\n<meta property=\"article:published_time\" content=\"2024-04-13T22:24:57+00:00\" \/>\n<meta property=\"og:image\" content=\"https:\/\/kibrisdakik.com\/wp-content\/uploads\/2024\/04\/tatar-yanit1-740x400.jpg\" \/>\n\t<meta property=\"og:image:width\" content=\"805\" \/>\n\t<meta property=\"og:image:height\" content=\"400\" \/>\n\t<meta property=\"og:image:type\" content=\"image\/jpeg\" \/>\n<meta name=\"author\" content=\"admin\" \/>\n<meta name=\"twitter:card\" content=\"summary_large_image\" \/>\n<meta name=\"twitter:label1\" content=\"Yazan:\" \/>\n\t<meta name=\"twitter:data1\" content=\"admin\" \/>\n\t<meta name=\"twitter:label2\" content=\"Tahmini okuma s\u00fcresi\" \/>\n\t<meta name=\"twitter:data2\" content=\"2 dakika\" \/>\n<script type=\"application\/ld+json\" class=\"yoast-schema-graph\">{\"@context\":\"https:\\\/\\\/schema.org\",\"@graph\":[{\"@type\":\"Article\",\"@id\":\"https:\\\/\\\/kibrisdakik.com\\\/?p=38184#article\",\"isPartOf\":{\"@id\":\"https:\\\/\\\/kibrisdakik.com\\\/?p=38184\"},\"author\":{\"name\":\"admin\",\"@id\":\"https:\\\/\\\/kibrisdakik.com\\\/#\\\/schema\\\/person\\\/9cd9d437bbb44f72b73ba127e06d8e79\"},\"headline\":\"\u201cAtalar\u0131m\u0131z\u0131n bizlere en b\u00fcy\u00fck miras\u0131 olan K\u0131br\u0131s Vak\u0131flar \u0130daresi\u2019ni korumak ve ya\u015fatmak en b\u00fcy\u00fck g\u00f6revlerimizden biridir\u201d\",\"datePublished\":\"2024-04-13T22:24:57+00:00\",\"mainEntityOfPage\":{\"@id\":\"https:\\\/\\\/kibrisdakik.com\\\/?p=38184\"},\"wordCount\":426,\"commentCount\":0,\"image\":{\"@id\":\"https:\\\/\\\/kibrisdakik.com\\\/?p=38184#primaryimage\"},\"thumbnailUrl\":\"https:\\\/\\\/kibrisdakik.com\\\/wp-content\\\/uploads\\\/2024\\\/04\\\/tatar-yanit1-740x400.jpg\",\"articleSection\":[\"G\u00fcndem\"],\"inLanguage\":\"tr\",\"potentialAction\":[{\"@type\":\"CommentAction\",\"name\":\"Comment\",\"target\":[\"https:\\\/\\\/kibrisdakik.com\\\/?p=38184#respond\"]}]},{\"@type\":\"WebPage\",\"@id\":\"https:\\\/\\\/kibrisdakik.com\\\/?p=38184\",\"url\":\"https:\\\/\\\/kibrisdakik.com\\\/?p=38184\",\"name\":\"\u201cAtalar\u0131m\u0131z\u0131n bizlere en b\u00fcy\u00fck miras\u0131 olan K\u0131br\u0131s Vak\u0131flar \u0130daresi\u2019ni korumak ve ya\u015fatmak en b\u00fcy\u00fck g\u00f6revlerimizden biridir\u201d -\",\"isPartOf\":{\"@id\":\"https:\\\/\\\/kibrisdakik.com\\\/#website\"},\"primaryImageOfPage\":{\"@id\":\"https:\\\/\\\/kibrisdakik.com\\\/?p=38184#primaryimage\"},\"image\":{\"@id\":\"https:\\\/\\\/kibrisdakik.com\\\/?p=38184#primaryimage\"},\"thumbnailUrl\":\"https:\\\/\\\/kibrisdakik.com\\\/wp-content\\\/uploads\\\/2024\\\/04\\\/tatar-yanit1-740x400.jpg\",\"datePublished\":\"2024-04-13T22:24:57+00:00\",\"author\":{\"@id\":\"https:\\\/\\\/kibrisdakik.com\\\/#\\\/schema\\\/person\\\/9cd9d437bbb44f72b73ba127e06d8e79\"},\"breadcrumb\":{\"@id\":\"https:\\\/\\\/kibrisdakik.com\\\/?p=38184#breadcrumb\"},\"inLanguage\":\"tr\",\"potentialAction\":[{\"@type\":\"ReadAction\",\"target\":[\"https:\\\/\\\/kibrisdakik.com\\\/?p=38184\"]}]},{\"@type\":\"ImageObject\",\"inLanguage\":\"tr\",\"@id\":\"https:\\\/\\\/kibrisdakik.com\\\/?p=38184#primaryimage\",\"url\":\"https:\\\/\\\/kibrisdakik.com\\\/wp-content\\\/uploads\\\/2024\\\/04\\\/tatar-yanit1-740x400.jpg\",\"contentUrl\":\"https:\\\/\\\/kibrisdakik.com\\\/wp-content\\\/uploads\\\/2024\\\/04\\\/tatar-yanit1-740x400.jpg\",\"width\":805,\"height\":400},{\"@type\":\"BreadcrumbList\",\"@id\":\"https:\\\/\\\/kibrisdakik.com\\\/?p=38184#breadcrumb\",\"itemListElement\":[{\"@type\":\"ListItem\",\"position\":1,\"name\":\"Home\",\"item\":\"https:\\\/\\\/kibrisdakik.com\\\/\"},{\"@type\":\"ListItem\",\"position\":2,\"name\":\"\u201cAtalar\u0131m\u0131z\u0131n bizlere en b\u00fcy\u00fck miras\u0131 olan K\u0131br\u0131s Vak\u0131flar \u0130daresi\u2019ni korumak ve ya\u015fatmak en b\u00fcy\u00fck g\u00f6revlerimizden biridir\u201d\"}]},{\"@type\":\"WebSite\",\"@id\":\"https:\\\/\\\/kibrisdakik.com\\\/#website\",\"url\":\"https:\\\/\\\/kibrisdakik.com\\\/\",\"name\":\"\",\"description\":\"Tam vaktinde haber\",\"potentialAction\":[{\"@type\":\"SearchAction\",\"target\":{\"@type\":\"EntryPoint\",\"urlTemplate\":\"https:\\\/\\\/kibrisdakik.com\\\/?s={search_term_string}\"},\"query-input\":{\"@type\":\"PropertyValueSpecification\",\"valueRequired\":true,\"valueName\":\"search_term_string\"}}],\"inLanguage\":\"tr\"},{\"@type\":\"Person\",\"@id\":\"https:\\\/\\\/kibrisdakik.com\\\/#\\\/schema\\\/person\\\/9cd9d437bbb44f72b73ba127e06d8e79\",\"name\":\"admin\",\"image\":{\"@type\":\"ImageObject\",\"inLanguage\":\"tr\",\"@id\":\"https:\\\/\\\/secure.gravatar.com\\\/avatar\\\/ccc17943b9d660506c869530f897617f7cb1c21a4bf30023f252596d83e1f007?s=96&d=mm&r=g\",\"url\":\"https:\\\/\\\/secure.gravatar.com\\\/avatar\\\/ccc17943b9d660506c869530f897617f7cb1c21a4bf30023f252596d83e1f007?s=96&d=mm&r=g\",\"contentUrl\":\"https:\\\/\\\/secure.gravatar.com\\\/avatar\\\/ccc17943b9d660506c869530f897617f7cb1c21a4bf30023f252596d83e1f007?s=96&d=mm&r=g\",\"caption\":\"admin\"},\"sameAs\":[\"https:\\\/\\\/kibrisdakik.com\"],\"url\":\"https:\\\/\\\/kibrisdakik.com\\\/?author=1\"}]}<\/script>\n<!-- \/ Yoast SEO plugin. -->","yoast_head_json":{"title":"\u201cAtalar\u0131m\u0131z\u0131n bizlere en b\u00fcy\u00fck miras\u0131 olan K\u0131br\u0131s Vak\u0131flar \u0130daresi\u2019ni korumak ve ya\u015fatmak en b\u00fcy\u00fck g\u00f6revlerimizden biridir\u201d -","robots":{"index":"index","follow":"follow","max-snippet":"max-snippet:-1","max-image-preview":"max-image-preview:large","max-video-preview":"max-video-preview:-1"},"canonical":"https:\/\/kibrisdakik.com\/?p=38184","og_locale":"tr_TR","og_type":"article","og_title":"\u201cAtalar\u0131m\u0131z\u0131n bizlere en b\u00fcy\u00fck miras\u0131 olan K\u0131br\u0131s Vak\u0131flar \u0130daresi\u2019ni korumak ve ya\u015fatmak en b\u00fcy\u00fck g\u00f6revlerimizden biridir\u201d -","og_description":"Cumhurba\u015fkan\u0131 Ersin Tatar, K\u0131br\u0131s Vak\u0131flar \u0130daresi\u2019nin 453. kurulu\u015f y\u0131ld\u00f6n\u00fcm\u00fc ve K\u0131br\u0131s T\u00fcrk halk\u0131na devredili\u015finin 68. y\u0131ld\u00f6n\u00fcm\u00fc dolay\u0131s\u0131yla a\u00e7\u0131klama yapt\u0131. \u201cAtalar\u0131m\u0131z\u0131n bizlere en b\u00fcy\u00fck miras\u0131 olan K\u0131br\u0131s Vak\u0131flar \u0130daresi\u2019ni korumak ve ya\u015fatmak en b\u00fcy\u00fck g\u00f6revlerimizden biridir,\u201d diyen Cumhurba\u015fkan\u0131 Tatar, mesaj\u0131nda \u015fu ifadelere yer verdi: \u201cK\u0131br\u0131s\u2019ta T\u00fcrk varl\u0131\u011f\u0131n\u0131n teminat\u0131 ve en \u00f6nemli simgelerinden biri olan K\u0131br\u0131s Vak\u0131flar","og_url":"https:\/\/kibrisdakik.com\/?p=38184","article_published_time":"2024-04-13T22:24:57+00:00","og_image":[{"width":805,"height":400,"url":"https:\/\/kibrisdakik.com\/wp-content\/uploads\/2024\/04\/tatar-yanit1-740x400.jpg","type":"image\/jpeg"}],"author":"admin","twitter_card":"summary_large_image","twitter_misc":{"Yazan:":"admin","Tahmini okuma s\u00fcresi":"2 dakika"},"schema":{"@context":"https:\/\/schema.org","@graph":[{"@type":"Article","@id":"https:\/\/kibrisdakik.com\/?p=38184#article","isPartOf":{"@id":"https:\/\/kibrisdakik.com\/?p=38184"},"author":{"name":"admin","@id":"https:\/\/kibrisdakik.com\/#\/schema\/person\/9cd9d437bbb44f72b73ba127e06d8e79"},"headline":"\u201cAtalar\u0131m\u0131z\u0131n bizlere en b\u00fcy\u00fck miras\u0131 olan K\u0131br\u0131s Vak\u0131flar \u0130daresi\u2019ni korumak ve ya\u015fatmak en b\u00fcy\u00fck g\u00f6revlerimizden biridir\u201d","datePublished":"2024-04-13T22:24:57+00:00","mainEntityOfPage":{"@id":"https:\/\/kibrisdakik.com\/?p=38184"},"wordCount":426,"commentCount":0,"image":{"@id":"https:\/\/kibrisdakik.com\/?p=38184#primaryimage"},"thumbnailUrl":"https:\/\/kibrisdakik.com\/wp-content\/uploads\/2024\/04\/tatar-yanit1-740x400.jpg","articleSection":["G\u00fcndem"],"inLanguage":"tr","potentialAction":[{"@type":"CommentAction","name":"Comment","target":["https:\/\/kibrisdakik.com\/?p=38184#respond"]}]},{"@type":"WebPage","@id":"https:\/\/kibrisdakik.com\/?p=38184","url":"https:\/\/kibrisdakik.com\/?p=38184","name":"\u201cAtalar\u0131m\u0131z\u0131n bizlere en b\u00fcy\u00fck miras\u0131 olan K\u0131br\u0131s Vak\u0131flar \u0130daresi\u2019ni korumak ve ya\u015fatmak en b\u00fcy\u00fck g\u00f6revlerimizden biridir\u201d -","isPartOf":{"@id":"https:\/\/kibrisdakik.com\/#website"},"primaryImageOfPage":{"@id":"https:\/\/kibrisdakik.com\/?p=38184#primaryimage"},"image":{"@id":"https:\/\/kibrisdakik.com\/?p=38184#primaryimage"},"thumbnailUrl":"https:\/\/kibrisdakik.com\/wp-content\/uploads\/2024\/04\/tatar-yanit1-740x400.jpg","datePublished":"2024-04-13T22:24:57+00:00","author":{"@id":"https:\/\/kibrisdakik.com\/#\/schema\/person\/9cd9d437bbb44f72b73ba127e06d8e79"},"breadcrumb":{"@id":"https:\/\/kibrisdakik.com\/?p=38184#breadcrumb"},"inLanguage":"tr","potentialAction":[{"@type":"ReadAction","target":["https:\/\/kibrisdakik.com\/?p=38184"]}]},{"@type":"ImageObject","inLanguage":"tr","@id":"https:\/\/kibrisdakik.com\/?p=38184#primaryimage","url":"https:\/\/kibrisdakik.com\/wp-content\/uploads\/2024\/04\/tatar-yanit1-740x400.jpg","contentUrl":"https:\/\/kibrisdakik.com\/wp-content\/uploads\/2024\/04\/tatar-yanit1-740x400.jpg","width":805,"height":400},{"@type":"BreadcrumbList","@id":"https:\/\/kibrisdakik.com\/?p=38184#breadcrumb","itemListElement":[{"@type":"ListItem","position":1,"name":"Home","item":"https:\/\/kibrisdakik.com\/"},{"@type":"ListItem","position":2,"name":"\u201cAtalar\u0131m\u0131z\u0131n bizlere en b\u00fcy\u00fck miras\u0131 olan K\u0131br\u0131s Vak\u0131flar \u0130daresi\u2019ni korumak ve ya\u015fatmak en b\u00fcy\u00fck g\u00f6revlerimizden biridir\u201d"}]},{"@type":"WebSite","@id":"https:\/\/kibrisdakik.com\/#website","url":"https:\/\/kibrisdakik.com\/","name":"","description":"Tam vaktinde haber","potentialAction":[{"@type":"SearchAction","target":{"@type":"EntryPoint","urlTemplate":"https:\/\/kibrisdakik.com\/?s={search_term_string}"},"query-input":{"@type":"PropertyValueSpecification","valueRequired":true,"valueName":"search_term_string"}}],"inLanguage":"tr"},{"@type":"Person","@id":"https:\/\/kibrisdakik.com\/#\/schema\/person\/9cd9d437bbb44f72b73ba127e06d8e79","name":"admin","image":{"@type":"ImageObject","inLanguage":"tr","@id":"https:\/\/secure.gravatar.com\/avatar\/ccc17943b9d660506c869530f897617f7cb1c21a4bf30023f252596d83e1f007?s=96&d=mm&r=g","url":"https:\/\/secure.gravatar.com\/avatar\/ccc17943b9d660506c869530f897617f7cb1c21a4bf30023f252596d83e1f007?s=96&d=mm&r=g","contentUrl":"https:\/\/secure.gravatar.com\/avatar\/ccc17943b9d660506c869530f897617f7cb1c21a4bf30023f252596d83e1f007?s=96&d=mm&r=g","caption":"admin"},"sameAs":["https:\/\/kibrisdakik.com"],"url":"https:\/\/kibrisdakik.com\/?author=1"}]}},"_links":{"self":[{"href":"https:\/\/kibrisdakik.com\/index.php?rest_route=\/wp\/v2\/posts\/38184","targetHints":{"allow":["GET"]}}],"collection":[{"href":"https:\/\/kibrisdakik.com\/index.php?rest_route=\/wp\/v2\/posts"}],"about":[{"href":"https:\/\/kibrisdakik.com\/index.php?rest_route=\/wp\/v2\/types\/post"}],"author":[{"embeddable":true,"href":"https:\/\/kibrisdakik.com\/index.php?rest_route=\/wp\/v2\/users\/1"}],"replies":[{"embeddable":true,"href":"https:\/\/kibrisdakik.com\/index.php?rest_route=%2Fwp%2Fv2%2Fcomments&post=38184"}],"version-history":[{"count":0,"href":"https:\/\/kibrisdakik.com\/index.php?rest_route=\/wp\/v2\/posts\/38184\/revisions"}],"wp:featuredmedia":[{"embeddable":true,"href":"https:\/\/kibrisdakik.com\/index.php?rest_route=\/wp\/v2\/media\/38185"}],"wp:attachment":[{"href":"https:\/\/kibrisdakik.com\/index.php?rest_route=%2Fwp%2Fv2%2Fmedia&parent=38184"}],"wp:term":[{"taxonomy":"category","embeddable":true,"href":"https:\/\/kibrisdakik.com\/index.php?rest_route=%2Fwp%2Fv2%2Fcategories&post=38184"},{"taxonomy":"post_tag","embeddable":true,"href":"https:\/\/kibrisdakik.com\/index.php?rest_route=%2Fwp%2Fv2%2Ftags&post=38184"}],"curies":[{"name":"wp","href":"https:\/\/api.w.org\/{rel}","templated":true}]}}