{"id":38236,"date":"2024-04-14T08:34:58","date_gmt":"2024-04-14T08:34:58","guid":{"rendered":"https:\/\/kibrisdakik.com\/index.php\/2024\/04\/14\/cumhurbaskani-tatar-bolgede-yasanan-gelismeleri-degerlendirmek-uzere-saat-17-00de-ust-duzey-toplantiya-baskanlik-edecek\/"},"modified":"2024-04-14T08:34:58","modified_gmt":"2024-04-14T08:34:58","slug":"cumhurbaskani-tatar-bolgede-yasanan-gelismeleri-degerlendirmek-uzere-saat-17-00de-ust-duzey-toplantiya-baskanlik-edecek","status":"publish","type":"post","link":"https:\/\/kibrisdakik.com\/?p=38236","title":{"rendered":"Cumhurba\u015fkan\u0131 Tatar, b\u00f6lgede ya\u015fanan geli\u015fmeleri de\u011ferlendirmek \u00fczere saat 17.00\u2019de \u00fcst d\u00fczey toplant\u0131ya ba\u015fkanl\u0131k edecek"},"content":{"rendered":"<p><\/p>\n<div>\n<div class=\"mariselle-image-container center\">\n                <img loading=\"lazy\" decoding=\"async\" width=\"1600\" height=\"1066\" class=\"lazy-image\" alt=\"\" sizes=\"auto, (max-width: 1600px) 100vw, 1600px\" src=\"https:\/\/brtk.net\/wp-content\/uploads\/2024\/04\/14\/cb-ersin-tatar4.jpeg?ver=22bc0d2f991f99c1df40ab33e25f2be3\" srcset=\"https:\/\/brtk.net\/wp-content\/uploads\/2024\/04\/14\/cb-ersin-tatar4.jpeg?ver=22bc0d2f991f99c1df40ab33e25f2be3 1600w, https:\/\/brtk.net\/wp-content\/uploads\/2024\/04\/14\/cb-ersin-tatar4-300x200.jpeg?ver=1e2139279cad46b3476bdaf8e25f2409 300w, https:\/\/brtk.net\/wp-content\/uploads\/2024\/04\/14\/cb-ersin-tatar4-1024x682.jpeg?ver=4465f14e507e8ab0ee7cfc13733a738e 1024w, https:\/\/brtk.net\/wp-content\/uploads\/2024\/04\/14\/cb-ersin-tatar4-768x512.jpeg?ver=4465f14e507e8ab0ee7cfc13733a738e 768w, https:\/\/brtk.net\/wp-content\/uploads\/2024\/04\/14\/cb-ersin-tatar4-1536x1023.jpeg?ver=4465f14e507e8ab0ee7cfc13733a738e 1536w\"\/>                            <\/div>\n<p>Cumhurba\u015fkan\u0131 <a href=\"https:\/\/brtk.net\/\" target=\"_blank\" rel=\"noopener\"><a href=\"https:\/\/brtk.net\/\" target=\"_blank\" rel=\"noopener\"><a href=\"https:\/\/brtk.net\/\" target=\"_blank\" rel=\"noopener\">Ersin <\/a><a href=\"https:\/\/brtk.net\/\"\/><a href=\"https:\/\/brtk.net\/\"\/><a href=\"https:\/\/brtk.net\/\"\/><a href=\"https:\/\/brtk.net\/\">Tatar<\/a>, b\u00f6lgede ya\u015fanan geli\u015fmeleri de\u011ferlendirmek \u00fczere bug\u00fcn 17.00\u2019de cumhurba\u015fkanl\u0131\u011f\u0131nda \u00fcst d\u00fczey toplant\u0131ya ba\u015fkanl\u0131k edecek.<\/p>\n<p>Cumhurba\u015fkan\u0131 <a href=\"https:\/\/brtk.net\/\" target=\"_blank\" rel=\"noopener\"><a href=\"https:\/\/brtk.net\/\" target=\"_blank\" rel=\"noopener\"><a href=\"https:\/\/brtk.net\/\" target=\"_blank\" rel=\"noopener\">Ersin <\/a><a href=\"https:\/\/brtk.net\/\"\/><a href=\"https:\/\/brtk.net\/\"\/><a href=\"https:\/\/brtk.net\/\"\/><a href=\"https:\/\/brtk.net\/\">Tatar<\/a>, d\u00fcn gece \u0130ran\u2019dan \u0130srail\u2019e y\u00f6nelik yap\u0131lan sald\u0131r\u0131lar\u0131 de\u011ferlendirdi.  <a href=\"https:\/\/brtk.net\/\"\/><a href=\"https:\/\/brtk.net\/\"\/><a href=\"https:\/\/brtk.net\/\"\/><a href=\"https:\/\/brtk.net\/\">Tatar<\/a>,  \u201cHalihaz\u0131rda insanl\u0131k trajedisi ya\u015fanan Gazze ba\u015fta olmak \u00fczere, olduk\u00e7a k\u0131r\u0131lgan bir yap\u0131ya sahip olan b\u00f6lgemizde en son isteyece\u011fimiz \u015fey yeni gerginlikler ve yeni bir sava\u015ft\u0131r\u201d dedi.<\/p>\n<p>\u201cD\u00fcn ak\u015fam ya\u015fananlar\u0131 yak\u0131ndan takip ettik\u201d diyen Cumhurba\u015fkan\u0131 <a href=\"https:\/\/brtk.net\/\"\/><a href=\"https:\/\/brtk.net\/\"\/><a href=\"https:\/\/brtk.net\/\"\/><a href=\"https:\/\/brtk.net\/\">Tatar<\/a>, K\u0131br\u0131s\u2019\u0131n t\u00fcm bu ya\u015fananlara \u00e7ok yak\u0131n bir merkezde bulundu\u011funa dikkat \u00e7ekti.<\/p>\n<p>Geli\u015fmeleri ilgili kurumlarla birlikte takip etmeye devam etti\u011fini kaydeden Cumhurba\u015fkan\u0131 <a href=\"https:\/\/brtk.net\/\" target=\"_blank\" rel=\"noopener\"><a href=\"https:\/\/brtk.net\/\" target=\"_blank\" rel=\"noopener\"><a href=\"https:\/\/brtk.net\/\" target=\"_blank\" rel=\"noopener\">Ersin <\/a><a href=\"https:\/\/brtk.net\/\"\/><a href=\"https:\/\/brtk.net\/\"\/><a href=\"https:\/\/brtk.net\/\"\/><a href=\"https:\/\/brtk.net\/\">Tatar<\/a>, \u201cBug\u00fcn \u00f6\u011fleden sonra da ilgili kurumlar\u0131m\u0131z\u0131n kat\u0131l\u0131m\u0131yla saat 17.00\u2019de \u00fcst d\u00fczey bir toplant\u0131 \u00e7a\u011f\u0131rd\u0131m. Geli\u015fmeleri, risk analizleriyle birlikte her boyutuyla ele al\u0131p yap\u0131lmas\u0131 gerekenleri de\u011ferlendirece\u011fiz\u201d ifadelerini kulland\u0131.<\/p>\n<p>\u0130srail, \u0130ran\u2019\u0131n \u015eam\u2019daki konsolosluk binas\u0131na 1 Nisan\u2019da hava sald\u0131r\u0131s\u0131 d\u00fczenlemi\u015fti. Sald\u0131r\u0131da, \u0130ran Devrim Muhaf\u0131zlar\u0131 Ordusundan 2\u2019si general r\u00fctbesinde toplam 7 ki\u015fi \u00f6lm\u00fc\u015ft\u00fc.<\/p>\n<p>\u0130ran, \u0130srail\u2019in konsolosluk sald\u0131r\u0131s\u0131n\u0131n \u00fclkesinin topraklar\u0131na sald\u0131r\u0131 anlam\u0131na geldi\u011fini ve misillemede bulunacaklar\u0131n\u0131 duyurmu\u015ftu. \u0130srail ise \u0130ran\u2019\u0131n sald\u0131r\u0131s\u0131na kar\u015f\u0131l\u0131k verece\u011fini bildirmi\u015fti.<\/p>\n<p>\u0130ran d\u00fcn \u0130srail\u2019e y\u00fczlerce kamikaze insans\u0131z hava arac\u0131, balistik ve seyir f\u00fczesiyle sald\u0131r\u0131 ba\u015flatm\u0131\u015ft\u0131.<\/p>\n<p>\u0130ran, baz\u0131 askeri hedeflerin vuruldu\u011funu, \u0130srail ise sald\u0131r\u0131lar\u0131n \u00e7o\u011funun hava savunma sistemlerince \u00f6nlendi\u011fini ancak g\u00fcneydeki bir askeri \u00fcsse f\u00fcze isabet etti\u011fini a\u00e7\u0131klam\u0131\u015ft\u0131.<\/p>\n<\/p><\/div>\n<p><script async\n                    defer\n                    crossorigin=\"anonymous\"\n                    src=\"https:\/\/connect.facebook.net\/tr_TR\/sdk.js#xfbml=1&#038;version=v3.3\"\n            ><\/script><\/p>\n","protected":false},"excerpt":{"rendered":"<p>Cumhurba\u015fkan\u0131 Ersin Tatar, b\u00f6lgede ya\u015fanan geli\u015fmeleri de\u011ferlendirmek \u00fczere bug\u00fcn 17.00\u2019de cumhurba\u015fkanl\u0131\u011f\u0131nda \u00fcst d\u00fczey toplant\u0131ya ba\u015fkanl\u0131k edecek. Cumhurba\u015fkan\u0131 Ersin Tatar, d\u00fcn gece \u0130ran\u2019dan \u0130srail\u2019e y\u00f6nelik yap\u0131lan sald\u0131r\u0131lar\u0131 de\u011ferlendirdi. Tatar, \u201cHalihaz\u0131rda insanl\u0131k trajedisi ya\u015fanan Gazze ba\u015fta olmak \u00fczere, olduk\u00e7a k\u0131r\u0131lgan bir yap\u0131ya sahip olan b\u00f6lgemizde en son isteyece\u011fimiz \u015fey yeni gerginlikler ve yeni bir sava\u015ft\u0131r\u201d dedi. \u201cD\u00fcn<\/p>\n","protected":false},"author":1,"featured_media":38237,"comment_status":"open","ping_status":"open","sticky":false,"template":"","format":"standard","meta":{"footnotes":""},"categories":[1],"tags":[],"class_list":["post-38236","post","type-post","status-publish","format-standard","has-post-thumbnail","hentry","category-gundem"],"yoast_head":"<!-- This site is optimized with the Yoast SEO plugin v27.4 - https:\/\/yoast.com\/product\/yoast-seo-wordpress\/ -->\n<title>Cumhurba\u015fkan\u0131 Tatar, b\u00f6lgede ya\u015fanan geli\u015fmeleri de\u011ferlendirmek \u00fczere saat 17.00\u2019de \u00fcst d\u00fczey toplant\u0131ya ba\u015fkanl\u0131k edecek -<\/title>\n<meta name=\"robots\" content=\"index, follow, max-snippet:-1, max-image-preview:large, max-video-preview:-1\" \/>\n<link rel=\"canonical\" href=\"https:\/\/kibrisdakik.com\/?p=38236\" \/>\n<meta property=\"og:locale\" content=\"tr_TR\" \/>\n<meta property=\"og:type\" content=\"article\" \/>\n<meta property=\"og:title\" content=\"Cumhurba\u015fkan\u0131 Tatar, b\u00f6lgede ya\u015fanan geli\u015fmeleri de\u011ferlendirmek \u00fczere saat 17.00\u2019de \u00fcst d\u00fczey toplant\u0131ya ba\u015fkanl\u0131k edecek -\" \/>\n<meta property=\"og:description\" content=\"Cumhurba\u015fkan\u0131 Ersin Tatar, b\u00f6lgede ya\u015fanan geli\u015fmeleri de\u011ferlendirmek \u00fczere bug\u00fcn 17.00\u2019de cumhurba\u015fkanl\u0131\u011f\u0131nda \u00fcst d\u00fczey toplant\u0131ya ba\u015fkanl\u0131k edecek. Cumhurba\u015fkan\u0131 Ersin Tatar, d\u00fcn gece \u0130ran\u2019dan \u0130srail\u2019e y\u00f6nelik yap\u0131lan sald\u0131r\u0131lar\u0131 de\u011ferlendirdi. Tatar, \u201cHalihaz\u0131rda insanl\u0131k trajedisi ya\u015fanan Gazze ba\u015fta olmak \u00fczere, olduk\u00e7a k\u0131r\u0131lgan bir yap\u0131ya sahip olan b\u00f6lgemizde en son isteyece\u011fimiz \u015fey yeni gerginlikler ve yeni bir sava\u015ft\u0131r\u201d dedi. \u201cD\u00fcn\" \/>\n<meta property=\"og:url\" content=\"https:\/\/kibrisdakik.com\/?p=38236\" \/>\n<meta property=\"article:published_time\" content=\"2024-04-14T08:34:58+00:00\" \/>\n<meta property=\"og:image\" content=\"https:\/\/kibrisdakik.com\/wp-content\/uploads\/2024\/04\/cb-ersin-tatar4-740x420.jpeg\" \/>\n\t<meta property=\"og:image:width\" content=\"1600\" \/>\n\t<meta property=\"og:image:height\" content=\"1066\" \/>\n\t<meta property=\"og:image:type\" content=\"image\/jpeg\" \/>\n<meta name=\"author\" content=\"admin\" \/>\n<meta name=\"twitter:card\" content=\"summary_large_image\" \/>\n<meta name=\"twitter:label1\" content=\"Yazan:\" \/>\n\t<meta name=\"twitter:data1\" content=\"admin\" \/>\n\t<meta name=\"twitter:label2\" content=\"Tahmini okuma s\u00fcresi\" \/>\n\t<meta name=\"twitter:data2\" content=\"2 dakika\" \/>\n<script type=\"application\/ld+json\" class=\"yoast-schema-graph\">{\"@context\":\"https:\\\/\\\/schema.org\",\"@graph\":[{\"@type\":\"Article\",\"@id\":\"https:\\\/\\\/kibrisdakik.com\\\/?p=38236#article\",\"isPartOf\":{\"@id\":\"https:\\\/\\\/kibrisdakik.com\\\/?p=38236\"},\"author\":{\"name\":\"admin\",\"@id\":\"https:\\\/\\\/kibrisdakik.com\\\/#\\\/schema\\\/person\\\/9cd9d437bbb44f72b73ba127e06d8e79\"},\"headline\":\"Cumhurba\u015fkan\u0131 Tatar, b\u00f6lgede ya\u015fanan geli\u015fmeleri de\u011ferlendirmek \u00fczere saat 17.00\u2019de \u00fcst d\u00fczey toplant\u0131ya ba\u015fkanl\u0131k edecek\",\"datePublished\":\"2024-04-14T08:34:58+00:00\",\"mainEntityOfPage\":{\"@id\":\"https:\\\/\\\/kibrisdakik.com\\\/?p=38236\"},\"wordCount\":327,\"commentCount\":0,\"image\":{\"@id\":\"https:\\\/\\\/kibrisdakik.com\\\/?p=38236#primaryimage\"},\"thumbnailUrl\":\"https:\\\/\\\/kibrisdakik.com\\\/wp-content\\\/uploads\\\/2024\\\/04\\\/cb-ersin-tatar4-740x420.jpeg\",\"articleSection\":[\"G\u00fcndem\"],\"inLanguage\":\"tr\",\"potentialAction\":[{\"@type\":\"CommentAction\",\"name\":\"Comment\",\"target\":[\"https:\\\/\\\/kibrisdakik.com\\\/?p=38236#respond\"]}]},{\"@type\":\"WebPage\",\"@id\":\"https:\\\/\\\/kibrisdakik.com\\\/?p=38236\",\"url\":\"https:\\\/\\\/kibrisdakik.com\\\/?p=38236\",\"name\":\"Cumhurba\u015fkan\u0131 Tatar, b\u00f6lgede ya\u015fanan geli\u015fmeleri de\u011ferlendirmek \u00fczere saat 17.00\u2019de \u00fcst d\u00fczey toplant\u0131ya ba\u015fkanl\u0131k edecek -\",\"isPartOf\":{\"@id\":\"https:\\\/\\\/kibrisdakik.com\\\/#website\"},\"primaryImageOfPage\":{\"@id\":\"https:\\\/\\\/kibrisdakik.com\\\/?p=38236#primaryimage\"},\"image\":{\"@id\":\"https:\\\/\\\/kibrisdakik.com\\\/?p=38236#primaryimage\"},\"thumbnailUrl\":\"https:\\\/\\\/kibrisdakik.com\\\/wp-content\\\/uploads\\\/2024\\\/04\\\/cb-ersin-tatar4-740x420.jpeg\",\"datePublished\":\"2024-04-14T08:34:58+00:00\",\"author\":{\"@id\":\"https:\\\/\\\/kibrisdakik.com\\\/#\\\/schema\\\/person\\\/9cd9d437bbb44f72b73ba127e06d8e79\"},\"breadcrumb\":{\"@id\":\"https:\\\/\\\/kibrisdakik.com\\\/?p=38236#breadcrumb\"},\"inLanguage\":\"tr\",\"potentialAction\":[{\"@type\":\"ReadAction\",\"target\":[\"https:\\\/\\\/kibrisdakik.com\\\/?p=38236\"]}]},{\"@type\":\"ImageObject\",\"inLanguage\":\"tr\",\"@id\":\"https:\\\/\\\/kibrisdakik.com\\\/?p=38236#primaryimage\",\"url\":\"https:\\\/\\\/kibrisdakik.com\\\/wp-content\\\/uploads\\\/2024\\\/04\\\/cb-ersin-tatar4-740x420.jpeg\",\"contentUrl\":\"https:\\\/\\\/kibrisdakik.com\\\/wp-content\\\/uploads\\\/2024\\\/04\\\/cb-ersin-tatar4-740x420.jpeg\",\"width\":1600,\"height\":1066},{\"@type\":\"BreadcrumbList\",\"@id\":\"https:\\\/\\\/kibrisdakik.com\\\/?p=38236#breadcrumb\",\"itemListElement\":[{\"@type\":\"ListItem\",\"position\":1,\"name\":\"Home\",\"item\":\"https:\\\/\\\/kibrisdakik.com\\\/\"},{\"@type\":\"ListItem\",\"position\":2,\"name\":\"Cumhurba\u015fkan\u0131 Tatar, b\u00f6lgede ya\u015fanan geli\u015fmeleri de\u011ferlendirmek \u00fczere saat 17.00\u2019de \u00fcst d\u00fczey toplant\u0131ya ba\u015fkanl\u0131k edecek\"}]},{\"@type\":\"WebSite\",\"@id\":\"https:\\\/\\\/kibrisdakik.com\\\/#website\",\"url\":\"https:\\\/\\\/kibrisdakik.com\\\/\",\"name\":\"\",\"description\":\"Tam vaktinde haber\",\"potentialAction\":[{\"@type\":\"SearchAction\",\"target\":{\"@type\":\"EntryPoint\",\"urlTemplate\":\"https:\\\/\\\/kibrisdakik.com\\\/?s={search_term_string}\"},\"query-input\":{\"@type\":\"PropertyValueSpecification\",\"valueRequired\":true,\"valueName\":\"search_term_string\"}}],\"inLanguage\":\"tr\"},{\"@type\":\"Person\",\"@id\":\"https:\\\/\\\/kibrisdakik.com\\\/#\\\/schema\\\/person\\\/9cd9d437bbb44f72b73ba127e06d8e79\",\"name\":\"admin\",\"image\":{\"@type\":\"ImageObject\",\"inLanguage\":\"tr\",\"@id\":\"https:\\\/\\\/secure.gravatar.com\\\/avatar\\\/ccc17943b9d660506c869530f897617f7cb1c21a4bf30023f252596d83e1f007?s=96&d=mm&r=g\",\"url\":\"https:\\\/\\\/secure.gravatar.com\\\/avatar\\\/ccc17943b9d660506c869530f897617f7cb1c21a4bf30023f252596d83e1f007?s=96&d=mm&r=g\",\"contentUrl\":\"https:\\\/\\\/secure.gravatar.com\\\/avatar\\\/ccc17943b9d660506c869530f897617f7cb1c21a4bf30023f252596d83e1f007?s=96&d=mm&r=g\",\"caption\":\"admin\"},\"sameAs\":[\"https:\\\/\\\/kibrisdakik.com\"],\"url\":\"https:\\\/\\\/kibrisdakik.com\\\/?author=1\"}]}<\/script>\n<!-- \/ Yoast SEO plugin. -->","yoast_head_json":{"title":"Cumhurba\u015fkan\u0131 Tatar, b\u00f6lgede ya\u015fanan geli\u015fmeleri de\u011ferlendirmek \u00fczere saat 17.00\u2019de \u00fcst d\u00fczey toplant\u0131ya ba\u015fkanl\u0131k edecek -","robots":{"index":"index","follow":"follow","max-snippet":"max-snippet:-1","max-image-preview":"max-image-preview:large","max-video-preview":"max-video-preview:-1"},"canonical":"https:\/\/kibrisdakik.com\/?p=38236","og_locale":"tr_TR","og_type":"article","og_title":"Cumhurba\u015fkan\u0131 Tatar, b\u00f6lgede ya\u015fanan geli\u015fmeleri de\u011ferlendirmek \u00fczere saat 17.00\u2019de \u00fcst d\u00fczey toplant\u0131ya ba\u015fkanl\u0131k edecek -","og_description":"Cumhurba\u015fkan\u0131 Ersin Tatar, b\u00f6lgede ya\u015fanan geli\u015fmeleri de\u011ferlendirmek \u00fczere bug\u00fcn 17.00\u2019de cumhurba\u015fkanl\u0131\u011f\u0131nda \u00fcst d\u00fczey toplant\u0131ya ba\u015fkanl\u0131k edecek. Cumhurba\u015fkan\u0131 Ersin Tatar, d\u00fcn gece \u0130ran\u2019dan \u0130srail\u2019e y\u00f6nelik yap\u0131lan sald\u0131r\u0131lar\u0131 de\u011ferlendirdi. Tatar, \u201cHalihaz\u0131rda insanl\u0131k trajedisi ya\u015fanan Gazze ba\u015fta olmak \u00fczere, olduk\u00e7a k\u0131r\u0131lgan bir yap\u0131ya sahip olan b\u00f6lgemizde en son isteyece\u011fimiz \u015fey yeni gerginlikler ve yeni bir sava\u015ft\u0131r\u201d dedi. \u201cD\u00fcn","og_url":"https:\/\/kibrisdakik.com\/?p=38236","article_published_time":"2024-04-14T08:34:58+00:00","og_image":[{"width":1600,"height":1066,"url":"https:\/\/kibrisdakik.com\/wp-content\/uploads\/2024\/04\/cb-ersin-tatar4-740x420.jpeg","type":"image\/jpeg"}],"author":"admin","twitter_card":"summary_large_image","twitter_misc":{"Yazan:":"admin","Tahmini okuma s\u00fcresi":"2 dakika"},"schema":{"@context":"https:\/\/schema.org","@graph":[{"@type":"Article","@id":"https:\/\/kibrisdakik.com\/?p=38236#article","isPartOf":{"@id":"https:\/\/kibrisdakik.com\/?p=38236"},"author":{"name":"admin","@id":"https:\/\/kibrisdakik.com\/#\/schema\/person\/9cd9d437bbb44f72b73ba127e06d8e79"},"headline":"Cumhurba\u015fkan\u0131 Tatar, b\u00f6lgede ya\u015fanan geli\u015fmeleri de\u011ferlendirmek \u00fczere saat 17.00\u2019de \u00fcst d\u00fczey toplant\u0131ya ba\u015fkanl\u0131k edecek","datePublished":"2024-04-14T08:34:58+00:00","mainEntityOfPage":{"@id":"https:\/\/kibrisdakik.com\/?p=38236"},"wordCount":327,"commentCount":0,"image":{"@id":"https:\/\/kibrisdakik.com\/?p=38236#primaryimage"},"thumbnailUrl":"https:\/\/kibrisdakik.com\/wp-content\/uploads\/2024\/04\/cb-ersin-tatar4-740x420.jpeg","articleSection":["G\u00fcndem"],"inLanguage":"tr","potentialAction":[{"@type":"CommentAction","name":"Comment","target":["https:\/\/kibrisdakik.com\/?p=38236#respond"]}]},{"@type":"WebPage","@id":"https:\/\/kibrisdakik.com\/?p=38236","url":"https:\/\/kibrisdakik.com\/?p=38236","name":"Cumhurba\u015fkan\u0131 Tatar, b\u00f6lgede ya\u015fanan geli\u015fmeleri de\u011ferlendirmek \u00fczere saat 17.00\u2019de \u00fcst d\u00fczey toplant\u0131ya ba\u015fkanl\u0131k edecek -","isPartOf":{"@id":"https:\/\/kibrisdakik.com\/#website"},"primaryImageOfPage":{"@id":"https:\/\/kibrisdakik.com\/?p=38236#primaryimage"},"image":{"@id":"https:\/\/kibrisdakik.com\/?p=38236#primaryimage"},"thumbnailUrl":"https:\/\/kibrisdakik.com\/wp-content\/uploads\/2024\/04\/cb-ersin-tatar4-740x420.jpeg","datePublished":"2024-04-14T08:34:58+00:00","author":{"@id":"https:\/\/kibrisdakik.com\/#\/schema\/person\/9cd9d437bbb44f72b73ba127e06d8e79"},"breadcrumb":{"@id":"https:\/\/kibrisdakik.com\/?p=38236#breadcrumb"},"inLanguage":"tr","potentialAction":[{"@type":"ReadAction","target":["https:\/\/kibrisdakik.com\/?p=38236"]}]},{"@type":"ImageObject","inLanguage":"tr","@id":"https:\/\/kibrisdakik.com\/?p=38236#primaryimage","url":"https:\/\/kibrisdakik.com\/wp-content\/uploads\/2024\/04\/cb-ersin-tatar4-740x420.jpeg","contentUrl":"https:\/\/kibrisdakik.com\/wp-content\/uploads\/2024\/04\/cb-ersin-tatar4-740x420.jpeg","width":1600,"height":1066},{"@type":"BreadcrumbList","@id":"https:\/\/kibrisdakik.com\/?p=38236#breadcrumb","itemListElement":[{"@type":"ListItem","position":1,"name":"Home","item":"https:\/\/kibrisdakik.com\/"},{"@type":"ListItem","position":2,"name":"Cumhurba\u015fkan\u0131 Tatar, b\u00f6lgede ya\u015fanan geli\u015fmeleri de\u011ferlendirmek \u00fczere saat 17.00\u2019de \u00fcst d\u00fczey toplant\u0131ya ba\u015fkanl\u0131k edecek"}]},{"@type":"WebSite","@id":"https:\/\/kibrisdakik.com\/#website","url":"https:\/\/kibrisdakik.com\/","name":"","description":"Tam vaktinde haber","potentialAction":[{"@type":"SearchAction","target":{"@type":"EntryPoint","urlTemplate":"https:\/\/kibrisdakik.com\/?s={search_term_string}"},"query-input":{"@type":"PropertyValueSpecification","valueRequired":true,"valueName":"search_term_string"}}],"inLanguage":"tr"},{"@type":"Person","@id":"https:\/\/kibrisdakik.com\/#\/schema\/person\/9cd9d437bbb44f72b73ba127e06d8e79","name":"admin","image":{"@type":"ImageObject","inLanguage":"tr","@id":"https:\/\/secure.gravatar.com\/avatar\/ccc17943b9d660506c869530f897617f7cb1c21a4bf30023f252596d83e1f007?s=96&d=mm&r=g","url":"https:\/\/secure.gravatar.com\/avatar\/ccc17943b9d660506c869530f897617f7cb1c21a4bf30023f252596d83e1f007?s=96&d=mm&r=g","contentUrl":"https:\/\/secure.gravatar.com\/avatar\/ccc17943b9d660506c869530f897617f7cb1c21a4bf30023f252596d83e1f007?s=96&d=mm&r=g","caption":"admin"},"sameAs":["https:\/\/kibrisdakik.com"],"url":"https:\/\/kibrisdakik.com\/?author=1"}]}},"_links":{"self":[{"href":"https:\/\/kibrisdakik.com\/index.php?rest_route=\/wp\/v2\/posts\/38236","targetHints":{"allow":["GET"]}}],"collection":[{"href":"https:\/\/kibrisdakik.com\/index.php?rest_route=\/wp\/v2\/posts"}],"about":[{"href":"https:\/\/kibrisdakik.com\/index.php?rest_route=\/wp\/v2\/types\/post"}],"author":[{"embeddable":true,"href":"https:\/\/kibrisdakik.com\/index.php?rest_route=\/wp\/v2\/users\/1"}],"replies":[{"embeddable":true,"href":"https:\/\/kibrisdakik.com\/index.php?rest_route=%2Fwp%2Fv2%2Fcomments&post=38236"}],"version-history":[{"count":0,"href":"https:\/\/kibrisdakik.com\/index.php?rest_route=\/wp\/v2\/posts\/38236\/revisions"}],"wp:featuredmedia":[{"embeddable":true,"href":"https:\/\/kibrisdakik.com\/index.php?rest_route=\/wp\/v2\/media\/38237"}],"wp:attachment":[{"href":"https:\/\/kibrisdakik.com\/index.php?rest_route=%2Fwp%2Fv2%2Fmedia&parent=38236"}],"wp:term":[{"taxonomy":"category","embeddable":true,"href":"https:\/\/kibrisdakik.com\/index.php?rest_route=%2Fwp%2Fv2%2Fcategories&post=38236"},{"taxonomy":"post_tag","embeddable":true,"href":"https:\/\/kibrisdakik.com\/index.php?rest_route=%2Fwp%2Fv2%2Ftags&post=38236"}],"curies":[{"name":"wp","href":"https:\/\/api.w.org\/{rel}","templated":true}]}}