{"id":38242,"date":"2024-04-14T09:35:31","date_gmt":"2024-04-14T09:35:31","guid":{"rendered":"https:\/\/kibrisdakik.com\/index.php\/2024\/04\/14\/girnede-ataturk-donemi-23-nisan-cocuk-bayrami-torenleri-konulu-sergi\/"},"modified":"2024-04-14T09:35:31","modified_gmt":"2024-04-14T09:35:31","slug":"girnede-ataturk-donemi-23-nisan-cocuk-bayrami-torenleri-konulu-sergi","status":"publish","type":"post","link":"https:\/\/kibrisdakik.com\/?p=38242","title":{"rendered":"Girne\u2019de \u201cAtat\u00fcrk D\u00f6nemi 23 Nisan \u00c7ocuk Bayram\u0131 T\u00f6renleri\u201d konulu sergi"},"content":{"rendered":"<p><\/p>\n<div>\n<div class=\"mariselle-image-container center\">\n                <img loading=\"lazy\" decoding=\"async\" width=\"532\" height=\"753\" class=\"lazy-image\" alt=\"\" sizes=\"auto, (max-width: 532px) 100vw, 532px\" src=\"https:\/\/brtk.net\/wp-content\/uploads\/2024\/04\/14\/23-nisan-cocuk-bayrami-torenleri-sergisi.png?ver=78fbda8682a7fd20d29416b94358fcac\" srcset=\"https:\/\/brtk.net\/wp-content\/uploads\/2024\/04\/14\/23-nisan-cocuk-bayrami-torenleri-sergisi.png?ver=78fbda8682a7fd20d29416b94358fcac 532w, https:\/\/brtk.net\/wp-content\/uploads\/2024\/04\/14\/23-nisan-cocuk-bayrami-torenleri-sergisi-212x300.png?ver=d4e7068473840cce3588fbde4f9ea284 212w\"\/>                            <\/div>\n<p>Akkule Hizmet Derne\u011fi, \u201cAtat\u00fcrk D\u00f6nemi 23 Nisan \u00c7ocuk Bayram\u0131 T\u00f6renleri\u201d konulu sergi d\u00fczenliyor. <\/p>\n<p>Dernek\u2019ten verilen bilgiye g\u00f6re, Girne Belediyesi Sanat Galerisinde d\u00fczenlenecek olan serginin a\u00e7\u0131l\u0131\u015f\u0131 16 Nisan\u2019da yap\u0131lacak. A\u00e7\u0131l\u0131\u015f t\u00f6reni 10.30\u2019da ba\u015flayacak. <\/p>\n<p>Sergi 17, 18, 19, 22, 24 ve 25 Nisan tarihlerinde 09.00-16.00 aras\u0131nda ziyarete a\u00e7\u0131k olacak.<\/p>\n<\/p><\/div>\n<p><script async\n                    defer\n                    crossorigin=\"anonymous\"\n                    src=\"https:\/\/connect.facebook.net\/tr_TR\/sdk.js#xfbml=1&#038;version=v3.3\"\n            ><\/script><\/p>\n","protected":false},"excerpt":{"rendered":"<p>Akkule Hizmet Derne\u011fi, \u201cAtat\u00fcrk D\u00f6nemi 23 Nisan \u00c7ocuk Bayram\u0131 T\u00f6renleri\u201d konulu sergi d\u00fczenliyor. Dernek\u2019ten verilen bilgiye g\u00f6re, Girne Belediyesi Sanat Galerisinde d\u00fczenlenecek olan serginin a\u00e7\u0131l\u0131\u015f\u0131 16 Nisan\u2019da yap\u0131lacak. A\u00e7\u0131l\u0131\u015f t\u00f6reni 10.30\u2019da ba\u015flayacak. Sergi 17, 18, 19, 22, 24 ve 25 Nisan tarihlerinde 09.00-16.00 aras\u0131nda ziyarete a\u00e7\u0131k olacak.<\/p>\n","protected":false},"author":1,"featured_media":38243,"comment_status":"open","ping_status":"open","sticky":false,"template":"","format":"standard","meta":{"footnotes":""},"categories":[1],"tags":[],"class_list":["post-38242","post","type-post","status-publish","format-standard","has-post-thumbnail","hentry","category-gundem"],"yoast_head":"<!-- This site is optimized with the Yoast SEO plugin v27.5 - https:\/\/yoast.com\/product\/yoast-seo-wordpress\/ -->\n<title>Girne\u2019de \u201cAtat\u00fcrk D\u00f6nemi 23 Nisan \u00c7ocuk Bayram\u0131 T\u00f6renleri\u201d konulu sergi -<\/title>\n<meta name=\"robots\" content=\"index, follow, max-snippet:-1, max-image-preview:large, max-video-preview:-1\" \/>\n<link rel=\"canonical\" href=\"https:\/\/kibrisdakik.com\/?p=38242\" \/>\n<meta property=\"og:locale\" content=\"tr_TR\" \/>\n<meta property=\"og:type\" content=\"article\" \/>\n<meta property=\"og:title\" content=\"Girne\u2019de \u201cAtat\u00fcrk D\u00f6nemi 23 Nisan \u00c7ocuk Bayram\u0131 T\u00f6renleri\u201d konulu sergi -\" \/>\n<meta property=\"og:description\" content=\"Akkule Hizmet Derne\u011fi, \u201cAtat\u00fcrk D\u00f6nemi 23 Nisan \u00c7ocuk Bayram\u0131 T\u00f6renleri\u201d konulu sergi d\u00fczenliyor. Dernek\u2019ten verilen bilgiye g\u00f6re, Girne Belediyesi Sanat Galerisinde d\u00fczenlenecek olan serginin a\u00e7\u0131l\u0131\u015f\u0131 16 Nisan\u2019da yap\u0131lacak. A\u00e7\u0131l\u0131\u015f t\u00f6reni 10.30\u2019da ba\u015flayacak. Sergi 17, 18, 19, 22, 24 ve 25 Nisan tarihlerinde 09.00-16.00 aras\u0131nda ziyarete a\u00e7\u0131k olacak.\" \/>\n<meta property=\"og:url\" content=\"https:\/\/kibrisdakik.com\/?p=38242\" \/>\n<meta property=\"article:published_time\" content=\"2024-04-14T09:35:31+00:00\" \/>\n<meta property=\"og:image\" content=\"https:\/\/kibrisdakik.com\/wp-content\/uploads\/2024\/04\/23-nisan-cocuk-bayrami-torenleri-sergisi-532x420.png\" \/>\n\t<meta property=\"og:image:width\" content=\"532\" \/>\n\t<meta property=\"og:image:height\" content=\"753\" \/>\n\t<meta property=\"og:image:type\" content=\"image\/png\" \/>\n<meta name=\"author\" content=\"admin\" \/>\n<meta name=\"twitter:card\" content=\"summary_large_image\" \/>\n<meta name=\"twitter:label1\" content=\"Yazan:\" \/>\n\t<meta name=\"twitter:data1\" content=\"admin\" \/>\n<script type=\"application\/ld+json\" class=\"yoast-schema-graph\">{\"@context\":\"https:\\\/\\\/schema.org\",\"@graph\":[{\"@type\":\"Article\",\"@id\":\"https:\\\/\\\/kibrisdakik.com\\\/?p=38242#article\",\"isPartOf\":{\"@id\":\"https:\\\/\\\/kibrisdakik.com\\\/?p=38242\"},\"author\":{\"name\":\"admin\",\"@id\":\"https:\\\/\\\/kibrisdakik.com\\\/#\\\/schema\\\/person\\\/9cd9d437bbb44f72b73ba127e06d8e79\"},\"headline\":\"Girne\u2019de \u201cAtat\u00fcrk D\u00f6nemi 23 Nisan \u00c7ocuk Bayram\u0131 T\u00f6renleri\u201d konulu sergi\",\"datePublished\":\"2024-04-14T09:35:31+00:00\",\"mainEntityOfPage\":{\"@id\":\"https:\\\/\\\/kibrisdakik.com\\\/?p=38242\"},\"wordCount\":68,\"commentCount\":0,\"image\":{\"@id\":\"https:\\\/\\\/kibrisdakik.com\\\/?p=38242#primaryimage\"},\"thumbnailUrl\":\"https:\\\/\\\/kibrisdakik.com\\\/wp-content\\\/uploads\\\/2024\\\/04\\\/23-nisan-cocuk-bayrami-torenleri-sergisi-532x420.png\",\"articleSection\":[\"G\u00fcndem\"],\"inLanguage\":\"tr\",\"potentialAction\":[{\"@type\":\"CommentAction\",\"name\":\"Comment\",\"target\":[\"https:\\\/\\\/kibrisdakik.com\\\/?p=38242#respond\"]}]},{\"@type\":\"WebPage\",\"@id\":\"https:\\\/\\\/kibrisdakik.com\\\/?p=38242\",\"url\":\"https:\\\/\\\/kibrisdakik.com\\\/?p=38242\",\"name\":\"Girne\u2019de \u201cAtat\u00fcrk D\u00f6nemi 23 Nisan \u00c7ocuk Bayram\u0131 T\u00f6renleri\u201d konulu sergi -\",\"isPartOf\":{\"@id\":\"https:\\\/\\\/kibrisdakik.com\\\/#website\"},\"primaryImageOfPage\":{\"@id\":\"https:\\\/\\\/kibrisdakik.com\\\/?p=38242#primaryimage\"},\"image\":{\"@id\":\"https:\\\/\\\/kibrisdakik.com\\\/?p=38242#primaryimage\"},\"thumbnailUrl\":\"https:\\\/\\\/kibrisdakik.com\\\/wp-content\\\/uploads\\\/2024\\\/04\\\/23-nisan-cocuk-bayrami-torenleri-sergisi-532x420.png\",\"datePublished\":\"2024-04-14T09:35:31+00:00\",\"author\":{\"@id\":\"https:\\\/\\\/kibrisdakik.com\\\/#\\\/schema\\\/person\\\/9cd9d437bbb44f72b73ba127e06d8e79\"},\"breadcrumb\":{\"@id\":\"https:\\\/\\\/kibrisdakik.com\\\/?p=38242#breadcrumb\"},\"inLanguage\":\"tr\",\"potentialAction\":[{\"@type\":\"ReadAction\",\"target\":[\"https:\\\/\\\/kibrisdakik.com\\\/?p=38242\"]}]},{\"@type\":\"ImageObject\",\"inLanguage\":\"tr\",\"@id\":\"https:\\\/\\\/kibrisdakik.com\\\/?p=38242#primaryimage\",\"url\":\"https:\\\/\\\/kibrisdakik.com\\\/wp-content\\\/uploads\\\/2024\\\/04\\\/23-nisan-cocuk-bayrami-torenleri-sergisi-532x420.png\",\"contentUrl\":\"https:\\\/\\\/kibrisdakik.com\\\/wp-content\\\/uploads\\\/2024\\\/04\\\/23-nisan-cocuk-bayrami-torenleri-sergisi-532x420.png\",\"width\":532,\"height\":753},{\"@type\":\"BreadcrumbList\",\"@id\":\"https:\\\/\\\/kibrisdakik.com\\\/?p=38242#breadcrumb\",\"itemListElement\":[{\"@type\":\"ListItem\",\"position\":1,\"name\":\"Home\",\"item\":\"https:\\\/\\\/kibrisdakik.com\\\/\"},{\"@type\":\"ListItem\",\"position\":2,\"name\":\"Girne\u2019de \u201cAtat\u00fcrk D\u00f6nemi 23 Nisan \u00c7ocuk Bayram\u0131 T\u00f6renleri\u201d konulu sergi\"}]},{\"@type\":\"WebSite\",\"@id\":\"https:\\\/\\\/kibrisdakik.com\\\/#website\",\"url\":\"https:\\\/\\\/kibrisdakik.com\\\/\",\"name\":\"\",\"description\":\"Tam vaktinde haber\",\"potentialAction\":[{\"@type\":\"SearchAction\",\"target\":{\"@type\":\"EntryPoint\",\"urlTemplate\":\"https:\\\/\\\/kibrisdakik.com\\\/?s={search_term_string}\"},\"query-input\":{\"@type\":\"PropertyValueSpecification\",\"valueRequired\":true,\"valueName\":\"search_term_string\"}}],\"inLanguage\":\"tr\"},{\"@type\":\"Person\",\"@id\":\"https:\\\/\\\/kibrisdakik.com\\\/#\\\/schema\\\/person\\\/9cd9d437bbb44f72b73ba127e06d8e79\",\"name\":\"admin\",\"image\":{\"@type\":\"ImageObject\",\"inLanguage\":\"tr\",\"@id\":\"https:\\\/\\\/secure.gravatar.com\\\/avatar\\\/ccc17943b9d660506c869530f897617f7cb1c21a4bf30023f252596d83e1f007?s=96&d=mm&r=g\",\"url\":\"https:\\\/\\\/secure.gravatar.com\\\/avatar\\\/ccc17943b9d660506c869530f897617f7cb1c21a4bf30023f252596d83e1f007?s=96&d=mm&r=g\",\"contentUrl\":\"https:\\\/\\\/secure.gravatar.com\\\/avatar\\\/ccc17943b9d660506c869530f897617f7cb1c21a4bf30023f252596d83e1f007?s=96&d=mm&r=g\",\"caption\":\"admin\"},\"sameAs\":[\"https:\\\/\\\/kibrisdakik.com\"],\"url\":\"https:\\\/\\\/kibrisdakik.com\\\/?author=1\"}]}<\/script>\n<!-- \/ Yoast SEO plugin. -->","yoast_head_json":{"title":"Girne\u2019de \u201cAtat\u00fcrk D\u00f6nemi 23 Nisan \u00c7ocuk Bayram\u0131 T\u00f6renleri\u201d konulu sergi -","robots":{"index":"index","follow":"follow","max-snippet":"max-snippet:-1","max-image-preview":"max-image-preview:large","max-video-preview":"max-video-preview:-1"},"canonical":"https:\/\/kibrisdakik.com\/?p=38242","og_locale":"tr_TR","og_type":"article","og_title":"Girne\u2019de \u201cAtat\u00fcrk D\u00f6nemi 23 Nisan \u00c7ocuk Bayram\u0131 T\u00f6renleri\u201d konulu sergi -","og_description":"Akkule Hizmet Derne\u011fi, \u201cAtat\u00fcrk D\u00f6nemi 23 Nisan \u00c7ocuk Bayram\u0131 T\u00f6renleri\u201d konulu sergi d\u00fczenliyor. Dernek\u2019ten verilen bilgiye g\u00f6re, Girne Belediyesi Sanat Galerisinde d\u00fczenlenecek olan serginin a\u00e7\u0131l\u0131\u015f\u0131 16 Nisan\u2019da yap\u0131lacak. A\u00e7\u0131l\u0131\u015f t\u00f6reni 10.30\u2019da ba\u015flayacak. Sergi 17, 18, 19, 22, 24 ve 25 Nisan tarihlerinde 09.00-16.00 aras\u0131nda ziyarete a\u00e7\u0131k olacak.","og_url":"https:\/\/kibrisdakik.com\/?p=38242","article_published_time":"2024-04-14T09:35:31+00:00","og_image":[{"width":532,"height":753,"url":"https:\/\/kibrisdakik.com\/wp-content\/uploads\/2024\/04\/23-nisan-cocuk-bayrami-torenleri-sergisi-532x420.png","type":"image\/png"}],"author":"admin","twitter_card":"summary_large_image","twitter_misc":{"Yazan:":"admin"},"schema":{"@context":"https:\/\/schema.org","@graph":[{"@type":"Article","@id":"https:\/\/kibrisdakik.com\/?p=38242#article","isPartOf":{"@id":"https:\/\/kibrisdakik.com\/?p=38242"},"author":{"name":"admin","@id":"https:\/\/kibrisdakik.com\/#\/schema\/person\/9cd9d437bbb44f72b73ba127e06d8e79"},"headline":"Girne\u2019de \u201cAtat\u00fcrk D\u00f6nemi 23 Nisan \u00c7ocuk Bayram\u0131 T\u00f6renleri\u201d konulu sergi","datePublished":"2024-04-14T09:35:31+00:00","mainEntityOfPage":{"@id":"https:\/\/kibrisdakik.com\/?p=38242"},"wordCount":68,"commentCount":0,"image":{"@id":"https:\/\/kibrisdakik.com\/?p=38242#primaryimage"},"thumbnailUrl":"https:\/\/kibrisdakik.com\/wp-content\/uploads\/2024\/04\/23-nisan-cocuk-bayrami-torenleri-sergisi-532x420.png","articleSection":["G\u00fcndem"],"inLanguage":"tr","potentialAction":[{"@type":"CommentAction","name":"Comment","target":["https:\/\/kibrisdakik.com\/?p=38242#respond"]}]},{"@type":"WebPage","@id":"https:\/\/kibrisdakik.com\/?p=38242","url":"https:\/\/kibrisdakik.com\/?p=38242","name":"Girne\u2019de \u201cAtat\u00fcrk D\u00f6nemi 23 Nisan \u00c7ocuk Bayram\u0131 T\u00f6renleri\u201d konulu sergi -","isPartOf":{"@id":"https:\/\/kibrisdakik.com\/#website"},"primaryImageOfPage":{"@id":"https:\/\/kibrisdakik.com\/?p=38242#primaryimage"},"image":{"@id":"https:\/\/kibrisdakik.com\/?p=38242#primaryimage"},"thumbnailUrl":"https:\/\/kibrisdakik.com\/wp-content\/uploads\/2024\/04\/23-nisan-cocuk-bayrami-torenleri-sergisi-532x420.png","datePublished":"2024-04-14T09:35:31+00:00","author":{"@id":"https:\/\/kibrisdakik.com\/#\/schema\/person\/9cd9d437bbb44f72b73ba127e06d8e79"},"breadcrumb":{"@id":"https:\/\/kibrisdakik.com\/?p=38242#breadcrumb"},"inLanguage":"tr","potentialAction":[{"@type":"ReadAction","target":["https:\/\/kibrisdakik.com\/?p=38242"]}]},{"@type":"ImageObject","inLanguage":"tr","@id":"https:\/\/kibrisdakik.com\/?p=38242#primaryimage","url":"https:\/\/kibrisdakik.com\/wp-content\/uploads\/2024\/04\/23-nisan-cocuk-bayrami-torenleri-sergisi-532x420.png","contentUrl":"https:\/\/kibrisdakik.com\/wp-content\/uploads\/2024\/04\/23-nisan-cocuk-bayrami-torenleri-sergisi-532x420.png","width":532,"height":753},{"@type":"BreadcrumbList","@id":"https:\/\/kibrisdakik.com\/?p=38242#breadcrumb","itemListElement":[{"@type":"ListItem","position":1,"name":"Home","item":"https:\/\/kibrisdakik.com\/"},{"@type":"ListItem","position":2,"name":"Girne\u2019de \u201cAtat\u00fcrk D\u00f6nemi 23 Nisan \u00c7ocuk Bayram\u0131 T\u00f6renleri\u201d konulu sergi"}]},{"@type":"WebSite","@id":"https:\/\/kibrisdakik.com\/#website","url":"https:\/\/kibrisdakik.com\/","name":"","description":"Tam vaktinde haber","potentialAction":[{"@type":"SearchAction","target":{"@type":"EntryPoint","urlTemplate":"https:\/\/kibrisdakik.com\/?s={search_term_string}"},"query-input":{"@type":"PropertyValueSpecification","valueRequired":true,"valueName":"search_term_string"}}],"inLanguage":"tr"},{"@type":"Person","@id":"https:\/\/kibrisdakik.com\/#\/schema\/person\/9cd9d437bbb44f72b73ba127e06d8e79","name":"admin","image":{"@type":"ImageObject","inLanguage":"tr","@id":"https:\/\/secure.gravatar.com\/avatar\/ccc17943b9d660506c869530f897617f7cb1c21a4bf30023f252596d83e1f007?s=96&d=mm&r=g","url":"https:\/\/secure.gravatar.com\/avatar\/ccc17943b9d660506c869530f897617f7cb1c21a4bf30023f252596d83e1f007?s=96&d=mm&r=g","contentUrl":"https:\/\/secure.gravatar.com\/avatar\/ccc17943b9d660506c869530f897617f7cb1c21a4bf30023f252596d83e1f007?s=96&d=mm&r=g","caption":"admin"},"sameAs":["https:\/\/kibrisdakik.com"],"url":"https:\/\/kibrisdakik.com\/?author=1"}]}},"_links":{"self":[{"href":"https:\/\/kibrisdakik.com\/index.php?rest_route=\/wp\/v2\/posts\/38242","targetHints":{"allow":["GET"]}}],"collection":[{"href":"https:\/\/kibrisdakik.com\/index.php?rest_route=\/wp\/v2\/posts"}],"about":[{"href":"https:\/\/kibrisdakik.com\/index.php?rest_route=\/wp\/v2\/types\/post"}],"author":[{"embeddable":true,"href":"https:\/\/kibrisdakik.com\/index.php?rest_route=\/wp\/v2\/users\/1"}],"replies":[{"embeddable":true,"href":"https:\/\/kibrisdakik.com\/index.php?rest_route=%2Fwp%2Fv2%2Fcomments&post=38242"}],"version-history":[{"count":0,"href":"https:\/\/kibrisdakik.com\/index.php?rest_route=\/wp\/v2\/posts\/38242\/revisions"}],"wp:featuredmedia":[{"embeddable":true,"href":"https:\/\/kibrisdakik.com\/index.php?rest_route=\/wp\/v2\/media\/38243"}],"wp:attachment":[{"href":"https:\/\/kibrisdakik.com\/index.php?rest_route=%2Fwp%2Fv2%2Fmedia&parent=38242"}],"wp:term":[{"taxonomy":"category","embeddable":true,"href":"https:\/\/kibrisdakik.com\/index.php?rest_route=%2Fwp%2Fv2%2Fcategories&post=38242"},{"taxonomy":"post_tag","embeddable":true,"href":"https:\/\/kibrisdakik.com\/index.php?rest_route=%2Fwp%2Fv2%2Ftags&post=38242"}],"curies":[{"name":"wp","href":"https:\/\/api.w.org\/{rel}","templated":true}]}}