{"id":38259,"date":"2024-04-14T07:07:00","date_gmt":"2024-04-14T07:07:00","guid":{"rendered":"https:\/\/kibrisdakik.com\/index.php\/2024\/04\/14\/cocugunda-gelisimsel-farklilik-goren-aileler-doktora-gitmeyi-ertelemesin\/"},"modified":"2024-04-14T07:07:00","modified_gmt":"2024-04-14T07:07:00","slug":"cocugunda-gelisimsel-farklilik-goren-aileler-doktora-gitmeyi-ertelemesin","status":"publish","type":"post","link":"https:\/\/kibrisdakik.com\/?p=38259","title":{"rendered":"\u201c\u00c7ocu\u011funda geli\u015fimsel farkl\u0131l\u0131k g\u00f6ren aileler doktora gitmeyi ertelemesin\u201d"},"content":{"rendered":"<p><img decoding=\"async\" src=\"https:\/\/www.kibristurk.com\/images\/haberler\/2024\/04\/cocugunda-gelisimsel-farklilik-goren-aileler-doktora-gitmeyi-ertelemesin-1713078620.webp\" \/><\/p>\n<p style=\"text-align:left\"><span style=\"font-size:16px\"><span style=\"font-family:Merriweather,serif !important\"><span style=\"color:#000000\"><span style=\"background-color:#ffffff\">2 Nisan\u2019da ba\u015flayan \u201cOtizm Fark\u0131ndal\u0131k Ay\u0131\u201d kapsam\u0131nda&nbsp;T\u00fcrk Ajans\u0131 K\u0131br\u0131s\u2019a (TAK) konu\u015fan Beyo\u011flu, son y\u0131llarda otizm tan\u0131s\u0131 alan \u00e7ocuk say\u0131s\u0131n\u0131n artt\u0131\u011f\u0131n\u0131, \u00f6zellikle pandemi d\u00f6neminde ekranda uzun s\u00fcre ge\u00e7iren \u00e7ocuklarda otizm belirtileri g\u00f6r\u00fcld\u00fc\u011f\u00fcn\u00fc kaydetti.<\/span><\/span><\/span><\/span><\/p>\n<p style=\"text-align:left\"><span style=\"font-size:16px\"><span style=\"font-family:Merriweather,serif !important\"><span style=\"color:#000000\"><span style=\"background-color:#ffffff\">Otizmle ilgili istatistiki veri bulunmad\u0131\u011f\u0131n\u0131 ancak \u00fclkede 400\u2019e yak\u0131n otizmli birey oldu\u011funun belirtildi\u011fini s\u00f6yleyen Beyo\u011flu, Amerikan Hastal\u0131k Kontrol ve \u00d6nleme Merkezleri (CDC) taraf\u0131ndan yay\u0131nlanan raporda her 36 \u00e7ocuktan birinin otizmden etkilendi\u011finin ifade edildi\u011fini aktard\u0131.<\/span><\/span><\/span><\/span><\/p>\n<p style=\"text-align:left\"><span style=\"font-size:16px\"><span style=\"font-family:Merriweather,serif !important\"><span style=\"color:#000000\"><span style=\"background-color:#ffffff\">Otizm tan\u0131s\u0131 ne kadar erken konur \u00f6zel e\u011fitime ne kadar h\u0131zl\u0131 ba\u015flan\u0131rsa \u00e7ocu\u011fun o \u00f6l\u00e7\u00fcde fayda g\u00f6rece\u011fini vurgulayan Erdem Beyo\u011flu, \u201cBelirtilerin ge\u00e7ece\u011fine inanmak \u00e7ocu\u011fun zaman\u0131ndan \u00e7almak olur. Bu saklanacak, umutsuzlu\u011fa kap\u0131lacak bir durum de\u011fil. T\u00fcnelin sonunda \u0131\u015f\u0131k var\u201d diye konu\u015ftu.<\/span><\/span><\/span><\/span><\/p>\n<p style=\"text-align:left\"><span style=\"font-size:16px\"><span style=\"font-family:Merriweather,serif !important\"><span style=\"color:#000000\"><span style=\"background-color:#ffffff\">-\u201c\u00d6zel e\u011fitim en etkili tedavi y\u00f6ntemi\u201d<\/span><\/span><\/span><\/span><\/p>\n<p style=\"text-align:left\"><span style=\"font-size:16px\"><span style=\"font-family:Merriweather,serif !important\"><span style=\"color:#000000\"><span style=\"background-color:#ffffff\">Hayat\u0131n ilk y\u0131llar\u0131nda ortaya \u00e7\u0131kan, n\u00f6ro-geli\u015fimsel bir farkl\u0131l\u0131k olan otizmin bilinen ila\u00e7 tedavisi olmad\u0131\u011f\u0131n\u0131 da kaydeden Beyo\u011flu, \u201c\u00d6zel e\u011fitim en etkili tedavi y\u00f6ntemidir. Ekran k\u0131s\u0131tlamas\u0131 ve bol aktivite de \u00f6nemlidir\u201d dedi.<\/span><\/span><\/span><\/span><\/p>\n<p style=\"text-align:left\"><span style=\"font-size:16px\"><span style=\"font-family:Merriweather,serif !important\"><span style=\"color:#000000\"><span style=\"background-color:#ffffff\">-G\u00f6z temas\u0131 kurmama, seslenildi\u011finde bakmama, oyuncaklarla beklenen \u015fekilde oynamama belirtiler aras\u0131nda<\/span><\/span><\/span><\/span><\/p>\n<p style=\"text-align:left\"><span style=\"font-size:16px\"><span style=\"font-family:Merriweather,serif !important\"><span style=\"color:#000000\"><span style=\"background-color:#ffffff\">Dr. Erdem&nbsp;Beyo\u011flu, ailelerin \u00e7ocuklar\u0131n\u0131n g\u00f6z temas\u0131 kurmamas\u0131, seslenildi\u011finde bakmamas\u0131, oyuncaklarla beklenen \u015fekilde ilgilenmemesi \u015fikayetiyle s\u0131kl\u0131kla \u00e7ocuk doktoruna, bazen de i\u015fitme kayb\u0131 \u015f\u00fcphesiyle kulak burun bo\u011faz uzman\u0131na ba\u015fvurdu\u011funu s\u00f6yledi.<\/span><\/span><\/span><\/span><\/p>\n<p style=\"text-align:left\"><span style=\"font-size:16px\"><span style=\"font-family:Merriweather,serif !important\"><span style=\"color:#000000\"><span style=\"background-color:#ffffff\">-\u201cNedeni bilinmiyor\u201d<\/span><\/span><\/span><\/span><\/p>\n<p style=\"text-align:left\"><span style=\"font-size:16px\"><span style=\"font-family:Merriweather,serif !important\"><span style=\"color:#000000\"><span style=\"background-color:#ffffff\">\u00c7ocuk hekimlerinin otizmi veya geli\u015fimsel di\u011fer sorunlar\u0131 ge\u00e7 kalmadan tan\u0131d\u0131\u011f\u0131n\u0131, aileleri \u00e7ocuk ve ergen psikiyatristine y\u00f6nlendirdi\u011fini belirten Erdem Beyo\u011flu, &nbsp;otizmin tam nedenin bilinmedi\u011fini ancak son y\u0131llardaki \u00e7al\u0131\u015fmalarda genetik fakt\u00f6rlerin \u00f6n planda tutuldu\u011funu kaydetti.<\/span><\/span><\/span><\/span><\/p>\n<p style=\"text-align:left\"><span style=\"font-size:16px\"><span style=\"font-family:Merriweather,serif !important\"><span style=\"color:#000000\"><span style=\"background-color:#ffffff\">-\u201cBaban\u0131n ileri ya\u015fta olmas\u0131 da risk fakt\u00f6r\u00fc\u201d<\/span><\/span><\/span><\/span><\/p>\n<p style=\"text-align:left\"><span style=\"font-size:16px\"><span style=\"font-family:Merriweather,serif !important\"><span style=\"color:#000000\"><span style=\"background-color:#ffffff\">\u00d6zellikle&nbsp;baban\u0131n ileri ya\u015fta olmas\u0131n\u0131n, do\u011fum komplikasyonlar\u0131n\u0131n risk fakt\u00f6r\u00fc olarak g\u00f6sterildi\u011fini ifade eden Beyo\u011flu, otizmli bireylerin \u00e7ocuklar\u0131nda da otizm g\u00f6r\u00fclme olas\u0131l\u0131\u011f\u0131n\u0131n y\u00fcksek oldu\u011funu belirtti.<\/span><\/span><\/span><\/span><\/p>\n<p style=\"text-align:left\"><span style=\"font-size:16px\"><span style=\"font-family:Merriweather,serif !important\"><span style=\"color:#000000\"><span style=\"background-color:#ffffff\">Hamilelikte yap\u0131lan genetik ara\u015ft\u0131rmalarda y\u00fcz g\u00fcld\u00fcr\u00fcc\u00fc sonu\u00e7lar elde edildi\u011fini ancak otizme neyin neden oldu\u011fu bilinmedi\u011finden bunu saptaman\u0131n da m\u00fcmk\u00fcn olmad\u0131\u011f\u0131n\u0131 ifade eden Beyo\u011flu, temel belirtilerin \u00e7ocu\u011fun ya\u015f\u0131na g\u00f6re de\u011fi\u015fti\u011fini de s\u00f6yledi.<\/span><\/span><\/span><\/span><\/p>\n<p style=\"text-align:left\"><span style=\"font-size:16px\"><span style=\"font-family:Merriweather,serif !important\"><span style=\"color:#000000\"><span style=\"background-color:#ffffff\">&#8211; \u201cSosyal etkile\u015fimde ve ileti\u015fimde sorun ya\u015farlar, ilgi alanlar\u0131 k\u0131s\u0131tl\u0131d\u0131r, yineleyici davran\u0131\u015f sergilerler\u201d<\/span><\/span><\/span><\/span><\/p>\n<p style=\"text-align:left\"><span style=\"font-size:16px\"><span style=\"font-family:Merriweather,serif !important\"><span style=\"color:#000000\"><span style=\"background-color:#ffffff\">Beyo\u011flu, otizmli \u00e7ocuklar\u0131n sosyal etkile\u015fimde ve ileti\u015fimde ya\u015fad\u0131\u011f\u0131 s\u0131k\u0131nt\u0131lar\u0131 \u015fu \u00f6rneklerle anlatt\u0131:<\/span><\/span><\/span><\/span><\/p>\n<p style=\"text-align:left\"><span style=\"font-size:16px\"><span style=\"font-family:Merriweather,serif !important\"><span style=\"color:#000000\"><span style=\"background-color:#ffffff\">&nbsp;\u201c\u00c7ocu\u011fun etraf\u0131ndaki ki\u015filerle etkile\u015fime girmedi\u011fi, akranlar\u0131yla oyun oynamad\u0131\u011f\u0131, anne-babas\u0131n\u0131n seslenmelerine tepki vermedi\u011fi g\u00f6r\u00fcl\u00fcr. \u2018\u0130ca\u2019 (Ceee) gibi kar\u015f\u0131l\u0131kl\u0131 sosyal etkile\u015fime dayal\u0131 oyunlara kat\u0131lmazlar. Y\u00fcz ifadeleri s\u0131kl\u0131kla donuktur. G\u00f6z temaslar\u0131 k\u0131s\u0131tl\u0131d\u0131r. Etraf\u0131ndaki ki\u015filerle fiziksel temas kurmamaya \u00e7al\u0131\u015f\u0131rlar. Konu\u015fma yetene\u011fi k\u0131s\u0131tl\u0131 veya geli\u015fmemi\u015ftir. Konu\u015fabilenlerin daha \u00e7ok anlams\u0131z kelimeler kulland\u0131\u011f\u0131 g\u00f6r\u00fcl\u00fcr. Kar\u015f\u0131l\u0131kl\u0131 ileti\u015fimleri azalm\u0131\u015f veya kaybolmu\u015ftur. \u0130stediklerini s\u00f6zl\u00fc olarak ifade etmek yerine i\u015faretlerle anlatmay\u0131 tercih ederler. Bay-bay yapma, selamla\u015fma gibi sosyal davran\u0131\u015flar\u0131 yapmamay\u0131 tercih ederler. Televizyon seyretmeye (\u00f6zellikle reklamlara ve m\u00fczik kliplerine) a\u015f\u0131r\u0131 d\u00fc\u015fk\u00fcnd\u00fcrler.\u201d<\/span><\/span><\/span><\/span><\/p>\n<p style=\"text-align:left\"><span style=\"font-size:16px\"><span style=\"font-family:Merriweather,serif !important\"><span style=\"color:#000000\"><span style=\"background-color:#ffffff\">\u0130lgi alan\u0131 k\u0131s\u0131tl\u0131 olan otizmli \u00e7ocuklarda yineleyici davran\u0131\u015flar g\u00f6r\u00fcld\u00fc\u011f\u00fcn\u00fc ifade eden Beyo\u011flu, \u015fu \u00f6rnekleri de verdi:<\/span><\/span><\/span><\/span><\/p>\n<p style=\"text-align:left\"><span style=\"font-size:16px\"><span style=\"font-family:Merriweather,serif !important\"><span style=\"color:#000000\"><span style=\"background-color:#ffffff\">\u201cOyuncaklarla geleneksel \u015fekillerin d\u0131\u015f\u0131nda oynarlar. \u00d6rne\u011fin oyuncak arabalar\u0131 s\u00fcrerek oynamak yerine sadece tekerleklerine ilgi g\u00f6sterip onlar\u0131 \u00e7evirirler. \u00c7ama\u015f\u0131r makinesi, vantilat\u00f6r gibi d\u00f6nen e\u015fyalara, zincir ve kolye gibi sallanan objelere a\u015f\u0131r\u0131 ilgi duyarlar. Kendi etraf\u0131nda sallanma davran\u0131\u015flar\u0131 s\u0131k\u00e7a g\u00f6r\u00fcl\u00fcr. S\u00fcrekli ayn\u0131 k\u0131yafetleri giyme, ayn\u0131 yoldan gitme gibi \u0131srarl\u0131 davran\u0131\u015flar g\u00f6sterirler.\u201d<\/span><\/span><\/span><\/span><\/p>\n<p style=\"text-align:left\"><span style=\"font-size:16px\"><span style=\"font-family:Merriweather,serif !important\"><span style=\"color:#000000\"><span style=\"background-color:#ffffff\">-\u201cOtizme ba\u011fl\u0131 geli\u015fen sorunlar\u0131n tedavisini yapmak \u00f6nemli\u201d<\/span><\/span><\/span><\/span><\/p>\n<p style=\"text-align:left\"><span style=\"font-size:16px\"><span style=\"font-family:Merriweather,serif !important\"><span style=\"color:#000000\"><span style=\"background-color:#ffffff\">\u00c7ocukta, \u00f6fke, uyumsuzluk, i\u00e7e kapan\u0131kl\u0131k, inatla\u015fma, dikkat eksikli\u011fi gibi durumlar varsa ila\u00e7 tedavisi de ba\u015flanabilece\u011fini s\u00f6yleyen Beyo\u011flu,&nbsp; \u201cOtizme ba\u011fl\u0131 geli\u015fen di\u011fer sorunlar\u0131n tedavisini yapmak \u00f6zel e\u011fitimdeki verimlili\u011fi art\u0131rmak i\u00e7in \u00f6nemlidir\u201d dedi.<\/span><\/span><\/span><\/span><\/p>\n<p style=\"text-align:left\"><span style=\"font-size:16px\"><span style=\"font-family:Merriweather,serif !important\"><span style=\"color:#000000\"><span style=\"background-color:#ffffff\">3-6 ya\u015f aras\u0131ndaki \u00e7ocuklar\u0131n oyunla bir\u00e7ok \u015feyi \u00f6\u011frenebilece\u011fini de hat\u0131rlatan Beyo\u011flu, \u00f6zel e\u011fitimde otizmli \u00e7ocuklar\u0131n dikkat ve ileti\u015fim becerilerini geli\u015ftirmek i\u00e7in \u00e7al\u0131\u015f\u0131ld\u0131\u011f\u0131n\u0131, bireyselle\u015ftirilmi\u015f e\u011fitim programlar\u0131 kapsam\u0131nda \u00e7ocu\u011fun becerilerine odaklan\u0131ld\u0131\u011f\u0131n\u0131 s\u00f6yledi.<\/span><\/span><\/span><\/span><\/p>\n<p style=\"text-align:left\"><span style=\"font-size:16px\"><span style=\"font-family:Merriweather,serif !important\"><span style=\"color:#000000\"><span style=\"background-color:#ffffff\">-\u201cKamuda kesintisiz ve tam g\u00fcn \u00f6zel e\u011fitime ge\u00e7ilmesi gerek\u201d<\/span><\/span><\/span><\/span><\/p>\n<p style=\"text-align:left\"><span style=\"font-size:16px\"><span style=\"font-family:Merriweather,serif !important\"><span style=\"color:#000000\"><span style=\"background-color:#ffffff\">Ba\u015fta Lefko\u015fa olmak bir\u00e7ok yerde \u00f6zel e\u011fitim merkezleri a\u00e7\u0131ld\u0131\u011f\u0131n\u0131, buralarda \u00f6zel e\u011fitimin yan\u0131nda konu\u015fma terapisi, fizik tedavi ve ergoterapi alanlar\u0131nda da e\u011fitim verildi\u011fini belirten Beyo\u011flu, bu geli\u015fimi ve hizmet \u00e7e\u015fitlili\u011fini kamudaki \u00f6zel e\u011fitim merkezlerinde de g\u00f6rmek istediklerini s\u00f6yledi.<\/span><\/span><\/span><\/span><\/p>\n<p style=\"text-align:left\"><span style=\"font-size:16px\"><span style=\"font-family:Merriweather,serif !important\"><span style=\"color:#000000\"><span style=\"background-color:#ffffff\">Beyo\u011flu, kamudaki \u00f6zel e\u011fitim merkezlerinde yar\u0131y\u0131l ve yaz tatili uygulamas\u0131n\u0131 ele\u015ftirerek, kamuda da kesintisiz ve tam g\u00fcn \u00f6zel e\u011fitime ge\u00e7ilmesi gerekti\u011fini vurgulad\u0131.<\/span><\/span><\/span><\/span><\/p>\n<p style=\"text-align:left\"><span style=\"font-size:16px\"><span style=\"font-family:Merriweather,serif !important\"><span style=\"color:#000000\"><span style=\"background-color:#ffffff\">-\u201cEkran \u00e7ocuklar\u0131n becerilerini bozuyor\u201d<\/span><\/span><\/span><\/span><\/p>\n<p style=\"text-align:left\"><span style=\"font-size:16px\"><span style=\"font-family:Merriweather,serif !important\"><span style=\"color:#000000\"><span style=\"background-color:#ffffff\">Ekran\u0131n \u00e7ocuklar \u00fczerindeki etkisiyle ilgili soruyu da yan\u0131tlayan \u00c7ocuk ve Ergen Psikiyatristi Dr. Erdem Beyo\u011flu, ekranda ge\u00e7irilen zaman\u0131n \u00e7ocuklar\u0131n 0-6 ya\u015f aras\u0131nda kazanmas\u0131 gereken sosyal ve ileti\u015fim becerilerini bozdu\u011funu kaydetti.<\/span><\/span><\/span><\/span><\/p>\n<p style=\"text-align:left\"><span style=\"font-size:16px\"><span style=\"font-family:Merriweather,serif !important\"><span style=\"color:#000000\"><span style=\"background-color:#ffffff\">0-3 aras\u0131nda ekran\u0131 hi\u00e7 \u00f6nermediklerini ifade eden Beyo\u011flu,&nbsp; 3-6 ya\u015f aras\u0131nda ise 10-15 dakikal\u0131k bir ya da iki \u00e7izgi film izlenebilece\u011fini s\u00f6yledi.<\/span><\/span><\/span><\/span><\/p>\n<p>&nbsp;<\/p>\n","protected":false},"excerpt":{"rendered":"<p>2 Nisan\u2019da ba\u015flayan \u201cOtizm Fark\u0131ndal\u0131k Ay\u0131\u201d kapsam\u0131nda&nbsp;T\u00fcrk Ajans\u0131 K\u0131br\u0131s\u2019a (TAK) konu\u015fan Beyo\u011flu, son y\u0131llarda otizm tan\u0131s\u0131 alan \u00e7ocuk say\u0131s\u0131n\u0131n artt\u0131\u011f\u0131n\u0131, \u00f6zellikle pandemi d\u00f6neminde ekranda uzun s\u00fcre ge\u00e7iren \u00e7ocuklarda otizm belirtileri g\u00f6r\u00fcld\u00fc\u011f\u00fcn\u00fc kaydetti. Otizmle ilgili istatistiki veri bulunmad\u0131\u011f\u0131n\u0131 ancak \u00fclkede 400\u2019e yak\u0131n otizmli birey oldu\u011funun belirtildi\u011fini s\u00f6yleyen Beyo\u011flu, Amerikan Hastal\u0131k Kontrol ve \u00d6nleme Merkezleri (CDC) taraf\u0131ndan<\/p>\n","protected":false},"author":1,"featured_media":38260,"comment_status":"open","ping_status":"open","sticky":false,"template":"","format":"standard","meta":{"footnotes":""},"categories":[1],"tags":[],"class_list":["post-38259","post","type-post","status-publish","format-standard","has-post-thumbnail","hentry","category-gundem"],"yoast_head":"<!-- This site is optimized with the Yoast SEO plugin v27.5 - https:\/\/yoast.com\/product\/yoast-seo-wordpress\/ -->\n<title>\u201c\u00c7ocu\u011funda geli\u015fimsel farkl\u0131l\u0131k g\u00f6ren aileler doktora gitmeyi ertelemesin\u201d -<\/title>\n<meta name=\"robots\" content=\"index, follow, max-snippet:-1, max-image-preview:large, max-video-preview:-1\" \/>\n<link rel=\"canonical\" href=\"https:\/\/kibrisdakik.com\/?p=38259\" \/>\n<meta property=\"og:locale\" content=\"tr_TR\" \/>\n<meta property=\"og:type\" content=\"article\" \/>\n<meta property=\"og:title\" content=\"\u201c\u00c7ocu\u011funda geli\u015fimsel farkl\u0131l\u0131k g\u00f6ren aileler doktora gitmeyi ertelemesin\u201d -\" \/>\n<meta property=\"og:description\" content=\"2 Nisan\u2019da ba\u015flayan \u201cOtizm Fark\u0131ndal\u0131k Ay\u0131\u201d kapsam\u0131nda&nbsp;T\u00fcrk Ajans\u0131 K\u0131br\u0131s\u2019a (TAK) konu\u015fan Beyo\u011flu, son y\u0131llarda otizm tan\u0131s\u0131 alan \u00e7ocuk say\u0131s\u0131n\u0131n artt\u0131\u011f\u0131n\u0131, \u00f6zellikle pandemi d\u00f6neminde ekranda uzun s\u00fcre ge\u00e7iren \u00e7ocuklarda otizm belirtileri g\u00f6r\u00fcld\u00fc\u011f\u00fcn\u00fc kaydetti. Otizmle ilgili istatistiki veri bulunmad\u0131\u011f\u0131n\u0131 ancak \u00fclkede 400\u2019e yak\u0131n otizmli birey oldu\u011funun belirtildi\u011fini s\u00f6yleyen Beyo\u011flu, Amerikan Hastal\u0131k Kontrol ve \u00d6nleme Merkezleri (CDC) taraf\u0131ndan\" \/>\n<meta property=\"og:url\" content=\"https:\/\/kibrisdakik.com\/?p=38259\" \/>\n<meta property=\"article:published_time\" content=\"2024-04-14T07:07:00+00:00\" \/>\n<meta property=\"og:image\" content=\"https:\/\/kibrisdakik.com\/wp-content\/uploads\/2024\/04\/cocugunda-gelisimsel-farklilik-goren-aileler-doktora-gitmeyi-ertelemesin-1713078620.webp.webp\" \/>\n\t<meta property=\"og:image:width\" content=\"710\" \/>\n\t<meta property=\"og:image:height\" content=\"370\" \/>\n\t<meta property=\"og:image:type\" content=\"image\/webp\" \/>\n<meta name=\"author\" content=\"admin\" \/>\n<meta name=\"twitter:card\" content=\"summary_large_image\" \/>\n<meta name=\"twitter:label1\" content=\"Yazan:\" \/>\n\t<meta name=\"twitter:data1\" content=\"admin\" \/>\n\t<meta name=\"twitter:label2\" content=\"Tahmini okuma s\u00fcresi\" \/>\n\t<meta name=\"twitter:data2\" content=\"5 dakika\" \/>\n<script type=\"application\/ld+json\" class=\"yoast-schema-graph\">{\"@context\":\"https:\\\/\\\/schema.org\",\"@graph\":[{\"@type\":\"Article\",\"@id\":\"https:\\\/\\\/kibrisdakik.com\\\/?p=38259#article\",\"isPartOf\":{\"@id\":\"https:\\\/\\\/kibrisdakik.com\\\/?p=38259\"},\"author\":{\"name\":\"admin\",\"@id\":\"https:\\\/\\\/kibrisdakik.com\\\/#\\\/schema\\\/person\\\/9cd9d437bbb44f72b73ba127e06d8e79\"},\"headline\":\"\u201c\u00c7ocu\u011funda geli\u015fimsel farkl\u0131l\u0131k g\u00f6ren aileler doktora gitmeyi ertelemesin\u201d\",\"datePublished\":\"2024-04-14T07:07:00+00:00\",\"mainEntityOfPage\":{\"@id\":\"https:\\\/\\\/kibrisdakik.com\\\/?p=38259\"},\"wordCount\":991,\"commentCount\":0,\"image\":{\"@id\":\"https:\\\/\\\/kibrisdakik.com\\\/?p=38259#primaryimage\"},\"thumbnailUrl\":\"https:\\\/\\\/kibrisdakik.com\\\/wp-content\\\/uploads\\\/2024\\\/04\\\/cocugunda-gelisimsel-farklilik-goren-aileler-doktora-gitmeyi-ertelemesin-1713078620.webp.webp\",\"articleSection\":[\"G\u00fcndem\"],\"inLanguage\":\"tr\",\"potentialAction\":[{\"@type\":\"CommentAction\",\"name\":\"Comment\",\"target\":[\"https:\\\/\\\/kibrisdakik.com\\\/?p=38259#respond\"]}]},{\"@type\":\"WebPage\",\"@id\":\"https:\\\/\\\/kibrisdakik.com\\\/?p=38259\",\"url\":\"https:\\\/\\\/kibrisdakik.com\\\/?p=38259\",\"name\":\"\u201c\u00c7ocu\u011funda geli\u015fimsel farkl\u0131l\u0131k g\u00f6ren aileler doktora gitmeyi ertelemesin\u201d -\",\"isPartOf\":{\"@id\":\"https:\\\/\\\/kibrisdakik.com\\\/#website\"},\"primaryImageOfPage\":{\"@id\":\"https:\\\/\\\/kibrisdakik.com\\\/?p=38259#primaryimage\"},\"image\":{\"@id\":\"https:\\\/\\\/kibrisdakik.com\\\/?p=38259#primaryimage\"},\"thumbnailUrl\":\"https:\\\/\\\/kibrisdakik.com\\\/wp-content\\\/uploads\\\/2024\\\/04\\\/cocugunda-gelisimsel-farklilik-goren-aileler-doktora-gitmeyi-ertelemesin-1713078620.webp.webp\",\"datePublished\":\"2024-04-14T07:07:00+00:00\",\"author\":{\"@id\":\"https:\\\/\\\/kibrisdakik.com\\\/#\\\/schema\\\/person\\\/9cd9d437bbb44f72b73ba127e06d8e79\"},\"breadcrumb\":{\"@id\":\"https:\\\/\\\/kibrisdakik.com\\\/?p=38259#breadcrumb\"},\"inLanguage\":\"tr\",\"potentialAction\":[{\"@type\":\"ReadAction\",\"target\":[\"https:\\\/\\\/kibrisdakik.com\\\/?p=38259\"]}]},{\"@type\":\"ImageObject\",\"inLanguage\":\"tr\",\"@id\":\"https:\\\/\\\/kibrisdakik.com\\\/?p=38259#primaryimage\",\"url\":\"https:\\\/\\\/kibrisdakik.com\\\/wp-content\\\/uploads\\\/2024\\\/04\\\/cocugunda-gelisimsel-farklilik-goren-aileler-doktora-gitmeyi-ertelemesin-1713078620.webp.webp\",\"contentUrl\":\"https:\\\/\\\/kibrisdakik.com\\\/wp-content\\\/uploads\\\/2024\\\/04\\\/cocugunda-gelisimsel-farklilik-goren-aileler-doktora-gitmeyi-ertelemesin-1713078620.webp.webp\",\"width\":710,\"height\":370},{\"@type\":\"BreadcrumbList\",\"@id\":\"https:\\\/\\\/kibrisdakik.com\\\/?p=38259#breadcrumb\",\"itemListElement\":[{\"@type\":\"ListItem\",\"position\":1,\"name\":\"Home\",\"item\":\"https:\\\/\\\/kibrisdakik.com\\\/\"},{\"@type\":\"ListItem\",\"position\":2,\"name\":\"\u201c\u00c7ocu\u011funda geli\u015fimsel farkl\u0131l\u0131k g\u00f6ren aileler doktora gitmeyi ertelemesin\u201d\"}]},{\"@type\":\"WebSite\",\"@id\":\"https:\\\/\\\/kibrisdakik.com\\\/#website\",\"url\":\"https:\\\/\\\/kibrisdakik.com\\\/\",\"name\":\"\",\"description\":\"Tam vaktinde haber\",\"potentialAction\":[{\"@type\":\"SearchAction\",\"target\":{\"@type\":\"EntryPoint\",\"urlTemplate\":\"https:\\\/\\\/kibrisdakik.com\\\/?s={search_term_string}\"},\"query-input\":{\"@type\":\"PropertyValueSpecification\",\"valueRequired\":true,\"valueName\":\"search_term_string\"}}],\"inLanguage\":\"tr\"},{\"@type\":\"Person\",\"@id\":\"https:\\\/\\\/kibrisdakik.com\\\/#\\\/schema\\\/person\\\/9cd9d437bbb44f72b73ba127e06d8e79\",\"name\":\"admin\",\"image\":{\"@type\":\"ImageObject\",\"inLanguage\":\"tr\",\"@id\":\"https:\\\/\\\/secure.gravatar.com\\\/avatar\\\/ccc17943b9d660506c869530f897617f7cb1c21a4bf30023f252596d83e1f007?s=96&d=mm&r=g\",\"url\":\"https:\\\/\\\/secure.gravatar.com\\\/avatar\\\/ccc17943b9d660506c869530f897617f7cb1c21a4bf30023f252596d83e1f007?s=96&d=mm&r=g\",\"contentUrl\":\"https:\\\/\\\/secure.gravatar.com\\\/avatar\\\/ccc17943b9d660506c869530f897617f7cb1c21a4bf30023f252596d83e1f007?s=96&d=mm&r=g\",\"caption\":\"admin\"},\"sameAs\":[\"https:\\\/\\\/kibrisdakik.com\"],\"url\":\"https:\\\/\\\/kibrisdakik.com\\\/?author=1\"}]}<\/script>\n<!-- \/ Yoast SEO plugin. -->","yoast_head_json":{"title":"\u201c\u00c7ocu\u011funda geli\u015fimsel farkl\u0131l\u0131k g\u00f6ren aileler doktora gitmeyi ertelemesin\u201d -","robots":{"index":"index","follow":"follow","max-snippet":"max-snippet:-1","max-image-preview":"max-image-preview:large","max-video-preview":"max-video-preview:-1"},"canonical":"https:\/\/kibrisdakik.com\/?p=38259","og_locale":"tr_TR","og_type":"article","og_title":"\u201c\u00c7ocu\u011funda geli\u015fimsel farkl\u0131l\u0131k g\u00f6ren aileler doktora gitmeyi ertelemesin\u201d -","og_description":"2 Nisan\u2019da ba\u015flayan \u201cOtizm Fark\u0131ndal\u0131k Ay\u0131\u201d kapsam\u0131nda&nbsp;T\u00fcrk Ajans\u0131 K\u0131br\u0131s\u2019a (TAK) konu\u015fan Beyo\u011flu, son y\u0131llarda otizm tan\u0131s\u0131 alan \u00e7ocuk say\u0131s\u0131n\u0131n artt\u0131\u011f\u0131n\u0131, \u00f6zellikle pandemi d\u00f6neminde ekranda uzun s\u00fcre ge\u00e7iren \u00e7ocuklarda otizm belirtileri g\u00f6r\u00fcld\u00fc\u011f\u00fcn\u00fc kaydetti. Otizmle ilgili istatistiki veri bulunmad\u0131\u011f\u0131n\u0131 ancak \u00fclkede 400\u2019e yak\u0131n otizmli birey oldu\u011funun belirtildi\u011fini s\u00f6yleyen Beyo\u011flu, Amerikan Hastal\u0131k Kontrol ve \u00d6nleme Merkezleri (CDC) taraf\u0131ndan","og_url":"https:\/\/kibrisdakik.com\/?p=38259","article_published_time":"2024-04-14T07:07:00+00:00","og_image":[{"width":710,"height":370,"url":"https:\/\/kibrisdakik.com\/wp-content\/uploads\/2024\/04\/cocugunda-gelisimsel-farklilik-goren-aileler-doktora-gitmeyi-ertelemesin-1713078620.webp.webp","type":"image\/webp"}],"author":"admin","twitter_card":"summary_large_image","twitter_misc":{"Yazan:":"admin","Tahmini okuma s\u00fcresi":"5 dakika"},"schema":{"@context":"https:\/\/schema.org","@graph":[{"@type":"Article","@id":"https:\/\/kibrisdakik.com\/?p=38259#article","isPartOf":{"@id":"https:\/\/kibrisdakik.com\/?p=38259"},"author":{"name":"admin","@id":"https:\/\/kibrisdakik.com\/#\/schema\/person\/9cd9d437bbb44f72b73ba127e06d8e79"},"headline":"\u201c\u00c7ocu\u011funda geli\u015fimsel farkl\u0131l\u0131k g\u00f6ren aileler doktora gitmeyi ertelemesin\u201d","datePublished":"2024-04-14T07:07:00+00:00","mainEntityOfPage":{"@id":"https:\/\/kibrisdakik.com\/?p=38259"},"wordCount":991,"commentCount":0,"image":{"@id":"https:\/\/kibrisdakik.com\/?p=38259#primaryimage"},"thumbnailUrl":"https:\/\/kibrisdakik.com\/wp-content\/uploads\/2024\/04\/cocugunda-gelisimsel-farklilik-goren-aileler-doktora-gitmeyi-ertelemesin-1713078620.webp.webp","articleSection":["G\u00fcndem"],"inLanguage":"tr","potentialAction":[{"@type":"CommentAction","name":"Comment","target":["https:\/\/kibrisdakik.com\/?p=38259#respond"]}]},{"@type":"WebPage","@id":"https:\/\/kibrisdakik.com\/?p=38259","url":"https:\/\/kibrisdakik.com\/?p=38259","name":"\u201c\u00c7ocu\u011funda geli\u015fimsel farkl\u0131l\u0131k g\u00f6ren aileler doktora gitmeyi ertelemesin\u201d -","isPartOf":{"@id":"https:\/\/kibrisdakik.com\/#website"},"primaryImageOfPage":{"@id":"https:\/\/kibrisdakik.com\/?p=38259#primaryimage"},"image":{"@id":"https:\/\/kibrisdakik.com\/?p=38259#primaryimage"},"thumbnailUrl":"https:\/\/kibrisdakik.com\/wp-content\/uploads\/2024\/04\/cocugunda-gelisimsel-farklilik-goren-aileler-doktora-gitmeyi-ertelemesin-1713078620.webp.webp","datePublished":"2024-04-14T07:07:00+00:00","author":{"@id":"https:\/\/kibrisdakik.com\/#\/schema\/person\/9cd9d437bbb44f72b73ba127e06d8e79"},"breadcrumb":{"@id":"https:\/\/kibrisdakik.com\/?p=38259#breadcrumb"},"inLanguage":"tr","potentialAction":[{"@type":"ReadAction","target":["https:\/\/kibrisdakik.com\/?p=38259"]}]},{"@type":"ImageObject","inLanguage":"tr","@id":"https:\/\/kibrisdakik.com\/?p=38259#primaryimage","url":"https:\/\/kibrisdakik.com\/wp-content\/uploads\/2024\/04\/cocugunda-gelisimsel-farklilik-goren-aileler-doktora-gitmeyi-ertelemesin-1713078620.webp.webp","contentUrl":"https:\/\/kibrisdakik.com\/wp-content\/uploads\/2024\/04\/cocugunda-gelisimsel-farklilik-goren-aileler-doktora-gitmeyi-ertelemesin-1713078620.webp.webp","width":710,"height":370},{"@type":"BreadcrumbList","@id":"https:\/\/kibrisdakik.com\/?p=38259#breadcrumb","itemListElement":[{"@type":"ListItem","position":1,"name":"Home","item":"https:\/\/kibrisdakik.com\/"},{"@type":"ListItem","position":2,"name":"\u201c\u00c7ocu\u011funda geli\u015fimsel farkl\u0131l\u0131k g\u00f6ren aileler doktora gitmeyi ertelemesin\u201d"}]},{"@type":"WebSite","@id":"https:\/\/kibrisdakik.com\/#website","url":"https:\/\/kibrisdakik.com\/","name":"","description":"Tam vaktinde haber","potentialAction":[{"@type":"SearchAction","target":{"@type":"EntryPoint","urlTemplate":"https:\/\/kibrisdakik.com\/?s={search_term_string}"},"query-input":{"@type":"PropertyValueSpecification","valueRequired":true,"valueName":"search_term_string"}}],"inLanguage":"tr"},{"@type":"Person","@id":"https:\/\/kibrisdakik.com\/#\/schema\/person\/9cd9d437bbb44f72b73ba127e06d8e79","name":"admin","image":{"@type":"ImageObject","inLanguage":"tr","@id":"https:\/\/secure.gravatar.com\/avatar\/ccc17943b9d660506c869530f897617f7cb1c21a4bf30023f252596d83e1f007?s=96&d=mm&r=g","url":"https:\/\/secure.gravatar.com\/avatar\/ccc17943b9d660506c869530f897617f7cb1c21a4bf30023f252596d83e1f007?s=96&d=mm&r=g","contentUrl":"https:\/\/secure.gravatar.com\/avatar\/ccc17943b9d660506c869530f897617f7cb1c21a4bf30023f252596d83e1f007?s=96&d=mm&r=g","caption":"admin"},"sameAs":["https:\/\/kibrisdakik.com"],"url":"https:\/\/kibrisdakik.com\/?author=1"}]}},"_links":{"self":[{"href":"https:\/\/kibrisdakik.com\/index.php?rest_route=\/wp\/v2\/posts\/38259","targetHints":{"allow":["GET"]}}],"collection":[{"href":"https:\/\/kibrisdakik.com\/index.php?rest_route=\/wp\/v2\/posts"}],"about":[{"href":"https:\/\/kibrisdakik.com\/index.php?rest_route=\/wp\/v2\/types\/post"}],"author":[{"embeddable":true,"href":"https:\/\/kibrisdakik.com\/index.php?rest_route=\/wp\/v2\/users\/1"}],"replies":[{"embeddable":true,"href":"https:\/\/kibrisdakik.com\/index.php?rest_route=%2Fwp%2Fv2%2Fcomments&post=38259"}],"version-history":[{"count":0,"href":"https:\/\/kibrisdakik.com\/index.php?rest_route=\/wp\/v2\/posts\/38259\/revisions"}],"wp:featuredmedia":[{"embeddable":true,"href":"https:\/\/kibrisdakik.com\/index.php?rest_route=\/wp\/v2\/media\/38260"}],"wp:attachment":[{"href":"https:\/\/kibrisdakik.com\/index.php?rest_route=%2Fwp%2Fv2%2Fmedia&parent=38259"}],"wp:term":[{"taxonomy":"category","embeddable":true,"href":"https:\/\/kibrisdakik.com\/index.php?rest_route=%2Fwp%2Fv2%2Fcategories&post=38259"},{"taxonomy":"post_tag","embeddable":true,"href":"https:\/\/kibrisdakik.com\/index.php?rest_route=%2Fwp%2Fv2%2Ftags&post=38259"}],"curies":[{"name":"wp","href":"https:\/\/api.w.org\/{rel}","templated":true}]}}