{"id":38275,"date":"2024-04-14T12:38:51","date_gmt":"2024-04-14T12:38:51","guid":{"rendered":"https:\/\/kibrisdakik.com\/index.php\/2024\/04\/14\/toreazerbaycan-cali%e1%b9%a3ma-grubu-mayista-kktcye-gelecek\/"},"modified":"2024-04-14T12:38:51","modified_gmt":"2024-04-14T12:38:51","slug":"toreazerbaycan-cali%e1%b9%a3ma-grubu-mayista-kktcye-gelecek","status":"publish","type":"post","link":"https:\/\/kibrisdakik.com\/?p=38275","title":{"rendered":"T\u00f6re:Azerbaycan \u00c7al\u0131\u1e63ma Grubu, May\u0131s\u2019ta KKTC\u2019ye gelecek"},"content":{"rendered":"<p><\/p>\n<div>\n<div class=\"mariselle-image-container center\">\n                <img loading=\"lazy\" decoding=\"async\" width=\"2560\" height=\"1439\" class=\"lazy-image\" alt=\"\" sizes=\"auto, (max-width: 2560px) 100vw, 2560px\" src=\"https:\/\/brtk.net\/wp-content\/uploads\/2024\/04\/14\/InShot_20240414_151737984-scaled.jpg?ver=8e2329690ea777cbe8334ae25962d023\" srcset=\"https:\/\/brtk.net\/wp-content\/uploads\/2024\/04\/14\/InShot_20240414_151737984-scaled.jpg?ver=8e2329690ea777cbe8334ae25962d023 2560w, https:\/\/brtk.net\/wp-content\/uploads\/2024\/04\/14\/InShot_20240414_151737984-300x169.jpg?ver=effbce0921adb841b8fa8a3281e9c322 300w, https:\/\/brtk.net\/wp-content\/uploads\/2024\/04\/14\/InShot_20240414_151737984-1024x576.jpg?ver=effbce0921adb841b8fa8a3281e9c322 1024w, https:\/\/brtk.net\/wp-content\/uploads\/2024\/04\/14\/InShot_20240414_151737984-768x432.jpg?ver=a4a83a412694996fa6e24a4a28cf230e 768w, https:\/\/brtk.net\/wp-content\/uploads\/2024\/04\/14\/InShot_20240414_151737984-1536x863.jpg?ver=33b208ecc4253b0798a880490d8f522a 1536w, https:\/\/brtk.net\/wp-content\/uploads\/2024\/04\/14\/InShot_20240414_151737984-2048x1151.jpg?ver=6f17a25a36e22d1098bbe01c2b2708a1 2048w\"\/>                            <\/div>\n<p>Cumhuriyet Meclisi Ba\u015fkan\u0131 Zorlu T\u00f6re, Azerbaycan-<a href=\"https:\/\/brtk.net\/\"\/><a href=\"https:\/\/brtk.net\/\"\/><a href=\"https:\/\/brtk.net\/\">KKTC<\/a> Parlamentolar Aras\u0131 \u0130li\u015fkiler \u00c7al\u0131\u015fma Grubu\u2019nun May\u0131s ay\u0131 i\u00e7erisinde <a href=\"https:\/\/brtk.net\/\"\/><a href=\"https:\/\/brtk.net\/\"\/><a href=\"https:\/\/brtk.net\/\">KKTC<\/a>\u2019ne ziyaret ger\u00e7ekle\u015ftirece\u011fini a\u00e7\u0131klad\u0131.<\/p>\n<p>T\u00f6re, Mormenek\u015fe 2.K\u00fclt\u00fcr Sanat ve \u00dcretici Festivali\u2019nin a\u00e7\u0131l\u0131\u015f\u0131na kat\u0131larak bir konu\u015fma ger\u00e7ekle\u015ftirdi.<\/p>\n<p>B\u00fct\u00fcn festivallere kat\u0131lmaya \u00e7al\u0131\u015ft\u0131\u011f\u0131n\u0131 ifade eden T\u00f6re, \u00fcretene de t\u00fcketiciye de b\u00fcy\u00fck sayg\u0131 duyduklar\u0131n\u0131 belirtti.<\/p>\n<p>\u00dcretilenleri iyi de\u011ferlendirip onlara pazarlar olu\u015fturman\u0131n devleti y\u00f6netenlerin g\u00f6revi oldu\u011funa i\u015faret eden T\u00f6re, son zamanlarda kad\u0131nlar\u0131n kurmu\u015f oldu\u011fu kooperatiflerin ne kadar ba\u015far\u0131l\u0131 oldu\u011funun g\u00f6r\u00fcld\u00fc\u011f\u00fcn\u00fc s\u00f6yledi.<\/p>\n<p>G\u00fcney K\u0131br\u0131s\u2019\u0131n \u0130srail\u2019e yapt\u0131\u011f\u0131 askeri tatbikata de\u011finen T\u00f6re\u201cRumlar ate\u015fle oynamay\u0131 kendilerine vazife edindiler\u201d dedi.<\/p>\n<p>Rum Y\u00f6netimi Meclis Ba\u015fkan\u0131\u2019n\u0131n Azerbaycan\u2019a protesto mektubu g\u00f6ndermesini ele\u015ftiren Ba\u015fkan T\u00f6re,  t\u00fcm engelleme giri\u015fimlerine ra\u011fmen  Azerbaycan-<a href=\"https:\/\/brtk.net\/\"\/><a href=\"https:\/\/brtk.net\/\"\/><a href=\"https:\/\/brtk.net\/\">KKTC<\/a> Parlamentolar Aras\u0131 \u0130li\u015fkiler \u00c7al\u0131\u015fma Grubu ve TBMM Dsotluk Grubunun May\u0131s ay\u0131nda <a href=\"https:\/\/brtk.net\/\"\/><a href=\"https:\/\/brtk.net\/\"\/><a href=\"https:\/\/brtk.net\/\">KKTC<\/a>\u2019ne gelece\u011fini ifade etti.<\/p>\n<p>Gazze\u2019de 40 bin ki\u015finin hayat\u0131n\u0131 kaybetti\u011fini an\u0131msatan T\u00f6re, baz\u0131 \u00e7evrelerin \u0130srail\u2019i masum g\u00f6stermek i\u00e7in s\u0131raya girdi\u011fini kaydetti.<\/p>\n<p>D\u00fcnyan\u0131n hi\u00e7bir yerinde sava\u015f istemediklerini vurgulayan T\u00f6re, dostluklar\u0131n ve bar\u0131\u015f\u0131n hakim olmas\u0131n\u0131 istediklerine de\u011findi.<\/p>\n<p>Avrupa de\u011ferleri ve BM \u0130nsan Haklar\u0131 Bildirgelerinin hi\u00e7 bir anlam\u0131 kalmad\u0131\u011f\u0131n\u0131 s\u00f6yleyen T\u00f6re, \u00fcslerin de kullan\u0131ld\u0131\u011f\u0131 iddialar\u0131 oldu\u011funa i\u015faret etti ve \u201cDo\u011fu Akdeniz\u2019i adeta bir sava\u015f b\u00f6lgesi haline getirdiler. Biz  Mavi Vatana, Anavatan\u2019a ve Azerbaycan\u2019a da sahip \u00e7\u0131k\u0131p yolumuza devam edece\u011fiz\u201d dedi.<\/p>\n<\/p><\/div>\n<p><script async\n                    defer\n                    crossorigin=\"anonymous\"\n                    src=\"https:\/\/connect.facebook.net\/tr_TR\/sdk.js#xfbml=1&#038;version=v3.3\"\n            ><\/script><\/p>\n","protected":false},"excerpt":{"rendered":"<p>Cumhuriyet Meclisi Ba\u015fkan\u0131 Zorlu T\u00f6re, Azerbaycan-KKTC Parlamentolar Aras\u0131 \u0130li\u015fkiler \u00c7al\u0131\u015fma Grubu\u2019nun May\u0131s ay\u0131 i\u00e7erisinde KKTC\u2019ne ziyaret ger\u00e7ekle\u015ftirece\u011fini a\u00e7\u0131klad\u0131. T\u00f6re, Mormenek\u015fe 2.K\u00fclt\u00fcr Sanat ve \u00dcretici Festivali\u2019nin a\u00e7\u0131l\u0131\u015f\u0131na kat\u0131larak bir konu\u015fma ger\u00e7ekle\u015ftirdi. B\u00fct\u00fcn festivallere kat\u0131lmaya \u00e7al\u0131\u015ft\u0131\u011f\u0131n\u0131 ifade eden T\u00f6re, \u00fcretene de t\u00fcketiciye de b\u00fcy\u00fck sayg\u0131 duyduklar\u0131n\u0131 belirtti. \u00dcretilenleri iyi de\u011ferlendirip onlara pazarlar olu\u015fturman\u0131n devleti y\u00f6netenlerin g\u00f6revi oldu\u011funa<\/p>\n","protected":false},"author":1,"featured_media":38276,"comment_status":"open","ping_status":"open","sticky":false,"template":"","format":"standard","meta":{"footnotes":""},"categories":[1],"tags":[],"class_list":["post-38275","post","type-post","status-publish","format-standard","has-post-thumbnail","hentry","category-gundem"],"yoast_head":"<!-- This site is optimized with the Yoast SEO plugin v28.3 - https:\/\/yoast.com\/product\/yoast-seo-wordpress\/ -->\n<title>T\u00f6re:Azerbaycan \u00c7al\u0131\u1e63ma Grubu, May\u0131s\u2019ta KKTC\u2019ye gelecek -<\/title>\n<meta name=\"robots\" content=\"index, follow, max-snippet:-1, max-image-preview:large, max-video-preview:-1\" \/>\n<link rel=\"canonical\" href=\"https:\/\/kibrisdakik.com\/?p=38275\" \/>\n<meta property=\"og:locale\" content=\"tr_TR\" \/>\n<meta property=\"og:type\" content=\"article\" \/>\n<meta property=\"og:title\" content=\"T\u00f6re:Azerbaycan \u00c7al\u0131\u1e63ma Grubu, May\u0131s\u2019ta KKTC\u2019ye gelecek -\" \/>\n<meta property=\"og:description\" content=\"Cumhuriyet Meclisi Ba\u015fkan\u0131 Zorlu T\u00f6re, Azerbaycan-KKTC Parlamentolar Aras\u0131 \u0130li\u015fkiler \u00c7al\u0131\u015fma Grubu\u2019nun May\u0131s ay\u0131 i\u00e7erisinde KKTC\u2019ne ziyaret ger\u00e7ekle\u015ftirece\u011fini a\u00e7\u0131klad\u0131. T\u00f6re, Mormenek\u015fe 2.K\u00fclt\u00fcr Sanat ve \u00dcretici Festivali\u2019nin a\u00e7\u0131l\u0131\u015f\u0131na kat\u0131larak bir konu\u015fma ger\u00e7ekle\u015ftirdi. B\u00fct\u00fcn festivallere kat\u0131lmaya \u00e7al\u0131\u015ft\u0131\u011f\u0131n\u0131 ifade eden T\u00f6re, \u00fcretene de t\u00fcketiciye de b\u00fcy\u00fck sayg\u0131 duyduklar\u0131n\u0131 belirtti. \u00dcretilenleri iyi de\u011ferlendirip onlara pazarlar olu\u015fturman\u0131n devleti y\u00f6netenlerin g\u00f6revi oldu\u011funa\" \/>\n<meta property=\"og:url\" content=\"https:\/\/kibrisdakik.com\/?p=38275\" \/>\n<meta property=\"article:published_time\" content=\"2024-04-14T12:38:51+00:00\" \/>\n<meta property=\"og:image\" content=\"https:\/\/kibrisdakik.com\/wp-content\/uploads\/2024\/04\/InShot_20240414_151737984-scaled-740x420.jpg\" \/>\n\t<meta property=\"og:image:width\" content=\"2560\" \/>\n\t<meta property=\"og:image:height\" content=\"1439\" \/>\n\t<meta property=\"og:image:type\" content=\"image\/jpeg\" \/>\n<meta name=\"author\" content=\"admin\" \/>\n<meta name=\"twitter:card\" content=\"summary_large_image\" \/>\n<meta name=\"twitter:label1\" content=\"Yazan:\" \/>\n\t<meta name=\"twitter:data1\" content=\"admin\" \/>\n\t<meta name=\"twitter:label2\" content=\"Tahmini okuma s\u00fcresi\" \/>\n\t<meta name=\"twitter:data2\" content=\"1 dakika\" \/>\n<script type=\"application\/ld+json\" class=\"yoast-schema-graph\">{\"@context\":\"https:\\\/\\\/schema.org\",\"@graph\":[{\"@type\":\"Article\",\"@id\":\"https:\\\/\\\/kibrisdakik.com\\\/?p=38275#article\",\"isPartOf\":{\"@id\":\"https:\\\/\\\/kibrisdakik.com\\\/?p=38275\"},\"author\":{\"name\":\"admin\",\"@id\":\"https:\\\/\\\/kibrisdakik.com\\\/#\\\/schema\\\/person\\\/9cd9d437bbb44f72b73ba127e06d8e79\"},\"headline\":\"T\u00f6re:Azerbaycan \u00c7al\u0131\u1e63ma Grubu, May\u0131s\u2019ta KKTC\u2019ye gelecek\",\"datePublished\":\"2024-04-14T12:38:51+00:00\",\"mainEntityOfPage\":{\"@id\":\"https:\\\/\\\/kibrisdakik.com\\\/?p=38275\"},\"wordCount\":312,\"commentCount\":0,\"publisher\":{\"@id\":\"https:\\\/\\\/kibrisdakik.com\\\/#organization\"},\"image\":{\"@id\":\"https:\\\/\\\/kibrisdakik.com\\\/?p=38275#primaryimage\"},\"thumbnailUrl\":\"https:\\\/\\\/kibrisdakik.com\\\/wp-content\\\/uploads\\\/2024\\\/04\\\/InShot_20240414_151737984-scaled-740x420.jpg\",\"articleSection\":[\"G\u00fcndem\"],\"inLanguage\":\"tr\",\"potentialAction\":[{\"@type\":\"CommentAction\",\"name\":\"Comment\",\"target\":[\"https:\\\/\\\/kibrisdakik.com\\\/?p=38275#respond\"]}]},{\"@type\":\"WebPage\",\"@id\":\"https:\\\/\\\/kibrisdakik.com\\\/?p=38275\",\"url\":\"https:\\\/\\\/kibrisdakik.com\\\/?p=38275\",\"name\":\"T\u00f6re:Azerbaycan \u00c7al\u0131\u1e63ma Grubu, May\u0131s\u2019ta KKTC\u2019ye gelecek -\",\"isPartOf\":{\"@id\":\"https:\\\/\\\/kibrisdakik.com\\\/#website\"},\"primaryImageOfPage\":{\"@id\":\"https:\\\/\\\/kibrisdakik.com\\\/?p=38275#primaryimage\"},\"image\":{\"@id\":\"https:\\\/\\\/kibrisdakik.com\\\/?p=38275#primaryimage\"},\"thumbnailUrl\":\"https:\\\/\\\/kibrisdakik.com\\\/wp-content\\\/uploads\\\/2024\\\/04\\\/InShot_20240414_151737984-scaled-740x420.jpg\",\"datePublished\":\"2024-04-14T12:38:51+00:00\",\"breadcrumb\":{\"@id\":\"https:\\\/\\\/kibrisdakik.com\\\/?p=38275#breadcrumb\"},\"inLanguage\":\"tr\",\"potentialAction\":[{\"@type\":\"ReadAction\",\"target\":[\"https:\\\/\\\/kibrisdakik.com\\\/?p=38275\"]}]},{\"@type\":\"ImageObject\",\"inLanguage\":\"tr\",\"@id\":\"https:\\\/\\\/kibrisdakik.com\\\/?p=38275#primaryimage\",\"url\":\"https:\\\/\\\/kibrisdakik.com\\\/wp-content\\\/uploads\\\/2024\\\/04\\\/InShot_20240414_151737984-scaled-740x420.jpg\",\"contentUrl\":\"https:\\\/\\\/kibrisdakik.com\\\/wp-content\\\/uploads\\\/2024\\\/04\\\/InShot_20240414_151737984-scaled-740x420.jpg\",\"width\":2560,\"height\":1439},{\"@type\":\"BreadcrumbList\",\"@id\":\"https:\\\/\\\/kibrisdakik.com\\\/?p=38275#breadcrumb\",\"itemListElement\":[{\"@type\":\"ListItem\",\"position\":1,\"name\":\"Home\",\"item\":\"https:\\\/\\\/kibrisdakik.com\\\/\"},{\"@type\":\"ListItem\",\"position\":2,\"name\":\"T\u00f6re:Azerbaycan \u00c7al\u0131\u1e63ma Grubu, May\u0131s\u2019ta KKTC\u2019ye gelecek\"}]},{\"@type\":\"WebSite\",\"@id\":\"https:\\\/\\\/kibrisdakik.com\\\/#website\",\"url\":\"https:\\\/\\\/kibrisdakik.com\\\/\",\"name\":\"K\u0131br\u0131s Dakik\",\"description\":\"Tam vaktinde haber\",\"publisher\":{\"@id\":\"https:\\\/\\\/kibrisdakik.com\\\/#organization\"},\"potentialAction\":[{\"@type\":\"SearchAction\",\"target\":{\"@type\":\"EntryPoint\",\"urlTemplate\":\"https:\\\/\\\/kibrisdakik.com\\\/?s={search_term_string}\"},\"query-input\":{\"@type\":\"PropertyValueSpecification\",\"valueRequired\":true,\"valueName\":\"search_term_string\"}}],\"inLanguage\":\"tr\"},{\"@type\":\"Organization\",\"@id\":\"https:\\\/\\\/kibrisdakik.com\\\/#organization\",\"name\":\"K\u0131br\u0131s Dakik\",\"url\":\"https:\\\/\\\/kibrisdakik.com\\\/\",\"logo\":{\"@type\":\"ImageObject\",\"inLanguage\":\"tr\",\"@id\":\"https:\\\/\\\/kibrisdakik.com\\\/#\\\/schema\\\/logo\\\/image\\\/\",\"url\":\"https:\\\/\\\/kibrisdakik.com\\\/wp-content\\\/uploads\\\/2025\\\/10\\\/cropped-WhatsApp-Image-2025-10-02-at-12.58.31.jpeg\",\"contentUrl\":\"https:\\\/\\\/kibrisdakik.com\\\/wp-content\\\/uploads\\\/2025\\\/10\\\/cropped-WhatsApp-Image-2025-10-02-at-12.58.31.jpeg\",\"width\":1237,\"height\":190,\"caption\":\"K\u0131br\u0131s Dakik\"},\"image\":{\"@id\":\"https:\\\/\\\/kibrisdakik.com\\\/#\\\/schema\\\/logo\\\/image\\\/\"}},{\"@type\":\"Person\",\"@id\":\"https:\\\/\\\/kibrisdakik.com\\\/#\\\/schema\\\/person\\\/9cd9d437bbb44f72b73ba127e06d8e79\",\"name\":\"admin\",\"image\":{\"@type\":\"ImageObject\",\"inLanguage\":\"tr\",\"@id\":\"https:\\\/\\\/secure.gravatar.com\\\/avatar\\\/ccc17943b9d660506c869530f897617f7cb1c21a4bf30023f252596d83e1f007?s=96&d=mm&r=g\",\"url\":\"https:\\\/\\\/secure.gravatar.com\\\/avatar\\\/ccc17943b9d660506c869530f897617f7cb1c21a4bf30023f252596d83e1f007?s=96&d=mm&r=g\",\"contentUrl\":\"https:\\\/\\\/secure.gravatar.com\\\/avatar\\\/ccc17943b9d660506c869530f897617f7cb1c21a4bf30023f252596d83e1f007?s=96&d=mm&r=g\",\"caption\":\"admin\"},\"sameAs\":[\"https:\\\/\\\/kibrisdakik.com\"],\"url\":\"https:\\\/\\\/kibrisdakik.com\\\/?author=1\"}]}<\/script>\n<!-- \/ Yoast SEO plugin. -->","yoast_head_json":{"title":"T\u00f6re:Azerbaycan \u00c7al\u0131\u1e63ma Grubu, May\u0131s\u2019ta KKTC\u2019ye gelecek -","robots":{"index":"index","follow":"follow","max-snippet":"max-snippet:-1","max-image-preview":"max-image-preview:large","max-video-preview":"max-video-preview:-1"},"canonical":"https:\/\/kibrisdakik.com\/?p=38275","og_locale":"tr_TR","og_type":"article","og_title":"T\u00f6re:Azerbaycan \u00c7al\u0131\u1e63ma Grubu, May\u0131s\u2019ta KKTC\u2019ye gelecek -","og_description":"Cumhuriyet Meclisi Ba\u015fkan\u0131 Zorlu T\u00f6re, Azerbaycan-KKTC Parlamentolar Aras\u0131 \u0130li\u015fkiler \u00c7al\u0131\u015fma Grubu\u2019nun May\u0131s ay\u0131 i\u00e7erisinde KKTC\u2019ne ziyaret ger\u00e7ekle\u015ftirece\u011fini a\u00e7\u0131klad\u0131. T\u00f6re, Mormenek\u015fe 2.K\u00fclt\u00fcr Sanat ve \u00dcretici Festivali\u2019nin a\u00e7\u0131l\u0131\u015f\u0131na kat\u0131larak bir konu\u015fma ger\u00e7ekle\u015ftirdi. B\u00fct\u00fcn festivallere kat\u0131lmaya \u00e7al\u0131\u015ft\u0131\u011f\u0131n\u0131 ifade eden T\u00f6re, \u00fcretene de t\u00fcketiciye de b\u00fcy\u00fck sayg\u0131 duyduklar\u0131n\u0131 belirtti. \u00dcretilenleri iyi de\u011ferlendirip onlara pazarlar olu\u015fturman\u0131n devleti y\u00f6netenlerin g\u00f6revi oldu\u011funa","og_url":"https:\/\/kibrisdakik.com\/?p=38275","article_published_time":"2024-04-14T12:38:51+00:00","og_image":[{"width":2560,"height":1439,"url":"https:\/\/kibrisdakik.com\/wp-content\/uploads\/2024\/04\/InShot_20240414_151737984-scaled-740x420.jpg","type":"image\/jpeg"}],"author":"admin","twitter_card":"summary_large_image","twitter_misc":{"Yazan:":"admin","Tahmini okuma s\u00fcresi":"1 dakika"},"schema":{"@context":"https:\/\/schema.org","@graph":[{"@type":"Article","@id":"https:\/\/kibrisdakik.com\/?p=38275#article","isPartOf":{"@id":"https:\/\/kibrisdakik.com\/?p=38275"},"author":{"name":"admin","@id":"https:\/\/kibrisdakik.com\/#\/schema\/person\/9cd9d437bbb44f72b73ba127e06d8e79"},"headline":"T\u00f6re:Azerbaycan \u00c7al\u0131\u1e63ma Grubu, May\u0131s\u2019ta KKTC\u2019ye gelecek","datePublished":"2024-04-14T12:38:51+00:00","mainEntityOfPage":{"@id":"https:\/\/kibrisdakik.com\/?p=38275"},"wordCount":312,"commentCount":0,"publisher":{"@id":"https:\/\/kibrisdakik.com\/#organization"},"image":{"@id":"https:\/\/kibrisdakik.com\/?p=38275#primaryimage"},"thumbnailUrl":"https:\/\/kibrisdakik.com\/wp-content\/uploads\/2024\/04\/InShot_20240414_151737984-scaled-740x420.jpg","articleSection":["G\u00fcndem"],"inLanguage":"tr","potentialAction":[{"@type":"CommentAction","name":"Comment","target":["https:\/\/kibrisdakik.com\/?p=38275#respond"]}]},{"@type":"WebPage","@id":"https:\/\/kibrisdakik.com\/?p=38275","url":"https:\/\/kibrisdakik.com\/?p=38275","name":"T\u00f6re:Azerbaycan \u00c7al\u0131\u1e63ma Grubu, May\u0131s\u2019ta KKTC\u2019ye gelecek -","isPartOf":{"@id":"https:\/\/kibrisdakik.com\/#website"},"primaryImageOfPage":{"@id":"https:\/\/kibrisdakik.com\/?p=38275#primaryimage"},"image":{"@id":"https:\/\/kibrisdakik.com\/?p=38275#primaryimage"},"thumbnailUrl":"https:\/\/kibrisdakik.com\/wp-content\/uploads\/2024\/04\/InShot_20240414_151737984-scaled-740x420.jpg","datePublished":"2024-04-14T12:38:51+00:00","breadcrumb":{"@id":"https:\/\/kibrisdakik.com\/?p=38275#breadcrumb"},"inLanguage":"tr","potentialAction":[{"@type":"ReadAction","target":["https:\/\/kibrisdakik.com\/?p=38275"]}]},{"@type":"ImageObject","inLanguage":"tr","@id":"https:\/\/kibrisdakik.com\/?p=38275#primaryimage","url":"https:\/\/kibrisdakik.com\/wp-content\/uploads\/2024\/04\/InShot_20240414_151737984-scaled-740x420.jpg","contentUrl":"https:\/\/kibrisdakik.com\/wp-content\/uploads\/2024\/04\/InShot_20240414_151737984-scaled-740x420.jpg","width":2560,"height":1439},{"@type":"BreadcrumbList","@id":"https:\/\/kibrisdakik.com\/?p=38275#breadcrumb","itemListElement":[{"@type":"ListItem","position":1,"name":"Home","item":"https:\/\/kibrisdakik.com\/"},{"@type":"ListItem","position":2,"name":"T\u00f6re:Azerbaycan \u00c7al\u0131\u1e63ma Grubu, May\u0131s\u2019ta KKTC\u2019ye gelecek"}]},{"@type":"WebSite","@id":"https:\/\/kibrisdakik.com\/#website","url":"https:\/\/kibrisdakik.com\/","name":"K\u0131br\u0131s Dakik","description":"Tam vaktinde haber","publisher":{"@id":"https:\/\/kibrisdakik.com\/#organization"},"potentialAction":[{"@type":"SearchAction","target":{"@type":"EntryPoint","urlTemplate":"https:\/\/kibrisdakik.com\/?s={search_term_string}"},"query-input":{"@type":"PropertyValueSpecification","valueRequired":true,"valueName":"search_term_string"}}],"inLanguage":"tr"},{"@type":"Organization","@id":"https:\/\/kibrisdakik.com\/#organization","name":"K\u0131br\u0131s Dakik","url":"https:\/\/kibrisdakik.com\/","logo":{"@type":"ImageObject","inLanguage":"tr","@id":"https:\/\/kibrisdakik.com\/#\/schema\/logo\/image\/","url":"https:\/\/kibrisdakik.com\/wp-content\/uploads\/2025\/10\/cropped-WhatsApp-Image-2025-10-02-at-12.58.31.jpeg","contentUrl":"https:\/\/kibrisdakik.com\/wp-content\/uploads\/2025\/10\/cropped-WhatsApp-Image-2025-10-02-at-12.58.31.jpeg","width":1237,"height":190,"caption":"K\u0131br\u0131s Dakik"},"image":{"@id":"https:\/\/kibrisdakik.com\/#\/schema\/logo\/image\/"}},{"@type":"Person","@id":"https:\/\/kibrisdakik.com\/#\/schema\/person\/9cd9d437bbb44f72b73ba127e06d8e79","name":"admin","image":{"@type":"ImageObject","inLanguage":"tr","@id":"https:\/\/secure.gravatar.com\/avatar\/ccc17943b9d660506c869530f897617f7cb1c21a4bf30023f252596d83e1f007?s=96&d=mm&r=g","url":"https:\/\/secure.gravatar.com\/avatar\/ccc17943b9d660506c869530f897617f7cb1c21a4bf30023f252596d83e1f007?s=96&d=mm&r=g","contentUrl":"https:\/\/secure.gravatar.com\/avatar\/ccc17943b9d660506c869530f897617f7cb1c21a4bf30023f252596d83e1f007?s=96&d=mm&r=g","caption":"admin"},"sameAs":["https:\/\/kibrisdakik.com"],"url":"https:\/\/kibrisdakik.com\/?author=1"}]}},"_links":{"self":[{"href":"https:\/\/kibrisdakik.com\/index.php?rest_route=\/wp\/v2\/posts\/38275","targetHints":{"allow":["GET"]}}],"collection":[{"href":"https:\/\/kibrisdakik.com\/index.php?rest_route=\/wp\/v2\/posts"}],"about":[{"href":"https:\/\/kibrisdakik.com\/index.php?rest_route=\/wp\/v2\/types\/post"}],"author":[{"embeddable":true,"href":"https:\/\/kibrisdakik.com\/index.php?rest_route=\/wp\/v2\/users\/1"}],"replies":[{"embeddable":true,"href":"https:\/\/kibrisdakik.com\/index.php?rest_route=%2Fwp%2Fv2%2Fcomments&post=38275"}],"version-history":[{"count":0,"href":"https:\/\/kibrisdakik.com\/index.php?rest_route=\/wp\/v2\/posts\/38275\/revisions"}],"wp:featuredmedia":[{"embeddable":true,"href":"https:\/\/kibrisdakik.com\/index.php?rest_route=\/wp\/v2\/media\/38276"}],"wp:attachment":[{"href":"https:\/\/kibrisdakik.com\/index.php?rest_route=%2Fwp%2Fv2%2Fmedia&parent=38275"}],"wp:term":[{"taxonomy":"category","embeddable":true,"href":"https:\/\/kibrisdakik.com\/index.php?rest_route=%2Fwp%2Fv2%2Fcategories&post=38275"},{"taxonomy":"post_tag","embeddable":true,"href":"https:\/\/kibrisdakik.com\/index.php?rest_route=%2Fwp%2Fv2%2Ftags&post=38275"}],"curies":[{"name":"wp","href":"https:\/\/api.w.org\/{rel}","templated":true}]}}